{"id":1285321,"date":"2021-01-25T09:51:32","date_gmt":"2021-01-25T09:51:32","guid":{"rendered":"https:\/\/www.pressenza.com\/?p=1285321"},"modified":"2021-01-25T09:53:35","modified_gmt":"2021-01-25T09:53:35","slug":"cinque-anni-fa-la-scomparsa-di-giulio-regeni-oggi-alle-19-41-coloriamo-i-social-di-giallo","status":"publish","type":"post","link":"https:\/\/www.pressenza.com\/it\/2021\/01\/cinque-anni-fa-la-scomparsa-di-giulio-regeni-oggi-alle-19-41-coloriamo-i-social-di-giallo\/","title":{"rendered":"Cinque anni fa la scomparsa di Giulio Regeni. Oggi alle 19.41 coloriamo i social di giallo"},"content":{"rendered":"<p>Era uscito dalla casa dove abitava in via Yambo, al Cairo, e si incamminava verso la metropolitana. Giulio Regeni, 28enne friulano, di Fiumicello. Una laurea in materie umanistiche e poi il dottorato a Cambridge che lo aveva portato in Egitto per svolgere una ricerca sui sindacati indipendenti e una tesi sull\u2019economia locale.<\/p>\n<p>Polizia ed esercito quel 25 gennaio di cinque anni fa presidiavano le strade. Era il quinto anniversario della rivolta di Piazza Tahir che aveva condotto nelle piazze migliaia di persone contro il presidente egiziano Mubarak. Giulio \u00e8 alla metro di El Behoos. Invia un messaggio dalla chat di Facebook alla sua fidanzata. Sono le 19.41. E qui si perdono le sue tracce.<\/p>\n<p>Il 3 febbraio, dopo nove giorni il suo corpo viene ritrovato ai bordi dell\u2019autostrada Cairo-Alessandria. Ci sono evidenti segni di tortura. Chi \u00e8 stato? E perch\u00e9? La risposta egiziana a queste domande sono i depistaggi, i primi di una lunga serie. Giulio era omosessuale, era il membro di un gruppo sadomasochista, era una spia. E\u2019 morto in un incidente stradale, \u00e8 stato assassinato da una banda criminale. Forse \u00e8 morto di sonno. Ma i segni di tortura restano. E quelli non si possono nascondere, n\u00e9 cancellare.<\/p>\n<p>Ciononostante passano i giorni, i mesi, gli anni e dall\u2019Egitto solo reticenze, mancate risposte, quando va bene timide ammissioni. Ma la Procura di Roma non arretra e dopo quasi cinque anni firma un atto di accusa in 94 pagine. E\u2019 indirizzato a quattro ufficiali della National security agency egiziana. Per il procuratore capo Michele Prestipino e il sostituto Sergio Colaiocco sono loro gli uomini responsabili del sequestro, delle torture e dell\u2019omicidio di Giulio la cui vita \u00e8 stata spezzata al numero 13 di un villino nel centro del Cairo. In una stanza dell\u2019orrore dove vengono condotti i cittadini stranieri sospettati di \u201cattivit\u00e0 sovversive\u201d.<\/p>\n<p>Cinque anni di indagini ma anche di mobilitazioni. Segnate di giallo, il colore della campagna \u201cVerit\u00e0 per Giulio Regeni\u201d. Oggi Giulio sar\u00e0 ricordato nel Comune dove \u00e8 nato e cresciuto, e dove risiede la famiglia, Fiumicello Villa Vicentina. Al mattino saranno inaugurate delle Panchine gialle, nel parco scolastico Giulio Regeni. Alle 17.30, un evento online, \u2018Pensieri e parole\u2019, che si potr\u00e0 seguire dal sito del quotidiano \u2018La Repubblica\u2019 e sulle pagine Facebook \u2018Giulio siamo noi\u2019 e \u2018Verit\u00e0 per Giulio Regeni\u2019. Infine, alle 19.41 \u2013 l\u2019ora in cui si sono perse le sue tracce di Giulio, al Cairo \u2013 l\u2019iniziativa virale sui social, \u2018Coloriamo i social di giallo\u2019. Ognuno potr\u00e0 pubblicare una foto, un cartello, un disegno giallo dedicato a Giulio.<\/p>\n<p>La mobilitazione di associazioni e singoli individui per Giulio \u00e8 iniziata subito dopo il ritrovamento del suo corpo. Pi\u00f9 forte ancora dopo le menzogne e i depistaggi sulla sua morte.<\/p>\n<p>\u201cLa verit\u00e0 non la vogliono\u201d tuonava Luciana Alpi a proposito della morte della figlia Ilaria. Ma lei non ha mai smesso di combattere per ottenerla. Cos\u00ec come Paola e Claudio, genitori di Giulio. Risoluti e determinati bench\u00e9 indignati, dalle mancate risposte dell\u2019Egitto e da quelle italiane. Della politica, delle istituzioni. Risposte mancate e provvedimenti contestati. E\u2019 recente l\u2019esposto in Procura preparato dai genitori con l\u2019avvocato Alessandra Ballerini contro il governo italiano, per violazione della legge in materia di vendita di armi a paesi \u201cautori di gravi violazioni dei diritti umani\u201d. Perch\u00e9 non si baratti la giustizia in cambio di affari economici.<\/p>\n","protected":false},"excerpt":{"rendered":"<p>Era uscito dalla casa dove abitava in via Yambo, al Cairo, e si incamminava verso la metropolitana. Giulio Regeni, 28enne friulano, di Fiumicello. Una laurea in materie umanistiche e poi il dottorato a Cambridge che lo aveva portato in Egitto&hellip;<\/p>\n","protected":false},"author":1469,"featured_media":1285322,"comment_status":"closed","ping_status":"closed","sticky":false,"template":"","format":"standard","meta":{"footnotes":""},"categories":[45,60,47],"tags":[2827,23843,370,13255],"class_list":["post-1285321","post","type-post","status-publish","format-standard","has-post-thumbnail","hentry","category-africa-it","category-diritti-umani","category-europa","tag-egitto","tag-giulio-regeni","tag-italia","tag-verita"],"yoast_head":"<!-- This site is optimized with the Yoast SEO plugin v27.1.1 - https:\/\/yoast.com\/product\/yoast-seo-wordpress\/ -->\n<title>Cinque anni fa la scomparsa di Giulio Regeni. Oggi alle 19.41 coloriamo i social di giallo<\/title>\n<meta name=\"description\" content=\"Era uscito dalla casa dove abitava in via Yambo, al Cairo, e si incamminava verso la metropolitana. Giulio Regeni, 28enne friulano, di Fiumicello. Una\" \/>\n<meta name=\"robots\" content=\"index, follow, max-snippet:-1, max-image-preview:large, max-video-preview:-1\" \/>\n<link rel=\"canonical\" href=\"https:\/\/www.pressenza.com\/it\/2021\/01\/cinque-anni-fa-la-scomparsa-di-giulio-regeni-oggi-alle-19-41-coloriamo-i-social-di-giallo\/\" \/>\n<meta property=\"og:locale\" content=\"it_IT\" \/>\n<meta property=\"og:type\" content=\"article\" \/>\n<meta property=\"og:title\" content=\"Cinque anni fa la scomparsa di Giulio Regeni. Oggi alle 19.41 coloriamo i social di giallo\" \/>\n<meta property=\"og:description\" content=\"Era uscito dalla casa dove abitava in via Yambo, al Cairo, e si incamminava verso la metropolitana. Giulio Regeni, 28enne friulano, di Fiumicello. Una\" \/>\n<meta property=\"og:url\" content=\"https:\/\/www.pressenza.com\/it\/2021\/01\/cinque-anni-fa-la-scomparsa-di-giulio-regeni-oggi-alle-19-41-coloriamo-i-social-di-giallo\/\" \/>\n<meta property=\"og:site_name\" content=\"Pressenza\" \/>\n<meta property=\"article:publisher\" content=\"https:\/\/www.facebook.com\/PressenzaItalia\" \/>\n<meta property=\"article:published_time\" content=\"2021-01-25T09:51:32+00:00\" \/>\n<meta property=\"article:modified_time\" content=\"2021-01-25T09:53:35+00:00\" \/>\n<meta property=\"og:image\" content=\"https:\/\/www.pressenza.com\/wp-content\/uploads\/2021\/01\/regeni-giallo.png\" \/>\n\t<meta property=\"og:image:width\" content=\"800\" \/>\n\t<meta property=\"og:image:height\" content=\"445\" \/>\n\t<meta property=\"og:image:type\" content=\"image\/png\" \/>\n<meta name=\"author\" content=\"Articolo 21\" \/>\n<meta name=\"twitter:card\" content=\"summary_large_image\" \/>\n<meta name=\"twitter:creator\" content=\"@PressenzaIPA\" \/>\n<meta name=\"twitter:site\" content=\"@PressenzaIPA\" \/>\n<meta name=\"twitter:label1\" content=\"Scritto da\" \/>\n\t<meta name=\"twitter:data1\" content=\"Articolo 21\" \/>\n\t<meta name=\"twitter:label2\" content=\"Tempo di lettura stimato\" \/>\n\t<meta name=\"twitter:data2\" content=\"3 minuti\" \/>\n<script type=\"application\/ld+json\" class=\"yoast-schema-graph\">{\"@context\":\"https:\/\/schema.org\",\"@graph\":[{\"@type\":\"Article\",\"@id\":\"https:\/\/www.pressenza.com\/it\/2021\/01\/cinque-anni-fa-la-scomparsa-di-giulio-regeni-oggi-alle-19-41-coloriamo-i-social-di-giallo\/#article\",\"isPartOf\":{\"@id\":\"https:\/\/www.pressenza.com\/it\/2021\/01\/cinque-anni-fa-la-scomparsa-di-giulio-regeni-oggi-alle-19-41-coloriamo-i-social-di-giallo\/\"},\"author\":{\"name\":\"Articolo 21\",\"@id\":\"https:\/\/www.pressenza.com\/it\/#\/schema\/person\/08ea736e2bdeb73186ff26f6bee319d8\"},\"headline\":\"Cinque anni fa la scomparsa di Giulio Regeni. Oggi alle 19.41 coloriamo i social di giallo\",\"datePublished\":\"2021-01-25T09:51:32+00:00\",\"dateModified\":\"2021-01-25T09:53:35+00:00\",\"mainEntityOfPage\":{\"@id\":\"https:\/\/www.pressenza.com\/it\/2021\/01\/cinque-anni-fa-la-scomparsa-di-giulio-regeni-oggi-alle-19-41-coloriamo-i-social-di-giallo\/\"},\"wordCount\":563,\"publisher\":{\"@id\":\"https:\/\/www.pressenza.com\/it\/#organization\"},\"image\":{\"@id\":\"https:\/\/www.pressenza.com\/it\/2021\/01\/cinque-anni-fa-la-scomparsa-di-giulio-regeni-oggi-alle-19-41-coloriamo-i-social-di-giallo\/#primaryimage\"},\"thumbnailUrl\":\"https:\/\/www.pressenza.com\/wp-content\/uploads\/2021\/01\/regeni-giallo.png\",\"keywords\":[\"Egitto\",\"Giulio Regeni\",\"Italia\",\"verit\u00e0\"],\"articleSection\":[\"Africa\",\"Diritti Umani\",\"Europa\"],\"inLanguage\":\"it-IT\"},{\"@type\":\"WebPage\",\"@id\":\"https:\/\/www.pressenza.com\/it\/2021\/01\/cinque-anni-fa-la-scomparsa-di-giulio-regeni-oggi-alle-19-41-coloriamo-i-social-di-giallo\/\",\"url\":\"https:\/\/www.pressenza.com\/it\/2021\/01\/cinque-anni-fa-la-scomparsa-di-giulio-regeni-oggi-alle-19-41-coloriamo-i-social-di-giallo\/\",\"name\":\"Cinque anni fa la scomparsa di Giulio Regeni. Oggi alle 19.41 coloriamo i social di giallo\",\"isPartOf\":{\"@id\":\"https:\/\/www.pressenza.com\/it\/#website\"},\"primaryImageOfPage\":{\"@id\":\"https:\/\/www.pressenza.com\/it\/2021\/01\/cinque-anni-fa-la-scomparsa-di-giulio-regeni-oggi-alle-19-41-coloriamo-i-social-di-giallo\/#primaryimage\"},\"image\":{\"@id\":\"https:\/\/www.pressenza.com\/it\/2021\/01\/cinque-anni-fa-la-scomparsa-di-giulio-regeni-oggi-alle-19-41-coloriamo-i-social-di-giallo\/#primaryimage\"},\"thumbnailUrl\":\"https:\/\/www.pressenza.com\/wp-content\/uploads\/2021\/01\/regeni-giallo.png\",\"datePublished\":\"2021-01-25T09:51:32+00:00\",\"dateModified\":\"2021-01-25T09:53:35+00:00\",\"description\":\"Era uscito dalla casa dove abitava in via Yambo, al Cairo, e si incamminava verso la metropolitana. Giulio Regeni, 28enne friulano, di Fiumicello. Una\",\"breadcrumb\":{\"@id\":\"https:\/\/www.pressenza.com\/it\/2021\/01\/cinque-anni-fa-la-scomparsa-di-giulio-regeni-oggi-alle-19-41-coloriamo-i-social-di-giallo\/#breadcrumb\"},\"inLanguage\":\"it-IT\",\"potentialAction\":[{\"@type\":\"ReadAction\",\"target\":[\"https:\/\/www.pressenza.com\/it\/2021\/01\/cinque-anni-fa-la-scomparsa-di-giulio-regeni-oggi-alle-19-41-coloriamo-i-social-di-giallo\/\"]}]},{\"@type\":\"ImageObject\",\"inLanguage\":\"it-IT\",\"@id\":\"https:\/\/www.pressenza.com\/it\/2021\/01\/cinque-anni-fa-la-scomparsa-di-giulio-regeni-oggi-alle-19-41-coloriamo-i-social-di-giallo\/#primaryimage\",\"url\":\"https:\/\/www.pressenza.com\/wp-content\/uploads\/2021\/01\/regeni-giallo.png\",\"contentUrl\":\"https:\/\/www.pressenza.com\/wp-content\/uploads\/2021\/01\/regeni-giallo.png\",\"width\":800,\"height\":445},{\"@type\":\"BreadcrumbList\",\"@id\":\"https:\/\/www.pressenza.com\/it\/2021\/01\/cinque-anni-fa-la-scomparsa-di-giulio-regeni-oggi-alle-19-41-coloriamo-i-social-di-giallo\/#breadcrumb\",\"itemListElement\":[{\"@type\":\"ListItem\",\"position\":1,\"name\":\"Accueil\",\"item\":\"https:\/\/www.pressenza.com\/it\/\"},{\"@type\":\"ListItem\",\"position\":2,\"name\":\"Cinque anni fa la scomparsa di Giulio Regeni. Oggi alle 19.41 coloriamo i social di giallo\"}]},{\"@type\":\"WebSite\",\"@id\":\"https:\/\/www.pressenza.com\/it\/#website\",\"url\":\"https:\/\/www.pressenza.com\/it\/\",\"name\":\"Pressenza\",\"description\":\"Agenzia di Stampa Internazionale\",\"publisher\":{\"@id\":\"https:\/\/www.pressenza.com\/it\/#organization\"},\"potentialAction\":[{\"@type\":\"SearchAction\",\"target\":{\"@type\":\"EntryPoint\",\"urlTemplate\":\"https:\/\/www.pressenza.com\/it\/?s={search_term_string}\"},\"query-input\":{\"@type\":\"PropertyValueSpecification\",\"valueRequired\":true,\"valueName\":\"search_term_string\"}}],\"inLanguage\":\"it-IT\"},{\"@type\":\"Organization\",\"@id\":\"https:\/\/www.pressenza.com\/it\/#organization\",\"name\":\"Pressenza\",\"url\":\"https:\/\/www.pressenza.com\/it\/\",\"logo\":{\"@type\":\"ImageObject\",\"inLanguage\":\"it-IT\",\"@id\":\"https:\/\/www.pressenza.com\/it\/#\/schema\/logo\/image\/\",\"url\":\"https:\/\/www.pressenza.com\/wp-content\/uploads\/2022\/10\/pressenza_logo_200x200.jpg\",\"contentUrl\":\"https:\/\/www.pressenza.com\/wp-content\/uploads\/2022\/10\/pressenza_logo_200x200.jpg\",\"width\":200,\"height\":200,\"caption\":\"Pressenza\"},\"image\":{\"@id\":\"https:\/\/www.pressenza.com\/it\/#\/schema\/logo\/image\/\"},\"sameAs\":[\"https:\/\/www.facebook.com\/PressenzaItalia\",\"https:\/\/x.com\/PressenzaIPA\"]},{\"@type\":\"Person\",\"@id\":\"https:\/\/www.pressenza.com\/it\/#\/schema\/person\/08ea736e2bdeb73186ff26f6bee319d8\",\"name\":\"Articolo 21\",\"description\":\"Articolo 21, liberi di\u2026 \u00e8 un\u2019associazione nata il 27 febbraio 2002 che riunisce esponenti del mondo della comunicazione, della cultura e dello spettacolo; giornalisti, giuristi, economisti che si propongono di promuovere il principio della libert\u00e0 di manifestazione del pensiero (oggetto dell\u2019Articolo 21 della Costituzione italiana da cui il nome).\",\"sameAs\":[\"https:\/\/www.articolo21.org\"],\"url\":\"https:\/\/www.pressenza.com\/it\/author\/articolo-21\/\"}]}<\/script>\n<!-- \/ Yoast SEO plugin. -->","yoast_head_json":{"title":"Cinque anni fa la scomparsa di Giulio Regeni. Oggi alle 19.41 coloriamo i social di giallo","description":"Era uscito dalla casa dove abitava in via Yambo, al Cairo, e si incamminava verso la metropolitana. Giulio Regeni, 28enne friulano, di Fiumicello. Una","robots":{"index":"index","follow":"follow","max-snippet":"max-snippet:-1","max-image-preview":"max-image-preview:large","max-video-preview":"max-video-preview:-1"},"canonical":"https:\/\/www.pressenza.com\/it\/2021\/01\/cinque-anni-fa-la-scomparsa-di-giulio-regeni-oggi-alle-19-41-coloriamo-i-social-di-giallo\/","og_locale":"it_IT","og_type":"article","og_title":"Cinque anni fa la scomparsa di Giulio Regeni. Oggi alle 19.41 coloriamo i social di giallo","og_description":"Era uscito dalla casa dove abitava in via Yambo, al Cairo, e si incamminava verso la metropolitana. Giulio Regeni, 28enne friulano, di Fiumicello. Una","og_url":"https:\/\/www.pressenza.com\/it\/2021\/01\/cinque-anni-fa-la-scomparsa-di-giulio-regeni-oggi-alle-19-41-coloriamo-i-social-di-giallo\/","og_site_name":"Pressenza","article_publisher":"https:\/\/www.facebook.com\/PressenzaItalia","article_published_time":"2021-01-25T09:51:32+00:00","article_modified_time":"2021-01-25T09:53:35+00:00","og_image":[{"width":800,"height":445,"url":"https:\/\/www.pressenza.com\/wp-content\/uploads\/2021\/01\/regeni-giallo.png","type":"image\/png"}],"author":"Articolo 21","twitter_card":"summary_large_image","twitter_creator":"@PressenzaIPA","twitter_site":"@PressenzaIPA","twitter_misc":{"Scritto da":"Articolo 21","Tempo di lettura stimato":"3 minuti"},"schema":{"@context":"https:\/\/schema.org","@graph":[{"@type":"Article","@id":"https:\/\/www.pressenza.com\/it\/2021\/01\/cinque-anni-fa-la-scomparsa-di-giulio-regeni-oggi-alle-19-41-coloriamo-i-social-di-giallo\/#article","isPartOf":{"@id":"https:\/\/www.pressenza.com\/it\/2021\/01\/cinque-anni-fa-la-scomparsa-di-giulio-regeni-oggi-alle-19-41-coloriamo-i-social-di-giallo\/"},"author":{"name":"Articolo 21","@id":"https:\/\/www.pressenza.com\/it\/#\/schema\/person\/08ea736e2bdeb73186ff26f6bee319d8"},"headline":"Cinque anni fa la scomparsa di Giulio Regeni. Oggi alle 19.41 coloriamo i social di giallo","datePublished":"2021-01-25T09:51:32+00:00","dateModified":"2021-01-25T09:53:35+00:00","mainEntityOfPage":{"@id":"https:\/\/www.pressenza.com\/it\/2021\/01\/cinque-anni-fa-la-scomparsa-di-giulio-regeni-oggi-alle-19-41-coloriamo-i-social-di-giallo\/"},"wordCount":563,"publisher":{"@id":"https:\/\/www.pressenza.com\/it\/#organization"},"image":{"@id":"https:\/\/www.pressenza.com\/it\/2021\/01\/cinque-anni-fa-la-scomparsa-di-giulio-regeni-oggi-alle-19-41-coloriamo-i-social-di-giallo\/#primaryimage"},"thumbnailUrl":"https:\/\/www.pressenza.com\/wp-content\/uploads\/2021\/01\/regeni-giallo.png","keywords":["Egitto","Giulio Regeni","Italia","verit\u00e0"],"articleSection":["Africa","Diritti Umani","Europa"],"inLanguage":"it-IT"},{"@type":"WebPage","@id":"https:\/\/www.pressenza.com\/it\/2021\/01\/cinque-anni-fa-la-scomparsa-di-giulio-regeni-oggi-alle-19-41-coloriamo-i-social-di-giallo\/","url":"https:\/\/www.pressenza.com\/it\/2021\/01\/cinque-anni-fa-la-scomparsa-di-giulio-regeni-oggi-alle-19-41-coloriamo-i-social-di-giallo\/","name":"Cinque anni fa la scomparsa di Giulio Regeni. Oggi alle 19.41 coloriamo i social di giallo","isPartOf":{"@id":"https:\/\/www.pressenza.com\/it\/#website"},"primaryImageOfPage":{"@id":"https:\/\/www.pressenza.com\/it\/2021\/01\/cinque-anni-fa-la-scomparsa-di-giulio-regeni-oggi-alle-19-41-coloriamo-i-social-di-giallo\/#primaryimage"},"image":{"@id":"https:\/\/www.pressenza.com\/it\/2021\/01\/cinque-anni-fa-la-scomparsa-di-giulio-regeni-oggi-alle-19-41-coloriamo-i-social-di-giallo\/#primaryimage"},"thumbnailUrl":"https:\/\/www.pressenza.com\/wp-content\/uploads\/2021\/01\/regeni-giallo.png","datePublished":"2021-01-25T09:51:32+00:00","dateModified":"2021-01-25T09:53:35+00:00","description":"Era uscito dalla casa dove abitava in via Yambo, al Cairo, e si incamminava verso la metropolitana. Giulio Regeni, 28enne friulano, di Fiumicello. Una","breadcrumb":{"@id":"https:\/\/www.pressenza.com\/it\/2021\/01\/cinque-anni-fa-la-scomparsa-di-giulio-regeni-oggi-alle-19-41-coloriamo-i-social-di-giallo\/#breadcrumb"},"inLanguage":"it-IT","potentialAction":[{"@type":"ReadAction","target":["https:\/\/www.pressenza.com\/it\/2021\/01\/cinque-anni-fa-la-scomparsa-di-giulio-regeni-oggi-alle-19-41-coloriamo-i-social-di-giallo\/"]}]},{"@type":"ImageObject","inLanguage":"it-IT","@id":"https:\/\/www.pressenza.com\/it\/2021\/01\/cinque-anni-fa-la-scomparsa-di-giulio-regeni-oggi-alle-19-41-coloriamo-i-social-di-giallo\/#primaryimage","url":"https:\/\/www.pressenza.com\/wp-content\/uploads\/2021\/01\/regeni-giallo.png","contentUrl":"https:\/\/www.pressenza.com\/wp-content\/uploads\/2021\/01\/regeni-giallo.png","width":800,"height":445},{"@type":"BreadcrumbList","@id":"https:\/\/www.pressenza.com\/it\/2021\/01\/cinque-anni-fa-la-scomparsa-di-giulio-regeni-oggi-alle-19-41-coloriamo-i-social-di-giallo\/#breadcrumb","itemListElement":[{"@type":"ListItem","position":1,"name":"Accueil","item":"https:\/\/www.pressenza.com\/it\/"},{"@type":"ListItem","position":2,"name":"Cinque anni fa la scomparsa di Giulio Regeni. Oggi alle 19.41 coloriamo i social di giallo"}]},{"@type":"WebSite","@id":"https:\/\/www.pressenza.com\/it\/#website","url":"https:\/\/www.pressenza.com\/it\/","name":"Pressenza","description":"Agenzia di Stampa Internazionale","publisher":{"@id":"https:\/\/www.pressenza.com\/it\/#organization"},"potentialAction":[{"@type":"SearchAction","target":{"@type":"EntryPoint","urlTemplate":"https:\/\/www.pressenza.com\/it\/?s={search_term_string}"},"query-input":{"@type":"PropertyValueSpecification","valueRequired":true,"valueName":"search_term_string"}}],"inLanguage":"it-IT"},{"@type":"Organization","@id":"https:\/\/www.pressenza.com\/it\/#organization","name":"Pressenza","url":"https:\/\/www.pressenza.com\/it\/","logo":{"@type":"ImageObject","inLanguage":"it-IT","@id":"https:\/\/www.pressenza.com\/it\/#\/schema\/logo\/image\/","url":"https:\/\/www.pressenza.com\/wp-content\/uploads\/2022\/10\/pressenza_logo_200x200.jpg","contentUrl":"https:\/\/www.pressenza.com\/wp-content\/uploads\/2022\/10\/pressenza_logo_200x200.jpg","width":200,"height":200,"caption":"Pressenza"},"image":{"@id":"https:\/\/www.pressenza.com\/it\/#\/schema\/logo\/image\/"},"sameAs":["https:\/\/www.facebook.com\/PressenzaItalia","https:\/\/x.com\/PressenzaIPA"]},{"@type":"Person","@id":"https:\/\/www.pressenza.com\/it\/#\/schema\/person\/08ea736e2bdeb73186ff26f6bee319d8","name":"Articolo 21","description":"Articolo 21, liberi di\u2026 \u00e8 un\u2019associazione nata il 27 febbraio 2002 che riunisce esponenti del mondo della comunicazione, della cultura e dello spettacolo; giornalisti, giuristi, economisti che si propongono di promuovere il principio della libert\u00e0 di manifestazione del pensiero (oggetto dell\u2019Articolo 21 della Costituzione italiana da cui il nome).","sameAs":["https:\/\/www.articolo21.org"],"url":"https:\/\/www.pressenza.com\/it\/author\/articolo-21\/"}]}},"place":"Stefano Corradino","original_article_url":"https:\/\/www.articolo21.org\/2021\/01\/5-anni-fa-la-scomparsa-di-giulio-regeni-oggi-alle-19-41-coloriamo-i-social-di-giallo\/","_links":{"self":[{"href":"https:\/\/www.pressenza.com\/it\/wp-json\/wp\/v2\/posts\/1285321","targetHints":{"allow":["GET"]}}],"collection":[{"href":"https:\/\/www.pressenza.com\/it\/wp-json\/wp\/v2\/posts"}],"about":[{"href":"https:\/\/www.pressenza.com\/it\/wp-json\/wp\/v2\/types\/post"}],"author":[{"embeddable":true,"href":"https:\/\/www.pressenza.com\/it\/wp-json\/wp\/v2\/users\/1469"}],"replies":[{"embeddable":true,"href":"https:\/\/www.pressenza.com\/it\/wp-json\/wp\/v2\/comments?post=1285321"}],"version-history":[{"count":0,"href":"https:\/\/www.pressenza.com\/it\/wp-json\/wp\/v2\/posts\/1285321\/revisions"}],"wp:featuredmedia":[{"embeddable":true,"href":"https:\/\/www.pressenza.com\/it\/wp-json\/wp\/v2\/media\/1285322"}],"wp:attachment":[{"href":"https:\/\/www.pressenza.com\/it\/wp-json\/wp\/v2\/media?parent=1285321"}],"wp:term":[{"taxonomy":"category","embeddable":true,"href":"https:\/\/www.pressenza.com\/it\/wp-json\/wp\/v2\/categories?post=1285321"},{"taxonomy":"post_tag","embeddable":true,"href":"https:\/\/www.pressenza.com\/it\/wp-json\/wp\/v2\/tags?post=1285321"}],"curies":[{"name":"wp","href":"https:\/\/api.w.org\/{rel}","templated":true}]}}