{"id":1280551,"date":"2021-01-18T16:15:30","date_gmt":"2021-01-18T16:15:30","guid":{"rendered":"https:\/\/www.pressenza.com\/?p=1280551"},"modified":"2021-01-18T19:50:55","modified_gmt":"2021-01-18T19:50:55","slug":"il-mondo-in-crisi-crisi-della-democrazia-crisi-dellambiente-crisi-della-politica-al-tempo-del-corona-virus","status":"publish","type":"post","link":"https:\/\/www.pressenza.com\/it\/2021\/01\/il-mondo-in-crisi-crisi-della-democrazia-crisi-dellambiente-crisi-della-politica-al-tempo-del-corona-virus\/","title":{"rendered":"Il mondo in crisi: crisi della democrazia, crisi dell&#8217;ambiente, crisi della politica al tempo del corona virus"},"content":{"rendered":"<p><i>Crisi che s&#8217;intrecciano<\/i> &#8211; La crisi dovuta al corona virus, in cui il mondo \u00e8 immerso, si intreccia con altre, che ne sono, al tempo stesso, cause ed effetti.<\/p>\n<p>Mi riferisco:<\/p>\n<ul>\n<li style=\"list-style-type: none;\">\n<ul>\n<li>alla profonda ferita alla democrazia, cos\u00ec come l&#8217;abbiamo intesa e propagandata nei paesi dell&#8217;Occidente \u2013 quelli con capo-fila gli USA -, resa simbolicamente, e plasticamente, evidente dal recente attacco al Campidoglio, a Washington;<\/li>\n<\/ul>\n<\/li>\n<\/ul>\n<ul>\n<li style=\"list-style-type: none;\">\n<ul>\n<li>alla situazione ambientale del pianeta che rischia di portare alla estinzione della vita in un futuro non lontanissimo;<\/li>\n<\/ul>\n<\/li>\n<\/ul>\n<ul>\n<li style=\"list-style-type: none;\">\n<ul>\n<li>al prevalere dell&#8217;individualismo ed al venir meno della dimensione collettiva nell&#8217;affrontare i problemi.<\/li>\n<\/ul>\n<\/li>\n<\/ul>\n<p>Tutto ci\u00f2 non nasce improvvisamente e non \u00e8 un frutto del destino \u201ccinico e baro\u201d (come sostenne, nel secolo scorso, a proposito di eventi disastrosi, un personaggio, Giuseppe Saragat, che ricopr\u00ec anche la carica di Presidente della Repubblica), ma \u00e8 la conseguenza di comportamenti, di atti sociali e politici, di modi di pensare diffusi, sviluppatisi in particolar modo a partire dagli anni &#8217;70, dalla seconda met\u00e0 degli anni &#8217;70 per essere pi\u00f9 precisi (dopo, cio\u00e8, che si era concluso il \u201ctrentennio glorioso\u201d &#8211; com&#8217;\u00e8 stato definito da alcuni storici il periodo dal 1945 al 1975 &#8211; in cui, in Occidente, la ricostruzione e lo sviluppo capitalistico seguiti alle tremende distruzioni della seconda guerra mondiale erano stati accompagnati, da misure di welfare, pi\u00f9 o meno efficaci, a seconda della conduzione politica dei diversi paesi).<\/p>\n<p><i>Le ferite alla democrazia <\/i>&#8211; Guardiamo ora pi\u00f9 approfonditamente alle crisi che si intersecano con quella dovuta alla pandemia. E partiamo dalle ferite inferte in questo periodo alla democrazia, negli Stati Uniti, ma non solo.<\/p>\n<p>La democrazia non si misura solo con la possibilit\u00e0 di effettuare libere elezioni, ma deriva da un insieme di fattori \u2013 ben evidenziati nella Costituzione italiana, quando, ad esempio, all&#8217;articolo 3, si assegna alla Repubblica il compito \u201cdi rimuovere gli ostacoli di ordine economico e sociale, che, limitando di fatto la libert\u00e0 e l&#8217;eguaglianza dei cittadini, impediscono il pieno sviluppo della persona umana e l&#8217;effettiva partecipazione di tutti i lavoratori all&#8217;organizzazione politica economica e sociale del Paese\u201d -. Un&#8217;affermazione che si pu\u00f2 collegare a quella di Lenin relativa alla \u201cdemocrazia della cuoca\u201d, all&#8217;indicazione cio\u00e8 che, in 2 una societ\u00e0 profondamente cambiata, la cuoca (oggi si potrebbe dire la lavoratrice\/il lavoratore precaria\/o) debba essere messa in grado di governare.<\/p>\n<p><i>La democrazia come processo<\/i> &#8211; La democrazia, quindi, \u00e8 un processo che non si pu\u00f2 ritenere mai pienamente concluso: si potrebbe paragonare all&#8217;utopia definita da Eduardo Galeano un orizzonte verso il quale tendere, anche se non lo raggiungeremo mai (il suo ruolo \u00e8 proprio quello di spronarci costantemente a continuare il cammino).<\/p>\n<p>Il livello della \u201cdemocrazia reale\u201d, in un determinato periodo in un determinato Paese \u2013 prendiamo ad esempio il nostro -, dipende:<\/p>\n<ul>\n<li style=\"list-style-type: none;\">\n<ul>\n<li>dalla quantit\u00e0 e dalla qualit\u00e0 dell&#8217;informazione,<\/li>\n<\/ul>\n<\/li>\n<\/ul>\n<ul>\n<li style=\"list-style-type: none;\">\n<ul>\n<li>dai percorsi educativi e di conoscenza in atto,<\/li>\n<\/ul>\n<\/li>\n<\/ul>\n<ul>\n<li style=\"list-style-type: none;\">\n<ul>\n<li>dalla presenza, o meno, di occasioni diffuse di aggregazione e di confronto politico-culturale,<\/li>\n<\/ul>\n<\/li>\n<\/ul>\n<ul>\n<li style=\"list-style-type: none;\">\n<ul>\n<li>dall&#8217;esistenza, o dalla mancanza, di atti volti a rimuovere gli ostacoli indicati nell&#8217;articolo 3 della Carta Costituzionale,<\/li>\n<\/ul>\n<\/li>\n<\/ul>\n<ul>\n<li style=\"list-style-type: none;\">\n<ul>\n<li>dall&#8217;effettiva garanzia di poter esprimere, liberamente, le proprie opinioni ed associarsi (senza che questo sia conseguenza del proprio potere economico ),<\/li>\n<\/ul>\n<\/li>\n<\/ul>\n<ul>\n<li style=\"list-style-type: none;\">\n<ul>\n<li>dall&#8217;attivazione di occasioni e strumenti di partecipazione (non a caso si parla di \u201cdemocrazia partecipativa\u201d),<\/li>\n<\/ul>\n<\/li>\n<\/ul>\n<ul>\n<li style=\"list-style-type: none;\">\n<ul>\n<li>dal fatto che i conflitti possano svilupparsi appieno, in maniera nonviolenta (il conflitto pu\u00f2 essere definito il \u201csale\u201d della democrazia, che in sua assenza diventa una \u201cpietanza insapore\u201d, priva di sostanza).<\/li>\n<\/ul>\n<\/li>\n<\/ul>\n<p>Ed \u00e8 attraverso la partecipazione, il confronto, il conflitto che i soggetti in campo hanno la possibilit\u00e0 di raggiungere una posizione egemonica nella societ\u00e0 (come ha argomentato Antonio Gramsci, l&#8217;egemonia va colta sul terreno culturale, del senso comune, dei saperi, maturati sia nelle accademie che nei movimenti, e costituisce il retroterra della contesa politica, non riducibile ad una pura e semplice espressione delle differenze economiche e di classe o soltanto ad una lotta per il potere).<\/p>\n<p><i>Una democrazia \u201coffuscata\u201d<\/i> &#8211; E&#8217; proprio perch\u00e9 diversi dei fattori qui indicati sono venuti meno, o si sono attenuati nel corso del tempo, che tale livello si \u00e8 paurosamente abbassato negli ultimi decenni.<\/p>\n<p>Si \u00e8 avuto un calo notevole dell&#8217;affidabilit\u00e0 e dell&#8217;influenza dei mass-media tradizionali (quotidiani, radio, tv), mentre il campo veniva sempre pi\u00f9 invaso dai social, spesso diffusori di fake-news (non che gli organi d&#8217;informazione ne siano privi, ma sono pi\u00f9 controllabili ed \u00e8 pi\u00f9 facile 3 mettere in campo delle contro-argomentazioni).<\/p>\n<p>Sono stati diminuiti progressivamente, in nome del rigorismo che imponeva, ed impone, sempre pi\u00f9 tagli alla spesa sociale (secondo il dogma dell&#8217;obbligo del pareggio di bilancio, leggermente attenuatosi con l&#8217;espandersi della pandemia), gli investimenti nei settori dell&#8217;istruzione, della conoscenza, della cultura. Ed anche i conflitti, sindacali e, pi\u00f9 in generale, sociali, sono calati, sia di quantit\u00e0 che d&#8217;intensit\u00e0.<\/p>\n<p>I movimenti e le lotte che coglievano la complessit\u00e0 delle situazioni e le sapevano leggere in un contesto pi\u00f9 generale, esprimendo un alto livello di sapere sociale, hanno ceduto, in buona parte, il passo ai vari populismi che, rifiutando la complessit\u00e0, hanno affrontato i problemi, e dato di conseguenza risposte, sulla base di semplificazioni fuorvianti (ad esempio: \u201cgli immigrati invadono il paese, dobbiamo difenderci, prima gli italiani\u201d).<i> <\/i><\/p>\n<p><i>Il fascismo del XXI secolo<\/i> &#8211; Un clima come questo, collegato<i> <\/i>all&#8217;aumento delle disuguaglianze sul piano economico \u2013 \u00e8 in continuo aumento il distacco fra i pochi ricchissimi, i \u201cpaperoni\u201d, ed una massa in crescita di persone che hanno sempre meno -, produce ed alimenta i mostri del razzismo, della xenofobia, dell&#8217;intolleranza (il che provoca un pauroso arretramento sul terreno della democrazia e costituisce il brodo di coltura del fascismo del XXI secolo, esploso in maniera evidentissima e violenta nell&#8217;assalto al Parlamento a Washington, fomentato dal Presidente Trump &#8211; che sintetizza in se stesso i caratteri negativi indicati in precedenza -, ma da cui non siamo certo vaccinati anche nel nostro Paese).<\/p>\n<p>Crisi della democrazia, quindi, con radici piuttosto lontane, ma con una notevole accellerazione durante la fase pandemica. E con il prevalere di un senso comune che costituisce un terreno fertile<\/p>\n<ul>\n<li style=\"list-style-type: none;\">\n<ul>\n<li>per l&#8217;affermarsi dell&#8217;esigenza dell&#8217; \u201cuomo forte\u201d risolutore dei problemi,<\/li>\n<\/ul>\n<\/li>\n<\/ul>\n<ul>\n<li style=\"list-style-type: none;\">\n<ul>\n<li>per l&#8217;individuazione della sicurezza (ma non quella sociale) come priorit\u00e0 assoluta,<\/li>\n<\/ul>\n<\/li>\n<\/ul>\n<ul>\n<li style=\"list-style-type: none;\">\n<ul>\n<li>per la conseguente richiesta, al fine di tutelare l&#8217;ordine, di maniere efficaci, energiche e sbrigative (anche al di l\u00e0 della legittimit\u00e0 costituzionale e del rispetto delle carte internazionali che garantiscono il rispetto dei diritti individuali e collettivi).<\/li>\n<\/ul>\n<\/li>\n<\/ul>\n<p>Tutti elementi questi che portano al fascismo, palese oppure occulto.<\/p>\n<p>Su questa strada incontriamo i decreti del Ministro, di centro-sinistra, Minniti (che si basavano su tale senso comune, cercando di mitigare, ma non troppo, i provvedimenti di respingimento dei\/delle migranti \u2013 come sostenuto dal comico Crozza, si trattava dell&#8217;omeopatia applicata alle 4 politiche per l&#8217;immigrazione, e cio\u00e8 si sceglieva, per contrastare l&#8217;intolleranza, di assumere nelle misure prese un po&#8217; d&#8217;intolleranza -), notevolmente peggiorati poi dal Ministro successivo, Salvini, di centro-destra, e resi un po&#8217; pi\u00f9 umani, dopo una lunga gestazione, dal secondo Governo Conte.<\/p>\n<p>La logica che li ispira, pi\u00f9 attenta alla cosiddetta sicurezza della cittadinanza italiana che ai diritti delle persone, \u00e8 comunque la stessa.<\/p>\n<p>Si tratta di una logica che ha contribuito alla crescita del modo di sentire oggi prevalente.<\/p>\n<p><i>La crisi ambientale<\/i> &#8211; Alla crisi della democrazia \u00e8 strettamente connessa quella ambientale, in atto da tempo, ma che sta raggiungendo adesso livelli altissimi.<\/p>\n<p>La pandemia stessa ha come causa prima un rapporto sbagliato, prevaricante e distruttivo, degli esseri umani con il mondo animale e vegetale.<\/p>\n<p>Gi\u00e0 in precedenza pi\u00f9 volte, va sottolineato per evidenziare la \u201csordit\u00e0\u201d della maggior parte dei politici, gli scienziati (non tutti \u2013 anche fra loro ci sono quelli asserviti ai \u201cpadroni del vapore\u201d, petrolieri e simili, che negano l&#8217;esistenza di danni all&#8217;ambiente nel continuare ad utilizzare i combustibili fossili -) hanno lanciato dei veri e propri gridi di allarme, segnalando che occorrono profondi cambiamenti, delle vere e proprie inversioni di rotta, nelle politiche economiche ed energetiche, nei consumi, nelle abitudini dei Paesi, delle collettivit\u00e0 e delle singole persone.<\/p>\n<p>\u201c<i>Fridays for future\u201d ed \u201cExtinction Rebellion\u201d<\/i> &#8211; Le risposte della politica sono risultate tardive e insufficienti, ma dalla societ\u00e0 \u00e8 venuta una spinta a misure pi\u00f9 decise, efficaci, tempestive.<\/p>\n<p>Sono stati i pi\u00f9 interessati a garantirsi un futuro, i giovani ed i giovanissimi, a sviluppare un movimento, quello dei \u201cFridays for future\u201d, che ha avanzato richieste precise &#8211; riguardanti le scelte da fare nell&#8217;immediato per far fronte alla crisi climatica &#8211; e che \u00e8 sceso ripetutamente in piazza negli anni pi\u00f9 recenti (fino a che la pandemia non ha ridotto le possibilit\u00e0 di mobilitazione).<\/p>\n<p>Un altro movimento, composto da giovani e meno giovani, nato in Inghilterra e poi diffusosi in molte altre parti del mondo, Italia compresa, \u00e8 quello di \u201cExtinction Rebellion (sigla XR)\u201d, che si dichiara nonviolento e inclusivo, propone azioni di disobbedienza civile, si basa su parole d&#8217;ordine semplici e chiare (le principali:<\/p>\n<ul>\n<li style=\"list-style-type: none;\">\n<ul>\n<li>che i governi dichiarino l&#8217;emergenza climatica ed ecologica,<\/li>\n<\/ul>\n<\/li>\n<\/ul>\n<ul>\n<li style=\"list-style-type: none;\">\n<ul>\n<li>che si fermi la distruzione degli ecosistemi e delle biodiversit\u00e0 e si 5 porti allo zero netto le emisioni di gas serra entro il 2025).<\/li>\n<\/ul>\n<\/li>\n<\/ul>\n<p><i>La catastrofe che incombe<\/i> &#8211; I segnali di catastrofi a breve scadenza si susseguono, a partire dal fatto che cominciano a sciogliersi ghiacciai considerati fino a poco tempo fa \u201ceterni\u201d.<\/p>\n<p>I tempi per avviare cambiamenti che le evitino si riducono sempre di pi\u00f9 e si fa via via pi\u00f9 pressante l&#8217;esigenza che tali cambiamenti, per avere dei risultati concreti, siano molto radicali.<\/p>\n<p>La logica del profitto da perseguire a breve, senza nessuna considerazione sulle conseguenze future, continua per\u00f2 a prevalere su ogni altro ragionamento.<\/p>\n<p>Si prosegue cos\u00ec nell&#8217;opera di segare il ramo su cui siamo precariamente appollaiati.<\/p>\n<p>Le multinazionali e i poteri finanziari conducono il gioco e la politica va al rimorchio (mentre, in un mondo decente, pur senza tirare in ballo il socialismo, dovrebbe essere l&#8217;inverso), con la Borsa ed il Mercato che costituiscono i punti di riferimento essenziali a cui conformare gli interventi istituzionali.<\/p>\n<p>Coloro che sono al governo nei vari Paesi o si collocano fra i \u201cnegazionisti\u201d (quelli che negano le evidenze messe in luce dalla scienza) oppure, nel migliore dei casi, pur ammettendo i rischi per la sopravvivenza dell&#8217;umanit\u00e0, mettono in campo, per non scontentare i \u201cpadroni del vapore\u201d, misure troppo timide &#8211; in nome di una gradualit\u00e0 che dovrebbe, invece, va ribadito con forza, cedere il passo, prima che sia troppo tardi, ad una radicalit\u00e0 veramente incisiva -.<\/p>\n<p><i>Crisi dell&#8217;agire collettivo<\/i> \u2013 Al terzo posto, in questo elenco delle crisi in atto, sta il venir meno della spinta propulsiva ad agire collettivamente, che \u00e8 poi l&#8217;impulso, cos\u00ec forte nel nostro Paese negli anni &#8217;60 e &#8217;70, a \u201cfar politica\u201d, intendendo la \u201cpolitica\u201d cos\u00ec com&#8217;\u00e8 definita, semplicemente e chiaramente, in \u201cLettera a una professoressa\u201d (\u201c&#8230; ho imparato che il problema degli altri \u00e8 eguale al mio. Sortirne tutti insieme \u00e8 la politica. Sortirne da soli \u00e8 l&#8217;avarizia &#8230;\u201d &#8211; tutti insieme, aggiungerei, attraverso il confronto ed anche il conflitto, che si esprime con lo sciopero, le vertenze, le manifestazioni, le mobilitazioni, la disobbedienza civile, cio\u00e8 con tutte le forme in cui si articola la lotta nonviolenta, e che trovano poi, alle scadenze elettorali, un loro possibile sbocco nel voto -).<\/p>\n<p>Anche in questo caso la situazione attuale ha origini lontane.<\/p>\n<p>E&#8217; negli anni &#8217;80 infatti che si ha un&#8217;inversione di rotta, conseguenza dell&#8217;affievolirsi, e poi dello spegnersi, delle lotte e dei movimenti che avevano caratterizzato i decenni precedenti.<\/p>\n<p>Vi sono alcuni eventi che danno pienamente il senso della fine di quella fase, in Italia e nel mondo:<\/p>\n<ul>\n<li style=\"list-style-type: none;\">\n<ul>\n<li>la cosiddetta \u201cmarcia dei quarantamila\u201d &#8211; in effetti non erano nemmeno la met\u00e0 &#8211; , che nel 1980 (il 14 ottobre) si svolse a Torino, ossia la manifestazione anti-sindacale di coloro &#8211; impiegati, quadri, dirigenti \u2013 che volevano, in sintonia con i padroni dell&#8217;azienda, gli Agnelli, la fine dei 35 giorni di sciopero portati avanti, con presidi \u201cduri\u201d ai cancelli (per non far entrare i crumiri), dagli operai dello stabilimento FIAT (la marcia spinse i sindacati a chiudere rapidamente, e comunque, la vertenza);<\/li>\n<\/ul>\n<\/li>\n<\/ul>\n<ul>\n<li style=\"list-style-type: none;\">\n<ul>\n<li>il licenziamento, nel 1981, negli Stati Uniti, di 11359 controllori di volo in sciopero, ad opera del Presidente Ronald Reagan, un atto che alz\u00f2 notevolmente il livello della \u201cderegulation\u201d;<\/li>\n<\/ul>\n<\/li>\n<\/ul>\n<ul>\n<li style=\"list-style-type: none;\">\n<ul>\n<li>la conclusione, nel 1985, della lunga e \u201cgloriosa\u201d lotta &#8211; intorno alla quale si era sviluppato una grande solidariet\u00e0 (vedi il film \u201cPride\u201d, in cui \u2013 si tratta di un fatto realmente avvenuto &#8211; \u00e8 una comunit\u00e0 gay a solidarizzare con gli scioperanti) -, condotta, in Gran Bretagna, dai minatori guidati da Arthur Scargill, battuti alla fine dalla Premier Margareth Thacter, quella che aveva lanciato lo slogan \u201cthere is no alternative \u2013 acronimo TINA -\u201d (\u201cnon c&#8217;\u00e8 nessuna alternativa\u201d &#8211; alle politiche di riduzione della spesa sociale e di contrasto netto alle richieste del mondo del lavoro -).<\/li>\n<\/ul>\n<\/li>\n<\/ul>\n<p><i>Profonde riforme ed una reazione che produce stragi <\/i>&#8211; In Italia, a partire dal 1968, si erano registrati notevoli avanzamenti sul terreno dei diritti sociali e civili (lo statuto dei lavoratori, il divorzio, confermato da un referendum, la riforma del diritto di famiglia, la legge sull&#8217;IVG \u2013 Interruzione Volontaria di Gravidanza -, l&#8217;istituzione del Servizio Sanitario Nazionale): nonostante uno slogan molto gettonato nelle manifestazioni fosse \u201clo Stato borghese si abbatte, non si cambia\u201d, nel decennio dal &#8217;68 al &#8217;78 le istituzioni statali erano state seriamente riformate e i cosiddetti corpi separati (magistratura e polizia), nonch\u00e9 il mondo delle professioni, avevano avuto profonde trasformazioni (con la nascita del sindacato di polizia, di Magistratura Democratica, di Medicina Democratica, di Psichiatria Democratica).<\/p>\n<p>La reazione era stata immediata ed era venuta avanti su pi\u00f9 fronti, producendo una lunga serie di stragi e di uccisioni, per la maggior parte opera dell&#8217;eversione di destra (cito solo alcuni degli episodi pi\u00f9 rilevanti: le stragi di piazza Fontana nel 1969, sul treno Italicus nel 1974, alla Stazione di Bologna nel 1980, l&#8217;assassinio del leader democristiano Aldo Moro, 7 sostenitore di un nuovo rapporto con i comunisti, nel 1978).<\/p>\n<p><i>L&#8217;individualismo e il mito del successo<\/i> &#8211; Gli anni &#8217;80 segnano il completo affossamento della stagione delle riforme: prevalgono l&#8217;individualismo, il rifluire delle azioni collettive, l&#8217;affermarsi della competizione e della corsa al successo, la maggiore attenzione alle ragioni dell&#8217;impresa rispetto a quelle delle lavoratrici e dei lavoratori, nel segno della modernit\u00e0, con ragionamenti che trovano ascolto anche a sinistra (il laburista Tony Blair \u00e8 il capo-fila di questa svolta \u2013 che nel nostro Paese comporta anche il \u201csuicidio\u201d del PCI, in concomitanza con il crollo del muro di Berlino e poco prima che si concluda il processo di estinzione dell&#8217;Unione Sovietica -).<\/p>\n<p><i>Il movimento antirazzista <\/i>&#8211; Certo, anche durante il periodo di riflusso, i movimenti non spariscono del tutto, anzi in certi momenti riappaiono con forza.<\/p>\n<p>Sul finire degli anni &#8217;80 e nel decennio successivo si sviluppa un forte movimento antirazzista che riesce ad avere, in particolari momenti, una incidenza a livello di massa: nel 1989, quando a Villa Literno, viene assassinato un rifugiato politico sudafricano, Jerry Masslo, si ha una risposta imponente, una manifestazione nazionale &#8211; organizzata dalle Confederazioni Sindacali, dalle grandi associazioni tipo l&#8217;ARCI e le ACLI, dall&#8217;associazionismo dei\/delle migranti, con l&#8217;adesione di forze politiche e di enti locali &#8211; che porta a sfilare per Roma un milione di persone (tutto ci\u00f2 per una persona assassinata dai razzisti, mentre oggi non si hanno iniziative incisive quando sono migliaia i morti in mare in seguito alle politiche di chiusura dell&#8217;Italia e dell&#8217;Europa).<\/p>\n<p><i>Il movimento pacifista e i Social Forum \u2013 <\/i>Ancora pi\u00f9 forte \u00e8 il movimento pacifista durante gli anni &#8217;80 e poi, maggiormente, all&#8217;inizio del nuovo secolo, quando incombono nuove guerre.<\/p>\n<p>Inoltre, durante i Social Forum, si sviluppa il movimento alter-mondialista, che si pone come obiettivo \u201cun altro mondo possibile\u201d.<\/p>\n<p>In Italia, nei primi mesi del 2003 si susseguono le iniziative pacifiste, il 16 febbraio si tiene una grande manifestazione con quasi 3 milioni di partecipanti, in centinaia di migliaia di balconi, in tutto il Paese, vengono appese le bandiere della pace.<\/p>\n<p>E le analisi ed elaborazioni avanzate durante i Social Forum si dimostrano giuste, sempre di pi\u00f9, nel corso del tempo, senza per\u00f2 che le indicazioni scaturite da quei dibattiti riescano minimamente ad incidere sulle scelte politiche di chi governava.<\/p>\n<p>Questo era un problema che Pietro Ingrao aveva lucidamente avvertito e 8 posto durante il suo intervento al Social Forum di Firenze del 2002: si era chiesto, infatti, come interrogativo principale, in che modo si riesca a tradurre in politica istituzionale tutte le energie positive che intendono cambiare radicalmente la societ\u00e0 ed a far s\u00ec che non vi sia uno stacco netto, una vera e propria frattura, fra rappresentanti e rappresentati (una frattura che successivamente si \u00e8 accresciuta, nonostante i tentativi, nati appunto in quella fase, di rendere la democrazia realmente partecipata, con l&#8217;introduzione di strumenti quali il bilancio partecipativo, ben presto per\u00f2 scomparsi dalla scena).<\/p>\n<p>Tutto ci\u00f2, ed in particolare il fatto che le grandi manifestazioni per la pace (il \u201cNew York Times\u201d, nel 2003, quando stava per iniziare l&#8217;attacco all&#8217;Iraq condotto dalla coalizione guidata dagli Stati Uniti, defin\u00ec il movimento pacifista \u201cla seconda potenza mondiale\u201d) non siano mai riuscite a fermare una guerra, ha creato sfiducia nella possibilit\u00e0 di determinare dei cambiamenti reali ed alla fine il processo di abbandono del terreno dell&#8217;impegno collettivo, gi\u00e0 avviato da tempo, ha prevalso.<\/p>\n<p>Ecco, quindi, dove possiamo trovare le radici della crisi della politica che avvertiamo cos\u00ec profonda oggi.<\/p>\n<p><i>La notte pi\u00f9 lunga eterna non \u00e8<\/i> \u2013 Da una crisi, per\u00f2, \u00e8 possibile uscire.<\/p>\n<p>Come afferma Bertold Brecht in una sua opera &#8211; \u201cLa canzone della Moldava\u201d -, \u201cla notte pi\u00f9 lunga eterna non \u00e8\u201d.<\/p>\n<p>Se ci guardiamo intorno, in questa drammatica situazione, troviamo che vi sono anche segnali positivi, di una possibile ripresa di impegno collettivo, di rilancio della partecipazione come elemento essenziale della democrazia, di inserimento della questione ambientale come priorit\u00e0 assoluta di ogni progetto politico:<\/p>\n<ul>\n<li>continuano, infatti, anche se in modo autoreferenziale e nonostante le grandi difficolt\u00e0 che incontrano, le esperienze solidali, di mutuo soccorso, di tutela dei diritti, di cooperazione portate avanti localmente in tutte le parti del Paese<\/li>\n<li>sono in piedi, come ho gi\u00e0 accennato, i movimenti \u201cFridays for future\u201d ed \u201cExtinction Rebellion\u201d,<\/li>\n<li>si \u00e8 avviato, con la Societ\u00e0 della Cura, un tentativo di dare alle esperienze di base un punto di incontro, di confronto, di scambio a livello nazionale.<\/li>\n<\/ul>\n<p>E&#8217; proprio partendo dalle azioni determinate dalla semplice affermazione \u201crestiamo umani\u201d e dagli interventi concreti sul territorio che si pu\u00f2 giungere ad una riqualificazione della politica, oggi spesso ridotta a giochi di potere o, comunque, riservata agli addetti ai lavori.<\/p>\n<p>Per superare le crisi profonde che si intrecciano fra loro \u00e8 necessario 9 mettere insieme tutte le possibili energie positive e percorrere un cammino lungo e difficile, tramite lo strumento del \u201cfar politica\u201d, per andare verso l&#8217;orizzonte, per ora utopico, di una democrazia partecipata.<\/p>\n","protected":false},"excerpt":{"rendered":"<p>Crisi che s&#8217;intrecciano &#8211; La crisi dovuta al corona virus, in cui il mondo \u00e8 immerso, si intreccia con altre, che ne sono, al tempo stesso, cause ed effetti. Mi riferisco: alla profonda ferita alla democrazia, cos\u00ec come l&#8217;abbiamo intesa&hellip;<\/p>\n","protected":false},"author":1507,"featured_media":331445,"comment_status":"closed","ping_status":"closed","sticky":false,"template":"","format":"standard","meta":{"footnotes":""},"categories":[47,162,55],"tags":[225,1661,173,3353],"class_list":["post-1280551","post","type-post","status-publish","format-standard","has-post-thumbnail","hentry","category-europa","category-opinioni","category-politica","tag-ambiente","tag-crisi","tag-democrazia","tag-politica-it"],"yoast_head":"<!-- This site is optimized with the Yoast SEO plugin v27.1.1 - https:\/\/yoast.com\/product\/yoast-seo-wordpress\/ -->\n<title>Il mondo in crisi: crisi della democrazia, crisi dell&#039;ambiente, crisi della politica al tempo del corona virus<\/title>\n<meta name=\"description\" content=\"Crisi che s&#039;intrecciano - La crisi dovuta al corona virus, in cui il mondo \u00e8 immerso, si intreccia con altre, che ne sono, al tempo stesso, cause ed\" \/>\n<meta name=\"robots\" content=\"index, follow, max-snippet:-1, max-image-preview:large, max-video-preview:-1\" \/>\n<link rel=\"canonical\" href=\"https:\/\/www.pressenza.com\/it\/2021\/01\/il-mondo-in-crisi-crisi-della-democrazia-crisi-dellambiente-crisi-della-politica-al-tempo-del-corona-virus\/\" \/>\n<meta property=\"og:locale\" content=\"it_IT\" \/>\n<meta property=\"og:type\" content=\"article\" \/>\n<meta property=\"og:title\" content=\"Il mondo in crisi: crisi della democrazia, crisi dell&#039;ambiente, crisi della politica al tempo del corona virus\" \/>\n<meta property=\"og:description\" content=\"Crisi che s&#039;intrecciano - La crisi dovuta al corona virus, in cui il mondo \u00e8 immerso, si intreccia con altre, che ne sono, al tempo stesso, cause ed\" \/>\n<meta property=\"og:url\" content=\"https:\/\/www.pressenza.com\/it\/2021\/01\/il-mondo-in-crisi-crisi-della-democrazia-crisi-dellambiente-crisi-della-politica-al-tempo-del-corona-virus\/\" \/>\n<meta property=\"og:site_name\" content=\"Pressenza\" \/>\n<meta property=\"article:publisher\" content=\"https:\/\/www.facebook.com\/PressenzaItalia\" \/>\n<meta property=\"article:published_time\" content=\"2021-01-18T16:15:30+00:00\" \/>\n<meta property=\"article:modified_time\" content=\"2021-01-18T19:50:55+00:00\" \/>\n<meta property=\"og:image\" content=\"https:\/\/www.pressenza.com\/wp-content\/uploads\/2016\/06\/10-maneras-evitar-crisis-empresas-profesionales-on-580x333.jpg\" \/>\n\t<meta property=\"og:image:width\" content=\"580\" \/>\n\t<meta property=\"og:image:height\" content=\"333\" \/>\n\t<meta property=\"og:image:type\" content=\"image\/jpeg\" \/>\n<meta name=\"author\" content=\"Moreno Biagioni\" \/>\n<meta name=\"twitter:card\" content=\"summary_large_image\" \/>\n<meta name=\"twitter:creator\" content=\"@PressenzaIPA\" \/>\n<meta name=\"twitter:site\" content=\"@PressenzaIPA\" \/>\n<meta name=\"twitter:label1\" content=\"Scritto da\" \/>\n\t<meta name=\"twitter:data1\" content=\"Moreno Biagioni\" \/>\n\t<meta name=\"twitter:label2\" content=\"Tempo di lettura stimato\" \/>\n\t<meta name=\"twitter:data2\" content=\"15 minuti\" \/>\n<script type=\"application\/ld+json\" class=\"yoast-schema-graph\">{\"@context\":\"https:\/\/schema.org\",\"@graph\":[{\"@type\":\"Article\",\"@id\":\"https:\/\/www.pressenza.com\/it\/2021\/01\/il-mondo-in-crisi-crisi-della-democrazia-crisi-dellambiente-crisi-della-politica-al-tempo-del-corona-virus\/#article\",\"isPartOf\":{\"@id\":\"https:\/\/www.pressenza.com\/it\/2021\/01\/il-mondo-in-crisi-crisi-della-democrazia-crisi-dellambiente-crisi-della-politica-al-tempo-del-corona-virus\/\"},\"author\":{\"name\":\"Moreno Biagioni\",\"@id\":\"https:\/\/www.pressenza.com\/it\/#\/schema\/person\/a423c87534b12fdc7b4615df282d0ea0\"},\"headline\":\"Il mondo in crisi: crisi della democrazia, crisi dell&#8217;ambiente, crisi della politica al tempo del corona virus\",\"datePublished\":\"2021-01-18T16:15:30+00:00\",\"dateModified\":\"2021-01-18T19:50:55+00:00\",\"mainEntityOfPage\":{\"@id\":\"https:\/\/www.pressenza.com\/it\/2021\/01\/il-mondo-in-crisi-crisi-della-democrazia-crisi-dellambiente-crisi-della-politica-al-tempo-del-corona-virus\/\"},\"wordCount\":3121,\"publisher\":{\"@id\":\"https:\/\/www.pressenza.com\/it\/#organization\"},\"image\":{\"@id\":\"https:\/\/www.pressenza.com\/it\/2021\/01\/il-mondo-in-crisi-crisi-della-democrazia-crisi-dellambiente-crisi-della-politica-al-tempo-del-corona-virus\/#primaryimage\"},\"thumbnailUrl\":\"https:\/\/www.pressenza.com\/wp-content\/uploads\/2016\/06\/10-maneras-evitar-crisis-empresas-profesionales-on-580x333.jpg\",\"keywords\":[\"ambiente\",\"crisi\",\"Democrazia\",\"politica\"],\"articleSection\":[\"Europa\",\"Opinioni\",\"Politica\"],\"inLanguage\":\"it-IT\"},{\"@type\":\"WebPage\",\"@id\":\"https:\/\/www.pressenza.com\/it\/2021\/01\/il-mondo-in-crisi-crisi-della-democrazia-crisi-dellambiente-crisi-della-politica-al-tempo-del-corona-virus\/\",\"url\":\"https:\/\/www.pressenza.com\/it\/2021\/01\/il-mondo-in-crisi-crisi-della-democrazia-crisi-dellambiente-crisi-della-politica-al-tempo-del-corona-virus\/\",\"name\":\"Il mondo in crisi: crisi della democrazia, crisi dell'ambiente, crisi della politica al tempo del corona virus\",\"isPartOf\":{\"@id\":\"https:\/\/www.pressenza.com\/it\/#website\"},\"primaryImageOfPage\":{\"@id\":\"https:\/\/www.pressenza.com\/it\/2021\/01\/il-mondo-in-crisi-crisi-della-democrazia-crisi-dellambiente-crisi-della-politica-al-tempo-del-corona-virus\/#primaryimage\"},\"image\":{\"@id\":\"https:\/\/www.pressenza.com\/it\/2021\/01\/il-mondo-in-crisi-crisi-della-democrazia-crisi-dellambiente-crisi-della-politica-al-tempo-del-corona-virus\/#primaryimage\"},\"thumbnailUrl\":\"https:\/\/www.pressenza.com\/wp-content\/uploads\/2016\/06\/10-maneras-evitar-crisis-empresas-profesionales-on-580x333.jpg\",\"datePublished\":\"2021-01-18T16:15:30+00:00\",\"dateModified\":\"2021-01-18T19:50:55+00:00\",\"description\":\"Crisi che s'intrecciano - La crisi dovuta al corona virus, in cui il mondo \u00e8 immerso, si intreccia con altre, che ne sono, al tempo stesso, cause ed\",\"breadcrumb\":{\"@id\":\"https:\/\/www.pressenza.com\/it\/2021\/01\/il-mondo-in-crisi-crisi-della-democrazia-crisi-dellambiente-crisi-della-politica-al-tempo-del-corona-virus\/#breadcrumb\"},\"inLanguage\":\"it-IT\",\"potentialAction\":[{\"@type\":\"ReadAction\",\"target\":[\"https:\/\/www.pressenza.com\/it\/2021\/01\/il-mondo-in-crisi-crisi-della-democrazia-crisi-dellambiente-crisi-della-politica-al-tempo-del-corona-virus\/\"]}]},{\"@type\":\"ImageObject\",\"inLanguage\":\"it-IT\",\"@id\":\"https:\/\/www.pressenza.com\/it\/2021\/01\/il-mondo-in-crisi-crisi-della-democrazia-crisi-dellambiente-crisi-della-politica-al-tempo-del-corona-virus\/#primaryimage\",\"url\":\"https:\/\/www.pressenza.com\/wp-content\/uploads\/2016\/06\/10-maneras-evitar-crisis-empresas-profesionales-on-580x333.jpg\",\"contentUrl\":\"https:\/\/www.pressenza.com\/wp-content\/uploads\/2016\/06\/10-maneras-evitar-crisis-empresas-profesionales-on-580x333.jpg\",\"width\":580,\"height\":333},{\"@type\":\"BreadcrumbList\",\"@id\":\"https:\/\/www.pressenza.com\/it\/2021\/01\/il-mondo-in-crisi-crisi-della-democrazia-crisi-dellambiente-crisi-della-politica-al-tempo-del-corona-virus\/#breadcrumb\",\"itemListElement\":[{\"@type\":\"ListItem\",\"position\":1,\"name\":\"Accueil\",\"item\":\"https:\/\/www.pressenza.com\/it\/\"},{\"@type\":\"ListItem\",\"position\":2,\"name\":\"Il mondo in crisi: crisi della democrazia, crisi dell&#8217;ambiente, crisi della politica al tempo del corona virus\"}]},{\"@type\":\"WebSite\",\"@id\":\"https:\/\/www.pressenza.com\/it\/#website\",\"url\":\"https:\/\/www.pressenza.com\/it\/\",\"name\":\"Pressenza\",\"description\":\"Agenzia di Stampa Internazionale\",\"publisher\":{\"@id\":\"https:\/\/www.pressenza.com\/it\/#organization\"},\"potentialAction\":[{\"@type\":\"SearchAction\",\"target\":{\"@type\":\"EntryPoint\",\"urlTemplate\":\"https:\/\/www.pressenza.com\/it\/?s={search_term_string}\"},\"query-input\":{\"@type\":\"PropertyValueSpecification\",\"valueRequired\":true,\"valueName\":\"search_term_string\"}}],\"inLanguage\":\"it-IT\"},{\"@type\":\"Organization\",\"@id\":\"https:\/\/www.pressenza.com\/it\/#organization\",\"name\":\"Pressenza\",\"url\":\"https:\/\/www.pressenza.com\/it\/\",\"logo\":{\"@type\":\"ImageObject\",\"inLanguage\":\"it-IT\",\"@id\":\"https:\/\/www.pressenza.com\/it\/#\/schema\/logo\/image\/\",\"url\":\"https:\/\/www.pressenza.com\/wp-content\/uploads\/2022\/10\/pressenza_logo_200x200.jpg\",\"contentUrl\":\"https:\/\/www.pressenza.com\/wp-content\/uploads\/2022\/10\/pressenza_logo_200x200.jpg\",\"width\":200,\"height\":200,\"caption\":\"Pressenza\"},\"image\":{\"@id\":\"https:\/\/www.pressenza.com\/it\/#\/schema\/logo\/image\/\"},\"sameAs\":[\"https:\/\/www.facebook.com\/PressenzaItalia\",\"https:\/\/x.com\/PressenzaIPA\"]},{\"@type\":\"Person\",\"@id\":\"https:\/\/www.pressenza.com\/it\/#\/schema\/person\/a423c87534b12fdc7b4615df282d0ea0\",\"name\":\"Moreno Biagioni\",\"description\":\"Impegnato dal secolo scorso nel movimento antirazzista, antifascista e pacifista fiorentino. Attualmente fa parte della Rete Antirazzista, del Comitato \\\"Fermiamo la guerra\\\", della Rete Antifascista di San Jacopino-Puccini-Porta al Prato.\",\"url\":\"https:\/\/www.pressenza.com\/it\/author\/moreno-biagioni\/\"}]}<\/script>\n<!-- \/ Yoast SEO plugin. -->","yoast_head_json":{"title":"Il mondo in crisi: crisi della democrazia, crisi dell'ambiente, crisi della politica al tempo del corona virus","description":"Crisi che s'intrecciano - La crisi dovuta al corona virus, in cui il mondo \u00e8 immerso, si intreccia con altre, che ne sono, al tempo stesso, cause ed","robots":{"index":"index","follow":"follow","max-snippet":"max-snippet:-1","max-image-preview":"max-image-preview:large","max-video-preview":"max-video-preview:-1"},"canonical":"https:\/\/www.pressenza.com\/it\/2021\/01\/il-mondo-in-crisi-crisi-della-democrazia-crisi-dellambiente-crisi-della-politica-al-tempo-del-corona-virus\/","og_locale":"it_IT","og_type":"article","og_title":"Il mondo in crisi: crisi della democrazia, crisi dell'ambiente, crisi della politica al tempo del corona virus","og_description":"Crisi che s'intrecciano - La crisi dovuta al corona virus, in cui il mondo \u00e8 immerso, si intreccia con altre, che ne sono, al tempo stesso, cause ed","og_url":"https:\/\/www.pressenza.com\/it\/2021\/01\/il-mondo-in-crisi-crisi-della-democrazia-crisi-dellambiente-crisi-della-politica-al-tempo-del-corona-virus\/","og_site_name":"Pressenza","article_publisher":"https:\/\/www.facebook.com\/PressenzaItalia","article_published_time":"2021-01-18T16:15:30+00:00","article_modified_time":"2021-01-18T19:50:55+00:00","og_image":[{"width":580,"height":333,"url":"https:\/\/www.pressenza.com\/wp-content\/uploads\/2016\/06\/10-maneras-evitar-crisis-empresas-profesionales-on-580x333.jpg","type":"image\/jpeg"}],"author":"Moreno Biagioni","twitter_card":"summary_large_image","twitter_creator":"@PressenzaIPA","twitter_site":"@PressenzaIPA","twitter_misc":{"Scritto da":"Moreno Biagioni","Tempo di lettura stimato":"15 minuti"},"schema":{"@context":"https:\/\/schema.org","@graph":[{"@type":"Article","@id":"https:\/\/www.pressenza.com\/it\/2021\/01\/il-mondo-in-crisi-crisi-della-democrazia-crisi-dellambiente-crisi-della-politica-al-tempo-del-corona-virus\/#article","isPartOf":{"@id":"https:\/\/www.pressenza.com\/it\/2021\/01\/il-mondo-in-crisi-crisi-della-democrazia-crisi-dellambiente-crisi-della-politica-al-tempo-del-corona-virus\/"},"author":{"name":"Moreno Biagioni","@id":"https:\/\/www.pressenza.com\/it\/#\/schema\/person\/a423c87534b12fdc7b4615df282d0ea0"},"headline":"Il mondo in crisi: crisi della democrazia, crisi dell&#8217;ambiente, crisi della politica al tempo del corona virus","datePublished":"2021-01-18T16:15:30+00:00","dateModified":"2021-01-18T19:50:55+00:00","mainEntityOfPage":{"@id":"https:\/\/www.pressenza.com\/it\/2021\/01\/il-mondo-in-crisi-crisi-della-democrazia-crisi-dellambiente-crisi-della-politica-al-tempo-del-corona-virus\/"},"wordCount":3121,"publisher":{"@id":"https:\/\/www.pressenza.com\/it\/#organization"},"image":{"@id":"https:\/\/www.pressenza.com\/it\/2021\/01\/il-mondo-in-crisi-crisi-della-democrazia-crisi-dellambiente-crisi-della-politica-al-tempo-del-corona-virus\/#primaryimage"},"thumbnailUrl":"https:\/\/www.pressenza.com\/wp-content\/uploads\/2016\/06\/10-maneras-evitar-crisis-empresas-profesionales-on-580x333.jpg","keywords":["ambiente","crisi","Democrazia","politica"],"articleSection":["Europa","Opinioni","Politica"],"inLanguage":"it-IT"},{"@type":"WebPage","@id":"https:\/\/www.pressenza.com\/it\/2021\/01\/il-mondo-in-crisi-crisi-della-democrazia-crisi-dellambiente-crisi-della-politica-al-tempo-del-corona-virus\/","url":"https:\/\/www.pressenza.com\/it\/2021\/01\/il-mondo-in-crisi-crisi-della-democrazia-crisi-dellambiente-crisi-della-politica-al-tempo-del-corona-virus\/","name":"Il mondo in crisi: crisi della democrazia, crisi dell'ambiente, crisi della politica al tempo del corona virus","isPartOf":{"@id":"https:\/\/www.pressenza.com\/it\/#website"},"primaryImageOfPage":{"@id":"https:\/\/www.pressenza.com\/it\/2021\/01\/il-mondo-in-crisi-crisi-della-democrazia-crisi-dellambiente-crisi-della-politica-al-tempo-del-corona-virus\/#primaryimage"},"image":{"@id":"https:\/\/www.pressenza.com\/it\/2021\/01\/il-mondo-in-crisi-crisi-della-democrazia-crisi-dellambiente-crisi-della-politica-al-tempo-del-corona-virus\/#primaryimage"},"thumbnailUrl":"https:\/\/www.pressenza.com\/wp-content\/uploads\/2016\/06\/10-maneras-evitar-crisis-empresas-profesionales-on-580x333.jpg","datePublished":"2021-01-18T16:15:30+00:00","dateModified":"2021-01-18T19:50:55+00:00","description":"Crisi che s'intrecciano - La crisi dovuta al corona virus, in cui il mondo \u00e8 immerso, si intreccia con altre, che ne sono, al tempo stesso, cause ed","breadcrumb":{"@id":"https:\/\/www.pressenza.com\/it\/2021\/01\/il-mondo-in-crisi-crisi-della-democrazia-crisi-dellambiente-crisi-della-politica-al-tempo-del-corona-virus\/#breadcrumb"},"inLanguage":"it-IT","potentialAction":[{"@type":"ReadAction","target":["https:\/\/www.pressenza.com\/it\/2021\/01\/il-mondo-in-crisi-crisi-della-democrazia-crisi-dellambiente-crisi-della-politica-al-tempo-del-corona-virus\/"]}]},{"@type":"ImageObject","inLanguage":"it-IT","@id":"https:\/\/www.pressenza.com\/it\/2021\/01\/il-mondo-in-crisi-crisi-della-democrazia-crisi-dellambiente-crisi-della-politica-al-tempo-del-corona-virus\/#primaryimage","url":"https:\/\/www.pressenza.com\/wp-content\/uploads\/2016\/06\/10-maneras-evitar-crisis-empresas-profesionales-on-580x333.jpg","contentUrl":"https:\/\/www.pressenza.com\/wp-content\/uploads\/2016\/06\/10-maneras-evitar-crisis-empresas-profesionales-on-580x333.jpg","width":580,"height":333},{"@type":"BreadcrumbList","@id":"https:\/\/www.pressenza.com\/it\/2021\/01\/il-mondo-in-crisi-crisi-della-democrazia-crisi-dellambiente-crisi-della-politica-al-tempo-del-corona-virus\/#breadcrumb","itemListElement":[{"@type":"ListItem","position":1,"name":"Accueil","item":"https:\/\/www.pressenza.com\/it\/"},{"@type":"ListItem","position":2,"name":"Il mondo in crisi: crisi della democrazia, crisi dell&#8217;ambiente, crisi della politica al tempo del corona virus"}]},{"@type":"WebSite","@id":"https:\/\/www.pressenza.com\/it\/#website","url":"https:\/\/www.pressenza.com\/it\/","name":"Pressenza","description":"Agenzia di Stampa Internazionale","publisher":{"@id":"https:\/\/www.pressenza.com\/it\/#organization"},"potentialAction":[{"@type":"SearchAction","target":{"@type":"EntryPoint","urlTemplate":"https:\/\/www.pressenza.com\/it\/?s={search_term_string}"},"query-input":{"@type":"PropertyValueSpecification","valueRequired":true,"valueName":"search_term_string"}}],"inLanguage":"it-IT"},{"@type":"Organization","@id":"https:\/\/www.pressenza.com\/it\/#organization","name":"Pressenza","url":"https:\/\/www.pressenza.com\/it\/","logo":{"@type":"ImageObject","inLanguage":"it-IT","@id":"https:\/\/www.pressenza.com\/it\/#\/schema\/logo\/image\/","url":"https:\/\/www.pressenza.com\/wp-content\/uploads\/2022\/10\/pressenza_logo_200x200.jpg","contentUrl":"https:\/\/www.pressenza.com\/wp-content\/uploads\/2022\/10\/pressenza_logo_200x200.jpg","width":200,"height":200,"caption":"Pressenza"},"image":{"@id":"https:\/\/www.pressenza.com\/it\/#\/schema\/logo\/image\/"},"sameAs":["https:\/\/www.facebook.com\/PressenzaItalia","https:\/\/x.com\/PressenzaIPA"]},{"@type":"Person","@id":"https:\/\/www.pressenza.com\/it\/#\/schema\/person\/a423c87534b12fdc7b4615df282d0ea0","name":"Moreno Biagioni","description":"Impegnato dal secolo scorso nel movimento antirazzista, antifascista e pacifista fiorentino. Attualmente fa parte della Rete Antirazzista, del Comitato \"Fermiamo la guerra\", della Rete Antifascista di San Jacopino-Puccini-Porta al Prato.","url":"https:\/\/www.pressenza.com\/it\/author\/moreno-biagioni\/"}]}},"place":"Firenze","original_article_url":"","_links":{"self":[{"href":"https:\/\/www.pressenza.com\/it\/wp-json\/wp\/v2\/posts\/1280551","targetHints":{"allow":["GET"]}}],"collection":[{"href":"https:\/\/www.pressenza.com\/it\/wp-json\/wp\/v2\/posts"}],"about":[{"href":"https:\/\/www.pressenza.com\/it\/wp-json\/wp\/v2\/types\/post"}],"author":[{"embeddable":true,"href":"https:\/\/www.pressenza.com\/it\/wp-json\/wp\/v2\/users\/1507"}],"replies":[{"embeddable":true,"href":"https:\/\/www.pressenza.com\/it\/wp-json\/wp\/v2\/comments?post=1280551"}],"version-history":[{"count":0,"href":"https:\/\/www.pressenza.com\/it\/wp-json\/wp\/v2\/posts\/1280551\/revisions"}],"wp:featuredmedia":[{"embeddable":true,"href":"https:\/\/www.pressenza.com\/it\/wp-json\/wp\/v2\/media\/331445"}],"wp:attachment":[{"href":"https:\/\/www.pressenza.com\/it\/wp-json\/wp\/v2\/media?parent=1280551"}],"wp:term":[{"taxonomy":"category","embeddable":true,"href":"https:\/\/www.pressenza.com\/it\/wp-json\/wp\/v2\/categories?post=1280551"},{"taxonomy":"post_tag","embeddable":true,"href":"https:\/\/www.pressenza.com\/it\/wp-json\/wp\/v2\/tags?post=1280551"}],"curies":[{"name":"wp","href":"https:\/\/api.w.org\/{rel}","templated":true}]}}