{"id":127939,"date":"2014-08-23T14:14:57","date_gmt":"2014-08-23T13:14:57","guid":{"rendered":"http:\/\/www.pressenza.com\/?p=127939"},"modified":"2014-08-23T14:19:37","modified_gmt":"2014-08-23T13:19:37","slug":"essere-umani","status":"publish","type":"post","link":"https:\/\/www.pressenza.com\/it\/2014\/08\/essere-umani\/","title":{"rendered":"Essere umani"},"content":{"rendered":"<p><img loading=\"lazy\" decoding=\"async\" class=\"alignright\" alt=\"\" src=\"data:image\/jpeg;base64,\/9j\/4AAQSkZJRgABAQAAAQABAAD\/2wCEAAkGBxQTEhUUEhQVFhUXGCAbFxgWGBwYGhsYHBocIBwYGR8dHCggHiAnHBwcJjQhJykrLi8uHx8zODMsNygtLisBCgoKDg0OGhAQGzQkICUuLDcsLCwwLC4sLCwsMC8sLC8sLCwsNDQvLCwsNTQsLCwtLy0sLCw0LCwsLCw0NC8sLP\/AABEIALAAcAMBIgACEQEDEQH\/xAAcAAACAgMBAQAAAAAAAAAAAAAEBQIDAAEHCAb\/xABHEAACAQEFBAYFBwkHBQAAAAABAgMRAAQSITEFQVFhEyIycYGRBkJScqEjYoKxssHRBwgUJDNTY5LwNENzwsPS8RUWZJOi\/8QAGAEAAwEBAAAAAAAAAAAAAAAAAAECAwT\/xAApEQACAgEDAwMDBQAAAAAAAAAAAQIRIQMxQRITUWFx8KHR8QRCkbHB\/9oADAMBAAIRAxEAPwDjaqKaC28I4C2JoLbsCNYRwtmEcBbdssAawjgLYEHC27ZYGawDhbMI4Cze\/QdLd1vI7St0U4+dSscn0lyPNedlkURY0UEk6Aamgr9QskxtErndOkcItKmtK7yATT4WpAHAWN2NLhvELfxF8iwB+BtXebuRJKoHYZ68lVjU2LyHANhHAWl0WVaZVpXmQTTyBtqzK8R4LqgOTPM7EHWiKEp5lrDYkLMI4C2mUcBaVtGzAxNBbdtJoLH3e4kjGo6VVFXVDRwN5KkVp4EWTdAlYDa2O7sysyioXtUzoPaPLnZ3HsdJ06S6yDEoqUOR5HM9Q7q1KniNLNtjXJL31Yj+jbSirRWyWegzQg0oxGRB10NRbKWrRagfKQ3LHGzoalM3TeE9teKjfw10tK53QSqwWvSqCwX20AqwHzlGfMVsfeYzFILxGpiKSYZYiM4pNCtN8bitO8rztra926CSO8XY1hc44WFaK65tEa5gqd3Ai1KViqiXogweV7qx6l6jMddyyjrwv4SKB3MbK7pM8MiyAENE4JHAq3ZPeRSzKS9C73mO8wqDG9JFU6Ur14jzVwRXd1TZvtuBBtN8H7C+pjT3J0qPFZR5rYbHQm9K4VhvsvR9jGssfuSBZFp4NYi8JS9X8cI5\/iw\/GwvpICYrq51\/R+ib3oHZPs4bOrmP1vaTcLnK3msX42TwgW589sa6FrxArA4WcNnvRTVqeCm1\/pJNVoh\/DDn3piZD8GWzW6QnFEBlguKAHhJO+FT5SV8DZZPIryXq8MAVU4YwdCzErGPoxqW+jZ3kVYFKxEqzAdVAMR4VNB5ndZrtPZSwxAvUSaU4uQCV92NSATvZqbrM9kXHDgQ0+RpNLi06ZweiVuSIGYjk1lnpWflcJYkqtCp1TU0Y73NcTczTdY6rlQVSsVXaPFQYlXLVjQedLXzXaWFlY4kNao6nIkb0YZV7rUImQ7rF3G9PHiCZqw66EYkI4sumXtZEcbW0xKgy7XoTOrYlhvQ7EgoqSH2XGisdMXZbMEb7fR3GSO9kxzx9Fe4jqvUcFdGQ8tcJ044TVWP5IPQu6bQW8m9IzdGyBcLstAwYnQ56W6Kfyf7JkwGpLQ0CuJ2xDrUUFsVTRshXQ5WiWnZUZUfA3+6telLsoa9xoVlC5C+XcZGnCVTu1DADQqbfL7GwxvLcZjju95AaN8gQ4B6OReDGhU8xQ270\/o5cEcsWwslGY9IRSlBU560IB5EA7rB7U\/J\/syR16RSGZy6ASsvWalStDkCwBppiz1NojCSwU5I4DLdSsU92fOSA9NGR6yEDpKcihV+4HhYyGFp7nc2joZLvO0WZpkx6aMV97EB327pevQTZvTRs4pKoISspBIbFVSK5jNsjuJsLdPQLZMUTqhIjdkJ+XY9ePNSCTlSuvA20p0RaOKel8AEGXqXmVR3SIsg+uzf0XhEk+0SwqDdY1I9\/ov8AbbrkvonsqcvUq\/WEjgSmlQgjBIrphoO+ljdm\/k\/uUBkMaOOkwh6uxrgFF1PO0Sg3GilJXZwq\/uIzMR6smEc0usPRDzkf4WDud0URxh844I\/0qeu9noIo+8jCKcCbd3vH5LtnupVo3INa\/KP6z4zv3t9QsQfydXGrHo260qyt12zZAQgOfZWpougtXSxdSOMySG53YySZzMxYg755MyDxw0FeASnr25+7E1JJJNSSdSTqTzt6h2n+TK4T4elSQ4a0pK4pWldDyHkLKNp\/ki2YkMrrFJVY2I+WfUKSN9nCNLIpOzgeydnyXiSOGFccj0CrpU0zrwAGZt07amwFuWzb5BdwssqoP068sCAuakXeLnQg8hQmpNuVXaRlwsrFWWhVlNCGGYIPEG3Rttelo2psxkvEhivV1pJhBol5GQqR7Q1puOfdoSfRfm69i++\/H9lrfaRejyzxNSVWq8oLgNlV2ZVUE5YZDU8Sot8X+br2b778f2Wt9\/ePRqRozH+kUXE7ZR54pGY1rj9XFl3WTAqn9F5Hi6NpVqDIwbCc3lBDYs81GJqfR4Z3X3YruXMsifLYEaiHqqjlkCGupqRU78+Vrtp+j3TOXMlDgReyT2WJJ7Q7QNPDfZbF6KylnxygZjDItcdBlTtZVHlzsAM77sEu14GMYLxQt1aspEYTqGtNADyNeOQt69GnkYuZFDlQvVDLQKKAghs61NVNQRQbq2g3ogd05FcslOnW6o6+S9YZcB5MDsPOA9I1IhSmdD1gajrVBypnXIkWAApvR4y9MuNMDuMQCkMFWJVCA6dpVbIU3c7PtnxusSLIwZ1UBmAoGIGbAbq8LLr3sMukidKQHl6SoByGXV7XEV+6wP8A2oa\/t2pnQYdAWY17XaGKgPDdYA+ljkDAEZgio7rSsgvPo4XSFTO4McXR1FRU9Wkg62TDDzyJFqG9E6\/31MwaKpAyGajr5IT1gNzZ13WAPpJJAoJOgzNhNtH9Wm\/wn+ybIpfREkH9YapxZ4SaFhr2\/wCuIs82wP1aav7p\/sGwB5IudykkUFFLbsszkBXLlUedsvNzeOnSIVrpiFK01p52ncZ41jIZHLHslXwgdWmYpnr9ViZL3dzSsUxOnWmrQcur+FqGdW\/N07F99+P7LW7Jbjn5uvZvvvx\/Za3Y7SIy2Wy2WAMtlstlgDLZbLZYAy2Wy2WAMsFtv+zz\/wCE\/wBk2NsFtv8As8\/+E\/2TYA8k7PniVKSRlzWoIbDlQdXzqfK163i7DWKQ98gp9Wtlt2mCgVRW96v3GxiX+P8AdFOcbA\/B1NfMWLfgpJHWPzf77FGt9xyIlXjw42AqKNxOduvybThUAtLGA3ZJdQD3Z528qQlZOy12Y8JkET+BzU+BswSCaJSDCuA5lCqyxNzqmnfh8bLqRa00+T0uds3f9\/D\/AOxfxtNdpwnITRE0rTGunHXTnby50UDHFDS6yH1XpLd3PBXIqnusPG2KwjkVJ4xd5VOKNh+zPMEdkH5pKnOoU52lyF263PUibShOksZ7nU\/f3Wx9pQjWWMd7qPvt512fOC5HQiOUdaRYlqGG6dFFcQz6yjOhqK6WI2zdUoJDGrlRWlciozOYzyGY5A8LYvXalTWDVfp7VpnoQX6OgbpEodDiFD3GttDaMWXyseenXXdrvtxDZUSfoWBc0jmDITrgcOMJ5g4R4CyeNQscJoKrC7gfOlkYKPE0PhY7+aF2D0P\/ANQioT0sdBqca0868rRTacJBIliIXtEOtB3muVvPPpPdaJBcIWXGRinNKYABUs\/fUse+m+waJ1Vu11UFB1+tkp\/8mfcR7KHkdAK1HVtW1+CZaVOj0mu0oi2ESxluAda8dK8LL9sbYu5u8wE8JPRPpIvsnnbz3c6deC5IJ3b+0Tvkhrr0jeyT6gIHHFuHvst1gB6Rlvc1CBhUCKMkeqooD7zE6ZLvta1CHCj5qBEagCyE03FR\/lsYuy66Bx3tEf8AOLBR3fqgsyrlocz5C0xFAB1mkbkqqvmWJ+q2jsaXkMbYUtMgT3KT9motlz2feEPydF+mqg+BP3WyFYjQpdZPeMn30AsfBfDULR8\/VMofyBYi0tM1Wmvlk0e8GokhEtdSrKzdxAbEf6ytkUoUGIDq6m7zA0B4rkGQ8wB42tmgQ5SBByZkJ\/8Ak2jGEqB07YB6tDIO4YgQvfbNxZstOS2yVR9Sipiwg4kQmksZ9qB9HG+m\/eLfQXPa\/TIIpGUsf2Uu7ED2WrnRtKHNWNMwRRd8gV66hUqc1lqzEcI3QKTzDL32CnuMLD5K8GrDNJkCVNNMQdh41Ns3C9wzF4Hvo7fKi8wUIIXGAdRhkSoPdSls2ReOupoGwhQo3ExphQHljLMeSmyzZG0pI5uvUFkaOTPKRShCueJBA+BsI96kiBiIKysBirqqMMVBwLA15A87ZvTyNSxbGt9EYaTA5YuQZ5mGLHIfVVRqK9mMEk5VNBmDtK9xovRy4ghNf0aNqzSv7d6kGS+4ASK0AytG6mlMnNBQdGGqAdaMASK76UJ9qxA2ut3UBYDGN1fkQTzI658Xz4WpRfuZtN5Fd\/vM82GF8N3j9S7opHjgHXc8zY+6eh82Bm\/RyAFJx3lsGgPZjWp\/mJ3WhP6YTkUW8RxLwQN45gVPnZLe700gOK9hstCzqD8KW1jGdYwZNL3A4pFAHUrlqxP1ClrI76V7Kxg8cINO6tqIIy2nDM6Ad5sxj2WAKs2X8o8zmfAeNtyIKT2BXvrnMt5qv4WnFfZSCEJz1wqM+WQ+Fi1mhTSnMgYvrP3mxEe05XFIIyB7ZOficgO4fGwbRh5l\/GQUbPvFKsuAcZMKfA5\/C0ZLjQVeVPooW+NALGrs5iflJQralYxibvY5U7ybXGKCGhdcRPZxnEzdw+8gcgbJm60lz9X9hQIS5Aj6WQgUAC5U4UFbWXe4opYzthCjsKQXY7kFKheJY6DdWli7\/tGRhhJwL+6TI0+eRp417rKo4i5oAAo1poPxJ+NpMNRRvGR5sraMYljK3eMqpqEYswIG4ktamW\/RNIWvCYsbFmaN2DDEa8SDTmLB7GA6au5Edv5Y2NgrrqBkK8dK8+Vp6ORdy4pDm+3MIWKot4iXR1Z64TmC6g1XI57gbT2dt5EyW75HULMaH6LKQbLzGU+VhLIyGjqD1o20qDvQnIHwNjemivCEyqEmXMugAWRdCxXIYgaVoRUGu6w4+QV3gYTbTulQTG8WIVKsKqDvAK1NN\/ZtC93yBVzQ0YHCySYlJp7gzFRkc7Kpri0YxK5wbyKso94ar4gjnYaZSFJeJWX24zQV4kjLzFn20VJyW6IXa94AuEBn3EioB+au88zabXdnYmV6Ea1zIHPOi\/1lYdLxRQEGHLMg9Y+O7uFr4bvVQzkJGOyN7e6N\/fbQyi+rG\/8ARfdymLDCmNhmXfMKONKac8rGXibDTpJD4dr6IGSjuz52XS7RywRLgWu7tE8Tz87ThuKqMc5IGuEZs3\/J\/oWDaMuI\/ZBN3vLSdWFBHEpq1Tv4ud55Wg0yjEykkk9aZtSeCD4UHid1oXq9lwoZcKf3cKZVroW35nfqd3G2yoQY5CCwyVRoKeqv3ndzNhj6\/UqW7lqClATkpOZIzq3cMzwtdtEiNAi6nU6HmTwJ05DLWti7muGPpn7TjqjcsYOVO86cSRzskvTl3J3k2mg1GoRvlhOzeqk78Iio75GVfqJsLLH1UPEH4Gx15XBdwvtvXwWtPjS1bR1gjPz2XzCmzMXD9voHxSdVJxqvycw9pKUJ78OfgLAyXcYnUUxKxBB0ahpiHCo387EejjVZov3ilRXdIM0PwIPfYS+AiTEMsWa\/UUPMEEWRq3cVKvcsuV9khOJDULqrarxB5c9OIsdLBHMpmup6J6ESRg0zoTlxUgHTmCN9hA4cBgcLDIn2Tphb5p0B3aGtqpbuSHwCjAdePeKZ1X+udqFbqt182AoaAVOfAbu8\/hvtPrSNxPPQD7gLUwrWm7nwsSbzQYUFBx3nmefDhYOdVWdgjpFhyXrScdy93Pl\/xauEMWFQXkbsqftNyA3aU1oLU3KEs4VRU\/DLUtwUb7GGRQGVTVP72T1pPmLwU8N+pyysGidq+CwEJiYtiJNGkBzZt6RncOL+VMrVXKHpXLyZRRgYqaU9WNe85eZsKxaV1AGZ6qqNANwHLfXvNmE0oVQkdCkRy\/iTt63cu4chxsFQp5ey+rJbSvRYsx3UqN2KlFQckX41ssuS1ccqnyBNrL+1KRg1wdo8XPaPhp4WJ2DHVix3UHh2j8E+NgJPr1EiG1Gq+HdGMI8KVPna8p+qLTXpf9M\/7bCjOrH1qnzDH8LHjK5xn+KPrcWRosuT9AC5SYJVYZA0oeFcwfBrMdsQY0LgfPI4Ejrr3b\/o87KzHiUDeMS+IzH32eXW8AiFjpKGjf3xTPxrXxsD06cXBie6Ni0pjAzB0dfZPPnab0NBiwnCTE5yyGsb92lfxsCysjkaMpI8RlZq6CaMldTU0+eBn44fMUPqmwYxfVjkSroLWQxFiAup8hzPK1SnIWs6QUoN+pr8O6zMFXIXeJwqmKI9U9t97nhyUcPGwrPkBuGfjvJtXiFjLgFFZGoQmgrq274\/1lYLtzlW3+Fx+RT+LIP5EO7vP1WhdjgXHuTJOcjDtfRGfgLCSSF2qSCzHjvOlrr+4BEakYYxSvFj228Tl3AWCnPxstgaza6HBd3bewIHezBB8A1lBNm8rAYY6igYDXci5n+YmwGi6bZSwoG5BvgoW055P1VR84f6tqGkGA5jNK673kH3C252HQIKjXj7\/wCNki3Lf2N4qPJTlIPChI8VY2JhUFJYRqG6SM9wFPNSLCRsMUWYoUCnPvX8LSimCtE1fmnPgaV8j8LMUZUS2t1ujlHrrn7y5Gw12vGCutCKGhoeRB4g\/fYy+06N1qOrIHXPc4YMB3MBZWxsEamJWj\/\/2Q==\" width=\"112\" height=\"176\" \/><\/p>\n<p>&nbsp;<\/p>\n<p>\u201cLa ragione e i suoi eccessi\u201d \u00e8 un saggio limpido e misurato di Paolo Costa, che considera \u201cla filosofia come il lubrificante del pensiero\u201d che stimola la curiosit\u00e0 (Feltrinelli, 2014, 307 p., \u20ac 22).<\/p>\n<p>La filosofia \u00e8 l\u2019esplorazione del mondo interiore e del mondo esteriore, e \u201cNon c\u2019\u00e8 una filosofia che contenga tutte le filosofie; la filosofia intera \u00e8, in certi momenti, in ognuna. Per riprendere il detto famoso, il suo centro \u00e8 ovunque e la sua circonferenza in nessun luogo\u201d (Merleau-Ponty).<\/p>\n<p>La conoscenza del mondo \u00e8 necessaria per evitare azioni svantaggiose e per realizzare azioni vantaggiose: \u201cgli umani, come tutti gli animali, esplorano e conoscono la realt\u00e0 soprattutto attraverso forme incarnate di intenzionalit\u00e0\u201d e vengono direzionati da molte emozioni (se mi sento disgustato cerco di evitare determinati cibi, un ambiente malsano, alcune persone o alcuni lavori).<\/p>\n<p>Per Costa \u201cl\u2019intuizione di base \u00e8 che, al di l\u00e0 del metodo, una piccola dose di disordine ed eccesso sia una condizione indispensabile per il progresso della conoscenza\u201d (p. 26). D\u2019altra parte, nonostante la necessaria volont\u00e0 di investigazione scientifica pi\u00f9 o meno metodica, l\u2019essenza della filosofia consiste nel cercare di diventare degli esseri umani professionisti (Martha Nussbaum).<\/p>\n<p>E qui si spalanca l\u2019inebriante porta del paradosso: \u201cChe rapporto esiste tra la realt\u00e0 dei fatti e questa fantasiosa contrapposizione tra un ordinato formicaio e un caotico aggregato di individui forse dotati, ma sicuramente sociopatici?\u201d (p. 27). La realt\u00e0 \u00e8 infinita e ogni filosofo pu\u00f2 prendere in esame una prospettiva psicologica e fenomenologica pi\u00f9 o meno ampia della vita.<\/p>\n<p>E come si esprime la saggezza a livello politico? Keynes ha affermato che \u201cmet\u00e0 della saggezza dei nostri statisti si basa su presupposti che un tempo erano veri, o veri in parte e ora sono sempre meno veri\u201d. Figuriamoci cosa pu\u00f2 accadere nella mente di un politicante. Comunque tutti i politici avrebbero bisogno di una supervisione costante e di almeno una seduta psicologica mensile di potenziamento cognitivo (un politico irrazionale \u00e8 molto pi\u00f9 dannoso di uno psicologo irrazionale).<\/p>\n<p>Nelle societ\u00e0 civili un buon approccio filosofico rafforza il circolo virtuoso della coercizione non violenta dell\u2019argomento migliore, basato sull\u2019autorit\u00e0 della verit\u00e0 (Habermas). In ogni caso diventare dei buoni pensatori non \u00e8 facile e solo una grande mente pu\u00f2 gestire bene gli eccessi della ragione. La realt\u00e0 pu\u00f2 risultare inconoscibile, la curiosit\u00e0 \u00e8 una buona guida e naturalmente \u201cL\u2019eccesso della ragione non \u00e8 sempre desiderabile\u201d (Montesquieu, <i>Lo spirito delle leggi<\/i>).<\/p>\n<p>&nbsp;<\/p>\n<p><strong>Paolo Costa<\/strong> \u00e8 ricercatore presso la Fondazione Bruno Kessler di Trento (<a href=\"http:\/\/www.fbk.eu\">www.fbk.eu<\/a>). Ha curato l\u2019<i>Antologia <\/i>di Hannah Arendt (2006) e <i>Viaggio di un naturalista intorno al mondo<\/i> di Darwin (2009).<\/p>\n<p>P. S. \u201cLa vita la si pu\u00f2 capire solo retrospettivamente, ma va vissuta con gli occhi rivolti al futuro\u201d (Kierkegaard).<\/p>\n","protected":false},"excerpt":{"rendered":"<p>&nbsp; \u201cLa ragione e i suoi eccessi\u201d \u00e8 un saggio limpido e misurato di Paolo Costa, che considera \u201cla filosofia come il lubrificante del pensiero\u201d che stimola la curiosit\u00e0 (Feltrinelli, 2014, 307 p., \u20ac 22). La filosofia \u00e8 l\u2019esplorazione del&hellip;<\/p>\n","protected":false},"author":1125,"featured_media":0,"comment_status":"closed","ping_status":"open","sticky":false,"template":"","format":"standard","meta":{"footnotes":""},"categories":[11388,56,47],"tags":[3130,11987,1311,11988,1552],"class_list":["post-127939","post","type-post","status-publish","format-standard","hentry","category-contenuti-originali","category-cultura","category-europa","tag-filosofia-it","tag-kierkegaard","tag-libro","tag-paolo-costa","tag-recensione"],"yoast_head":"<!-- This site is optimized with the Yoast SEO plugin v27.1.1 - https:\/\/yoast.com\/product\/yoast-seo-wordpress\/ -->\n<title>Essere umani<\/title>\n<meta name=\"description\" content=\"\u201cLa ragione e i suoi eccessi\u201d \u00e8 un saggio di Paolo Costa, che considera \u201cla filosofia come il lubrificante del pensiero\u201d che stimola la curiosit\u00e0\" \/>\n<meta name=\"robots\" content=\"index, follow, max-snippet:-1, max-image-preview:large, max-video-preview:-1\" \/>\n<link rel=\"canonical\" href=\"https:\/\/www.pressenza.com\/it\/2014\/08\/essere-umani\/\" \/>\n<meta property=\"og:locale\" content=\"it_IT\" \/>\n<meta property=\"og:type\" content=\"article\" \/>\n<meta property=\"og:title\" content=\"Essere umani\" \/>\n<meta property=\"og:description\" content=\"\u201cLa ragione e i suoi eccessi\u201d \u00e8 un saggio di Paolo Costa, che considera \u201cla filosofia come il lubrificante del pensiero\u201d che stimola la curiosit\u00e0\" \/>\n<meta property=\"og:url\" content=\"https:\/\/www.pressenza.com\/it\/2014\/08\/essere-umani\/\" \/>\n<meta property=\"og:site_name\" content=\"Pressenza\" \/>\n<meta property=\"article:publisher\" content=\"https:\/\/www.facebook.com\/PressenzaItalia\" \/>\n<meta property=\"article:published_time\" content=\"2014-08-23T13:14:57+00:00\" \/>\n<meta property=\"article:modified_time\" content=\"2014-08-23T13:19:37+00:00\" \/>\n<meta name=\"author\" content=\"Damiano Mazzotti\" \/>\n<meta name=\"twitter:card\" content=\"summary_large_image\" \/>\n<meta name=\"twitter:creator\" content=\"@PressenzaIPA\" \/>\n<meta name=\"twitter:site\" content=\"@PressenzaIPA\" \/>\n<meta name=\"twitter:label1\" content=\"Scritto da\" \/>\n\t<meta name=\"twitter:data1\" content=\"Damiano Mazzotti\" \/>\n\t<meta name=\"twitter:label2\" content=\"Tempo di lettura stimato\" \/>\n\t<meta name=\"twitter:data2\" content=\"2 minuti\" \/>\n<script type=\"application\/ld+json\" class=\"yoast-schema-graph\">{\"@context\":\"https:\/\/schema.org\",\"@graph\":[{\"@type\":\"Article\",\"@id\":\"https:\/\/www.pressenza.com\/it\/2014\/08\/essere-umani\/#article\",\"isPartOf\":{\"@id\":\"https:\/\/www.pressenza.com\/it\/2014\/08\/essere-umani\/\"},\"author\":{\"name\":\"Damiano Mazzotti\",\"@id\":\"https:\/\/www.pressenza.com\/it\/#\/schema\/person\/6aa377b00342e5cfe1e241413a17e4a5\"},\"headline\":\"Essere umani\",\"datePublished\":\"2014-08-23T13:14:57+00:00\",\"dateModified\":\"2014-08-23T13:19:37+00:00\",\"mainEntityOfPage\":{\"@id\":\"https:\/\/www.pressenza.com\/it\/2014\/08\/essere-umani\/\"},\"wordCount\":445,\"publisher\":{\"@id\":\"https:\/\/www.pressenza.com\/it\/#organization\"},\"keywords\":[\"filosofia\",\"Kierkegaard\",\"libro\",\"Paolo Costa\",\"recensione\"],\"articleSection\":[\"contenuti originali\",\"Cultura e Media\",\"Europa\"],\"inLanguage\":\"it-IT\"},{\"@type\":\"WebPage\",\"@id\":\"https:\/\/www.pressenza.com\/it\/2014\/08\/essere-umani\/\",\"url\":\"https:\/\/www.pressenza.com\/it\/2014\/08\/essere-umani\/\",\"name\":\"Essere umani\",\"isPartOf\":{\"@id\":\"https:\/\/www.pressenza.com\/it\/#website\"},\"datePublished\":\"2014-08-23T13:14:57+00:00\",\"dateModified\":\"2014-08-23T13:19:37+00:00\",\"description\":\"\u201cLa ragione e i suoi eccessi\u201d \u00e8 un saggio di Paolo Costa, che considera \u201cla filosofia come il lubrificante del pensiero\u201d che stimola la curiosit\u00e0\",\"breadcrumb\":{\"@id\":\"https:\/\/www.pressenza.com\/it\/2014\/08\/essere-umani\/#breadcrumb\"},\"inLanguage\":\"it-IT\",\"potentialAction\":[{\"@type\":\"ReadAction\",\"target\":[\"https:\/\/www.pressenza.com\/it\/2014\/08\/essere-umani\/\"]}]},{\"@type\":\"BreadcrumbList\",\"@id\":\"https:\/\/www.pressenza.com\/it\/2014\/08\/essere-umani\/#breadcrumb\",\"itemListElement\":[{\"@type\":\"ListItem\",\"position\":1,\"name\":\"Accueil\",\"item\":\"https:\/\/www.pressenza.com\/it\/\"},{\"@type\":\"ListItem\",\"position\":2,\"name\":\"Essere umani\"}]},{\"@type\":\"WebSite\",\"@id\":\"https:\/\/www.pressenza.com\/it\/#website\",\"url\":\"https:\/\/www.pressenza.com\/it\/\",\"name\":\"Pressenza\",\"description\":\"Agenzia di Stampa Internazionale\",\"publisher\":{\"@id\":\"https:\/\/www.pressenza.com\/it\/#organization\"},\"potentialAction\":[{\"@type\":\"SearchAction\",\"target\":{\"@type\":\"EntryPoint\",\"urlTemplate\":\"https:\/\/www.pressenza.com\/it\/?s={search_term_string}\"},\"query-input\":{\"@type\":\"PropertyValueSpecification\",\"valueRequired\":true,\"valueName\":\"search_term_string\"}}],\"inLanguage\":\"it-IT\"},{\"@type\":\"Organization\",\"@id\":\"https:\/\/www.pressenza.com\/it\/#organization\",\"name\":\"Pressenza\",\"url\":\"https:\/\/www.pressenza.com\/it\/\",\"logo\":{\"@type\":\"ImageObject\",\"inLanguage\":\"it-IT\",\"@id\":\"https:\/\/www.pressenza.com\/it\/#\/schema\/logo\/image\/\",\"url\":\"https:\/\/www.pressenza.com\/wp-content\/uploads\/2022\/10\/pressenza_logo_200x200.jpg\",\"contentUrl\":\"https:\/\/www.pressenza.com\/wp-content\/uploads\/2022\/10\/pressenza_logo_200x200.jpg\",\"width\":200,\"height\":200,\"caption\":\"Pressenza\"},\"image\":{\"@id\":\"https:\/\/www.pressenza.com\/it\/#\/schema\/logo\/image\/\"},\"sameAs\":[\"https:\/\/www.facebook.com\/PressenzaItalia\",\"https:\/\/x.com\/PressenzaIPA\"]},{\"@type\":\"Person\",\"@id\":\"https:\/\/www.pressenza.com\/it\/#\/schema\/person\/6aa377b00342e5cfe1e241413a17e4a5\",\"name\":\"Damiano Mazzotti\",\"description\":\"Nato a Faenza (Ravenna) nel 1970, si \u00e8 laureato in Psicologia Clinica e di Comunit\u00e0 a Padova nel 1995 con una tesi sull\u2019invidia. Nel 2008 ha pubblicato il diario romanzato \u201cUomini e amori gioie e dolori\\\", nel 2009 \u201cLibero pensiero e liberi pensatori\u201d, il primo saggio di un citizen journalist italiano. Ha collaborato con ItaloEuropeo e Newropeans Magazine. Collabora con Agoravox.it e Solosapere.it. Ha ideato il Premio Europeo di Scienze Umane che intende premiare i migliori scrittori nel vasto campo della saggistica (lavori in corso, sono graditi i partner accademici e gli sponsor istituzionali).\",\"url\":\"https:\/\/www.pressenza.com\/it\/author\/damiano-mazzotti\/\"}]}<\/script>\n<!-- \/ Yoast SEO plugin. -->","yoast_head_json":{"title":"Essere umani","description":"\u201cLa ragione e i suoi eccessi\u201d \u00e8 un saggio di Paolo Costa, che considera \u201cla filosofia come il lubrificante del pensiero\u201d che stimola la curiosit\u00e0","robots":{"index":"index","follow":"follow","max-snippet":"max-snippet:-1","max-image-preview":"max-image-preview:large","max-video-preview":"max-video-preview:-1"},"canonical":"https:\/\/www.pressenza.com\/it\/2014\/08\/essere-umani\/","og_locale":"it_IT","og_type":"article","og_title":"Essere umani","og_description":"\u201cLa ragione e i suoi eccessi\u201d \u00e8 un saggio di Paolo Costa, che considera \u201cla filosofia come il lubrificante del pensiero\u201d che stimola la curiosit\u00e0","og_url":"https:\/\/www.pressenza.com\/it\/2014\/08\/essere-umani\/","og_site_name":"Pressenza","article_publisher":"https:\/\/www.facebook.com\/PressenzaItalia","article_published_time":"2014-08-23T13:14:57+00:00","article_modified_time":"2014-08-23T13:19:37+00:00","author":"Damiano Mazzotti","twitter_card":"summary_large_image","twitter_creator":"@PressenzaIPA","twitter_site":"@PressenzaIPA","twitter_misc":{"Scritto da":"Damiano Mazzotti","Tempo di lettura stimato":"2 minuti"},"schema":{"@context":"https:\/\/schema.org","@graph":[{"@type":"Article","@id":"https:\/\/www.pressenza.com\/it\/2014\/08\/essere-umani\/#article","isPartOf":{"@id":"https:\/\/www.pressenza.com\/it\/2014\/08\/essere-umani\/"},"author":{"name":"Damiano Mazzotti","@id":"https:\/\/www.pressenza.com\/it\/#\/schema\/person\/6aa377b00342e5cfe1e241413a17e4a5"},"headline":"Essere umani","datePublished":"2014-08-23T13:14:57+00:00","dateModified":"2014-08-23T13:19:37+00:00","mainEntityOfPage":{"@id":"https:\/\/www.pressenza.com\/it\/2014\/08\/essere-umani\/"},"wordCount":445,"publisher":{"@id":"https:\/\/www.pressenza.com\/it\/#organization"},"keywords":["filosofia","Kierkegaard","libro","Paolo Costa","recensione"],"articleSection":["contenuti originali","Cultura e Media","Europa"],"inLanguage":"it-IT"},{"@type":"WebPage","@id":"https:\/\/www.pressenza.com\/it\/2014\/08\/essere-umani\/","url":"https:\/\/www.pressenza.com\/it\/2014\/08\/essere-umani\/","name":"Essere umani","isPartOf":{"@id":"https:\/\/www.pressenza.com\/it\/#website"},"datePublished":"2014-08-23T13:14:57+00:00","dateModified":"2014-08-23T13:19:37+00:00","description":"\u201cLa ragione e i suoi eccessi\u201d \u00e8 un saggio di Paolo Costa, che considera \u201cla filosofia come il lubrificante del pensiero\u201d che stimola la curiosit\u00e0","breadcrumb":{"@id":"https:\/\/www.pressenza.com\/it\/2014\/08\/essere-umani\/#breadcrumb"},"inLanguage":"it-IT","potentialAction":[{"@type":"ReadAction","target":["https:\/\/www.pressenza.com\/it\/2014\/08\/essere-umani\/"]}]},{"@type":"BreadcrumbList","@id":"https:\/\/www.pressenza.com\/it\/2014\/08\/essere-umani\/#breadcrumb","itemListElement":[{"@type":"ListItem","position":1,"name":"Accueil","item":"https:\/\/www.pressenza.com\/it\/"},{"@type":"ListItem","position":2,"name":"Essere umani"}]},{"@type":"WebSite","@id":"https:\/\/www.pressenza.com\/it\/#website","url":"https:\/\/www.pressenza.com\/it\/","name":"Pressenza","description":"Agenzia di Stampa Internazionale","publisher":{"@id":"https:\/\/www.pressenza.com\/it\/#organization"},"potentialAction":[{"@type":"SearchAction","target":{"@type":"EntryPoint","urlTemplate":"https:\/\/www.pressenza.com\/it\/?s={search_term_string}"},"query-input":{"@type":"PropertyValueSpecification","valueRequired":true,"valueName":"search_term_string"}}],"inLanguage":"it-IT"},{"@type":"Organization","@id":"https:\/\/www.pressenza.com\/it\/#organization","name":"Pressenza","url":"https:\/\/www.pressenza.com\/it\/","logo":{"@type":"ImageObject","inLanguage":"it-IT","@id":"https:\/\/www.pressenza.com\/it\/#\/schema\/logo\/image\/","url":"https:\/\/www.pressenza.com\/wp-content\/uploads\/2022\/10\/pressenza_logo_200x200.jpg","contentUrl":"https:\/\/www.pressenza.com\/wp-content\/uploads\/2022\/10\/pressenza_logo_200x200.jpg","width":200,"height":200,"caption":"Pressenza"},"image":{"@id":"https:\/\/www.pressenza.com\/it\/#\/schema\/logo\/image\/"},"sameAs":["https:\/\/www.facebook.com\/PressenzaItalia","https:\/\/x.com\/PressenzaIPA"]},{"@type":"Person","@id":"https:\/\/www.pressenza.com\/it\/#\/schema\/person\/6aa377b00342e5cfe1e241413a17e4a5","name":"Damiano Mazzotti","description":"Nato a Faenza (Ravenna) nel 1970, si \u00e8 laureato in Psicologia Clinica e di Comunit\u00e0 a Padova nel 1995 con una tesi sull\u2019invidia. Nel 2008 ha pubblicato il diario romanzato \u201cUomini e amori gioie e dolori\", nel 2009 \u201cLibero pensiero e liberi pensatori\u201d, il primo saggio di un citizen journalist italiano. Ha collaborato con ItaloEuropeo e Newropeans Magazine. Collabora con Agoravox.it e Solosapere.it. Ha ideato il Premio Europeo di Scienze Umane che intende premiare i migliori scrittori nel vasto campo della saggistica (lavori in corso, sono graditi i partner accademici e gli sponsor istituzionali).","url":"https:\/\/www.pressenza.com\/it\/author\/damiano-mazzotti\/"}]}},"place":"","original_article_url":"","_links":{"self":[{"href":"https:\/\/www.pressenza.com\/it\/wp-json\/wp\/v2\/posts\/127939","targetHints":{"allow":["GET"]}}],"collection":[{"href":"https:\/\/www.pressenza.com\/it\/wp-json\/wp\/v2\/posts"}],"about":[{"href":"https:\/\/www.pressenza.com\/it\/wp-json\/wp\/v2\/types\/post"}],"author":[{"embeddable":true,"href":"https:\/\/www.pressenza.com\/it\/wp-json\/wp\/v2\/users\/1125"}],"replies":[{"embeddable":true,"href":"https:\/\/www.pressenza.com\/it\/wp-json\/wp\/v2\/comments?post=127939"}],"version-history":[{"count":0,"href":"https:\/\/www.pressenza.com\/it\/wp-json\/wp\/v2\/posts\/127939\/revisions"}],"wp:attachment":[{"href":"https:\/\/www.pressenza.com\/it\/wp-json\/wp\/v2\/media?parent=127939"}],"wp:term":[{"taxonomy":"category","embeddable":true,"href":"https:\/\/www.pressenza.com\/it\/wp-json\/wp\/v2\/categories?post=127939"},{"taxonomy":"post_tag","embeddable":true,"href":"https:\/\/www.pressenza.com\/it\/wp-json\/wp\/v2\/tags?post=127939"}],"curies":[{"name":"wp","href":"https:\/\/api.w.org\/{rel}","templated":true}]}}