{"id":1278294,"date":"2021-01-15T08:55:22","date_gmt":"2021-01-15T08:55:22","guid":{"rendered":"https:\/\/www.pressenza.com\/?p=1278294"},"modified":"2021-01-15T09:01:53","modified_gmt":"2021-01-15T09:01:53","slug":"torino-diritto-alla-salute-o-diritto-allo-studio","status":"publish","type":"post","link":"https:\/\/www.pressenza.com\/it\/2021\/01\/torino-diritto-alla-salute-o-diritto-allo-studio\/","title":{"rendered":"Torino: diritto alla salute o diritto allo studio?"},"content":{"rendered":"<p>Sabato scorso su un giornale cittadino sono comparse alcune indiscrezioni sul fatto che il Maria Adelaide possa ospitare un nuovo studentato. L\u2019ex-ospedale di Lungo Dora Firenze \u00e8 una torta succosissima, che le istituzioni vorrebbero spartirsi, andando perfino contro le proprie stesse delibere.<\/p>\n<p>All&#8217;ipocrisia del Comune, della Regione e della citt\u00e0 della Salute si aggiunge ora anche la poca trasparenza dell&#8217;Universit\u00e0 di Torino. Infatti secondo il giornalista sarebbe confermata la scelta, come residenza universitaria per le Universiadi 2025, del Maria Adelaide, ex-ospedale del quartiere. Scelta della quale <strong>UniTo<\/strong> \u00e8 responsabile, insieme ad altri enti (come il Comitato Promotore), ma che mai prima d\u2019ora \u00e8 stata valutata negli organi di Ateneo.<\/p>\n<p>Vorremmo sapere a quali atti si fa riferimento. Vorremmo sapere dove \u00e8 stata presa questa decisione. Non risulta nessun atto istituzionale, se non quelli contrari alla trasformazione dell&#8217;ospedale da parte della Circoscrizione e del Comune, n\u00e9 nulla \u00e8 stato deciso all&#8217;interno della seduta del Consiglio di Amministrazione di <strong>UniTo.<\/strong><\/p>\n<p>Ora si scopre invece che la volont\u00e0 di scegliere proprio il Maria Adelaide come sede della residenza universitaria a venire sarebbe confermata? Dove \u00e8 stato deciso e da chi? Perch\u00e9 gli organi decisionali, democraticamente eletti, dell&#8217;Universit\u00e0 di Torino non sanno nulla di questa operazione? <strong>UniTo<\/strong> quando decider\u00e0 di ascoltare studenti e cittadinanza sul tema della residenzialit\u00e0 studentesca?<\/p>\n<p>Come se non bastasse il colpo di mano, \u00e8 inaccettabile l&#8217;ipocrisia del Ministero, che ritiene centrale la creazione di residenze universitarie solo in concomitanza di grandi eventi e non come priorit\u00e0 strutturale per il diritto allo studio.<\/p>\n<p>UniTo si rende cos\u00ec complice di un&#8217;operazione immobiliare non trasparente, e per di pi\u00f9 su un ex-ospedale, privando un quartiere di 90mila abitanti, dove vivono migliaia di studenti e studentesse, di un presidio sanitario fondamentale oggi e per il futuro.<\/p>\n<p>UniTo non ha mai deliberato sulla scelta del Maria Adelaide come studentato, ma non \u00e8 l\u2019unica contraddizione del caso: il Comune di Torino ha stabilito con delibera del 20 luglio che il Maria Adelaide deve rimanere una struttura sanitaria territoriale pubblica per la prevenzione e cura della salute di tutti\/e.<\/p>\n<p>Dov&#8217;\u00e8 finito il vigore di legge di quella delibera? Che fine ha fatto il valore delle due delibere della Circoscrizione 7 per mantenere il Maria Adelaide come struttura sanitaria pubblica? Forse le delibere delle assemblee elettive non valgono quando ci sono interessi immobiliari in ballo?<\/p>\n<p>In tutto questo la Regione Piemonte continua a fare orecchie da mercante: soltanto le persone che vivono in quartiere continuano da mesi a dire che il Maria Adelaide va riaperto subito.<\/p>\n<p>Non perch\u00e9 \u00e8 un sogno, ma perch\u00e9 ci sono i margini per farlo sia dal punto di vista economico che legale. Perch\u00e9 \u00e8 indispensabile per una popolazione che da 5 anni vede il proprio diritto alla salute, garantito dalla Costituzione, fortemente limitato.<\/p>\n<p>Da mesi in Borgo Rossini, Aurora e Barriera centinaia di persone si sono attivate, con risposte e proposte concrete per una riapertura dell&#8217;ospedale, necessaria per uscire dalla crisi sanitaria e per una sanit\u00e0 diversa per i prossimi anni. Chiediamo che venga fatta chiarezza al pi\u00f9 presto su queste decisioni tramite confronti aperti che rispettino il principio di democraticit\u00e0 delle istituzioni coinvolte.<\/p>\n<p style=\"text-align: center;\"><strong>Diritto alla salute o diritto allo studio?<\/strong><\/p>\n<p>Riteniamo che siano entrambi diritti fondamentali e, in alcun modo in competizione tra loro, a differenza di quello che la mano lunga della speculazione immobiliare vorrebbe farci credere.<\/p>\n<p style=\"text-align: right;\"><em><a href=\"https:\/\/www.facebook.com\/studenti.indipendenti\/\">Si Studenti Indipendenti<\/a>\u00a0<\/em><\/p>\n<p style=\"text-align: right;\"><em><a href=\"https:\/\/www.facebook.com\/RiapriamoIlMariaAdelaide\/\">Riapriamo il Maria Adelaide<\/a><\/em><\/p>\n<p style=\"text-align: right;\"><em><a href=\"https:\/\/www.facebook.com\/comitatodizonaaurora\">Comitato di Zona Aurora<\/a><\/em><\/p>\n<p style=\"text-align: right;\"><em><a href=\"https:\/\/www.facebook.com\/attac.torino\">Attac Torino<\/a><\/em><\/p>\n<p style=\"text-align: right;\"><a href=\"https:\/\/www.facebook.com\/ManituanaTorino\"><em>Manituana Laboratorio Culturale Autogestito<\/em><\/a><\/p>\n<p><a href=\"https:\/\/www.pressenza.com\/it\/tag\/ospedale-maria-adelaide\/\">Approfondimenti sull&#8217;ex ospedale Maria Adelaide<\/a><\/p>\n","protected":false},"excerpt":{"rendered":"<p>Sabato scorso su un giornale cittadino sono comparse alcune indiscrezioni sul fatto che il Maria Adelaide possa ospitare un nuovo studentato. L\u2019ex-ospedale di Lungo Dora Firenze \u00e8 una torta succosissima, che le istituzioni vorrebbero spartirsi, andando perfino contro le proprie&hellip;<\/p>\n","protected":false},"author":1640,"featured_media":1255050,"comment_status":"closed","ping_status":"closed","sticky":false,"template":"","format":"standard","meta":{"footnotes":""},"categories":[47,1259],"tags":[81182,71225],"class_list":["post-1278294","post","type-post","status-publish","format-standard","has-post-thumbnail","hentry","category-europa","category-salute-argomento","tag-ospedale-maria-adelaide","tag-unito"],"yoast_head":"<!-- This site is optimized with the Yoast SEO plugin v27.1.1 - https:\/\/yoast.com\/product\/yoast-seo-wordpress\/ -->\n<title>Torino: diritto alla salute o diritto allo studio?<\/title>\n<meta name=\"description\" content=\"Sabato scorso su un giornale cittadino sono comparse alcune indiscrezioni sul fatto che il Maria Adelaide possa ospitare un nuovo studentato.\" \/>\n<meta name=\"robots\" content=\"index, follow, max-snippet:-1, max-image-preview:large, max-video-preview:-1\" \/>\n<link rel=\"canonical\" href=\"https:\/\/www.pressenza.com\/it\/2021\/01\/torino-diritto-alla-salute-o-diritto-allo-studio\/\" \/>\n<meta property=\"og:locale\" content=\"it_IT\" \/>\n<meta property=\"og:type\" content=\"article\" \/>\n<meta property=\"og:title\" content=\"Torino: diritto alla salute o diritto allo studio?\" \/>\n<meta property=\"og:description\" content=\"Sabato scorso su un giornale cittadino sono comparse alcune indiscrezioni sul fatto che il Maria Adelaide possa ospitare un nuovo studentato.\" \/>\n<meta property=\"og:url\" content=\"https:\/\/www.pressenza.com\/it\/2021\/01\/torino-diritto-alla-salute-o-diritto-allo-studio\/\" \/>\n<meta property=\"og:site_name\" content=\"Pressenza\" \/>\n<meta property=\"article:publisher\" content=\"https:\/\/www.facebook.com\/PressenzaItalia\" \/>\n<meta property=\"article:published_time\" content=\"2021-01-15T08:55:22+00:00\" \/>\n<meta property=\"article:modified_time\" content=\"2021-01-15T09:01:53+00:00\" \/>\n<meta property=\"og:image\" content=\"https:\/\/www.pressenza.com\/wp-content\/uploads\/2020\/12\/FMB_8836.jpg\" \/>\n\t<meta property=\"og:image:width\" content=\"1920\" \/>\n\t<meta property=\"og:image:height\" content=\"1280\" \/>\n\t<meta property=\"og:image:type\" content=\"image\/jpeg\" \/>\n<meta name=\"author\" content=\"Redazione Torino\" \/>\n<meta name=\"twitter:card\" content=\"summary_large_image\" \/>\n<meta name=\"twitter:creator\" content=\"@PressenzaIPA\" \/>\n<meta name=\"twitter:site\" content=\"@PressenzaIPA\" \/>\n<meta name=\"twitter:label1\" content=\"Scritto da\" \/>\n\t<meta name=\"twitter:data1\" content=\"Redazione Torino\" \/>\n\t<meta name=\"twitter:label2\" content=\"Tempo di lettura stimato\" \/>\n\t<meta name=\"twitter:data2\" content=\"3 minuti\" \/>\n<script type=\"application\/ld+json\" class=\"yoast-schema-graph\">{\"@context\":\"https:\/\/schema.org\",\"@graph\":[{\"@type\":\"Article\",\"@id\":\"https:\/\/www.pressenza.com\/it\/2021\/01\/torino-diritto-alla-salute-o-diritto-allo-studio\/#article\",\"isPartOf\":{\"@id\":\"https:\/\/www.pressenza.com\/it\/2021\/01\/torino-diritto-alla-salute-o-diritto-allo-studio\/\"},\"author\":{\"name\":\"Redazione Torino\",\"@id\":\"https:\/\/www.pressenza.com\/it\/#\/schema\/person\/da0d4ca096515102c096dbbc39d69593\"},\"headline\":\"Torino: diritto alla salute o diritto allo studio?\",\"datePublished\":\"2021-01-15T08:55:22+00:00\",\"dateModified\":\"2021-01-15T09:01:53+00:00\",\"mainEntityOfPage\":{\"@id\":\"https:\/\/www.pressenza.com\/it\/2021\/01\/torino-diritto-alla-salute-o-diritto-allo-studio\/\"},\"wordCount\":585,\"publisher\":{\"@id\":\"https:\/\/www.pressenza.com\/it\/#organization\"},\"image\":{\"@id\":\"https:\/\/www.pressenza.com\/it\/2021\/01\/torino-diritto-alla-salute-o-diritto-allo-studio\/#primaryimage\"},\"thumbnailUrl\":\"https:\/\/www.pressenza.com\/wp-content\/uploads\/2020\/12\/FMB_8836.jpg\",\"keywords\":[\"Ospedale Maria Adelaide\",\"UniTo\"],\"articleSection\":[\"Europa\",\"Salute\"],\"inLanguage\":\"it-IT\"},{\"@type\":\"WebPage\",\"@id\":\"https:\/\/www.pressenza.com\/it\/2021\/01\/torino-diritto-alla-salute-o-diritto-allo-studio\/\",\"url\":\"https:\/\/www.pressenza.com\/it\/2021\/01\/torino-diritto-alla-salute-o-diritto-allo-studio\/\",\"name\":\"Torino: diritto alla salute o diritto allo studio?\",\"isPartOf\":{\"@id\":\"https:\/\/www.pressenza.com\/it\/#website\"},\"primaryImageOfPage\":{\"@id\":\"https:\/\/www.pressenza.com\/it\/2021\/01\/torino-diritto-alla-salute-o-diritto-allo-studio\/#primaryimage\"},\"image\":{\"@id\":\"https:\/\/www.pressenza.com\/it\/2021\/01\/torino-diritto-alla-salute-o-diritto-allo-studio\/#primaryimage\"},\"thumbnailUrl\":\"https:\/\/www.pressenza.com\/wp-content\/uploads\/2020\/12\/FMB_8836.jpg\",\"datePublished\":\"2021-01-15T08:55:22+00:00\",\"dateModified\":\"2021-01-15T09:01:53+00:00\",\"description\":\"Sabato scorso su un giornale cittadino sono comparse alcune indiscrezioni sul fatto che il Maria Adelaide possa ospitare un nuovo studentato.\",\"breadcrumb\":{\"@id\":\"https:\/\/www.pressenza.com\/it\/2021\/01\/torino-diritto-alla-salute-o-diritto-allo-studio\/#breadcrumb\"},\"inLanguage\":\"it-IT\",\"potentialAction\":[{\"@type\":\"ReadAction\",\"target\":[\"https:\/\/www.pressenza.com\/it\/2021\/01\/torino-diritto-alla-salute-o-diritto-allo-studio\/\"]}]},{\"@type\":\"ImageObject\",\"inLanguage\":\"it-IT\",\"@id\":\"https:\/\/www.pressenza.com\/it\/2021\/01\/torino-diritto-alla-salute-o-diritto-allo-studio\/#primaryimage\",\"url\":\"https:\/\/www.pressenza.com\/wp-content\/uploads\/2020\/12\/FMB_8836.jpg\",\"contentUrl\":\"https:\/\/www.pressenza.com\/wp-content\/uploads\/2020\/12\/FMB_8836.jpg\",\"width\":1920,\"height\":1280,\"caption\":\"Riapriamo l'ospedale Maria Adelaide\"},{\"@type\":\"BreadcrumbList\",\"@id\":\"https:\/\/www.pressenza.com\/it\/2021\/01\/torino-diritto-alla-salute-o-diritto-allo-studio\/#breadcrumb\",\"itemListElement\":[{\"@type\":\"ListItem\",\"position\":1,\"name\":\"Accueil\",\"item\":\"https:\/\/www.pressenza.com\/it\/\"},{\"@type\":\"ListItem\",\"position\":2,\"name\":\"Torino: diritto alla salute o diritto allo studio?\"}]},{\"@type\":\"WebSite\",\"@id\":\"https:\/\/www.pressenza.com\/it\/#website\",\"url\":\"https:\/\/www.pressenza.com\/it\/\",\"name\":\"Pressenza\",\"description\":\"Agenzia di Stampa Internazionale\",\"publisher\":{\"@id\":\"https:\/\/www.pressenza.com\/it\/#organization\"},\"potentialAction\":[{\"@type\":\"SearchAction\",\"target\":{\"@type\":\"EntryPoint\",\"urlTemplate\":\"https:\/\/www.pressenza.com\/it\/?s={search_term_string}\"},\"query-input\":{\"@type\":\"PropertyValueSpecification\",\"valueRequired\":true,\"valueName\":\"search_term_string\"}}],\"inLanguage\":\"it-IT\"},{\"@type\":\"Organization\",\"@id\":\"https:\/\/www.pressenza.com\/it\/#organization\",\"name\":\"Pressenza\",\"url\":\"https:\/\/www.pressenza.com\/it\/\",\"logo\":{\"@type\":\"ImageObject\",\"inLanguage\":\"it-IT\",\"@id\":\"https:\/\/www.pressenza.com\/it\/#\/schema\/logo\/image\/\",\"url\":\"https:\/\/www.pressenza.com\/wp-content\/uploads\/2022\/10\/pressenza_logo_200x200.jpg\",\"contentUrl\":\"https:\/\/www.pressenza.com\/wp-content\/uploads\/2022\/10\/pressenza_logo_200x200.jpg\",\"width\":200,\"height\":200,\"caption\":\"Pressenza\"},\"image\":{\"@id\":\"https:\/\/www.pressenza.com\/it\/#\/schema\/logo\/image\/\"},\"sameAs\":[\"https:\/\/www.facebook.com\/PressenzaItalia\",\"https:\/\/x.com\/PressenzaIPA\"]},{\"@type\":\"Person\",\"@id\":\"https:\/\/www.pressenza.com\/it\/#\/schema\/person\/da0d4ca096515102c096dbbc39d69593\",\"name\":\"Redazione Torino\",\"description\":\"News from the Pressenza Bureau in Turin, Italy redazione.torino@pressenza.com\",\"url\":\"https:\/\/www.pressenza.com\/it\/author\/redazione-torino\/\"}]}<\/script>\n<!-- \/ Yoast SEO plugin. -->","yoast_head_json":{"title":"Torino: diritto alla salute o diritto allo studio?","description":"Sabato scorso su un giornale cittadino sono comparse alcune indiscrezioni sul fatto che il Maria Adelaide possa ospitare un nuovo studentato.","robots":{"index":"index","follow":"follow","max-snippet":"max-snippet:-1","max-image-preview":"max-image-preview:large","max-video-preview":"max-video-preview:-1"},"canonical":"https:\/\/www.pressenza.com\/it\/2021\/01\/torino-diritto-alla-salute-o-diritto-allo-studio\/","og_locale":"it_IT","og_type":"article","og_title":"Torino: diritto alla salute o diritto allo studio?","og_description":"Sabato scorso su un giornale cittadino sono comparse alcune indiscrezioni sul fatto che il Maria Adelaide possa ospitare un nuovo studentato.","og_url":"https:\/\/www.pressenza.com\/it\/2021\/01\/torino-diritto-alla-salute-o-diritto-allo-studio\/","og_site_name":"Pressenza","article_publisher":"https:\/\/www.facebook.com\/PressenzaItalia","article_published_time":"2021-01-15T08:55:22+00:00","article_modified_time":"2021-01-15T09:01:53+00:00","og_image":[{"width":1920,"height":1280,"url":"https:\/\/www.pressenza.com\/wp-content\/uploads\/2020\/12\/FMB_8836.jpg","type":"image\/jpeg"}],"author":"Redazione Torino","twitter_card":"summary_large_image","twitter_creator":"@PressenzaIPA","twitter_site":"@PressenzaIPA","twitter_misc":{"Scritto da":"Redazione Torino","Tempo di lettura stimato":"3 minuti"},"schema":{"@context":"https:\/\/schema.org","@graph":[{"@type":"Article","@id":"https:\/\/www.pressenza.com\/it\/2021\/01\/torino-diritto-alla-salute-o-diritto-allo-studio\/#article","isPartOf":{"@id":"https:\/\/www.pressenza.com\/it\/2021\/01\/torino-diritto-alla-salute-o-diritto-allo-studio\/"},"author":{"name":"Redazione Torino","@id":"https:\/\/www.pressenza.com\/it\/#\/schema\/person\/da0d4ca096515102c096dbbc39d69593"},"headline":"Torino: diritto alla salute o diritto allo studio?","datePublished":"2021-01-15T08:55:22+00:00","dateModified":"2021-01-15T09:01:53+00:00","mainEntityOfPage":{"@id":"https:\/\/www.pressenza.com\/it\/2021\/01\/torino-diritto-alla-salute-o-diritto-allo-studio\/"},"wordCount":585,"publisher":{"@id":"https:\/\/www.pressenza.com\/it\/#organization"},"image":{"@id":"https:\/\/www.pressenza.com\/it\/2021\/01\/torino-diritto-alla-salute-o-diritto-allo-studio\/#primaryimage"},"thumbnailUrl":"https:\/\/www.pressenza.com\/wp-content\/uploads\/2020\/12\/FMB_8836.jpg","keywords":["Ospedale Maria Adelaide","UniTo"],"articleSection":["Europa","Salute"],"inLanguage":"it-IT"},{"@type":"WebPage","@id":"https:\/\/www.pressenza.com\/it\/2021\/01\/torino-diritto-alla-salute-o-diritto-allo-studio\/","url":"https:\/\/www.pressenza.com\/it\/2021\/01\/torino-diritto-alla-salute-o-diritto-allo-studio\/","name":"Torino: diritto alla salute o diritto allo studio?","isPartOf":{"@id":"https:\/\/www.pressenza.com\/it\/#website"},"primaryImageOfPage":{"@id":"https:\/\/www.pressenza.com\/it\/2021\/01\/torino-diritto-alla-salute-o-diritto-allo-studio\/#primaryimage"},"image":{"@id":"https:\/\/www.pressenza.com\/it\/2021\/01\/torino-diritto-alla-salute-o-diritto-allo-studio\/#primaryimage"},"thumbnailUrl":"https:\/\/www.pressenza.com\/wp-content\/uploads\/2020\/12\/FMB_8836.jpg","datePublished":"2021-01-15T08:55:22+00:00","dateModified":"2021-01-15T09:01:53+00:00","description":"Sabato scorso su un giornale cittadino sono comparse alcune indiscrezioni sul fatto che il Maria Adelaide possa ospitare un nuovo studentato.","breadcrumb":{"@id":"https:\/\/www.pressenza.com\/it\/2021\/01\/torino-diritto-alla-salute-o-diritto-allo-studio\/#breadcrumb"},"inLanguage":"it-IT","potentialAction":[{"@type":"ReadAction","target":["https:\/\/www.pressenza.com\/it\/2021\/01\/torino-diritto-alla-salute-o-diritto-allo-studio\/"]}]},{"@type":"ImageObject","inLanguage":"it-IT","@id":"https:\/\/www.pressenza.com\/it\/2021\/01\/torino-diritto-alla-salute-o-diritto-allo-studio\/#primaryimage","url":"https:\/\/www.pressenza.com\/wp-content\/uploads\/2020\/12\/FMB_8836.jpg","contentUrl":"https:\/\/www.pressenza.com\/wp-content\/uploads\/2020\/12\/FMB_8836.jpg","width":1920,"height":1280,"caption":"Riapriamo l'ospedale Maria Adelaide"},{"@type":"BreadcrumbList","@id":"https:\/\/www.pressenza.com\/it\/2021\/01\/torino-diritto-alla-salute-o-diritto-allo-studio\/#breadcrumb","itemListElement":[{"@type":"ListItem","position":1,"name":"Accueil","item":"https:\/\/www.pressenza.com\/it\/"},{"@type":"ListItem","position":2,"name":"Torino: diritto alla salute o diritto allo studio?"}]},{"@type":"WebSite","@id":"https:\/\/www.pressenza.com\/it\/#website","url":"https:\/\/www.pressenza.com\/it\/","name":"Pressenza","description":"Agenzia di Stampa Internazionale","publisher":{"@id":"https:\/\/www.pressenza.com\/it\/#organization"},"potentialAction":[{"@type":"SearchAction","target":{"@type":"EntryPoint","urlTemplate":"https:\/\/www.pressenza.com\/it\/?s={search_term_string}"},"query-input":{"@type":"PropertyValueSpecification","valueRequired":true,"valueName":"search_term_string"}}],"inLanguage":"it-IT"},{"@type":"Organization","@id":"https:\/\/www.pressenza.com\/it\/#organization","name":"Pressenza","url":"https:\/\/www.pressenza.com\/it\/","logo":{"@type":"ImageObject","inLanguage":"it-IT","@id":"https:\/\/www.pressenza.com\/it\/#\/schema\/logo\/image\/","url":"https:\/\/www.pressenza.com\/wp-content\/uploads\/2022\/10\/pressenza_logo_200x200.jpg","contentUrl":"https:\/\/www.pressenza.com\/wp-content\/uploads\/2022\/10\/pressenza_logo_200x200.jpg","width":200,"height":200,"caption":"Pressenza"},"image":{"@id":"https:\/\/www.pressenza.com\/it\/#\/schema\/logo\/image\/"},"sameAs":["https:\/\/www.facebook.com\/PressenzaItalia","https:\/\/x.com\/PressenzaIPA"]},{"@type":"Person","@id":"https:\/\/www.pressenza.com\/it\/#\/schema\/person\/da0d4ca096515102c096dbbc39d69593","name":"Redazione Torino","description":"News from the Pressenza Bureau in Turin, Italy redazione.torino@pressenza.com","url":"https:\/\/www.pressenza.com\/it\/author\/redazione-torino\/"}]}},"place":"","original_article_url":"","_links":{"self":[{"href":"https:\/\/www.pressenza.com\/it\/wp-json\/wp\/v2\/posts\/1278294","targetHints":{"allow":["GET"]}}],"collection":[{"href":"https:\/\/www.pressenza.com\/it\/wp-json\/wp\/v2\/posts"}],"about":[{"href":"https:\/\/www.pressenza.com\/it\/wp-json\/wp\/v2\/types\/post"}],"author":[{"embeddable":true,"href":"https:\/\/www.pressenza.com\/it\/wp-json\/wp\/v2\/users\/1640"}],"replies":[{"embeddable":true,"href":"https:\/\/www.pressenza.com\/it\/wp-json\/wp\/v2\/comments?post=1278294"}],"version-history":[{"count":0,"href":"https:\/\/www.pressenza.com\/it\/wp-json\/wp\/v2\/posts\/1278294\/revisions"}],"wp:featuredmedia":[{"embeddable":true,"href":"https:\/\/www.pressenza.com\/it\/wp-json\/wp\/v2\/media\/1255050"}],"wp:attachment":[{"href":"https:\/\/www.pressenza.com\/it\/wp-json\/wp\/v2\/media?parent=1278294"}],"wp:term":[{"taxonomy":"category","embeddable":true,"href":"https:\/\/www.pressenza.com\/it\/wp-json\/wp\/v2\/categories?post=1278294"},{"taxonomy":"post_tag","embeddable":true,"href":"https:\/\/www.pressenza.com\/it\/wp-json\/wp\/v2\/tags?post=1278294"}],"curies":[{"name":"wp","href":"https:\/\/api.w.org\/{rel}","templated":true}]}}