{"id":1273594,"date":"2021-01-06T21:10:04","date_gmt":"2021-01-06T21:10:04","guid":{"rendered":"https:\/\/www.pressenza.com\/?p=1273594"},"modified":"2021-01-06T21:12:47","modified_gmt":"2021-01-06T21:12:47","slug":"il-peggior-crimine-di-trump-non-puo-essere-dimenticato","status":"publish","type":"post","link":"https:\/\/www.pressenza.com\/it\/2021\/01\/il-peggior-crimine-di-trump-non-puo-essere-dimenticato\/","title":{"rendered":"Il peggior crimine di Trump non pu\u00f2 essere dimenticato"},"content":{"rendered":"<p><i>In seguito alla vittoria di Joe Biden nelle ultime elezioni Usa, Patrick Cockburn, attraverso <\/i><span lang=\"zxx\"><u><a href=\"https:\/\/www.independent.co.uk\/voices\/trump-crime-syria-turkey-kurds-b1762954.html\"><i>una testimonianza diretta da Afrin<\/i><\/a><\/u><\/span><i>, mette nero su bianco quanto sta succedendo (un tragico esempio dell\u2019operato di Turchia e Usa in Siria). La speranza \u00e8 che con Biden ci sia la possibilit\u00e0 di un cambio di linea nei confronti della Turchia.<\/i><\/p>\n<p>\u00c9 senza dubbio il peggior crimine commesso da Donald Trump nei suoi anni di presidenza alla Casa Bianca. Egli, nell\u2019ottobre 2019, ordin\u00f2 alle truppe Usa di ritirarsi dalla Siria del Nord, di fatto dando il via libera all\u2019invasione da parte della Turchia di quel pezzo di Siria, e rendendosi co-responsabile dell\u2019assassinio, dello stupro e dell\u2019espulsione di migliaia di curdi, che abitavano quella regione.<\/p>\n<p>E 18 mesi prima, Trump non aveva fatto nulla quando l\u2019esercito turco occup\u00f2 l\u2019enclave curda di Afrin e rimpiazz\u00f2 la sua popolazione con jihadisti arabi siriani.<\/p>\n<p>\u00c9, sfortunatamente, improbabile che Trump subir\u00e0 mai un processo per queste sue decisioni, ma se mai dovesse farlo, la sua complicit\u00e0 nella pulizia etnica dei curdi siriani dovrebbe essere la prima nella lista delle accuse. Quella decisione fu di per se un atto diabolico ma fu anche un tradimento di un alleato affidabile come le Forze Democratiche Siriane che stavano chiudendo il cerchio contro il nemico comune Isis giusto quando venne invasa Afrin.<\/p>\n<p>Il tradimento di Trump allora provoc\u00f2 troppo poca indignazione a livello internazionale, ma certamente quel gesto fu causa diretta di omicidi, rapimenti, sparizioni ed espulsioni di centinaia di migliaia di persone dalle loro terre.<\/p>\n<p>Tragedie di questa scala si offuscano rapidamente nella mente delle persone perch\u00e9 non comprendono le atrocit\u00e0 che vanno al di fuori della propria esperienza personale e che possono devastare la vita di cos\u00ec tanti individui. I perpetratori di questa violenza estrema e i loro facilitatori, come Trump, cercano da sempre di confondere le acque con negazioni improbabili finch\u00e9 le notizie e i media non spostano l\u2019attenzione su altro e rimangono solo le vittime dei crimini a ricordarli.<\/p>\n<p>Ho scritto molto sulla pulizia etnica subita dai curdi nel Nord-Est della Siria ad opera dei turchi nelle due separate invasioni del 2018 e 2019, ma senza risultati tangibili. Infatti ben presto divenne impossibile per i reporter indipendenti visitare Afrin o le zone occupate intorno alle citt\u00e0 di Tal Abyad e Ras al-Ain. Ma finalmente, la settimana scorsa, sono riuscito a contattare via internet una testimone ad Afrin la quale ci consegna una cupa, ma allo stesso avvincente, testimonianza della sua personale esperienza di pulizia etnica.<\/p>\n<p>Il suo nome \u00e8 Rohilat Hawar, ha 34 anni, \u00e8 madre di 3 figli e lavorava come insegnante di matematica nella citt\u00e0 di Afrin prima dell\u2019attacco turco. Prov\u00f2 a fuggire nel febbraio 2018, perch\u00e9 \u201cc\u2019erano bombardamenti aerei turchi tutti i giorni\u201d, ma le fu rifiutato l\u2019ingresso nei territori controllati dal governo siriano che doveva attraversare per raggiungere le altre aree sotto il controllo dell\u2019Amministrazione Autonoma della Siria del Nord.<\/p>\n<p>Torn\u00f2 quindi ad Afrin dove la sua casa era stata gi\u00e0 saccheggiata e dove ora si trovava intrappolata. Rohilat riporta che le bande degli jihadisti sostenute dalla Turchia sparano a chiunque provi a lasciare la citt\u00e0: \u201cUna mia amica \u00e8 stata uccisa insieme alla figlia di 10 anni mentre tentava la fuga\u201d. Allo stesso tempo, i miliziani rendono impossibile la vita ai curdi rimasti.<\/p>\n<p>Essendo una dei pochi curdi rimasti nel suo vecchio quartiere dove quasi tutte le abitazioni sono state occupate da jihadisti di lingua araba e dalle loro famiglie, Rohilat non osa parlare curdo per strada. Ha scoperto che i militari turchi considerano tutti i curdi dei \u201cterroristi\u201d, ma che i miliziani jihadisti sono ancora pi\u00f9 pericolosi perch\u00e9 pensano che i \u201ccurdi siano pagani miscredenti che dovrebbero essere uccisi in nome di Dio\u201d.<\/p>\n<p>Rohilat non ha avuto altre alternative che indossare un hijab, indumento che solitamente le donne curde non portano, per evitare le continue vessazioni dei suoi vicini jihadisti arrivati da altre parti della Siria. Ha presentato anche un ricorso alle autorit\u00e0 turche ma la risposta \u00e8 stata, come \u00e8 possibile immaginare, di rispettare le norme sociali del quartiere e quindi di indossare sempre l\u2019hijab. \u201cI miei figli all\u2019inizio mi prendevano in giro, ma ora si sono abituati.\u201d<\/p>\n<p>I pochi curdi che continuano a sopravvivere ad Afrin sono senza difese e continuamente vessati dai miliziani. Di episodi in cui le donne curde vengono molestate dai jihadisti armati se ne possono raccontare a centinaia.<\/p>\n<p>Nelle due zone curde occupate nel nord della Siria la punta dell\u2019iceberg dell\u2019occupazione \u00e8 rappresentata da miliziani arabi, i quali sonore la maggior parte jihadisti provenienti da altre parti della Siria. I curdi di Afrin erano per la maggior parte contadini, coltivavano frutta e verdura ma, pi\u00f9 di tutto, coltivavano olive. Dalla testimonianza di Rohilat si evince che gli occupanti tagliano sistematicamente gli ulivi per farne legna da ardere, distruggendo cos\u00ec l\u2019economia locale. Il risultato di questa pratica \u00e8 che la maggior parte dei beni deve essere importato e quindi venduto ad un prezzo maggiore.<\/p>\n<p>Lasciando il controllo del territorio a maggioranza curda ai miliziani jihadisti, il governo turco si assicura cos\u00ec la pulizia etnica della zona senza per\u00f2 risultarne direttamente l\u2019esecutore e, allo stesso tempo, il mandante. Fino a poco tempo fa, i miliziani venivano pagati circo 100 dollari al mese dalla Turchia per le loro attivit\u00e0, ma spesso essi integrano la loro paga con furti e saccheggi nelle propriet\u00e0 curde mentre l\u2019esercito turco che dovrebbe controllare il territorio spesso chiude un occhio.<\/p>\n<p>Da agosto la paga dei miliziani \u00e8 stata ridotta e le pattuglie di militari turchi sono pi\u00f9 attive nel controllo sui saccheggi e sui furti. Lo scopo di tale livello di controllo dopo anni di occhi chiusi \u00e8 quello di persuadere i miliziani ad arruolarsi volontariamente per combattere come proxy in Libia oppure contro gli armeni in Nagorno-Karabakh. E molti di essi sono stati uccisi nei combattimenti. Rohilat ha visto con i suoi occhi numerosissime tende tradizionali allestite per il lutto degli uomini caduti sui vari fronti, nonostante i corpi non rientrino per il funerale.<\/p>\n<p>A parte l\u2019insicurezza cronica, Rohilat deve far fronte alla rapida diffusione del \u00a0coronavirus ad Afrin. Essa stessa ha contratto il virus, essendo risultata positiva dopo un controllo in una struttura medica turca ma, a causa dell\u2019insicurezza, lei e molte altre persone si rifiutano di farsi curare negli ospedali militari turchi dai quali pochissime persone ritornano vive. Essi rimangono quindi in casa e si curano con paracetamolo e mangiando lenticchie e zuppe di cipolla. Lei stessa non pu\u00f2 permettersi l\u2019acquisto di mascherine e altro cibo al di fuori del pane, con i pochi soldi che i figli riescono a racimolare al mercato oppure attraverso piccole somme di denaro inviatele dai parenti in Turchia ogni tot di mesi.<\/p>\n<p>Un cupo futuro pende sulla vita di Rohilat, la quale si considera una sopravvissuta mentre altri curdi sono dovuti scappare, oppure vivono in campi profughi, altri invece sono stati uccisi, alcuni tenuti come ostaggi per il riscatto o alcuni sono semplicemente scomparsi.E la campagna del governo contro i curdi siriani sembra proprio non trovare fine, al contrario il Presidente turco Erdogan continua a minacciare di lanciare una nuova operazione militare che potrebbe terminare con le definitiva pulizia etnica della popolazione curda.<\/p>\n<p>Forse l\u2019unica buona notizia per queste popolazioni pu\u00f2 essere la vittoria nelle elezioni Usa di Joe Biden che, in linea teorica, riduce sensibilmente le possibilit\u00e0 di un lasciapassare americano per una nuova operazione turca nel Nord Siria. Quando Trump e la sua velenosa squadra avranno lasciato il potere, sar\u00e0 doveroso ricordare e non perdonare i responsabili di quelle politiche che in Siria hanno inflitto un\u2019inestimabile miseria su un numero altissimo di persone che prima vivevano delle vite serene.<\/p>\n<p><strong><em>di Patrick Cockburn<\/em><\/strong><\/p>\n<p>(*) ripreso da <span lang=\"zxx\"><u><a href=\"http:\/\/www.globalproject.info\/\">www.globalproject.info<\/a><\/u><\/span>; traduzione di Marco Sandi.<\/p>\n<p><i>Patrick Cockburn \u00e8 un opinionista del quotidiano inglese The Independent. Esperto di Siria, Iraq e Medio Oriente ha per anni scritto reportage sulla situazione siriana, avendo coperto anche l\u2019ascesa di Isis nel 2014. Insieme al compianto Robert Fisk formavano una coppia di penne di eccellenza nell\u2019analisi politica e sociale delle difficili dinamiche medio-orientali. <\/i><\/p>\n","protected":false},"excerpt":{"rendered":"<p>In seguito alla vittoria di Joe Biden nelle ultime elezioni Usa, Patrick Cockburn, attraverso una testimonianza diretta da Afrin, mette nero su bianco quanto sta succedendo (un tragico esempio dell\u2019operato di Turchia e Usa in Siria). La speranza \u00e8 che&hellip;<\/p>\n","protected":false},"author":1335,"featured_media":1273595,"comment_status":"closed","ping_status":"closed","sticky":false,"template":"","format":"standard","meta":{"footnotes":""},"categories":[52,162,1263],"tags":[19460,3189,26188,1100],"class_list":["post-1273594","post","type-post","status-publish","format-standard","has-post-thumbnail","hentry","category-medio-oriente","category-opinioni","category-pace-disarmo","tag-afrin","tag-curdi","tag-donald-trump-it","tag-turchia"],"yoast_head":"<!-- This site is optimized with the Yoast SEO plugin v27.1.1 - https:\/\/yoast.com\/product\/yoast-seo-wordpress\/ -->\n<title>Il peggior crimine di Trump non pu\u00f2 essere dimenticato<\/title>\n<meta name=\"description\" content=\"Una testimonianza diretta da Afrin mette nero su bianco quanto sta succedendo. La speranza \u00e8 che con Biden ci sia la possibilit\u00e0 di un cambio di linea nei confronti della Turchia\" \/>\n<meta name=\"robots\" content=\"index, follow, max-snippet:-1, max-image-preview:large, max-video-preview:-1\" \/>\n<link rel=\"canonical\" href=\"https:\/\/www.pressenza.com\/it\/2021\/01\/il-peggior-crimine-di-trump-non-puo-essere-dimenticato\/\" \/>\n<meta property=\"og:locale\" content=\"it_IT\" \/>\n<meta property=\"og:type\" content=\"article\" \/>\n<meta property=\"og:title\" content=\"Il peggior crimine di Trump non pu\u00f2 essere dimenticato\" \/>\n<meta property=\"og:description\" content=\"Una testimonianza diretta da Afrin mette nero su bianco quanto sta succedendo. La speranza \u00e8 che con Biden ci sia la possibilit\u00e0 di un cambio di linea nei confronti della Turchia\" \/>\n<meta property=\"og:url\" content=\"https:\/\/www.pressenza.com\/it\/2021\/01\/il-peggior-crimine-di-trump-non-puo-essere-dimenticato\/\" \/>\n<meta property=\"og:site_name\" content=\"Pressenza\" \/>\n<meta property=\"article:publisher\" content=\"https:\/\/www.facebook.com\/PressenzaItalia\" \/>\n<meta property=\"article:published_time\" content=\"2021-01-06T21:10:04+00:00\" \/>\n<meta property=\"article:modified_time\" content=\"2021-01-06T21:12:47+00:00\" \/>\n<meta property=\"og:image\" content=\"https:\/\/www.pressenza.com\/wp-content\/uploads\/2021\/01\/Afrin-protest.jpg\" \/>\n\t<meta property=\"og:image:width\" content=\"709\" \/>\n\t<meta property=\"og:image:height\" content=\"455\" \/>\n\t<meta property=\"og:image:type\" content=\"image\/jpeg\" \/>\n<meta name=\"author\" content=\"La Bottega del Barbieri\" \/>\n<meta name=\"twitter:card\" content=\"summary_large_image\" \/>\n<meta name=\"twitter:creator\" content=\"@PressenzaIPA\" \/>\n<meta name=\"twitter:site\" content=\"@PressenzaIPA\" \/>\n<meta name=\"twitter:label1\" content=\"Scritto da\" \/>\n\t<meta name=\"twitter:data1\" content=\"La Bottega del Barbieri\" \/>\n\t<meta name=\"twitter:label2\" content=\"Tempo di lettura stimato\" \/>\n\t<meta name=\"twitter:data2\" content=\"7 minuti\" \/>\n<script type=\"application\/ld+json\" class=\"yoast-schema-graph\">{\"@context\":\"https:\/\/schema.org\",\"@graph\":[{\"@type\":\"Article\",\"@id\":\"https:\/\/www.pressenza.com\/it\/2021\/01\/il-peggior-crimine-di-trump-non-puo-essere-dimenticato\/#article\",\"isPartOf\":{\"@id\":\"https:\/\/www.pressenza.com\/it\/2021\/01\/il-peggior-crimine-di-trump-non-puo-essere-dimenticato\/\"},\"author\":{\"name\":\"La Bottega del Barbieri\",\"@id\":\"https:\/\/www.pressenza.com\/it\/#\/schema\/person\/e576885f1ff4ec20998ad9987486da44\"},\"headline\":\"Il peggior crimine di Trump non pu\u00f2 essere dimenticato\",\"datePublished\":\"2021-01-06T21:10:04+00:00\",\"dateModified\":\"2021-01-06T21:12:47+00:00\",\"mainEntityOfPage\":{\"@id\":\"https:\/\/www.pressenza.com\/it\/2021\/01\/il-peggior-crimine-di-trump-non-puo-essere-dimenticato\/\"},\"wordCount\":1351,\"publisher\":{\"@id\":\"https:\/\/www.pressenza.com\/it\/#organization\"},\"image\":{\"@id\":\"https:\/\/www.pressenza.com\/it\/2021\/01\/il-peggior-crimine-di-trump-non-puo-essere-dimenticato\/#primaryimage\"},\"thumbnailUrl\":\"https:\/\/www.pressenza.com\/wp-content\/uploads\/2021\/01\/Afrin-protest.jpg\",\"keywords\":[\"Afrin\",\"curdi\",\"Donald Trump\",\"Turchia\"],\"articleSection\":[\"Medio Oriente\",\"Opinioni\",\"Pace e Disarmo\"],\"inLanguage\":\"it-IT\"},{\"@type\":\"WebPage\",\"@id\":\"https:\/\/www.pressenza.com\/it\/2021\/01\/il-peggior-crimine-di-trump-non-puo-essere-dimenticato\/\",\"url\":\"https:\/\/www.pressenza.com\/it\/2021\/01\/il-peggior-crimine-di-trump-non-puo-essere-dimenticato\/\",\"name\":\"Il peggior crimine di Trump non pu\u00f2 essere dimenticato\",\"isPartOf\":{\"@id\":\"https:\/\/www.pressenza.com\/it\/#website\"},\"primaryImageOfPage\":{\"@id\":\"https:\/\/www.pressenza.com\/it\/2021\/01\/il-peggior-crimine-di-trump-non-puo-essere-dimenticato\/#primaryimage\"},\"image\":{\"@id\":\"https:\/\/www.pressenza.com\/it\/2021\/01\/il-peggior-crimine-di-trump-non-puo-essere-dimenticato\/#primaryimage\"},\"thumbnailUrl\":\"https:\/\/www.pressenza.com\/wp-content\/uploads\/2021\/01\/Afrin-protest.jpg\",\"datePublished\":\"2021-01-06T21:10:04+00:00\",\"dateModified\":\"2021-01-06T21:12:47+00:00\",\"description\":\"Una testimonianza diretta da Afrin mette nero su bianco quanto sta succedendo. La speranza \u00e8 che con Biden ci sia la possibilit\u00e0 di un cambio di linea nei confronti della Turchia\",\"breadcrumb\":{\"@id\":\"https:\/\/www.pressenza.com\/it\/2021\/01\/il-peggior-crimine-di-trump-non-puo-essere-dimenticato\/#breadcrumb\"},\"inLanguage\":\"it-IT\",\"potentialAction\":[{\"@type\":\"ReadAction\",\"target\":[\"https:\/\/www.pressenza.com\/it\/2021\/01\/il-peggior-crimine-di-trump-non-puo-essere-dimenticato\/\"]}]},{\"@type\":\"ImageObject\",\"inLanguage\":\"it-IT\",\"@id\":\"https:\/\/www.pressenza.com\/it\/2021\/01\/il-peggior-crimine-di-trump-non-puo-essere-dimenticato\/#primaryimage\",\"url\":\"https:\/\/www.pressenza.com\/wp-content\/uploads\/2021\/01\/Afrin-protest.jpg\",\"contentUrl\":\"https:\/\/www.pressenza.com\/wp-content\/uploads\/2021\/01\/Afrin-protest.jpg\",\"width\":709,\"height\":455},{\"@type\":\"BreadcrumbList\",\"@id\":\"https:\/\/www.pressenza.com\/it\/2021\/01\/il-peggior-crimine-di-trump-non-puo-essere-dimenticato\/#breadcrumb\",\"itemListElement\":[{\"@type\":\"ListItem\",\"position\":1,\"name\":\"Accueil\",\"item\":\"https:\/\/www.pressenza.com\/it\/\"},{\"@type\":\"ListItem\",\"position\":2,\"name\":\"Il peggior crimine di Trump non pu\u00f2 essere dimenticato\"}]},{\"@type\":\"WebSite\",\"@id\":\"https:\/\/www.pressenza.com\/it\/#website\",\"url\":\"https:\/\/www.pressenza.com\/it\/\",\"name\":\"Pressenza\",\"description\":\"Agenzia di Stampa Internazionale\",\"publisher\":{\"@id\":\"https:\/\/www.pressenza.com\/it\/#organization\"},\"potentialAction\":[{\"@type\":\"SearchAction\",\"target\":{\"@type\":\"EntryPoint\",\"urlTemplate\":\"https:\/\/www.pressenza.com\/it\/?s={search_term_string}\"},\"query-input\":{\"@type\":\"PropertyValueSpecification\",\"valueRequired\":true,\"valueName\":\"search_term_string\"}}],\"inLanguage\":\"it-IT\"},{\"@type\":\"Organization\",\"@id\":\"https:\/\/www.pressenza.com\/it\/#organization\",\"name\":\"Pressenza\",\"url\":\"https:\/\/www.pressenza.com\/it\/\",\"logo\":{\"@type\":\"ImageObject\",\"inLanguage\":\"it-IT\",\"@id\":\"https:\/\/www.pressenza.com\/it\/#\/schema\/logo\/image\/\",\"url\":\"https:\/\/www.pressenza.com\/wp-content\/uploads\/2022\/10\/pressenza_logo_200x200.jpg\",\"contentUrl\":\"https:\/\/www.pressenza.com\/wp-content\/uploads\/2022\/10\/pressenza_logo_200x200.jpg\",\"width\":200,\"height\":200,\"caption\":\"Pressenza\"},\"image\":{\"@id\":\"https:\/\/www.pressenza.com\/it\/#\/schema\/logo\/image\/\"},\"sameAs\":[\"https:\/\/www.facebook.com\/PressenzaItalia\",\"https:\/\/x.com\/PressenzaIPA\"]},{\"@type\":\"Person\",\"@id\":\"https:\/\/www.pressenza.com\/it\/#\/schema\/person\/e576885f1ff4ec20998ad9987486da44\",\"name\":\"La Bottega del Barbieri\",\"description\":\"Il Blog di Daniele Barbieri &amp; altr* www.labottegadelbarbieri.org\",\"sameAs\":[\"http:\/\/www.labottegadelbarbieri.org\"],\"url\":\"https:\/\/www.pressenza.com\/it\/author\/la-bottega-del-barbieri\/\"}]}<\/script>\n<!-- \/ Yoast SEO plugin. -->","yoast_head_json":{"title":"Il peggior crimine di Trump non pu\u00f2 essere dimenticato","description":"Una testimonianza diretta da Afrin mette nero su bianco quanto sta succedendo. La speranza \u00e8 che con Biden ci sia la possibilit\u00e0 di un cambio di linea nei confronti della Turchia","robots":{"index":"index","follow":"follow","max-snippet":"max-snippet:-1","max-image-preview":"max-image-preview:large","max-video-preview":"max-video-preview:-1"},"canonical":"https:\/\/www.pressenza.com\/it\/2021\/01\/il-peggior-crimine-di-trump-non-puo-essere-dimenticato\/","og_locale":"it_IT","og_type":"article","og_title":"Il peggior crimine di Trump non pu\u00f2 essere dimenticato","og_description":"Una testimonianza diretta da Afrin mette nero su bianco quanto sta succedendo. La speranza \u00e8 che con Biden ci sia la possibilit\u00e0 di un cambio di linea nei confronti della Turchia","og_url":"https:\/\/www.pressenza.com\/it\/2021\/01\/il-peggior-crimine-di-trump-non-puo-essere-dimenticato\/","og_site_name":"Pressenza","article_publisher":"https:\/\/www.facebook.com\/PressenzaItalia","article_published_time":"2021-01-06T21:10:04+00:00","article_modified_time":"2021-01-06T21:12:47+00:00","og_image":[{"width":709,"height":455,"url":"https:\/\/www.pressenza.com\/wp-content\/uploads\/2021\/01\/Afrin-protest.jpg","type":"image\/jpeg"}],"author":"La Bottega del Barbieri","twitter_card":"summary_large_image","twitter_creator":"@PressenzaIPA","twitter_site":"@PressenzaIPA","twitter_misc":{"Scritto da":"La Bottega del Barbieri","Tempo di lettura stimato":"7 minuti"},"schema":{"@context":"https:\/\/schema.org","@graph":[{"@type":"Article","@id":"https:\/\/www.pressenza.com\/it\/2021\/01\/il-peggior-crimine-di-trump-non-puo-essere-dimenticato\/#article","isPartOf":{"@id":"https:\/\/www.pressenza.com\/it\/2021\/01\/il-peggior-crimine-di-trump-non-puo-essere-dimenticato\/"},"author":{"name":"La Bottega del Barbieri","@id":"https:\/\/www.pressenza.com\/it\/#\/schema\/person\/e576885f1ff4ec20998ad9987486da44"},"headline":"Il peggior crimine di Trump non pu\u00f2 essere dimenticato","datePublished":"2021-01-06T21:10:04+00:00","dateModified":"2021-01-06T21:12:47+00:00","mainEntityOfPage":{"@id":"https:\/\/www.pressenza.com\/it\/2021\/01\/il-peggior-crimine-di-trump-non-puo-essere-dimenticato\/"},"wordCount":1351,"publisher":{"@id":"https:\/\/www.pressenza.com\/it\/#organization"},"image":{"@id":"https:\/\/www.pressenza.com\/it\/2021\/01\/il-peggior-crimine-di-trump-non-puo-essere-dimenticato\/#primaryimage"},"thumbnailUrl":"https:\/\/www.pressenza.com\/wp-content\/uploads\/2021\/01\/Afrin-protest.jpg","keywords":["Afrin","curdi","Donald Trump","Turchia"],"articleSection":["Medio Oriente","Opinioni","Pace e Disarmo"],"inLanguage":"it-IT"},{"@type":"WebPage","@id":"https:\/\/www.pressenza.com\/it\/2021\/01\/il-peggior-crimine-di-trump-non-puo-essere-dimenticato\/","url":"https:\/\/www.pressenza.com\/it\/2021\/01\/il-peggior-crimine-di-trump-non-puo-essere-dimenticato\/","name":"Il peggior crimine di Trump non pu\u00f2 essere dimenticato","isPartOf":{"@id":"https:\/\/www.pressenza.com\/it\/#website"},"primaryImageOfPage":{"@id":"https:\/\/www.pressenza.com\/it\/2021\/01\/il-peggior-crimine-di-trump-non-puo-essere-dimenticato\/#primaryimage"},"image":{"@id":"https:\/\/www.pressenza.com\/it\/2021\/01\/il-peggior-crimine-di-trump-non-puo-essere-dimenticato\/#primaryimage"},"thumbnailUrl":"https:\/\/www.pressenza.com\/wp-content\/uploads\/2021\/01\/Afrin-protest.jpg","datePublished":"2021-01-06T21:10:04+00:00","dateModified":"2021-01-06T21:12:47+00:00","description":"Una testimonianza diretta da Afrin mette nero su bianco quanto sta succedendo. La speranza \u00e8 che con Biden ci sia la possibilit\u00e0 di un cambio di linea nei confronti della Turchia","breadcrumb":{"@id":"https:\/\/www.pressenza.com\/it\/2021\/01\/il-peggior-crimine-di-trump-non-puo-essere-dimenticato\/#breadcrumb"},"inLanguage":"it-IT","potentialAction":[{"@type":"ReadAction","target":["https:\/\/www.pressenza.com\/it\/2021\/01\/il-peggior-crimine-di-trump-non-puo-essere-dimenticato\/"]}]},{"@type":"ImageObject","inLanguage":"it-IT","@id":"https:\/\/www.pressenza.com\/it\/2021\/01\/il-peggior-crimine-di-trump-non-puo-essere-dimenticato\/#primaryimage","url":"https:\/\/www.pressenza.com\/wp-content\/uploads\/2021\/01\/Afrin-protest.jpg","contentUrl":"https:\/\/www.pressenza.com\/wp-content\/uploads\/2021\/01\/Afrin-protest.jpg","width":709,"height":455},{"@type":"BreadcrumbList","@id":"https:\/\/www.pressenza.com\/it\/2021\/01\/il-peggior-crimine-di-trump-non-puo-essere-dimenticato\/#breadcrumb","itemListElement":[{"@type":"ListItem","position":1,"name":"Accueil","item":"https:\/\/www.pressenza.com\/it\/"},{"@type":"ListItem","position":2,"name":"Il peggior crimine di Trump non pu\u00f2 essere dimenticato"}]},{"@type":"WebSite","@id":"https:\/\/www.pressenza.com\/it\/#website","url":"https:\/\/www.pressenza.com\/it\/","name":"Pressenza","description":"Agenzia di Stampa Internazionale","publisher":{"@id":"https:\/\/www.pressenza.com\/it\/#organization"},"potentialAction":[{"@type":"SearchAction","target":{"@type":"EntryPoint","urlTemplate":"https:\/\/www.pressenza.com\/it\/?s={search_term_string}"},"query-input":{"@type":"PropertyValueSpecification","valueRequired":true,"valueName":"search_term_string"}}],"inLanguage":"it-IT"},{"@type":"Organization","@id":"https:\/\/www.pressenza.com\/it\/#organization","name":"Pressenza","url":"https:\/\/www.pressenza.com\/it\/","logo":{"@type":"ImageObject","inLanguage":"it-IT","@id":"https:\/\/www.pressenza.com\/it\/#\/schema\/logo\/image\/","url":"https:\/\/www.pressenza.com\/wp-content\/uploads\/2022\/10\/pressenza_logo_200x200.jpg","contentUrl":"https:\/\/www.pressenza.com\/wp-content\/uploads\/2022\/10\/pressenza_logo_200x200.jpg","width":200,"height":200,"caption":"Pressenza"},"image":{"@id":"https:\/\/www.pressenza.com\/it\/#\/schema\/logo\/image\/"},"sameAs":["https:\/\/www.facebook.com\/PressenzaItalia","https:\/\/x.com\/PressenzaIPA"]},{"@type":"Person","@id":"https:\/\/www.pressenza.com\/it\/#\/schema\/person\/e576885f1ff4ec20998ad9987486da44","name":"La Bottega del Barbieri","description":"Il Blog di Daniele Barbieri &amp; altr* www.labottegadelbarbieri.org","sameAs":["http:\/\/www.labottegadelbarbieri.org"],"url":"https:\/\/www.pressenza.com\/it\/author\/la-bottega-del-barbieri\/"}]}},"place":"","original_article_url":"http:\/\/www.labottegadelbarbieri.org\/turchia-kurdistan-lo-spazio-dei-sogni-e-degli-incubi\/","_links":{"self":[{"href":"https:\/\/www.pressenza.com\/it\/wp-json\/wp\/v2\/posts\/1273594","targetHints":{"allow":["GET"]}}],"collection":[{"href":"https:\/\/www.pressenza.com\/it\/wp-json\/wp\/v2\/posts"}],"about":[{"href":"https:\/\/www.pressenza.com\/it\/wp-json\/wp\/v2\/types\/post"}],"author":[{"embeddable":true,"href":"https:\/\/www.pressenza.com\/it\/wp-json\/wp\/v2\/users\/1335"}],"replies":[{"embeddable":true,"href":"https:\/\/www.pressenza.com\/it\/wp-json\/wp\/v2\/comments?post=1273594"}],"version-history":[{"count":0,"href":"https:\/\/www.pressenza.com\/it\/wp-json\/wp\/v2\/posts\/1273594\/revisions"}],"wp:featuredmedia":[{"embeddable":true,"href":"https:\/\/www.pressenza.com\/it\/wp-json\/wp\/v2\/media\/1273595"}],"wp:attachment":[{"href":"https:\/\/www.pressenza.com\/it\/wp-json\/wp\/v2\/media?parent=1273594"}],"wp:term":[{"taxonomy":"category","embeddable":true,"href":"https:\/\/www.pressenza.com\/it\/wp-json\/wp\/v2\/categories?post=1273594"},{"taxonomy":"post_tag","embeddable":true,"href":"https:\/\/www.pressenza.com\/it\/wp-json\/wp\/v2\/tags?post=1273594"}],"curies":[{"name":"wp","href":"https:\/\/api.w.org\/{rel}","templated":true}]}}