{"id":1270941,"date":"2020-12-31T14:08:20","date_gmt":"2020-12-31T14:08:20","guid":{"rendered":"https:\/\/www.pressenza.com\/?p=1270941"},"modified":"2020-12-31T14:14:49","modified_gmt":"2020-12-31T14:14:49","slug":"vite-in-trappola-letterina-al-2020","status":"publish","type":"post","link":"https:\/\/www.pressenza.com\/it\/2020\/12\/vite-in-trappola-letterina-al-2020\/","title":{"rendered":"Vite in trappola, letterina al 2020"},"content":{"rendered":"<p>Caro 2020,<\/p>\n<p>leggo ormai da qualche tempo commenti sgradevoli nei tuoi confronti e urgenza di allontanarsi al pi\u00f9 presto da te, con il forte desiderio di poterti dimenticare.<\/p>\n<p>Cos\u00ec mi sono presa del tempo per fare un breve bilancio del tuo passaggio nella mia vita e in barba ad ogni ovviet\u00e0 io sono stata bene in tua compagnia.<\/p>\n<p>Ci sono stati momenti difficili, \u00e8 vero, ma senza grosse variazioni rispetto ad altri anni: mi sono indignata, ho pianto la perdita di persone care (non per Covid), ho avuto qualche difficolt\u00e0 sul posto di lavoro (sanitario), ho cambiato il piano vacanze\u2026 e ho continuato a fare volontariato, come piace a me, nutrendomi di bellezza per ogni nuovo incontro, imparando da ogni scambio di opinioni, a volte deciso, ma sempre con il focus su un bene pi\u00f9 grande.<\/p>\n<p>Insomma, caro 2020, non \u00e8 andata male!<\/p>\n<p><strong>Il saggio, la luna e il dito<\/strong><\/p>\n<p>Ho poi spostato lo sguardo dal mio piccolo mondo verso il mondo pi\u00f9 vasto e per non farmi mancare niente sono andata a verificare il numero delle nazioni in guerra o in situazioni di conflitto. Se non ho fatto male i conti siamo a 49\u2026 Da questo numero sono esclusi gli Stati che provvedono a rifornire di armi le fazioni in lotta e\/o con basi nucleari-militari.<\/p>\n<p>Nel nostro bel pianeta rimangono una ventina di Stati non in guerra, senza forze armate e senza fabbriche d\u2019armi: notizie che si sovrappongono a quelle degli anni precedenti. Ma possibile?!<\/p>\n<p>Caro 2020, ti sei reso conto anche tu, vero? Nel bel mezzo di una pandemia globale non ci ha sfiorato l\u2019idea di fermare la produzione e la vendita di armi, di fermare le guerre. Eppure in questo ci hai dato una grande occasione. Avremmo potuto scegliere di cambiare articoli e produrre qualcosa di adeguato all\u2019emergenza. No, non l\u2019emergenza virus, che di quello ci stiamo gi\u00e0 occupando, tanto che non parliamo d\u2019altro. Mi riferisco all\u2019emergenza climatica e a tutto ci\u00f2 che serve per farvi fronte: altro che armi!<\/p>\n<p>Hai ragione, va sempre a finire cos\u00ec: tu hai avuto il compito di indicarci i problemi reali e le potenziali soluzioni e noi abbiamo visto solo un dito.<\/p>\n<p><strong>Matite colorate<\/strong><\/p>\n<p>Per\u00f2 non ti vedo deluso, perch\u00e9 un po\u2019 di luce \u00e8 arrivata e stiamo iniziando a guardare la realt\u00e0 con occhi diversi. Ci hai spinti verso i luoghi dell\u2019incertezza, della precariet\u00e0 e ci lasci una scatola di matite colorate con le quali disegnare un futuro che non conosciamo e un po\u2019 temiamo, ma che potrebbe essere migliore.<\/p>\n<p>Quest\u2019anno abbiamo parlato di reddito universale senza timori, di nuova economia, di cancellazione del debito, di ridurre le spese militari.<\/p>\n<p>Stiamo dando valore alle piccole cose, quelle legate alle relazioni, ai sentimenti; si moltiplicano le comunit\u00e0 di giovani che ritornano alla vita nella natura.<\/p>\n<p>Abbiamo appreso dell\u2019esistenza delle curve esponenziali che, spero a breve impareremo a gestire anche in relazione al riscaldamento globale.<\/p>\n<p>Abbiamo preso coscienza che Madre Terra pu\u00f2 tranquillamente fare a meno di noi\u2026 Questo dovrebbe metterci un po\u2019 pi\u00f9 di ansia e mi sa che anche il 2021 avr\u00e0 qualcosina da fare in merito.<\/p>\n<p>A fine anno sappiamo anche che \u201cogni affermazione scientifica viene ritenuta vera fino a prova contraria\u201d.<\/p>\n<p>Un fatto per\u00f2 \u00e8 certo: tutto \u00e8 interconnesso. Questo \u00e8 il regalo che mi piace di pi\u00f9. In questo sei stato grande! Limitando e modificando le mie abitudini, ho potuto vedere i fili che ci uniscono e alcuni, che erano nascosti da tanto superfluo, sono quelli che mi fanno vivere e gioire. Ognuno ha i propri da riconoscere.<\/p>\n<p><strong>Chiavi di volta<\/strong><\/p>\n<p>Non ti posso nascondere che in alcuni momenti ho avuto la sensazione di essere finita in una trappola fatta di ansia, paure, frustrazioni e rabbia\u2026 caspita! Quanta rabbia si respira! \u00c8 una trappola insidiosa, avvolge in una fitta nebbia e fa perdere ogni riferimento; resta solo il bisogno ingestibile di incolpare qualcuno. Ma \u00e8 solo fumo, l\u2019occasione di fermarmi ad ascoltare il mio cuore, spegnere televisione e social, respirare e sentire che la chiave per uscire dalla trappola \u00e8 nella mia mano.<\/p>\n<p>Caro 2020, grazie per tutte le chiavi che ci hai lasciato. Speriamo ora di saperle usare con saggezza e discernimento.<\/p>\n<p>Fonte: <a href=\"https:\/\/casaeditricecostruttoridipace.com\/blog\/societa\/vite-in-trappola-letterina-al-2020\">https:\/\/casaeditricecostruttoridipace.com\/blog\/societa\/vite-in-trappola-letterina-al-2020<\/a><\/p>\n<p>&nbsp;<\/p>\n","protected":false},"excerpt":{"rendered":"<p>Caro 2020, leggo ormai da qualche tempo commenti sgradevoli nei tuoi confronti e urgenza di allontanarsi al pi\u00f9 presto da te, con il forte desiderio di poterti dimenticare. Cos\u00ec mi sono presa del tempo per fare un breve bilancio del&hellip;<\/p>\n","protected":false},"author":594,"featured_media":1270942,"comment_status":"closed","ping_status":"closed","sticky":false,"template":"","format":"standard","meta":{"footnotes":""},"categories":[59,162,1263],"tags":[74297,72593,39211,57025,85735],"class_list":["post-1270941","post","type-post","status-publish","format-standard","has-post-thumbnail","hentry","category-ambiente-ecologia","category-opinioni","category-pace-disarmo","tag-2020-it","tag-covid","tag-emergenza-climatica","tag-guerre-it","tag-occasione"],"yoast_head":"<!-- This site is optimized with the Yoast SEO plugin v27.1.1 - https:\/\/yoast.com\/product\/yoast-seo-wordpress\/ -->\n<title>Vite in trappola, letterina al 2020<\/title>\n<meta name=\"description\" content=\"Caro 2020, leggo ormai da qualche tempo commenti sgradevoli nei tuoi confronti e urgenza di allontanarsi al pi\u00f9 presto da te, con il forte desiderio di\" \/>\n<meta name=\"robots\" content=\"index, follow, max-snippet:-1, max-image-preview:large, max-video-preview:-1\" \/>\n<link rel=\"canonical\" href=\"https:\/\/www.pressenza.com\/it\/2020\/12\/vite-in-trappola-letterina-al-2020\/\" \/>\n<meta property=\"og:locale\" content=\"it_IT\" \/>\n<meta property=\"og:type\" content=\"article\" \/>\n<meta property=\"og:title\" content=\"Vite in trappola, letterina al 2020\" \/>\n<meta property=\"og:description\" content=\"Caro 2020, leggo ormai da qualche tempo commenti sgradevoli nei tuoi confronti e urgenza di allontanarsi al pi\u00f9 presto da te, con il forte desiderio di\" \/>\n<meta property=\"og:url\" content=\"https:\/\/www.pressenza.com\/it\/2020\/12\/vite-in-trappola-letterina-al-2020\/\" \/>\n<meta property=\"og:site_name\" content=\"Pressenza\" \/>\n<meta property=\"article:publisher\" content=\"https:\/\/www.facebook.com\/PressenzaItalia\" \/>\n<meta property=\"article:author\" content=\"https:\/\/www.facebook.com\/PressenzaItalia\" \/>\n<meta property=\"article:published_time\" content=\"2020-12-31T14:08:20+00:00\" \/>\n<meta property=\"article:modified_time\" content=\"2020-12-31T14:14:49+00:00\" \/>\n<meta property=\"og:image\" content=\"https:\/\/www.pressenza.com\/wp-content\/uploads\/2020\/12\/uomini-e-mani.jpeg\" \/>\n\t<meta property=\"og:image:width\" content=\"800\" \/>\n\t<meta property=\"og:image:height\" content=\"450\" \/>\n\t<meta property=\"og:image:type\" content=\"image\/jpeg\" \/>\n<meta name=\"author\" content=\"Redazione Italia\" \/>\n<meta name=\"twitter:card\" content=\"summary_large_image\" \/>\n<meta name=\"twitter:creator\" content=\"@pressenza_it\" \/>\n<meta name=\"twitter:site\" content=\"@PressenzaIPA\" \/>\n<meta name=\"twitter:label1\" content=\"Scritto da\" \/>\n\t<meta name=\"twitter:data1\" content=\"Redazione Italia\" \/>\n\t<meta name=\"twitter:label2\" content=\"Tempo di lettura stimato\" \/>\n\t<meta name=\"twitter:data2\" content=\"4 minuti\" \/>\n<script type=\"application\/ld+json\" class=\"yoast-schema-graph\">{\"@context\":\"https:\/\/schema.org\",\"@graph\":[{\"@type\":\"Article\",\"@id\":\"https:\/\/www.pressenza.com\/it\/2020\/12\/vite-in-trappola-letterina-al-2020\/#article\",\"isPartOf\":{\"@id\":\"https:\/\/www.pressenza.com\/it\/2020\/12\/vite-in-trappola-letterina-al-2020\/\"},\"author\":{\"name\":\"Redazione Italia\",\"@id\":\"https:\/\/www.pressenza.com\/it\/#\/schema\/person\/d983e81827ae24f2c7b1a2123d197f8d\"},\"headline\":\"Vite in trappola, letterina al 2020\",\"datePublished\":\"2020-12-31T14:08:20+00:00\",\"dateModified\":\"2020-12-31T14:14:49+00:00\",\"mainEntityOfPage\":{\"@id\":\"https:\/\/www.pressenza.com\/it\/2020\/12\/vite-in-trappola-letterina-al-2020\/\"},\"wordCount\":705,\"publisher\":{\"@id\":\"https:\/\/www.pressenza.com\/it\/#organization\"},\"image\":{\"@id\":\"https:\/\/www.pressenza.com\/it\/2020\/12\/vite-in-trappola-letterina-al-2020\/#primaryimage\"},\"thumbnailUrl\":\"https:\/\/www.pressenza.com\/wp-content\/uploads\/2020\/12\/uomini-e-mani.jpeg\",\"keywords\":[\"2020\",\"covid\",\"emergenza climatica\",\"guerre\",\"occasione\"],\"articleSection\":[\"Ecologia ed Ambiente\",\"Opinioni\",\"Pace e Disarmo\"],\"inLanguage\":\"it-IT\"},{\"@type\":\"WebPage\",\"@id\":\"https:\/\/www.pressenza.com\/it\/2020\/12\/vite-in-trappola-letterina-al-2020\/\",\"url\":\"https:\/\/www.pressenza.com\/it\/2020\/12\/vite-in-trappola-letterina-al-2020\/\",\"name\":\"Vite in trappola, letterina al 2020\",\"isPartOf\":{\"@id\":\"https:\/\/www.pressenza.com\/it\/#website\"},\"primaryImageOfPage\":{\"@id\":\"https:\/\/www.pressenza.com\/it\/2020\/12\/vite-in-trappola-letterina-al-2020\/#primaryimage\"},\"image\":{\"@id\":\"https:\/\/www.pressenza.com\/it\/2020\/12\/vite-in-trappola-letterina-al-2020\/#primaryimage\"},\"thumbnailUrl\":\"https:\/\/www.pressenza.com\/wp-content\/uploads\/2020\/12\/uomini-e-mani.jpeg\",\"datePublished\":\"2020-12-31T14:08:20+00:00\",\"dateModified\":\"2020-12-31T14:14:49+00:00\",\"description\":\"Caro 2020, leggo ormai da qualche tempo commenti sgradevoli nei tuoi confronti e urgenza di allontanarsi al pi\u00f9 presto da te, con il forte desiderio di\",\"breadcrumb\":{\"@id\":\"https:\/\/www.pressenza.com\/it\/2020\/12\/vite-in-trappola-letterina-al-2020\/#breadcrumb\"},\"inLanguage\":\"it-IT\",\"potentialAction\":[{\"@type\":\"ReadAction\",\"target\":[\"https:\/\/www.pressenza.com\/it\/2020\/12\/vite-in-trappola-letterina-al-2020\/\"]}]},{\"@type\":\"ImageObject\",\"inLanguage\":\"it-IT\",\"@id\":\"https:\/\/www.pressenza.com\/it\/2020\/12\/vite-in-trappola-letterina-al-2020\/#primaryimage\",\"url\":\"https:\/\/www.pressenza.com\/wp-content\/uploads\/2020\/12\/uomini-e-mani.jpeg\",\"contentUrl\":\"https:\/\/www.pressenza.com\/wp-content\/uploads\/2020\/12\/uomini-e-mani.jpeg\",\"width\":800,\"height\":450},{\"@type\":\"BreadcrumbList\",\"@id\":\"https:\/\/www.pressenza.com\/it\/2020\/12\/vite-in-trappola-letterina-al-2020\/#breadcrumb\",\"itemListElement\":[{\"@type\":\"ListItem\",\"position\":1,\"name\":\"Accueil\",\"item\":\"https:\/\/www.pressenza.com\/it\/\"},{\"@type\":\"ListItem\",\"position\":2,\"name\":\"Vite in trappola, letterina al 2020\"}]},{\"@type\":\"WebSite\",\"@id\":\"https:\/\/www.pressenza.com\/it\/#website\",\"url\":\"https:\/\/www.pressenza.com\/it\/\",\"name\":\"Pressenza\",\"description\":\"Agenzia di Stampa Internazionale\",\"publisher\":{\"@id\":\"https:\/\/www.pressenza.com\/it\/#organization\"},\"potentialAction\":[{\"@type\":\"SearchAction\",\"target\":{\"@type\":\"EntryPoint\",\"urlTemplate\":\"https:\/\/www.pressenza.com\/it\/?s={search_term_string}\"},\"query-input\":{\"@type\":\"PropertyValueSpecification\",\"valueRequired\":true,\"valueName\":\"search_term_string\"}}],\"inLanguage\":\"it-IT\"},{\"@type\":\"Organization\",\"@id\":\"https:\/\/www.pressenza.com\/it\/#organization\",\"name\":\"Pressenza\",\"url\":\"https:\/\/www.pressenza.com\/it\/\",\"logo\":{\"@type\":\"ImageObject\",\"inLanguage\":\"it-IT\",\"@id\":\"https:\/\/www.pressenza.com\/it\/#\/schema\/logo\/image\/\",\"url\":\"https:\/\/www.pressenza.com\/wp-content\/uploads\/2022\/10\/pressenza_logo_200x200.jpg\",\"contentUrl\":\"https:\/\/www.pressenza.com\/wp-content\/uploads\/2022\/10\/pressenza_logo_200x200.jpg\",\"width\":200,\"height\":200,\"caption\":\"Pressenza\"},\"image\":{\"@id\":\"https:\/\/www.pressenza.com\/it\/#\/schema\/logo\/image\/\"},\"sameAs\":[\"https:\/\/www.facebook.com\/PressenzaItalia\",\"https:\/\/x.com\/PressenzaIPA\"]},{\"@type\":\"Person\",\"@id\":\"https:\/\/www.pressenza.com\/it\/#\/schema\/person\/d983e81827ae24f2c7b1a2123d197f8d\",\"name\":\"Redazione Italia\",\"description\":\"News from the Pressenza Bureau in Italy\",\"sameAs\":[\"https:\/\/www.pressenza.com\/it\/author\/redazione-italia\/\",\"https:\/\/www.facebook.com\/PressenzaItalia\",\"https:\/\/www.instagram.com\/pressenza_italia\/\",\"https:\/\/x.com\/pressenza_it\",\"https:\/\/www.youtube.com\/channel\/UCSalEIWjE1RSxkwjfftFuqg\"],\"url\":\"https:\/\/www.pressenza.com\/it\/author\/redazione-italia\/\"}]}<\/script>\n<!-- \/ Yoast SEO plugin. -->","yoast_head_json":{"title":"Vite in trappola, letterina al 2020","description":"Caro 2020, leggo ormai da qualche tempo commenti sgradevoli nei tuoi confronti e urgenza di allontanarsi al pi\u00f9 presto da te, con il forte desiderio di","robots":{"index":"index","follow":"follow","max-snippet":"max-snippet:-1","max-image-preview":"max-image-preview:large","max-video-preview":"max-video-preview:-1"},"canonical":"https:\/\/www.pressenza.com\/it\/2020\/12\/vite-in-trappola-letterina-al-2020\/","og_locale":"it_IT","og_type":"article","og_title":"Vite in trappola, letterina al 2020","og_description":"Caro 2020, leggo ormai da qualche tempo commenti sgradevoli nei tuoi confronti e urgenza di allontanarsi al pi\u00f9 presto da te, con il forte desiderio di","og_url":"https:\/\/www.pressenza.com\/it\/2020\/12\/vite-in-trappola-letterina-al-2020\/","og_site_name":"Pressenza","article_publisher":"https:\/\/www.facebook.com\/PressenzaItalia","article_author":"https:\/\/www.facebook.com\/PressenzaItalia","article_published_time":"2020-12-31T14:08:20+00:00","article_modified_time":"2020-12-31T14:14:49+00:00","og_image":[{"width":800,"height":450,"url":"https:\/\/www.pressenza.com\/wp-content\/uploads\/2020\/12\/uomini-e-mani.jpeg","type":"image\/jpeg"}],"author":"Redazione Italia","twitter_card":"summary_large_image","twitter_creator":"@pressenza_it","twitter_site":"@PressenzaIPA","twitter_misc":{"Scritto da":"Redazione Italia","Tempo di lettura stimato":"4 minuti"},"schema":{"@context":"https:\/\/schema.org","@graph":[{"@type":"Article","@id":"https:\/\/www.pressenza.com\/it\/2020\/12\/vite-in-trappola-letterina-al-2020\/#article","isPartOf":{"@id":"https:\/\/www.pressenza.com\/it\/2020\/12\/vite-in-trappola-letterina-al-2020\/"},"author":{"name":"Redazione Italia","@id":"https:\/\/www.pressenza.com\/it\/#\/schema\/person\/d983e81827ae24f2c7b1a2123d197f8d"},"headline":"Vite in trappola, letterina al 2020","datePublished":"2020-12-31T14:08:20+00:00","dateModified":"2020-12-31T14:14:49+00:00","mainEntityOfPage":{"@id":"https:\/\/www.pressenza.com\/it\/2020\/12\/vite-in-trappola-letterina-al-2020\/"},"wordCount":705,"publisher":{"@id":"https:\/\/www.pressenza.com\/it\/#organization"},"image":{"@id":"https:\/\/www.pressenza.com\/it\/2020\/12\/vite-in-trappola-letterina-al-2020\/#primaryimage"},"thumbnailUrl":"https:\/\/www.pressenza.com\/wp-content\/uploads\/2020\/12\/uomini-e-mani.jpeg","keywords":["2020","covid","emergenza climatica","guerre","occasione"],"articleSection":["Ecologia ed Ambiente","Opinioni","Pace e Disarmo"],"inLanguage":"it-IT"},{"@type":"WebPage","@id":"https:\/\/www.pressenza.com\/it\/2020\/12\/vite-in-trappola-letterina-al-2020\/","url":"https:\/\/www.pressenza.com\/it\/2020\/12\/vite-in-trappola-letterina-al-2020\/","name":"Vite in trappola, letterina al 2020","isPartOf":{"@id":"https:\/\/www.pressenza.com\/it\/#website"},"primaryImageOfPage":{"@id":"https:\/\/www.pressenza.com\/it\/2020\/12\/vite-in-trappola-letterina-al-2020\/#primaryimage"},"image":{"@id":"https:\/\/www.pressenza.com\/it\/2020\/12\/vite-in-trappola-letterina-al-2020\/#primaryimage"},"thumbnailUrl":"https:\/\/www.pressenza.com\/wp-content\/uploads\/2020\/12\/uomini-e-mani.jpeg","datePublished":"2020-12-31T14:08:20+00:00","dateModified":"2020-12-31T14:14:49+00:00","description":"Caro 2020, leggo ormai da qualche tempo commenti sgradevoli nei tuoi confronti e urgenza di allontanarsi al pi\u00f9 presto da te, con il forte desiderio di","breadcrumb":{"@id":"https:\/\/www.pressenza.com\/it\/2020\/12\/vite-in-trappola-letterina-al-2020\/#breadcrumb"},"inLanguage":"it-IT","potentialAction":[{"@type":"ReadAction","target":["https:\/\/www.pressenza.com\/it\/2020\/12\/vite-in-trappola-letterina-al-2020\/"]}]},{"@type":"ImageObject","inLanguage":"it-IT","@id":"https:\/\/www.pressenza.com\/it\/2020\/12\/vite-in-trappola-letterina-al-2020\/#primaryimage","url":"https:\/\/www.pressenza.com\/wp-content\/uploads\/2020\/12\/uomini-e-mani.jpeg","contentUrl":"https:\/\/www.pressenza.com\/wp-content\/uploads\/2020\/12\/uomini-e-mani.jpeg","width":800,"height":450},{"@type":"BreadcrumbList","@id":"https:\/\/www.pressenza.com\/it\/2020\/12\/vite-in-trappola-letterina-al-2020\/#breadcrumb","itemListElement":[{"@type":"ListItem","position":1,"name":"Accueil","item":"https:\/\/www.pressenza.com\/it\/"},{"@type":"ListItem","position":2,"name":"Vite in trappola, letterina al 2020"}]},{"@type":"WebSite","@id":"https:\/\/www.pressenza.com\/it\/#website","url":"https:\/\/www.pressenza.com\/it\/","name":"Pressenza","description":"Agenzia di Stampa Internazionale","publisher":{"@id":"https:\/\/www.pressenza.com\/it\/#organization"},"potentialAction":[{"@type":"SearchAction","target":{"@type":"EntryPoint","urlTemplate":"https:\/\/www.pressenza.com\/it\/?s={search_term_string}"},"query-input":{"@type":"PropertyValueSpecification","valueRequired":true,"valueName":"search_term_string"}}],"inLanguage":"it-IT"},{"@type":"Organization","@id":"https:\/\/www.pressenza.com\/it\/#organization","name":"Pressenza","url":"https:\/\/www.pressenza.com\/it\/","logo":{"@type":"ImageObject","inLanguage":"it-IT","@id":"https:\/\/www.pressenza.com\/it\/#\/schema\/logo\/image\/","url":"https:\/\/www.pressenza.com\/wp-content\/uploads\/2022\/10\/pressenza_logo_200x200.jpg","contentUrl":"https:\/\/www.pressenza.com\/wp-content\/uploads\/2022\/10\/pressenza_logo_200x200.jpg","width":200,"height":200,"caption":"Pressenza"},"image":{"@id":"https:\/\/www.pressenza.com\/it\/#\/schema\/logo\/image\/"},"sameAs":["https:\/\/www.facebook.com\/PressenzaItalia","https:\/\/x.com\/PressenzaIPA"]},{"@type":"Person","@id":"https:\/\/www.pressenza.com\/it\/#\/schema\/person\/d983e81827ae24f2c7b1a2123d197f8d","name":"Redazione Italia","description":"News from the Pressenza Bureau in Italy","sameAs":["https:\/\/www.pressenza.com\/it\/author\/redazione-italia\/","https:\/\/www.facebook.com\/PressenzaItalia","https:\/\/www.instagram.com\/pressenza_italia\/","https:\/\/x.com\/pressenza_it","https:\/\/www.youtube.com\/channel\/UCSalEIWjE1RSxkwjfftFuqg"],"url":"https:\/\/www.pressenza.com\/it\/author\/redazione-italia\/"}]}},"place":"Gabriella Colli","original_article_url":"","_links":{"self":[{"href":"https:\/\/www.pressenza.com\/it\/wp-json\/wp\/v2\/posts\/1270941","targetHints":{"allow":["GET"]}}],"collection":[{"href":"https:\/\/www.pressenza.com\/it\/wp-json\/wp\/v2\/posts"}],"about":[{"href":"https:\/\/www.pressenza.com\/it\/wp-json\/wp\/v2\/types\/post"}],"author":[{"embeddable":true,"href":"https:\/\/www.pressenza.com\/it\/wp-json\/wp\/v2\/users\/594"}],"replies":[{"embeddable":true,"href":"https:\/\/www.pressenza.com\/it\/wp-json\/wp\/v2\/comments?post=1270941"}],"version-history":[{"count":0,"href":"https:\/\/www.pressenza.com\/it\/wp-json\/wp\/v2\/posts\/1270941\/revisions"}],"wp:featuredmedia":[{"embeddable":true,"href":"https:\/\/www.pressenza.com\/it\/wp-json\/wp\/v2\/media\/1270942"}],"wp:attachment":[{"href":"https:\/\/www.pressenza.com\/it\/wp-json\/wp\/v2\/media?parent=1270941"}],"wp:term":[{"taxonomy":"category","embeddable":true,"href":"https:\/\/www.pressenza.com\/it\/wp-json\/wp\/v2\/categories?post=1270941"},{"taxonomy":"post_tag","embeddable":true,"href":"https:\/\/www.pressenza.com\/it\/wp-json\/wp\/v2\/tags?post=1270941"}],"curies":[{"name":"wp","href":"https:\/\/api.w.org\/{rel}","templated":true}]}}