{"id":1265972,"date":"2020-12-21T11:01:47","date_gmt":"2020-12-21T11:01:47","guid":{"rendered":"https:\/\/www.pressenza.com\/?p=1265972"},"modified":"2020-12-21T15:13:46","modified_gmt":"2020-12-21T15:13:46","slug":"manifestazione-antirazzista-in-corso-dopo-la-morte-di-gora-gassama","status":"publish","type":"post","link":"https:\/\/www.pressenza.com\/it\/2020\/12\/manifestazione-antirazzista-in-corso-dopo-la-morte-di-gora-gassama\/","title":{"rendered":"Manifestazione antirazzista in corso dopo la morte di Gora Gassama"},"content":{"rendered":"<p>Pubblichiamo il comunicato lanciato poche ore fa via social dal <strong><a href=\"https:\/\/www.facebook.com\/comitatolavoratoridellecampagne\/?__cft__%5b0%5d=AZU2mTI96hi-h5XE45_Q32tnLX6s3nTK49zPNXY9PzVJOba40NqxYxZPsZjd0ZYxdXSE7fgun2yCQEgxeEIOWjvPvRHFVF-dWmJvvxJvo5BDGfDeD3TttoZmELD3Ye2SfeWfMPLFLSrnVBtvh6H5tkMU&amp;__tn__=-UC%2CP-R\">Comitato Lavoratori delle Campagne<\/a>, <\/strong>relativo al corteo partito dalla tendopoli di San Ferdinando per protestare contro la morte di Gora Gassama, \u201cinvestito e lasciato morire il 18 dicembre nei pressi del porto di Gioia Tauro mentre tornava dal lavoro, perch\u00e9 nero\u201d. \u00a0Inoltre segnala il Comitato che si \u201cstanno unendo anche lavoratori e amici di altri insediamenti della piana di Goia Tauro: Oggi nessuno va al lavoro, perch\u00e9 un amico e fratello, dopo una vita di razzismo e sfruttamento, da quel razzismo \u00e8 stato ucciso. La rabbia \u00e8 troppa, non restare zitti, scendere in strada per ricordare Gora e lottare contro tutto questo \u00e8 l\u2019unica arma che ci resta\u201d.<\/p>\n<p>Gora Gassama, di origini senegalesi, \u00e8 stato investito da un\u2019auto nei pressi del porto Gioia Tauro, mentre tornava dal lavoro in bicicletta. \u201cGora viveva nella tendopoli di San Ferdinando, e lavorava come bracciante. Si tratta dell\u2019ennesima morte violenta di un lavoratore, secondo una dinamica a cui abbiamo assistito troppe volte: a bordo dell\u2019automobile tre persone del posto che investono un bracciante africano e fuggono senza prestare soccorso [\u2026] Appena \u00a02 settimane fa, nella stessa zona, un altro bracciante di origini ghanesi era stato travolto da un\u2019auto, che non si \u00e8 fermata, per fortuna senza gravi conseguenze [\u2026] \u00c8 responsabilit\u00e0 di ciascun di noi lottare e mobilitarsi ogni volta che il razzismo uccide, nelle strade, nei campi di detenzione e di lavoro, in mare, sul posto di lavoro, anche qui, sotto casa nostra\u201d.<\/p>\n<p><strong>Rest in power, Gora<\/strong><\/p>\n","protected":false},"excerpt":{"rendered":"<p>Pubblichiamo il comunicato lanciato poche ore fa via social dal Comitato Lavoratori delle Campagne, relativo al corteo partito dalla tendopoli di San Ferdinando per protestare contro la morte di Gora Gassama, \u201cinvestito e lasciato morire il 18 dicembre nei pressi&hellip;<\/p>\n","protected":false},"author":594,"featured_media":1265973,"comment_status":"closed","ping_status":"closed","sticky":false,"template":"","format":"standard","meta":{"footnotes":""},"categories":[150,60,46975,54572],"tags":[2980,54560,2636],"class_list":["post-1265972","post","type-post","status-publish","format-standard","has-post-thumbnail","hentry","category-comunicati-stampa","category-diritti-umani","category-giovani","category-migranti","tag-antirazzismo","tag-diritti-umani-es-it","tag-migranti"],"yoast_head":"<!-- This site is optimized with the Yoast SEO plugin v27.1.1 - https:\/\/yoast.com\/product\/yoast-seo-wordpress\/ -->\n<title>Manifestazione antirazzista in corso dopo la morte di Gora Gassama<\/title>\n<meta name=\"description\" content=\"Pubblichiamo il comunicato lanciato poche ore fa via social dal Comitato Lavoratori delle Campagne, relativo al corteo partito dalla tendopoli di San\" \/>\n<meta name=\"robots\" content=\"index, follow, max-snippet:-1, max-image-preview:large, max-video-preview:-1\" \/>\n<link rel=\"canonical\" href=\"https:\/\/www.pressenza.com\/it\/2020\/12\/manifestazione-antirazzista-in-corso-dopo-la-morte-di-gora-gassama\/\" \/>\n<meta property=\"og:locale\" content=\"it_IT\" \/>\n<meta property=\"og:type\" content=\"article\" \/>\n<meta property=\"og:title\" content=\"Manifestazione antirazzista in corso dopo la morte di Gora Gassama\" \/>\n<meta property=\"og:description\" content=\"Pubblichiamo il comunicato lanciato poche ore fa via social dal Comitato Lavoratori delle Campagne, relativo al corteo partito dalla tendopoli di San\" \/>\n<meta property=\"og:url\" content=\"https:\/\/www.pressenza.com\/it\/2020\/12\/manifestazione-antirazzista-in-corso-dopo-la-morte-di-gora-gassama\/\" \/>\n<meta property=\"og:site_name\" content=\"Pressenza\" \/>\n<meta property=\"article:publisher\" content=\"https:\/\/www.facebook.com\/PressenzaItalia\" \/>\n<meta property=\"article:author\" content=\"https:\/\/www.facebook.com\/PressenzaItalia\" \/>\n<meta property=\"article:published_time\" content=\"2020-12-21T11:01:47+00:00\" \/>\n<meta property=\"article:modified_time\" content=\"2020-12-21T15:13:46+00:00\" \/>\n<meta property=\"og:image\" content=\"https:\/\/www.pressenza.com\/wp-content\/uploads\/2020\/12\/132420912_3913355242063905_5810391553500477325_o.jpg\" \/>\n\t<meta property=\"og:image:width\" content=\"768\" \/>\n\t<meta property=\"og:image:height\" content=\"949\" \/>\n\t<meta property=\"og:image:type\" content=\"image\/jpeg\" \/>\n<meta name=\"author\" content=\"Redazione Italia\" \/>\n<meta name=\"twitter:card\" content=\"summary_large_image\" \/>\n<meta name=\"twitter:creator\" content=\"@pressenza_it\" \/>\n<meta name=\"twitter:site\" content=\"@PressenzaIPA\" \/>\n<meta name=\"twitter:label1\" content=\"Scritto da\" \/>\n\t<meta name=\"twitter:data1\" content=\"Redazione Italia\" \/>\n\t<meta name=\"twitter:label2\" content=\"Tempo di lettura stimato\" \/>\n\t<meta name=\"twitter:data2\" content=\"1 minuto\" \/>\n<script type=\"application\/ld+json\" class=\"yoast-schema-graph\">{\"@context\":\"https:\/\/schema.org\",\"@graph\":[{\"@type\":\"Article\",\"@id\":\"https:\/\/www.pressenza.com\/it\/2020\/12\/manifestazione-antirazzista-in-corso-dopo-la-morte-di-gora-gassama\/#article\",\"isPartOf\":{\"@id\":\"https:\/\/www.pressenza.com\/it\/2020\/12\/manifestazione-antirazzista-in-corso-dopo-la-morte-di-gora-gassama\/\"},\"author\":{\"name\":\"Redazione Italia\",\"@id\":\"https:\/\/www.pressenza.com\/it\/#\/schema\/person\/d983e81827ae24f2c7b1a2123d197f8d\"},\"headline\":\"Manifestazione antirazzista in corso dopo la morte di Gora Gassama\",\"datePublished\":\"2020-12-21T11:01:47+00:00\",\"dateModified\":\"2020-12-21T15:13:46+00:00\",\"mainEntityOfPage\":{\"@id\":\"https:\/\/www.pressenza.com\/it\/2020\/12\/manifestazione-antirazzista-in-corso-dopo-la-morte-di-gora-gassama\/\"},\"wordCount\":259,\"publisher\":{\"@id\":\"https:\/\/www.pressenza.com\/it\/#organization\"},\"image\":{\"@id\":\"https:\/\/www.pressenza.com\/it\/2020\/12\/manifestazione-antirazzista-in-corso-dopo-la-morte-di-gora-gassama\/#primaryimage\"},\"thumbnailUrl\":\"https:\/\/www.pressenza.com\/wp-content\/uploads\/2020\/12\/132420912_3913355242063905_5810391553500477325_o.jpg\",\"keywords\":[\"antirazzismo\",\"diritti umani\",\"migranti\"],\"articleSection\":[\"Comunicati Stampa\",\"Diritti Umani\",\"Giovani\",\"Migranti\"],\"inLanguage\":\"it-IT\"},{\"@type\":\"WebPage\",\"@id\":\"https:\/\/www.pressenza.com\/it\/2020\/12\/manifestazione-antirazzista-in-corso-dopo-la-morte-di-gora-gassama\/\",\"url\":\"https:\/\/www.pressenza.com\/it\/2020\/12\/manifestazione-antirazzista-in-corso-dopo-la-morte-di-gora-gassama\/\",\"name\":\"Manifestazione antirazzista in corso dopo la morte di Gora Gassama\",\"isPartOf\":{\"@id\":\"https:\/\/www.pressenza.com\/it\/#website\"},\"primaryImageOfPage\":{\"@id\":\"https:\/\/www.pressenza.com\/it\/2020\/12\/manifestazione-antirazzista-in-corso-dopo-la-morte-di-gora-gassama\/#primaryimage\"},\"image\":{\"@id\":\"https:\/\/www.pressenza.com\/it\/2020\/12\/manifestazione-antirazzista-in-corso-dopo-la-morte-di-gora-gassama\/#primaryimage\"},\"thumbnailUrl\":\"https:\/\/www.pressenza.com\/wp-content\/uploads\/2020\/12\/132420912_3913355242063905_5810391553500477325_o.jpg\",\"datePublished\":\"2020-12-21T11:01:47+00:00\",\"dateModified\":\"2020-12-21T15:13:46+00:00\",\"description\":\"Pubblichiamo il comunicato lanciato poche ore fa via social dal Comitato Lavoratori delle Campagne, relativo al corteo partito dalla tendopoli di San\",\"breadcrumb\":{\"@id\":\"https:\/\/www.pressenza.com\/it\/2020\/12\/manifestazione-antirazzista-in-corso-dopo-la-morte-di-gora-gassama\/#breadcrumb\"},\"inLanguage\":\"it-IT\",\"potentialAction\":[{\"@type\":\"ReadAction\",\"target\":[\"https:\/\/www.pressenza.com\/it\/2020\/12\/manifestazione-antirazzista-in-corso-dopo-la-morte-di-gora-gassama\/\"]}]},{\"@type\":\"ImageObject\",\"inLanguage\":\"it-IT\",\"@id\":\"https:\/\/www.pressenza.com\/it\/2020\/12\/manifestazione-antirazzista-in-corso-dopo-la-morte-di-gora-gassama\/#primaryimage\",\"url\":\"https:\/\/www.pressenza.com\/wp-content\/uploads\/2020\/12\/132420912_3913355242063905_5810391553500477325_o.jpg\",\"contentUrl\":\"https:\/\/www.pressenza.com\/wp-content\/uploads\/2020\/12\/132420912_3913355242063905_5810391553500477325_o.jpg\",\"width\":768,\"height\":949},{\"@type\":\"BreadcrumbList\",\"@id\":\"https:\/\/www.pressenza.com\/it\/2020\/12\/manifestazione-antirazzista-in-corso-dopo-la-morte-di-gora-gassama\/#breadcrumb\",\"itemListElement\":[{\"@type\":\"ListItem\",\"position\":1,\"name\":\"Accueil\",\"item\":\"https:\/\/www.pressenza.com\/it\/\"},{\"@type\":\"ListItem\",\"position\":2,\"name\":\"Manifestazione antirazzista in corso dopo la morte di Gora Gassama\"}]},{\"@type\":\"WebSite\",\"@id\":\"https:\/\/www.pressenza.com\/it\/#website\",\"url\":\"https:\/\/www.pressenza.com\/it\/\",\"name\":\"Pressenza\",\"description\":\"Agenzia di Stampa Internazionale\",\"publisher\":{\"@id\":\"https:\/\/www.pressenza.com\/it\/#organization\"},\"potentialAction\":[{\"@type\":\"SearchAction\",\"target\":{\"@type\":\"EntryPoint\",\"urlTemplate\":\"https:\/\/www.pressenza.com\/it\/?s={search_term_string}\"},\"query-input\":{\"@type\":\"PropertyValueSpecification\",\"valueRequired\":true,\"valueName\":\"search_term_string\"}}],\"inLanguage\":\"it-IT\"},{\"@type\":\"Organization\",\"@id\":\"https:\/\/www.pressenza.com\/it\/#organization\",\"name\":\"Pressenza\",\"url\":\"https:\/\/www.pressenza.com\/it\/\",\"logo\":{\"@type\":\"ImageObject\",\"inLanguage\":\"it-IT\",\"@id\":\"https:\/\/www.pressenza.com\/it\/#\/schema\/logo\/image\/\",\"url\":\"https:\/\/www.pressenza.com\/wp-content\/uploads\/2022\/10\/pressenza_logo_200x200.jpg\",\"contentUrl\":\"https:\/\/www.pressenza.com\/wp-content\/uploads\/2022\/10\/pressenza_logo_200x200.jpg\",\"width\":200,\"height\":200,\"caption\":\"Pressenza\"},\"image\":{\"@id\":\"https:\/\/www.pressenza.com\/it\/#\/schema\/logo\/image\/\"},\"sameAs\":[\"https:\/\/www.facebook.com\/PressenzaItalia\",\"https:\/\/x.com\/PressenzaIPA\"]},{\"@type\":\"Person\",\"@id\":\"https:\/\/www.pressenza.com\/it\/#\/schema\/person\/d983e81827ae24f2c7b1a2123d197f8d\",\"name\":\"Redazione Italia\",\"description\":\"News from the Pressenza Bureau in Italy\",\"sameAs\":[\"https:\/\/www.pressenza.com\/it\/author\/redazione-italia\/\",\"https:\/\/www.facebook.com\/PressenzaItalia\",\"https:\/\/www.instagram.com\/pressenza_italia\/\",\"https:\/\/x.com\/pressenza_it\",\"https:\/\/www.youtube.com\/channel\/UCSalEIWjE1RSxkwjfftFuqg\"],\"url\":\"https:\/\/www.pressenza.com\/it\/author\/redazione-italia\/\"}]}<\/script>\n<!-- \/ Yoast SEO plugin. -->","yoast_head_json":{"title":"Manifestazione antirazzista in corso dopo la morte di Gora Gassama","description":"Pubblichiamo il comunicato lanciato poche ore fa via social dal Comitato Lavoratori delle Campagne, relativo al corteo partito dalla tendopoli di San","robots":{"index":"index","follow":"follow","max-snippet":"max-snippet:-1","max-image-preview":"max-image-preview:large","max-video-preview":"max-video-preview:-1"},"canonical":"https:\/\/www.pressenza.com\/it\/2020\/12\/manifestazione-antirazzista-in-corso-dopo-la-morte-di-gora-gassama\/","og_locale":"it_IT","og_type":"article","og_title":"Manifestazione antirazzista in corso dopo la morte di Gora Gassama","og_description":"Pubblichiamo il comunicato lanciato poche ore fa via social dal Comitato Lavoratori delle Campagne, relativo al corteo partito dalla tendopoli di San","og_url":"https:\/\/www.pressenza.com\/it\/2020\/12\/manifestazione-antirazzista-in-corso-dopo-la-morte-di-gora-gassama\/","og_site_name":"Pressenza","article_publisher":"https:\/\/www.facebook.com\/PressenzaItalia","article_author":"https:\/\/www.facebook.com\/PressenzaItalia","article_published_time":"2020-12-21T11:01:47+00:00","article_modified_time":"2020-12-21T15:13:46+00:00","og_image":[{"width":768,"height":949,"url":"https:\/\/www.pressenza.com\/wp-content\/uploads\/2020\/12\/132420912_3913355242063905_5810391553500477325_o.jpg","type":"image\/jpeg"}],"author":"Redazione Italia","twitter_card":"summary_large_image","twitter_creator":"@pressenza_it","twitter_site":"@PressenzaIPA","twitter_misc":{"Scritto da":"Redazione Italia","Tempo di lettura stimato":"1 minuto"},"schema":{"@context":"https:\/\/schema.org","@graph":[{"@type":"Article","@id":"https:\/\/www.pressenza.com\/it\/2020\/12\/manifestazione-antirazzista-in-corso-dopo-la-morte-di-gora-gassama\/#article","isPartOf":{"@id":"https:\/\/www.pressenza.com\/it\/2020\/12\/manifestazione-antirazzista-in-corso-dopo-la-morte-di-gora-gassama\/"},"author":{"name":"Redazione Italia","@id":"https:\/\/www.pressenza.com\/it\/#\/schema\/person\/d983e81827ae24f2c7b1a2123d197f8d"},"headline":"Manifestazione antirazzista in corso dopo la morte di Gora Gassama","datePublished":"2020-12-21T11:01:47+00:00","dateModified":"2020-12-21T15:13:46+00:00","mainEntityOfPage":{"@id":"https:\/\/www.pressenza.com\/it\/2020\/12\/manifestazione-antirazzista-in-corso-dopo-la-morte-di-gora-gassama\/"},"wordCount":259,"publisher":{"@id":"https:\/\/www.pressenza.com\/it\/#organization"},"image":{"@id":"https:\/\/www.pressenza.com\/it\/2020\/12\/manifestazione-antirazzista-in-corso-dopo-la-morte-di-gora-gassama\/#primaryimage"},"thumbnailUrl":"https:\/\/www.pressenza.com\/wp-content\/uploads\/2020\/12\/132420912_3913355242063905_5810391553500477325_o.jpg","keywords":["antirazzismo","diritti umani","migranti"],"articleSection":["Comunicati Stampa","Diritti Umani","Giovani","Migranti"],"inLanguage":"it-IT"},{"@type":"WebPage","@id":"https:\/\/www.pressenza.com\/it\/2020\/12\/manifestazione-antirazzista-in-corso-dopo-la-morte-di-gora-gassama\/","url":"https:\/\/www.pressenza.com\/it\/2020\/12\/manifestazione-antirazzista-in-corso-dopo-la-morte-di-gora-gassama\/","name":"Manifestazione antirazzista in corso dopo la morte di Gora Gassama","isPartOf":{"@id":"https:\/\/www.pressenza.com\/it\/#website"},"primaryImageOfPage":{"@id":"https:\/\/www.pressenza.com\/it\/2020\/12\/manifestazione-antirazzista-in-corso-dopo-la-morte-di-gora-gassama\/#primaryimage"},"image":{"@id":"https:\/\/www.pressenza.com\/it\/2020\/12\/manifestazione-antirazzista-in-corso-dopo-la-morte-di-gora-gassama\/#primaryimage"},"thumbnailUrl":"https:\/\/www.pressenza.com\/wp-content\/uploads\/2020\/12\/132420912_3913355242063905_5810391553500477325_o.jpg","datePublished":"2020-12-21T11:01:47+00:00","dateModified":"2020-12-21T15:13:46+00:00","description":"Pubblichiamo il comunicato lanciato poche ore fa via social dal Comitato Lavoratori delle Campagne, relativo al corteo partito dalla tendopoli di San","breadcrumb":{"@id":"https:\/\/www.pressenza.com\/it\/2020\/12\/manifestazione-antirazzista-in-corso-dopo-la-morte-di-gora-gassama\/#breadcrumb"},"inLanguage":"it-IT","potentialAction":[{"@type":"ReadAction","target":["https:\/\/www.pressenza.com\/it\/2020\/12\/manifestazione-antirazzista-in-corso-dopo-la-morte-di-gora-gassama\/"]}]},{"@type":"ImageObject","inLanguage":"it-IT","@id":"https:\/\/www.pressenza.com\/it\/2020\/12\/manifestazione-antirazzista-in-corso-dopo-la-morte-di-gora-gassama\/#primaryimage","url":"https:\/\/www.pressenza.com\/wp-content\/uploads\/2020\/12\/132420912_3913355242063905_5810391553500477325_o.jpg","contentUrl":"https:\/\/www.pressenza.com\/wp-content\/uploads\/2020\/12\/132420912_3913355242063905_5810391553500477325_o.jpg","width":768,"height":949},{"@type":"BreadcrumbList","@id":"https:\/\/www.pressenza.com\/it\/2020\/12\/manifestazione-antirazzista-in-corso-dopo-la-morte-di-gora-gassama\/#breadcrumb","itemListElement":[{"@type":"ListItem","position":1,"name":"Accueil","item":"https:\/\/www.pressenza.com\/it\/"},{"@type":"ListItem","position":2,"name":"Manifestazione antirazzista in corso dopo la morte di Gora Gassama"}]},{"@type":"WebSite","@id":"https:\/\/www.pressenza.com\/it\/#website","url":"https:\/\/www.pressenza.com\/it\/","name":"Pressenza","description":"Agenzia di Stampa Internazionale","publisher":{"@id":"https:\/\/www.pressenza.com\/it\/#organization"},"potentialAction":[{"@type":"SearchAction","target":{"@type":"EntryPoint","urlTemplate":"https:\/\/www.pressenza.com\/it\/?s={search_term_string}"},"query-input":{"@type":"PropertyValueSpecification","valueRequired":true,"valueName":"search_term_string"}}],"inLanguage":"it-IT"},{"@type":"Organization","@id":"https:\/\/www.pressenza.com\/it\/#organization","name":"Pressenza","url":"https:\/\/www.pressenza.com\/it\/","logo":{"@type":"ImageObject","inLanguage":"it-IT","@id":"https:\/\/www.pressenza.com\/it\/#\/schema\/logo\/image\/","url":"https:\/\/www.pressenza.com\/wp-content\/uploads\/2022\/10\/pressenza_logo_200x200.jpg","contentUrl":"https:\/\/www.pressenza.com\/wp-content\/uploads\/2022\/10\/pressenza_logo_200x200.jpg","width":200,"height":200,"caption":"Pressenza"},"image":{"@id":"https:\/\/www.pressenza.com\/it\/#\/schema\/logo\/image\/"},"sameAs":["https:\/\/www.facebook.com\/PressenzaItalia","https:\/\/x.com\/PressenzaIPA"]},{"@type":"Person","@id":"https:\/\/www.pressenza.com\/it\/#\/schema\/person\/d983e81827ae24f2c7b1a2123d197f8d","name":"Redazione Italia","description":"News from the Pressenza Bureau in Italy","sameAs":["https:\/\/www.pressenza.com\/it\/author\/redazione-italia\/","https:\/\/www.facebook.com\/PressenzaItalia","https:\/\/www.instagram.com\/pressenza_italia\/","https:\/\/x.com\/pressenza_it","https:\/\/www.youtube.com\/channel\/UCSalEIWjE1RSxkwjfftFuqg"],"url":"https:\/\/www.pressenza.com\/it\/author\/redazione-italia\/"}]}},"place":"San Ferdinando","original_article_url":"","_links":{"self":[{"href":"https:\/\/www.pressenza.com\/it\/wp-json\/wp\/v2\/posts\/1265972","targetHints":{"allow":["GET"]}}],"collection":[{"href":"https:\/\/www.pressenza.com\/it\/wp-json\/wp\/v2\/posts"}],"about":[{"href":"https:\/\/www.pressenza.com\/it\/wp-json\/wp\/v2\/types\/post"}],"author":[{"embeddable":true,"href":"https:\/\/www.pressenza.com\/it\/wp-json\/wp\/v2\/users\/594"}],"replies":[{"embeddable":true,"href":"https:\/\/www.pressenza.com\/it\/wp-json\/wp\/v2\/comments?post=1265972"}],"version-history":[{"count":0,"href":"https:\/\/www.pressenza.com\/it\/wp-json\/wp\/v2\/posts\/1265972\/revisions"}],"wp:featuredmedia":[{"embeddable":true,"href":"https:\/\/www.pressenza.com\/it\/wp-json\/wp\/v2\/media\/1265973"}],"wp:attachment":[{"href":"https:\/\/www.pressenza.com\/it\/wp-json\/wp\/v2\/media?parent=1265972"}],"wp:term":[{"taxonomy":"category","embeddable":true,"href":"https:\/\/www.pressenza.com\/it\/wp-json\/wp\/v2\/categories?post=1265972"},{"taxonomy":"post_tag","embeddable":true,"href":"https:\/\/www.pressenza.com\/it\/wp-json\/wp\/v2\/tags?post=1265972"}],"curies":[{"name":"wp","href":"https:\/\/api.w.org\/{rel}","templated":true}]}}