{"id":1264408,"date":"2020-12-19T12:21:17","date_gmt":"2020-12-19T12:21:17","guid":{"rendered":"https:\/\/www.pressenza.com\/?p=1264408"},"modified":"2020-12-19T13:24:34","modified_gmt":"2020-12-19T13:24:34","slug":"venezuela-morto-a-91-anni-il-rivoluzionario-jose-vicente-rangel","status":"publish","type":"post","link":"https:\/\/www.pressenza.com\/it\/2020\/12\/venezuela-morto-a-91-anni-il-rivoluzionario-jose-vicente-rangel\/","title":{"rendered":"Venezuela, morto a 91 anni il rivoluzionario Jos\u00e9 Vicente Rangel"},"content":{"rendered":"<p>L&#8217;ex-vicepresidente del Venezuela, Jos\u00e9 Vicente Rangel, \u00e8 morto questo venerd\u00ec nella sua nativa Caracas all&#8217;et\u00e0 di 91 anni.\u00a0Dallo scorso 11 dicembre circolava la voce che Rangel fosse morto; voce in seguito\u00a0smentita dal leader del PSUV, Diosdado Cabello, che ha affermato che l&#8217;ex vicepresidente era in cattive condizioni di salute, ma \u201clotta come un guerriero per migliorarsi\u201d. La battaglia l\u2019ha persa ieri mattina.<\/p>\n<p>Giornalista, politico, intellettuale ed ex vice presidente, Rangel era nato a Caracas il 10 luglio 1929, anche se ha studiato a Barquisimeto, nello stato di Lara. La sua attivit\u00e0 politica \u00e8 iniziata all&#8217;et\u00e0 di 16 anni, nell&#8217;Unione Repubblicana Democratica (URD) che si intensific\u00f2 con la sua attiva opposizione al colpo di stato militare che rovesci\u00f2 il presidente R\u00f3mulo Gallegos nel 1948.<\/p>\n<p>Inizi\u00f2 il corso di giurisprudenza presso l&#8217;Universidad de los Andes (ULA) e continu\u00f2 i suoi studi presso l&#8217;Universit\u00e0 centrale del Venezuela (UCV). Durante quegli anni venne arrestato dalle autorit\u00e0 militari per le sue attivit\u00e0 politiche ed espulso dal paese.<\/p>\n<p>Esiliato in Cile, ha proseguito i suoi studi presso la Facolt\u00e0 di Giurisprudenza dell&#8217;Universit\u00e0 del Cile, e successivamente in Spagna, presso l&#8217;Universit\u00e0 di Salamanca, laureandosi poi all&#8217;Universit\u00e0 di Santiago de Compostela.<\/p>\n<p>Nel 1958 torna in Venezuela dopo la caduta della dittatura militare di Marcos P\u00e9rez Jim\u00e9nez, e viene eletto deputato al Congresso per cinque legislature consecutive, in rappresentanza dei partiti di sinistra: Movimiento al Socialismo (MAS), Partido Comunista de Venezuela (PCV) e il Movimento Elettorale Popolare (MEP).<\/p>\n<p>Ha corso tre volte, senza successo, come candidato alla presidenza della Repubblica alle elezioni tenutesi nel 1973, nel 1978 (entrambe dal partito MAS) e nel 1983 (dal MEP, PCV, tra le altre organizzazioni).\u00a0Insieme alla sua attivit\u00e0 politica, ha anche esercitato la professione legale.<\/p>\n<p>Come giornalista Rangel si \u00e8 occupato di vari temi, ma tra i pi\u00f9 significativi vi \u00e8 l\u2019indagine sulle violazioni dei diritti umani in Venezuela tra il 1960 e il 1970, raccolta nel libro <i>Expediente Negro<\/i> . Rangel \u00e8 stato due volte vincitore del <i>Venezuelan National Journalism Award<\/i> .<\/p>\n<p>Negli anni &#8217;90 ha praticato il giornalismo radiofonico, in televisione e in spazi stampa fino a quando \u00e8 stato chiamato a far parte del gabinetto del primo governo del presidente Hugo Ch\u00e1vez a partire dal febbraio 1999. Dal mese dello tesso anno sar\u00e0 Ministro degli Affari Esteri fino al febbraio 2001, quando \u00e8 stato nominato Ministro della Difesa.\u00a0Ha guidato il primo grande viaggio internazionale, che Ch\u00e1vez ha compiuto in visita a tutti i paesi membri dell&#8217;OPEC, nonch\u00e9 la creazione del vertice di Caracas per finalizzare gli accordi tra i Paesi membri sulla necessaria diminuzione della produzione di petrolio e quindi aumentare il suo prezzo nei mercati internazionali.<\/p>\n<p>Nel 2001 ha diretto il Ministero della Difesa ed \u00e8 diventato il primo civile a ricoprire quella carica in Venezuela, fino a maggio 2002, quando \u00e8 stato nominato Vicepresidente della Repubblica, in sostituzione di Diosdado Cabello.\u00a0Durante il colpo di stato dell&#8217;aprile 2002, ha fatto parte della resistenza che ha portato avanti la reazione popolare.<\/p>\n<p>L&#8217;8 gennaio 2007 ha lasciato la vicepresidenza del Paese e ha ricevuto una copia della spada del Libertador Sim\u00f3n Bol\u00edvar in riconoscimento del suo ruolo responsabile in politica.\u00a0Nel marzo dello stesso anno riprese il suo programma televisivo &#8220;Jos\u00e9 Vicente Hoy&#8221; e il suo primo ospite fu lo stesso Hugo Ch\u00e1vez.<\/p>\n<p>Il 17 dicembre ha abbandonato questo spazio, esattamente un giorno prima dell\u2019anniversario della morte del Libertador Sim\u00f3n Bol\u00edvar.<\/p>\n","protected":false},"excerpt":{"rendered":"<p>L&#8217;ex-vicepresidente del Venezuela, Jos\u00e9 Vicente Rangel, \u00e8 morto questo venerd\u00ec nella sua nativa Caracas all&#8217;et\u00e0 di 91 anni.\u00a0Dallo scorso 11 dicembre circolava la voce che Rangel fosse morto; voce in seguito\u00a0smentita dal leader del PSUV, Diosdado Cabello, che ha affermato&hellip;<\/p>\n","protected":false},"author":1887,"featured_media":1264409,"comment_status":"closed","ping_status":"closed","sticky":false,"template":"","format":"standard","meta":{"footnotes":""},"categories":[11388,55,48],"tags":[54564],"class_list":["post-1264408","post","type-post","status-publish","format-standard","has-post-thumbnail","hentry","category-contenuti-originali","category-politica","category-sud-america","tag-venezuela-es-it"],"yoast_head":"<!-- This site is optimized with the Yoast SEO plugin v27.1.1 - https:\/\/yoast.com\/product\/yoast-seo-wordpress\/ -->\n<title>Venezuela, morto a 91 anni il rivoluzionario Jos\u00e9 Vicente Rangel<\/title>\n<meta name=\"description\" content=\"L&#039;ex-vicepresidente del Venezuela, Jos\u00e9 Vicente Rangel, \u00e8 morto questo venerd\u00ec nella sua nativa Caracas all&#039;et\u00e0 di 91 anni.\u00a0Dallo scorso 11 dicembre\" \/>\n<meta name=\"robots\" content=\"index, follow, max-snippet:-1, max-image-preview:large, max-video-preview:-1\" \/>\n<link rel=\"canonical\" href=\"https:\/\/www.pressenza.com\/it\/2020\/12\/venezuela-morto-a-91-anni-il-rivoluzionario-jose-vicente-rangel\/\" \/>\n<meta property=\"og:locale\" content=\"it_IT\" \/>\n<meta property=\"og:type\" content=\"article\" \/>\n<meta property=\"og:title\" content=\"Venezuela, morto a 91 anni il rivoluzionario Jos\u00e9 Vicente Rangel\" \/>\n<meta property=\"og:description\" content=\"L&#039;ex-vicepresidente del Venezuela, Jos\u00e9 Vicente Rangel, \u00e8 morto questo venerd\u00ec nella sua nativa Caracas all&#039;et\u00e0 di 91 anni.\u00a0Dallo scorso 11 dicembre\" \/>\n<meta property=\"og:url\" content=\"https:\/\/www.pressenza.com\/it\/2020\/12\/venezuela-morto-a-91-anni-il-rivoluzionario-jose-vicente-rangel\/\" \/>\n<meta property=\"og:site_name\" content=\"Pressenza\" \/>\n<meta property=\"article:publisher\" content=\"https:\/\/www.facebook.com\/PressenzaItalia\" \/>\n<meta property=\"article:published_time\" content=\"2020-12-19T12:21:17+00:00\" \/>\n<meta property=\"article:modified_time\" content=\"2020-12-19T13:24:34+00:00\" \/>\n<meta property=\"og:image\" content=\"https:\/\/www.pressenza.com\/wp-content\/uploads\/2020\/12\/Jose-Vicente-telesur.jpg\" \/>\n\t<meta property=\"og:image:width\" content=\"800\" \/>\n\t<meta property=\"og:image:height\" content=\"500\" \/>\n\t<meta property=\"og:image:type\" content=\"image\/jpeg\" \/>\n<meta name=\"author\" content=\"Lorenzo Poli\" \/>\n<meta name=\"twitter:card\" content=\"summary_large_image\" \/>\n<meta name=\"twitter:creator\" content=\"@PressenzaIPA\" \/>\n<meta name=\"twitter:site\" content=\"@PressenzaIPA\" \/>\n<meta name=\"twitter:label1\" content=\"Scritto da\" \/>\n\t<meta name=\"twitter:data1\" content=\"Lorenzo Poli\" \/>\n\t<meta name=\"twitter:label2\" content=\"Tempo di lettura stimato\" \/>\n\t<meta name=\"twitter:data2\" content=\"3 minuti\" \/>\n<script type=\"application\/ld+json\" class=\"yoast-schema-graph\">{\"@context\":\"https:\/\/schema.org\",\"@graph\":[{\"@type\":\"Article\",\"@id\":\"https:\/\/www.pressenza.com\/it\/2020\/12\/venezuela-morto-a-91-anni-il-rivoluzionario-jose-vicente-rangel\/#article\",\"isPartOf\":{\"@id\":\"https:\/\/www.pressenza.com\/it\/2020\/12\/venezuela-morto-a-91-anni-il-rivoluzionario-jose-vicente-rangel\/\"},\"author\":{\"name\":\"Lorenzo Poli\",\"@id\":\"https:\/\/www.pressenza.com\/it\/#\/schema\/person\/83cab62d5aaad28d2ef7c9b71a62926b\"},\"headline\":\"Venezuela, morto a 91 anni il rivoluzionario Jos\u00e9 Vicente Rangel\",\"datePublished\":\"2020-12-19T12:21:17+00:00\",\"dateModified\":\"2020-12-19T13:24:34+00:00\",\"mainEntityOfPage\":{\"@id\":\"https:\/\/www.pressenza.com\/it\/2020\/12\/venezuela-morto-a-91-anni-il-rivoluzionario-jose-vicente-rangel\/\"},\"wordCount\":568,\"publisher\":{\"@id\":\"https:\/\/www.pressenza.com\/it\/#organization\"},\"image\":{\"@id\":\"https:\/\/www.pressenza.com\/it\/2020\/12\/venezuela-morto-a-91-anni-il-rivoluzionario-jose-vicente-rangel\/#primaryimage\"},\"thumbnailUrl\":\"https:\/\/www.pressenza.com\/wp-content\/uploads\/2020\/12\/Jose-Vicente-telesur.jpg\",\"keywords\":[\"Venezuela\"],\"articleSection\":[\"contenuti originali\",\"Politica\",\"Sud America\"],\"inLanguage\":\"it-IT\"},{\"@type\":\"WebPage\",\"@id\":\"https:\/\/www.pressenza.com\/it\/2020\/12\/venezuela-morto-a-91-anni-il-rivoluzionario-jose-vicente-rangel\/\",\"url\":\"https:\/\/www.pressenza.com\/it\/2020\/12\/venezuela-morto-a-91-anni-il-rivoluzionario-jose-vicente-rangel\/\",\"name\":\"Venezuela, morto a 91 anni il rivoluzionario Jos\u00e9 Vicente Rangel\",\"isPartOf\":{\"@id\":\"https:\/\/www.pressenza.com\/it\/#website\"},\"primaryImageOfPage\":{\"@id\":\"https:\/\/www.pressenza.com\/it\/2020\/12\/venezuela-morto-a-91-anni-il-rivoluzionario-jose-vicente-rangel\/#primaryimage\"},\"image\":{\"@id\":\"https:\/\/www.pressenza.com\/it\/2020\/12\/venezuela-morto-a-91-anni-il-rivoluzionario-jose-vicente-rangel\/#primaryimage\"},\"thumbnailUrl\":\"https:\/\/www.pressenza.com\/wp-content\/uploads\/2020\/12\/Jose-Vicente-telesur.jpg\",\"datePublished\":\"2020-12-19T12:21:17+00:00\",\"dateModified\":\"2020-12-19T13:24:34+00:00\",\"description\":\"L'ex-vicepresidente del Venezuela, Jos\u00e9 Vicente Rangel, \u00e8 morto questo venerd\u00ec nella sua nativa Caracas all'et\u00e0 di 91 anni.\u00a0Dallo scorso 11 dicembre\",\"breadcrumb\":{\"@id\":\"https:\/\/www.pressenza.com\/it\/2020\/12\/venezuela-morto-a-91-anni-il-rivoluzionario-jose-vicente-rangel\/#breadcrumb\"},\"inLanguage\":\"it-IT\",\"potentialAction\":[{\"@type\":\"ReadAction\",\"target\":[\"https:\/\/www.pressenza.com\/it\/2020\/12\/venezuela-morto-a-91-anni-il-rivoluzionario-jose-vicente-rangel\/\"]}]},{\"@type\":\"ImageObject\",\"inLanguage\":\"it-IT\",\"@id\":\"https:\/\/www.pressenza.com\/it\/2020\/12\/venezuela-morto-a-91-anni-il-rivoluzionario-jose-vicente-rangel\/#primaryimage\",\"url\":\"https:\/\/www.pressenza.com\/wp-content\/uploads\/2020\/12\/Jose-Vicente-telesur.jpg\",\"contentUrl\":\"https:\/\/www.pressenza.com\/wp-content\/uploads\/2020\/12\/Jose-Vicente-telesur.jpg\",\"width\":800,\"height\":500},{\"@type\":\"BreadcrumbList\",\"@id\":\"https:\/\/www.pressenza.com\/it\/2020\/12\/venezuela-morto-a-91-anni-il-rivoluzionario-jose-vicente-rangel\/#breadcrumb\",\"itemListElement\":[{\"@type\":\"ListItem\",\"position\":1,\"name\":\"Accueil\",\"item\":\"https:\/\/www.pressenza.com\/it\/\"},{\"@type\":\"ListItem\",\"position\":2,\"name\":\"Venezuela, morto a 91 anni il rivoluzionario Jos\u00e9 Vicente Rangel\"}]},{\"@type\":\"WebSite\",\"@id\":\"https:\/\/www.pressenza.com\/it\/#website\",\"url\":\"https:\/\/www.pressenza.com\/it\/\",\"name\":\"Pressenza\",\"description\":\"Agenzia di Stampa Internazionale\",\"publisher\":{\"@id\":\"https:\/\/www.pressenza.com\/it\/#organization\"},\"potentialAction\":[{\"@type\":\"SearchAction\",\"target\":{\"@type\":\"EntryPoint\",\"urlTemplate\":\"https:\/\/www.pressenza.com\/it\/?s={search_term_string}\"},\"query-input\":{\"@type\":\"PropertyValueSpecification\",\"valueRequired\":true,\"valueName\":\"search_term_string\"}}],\"inLanguage\":\"it-IT\"},{\"@type\":\"Organization\",\"@id\":\"https:\/\/www.pressenza.com\/it\/#organization\",\"name\":\"Pressenza\",\"url\":\"https:\/\/www.pressenza.com\/it\/\",\"logo\":{\"@type\":\"ImageObject\",\"inLanguage\":\"it-IT\",\"@id\":\"https:\/\/www.pressenza.com\/it\/#\/schema\/logo\/image\/\",\"url\":\"https:\/\/www.pressenza.com\/wp-content\/uploads\/2022\/10\/pressenza_logo_200x200.jpg\",\"contentUrl\":\"https:\/\/www.pressenza.com\/wp-content\/uploads\/2022\/10\/pressenza_logo_200x200.jpg\",\"width\":200,\"height\":200,\"caption\":\"Pressenza\"},\"image\":{\"@id\":\"https:\/\/www.pressenza.com\/it\/#\/schema\/logo\/image\/\"},\"sameAs\":[\"https:\/\/www.facebook.com\/PressenzaItalia\",\"https:\/\/x.com\/PressenzaIPA\"]},{\"@type\":\"Person\",\"@id\":\"https:\/\/www.pressenza.com\/it\/#\/schema\/person\/83cab62d5aaad28d2ef7c9b71a62926b\",\"name\":\"Lorenzo Poli\",\"url\":\"https:\/\/www.pressenza.com\/it\/author\/lorenzo-poli\/\"}]}<\/script>\n<!-- \/ Yoast SEO plugin. -->","yoast_head_json":{"title":"Venezuela, morto a 91 anni il rivoluzionario Jos\u00e9 Vicente Rangel","description":"L'ex-vicepresidente del Venezuela, Jos\u00e9 Vicente Rangel, \u00e8 morto questo venerd\u00ec nella sua nativa Caracas all'et\u00e0 di 91 anni.\u00a0Dallo scorso 11 dicembre","robots":{"index":"index","follow":"follow","max-snippet":"max-snippet:-1","max-image-preview":"max-image-preview:large","max-video-preview":"max-video-preview:-1"},"canonical":"https:\/\/www.pressenza.com\/it\/2020\/12\/venezuela-morto-a-91-anni-il-rivoluzionario-jose-vicente-rangel\/","og_locale":"it_IT","og_type":"article","og_title":"Venezuela, morto a 91 anni il rivoluzionario Jos\u00e9 Vicente Rangel","og_description":"L'ex-vicepresidente del Venezuela, Jos\u00e9 Vicente Rangel, \u00e8 morto questo venerd\u00ec nella sua nativa Caracas all'et\u00e0 di 91 anni.\u00a0Dallo scorso 11 dicembre","og_url":"https:\/\/www.pressenza.com\/it\/2020\/12\/venezuela-morto-a-91-anni-il-rivoluzionario-jose-vicente-rangel\/","og_site_name":"Pressenza","article_publisher":"https:\/\/www.facebook.com\/PressenzaItalia","article_published_time":"2020-12-19T12:21:17+00:00","article_modified_time":"2020-12-19T13:24:34+00:00","og_image":[{"width":800,"height":500,"url":"https:\/\/www.pressenza.com\/wp-content\/uploads\/2020\/12\/Jose-Vicente-telesur.jpg","type":"image\/jpeg"}],"author":"Lorenzo Poli","twitter_card":"summary_large_image","twitter_creator":"@PressenzaIPA","twitter_site":"@PressenzaIPA","twitter_misc":{"Scritto da":"Lorenzo Poli","Tempo di lettura stimato":"3 minuti"},"schema":{"@context":"https:\/\/schema.org","@graph":[{"@type":"Article","@id":"https:\/\/www.pressenza.com\/it\/2020\/12\/venezuela-morto-a-91-anni-il-rivoluzionario-jose-vicente-rangel\/#article","isPartOf":{"@id":"https:\/\/www.pressenza.com\/it\/2020\/12\/venezuela-morto-a-91-anni-il-rivoluzionario-jose-vicente-rangel\/"},"author":{"name":"Lorenzo Poli","@id":"https:\/\/www.pressenza.com\/it\/#\/schema\/person\/83cab62d5aaad28d2ef7c9b71a62926b"},"headline":"Venezuela, morto a 91 anni il rivoluzionario Jos\u00e9 Vicente Rangel","datePublished":"2020-12-19T12:21:17+00:00","dateModified":"2020-12-19T13:24:34+00:00","mainEntityOfPage":{"@id":"https:\/\/www.pressenza.com\/it\/2020\/12\/venezuela-morto-a-91-anni-il-rivoluzionario-jose-vicente-rangel\/"},"wordCount":568,"publisher":{"@id":"https:\/\/www.pressenza.com\/it\/#organization"},"image":{"@id":"https:\/\/www.pressenza.com\/it\/2020\/12\/venezuela-morto-a-91-anni-il-rivoluzionario-jose-vicente-rangel\/#primaryimage"},"thumbnailUrl":"https:\/\/www.pressenza.com\/wp-content\/uploads\/2020\/12\/Jose-Vicente-telesur.jpg","keywords":["Venezuela"],"articleSection":["contenuti originali","Politica","Sud America"],"inLanguage":"it-IT"},{"@type":"WebPage","@id":"https:\/\/www.pressenza.com\/it\/2020\/12\/venezuela-morto-a-91-anni-il-rivoluzionario-jose-vicente-rangel\/","url":"https:\/\/www.pressenza.com\/it\/2020\/12\/venezuela-morto-a-91-anni-il-rivoluzionario-jose-vicente-rangel\/","name":"Venezuela, morto a 91 anni il rivoluzionario Jos\u00e9 Vicente Rangel","isPartOf":{"@id":"https:\/\/www.pressenza.com\/it\/#website"},"primaryImageOfPage":{"@id":"https:\/\/www.pressenza.com\/it\/2020\/12\/venezuela-morto-a-91-anni-il-rivoluzionario-jose-vicente-rangel\/#primaryimage"},"image":{"@id":"https:\/\/www.pressenza.com\/it\/2020\/12\/venezuela-morto-a-91-anni-il-rivoluzionario-jose-vicente-rangel\/#primaryimage"},"thumbnailUrl":"https:\/\/www.pressenza.com\/wp-content\/uploads\/2020\/12\/Jose-Vicente-telesur.jpg","datePublished":"2020-12-19T12:21:17+00:00","dateModified":"2020-12-19T13:24:34+00:00","description":"L'ex-vicepresidente del Venezuela, Jos\u00e9 Vicente Rangel, \u00e8 morto questo venerd\u00ec nella sua nativa Caracas all'et\u00e0 di 91 anni.\u00a0Dallo scorso 11 dicembre","breadcrumb":{"@id":"https:\/\/www.pressenza.com\/it\/2020\/12\/venezuela-morto-a-91-anni-il-rivoluzionario-jose-vicente-rangel\/#breadcrumb"},"inLanguage":"it-IT","potentialAction":[{"@type":"ReadAction","target":["https:\/\/www.pressenza.com\/it\/2020\/12\/venezuela-morto-a-91-anni-il-rivoluzionario-jose-vicente-rangel\/"]}]},{"@type":"ImageObject","inLanguage":"it-IT","@id":"https:\/\/www.pressenza.com\/it\/2020\/12\/venezuela-morto-a-91-anni-il-rivoluzionario-jose-vicente-rangel\/#primaryimage","url":"https:\/\/www.pressenza.com\/wp-content\/uploads\/2020\/12\/Jose-Vicente-telesur.jpg","contentUrl":"https:\/\/www.pressenza.com\/wp-content\/uploads\/2020\/12\/Jose-Vicente-telesur.jpg","width":800,"height":500},{"@type":"BreadcrumbList","@id":"https:\/\/www.pressenza.com\/it\/2020\/12\/venezuela-morto-a-91-anni-il-rivoluzionario-jose-vicente-rangel\/#breadcrumb","itemListElement":[{"@type":"ListItem","position":1,"name":"Accueil","item":"https:\/\/www.pressenza.com\/it\/"},{"@type":"ListItem","position":2,"name":"Venezuela, morto a 91 anni il rivoluzionario Jos\u00e9 Vicente Rangel"}]},{"@type":"WebSite","@id":"https:\/\/www.pressenza.com\/it\/#website","url":"https:\/\/www.pressenza.com\/it\/","name":"Pressenza","description":"Agenzia di Stampa Internazionale","publisher":{"@id":"https:\/\/www.pressenza.com\/it\/#organization"},"potentialAction":[{"@type":"SearchAction","target":{"@type":"EntryPoint","urlTemplate":"https:\/\/www.pressenza.com\/it\/?s={search_term_string}"},"query-input":{"@type":"PropertyValueSpecification","valueRequired":true,"valueName":"search_term_string"}}],"inLanguage":"it-IT"},{"@type":"Organization","@id":"https:\/\/www.pressenza.com\/it\/#organization","name":"Pressenza","url":"https:\/\/www.pressenza.com\/it\/","logo":{"@type":"ImageObject","inLanguage":"it-IT","@id":"https:\/\/www.pressenza.com\/it\/#\/schema\/logo\/image\/","url":"https:\/\/www.pressenza.com\/wp-content\/uploads\/2022\/10\/pressenza_logo_200x200.jpg","contentUrl":"https:\/\/www.pressenza.com\/wp-content\/uploads\/2022\/10\/pressenza_logo_200x200.jpg","width":200,"height":200,"caption":"Pressenza"},"image":{"@id":"https:\/\/www.pressenza.com\/it\/#\/schema\/logo\/image\/"},"sameAs":["https:\/\/www.facebook.com\/PressenzaItalia","https:\/\/x.com\/PressenzaIPA"]},{"@type":"Person","@id":"https:\/\/www.pressenza.com\/it\/#\/schema\/person\/83cab62d5aaad28d2ef7c9b71a62926b","name":"Lorenzo Poli","url":"https:\/\/www.pressenza.com\/it\/author\/lorenzo-poli\/"}]}},"place":"","original_article_url":"","_links":{"self":[{"href":"https:\/\/www.pressenza.com\/it\/wp-json\/wp\/v2\/posts\/1264408","targetHints":{"allow":["GET"]}}],"collection":[{"href":"https:\/\/www.pressenza.com\/it\/wp-json\/wp\/v2\/posts"}],"about":[{"href":"https:\/\/www.pressenza.com\/it\/wp-json\/wp\/v2\/types\/post"}],"author":[{"embeddable":true,"href":"https:\/\/www.pressenza.com\/it\/wp-json\/wp\/v2\/users\/1887"}],"replies":[{"embeddable":true,"href":"https:\/\/www.pressenza.com\/it\/wp-json\/wp\/v2\/comments?post=1264408"}],"version-history":[{"count":0,"href":"https:\/\/www.pressenza.com\/it\/wp-json\/wp\/v2\/posts\/1264408\/revisions"}],"wp:featuredmedia":[{"embeddable":true,"href":"https:\/\/www.pressenza.com\/it\/wp-json\/wp\/v2\/media\/1264409"}],"wp:attachment":[{"href":"https:\/\/www.pressenza.com\/it\/wp-json\/wp\/v2\/media?parent=1264408"}],"wp:term":[{"taxonomy":"category","embeddable":true,"href":"https:\/\/www.pressenza.com\/it\/wp-json\/wp\/v2\/categories?post=1264408"},{"taxonomy":"post_tag","embeddable":true,"href":"https:\/\/www.pressenza.com\/it\/wp-json\/wp\/v2\/tags?post=1264408"}],"curies":[{"name":"wp","href":"https:\/\/api.w.org\/{rel}","templated":true}]}}