{"id":1263751,"date":"2020-12-18T14:31:42","date_gmt":"2020-12-18T14:31:42","guid":{"rendered":"https:\/\/www.pressenza.com\/?p=1263751"},"modified":"2020-12-18T14:31:42","modified_gmt":"2020-12-18T14:31:42","slug":"songs-for-the-sala-canzoni-di-speranza-e-ispirazione","status":"publish","type":"post","link":"https:\/\/www.pressenza.com\/it\/2020\/12\/songs-for-the-sala-canzoni-di-speranza-e-ispirazione\/","title":{"rendered":"Songs for the Sala: Canzoni di Speranza e Ispirazione"},"content":{"rendered":"<p>Ascoltando i brani di quest&#8217;album, una collaborazione tra artisti di cinque continenti di canzoni ispirate agli insegnamenti e ai progetti di Mario Rodriques Cobos (meglio conosciuto come Silo, scrittore, insegnante, guida e fondatore della guida spirituale dei Movimenti Umanisti), pu\u00f2 suscitare speranza e ispirazione come riesce a fare la musica che tocca il cuore.<\/p>\n<p>Potete trovare l&#8217;album Songs for the Sala, curato da Mark Lesseraux e Chris Wells, su <a href=\"https:\/\/salasongs.bandcamp.com\/releases\">https:\/\/salasongs.bandcamp.com\/releases<\/a>. \u00c8 stato prodotto come raccolta fondi per aiutare a completare la sala di meditazione dell&#8217;Hudson Valley Park of Study and Reflection. L&#8217;album raccoglie le canzoni e la musica di otto cantautori e musicisti molto diversi tra loro.<\/p>\n<p>Edge of the Night, del cantautore Mark Lesseraux, apre l&#8217;album. Scritta sulle note di un ukulele nella sala del Parque de Estudio y Reflexi\u00f3n di Punta de Vacas, in Argentina, \u00e8 ispirata al tema della Guida interna e dell&#8217;Esperienza Guidata dal titolo &#8220;La potettrice della vita&#8221;, tratta dagli insegnamenti\/libri di Silo e anche parzialmente ispirato al film Shining.<\/p>\n<p>Un album creato come raccolta fondi per una Sala di Meditazione che spera di essere un faro luminoso, uno spazio aperto dove chiunque pu\u00f2 entrare in contatto con il meglio di s\u00e9, con il significato e le proprie migliori aspirazioni, i testi e la melodia determinano l&#8217;atmosfera dell&#8217;album, con un ritornello che fa:<\/p>\n<p>\u201cAl limite della notte<br \/>\nQuando sei perso e impaurito<br \/>\nNel cuore della notte invernale<br \/>\nIo sar\u00f2 la tua luce\u201d<\/p>\n<p>La seconda traccia di Chris Wells, cantautore, attore, insegnante e Siloista residente a New York, parla di Silo. Racconta di aver iniziato a comporre questa canzone in occasione del 50\u00b0 anniversario della conferenza di Silo \u201cLa guarigione della sofferenza\u201d, che ha tenuto a Punta de Vacas, in Argentina (in cima alle Ande), poich\u00e9 le riunioni pubbliche non erano consentite dalla dittatura dell&#8217;epoca. Come recitano alcuni versi, la canzone \u00e8 una testimonianza commovente:<\/p>\n<p>\u201cHa nominato la violenza pronta a esplodere<br \/>\nIndicato l&#8217;uscita, era in fondo alla strada interna<\/p>\n<p>E tutti questi anni dopo, mi riecheggia nelle ossa<br \/>\nRiecheggia nello spazio profondo con lievi allusioni<br \/>\nUna semplice verit\u00e0 ma un sentiero roccioso e ogni giorno ricominciamo<br \/>\nCambia te stesso e cambia il mondo<br \/>\nLa luce del significato guarisce il cuore&#8221;<\/p>\n<p>I brani successivi, composti da artisti provenienti da diversi ambienti, sono una fusione di stili diversi.<\/p>\n<p>Mara Repa, cantante e cantautrice di Atene, in Grecia, contribuisce con tre canzoni. Vive e lavora ad Atene come vocal coach di canto contemporaneo. Ispirata dagli insegnamenti di Silo, Mara aspira al tipo di Arte che mette in contatto con s\u00e9 stessi, con l&#8217;umano e con la fede in un futuro aperto. Per citare dalle note dell&#8217;album:<\/p>\n<p>\u201cEna-One&#8221; \u00e8 stato utilizzato per i titoli finali del documentario \u201cm\u00e1s all\u00e1 de la venganza\u201d- 2016. La canzone vede l&#8217;umanit\u00e0 come un organismo e le persone come le sue cellule, facendo un parallelismo con il corpo umano e le sue parti. Ogni separazione e isolamento in entrambi i casi viene vissuto come violenza, mentre uno Sguardo Interno alla profonda tendenza dell&#8217;Umano supera la frattura e riporta inevitabilmente a casa, ad essere Uno.<\/p>\n<p>&#8220;To Go Ahead&#8221; \u00e8 un progetto \u2013 canzone ispirato alla Rotta Balcanica della Marcia Mondiale per la Pace e la Non Violenza \u2013 2009. La canzone \u00e8 stata scritta nell&#8217;estate del 2009, durante la preparazione della Marcia Mondiale, per incoraggiare al viaggio della vita, un viaggio nel mondo dei sensi lungo quanto il viaggio nel proprio mondo interiore, per trovare l&#8217;altro e trovare s\u00e9 stessi.<\/p>\n<p>&#8220;The Question&#8221; \u00e8 stata scritta come trailer musicale del documentario \u201cM\u00e1s all\u00e1 de la Venganza\u201d \u2013 2016. La canzone \u00e8 ispirata alla forza delle persone intervistate durante il documentario che, pur vivendo una grave ingiustizia, scelgono di mettere la loro intenzione e risoluzione per andare avanti con le loro vite libere dal risentimento, aprendo a s\u00e9 stesse e agli altri strade di luce.<\/p>\n<p>Dal Sud America, ci sono due canzoni in spagnolo di Ernesto e Leo Rodriguez \u2013 &#8220;La Maravilla&#8221; e &#8220;En El Silencio de tu Mente&#8221;.<\/p>\n<p>Riguardo a La Maravilla, dice: \u201cIntorno all&#8217;anno 2000, abbiamo fondato un gruppo musicale, i Mezclao, insieme ad altri amici siloisti, e quando \u00e8 emerso il messaggio di Silo, ci ha ispirato a comporre canzoni che esprimessero questa nuova spiritualit\u00e0. Questa canzone \u00e8 ispirata al contatto con il centro luminoso che tutti abbiamo dentro di noi. \u00c8 la prima canzone che ho composto con mio figlio Leo Rodriguez per il primo cd del gruppo Mezclao.\u201d<\/p>\n<p>La canzone En El Silencio de tu Mente \u201cparla del sacro, che \u00e8 sempre presente, ci accompagna, anche se a volte non riusciamo a percepirlo. Possiamo entrare in contatto con lui nel silenzio della nostra mente. \u00c8 una canzone molto dolce, magnificamente eseguita da Alicia Delb\u00f3n. L&#8217;ho composta con mio figlio Leo Rodriguez per il secondo cd del gruppo Mezclao.\u201d<\/p>\n<p>La canzone di Narco Bourgeois e Jeremiah Hosea dal titolo &#8220;Love&#8217;s The Highest Truth&#8221; \u00e8 \u201cuna canzone sull&#8217;apprezzamento della vita. Parla anche di apprezzare l&#8217;amicizia e le relazioni familiari e del perdono. Parla dell&#8217;universalit\u00e0 dell&#8217;amore e dell&#8217;idea che l&#8217;amore vada oltre le parole.\u201d<\/p>\n<p>Dall&#8217;India arriva la canzone scritta da Suresh Mehta, dal titolo \u201cAhimsa \u2013 Peace \u2013 Give it a Chance\u201d, che ha anche composto la melodia. La musica \u00e8 stata fornita da un insegnante di musica, che l&#8217;ha suonata insieme a due suoi studenti, ed \u00e8 stata cantata dai suoi familiari. E, da Wanaco 32 e Norton Repex, arriva una canzone rap, dal titolo &#8220;Kronos&#8221;.<\/p>\n<p>Gli ultimi due brani che completano la raccolta sono di Chris Wells e Mark L Mark Lesseraux.<\/p>\n<p>&#8220;Every Single Person&#8221; parla di vedere gli altri come completamente umani, ognuno dei quali \u00e8 unico. Mentre due strofe fanno&#8230;<\/p>\n<p>\u201cE se si potesse essere testimoni di ogni vita?<br \/>\nE se tutti fossero amati (anche soltanto un po&#8217;)?<br \/>\nE se tutti potessero essere solidi nella propria anima?<br \/>\nOgni singola persona al mondo<br \/>\nOgni singola persona al mondo\u201d<\/p>\n<p>E se ogni bambino fosse nutrito?<br \/>\nE se ogni casa fosse al sicuro?<br \/>\nE se ogni cuore fosse tanto fiero quanto sincero?<br \/>\nOgni singola persona al mondo<br \/>\nOgni singola persona al mondo<\/p>\n<p>L&#8217;ultima canzone, dal titolo, &#8220;We want peace on earth&#8221;, \u00e8 un inno ottimistico, un inno e una richiesta di nuove soluzioni e nuove direzioni verso una tanto necessaria pace e un mondo senza violenza.<\/p>\n<p>Visitate il sito: <a href=\"https:\/\/salasongs.bandcamp.com\/releases\">https:\/\/salasongs.bandcamp.com\/releases<\/a><\/p>\n<p>Se volete sostenere la raccolta fondi, l&#8217;album digitale \u00e8 disponibile per lo streaming e il download. Comprende lo streaming illimitato tramite l&#8217;app gratuita Bandcamp e il download di alta qualit\u00e0 in MP3, FLAC e altri formati.<\/p>\n<p>Tutti i proventi sosterranno la costruzione di un padiglione di meditazione (\u201cSala\u201d) all&#8217;Hudson Valley Park of Study and Reflection (<a href=\"http:\/\/www.hudsonvalleypark.org\/\">www.hudsonvalleypark.org<\/a>).<\/p>\n<p>Potete anche vedere un cortometraggio sulla Sala che ha vinto il People&#8217;s Choice Award 2020 dell&#8217;AIA (Istituto Americano degli Architetti) al link <a href=\"https:\/\/www.youtube.com\/watch?v=K9FhTJvloGo\">www.youtube.com\/watch?v=K9FhTJvloGo<\/a><\/p>\n<p>Crediti<br \/>\npubblicato il 1\u00b0 dicembre 2020<br \/>\nCurato da Mark Lesseraux e Chris Wells<br \/>\nTraduzioni di Trudi Richards e Patricia Rios<br \/>\nIllustrazione di copertina di Rafael Edwards<\/p>\n<p><em>Traduzione dall&#8217;inglese di Simona Trapani. Revisione: Silvia Nocera<\/em><\/p>\n","protected":false},"excerpt":{"rendered":"<p>Ascoltando i brani di quest&#8217;album, una collaborazione tra artisti di cinque continenti di canzoni ispirate agli insegnamenti e ai progetti di Mario Rodriques Cobos (meglio conosciuto come Silo, scrittore, insegnante, guida e fondatore della guida spirituale dei Movimenti Umanisti), pu\u00f2&hellip;<\/p>\n","protected":false},"author":1464,"featured_media":1261017,"comment_status":"closed","ping_status":"closed","sticky":false,"template":"","format":"standard","meta":{"footnotes":""},"categories":[11388,56,38,1260],"tags":[5179,85362,2791],"class_list":["post-1263751","post","type-post","status-publish","format-standard","has-post-thumbnail","hentry","category-contenuti-originali","category-cultura","category-internazionale","category-umanesimo-spiritualita","tag-nonviolenza-attiva","tag-parco-di-studio-e-riflessione-della-valle-dellhudson","tag-silo-it"],"yoast_head":"<!-- This site is optimized with the Yoast SEO plugin v27.1.1 - https:\/\/yoast.com\/product\/yoast-seo-wordpress\/ -->\n<title>Songs for the Sala: Canzoni di Speranza e Ispirazione<\/title>\n<meta name=\"description\" content=\"Ascoltando i brani di quest&#039;album, una collaborazione tra artisti di cinque continenti di canzoni ispirate agli insegnamenti e ai progetti di Mario\" \/>\n<meta name=\"robots\" content=\"index, follow, max-snippet:-1, max-image-preview:large, max-video-preview:-1\" \/>\n<link rel=\"canonical\" href=\"https:\/\/www.pressenza.com\/it\/2020\/12\/songs-for-the-sala-canzoni-di-speranza-e-ispirazione\/\" \/>\n<meta property=\"og:locale\" content=\"it_IT\" \/>\n<meta property=\"og:type\" content=\"article\" \/>\n<meta property=\"og:title\" content=\"Songs for the Sala: Canzoni di Speranza e Ispirazione\" \/>\n<meta property=\"og:description\" content=\"Ascoltando i brani di quest&#039;album, una collaborazione tra artisti di cinque continenti di canzoni ispirate agli insegnamenti e ai progetti di Mario\" \/>\n<meta property=\"og:url\" content=\"https:\/\/www.pressenza.com\/it\/2020\/12\/songs-for-the-sala-canzoni-di-speranza-e-ispirazione\/\" \/>\n<meta property=\"og:site_name\" content=\"Pressenza\" \/>\n<meta property=\"article:publisher\" content=\"https:\/\/www.facebook.com\/PressenzaItalia\" \/>\n<meta property=\"article:published_time\" content=\"2020-12-18T14:31:42+00:00\" \/>\n<meta property=\"og:image\" content=\"https:\/\/www.pressenza.com\/wp-content\/uploads\/2020\/12\/Songs-for-the-Sala-Rafael-Edwards.jpg\" \/>\n\t<meta property=\"og:image:width\" content=\"950\" \/>\n\t<meta property=\"og:image:height\" content=\"950\" \/>\n\t<meta property=\"og:image:type\" content=\"image\/jpeg\" \/>\n<meta name=\"author\" content=\"Karina Lagdameo-Santillan\" \/>\n<meta name=\"twitter:card\" content=\"summary_large_image\" \/>\n<meta name=\"twitter:creator\" content=\"@PressenzaIPA\" \/>\n<meta name=\"twitter:site\" content=\"@PressenzaIPA\" \/>\n<meta name=\"twitter:label1\" content=\"Scritto da\" \/>\n\t<meta name=\"twitter:data1\" content=\"Karina Lagdameo-Santillan\" \/>\n\t<meta name=\"twitter:label2\" content=\"Tempo di lettura stimato\" \/>\n\t<meta name=\"twitter:data2\" content=\"6 minuti\" \/>\n<script type=\"application\/ld+json\" class=\"yoast-schema-graph\">{\"@context\":\"https:\/\/schema.org\",\"@graph\":[{\"@type\":\"Article\",\"@id\":\"https:\/\/www.pressenza.com\/it\/2020\/12\/songs-for-the-sala-canzoni-di-speranza-e-ispirazione\/#article\",\"isPartOf\":{\"@id\":\"https:\/\/www.pressenza.com\/it\/2020\/12\/songs-for-the-sala-canzoni-di-speranza-e-ispirazione\/\"},\"author\":{\"name\":\"Karina Lagdameo-Santillan\",\"@id\":\"https:\/\/www.pressenza.com\/it\/#\/schema\/person\/dc252e494281a26aa995cb89c2069c2b\"},\"headline\":\"Songs for the Sala: Canzoni di Speranza e Ispirazione\",\"datePublished\":\"2020-12-18T14:31:42+00:00\",\"mainEntityOfPage\":{\"@id\":\"https:\/\/www.pressenza.com\/it\/2020\/12\/songs-for-the-sala-canzoni-di-speranza-e-ispirazione\/\"},\"wordCount\":1189,\"publisher\":{\"@id\":\"https:\/\/www.pressenza.com\/it\/#organization\"},\"image\":{\"@id\":\"https:\/\/www.pressenza.com\/it\/2020\/12\/songs-for-the-sala-canzoni-di-speranza-e-ispirazione\/#primaryimage\"},\"thumbnailUrl\":\"https:\/\/www.pressenza.com\/wp-content\/uploads\/2020\/12\/Songs-for-the-Sala-Rafael-Edwards.jpg\",\"keywords\":[\"nonviolenza attiva\",\"Parco di studio e riflessione della Valle dell'Hudson\",\"Silo\"],\"articleSection\":[\"contenuti originali\",\"Cultura e Media\",\"Internazionale\",\"Umanesimo e Spiritualit\u00e0\"],\"inLanguage\":\"it-IT\"},{\"@type\":\"WebPage\",\"@id\":\"https:\/\/www.pressenza.com\/it\/2020\/12\/songs-for-the-sala-canzoni-di-speranza-e-ispirazione\/\",\"url\":\"https:\/\/www.pressenza.com\/it\/2020\/12\/songs-for-the-sala-canzoni-di-speranza-e-ispirazione\/\",\"name\":\"Songs for the Sala: Canzoni di Speranza e Ispirazione\",\"isPartOf\":{\"@id\":\"https:\/\/www.pressenza.com\/it\/#website\"},\"primaryImageOfPage\":{\"@id\":\"https:\/\/www.pressenza.com\/it\/2020\/12\/songs-for-the-sala-canzoni-di-speranza-e-ispirazione\/#primaryimage\"},\"image\":{\"@id\":\"https:\/\/www.pressenza.com\/it\/2020\/12\/songs-for-the-sala-canzoni-di-speranza-e-ispirazione\/#primaryimage\"},\"thumbnailUrl\":\"https:\/\/www.pressenza.com\/wp-content\/uploads\/2020\/12\/Songs-for-the-Sala-Rafael-Edwards.jpg\",\"datePublished\":\"2020-12-18T14:31:42+00:00\",\"description\":\"Ascoltando i brani di quest'album, una collaborazione tra artisti di cinque continenti di canzoni ispirate agli insegnamenti e ai progetti di Mario\",\"breadcrumb\":{\"@id\":\"https:\/\/www.pressenza.com\/it\/2020\/12\/songs-for-the-sala-canzoni-di-speranza-e-ispirazione\/#breadcrumb\"},\"inLanguage\":\"it-IT\",\"potentialAction\":[{\"@type\":\"ReadAction\",\"target\":[\"https:\/\/www.pressenza.com\/it\/2020\/12\/songs-for-the-sala-canzoni-di-speranza-e-ispirazione\/\"]}]},{\"@type\":\"ImageObject\",\"inLanguage\":\"it-IT\",\"@id\":\"https:\/\/www.pressenza.com\/it\/2020\/12\/songs-for-the-sala-canzoni-di-speranza-e-ispirazione\/#primaryimage\",\"url\":\"https:\/\/www.pressenza.com\/wp-content\/uploads\/2020\/12\/Songs-for-the-Sala-Rafael-Edwards.jpg\",\"contentUrl\":\"https:\/\/www.pressenza.com\/wp-content\/uploads\/2020\/12\/Songs-for-the-Sala-Rafael-Edwards.jpg\",\"width\":950,\"height\":950,\"caption\":\"Songs for the Sala: Songs of Inspiration and Hope\"},{\"@type\":\"BreadcrumbList\",\"@id\":\"https:\/\/www.pressenza.com\/it\/2020\/12\/songs-for-the-sala-canzoni-di-speranza-e-ispirazione\/#breadcrumb\",\"itemListElement\":[{\"@type\":\"ListItem\",\"position\":1,\"name\":\"Accueil\",\"item\":\"https:\/\/www.pressenza.com\/it\/\"},{\"@type\":\"ListItem\",\"position\":2,\"name\":\"Songs for the Sala: Canzoni di Speranza e Ispirazione\"}]},{\"@type\":\"WebSite\",\"@id\":\"https:\/\/www.pressenza.com\/it\/#website\",\"url\":\"https:\/\/www.pressenza.com\/it\/\",\"name\":\"Pressenza\",\"description\":\"Agenzia di Stampa Internazionale\",\"publisher\":{\"@id\":\"https:\/\/www.pressenza.com\/it\/#organization\"},\"potentialAction\":[{\"@type\":\"SearchAction\",\"target\":{\"@type\":\"EntryPoint\",\"urlTemplate\":\"https:\/\/www.pressenza.com\/it\/?s={search_term_string}\"},\"query-input\":{\"@type\":\"PropertyValueSpecification\",\"valueRequired\":true,\"valueName\":\"search_term_string\"}}],\"inLanguage\":\"it-IT\"},{\"@type\":\"Organization\",\"@id\":\"https:\/\/www.pressenza.com\/it\/#organization\",\"name\":\"Pressenza\",\"url\":\"https:\/\/www.pressenza.com\/it\/\",\"logo\":{\"@type\":\"ImageObject\",\"inLanguage\":\"it-IT\",\"@id\":\"https:\/\/www.pressenza.com\/it\/#\/schema\/logo\/image\/\",\"url\":\"https:\/\/www.pressenza.com\/wp-content\/uploads\/2022\/10\/pressenza_logo_200x200.jpg\",\"contentUrl\":\"https:\/\/www.pressenza.com\/wp-content\/uploads\/2022\/10\/pressenza_logo_200x200.jpg\",\"width\":200,\"height\":200,\"caption\":\"Pressenza\"},\"image\":{\"@id\":\"https:\/\/www.pressenza.com\/it\/#\/schema\/logo\/image\/\"},\"sameAs\":[\"https:\/\/www.facebook.com\/PressenzaItalia\",\"https:\/\/x.com\/PressenzaIPA\"]},{\"@type\":\"Person\",\"@id\":\"https:\/\/www.pressenza.com\/it\/#\/schema\/person\/dc252e494281a26aa995cb89c2069c2b\",\"name\":\"Karina Lagdameo-Santillan\",\"description\":\"A Filipina from Manila, Philippines. A longtime Humanist. A Creative Director and Advertising Communications professional for many years, she has been active in the Community for Human Development, facilitating workshops for personal and social change to help build a culture of peace, nondiscrimination and nonviolence. She is currently a freelance writer and a volunteer editor-writer for Pressenza in Asia.\",\"url\":\"https:\/\/www.pressenza.com\/it\/author\/karina-lagdameo\/\"}]}<\/script>\n<!-- \/ Yoast SEO plugin. -->","yoast_head_json":{"title":"Songs for the Sala: Canzoni di Speranza e Ispirazione","description":"Ascoltando i brani di quest'album, una collaborazione tra artisti di cinque continenti di canzoni ispirate agli insegnamenti e ai progetti di Mario","robots":{"index":"index","follow":"follow","max-snippet":"max-snippet:-1","max-image-preview":"max-image-preview:large","max-video-preview":"max-video-preview:-1"},"canonical":"https:\/\/www.pressenza.com\/it\/2020\/12\/songs-for-the-sala-canzoni-di-speranza-e-ispirazione\/","og_locale":"it_IT","og_type":"article","og_title":"Songs for the Sala: Canzoni di Speranza e Ispirazione","og_description":"Ascoltando i brani di quest'album, una collaborazione tra artisti di cinque continenti di canzoni ispirate agli insegnamenti e ai progetti di Mario","og_url":"https:\/\/www.pressenza.com\/it\/2020\/12\/songs-for-the-sala-canzoni-di-speranza-e-ispirazione\/","og_site_name":"Pressenza","article_publisher":"https:\/\/www.facebook.com\/PressenzaItalia","article_published_time":"2020-12-18T14:31:42+00:00","og_image":[{"width":950,"height":950,"url":"https:\/\/www.pressenza.com\/wp-content\/uploads\/2020\/12\/Songs-for-the-Sala-Rafael-Edwards.jpg","type":"image\/jpeg"}],"author":"Karina Lagdameo-Santillan","twitter_card":"summary_large_image","twitter_creator":"@PressenzaIPA","twitter_site":"@PressenzaIPA","twitter_misc":{"Scritto da":"Karina Lagdameo-Santillan","Tempo di lettura stimato":"6 minuti"},"schema":{"@context":"https:\/\/schema.org","@graph":[{"@type":"Article","@id":"https:\/\/www.pressenza.com\/it\/2020\/12\/songs-for-the-sala-canzoni-di-speranza-e-ispirazione\/#article","isPartOf":{"@id":"https:\/\/www.pressenza.com\/it\/2020\/12\/songs-for-the-sala-canzoni-di-speranza-e-ispirazione\/"},"author":{"name":"Karina Lagdameo-Santillan","@id":"https:\/\/www.pressenza.com\/it\/#\/schema\/person\/dc252e494281a26aa995cb89c2069c2b"},"headline":"Songs for the Sala: Canzoni di Speranza e Ispirazione","datePublished":"2020-12-18T14:31:42+00:00","mainEntityOfPage":{"@id":"https:\/\/www.pressenza.com\/it\/2020\/12\/songs-for-the-sala-canzoni-di-speranza-e-ispirazione\/"},"wordCount":1189,"publisher":{"@id":"https:\/\/www.pressenza.com\/it\/#organization"},"image":{"@id":"https:\/\/www.pressenza.com\/it\/2020\/12\/songs-for-the-sala-canzoni-di-speranza-e-ispirazione\/#primaryimage"},"thumbnailUrl":"https:\/\/www.pressenza.com\/wp-content\/uploads\/2020\/12\/Songs-for-the-Sala-Rafael-Edwards.jpg","keywords":["nonviolenza attiva","Parco di studio e riflessione della Valle dell'Hudson","Silo"],"articleSection":["contenuti originali","Cultura e Media","Internazionale","Umanesimo e Spiritualit\u00e0"],"inLanguage":"it-IT"},{"@type":"WebPage","@id":"https:\/\/www.pressenza.com\/it\/2020\/12\/songs-for-the-sala-canzoni-di-speranza-e-ispirazione\/","url":"https:\/\/www.pressenza.com\/it\/2020\/12\/songs-for-the-sala-canzoni-di-speranza-e-ispirazione\/","name":"Songs for the Sala: Canzoni di Speranza e Ispirazione","isPartOf":{"@id":"https:\/\/www.pressenza.com\/it\/#website"},"primaryImageOfPage":{"@id":"https:\/\/www.pressenza.com\/it\/2020\/12\/songs-for-the-sala-canzoni-di-speranza-e-ispirazione\/#primaryimage"},"image":{"@id":"https:\/\/www.pressenza.com\/it\/2020\/12\/songs-for-the-sala-canzoni-di-speranza-e-ispirazione\/#primaryimage"},"thumbnailUrl":"https:\/\/www.pressenza.com\/wp-content\/uploads\/2020\/12\/Songs-for-the-Sala-Rafael-Edwards.jpg","datePublished":"2020-12-18T14:31:42+00:00","description":"Ascoltando i brani di quest'album, una collaborazione tra artisti di cinque continenti di canzoni ispirate agli insegnamenti e ai progetti di Mario","breadcrumb":{"@id":"https:\/\/www.pressenza.com\/it\/2020\/12\/songs-for-the-sala-canzoni-di-speranza-e-ispirazione\/#breadcrumb"},"inLanguage":"it-IT","potentialAction":[{"@type":"ReadAction","target":["https:\/\/www.pressenza.com\/it\/2020\/12\/songs-for-the-sala-canzoni-di-speranza-e-ispirazione\/"]}]},{"@type":"ImageObject","inLanguage":"it-IT","@id":"https:\/\/www.pressenza.com\/it\/2020\/12\/songs-for-the-sala-canzoni-di-speranza-e-ispirazione\/#primaryimage","url":"https:\/\/www.pressenza.com\/wp-content\/uploads\/2020\/12\/Songs-for-the-Sala-Rafael-Edwards.jpg","contentUrl":"https:\/\/www.pressenza.com\/wp-content\/uploads\/2020\/12\/Songs-for-the-Sala-Rafael-Edwards.jpg","width":950,"height":950,"caption":"Songs for the Sala: Songs of Inspiration and Hope"},{"@type":"BreadcrumbList","@id":"https:\/\/www.pressenza.com\/it\/2020\/12\/songs-for-the-sala-canzoni-di-speranza-e-ispirazione\/#breadcrumb","itemListElement":[{"@type":"ListItem","position":1,"name":"Accueil","item":"https:\/\/www.pressenza.com\/it\/"},{"@type":"ListItem","position":2,"name":"Songs for the Sala: Canzoni di Speranza e Ispirazione"}]},{"@type":"WebSite","@id":"https:\/\/www.pressenza.com\/it\/#website","url":"https:\/\/www.pressenza.com\/it\/","name":"Pressenza","description":"Agenzia di Stampa Internazionale","publisher":{"@id":"https:\/\/www.pressenza.com\/it\/#organization"},"potentialAction":[{"@type":"SearchAction","target":{"@type":"EntryPoint","urlTemplate":"https:\/\/www.pressenza.com\/it\/?s={search_term_string}"},"query-input":{"@type":"PropertyValueSpecification","valueRequired":true,"valueName":"search_term_string"}}],"inLanguage":"it-IT"},{"@type":"Organization","@id":"https:\/\/www.pressenza.com\/it\/#organization","name":"Pressenza","url":"https:\/\/www.pressenza.com\/it\/","logo":{"@type":"ImageObject","inLanguage":"it-IT","@id":"https:\/\/www.pressenza.com\/it\/#\/schema\/logo\/image\/","url":"https:\/\/www.pressenza.com\/wp-content\/uploads\/2022\/10\/pressenza_logo_200x200.jpg","contentUrl":"https:\/\/www.pressenza.com\/wp-content\/uploads\/2022\/10\/pressenza_logo_200x200.jpg","width":200,"height":200,"caption":"Pressenza"},"image":{"@id":"https:\/\/www.pressenza.com\/it\/#\/schema\/logo\/image\/"},"sameAs":["https:\/\/www.facebook.com\/PressenzaItalia","https:\/\/x.com\/PressenzaIPA"]},{"@type":"Person","@id":"https:\/\/www.pressenza.com\/it\/#\/schema\/person\/dc252e494281a26aa995cb89c2069c2b","name":"Karina Lagdameo-Santillan","description":"A Filipina from Manila, Philippines. A longtime Humanist. A Creative Director and Advertising Communications professional for many years, she has been active in the Community for Human Development, facilitating workshops for personal and social change to help build a culture of peace, nondiscrimination and nonviolence. She is currently a freelance writer and a volunteer editor-writer for Pressenza in Asia.","url":"https:\/\/www.pressenza.com\/it\/author\/karina-lagdameo\/"}]}},"place":"Manila, filippine","original_article_url":"","_links":{"self":[{"href":"https:\/\/www.pressenza.com\/it\/wp-json\/wp\/v2\/posts\/1263751","targetHints":{"allow":["GET"]}}],"collection":[{"href":"https:\/\/www.pressenza.com\/it\/wp-json\/wp\/v2\/posts"}],"about":[{"href":"https:\/\/www.pressenza.com\/it\/wp-json\/wp\/v2\/types\/post"}],"author":[{"embeddable":true,"href":"https:\/\/www.pressenza.com\/it\/wp-json\/wp\/v2\/users\/1464"}],"replies":[{"embeddable":true,"href":"https:\/\/www.pressenza.com\/it\/wp-json\/wp\/v2\/comments?post=1263751"}],"version-history":[{"count":0,"href":"https:\/\/www.pressenza.com\/it\/wp-json\/wp\/v2\/posts\/1263751\/revisions"}],"wp:featuredmedia":[{"embeddable":true,"href":"https:\/\/www.pressenza.com\/it\/wp-json\/wp\/v2\/media\/1261017"}],"wp:attachment":[{"href":"https:\/\/www.pressenza.com\/it\/wp-json\/wp\/v2\/media?parent=1263751"}],"wp:term":[{"taxonomy":"category","embeddable":true,"href":"https:\/\/www.pressenza.com\/it\/wp-json\/wp\/v2\/categories?post=1263751"},{"taxonomy":"post_tag","embeddable":true,"href":"https:\/\/www.pressenza.com\/it\/wp-json\/wp\/v2\/tags?post=1263751"}],"curies":[{"name":"wp","href":"https:\/\/api.w.org\/{rel}","templated":true}]}}