{"id":1263684,"date":"2020-12-18T13:25:20","date_gmt":"2020-12-18T13:25:20","guid":{"rendered":"https:\/\/www.pressenza.com\/?p=1263684"},"modified":"2020-12-18T13:28:46","modified_gmt":"2020-12-18T13:28:46","slug":"buon-natale-mediterraneo-mare-di-pace-da-costruire","status":"publish","type":"post","link":"https:\/\/www.pressenza.com\/it\/2020\/12\/buon-natale-mediterraneo-mare-di-pace-da-costruire\/","title":{"rendered":"Buon Natale, Mediterraneo mare di pace (da costruire)"},"content":{"rendered":"<p align=\"justify\"><span style=\"font-size: medium;\"><i>Liberi, dopo 108 giorni, i diciotto pescatori siciliani sequestrati dalle milizie libiche.<\/i><\/span><\/p>\n<p align=\"justify\"><span style=\"font-size: medium;\">Il Mediterraneo \u00e8 un po\u2019 pi\u00f9 in pace, in questo Natale, dopo la liberazione dei 18 pescatori siciliani sequestrati dalla Libia per 108 giorni. I pescherecci lasciano in queste ore Bengasi alle loro spalle, attesi per domenica prossima nel porto di Mazara del Vallo. \u201cCi hanno tenuti in gabbia, sottoterra. Siamo stati trattati da terroristi\u201d fa sapere uno dei comandanti, mentre son tante le miglia del ritorno. Certamente questi uomini ne avranno da raccontare. L\u2019accusa mossa loro &#8211; e che aveva dato l\u2019avvio al sequestro &#8211; era di aver violato le acque territoriali libiche; ma le milizie di Haftar avevano rincarato la dose diffondendo la notizia di aver trovato droga sui pescherecci. Dal sito di news libico Libyan Address Journal, l\u2019alto funzionario delle milizie di Haftar aveva dichiarato che notoriamente i libici trattano i prigionieri con tutto il rispetto per i diritti umani, dando rassicurazioni sul loro buon stato di salute. Sempre il sito di Libyan Adress Journal aveva reso noto, tra l\u2019altro, che Khalifa Haftar avrebbe voluto barattare la liberazione dei 18 pescatori con la scarcerazione di quattro scafisti libici detenuti in Italia per scontare la condanna a 30 anni di carcere in seguito alla morte di 49 migranti stipati nella stiva del barcone, che viene ricordata come \u2018la strage di ferragosto\u2019.<\/span><\/p>\n<p align=\"justify\"><span style=\"font-size: medium;\">\u00c8 indiscutibile che lo Stato italiano si sia impegnato molto per questo risultato. Verosimilmente affiancato dalla Francia che, fresca fresca della polemica per la sconcertante consegna della Legion d\u2019onore al presidente egiziano al-Sisi e della protesta ufficiale dei celebri insigniti italiani che hanno riconsegnato la loro medaglia, \u00e8 stata determinante nel peso della trattativa diplomatica. Il magnifico risultato al momento offusca le polemiche sulla visita di Conte e di Di Maio al generale Haftar, per il mortificante implicito disconoscimento di Al-Sarraj come capo politico che la visita porta in s\u00e9. Gli osservatori sottolineano che con il sequestro dei pescatori siciliani Khalifa Haftar abbia certamente riaffermato la sua centralit\u00e0 su un piano internazionale: soltanto pochi mesi fa il 76enne capo, dal 2014, del governo parallelo della Cirenaica era stato dato per finito in seguito al tracollo militare e politico, dopo gli aiuti decisivi della Turchia al governo di accordo nazionale di Al-Sarraj.<\/span><\/p>\n<p align=\"justify\"><span style=\"font-size: medium;\">Se i rilievi e le polemiche per le modalit\u00e0 della trattativa non scalfiscono minimamente l\u2019entusiasmo per la riuscita dell\u2019operazione, non \u00e8 da escludere che porteranno ad una riflessione nei prossimi mesi, essendo peraltro ancora sconosciute le condizioni vere della trattativa. <\/span><\/p>\n<p align=\"justify\"><span style=\"font-size: medium;\">E cos\u00ec Maria Cristina, moglie di uno dei pescatori, appena giunta a Roma per protestare sotto i Palazzi, \u00e8 stata raggiunta dalla bella notizia. \u201cOggi \u00e8 pura gioia!\u201d ha detto commossa e visibilmente provata dalla penosa attesa durata tre mesi e mezzo. Nella sala consiliare di Mazara del Vallo, in Sicilia, comune in provincia di Trapani distante meno di 200 Km dalle coste tu<\/span><span style=\"color: #202122;\"><span style=\"font-size: medium;\">nisine, Santina non riesce a trattenere le lacrime per la felicit\u00e0 di riabbracciare il suo Vito, comandante del peschereccio Antartide, il cui ritorno attender\u00e0 nel porto festante. Il Natale quest\u2019anno sono loro, i nostri pescatori, non solo per Mazara ma per tutta l\u2019Italia.<\/span><\/span><\/p>\n","protected":false},"excerpt":{"rendered":"<p>Liberi, dopo 108 giorni, i diciotto pescatori siciliani sequestrati dalle milizie libiche. Il Mediterraneo \u00e8 un po\u2019 pi\u00f9 in pace, in questo Natale, dopo la liberazione dei 18 pescatori siciliani sequestrati dalla Libia per 108 giorni. I pescherecci lasciano in&hellip;<\/p>\n","protected":false},"author":1957,"featured_media":1263690,"comment_status":"closed","ping_status":"closed","sticky":false,"template":"","format":"standard","meta":{"footnotes":""},"categories":[11388,47,162,1263],"tags":[13291,66026,4441,294,10246],"class_list":["post-1263684","post","type-post","status-publish","format-standard","has-post-thumbnail","hentry","category-contenuti-originali","category-europa","category-opinioni","category-pace-disarmo","tag-khalifa-haftar","tag-mazara-del-vallo","tag-mediterraneo","tag-pace","tag-pescatori"],"yoast_head":"<!-- This site is optimized with the Yoast SEO plugin v27.1.1 - https:\/\/yoast.com\/product\/yoast-seo-wordpress\/ -->\n<title>Buon Natale, Mediterraneo mare di pace (da costruire)<\/title>\n<meta name=\"description\" content=\"Liberi, dopo 108 giorni, i diciotto pescatori siciliani sequestrati dalle milizie libiche. Il Mediterraneo \u00e8 un po\u2019 pi\u00f9 in pace, in questo Natale, dopo la\" \/>\n<meta name=\"robots\" content=\"index, follow, max-snippet:-1, max-image-preview:large, max-video-preview:-1\" \/>\n<link rel=\"canonical\" href=\"https:\/\/www.pressenza.com\/it\/2020\/12\/buon-natale-mediterraneo-mare-di-pace-da-costruire\/\" \/>\n<meta property=\"og:locale\" content=\"it_IT\" \/>\n<meta property=\"og:type\" content=\"article\" \/>\n<meta property=\"og:title\" content=\"Buon Natale, Mediterraneo mare di pace (da costruire)\" \/>\n<meta property=\"og:description\" content=\"Liberi, dopo 108 giorni, i diciotto pescatori siciliani sequestrati dalle milizie libiche. Il Mediterraneo \u00e8 un po\u2019 pi\u00f9 in pace, in questo Natale, dopo la\" \/>\n<meta property=\"og:url\" content=\"https:\/\/www.pressenza.com\/it\/2020\/12\/buon-natale-mediterraneo-mare-di-pace-da-costruire\/\" \/>\n<meta property=\"og:site_name\" content=\"Pressenza\" \/>\n<meta property=\"article:publisher\" content=\"https:\/\/www.facebook.com\/PressenzaItalia\" \/>\n<meta property=\"article:published_time\" content=\"2020-12-18T13:25:20+00:00\" \/>\n<meta property=\"article:modified_time\" content=\"2020-12-18T13:28:46+00:00\" \/>\n<meta property=\"og:image\" content=\"https:\/\/www.pressenza.com\/wp-content\/uploads\/2020\/12\/liberate-pescatori-di-mazara-pressenza.jpg\" \/>\n\t<meta property=\"og:image:width\" content=\"750\" \/>\n\t<meta property=\"og:image:height\" content=\"425\" \/>\n\t<meta property=\"og:image:type\" content=\"image\/jpeg\" \/>\n<meta name=\"author\" content=\"Annalisa Adamo\" \/>\n<meta name=\"twitter:card\" content=\"summary_large_image\" \/>\n<meta name=\"twitter:creator\" content=\"@PressenzaIPA\" \/>\n<meta name=\"twitter:site\" content=\"@PressenzaIPA\" \/>\n<meta name=\"twitter:label1\" content=\"Scritto da\" \/>\n\t<meta name=\"twitter:data1\" content=\"Annalisa Adamo\" \/>\n\t<meta name=\"twitter:label2\" content=\"Tempo di lettura stimato\" \/>\n\t<meta name=\"twitter:data2\" content=\"3 minuti\" \/>\n<script type=\"application\/ld+json\" class=\"yoast-schema-graph\">{\"@context\":\"https:\/\/schema.org\",\"@graph\":[{\"@type\":\"Article\",\"@id\":\"https:\/\/www.pressenza.com\/it\/2020\/12\/buon-natale-mediterraneo-mare-di-pace-da-costruire\/#article\",\"isPartOf\":{\"@id\":\"https:\/\/www.pressenza.com\/it\/2020\/12\/buon-natale-mediterraneo-mare-di-pace-da-costruire\/\"},\"author\":{\"name\":\"Annalisa Adamo\",\"@id\":\"https:\/\/www.pressenza.com\/it\/#\/schema\/person\/a4f6613c900b0f61e46ac9dc8b1081d6\"},\"headline\":\"Buon Natale, Mediterraneo mare di pace (da costruire)\",\"datePublished\":\"2020-12-18T13:25:20+00:00\",\"dateModified\":\"2020-12-18T13:28:46+00:00\",\"mainEntityOfPage\":{\"@id\":\"https:\/\/www.pressenza.com\/it\/2020\/12\/buon-natale-mediterraneo-mare-di-pace-da-costruire\/\"},\"wordCount\":526,\"publisher\":{\"@id\":\"https:\/\/www.pressenza.com\/it\/#organization\"},\"image\":{\"@id\":\"https:\/\/www.pressenza.com\/it\/2020\/12\/buon-natale-mediterraneo-mare-di-pace-da-costruire\/#primaryimage\"},\"thumbnailUrl\":\"https:\/\/www.pressenza.com\/wp-content\/uploads\/2020\/12\/liberate-pescatori-di-mazara-pressenza.jpg\",\"keywords\":[\"Khalifa Haftar\",\"Mazara del Vallo\",\"Mediterraneo\",\"Pace\",\"pescatori\"],\"articleSection\":[\"contenuti originali\",\"Europa\",\"Opinioni\",\"Pace e Disarmo\"],\"inLanguage\":\"it-IT\"},{\"@type\":\"WebPage\",\"@id\":\"https:\/\/www.pressenza.com\/it\/2020\/12\/buon-natale-mediterraneo-mare-di-pace-da-costruire\/\",\"url\":\"https:\/\/www.pressenza.com\/it\/2020\/12\/buon-natale-mediterraneo-mare-di-pace-da-costruire\/\",\"name\":\"Buon Natale, Mediterraneo mare di pace (da costruire)\",\"isPartOf\":{\"@id\":\"https:\/\/www.pressenza.com\/it\/#website\"},\"primaryImageOfPage\":{\"@id\":\"https:\/\/www.pressenza.com\/it\/2020\/12\/buon-natale-mediterraneo-mare-di-pace-da-costruire\/#primaryimage\"},\"image\":{\"@id\":\"https:\/\/www.pressenza.com\/it\/2020\/12\/buon-natale-mediterraneo-mare-di-pace-da-costruire\/#primaryimage\"},\"thumbnailUrl\":\"https:\/\/www.pressenza.com\/wp-content\/uploads\/2020\/12\/liberate-pescatori-di-mazara-pressenza.jpg\",\"datePublished\":\"2020-12-18T13:25:20+00:00\",\"dateModified\":\"2020-12-18T13:28:46+00:00\",\"description\":\"Liberi, dopo 108 giorni, i diciotto pescatori siciliani sequestrati dalle milizie libiche. Il Mediterraneo \u00e8 un po\u2019 pi\u00f9 in pace, in questo Natale, dopo la\",\"breadcrumb\":{\"@id\":\"https:\/\/www.pressenza.com\/it\/2020\/12\/buon-natale-mediterraneo-mare-di-pace-da-costruire\/#breadcrumb\"},\"inLanguage\":\"it-IT\",\"potentialAction\":[{\"@type\":\"ReadAction\",\"target\":[\"https:\/\/www.pressenza.com\/it\/2020\/12\/buon-natale-mediterraneo-mare-di-pace-da-costruire\/\"]}]},{\"@type\":\"ImageObject\",\"inLanguage\":\"it-IT\",\"@id\":\"https:\/\/www.pressenza.com\/it\/2020\/12\/buon-natale-mediterraneo-mare-di-pace-da-costruire\/#primaryimage\",\"url\":\"https:\/\/www.pressenza.com\/wp-content\/uploads\/2020\/12\/liberate-pescatori-di-mazara-pressenza.jpg\",\"contentUrl\":\"https:\/\/www.pressenza.com\/wp-content\/uploads\/2020\/12\/liberate-pescatori-di-mazara-pressenza.jpg\",\"width\":750,\"height\":425},{\"@type\":\"BreadcrumbList\",\"@id\":\"https:\/\/www.pressenza.com\/it\/2020\/12\/buon-natale-mediterraneo-mare-di-pace-da-costruire\/#breadcrumb\",\"itemListElement\":[{\"@type\":\"ListItem\",\"position\":1,\"name\":\"Accueil\",\"item\":\"https:\/\/www.pressenza.com\/it\/\"},{\"@type\":\"ListItem\",\"position\":2,\"name\":\"Buon Natale, Mediterraneo mare di pace (da costruire)\"}]},{\"@type\":\"WebSite\",\"@id\":\"https:\/\/www.pressenza.com\/it\/#website\",\"url\":\"https:\/\/www.pressenza.com\/it\/\",\"name\":\"Pressenza\",\"description\":\"Agenzia di Stampa Internazionale\",\"publisher\":{\"@id\":\"https:\/\/www.pressenza.com\/it\/#organization\"},\"potentialAction\":[{\"@type\":\"SearchAction\",\"target\":{\"@type\":\"EntryPoint\",\"urlTemplate\":\"https:\/\/www.pressenza.com\/it\/?s={search_term_string}\"},\"query-input\":{\"@type\":\"PropertyValueSpecification\",\"valueRequired\":true,\"valueName\":\"search_term_string\"}}],\"inLanguage\":\"it-IT\"},{\"@type\":\"Organization\",\"@id\":\"https:\/\/www.pressenza.com\/it\/#organization\",\"name\":\"Pressenza\",\"url\":\"https:\/\/www.pressenza.com\/it\/\",\"logo\":{\"@type\":\"ImageObject\",\"inLanguage\":\"it-IT\",\"@id\":\"https:\/\/www.pressenza.com\/it\/#\/schema\/logo\/image\/\",\"url\":\"https:\/\/www.pressenza.com\/wp-content\/uploads\/2022\/10\/pressenza_logo_200x200.jpg\",\"contentUrl\":\"https:\/\/www.pressenza.com\/wp-content\/uploads\/2022\/10\/pressenza_logo_200x200.jpg\",\"width\":200,\"height\":200,\"caption\":\"Pressenza\"},\"image\":{\"@id\":\"https:\/\/www.pressenza.com\/it\/#\/schema\/logo\/image\/\"},\"sameAs\":[\"https:\/\/www.facebook.com\/PressenzaItalia\",\"https:\/\/x.com\/PressenzaIPA\"]},{\"@type\":\"Person\",\"@id\":\"https:\/\/www.pressenza.com\/it\/#\/schema\/person\/a4f6613c900b0f61e46ac9dc8b1081d6\",\"name\":\"Annalisa Adamo\",\"description\":\"Annalisa Adamo, \u00e8 stata avvocato, formatrice e docente, ricoprendo numerosi incarichi pubblici e trattando questioni complesse ad alto contenuto tecnico-amministrativo-legale a partire dal post dissesto del capoluogo jonico. Mentre era a capo degli affari generali e legali del Comune di Taranto ha promosso la prima causa risarcitoria contro i patrons di Ilva, grande industria adiacente alla citt\u00e0, responsabili del pi\u00f9 grande disastro ambientale della Repubblica italiana. In seguito al giudizio \u00e8 stato disposto un risarcimento di 12 milioni di euro in favore della citt\u00e0. Successivamente chiamata dalla politica \u00e8 stata nominata assessore all\u2019ambiente, alla legalit\u00e0 e alla qualit\u00e0 della vita nonch\u00e9 agli affari generali del Comune di Taranto. Continua a portare avanti insieme ad una rete di associazioni, comitati e fondazioni un\u2019intensa attivit\u00e0 di sensibilizzazione su temi inerenti diritti, ecologia, ambiente e tutele del patrimonio naturale e culturale. Per questo ha creato #AnteLitteram rassegna di incontri con esponenti della societ\u00e0 avviando un vero e proprio movimento culturale. Collabora costantemente con il Centro Ricerca Arte Contemporanea Puglia, altre istituzioni ed enti per valorizzare il ruolo che l\u2019arte e la cultura hanno per la costruzione del valore della cittadinanza e della democrazia. Ha ricevuto il premio Tarenti Cives Delfini d\u2019argento 2022. \u00c8 stata chiamata a curare la sezione sul Mediterraneo dell\u2019edizione 2022 del Festival del cinema promosso da Apulia Film Commission.\",\"url\":\"https:\/\/www.pressenza.com\/it\/author\/annalisa-adamo\/\"}]}<\/script>\n<!-- \/ Yoast SEO plugin. -->","yoast_head_json":{"title":"Buon Natale, Mediterraneo mare di pace (da costruire)","description":"Liberi, dopo 108 giorni, i diciotto pescatori siciliani sequestrati dalle milizie libiche. Il Mediterraneo \u00e8 un po\u2019 pi\u00f9 in pace, in questo Natale, dopo la","robots":{"index":"index","follow":"follow","max-snippet":"max-snippet:-1","max-image-preview":"max-image-preview:large","max-video-preview":"max-video-preview:-1"},"canonical":"https:\/\/www.pressenza.com\/it\/2020\/12\/buon-natale-mediterraneo-mare-di-pace-da-costruire\/","og_locale":"it_IT","og_type":"article","og_title":"Buon Natale, Mediterraneo mare di pace (da costruire)","og_description":"Liberi, dopo 108 giorni, i diciotto pescatori siciliani sequestrati dalle milizie libiche. Il Mediterraneo \u00e8 un po\u2019 pi\u00f9 in pace, in questo Natale, dopo la","og_url":"https:\/\/www.pressenza.com\/it\/2020\/12\/buon-natale-mediterraneo-mare-di-pace-da-costruire\/","og_site_name":"Pressenza","article_publisher":"https:\/\/www.facebook.com\/PressenzaItalia","article_published_time":"2020-12-18T13:25:20+00:00","article_modified_time":"2020-12-18T13:28:46+00:00","og_image":[{"width":750,"height":425,"url":"https:\/\/www.pressenza.com\/wp-content\/uploads\/2020\/12\/liberate-pescatori-di-mazara-pressenza.jpg","type":"image\/jpeg"}],"author":"Annalisa Adamo","twitter_card":"summary_large_image","twitter_creator":"@PressenzaIPA","twitter_site":"@PressenzaIPA","twitter_misc":{"Scritto da":"Annalisa Adamo","Tempo di lettura stimato":"3 minuti"},"schema":{"@context":"https:\/\/schema.org","@graph":[{"@type":"Article","@id":"https:\/\/www.pressenza.com\/it\/2020\/12\/buon-natale-mediterraneo-mare-di-pace-da-costruire\/#article","isPartOf":{"@id":"https:\/\/www.pressenza.com\/it\/2020\/12\/buon-natale-mediterraneo-mare-di-pace-da-costruire\/"},"author":{"name":"Annalisa Adamo","@id":"https:\/\/www.pressenza.com\/it\/#\/schema\/person\/a4f6613c900b0f61e46ac9dc8b1081d6"},"headline":"Buon Natale, Mediterraneo mare di pace (da costruire)","datePublished":"2020-12-18T13:25:20+00:00","dateModified":"2020-12-18T13:28:46+00:00","mainEntityOfPage":{"@id":"https:\/\/www.pressenza.com\/it\/2020\/12\/buon-natale-mediterraneo-mare-di-pace-da-costruire\/"},"wordCount":526,"publisher":{"@id":"https:\/\/www.pressenza.com\/it\/#organization"},"image":{"@id":"https:\/\/www.pressenza.com\/it\/2020\/12\/buon-natale-mediterraneo-mare-di-pace-da-costruire\/#primaryimage"},"thumbnailUrl":"https:\/\/www.pressenza.com\/wp-content\/uploads\/2020\/12\/liberate-pescatori-di-mazara-pressenza.jpg","keywords":["Khalifa Haftar","Mazara del Vallo","Mediterraneo","Pace","pescatori"],"articleSection":["contenuti originali","Europa","Opinioni","Pace e Disarmo"],"inLanguage":"it-IT"},{"@type":"WebPage","@id":"https:\/\/www.pressenza.com\/it\/2020\/12\/buon-natale-mediterraneo-mare-di-pace-da-costruire\/","url":"https:\/\/www.pressenza.com\/it\/2020\/12\/buon-natale-mediterraneo-mare-di-pace-da-costruire\/","name":"Buon Natale, Mediterraneo mare di pace (da costruire)","isPartOf":{"@id":"https:\/\/www.pressenza.com\/it\/#website"},"primaryImageOfPage":{"@id":"https:\/\/www.pressenza.com\/it\/2020\/12\/buon-natale-mediterraneo-mare-di-pace-da-costruire\/#primaryimage"},"image":{"@id":"https:\/\/www.pressenza.com\/it\/2020\/12\/buon-natale-mediterraneo-mare-di-pace-da-costruire\/#primaryimage"},"thumbnailUrl":"https:\/\/www.pressenza.com\/wp-content\/uploads\/2020\/12\/liberate-pescatori-di-mazara-pressenza.jpg","datePublished":"2020-12-18T13:25:20+00:00","dateModified":"2020-12-18T13:28:46+00:00","description":"Liberi, dopo 108 giorni, i diciotto pescatori siciliani sequestrati dalle milizie libiche. Il Mediterraneo \u00e8 un po\u2019 pi\u00f9 in pace, in questo Natale, dopo la","breadcrumb":{"@id":"https:\/\/www.pressenza.com\/it\/2020\/12\/buon-natale-mediterraneo-mare-di-pace-da-costruire\/#breadcrumb"},"inLanguage":"it-IT","potentialAction":[{"@type":"ReadAction","target":["https:\/\/www.pressenza.com\/it\/2020\/12\/buon-natale-mediterraneo-mare-di-pace-da-costruire\/"]}]},{"@type":"ImageObject","inLanguage":"it-IT","@id":"https:\/\/www.pressenza.com\/it\/2020\/12\/buon-natale-mediterraneo-mare-di-pace-da-costruire\/#primaryimage","url":"https:\/\/www.pressenza.com\/wp-content\/uploads\/2020\/12\/liberate-pescatori-di-mazara-pressenza.jpg","contentUrl":"https:\/\/www.pressenza.com\/wp-content\/uploads\/2020\/12\/liberate-pescatori-di-mazara-pressenza.jpg","width":750,"height":425},{"@type":"BreadcrumbList","@id":"https:\/\/www.pressenza.com\/it\/2020\/12\/buon-natale-mediterraneo-mare-di-pace-da-costruire\/#breadcrumb","itemListElement":[{"@type":"ListItem","position":1,"name":"Accueil","item":"https:\/\/www.pressenza.com\/it\/"},{"@type":"ListItem","position":2,"name":"Buon Natale, Mediterraneo mare di pace (da costruire)"}]},{"@type":"WebSite","@id":"https:\/\/www.pressenza.com\/it\/#website","url":"https:\/\/www.pressenza.com\/it\/","name":"Pressenza","description":"Agenzia di Stampa Internazionale","publisher":{"@id":"https:\/\/www.pressenza.com\/it\/#organization"},"potentialAction":[{"@type":"SearchAction","target":{"@type":"EntryPoint","urlTemplate":"https:\/\/www.pressenza.com\/it\/?s={search_term_string}"},"query-input":{"@type":"PropertyValueSpecification","valueRequired":true,"valueName":"search_term_string"}}],"inLanguage":"it-IT"},{"@type":"Organization","@id":"https:\/\/www.pressenza.com\/it\/#organization","name":"Pressenza","url":"https:\/\/www.pressenza.com\/it\/","logo":{"@type":"ImageObject","inLanguage":"it-IT","@id":"https:\/\/www.pressenza.com\/it\/#\/schema\/logo\/image\/","url":"https:\/\/www.pressenza.com\/wp-content\/uploads\/2022\/10\/pressenza_logo_200x200.jpg","contentUrl":"https:\/\/www.pressenza.com\/wp-content\/uploads\/2022\/10\/pressenza_logo_200x200.jpg","width":200,"height":200,"caption":"Pressenza"},"image":{"@id":"https:\/\/www.pressenza.com\/it\/#\/schema\/logo\/image\/"},"sameAs":["https:\/\/www.facebook.com\/PressenzaItalia","https:\/\/x.com\/PressenzaIPA"]},{"@type":"Person","@id":"https:\/\/www.pressenza.com\/it\/#\/schema\/person\/a4f6613c900b0f61e46ac9dc8b1081d6","name":"Annalisa Adamo","description":"Annalisa Adamo, \u00e8 stata avvocato, formatrice e docente, ricoprendo numerosi incarichi pubblici e trattando questioni complesse ad alto contenuto tecnico-amministrativo-legale a partire dal post dissesto del capoluogo jonico. Mentre era a capo degli affari generali e legali del Comune di Taranto ha promosso la prima causa risarcitoria contro i patrons di Ilva, grande industria adiacente alla citt\u00e0, responsabili del pi\u00f9 grande disastro ambientale della Repubblica italiana. In seguito al giudizio \u00e8 stato disposto un risarcimento di 12 milioni di euro in favore della citt\u00e0. Successivamente chiamata dalla politica \u00e8 stata nominata assessore all\u2019ambiente, alla legalit\u00e0 e alla qualit\u00e0 della vita nonch\u00e9 agli affari generali del Comune di Taranto. Continua a portare avanti insieme ad una rete di associazioni, comitati e fondazioni un\u2019intensa attivit\u00e0 di sensibilizzazione su temi inerenti diritti, ecologia, ambiente e tutele del patrimonio naturale e culturale. Per questo ha creato #AnteLitteram rassegna di incontri con esponenti della societ\u00e0 avviando un vero e proprio movimento culturale. Collabora costantemente con il Centro Ricerca Arte Contemporanea Puglia, altre istituzioni ed enti per valorizzare il ruolo che l\u2019arte e la cultura hanno per la costruzione del valore della cittadinanza e della democrazia. Ha ricevuto il premio Tarenti Cives Delfini d\u2019argento 2022. \u00c8 stata chiamata a curare la sezione sul Mediterraneo dell\u2019edizione 2022 del Festival del cinema promosso da Apulia Film Commission.","url":"https:\/\/www.pressenza.com\/it\/author\/annalisa-adamo\/"}]}},"place":"","original_article_url":"","_links":{"self":[{"href":"https:\/\/www.pressenza.com\/it\/wp-json\/wp\/v2\/posts\/1263684","targetHints":{"allow":["GET"]}}],"collection":[{"href":"https:\/\/www.pressenza.com\/it\/wp-json\/wp\/v2\/posts"}],"about":[{"href":"https:\/\/www.pressenza.com\/it\/wp-json\/wp\/v2\/types\/post"}],"author":[{"embeddable":true,"href":"https:\/\/www.pressenza.com\/it\/wp-json\/wp\/v2\/users\/1957"}],"replies":[{"embeddable":true,"href":"https:\/\/www.pressenza.com\/it\/wp-json\/wp\/v2\/comments?post=1263684"}],"version-history":[{"count":0,"href":"https:\/\/www.pressenza.com\/it\/wp-json\/wp\/v2\/posts\/1263684\/revisions"}],"wp:featuredmedia":[{"embeddable":true,"href":"https:\/\/www.pressenza.com\/it\/wp-json\/wp\/v2\/media\/1263690"}],"wp:attachment":[{"href":"https:\/\/www.pressenza.com\/it\/wp-json\/wp\/v2\/media?parent=1263684"}],"wp:term":[{"taxonomy":"category","embeddable":true,"href":"https:\/\/www.pressenza.com\/it\/wp-json\/wp\/v2\/categories?post=1263684"},{"taxonomy":"post_tag","embeddable":true,"href":"https:\/\/www.pressenza.com\/it\/wp-json\/wp\/v2\/tags?post=1263684"}],"curies":[{"name":"wp","href":"https:\/\/api.w.org\/{rel}","templated":true}]}}