{"id":1263288,"date":"2020-12-17T20:29:24","date_gmt":"2020-12-17T20:29:24","guid":{"rendered":"https:\/\/www.pressenza.com\/?p=1263288"},"modified":"2020-12-17T20:41:10","modified_gmt":"2020-12-17T20:41:10","slug":"tunisini-rimpatriati-senza-poter-chiedere-lasilo-una-nuova-vergogna","status":"publish","type":"post","link":"https:\/\/www.pressenza.com\/it\/2020\/12\/tunisini-rimpatriati-senza-poter-chiedere-lasilo-una-nuova-vergogna\/","title":{"rendered":"Tunisini rimpatriati senza poter chiedere l\u2019asilo. Una nuova vergogna"},"content":{"rendered":"<p>Il vergognoso CPR di Milano ha aperto poco pi\u00f9 di due mesi fa. Da allora vi sono passati soprattutto giovani tunisini sbarcati in Sicilia e trasferiti a Milano, nel CPR appunto. Da l\u00ec nel giro di pochi giorni aeroporto di Linate e rimpatrio. Ricordate il \u201c<em>game<\/em>\u201d, quello che vede migranti rimbalzare lungo la rotta balcanica e tentare e ritentare di passare, con continue violenze e allontanamenti? Bene, ora c\u2019\u00e8 un nuovo \u201c<em>game<\/em>\u201d: sbarca in Sicilia, risali l\u2019Italia, prendi la rincorsa e via in aereo da dove sei venuto. Avanti il prossimo. Pazzesco.<\/p>\n<p>Cos\u00ec oggi davanti al consolato tunisino la rete Mai Pi\u00f9 Lager- No CPR ha gridato la propria indignazione. Generosi e troppo pochi per una questione cos\u00ec grande, in cui lo Stato italiano agisce in forma eversiva, violando le stesse regole che aveva firmato, in base alle quali la richiesta di asilo \u00e8 un diritto.<\/p>\n<p>Cos\u00ec oggi si \u00e8 ricordato il decennale del rogo del giovane tunisino che diede il via alla primavera araba in quel paese. Un sogno interrotto. Ora la Tunisia \u00e8 in grande crisi economica e chi pu\u00f2 scappa. I disperati partono con imbarcazioni di fortuna rischiando la vita; i laureati, medici per esempio, vengono reclutati dalla Francia come merce a basso costo. Abbandonano un paese come la Tunisia, dove curiosamente fino agli anni Cinquanta vivevano decine di migliaia di italiani emigrati dalla Sicilia (un\u2019altra storia che andrebbe ricordata e raccontata).<\/p>\n<p>A Milano i consolati di Tunisia, Marocco ed Egitto, sono tutti vicini. Ce ne sarebbero di cose da denunciare davanti a questi luoghi. Per esempio un marocchino di 23 anni, Ussama Ahudik, si \u00e8 dato fuoco nel centro della citt\u00e0 occupata Saharawi di Dakhla dopo aver speso 2.000 euro nella speranza di imbarcarsi per le Canarie ed essere stato truffato. Ora \u00e8 gravissimo. Si, perch\u00e9 da alcune settimane il re del Marocco, copiando l\u2019altro bel personaggio che \u00e8 Erdogan, ha dato il via a un esodo verso le Canarie. Usa gli immigrati come forma di pressione verso la Spagna e quindi l\u2019Europa, dopo che il movimento di liberazione Saharawi ha ripreso fiato e visibilit\u00e0. Nelle Canarie, dove le spiagge sono state bellamente rifatte con la sabbia del deserto del Sahara Occidentale, arrivano alcune migliaia di immigrati a settimana; in questo periodo sono diventate decine e decine di migliaia.<\/p>\n<p>Vogliamo parlare di Libia, o di Egitto?<\/p>\n<p>Certo che se i consolati hanno il compito di tutelare, sostenere, difendere i propri concittadini in un paese straniero, forse gli unici da imbarcare e rimandare a casa sarebbero i dipendenti di questi consolati, come quello tunisino, che non ha detto nulla di fronte a questo nuovo game, di fronte a questa vergogna che vede lo Stato italiano demolitore di diritti. E quando si cominciano a demolire i diritti, si sa, l\u2019appetito vien mangiando\u2026<\/p>\n","protected":false},"excerpt":{"rendered":"<p>Il vergognoso CPR di Milano ha aperto poco pi\u00f9 di due mesi fa. Da allora vi sono passati soprattutto giovani tunisini sbarcati in Sicilia e trasferiti a Milano, nel CPR appunto. Da l\u00ec nel giro di pochi giorni aeroporto di&hellip;<\/p>\n","protected":false},"author":1537,"featured_media":1263289,"comment_status":"closed","ping_status":"closed","sticky":false,"template":"","format":"standard","meta":{"footnotes":""},"categories":[45,11388,47,54572],"tags":[370,4090,59307,35769,1784],"class_list":["post-1263288","post","type-post","status-publish","format-standard","has-post-thumbnail","hentry","category-africa-it","category-contenuti-originali","category-europa","category-migranti","tag-italia","tag-marocco","tag-rete-mai-piu-lager-no-cpr","tag-rimpatri","tag-tunisia"],"yoast_head":"<!-- This site is optimized with the Yoast SEO plugin v27.1.1 - https:\/\/yoast.com\/product\/yoast-seo-wordpress\/ -->\n<title>Tunisini rimpatriati senza poter chiedere l\u2019asilo. Una nuova vergogna<\/title>\n<meta name=\"description\" content=\"Il vergognoso CPR di Milano ha aperto poco pi\u00f9 di due mesi fa. Da allora vi sono passati soprattutto giovani tunisini sbarcati in Sicilia e trasferiti a\" \/>\n<meta name=\"robots\" content=\"index, follow, max-snippet:-1, max-image-preview:large, max-video-preview:-1\" \/>\n<link rel=\"canonical\" href=\"https:\/\/www.pressenza.com\/it\/2020\/12\/tunisini-rimpatriati-senza-poter-chiedere-lasilo-una-nuova-vergogna\/\" \/>\n<meta property=\"og:locale\" content=\"it_IT\" \/>\n<meta property=\"og:type\" content=\"article\" \/>\n<meta property=\"og:title\" content=\"Tunisini rimpatriati senza poter chiedere l\u2019asilo. Una nuova vergogna\" \/>\n<meta property=\"og:description\" content=\"Il vergognoso CPR di Milano ha aperto poco pi\u00f9 di due mesi fa. Da allora vi sono passati soprattutto giovani tunisini sbarcati in Sicilia e trasferiti a\" \/>\n<meta property=\"og:url\" content=\"https:\/\/www.pressenza.com\/it\/2020\/12\/tunisini-rimpatriati-senza-poter-chiedere-lasilo-una-nuova-vergogna\/\" \/>\n<meta property=\"og:site_name\" content=\"Pressenza\" \/>\n<meta property=\"article:publisher\" content=\"https:\/\/www.facebook.com\/PressenzaItalia\" \/>\n<meta property=\"article:published_time\" content=\"2020-12-17T20:29:24+00:00\" \/>\n<meta property=\"article:modified_time\" content=\"2020-12-17T20:41:10+00:00\" \/>\n<meta property=\"og:image\" content=\"https:\/\/www.pressenza.com\/wp-content\/uploads\/2020\/12\/presidio-Tunisia-rit.jpg\" \/>\n\t<meta property=\"og:image:width\" content=\"1271\" \/>\n\t<meta property=\"og:image:height\" content=\"992\" \/>\n\t<meta property=\"og:image:type\" content=\"image\/jpeg\" \/>\n<meta name=\"author\" content=\"Andrea De Lotto\" \/>\n<meta name=\"twitter:card\" content=\"summary_large_image\" \/>\n<meta name=\"twitter:creator\" content=\"@PressenzaIPA\" \/>\n<meta name=\"twitter:site\" content=\"@PressenzaIPA\" \/>\n<meta name=\"twitter:label1\" content=\"Scritto da\" \/>\n\t<meta name=\"twitter:data1\" content=\"Andrea De Lotto\" \/>\n\t<meta name=\"twitter:label2\" content=\"Tempo di lettura stimato\" \/>\n\t<meta name=\"twitter:data2\" content=\"2 minuti\" \/>\n<script type=\"application\/ld+json\" class=\"yoast-schema-graph\">{\"@context\":\"https:\/\/schema.org\",\"@graph\":[{\"@type\":\"Article\",\"@id\":\"https:\/\/www.pressenza.com\/it\/2020\/12\/tunisini-rimpatriati-senza-poter-chiedere-lasilo-una-nuova-vergogna\/#article\",\"isPartOf\":{\"@id\":\"https:\/\/www.pressenza.com\/it\/2020\/12\/tunisini-rimpatriati-senza-poter-chiedere-lasilo-una-nuova-vergogna\/\"},\"author\":{\"name\":\"Andrea De Lotto\",\"@id\":\"https:\/\/www.pressenza.com\/it\/#\/schema\/person\/6388dc0281afd7eeb72a1763aca696a4\"},\"headline\":\"Tunisini rimpatriati senza poter chiedere l\u2019asilo. Una nuova vergogna\",\"datePublished\":\"2020-12-17T20:29:24+00:00\",\"dateModified\":\"2020-12-17T20:41:10+00:00\",\"mainEntityOfPage\":{\"@id\":\"https:\/\/www.pressenza.com\/it\/2020\/12\/tunisini-rimpatriati-senza-poter-chiedere-lasilo-una-nuova-vergogna\/\"},\"wordCount\":471,\"publisher\":{\"@id\":\"https:\/\/www.pressenza.com\/it\/#organization\"},\"image\":{\"@id\":\"https:\/\/www.pressenza.com\/it\/2020\/12\/tunisini-rimpatriati-senza-poter-chiedere-lasilo-una-nuova-vergogna\/#primaryimage\"},\"thumbnailUrl\":\"https:\/\/www.pressenza.com\/wp-content\/uploads\/2020\/12\/presidio-Tunisia-rit.jpg\",\"keywords\":[\"Italia\",\"Marocco\",\"Rete Mai Pi\u00f9 Lager \u2013 No CPR\",\"rimpatri\",\"Tunisia\"],\"articleSection\":[\"Africa\",\"contenuti originali\",\"Europa\",\"Migranti\"],\"inLanguage\":\"it-IT\"},{\"@type\":\"WebPage\",\"@id\":\"https:\/\/www.pressenza.com\/it\/2020\/12\/tunisini-rimpatriati-senza-poter-chiedere-lasilo-una-nuova-vergogna\/\",\"url\":\"https:\/\/www.pressenza.com\/it\/2020\/12\/tunisini-rimpatriati-senza-poter-chiedere-lasilo-una-nuova-vergogna\/\",\"name\":\"Tunisini rimpatriati senza poter chiedere l\u2019asilo. Una nuova vergogna\",\"isPartOf\":{\"@id\":\"https:\/\/www.pressenza.com\/it\/#website\"},\"primaryImageOfPage\":{\"@id\":\"https:\/\/www.pressenza.com\/it\/2020\/12\/tunisini-rimpatriati-senza-poter-chiedere-lasilo-una-nuova-vergogna\/#primaryimage\"},\"image\":{\"@id\":\"https:\/\/www.pressenza.com\/it\/2020\/12\/tunisini-rimpatriati-senza-poter-chiedere-lasilo-una-nuova-vergogna\/#primaryimage\"},\"thumbnailUrl\":\"https:\/\/www.pressenza.com\/wp-content\/uploads\/2020\/12\/presidio-Tunisia-rit.jpg\",\"datePublished\":\"2020-12-17T20:29:24+00:00\",\"dateModified\":\"2020-12-17T20:41:10+00:00\",\"description\":\"Il vergognoso CPR di Milano ha aperto poco pi\u00f9 di due mesi fa. Da allora vi sono passati soprattutto giovani tunisini sbarcati in Sicilia e trasferiti a\",\"breadcrumb\":{\"@id\":\"https:\/\/www.pressenza.com\/it\/2020\/12\/tunisini-rimpatriati-senza-poter-chiedere-lasilo-una-nuova-vergogna\/#breadcrumb\"},\"inLanguage\":\"it-IT\",\"potentialAction\":[{\"@type\":\"ReadAction\",\"target\":[\"https:\/\/www.pressenza.com\/it\/2020\/12\/tunisini-rimpatriati-senza-poter-chiedere-lasilo-una-nuova-vergogna\/\"]}]},{\"@type\":\"ImageObject\",\"inLanguage\":\"it-IT\",\"@id\":\"https:\/\/www.pressenza.com\/it\/2020\/12\/tunisini-rimpatriati-senza-poter-chiedere-lasilo-una-nuova-vergogna\/#primaryimage\",\"url\":\"https:\/\/www.pressenza.com\/wp-content\/uploads\/2020\/12\/presidio-Tunisia-rit.jpg\",\"contentUrl\":\"https:\/\/www.pressenza.com\/wp-content\/uploads\/2020\/12\/presidio-Tunisia-rit.jpg\",\"width\":1271,\"height\":992},{\"@type\":\"BreadcrumbList\",\"@id\":\"https:\/\/www.pressenza.com\/it\/2020\/12\/tunisini-rimpatriati-senza-poter-chiedere-lasilo-una-nuova-vergogna\/#breadcrumb\",\"itemListElement\":[{\"@type\":\"ListItem\",\"position\":1,\"name\":\"Accueil\",\"item\":\"https:\/\/www.pressenza.com\/it\/\"},{\"@type\":\"ListItem\",\"position\":2,\"name\":\"Tunisini rimpatriati senza poter chiedere l\u2019asilo. Una nuova vergogna\"}]},{\"@type\":\"WebSite\",\"@id\":\"https:\/\/www.pressenza.com\/it\/#website\",\"url\":\"https:\/\/www.pressenza.com\/it\/\",\"name\":\"Pressenza\",\"description\":\"Agenzia di Stampa Internazionale\",\"publisher\":{\"@id\":\"https:\/\/www.pressenza.com\/it\/#organization\"},\"potentialAction\":[{\"@type\":\"SearchAction\",\"target\":{\"@type\":\"EntryPoint\",\"urlTemplate\":\"https:\/\/www.pressenza.com\/it\/?s={search_term_string}\"},\"query-input\":{\"@type\":\"PropertyValueSpecification\",\"valueRequired\":true,\"valueName\":\"search_term_string\"}}],\"inLanguage\":\"it-IT\"},{\"@type\":\"Organization\",\"@id\":\"https:\/\/www.pressenza.com\/it\/#organization\",\"name\":\"Pressenza\",\"url\":\"https:\/\/www.pressenza.com\/it\/\",\"logo\":{\"@type\":\"ImageObject\",\"inLanguage\":\"it-IT\",\"@id\":\"https:\/\/www.pressenza.com\/it\/#\/schema\/logo\/image\/\",\"url\":\"https:\/\/www.pressenza.com\/wp-content\/uploads\/2022\/10\/pressenza_logo_200x200.jpg\",\"contentUrl\":\"https:\/\/www.pressenza.com\/wp-content\/uploads\/2022\/10\/pressenza_logo_200x200.jpg\",\"width\":200,\"height\":200,\"caption\":\"Pressenza\"},\"image\":{\"@id\":\"https:\/\/www.pressenza.com\/it\/#\/schema\/logo\/image\/\"},\"sameAs\":[\"https:\/\/www.facebook.com\/PressenzaItalia\",\"https:\/\/x.com\/PressenzaIPA\"]},{\"@type\":\"Person\",\"@id\":\"https:\/\/www.pressenza.com\/it\/#\/schema\/person\/6388dc0281afd7eeb72a1763aca696a4\",\"name\":\"Andrea De Lotto\",\"url\":\"https:\/\/www.pressenza.com\/it\/author\/andrea-de-lotto\/\"}]}<\/script>\n<!-- \/ Yoast SEO plugin. -->","yoast_head_json":{"title":"Tunisini rimpatriati senza poter chiedere l\u2019asilo. Una nuova vergogna","description":"Il vergognoso CPR di Milano ha aperto poco pi\u00f9 di due mesi fa. Da allora vi sono passati soprattutto giovani tunisini sbarcati in Sicilia e trasferiti a","robots":{"index":"index","follow":"follow","max-snippet":"max-snippet:-1","max-image-preview":"max-image-preview:large","max-video-preview":"max-video-preview:-1"},"canonical":"https:\/\/www.pressenza.com\/it\/2020\/12\/tunisini-rimpatriati-senza-poter-chiedere-lasilo-una-nuova-vergogna\/","og_locale":"it_IT","og_type":"article","og_title":"Tunisini rimpatriati senza poter chiedere l\u2019asilo. Una nuova vergogna","og_description":"Il vergognoso CPR di Milano ha aperto poco pi\u00f9 di due mesi fa. Da allora vi sono passati soprattutto giovani tunisini sbarcati in Sicilia e trasferiti a","og_url":"https:\/\/www.pressenza.com\/it\/2020\/12\/tunisini-rimpatriati-senza-poter-chiedere-lasilo-una-nuova-vergogna\/","og_site_name":"Pressenza","article_publisher":"https:\/\/www.facebook.com\/PressenzaItalia","article_published_time":"2020-12-17T20:29:24+00:00","article_modified_time":"2020-12-17T20:41:10+00:00","og_image":[{"width":1271,"height":992,"url":"https:\/\/www.pressenza.com\/wp-content\/uploads\/2020\/12\/presidio-Tunisia-rit.jpg","type":"image\/jpeg"}],"author":"Andrea De Lotto","twitter_card":"summary_large_image","twitter_creator":"@PressenzaIPA","twitter_site":"@PressenzaIPA","twitter_misc":{"Scritto da":"Andrea De Lotto","Tempo di lettura stimato":"2 minuti"},"schema":{"@context":"https:\/\/schema.org","@graph":[{"@type":"Article","@id":"https:\/\/www.pressenza.com\/it\/2020\/12\/tunisini-rimpatriati-senza-poter-chiedere-lasilo-una-nuova-vergogna\/#article","isPartOf":{"@id":"https:\/\/www.pressenza.com\/it\/2020\/12\/tunisini-rimpatriati-senza-poter-chiedere-lasilo-una-nuova-vergogna\/"},"author":{"name":"Andrea De Lotto","@id":"https:\/\/www.pressenza.com\/it\/#\/schema\/person\/6388dc0281afd7eeb72a1763aca696a4"},"headline":"Tunisini rimpatriati senza poter chiedere l\u2019asilo. Una nuova vergogna","datePublished":"2020-12-17T20:29:24+00:00","dateModified":"2020-12-17T20:41:10+00:00","mainEntityOfPage":{"@id":"https:\/\/www.pressenza.com\/it\/2020\/12\/tunisini-rimpatriati-senza-poter-chiedere-lasilo-una-nuova-vergogna\/"},"wordCount":471,"publisher":{"@id":"https:\/\/www.pressenza.com\/it\/#organization"},"image":{"@id":"https:\/\/www.pressenza.com\/it\/2020\/12\/tunisini-rimpatriati-senza-poter-chiedere-lasilo-una-nuova-vergogna\/#primaryimage"},"thumbnailUrl":"https:\/\/www.pressenza.com\/wp-content\/uploads\/2020\/12\/presidio-Tunisia-rit.jpg","keywords":["Italia","Marocco","Rete Mai Pi\u00f9 Lager \u2013 No CPR","rimpatri","Tunisia"],"articleSection":["Africa","contenuti originali","Europa","Migranti"],"inLanguage":"it-IT"},{"@type":"WebPage","@id":"https:\/\/www.pressenza.com\/it\/2020\/12\/tunisini-rimpatriati-senza-poter-chiedere-lasilo-una-nuova-vergogna\/","url":"https:\/\/www.pressenza.com\/it\/2020\/12\/tunisini-rimpatriati-senza-poter-chiedere-lasilo-una-nuova-vergogna\/","name":"Tunisini rimpatriati senza poter chiedere l\u2019asilo. Una nuova vergogna","isPartOf":{"@id":"https:\/\/www.pressenza.com\/it\/#website"},"primaryImageOfPage":{"@id":"https:\/\/www.pressenza.com\/it\/2020\/12\/tunisini-rimpatriati-senza-poter-chiedere-lasilo-una-nuova-vergogna\/#primaryimage"},"image":{"@id":"https:\/\/www.pressenza.com\/it\/2020\/12\/tunisini-rimpatriati-senza-poter-chiedere-lasilo-una-nuova-vergogna\/#primaryimage"},"thumbnailUrl":"https:\/\/www.pressenza.com\/wp-content\/uploads\/2020\/12\/presidio-Tunisia-rit.jpg","datePublished":"2020-12-17T20:29:24+00:00","dateModified":"2020-12-17T20:41:10+00:00","description":"Il vergognoso CPR di Milano ha aperto poco pi\u00f9 di due mesi fa. Da allora vi sono passati soprattutto giovani tunisini sbarcati in Sicilia e trasferiti a","breadcrumb":{"@id":"https:\/\/www.pressenza.com\/it\/2020\/12\/tunisini-rimpatriati-senza-poter-chiedere-lasilo-una-nuova-vergogna\/#breadcrumb"},"inLanguage":"it-IT","potentialAction":[{"@type":"ReadAction","target":["https:\/\/www.pressenza.com\/it\/2020\/12\/tunisini-rimpatriati-senza-poter-chiedere-lasilo-una-nuova-vergogna\/"]}]},{"@type":"ImageObject","inLanguage":"it-IT","@id":"https:\/\/www.pressenza.com\/it\/2020\/12\/tunisini-rimpatriati-senza-poter-chiedere-lasilo-una-nuova-vergogna\/#primaryimage","url":"https:\/\/www.pressenza.com\/wp-content\/uploads\/2020\/12\/presidio-Tunisia-rit.jpg","contentUrl":"https:\/\/www.pressenza.com\/wp-content\/uploads\/2020\/12\/presidio-Tunisia-rit.jpg","width":1271,"height":992},{"@type":"BreadcrumbList","@id":"https:\/\/www.pressenza.com\/it\/2020\/12\/tunisini-rimpatriati-senza-poter-chiedere-lasilo-una-nuova-vergogna\/#breadcrumb","itemListElement":[{"@type":"ListItem","position":1,"name":"Accueil","item":"https:\/\/www.pressenza.com\/it\/"},{"@type":"ListItem","position":2,"name":"Tunisini rimpatriati senza poter chiedere l\u2019asilo. Una nuova vergogna"}]},{"@type":"WebSite","@id":"https:\/\/www.pressenza.com\/it\/#website","url":"https:\/\/www.pressenza.com\/it\/","name":"Pressenza","description":"Agenzia di Stampa Internazionale","publisher":{"@id":"https:\/\/www.pressenza.com\/it\/#organization"},"potentialAction":[{"@type":"SearchAction","target":{"@type":"EntryPoint","urlTemplate":"https:\/\/www.pressenza.com\/it\/?s={search_term_string}"},"query-input":{"@type":"PropertyValueSpecification","valueRequired":true,"valueName":"search_term_string"}}],"inLanguage":"it-IT"},{"@type":"Organization","@id":"https:\/\/www.pressenza.com\/it\/#organization","name":"Pressenza","url":"https:\/\/www.pressenza.com\/it\/","logo":{"@type":"ImageObject","inLanguage":"it-IT","@id":"https:\/\/www.pressenza.com\/it\/#\/schema\/logo\/image\/","url":"https:\/\/www.pressenza.com\/wp-content\/uploads\/2022\/10\/pressenza_logo_200x200.jpg","contentUrl":"https:\/\/www.pressenza.com\/wp-content\/uploads\/2022\/10\/pressenza_logo_200x200.jpg","width":200,"height":200,"caption":"Pressenza"},"image":{"@id":"https:\/\/www.pressenza.com\/it\/#\/schema\/logo\/image\/"},"sameAs":["https:\/\/www.facebook.com\/PressenzaItalia","https:\/\/x.com\/PressenzaIPA"]},{"@type":"Person","@id":"https:\/\/www.pressenza.com\/it\/#\/schema\/person\/6388dc0281afd7eeb72a1763aca696a4","name":"Andrea De Lotto","url":"https:\/\/www.pressenza.com\/it\/author\/andrea-de-lotto\/"}]}},"place":"Milano","original_article_url":"","_links":{"self":[{"href":"https:\/\/www.pressenza.com\/it\/wp-json\/wp\/v2\/posts\/1263288","targetHints":{"allow":["GET"]}}],"collection":[{"href":"https:\/\/www.pressenza.com\/it\/wp-json\/wp\/v2\/posts"}],"about":[{"href":"https:\/\/www.pressenza.com\/it\/wp-json\/wp\/v2\/types\/post"}],"author":[{"embeddable":true,"href":"https:\/\/www.pressenza.com\/it\/wp-json\/wp\/v2\/users\/1537"}],"replies":[{"embeddable":true,"href":"https:\/\/www.pressenza.com\/it\/wp-json\/wp\/v2\/comments?post=1263288"}],"version-history":[{"count":0,"href":"https:\/\/www.pressenza.com\/it\/wp-json\/wp\/v2\/posts\/1263288\/revisions"}],"wp:featuredmedia":[{"embeddable":true,"href":"https:\/\/www.pressenza.com\/it\/wp-json\/wp\/v2\/media\/1263289"}],"wp:attachment":[{"href":"https:\/\/www.pressenza.com\/it\/wp-json\/wp\/v2\/media?parent=1263288"}],"wp:term":[{"taxonomy":"category","embeddable":true,"href":"https:\/\/www.pressenza.com\/it\/wp-json\/wp\/v2\/categories?post=1263288"},{"taxonomy":"post_tag","embeddable":true,"href":"https:\/\/www.pressenza.com\/it\/wp-json\/wp\/v2\/tags?post=1263288"}],"curies":[{"name":"wp","href":"https:\/\/api.w.org\/{rel}","templated":true}]}}