{"id":1261417,"date":"2020-12-14T17:37:54","date_gmt":"2020-12-14T17:37:54","guid":{"rendered":"https:\/\/www.pressenza.com\/?p=1261417"},"modified":"2020-12-14T19:10:01","modified_gmt":"2020-12-14T19:10:01","slug":"honduras-li-rivogliamo-vivi-verita-e-giustizia-adesso","status":"publish","type":"post","link":"https:\/\/www.pressenza.com\/it\/2020\/12\/honduras-li-rivogliamo-vivi-verita-e-giustizia-adesso\/","title":{"rendered":"Honduras: \u201cLi rivogliamo vivi! Verit\u00e0 e giustizia adesso!\u201d"},"content":{"rendered":"<p class=\"western\" lang=\"es-ES\" align=\"justify\"><span lang=\"it-IT\">In occasione della Giornata mondiale dei diritti umani, l&#8217;Organizzazione fraterna nera honduregna (Ofraneh) ha organizzato il seminario virtuale \u201cSparizione forzata in Honduras: il caso Triunfo de la Cruz\u201d.<\/span><\/p>\n<p class=\"western\" lang=\"es-ES\" align=\"justify\"><span lang=\"it-IT\">Tra pochi giorni si compiranno cinque mesi dalla sparizione forzata di quattro attivisti della comunit\u00e0 garifuna di Triunfo de la Cruz, tra cui il presidente del patronato Alberth Sneider Centeno, e di una quinta persona.<\/span><\/p>\n<p class=\"western\" lang=\"es-ES\" align=\"justify\"><span lang=\"it-IT\">Il 18 luglio, uomini armati che indossavano uniformi della Polizia militare e della Direzione investigativa (Dpi) hanno fatto irruzione nella comunit\u00e0. Oltre a Centeno sono stati sequestrati Milton Mart\u00ednez, Suami Mej\u00eda e Gerardo R\u00f3chez, tutti membri dell&#8217;Ofraneh e del Comitato per la difesa delle terre della comunit\u00e0 (<\/span><span lang=\"it-IT\"><i>triunfe\u00f1as<\/i><\/span><span lang=\"it-IT\">). Junior Ju\u00e1rez, l&#8217;altra persona rapita e scomparsa, \u00e8 un vicino di Triunfo de la Cruz.<\/span><\/p>\n<p class=\"western\" lang=\"es-ES\" align=\"justify\"><span lang=\"it-IT\">La Corte interamericana dei diritti umani (CIDH) ha chiesto allo Stato dell&#8217;Honduras di adottare \u201ctutte le misure necessarie e appropriate per determinare il luogo in cui si trovano i giovani attivisti\u201d e di presentare \u201cun rapporto completo e dettagliato sull\u2019esecuzione delle disposizioni. Ha anche esortato a proteggere il diritto alla vita e all&#8217;integrit\u00e0 personale degli abitanti delle comunit\u00e0 di Triunfo de la Cruz e Punta Piedra.<\/span><\/p>\n<p class=\"western\" lang=\"es-ES\" align=\"justify\"><span lang=\"it-IT\">Da parte sua, il Comitato delle Nazioni Unite sulle sparizioni forzate ha chiesto alle autorit\u00e0 honduregne \u201cdi stabilire una strategia globale che includa un piano d&#8217;azione per una ricerca esaustiva e immediata e per l&#8217;indagine imparziale sulla sparizione forzata\u201d.<\/span><\/p>\n<p class=\"western\" lang=\"es-ES\" align=\"justify\"><span lang=\"it-IT\">Il 27 novembre, infine, 57 deputati dell\u2019europarlamento hanno inviato una lettera al presidente Hern\u00e1ndez e ad altre autorit\u00e0 dell&#8217;Honduras, chiedendo l&#8217;immediata riapparizione\u00a0 dei giovani attivisti e la fine della violenza sistematica e intenzionale contro il popolo garifuna.<\/span><\/p>\n<p class=\"western\" lang=\"es-ES\" align=\"justify\"><span lang=\"it-IT\">Hanno inoltre chiesto il rispetto della sentenza della CIDH che nel 2015 ha ordinato allo Stato dell&#8217;Honduras la restituzione dei territori illegalmente sottratti alle comunit\u00e0 di Triunfo de la Cruz e Punta Piedra.<\/span><\/p>\n<p class=\"western\" lang=\"es-ES\" align=\"justify\"><span lang=\"it-IT\">Cinque mesi dopo, i risultati sono praticamente nulli.<\/span><\/p>\n<p class=\"western\" lang=\"es-ES\" align=\"justify\">\u201c<span lang=\"it-IT\">Viviamo in un paese dove parlare di diritti umani e difendere i nostri territori significa metterci un cappio al collo. Sneider (Centeno) ha ricevuto minacce di morte ed \u00e8 andato a Tegucigalpa a denunciare questi episodi, ma nessuno gli ha prestato attenzione.<\/span><\/p>\n<p class=\"western\" lang=\"es-ES\" align=\"justify\"><span lang=\"it-IT\">Ora \u00e8 scomparso insieme ad altri amici. Vogliamo giustizia, vogliamo che ci ridiano i nostri ragazzi, che vengano puniti i colpevoli materiali e intellettuali di tutti i crimini, le violazioni dei diritti umani, le sparizioni.<\/span><\/p>\n<p class=\"western\" lang=\"es-ES\" align=\"justify\"><span lang=\"it-IT\">Basta con i rapimenti, le persecuzioni, gli omicidi a causa del saccheggio dei beni comuni per arricchire poche persone e compagnie\u201d, ha detto Pablo &#8216;Pitio&#8217; Centeno, padre di Sneider Centeno.<\/span><\/p>\n<p class=\"western\" lang=\"es-ES\" align=\"justify\"><span lang=\"it-IT\">Secondo le organizzazioni che lo scorso ottobre, nell&#8217;ambito dell\u2019Esame Periodico Universale (EPU-UPR) a cui \u00e8 stato sottoposto l&#8217;Honduras, hanno presentato un rapporto alternativo all&#8217;Alto\u00a0 Commissariato per i Diritti Umani delle Nazioni Unite (UNHRC), tra il 2010 e il 2019 sono stati assassinati pi\u00f9 di 140 difensori dei beni comuni e tra il 2016 e il 2017 sono stati documentati 2.137 attacchi.<\/span><\/p>\n<p>Sono 6.265 le donne assassinate tra il 2001 e il 2018, pi\u00f9 di 360 le persone LGBTI morte in modo violento nell&#8217;ultimo decennio e 86 i giornalisti e comunicatori sociali assassinati in meno di vent\u2019anni. L&#8217;impunit\u00e0 per tutte queste morti violente supera il 90%.<\/p>\n<p class=\"western\" lang=\"es-ES\" align=\"justify\"><span lang=\"it-IT\">Secondo il Comitato dei famigliari dei detenuti scomparsi in Honduras (Cofadeh), almeno 16 persone sono state vittime di sparizione forzata durante il periodo di sospensione delle garanzie costituzionali a causa della pandemia di Covid-19.<\/span><\/p>\n<p class=\"western\" lang=\"es-ES\" align=\"justify\">\u201c<span lang=\"it-IT\">Ribadisco ci\u00f2 che ho sempre detto: c&#8217;\u00e8 un piano genocida contro il popolo garifuna. Si tratta di un piano sistematico di repressione ordito negli ultimi anni dallo Stato, con l&#8217;obiettivo di impadronirsi dei nostri territori, saccheggiare i beni comuni e favorire le mafie che controllano e governano l&#8217;Honduras.<\/span><\/p>\n<p class=\"western\" lang=\"es-ES\" align=\"justify\"><span lang=\"it-IT\">Il risultato \u00e8 che migliaia di famiglie continuano ad abbandonare il paese. Succede tutti i giorni e i territori si svuotano. Ed \u00e8 proprio ci\u00f2 che vogliono i gruppi criminali e i grandi investitori stranieri\u201d, ha detto Miriam Miranda, coordinatrice di Ofraneh.<\/span><\/p>\n<p class=\"western\" lang=\"es-ES\" align=\"justify\"><span lang=\"it-IT\">La dirigente garifuna ha ricordato che l&#8217;Honduras continua ad essere uno dei paesi pi\u00f9 pericolosi al mondo per chi difende la terra e i beni comuni.<\/span><\/p>\n<p class=\"western\" lang=\"es-ES\" align=\"justify\">\u201c<span lang=\"it-IT\">Per portare a termine il loro piano, le mafie (economiche e politiche) hanno bisogno di un sistema giudiziario colluso. Questo spiega l\u2019impunit\u00e0 per i tanti crimini commessi e il silenzio attorno alla sparizione dei nostri compagni.<\/span><\/p>\n<p class=\"western\" lang=\"es-ES\" align=\"justify\"><span lang=\"it-IT\">Ofraneh continua a essere criminalizzata, perseguitata e stigmatizzata perch\u00e9 difende i diritti umani e la vita del popolo garifuna. Sono passati cinque anni dalla sentenza della CIDH e lo Stato non ha fatto nulla.<\/span><\/p>\n<p class=\"western\" lang=\"es-ES\" align=\"justify\"><span lang=\"it-IT\">Dobbiamo trasformare questo paese. Dobbiamo costruire un paese diverso, con un futuro per i giovani. Un paese in cui le persone non siano costrette a fuggire, ma possano restare a vivere con dignit\u00e0, senza sottostare al giogo di una classe politica assassina che saccheggia le casse dello Stato\u201d, ha aggiunto Miranda.<\/span><\/p>\n<p class=\"western\" align=\"justify\">Per il dottor Juan Almendares Bonilla, non dobbiamo dimenticare un elemento fondamentale che caratterizza questo contesto di persecuzione, che \u00e8 il razzismo.<\/p>\n<p class=\"western\" lang=\"es-ES\" align=\"justify\">\u201c<span lang=\"it-IT\">Qui in Honduras, governi, multinazionali, imperialismo sono tutti razzisti. Il potere politico ed economico \u00e8 razzista, escludente e discriminatorio nei confronti delle popolazioni indigene\u201d, ha concluso.<\/span><\/p>\n","protected":false},"excerpt":{"rendered":"<p>In occasione della Giornata mondiale dei diritti umani, l&#8217;Organizzazione fraterna nera honduregna (Ofraneh) ha organizzato il seminario virtuale \u201cSparizione forzata in Honduras: il caso Triunfo de la Cruz\u201d. Tra pochi giorni si compiranno cinque mesi dalla sparizione forzata di quattro&hellip;<\/p>\n","protected":false},"author":1800,"featured_media":1261414,"comment_status":"closed","ping_status":"closed","sticky":false,"template":"","format":"standard","meta":{"footnotes":""},"categories":[50,11388,60],"tags":[67371,54560,85199,1041,81802,3422],"class_list":["post-1261417","post","type-post","status-publish","format-standard","has-post-thumbnail","hentry","category-centro-america","category-contenuti-originali","category-diritti-umani","tag-cidh-it","tag-diritti-umani-es-it","tag-garifuna-it","tag-honduras","tag-miriam-miranda-it","tag-unhcr"],"yoast_head":"<!-- This site is optimized with the Yoast SEO plugin v27.1.1 - https:\/\/yoast.com\/product\/yoast-seo-wordpress\/ -->\n<title>Honduras: \u201cLi rivogliamo vivi! Verit\u00e0 e giustizia adesso!\u201d<\/title>\n<meta name=\"description\" content=\"In occasione della Giornata mondiale dei diritti umani, l&#039;Organizzazione fraterna nera honduregna (Ofraneh) ha organizzato il seminario virtuale\" \/>\n<meta name=\"robots\" content=\"index, follow, max-snippet:-1, max-image-preview:large, max-video-preview:-1\" \/>\n<link rel=\"canonical\" href=\"https:\/\/www.pressenza.com\/it\/2020\/12\/honduras-li-rivogliamo-vivi-verita-e-giustizia-adesso\/\" \/>\n<meta property=\"og:locale\" content=\"it_IT\" \/>\n<meta property=\"og:type\" content=\"article\" \/>\n<meta property=\"og:title\" content=\"Honduras: \u201cLi rivogliamo vivi! Verit\u00e0 e giustizia adesso!\u201d\" \/>\n<meta property=\"og:description\" content=\"In occasione della Giornata mondiale dei diritti umani, l&#039;Organizzazione fraterna nera honduregna (Ofraneh) ha organizzato il seminario virtuale\" \/>\n<meta property=\"og:url\" content=\"https:\/\/www.pressenza.com\/it\/2020\/12\/honduras-li-rivogliamo-vivi-verita-e-giustizia-adesso\/\" \/>\n<meta property=\"og:site_name\" content=\"Pressenza\" \/>\n<meta property=\"article:publisher\" content=\"https:\/\/www.facebook.com\/PressenzaItalia\" \/>\n<meta property=\"article:published_time\" content=\"2020-12-14T17:37:54+00:00\" \/>\n<meta property=\"article:modified_time\" content=\"2020-12-14T19:10:01+00:00\" \/>\n<meta property=\"og:image\" content=\"https:\/\/www.pressenza.com\/wp-content\/uploads\/2020\/12\/Miriam-Miranda-Giorgio-Trucchi.jpg\" \/>\n\t<meta property=\"og:image:width\" content=\"1920\" \/>\n\t<meta property=\"og:image:height\" content=\"1078\" \/>\n\t<meta property=\"og:image:type\" content=\"image\/jpeg\" \/>\n<meta name=\"author\" content=\"Giorgio Trucchi\" \/>\n<meta name=\"twitter:card\" content=\"summary_large_image\" \/>\n<meta name=\"twitter:creator\" content=\"@PressenzaIPA\" \/>\n<meta name=\"twitter:site\" content=\"@PressenzaIPA\" \/>\n<meta name=\"twitter:label1\" content=\"Scritto da\" \/>\n\t<meta name=\"twitter:data1\" content=\"Giorgio Trucchi\" \/>\n\t<meta name=\"twitter:label2\" content=\"Tempo di lettura stimato\" \/>\n\t<meta name=\"twitter:data2\" content=\"4 minuti\" \/>\n<script type=\"application\/ld+json\" class=\"yoast-schema-graph\">{\"@context\":\"https:\/\/schema.org\",\"@graph\":[{\"@type\":\"Article\",\"@id\":\"https:\/\/www.pressenza.com\/it\/2020\/12\/honduras-li-rivogliamo-vivi-verita-e-giustizia-adesso\/#article\",\"isPartOf\":{\"@id\":\"https:\/\/www.pressenza.com\/it\/2020\/12\/honduras-li-rivogliamo-vivi-verita-e-giustizia-adesso\/\"},\"author\":{\"name\":\"Giorgio Trucchi\",\"@id\":\"https:\/\/www.pressenza.com\/it\/#\/schema\/person\/55ec2a8f1b3e718010691e4aba073020\"},\"headline\":\"Honduras: \u201cLi rivogliamo vivi! Verit\u00e0 e giustizia adesso!\u201d\",\"datePublished\":\"2020-12-14T17:37:54+00:00\",\"dateModified\":\"2020-12-14T19:10:01+00:00\",\"mainEntityOfPage\":{\"@id\":\"https:\/\/www.pressenza.com\/it\/2020\/12\/honduras-li-rivogliamo-vivi-verita-e-giustizia-adesso\/\"},\"wordCount\":852,\"publisher\":{\"@id\":\"https:\/\/www.pressenza.com\/it\/#organization\"},\"image\":{\"@id\":\"https:\/\/www.pressenza.com\/it\/2020\/12\/honduras-li-rivogliamo-vivi-verita-e-giustizia-adesso\/#primaryimage\"},\"thumbnailUrl\":\"https:\/\/www.pressenza.com\/wp-content\/uploads\/2020\/12\/Miriam-Miranda-Giorgio-Trucchi.jpg\",\"keywords\":[\"CIDH\",\"diritti umani\",\"garifuna\",\"Honduras\",\"Miriam Miranda\",\"UNHCR\"],\"articleSection\":[\"America Centrale\",\"contenuti originali\",\"Diritti Umani\"],\"inLanguage\":\"it-IT\"},{\"@type\":\"WebPage\",\"@id\":\"https:\/\/www.pressenza.com\/it\/2020\/12\/honduras-li-rivogliamo-vivi-verita-e-giustizia-adesso\/\",\"url\":\"https:\/\/www.pressenza.com\/it\/2020\/12\/honduras-li-rivogliamo-vivi-verita-e-giustizia-adesso\/\",\"name\":\"Honduras: \u201cLi rivogliamo vivi! Verit\u00e0 e giustizia adesso!\u201d\",\"isPartOf\":{\"@id\":\"https:\/\/www.pressenza.com\/it\/#website\"},\"primaryImageOfPage\":{\"@id\":\"https:\/\/www.pressenza.com\/it\/2020\/12\/honduras-li-rivogliamo-vivi-verita-e-giustizia-adesso\/#primaryimage\"},\"image\":{\"@id\":\"https:\/\/www.pressenza.com\/it\/2020\/12\/honduras-li-rivogliamo-vivi-verita-e-giustizia-adesso\/#primaryimage\"},\"thumbnailUrl\":\"https:\/\/www.pressenza.com\/wp-content\/uploads\/2020\/12\/Miriam-Miranda-Giorgio-Trucchi.jpg\",\"datePublished\":\"2020-12-14T17:37:54+00:00\",\"dateModified\":\"2020-12-14T19:10:01+00:00\",\"description\":\"In occasione della Giornata mondiale dei diritti umani, l'Organizzazione fraterna nera honduregna (Ofraneh) ha organizzato il seminario virtuale\",\"breadcrumb\":{\"@id\":\"https:\/\/www.pressenza.com\/it\/2020\/12\/honduras-li-rivogliamo-vivi-verita-e-giustizia-adesso\/#breadcrumb\"},\"inLanguage\":\"it-IT\",\"potentialAction\":[{\"@type\":\"ReadAction\",\"target\":[\"https:\/\/www.pressenza.com\/it\/2020\/12\/honduras-li-rivogliamo-vivi-verita-e-giustizia-adesso\/\"]}]},{\"@type\":\"ImageObject\",\"inLanguage\":\"it-IT\",\"@id\":\"https:\/\/www.pressenza.com\/it\/2020\/12\/honduras-li-rivogliamo-vivi-verita-e-giustizia-adesso\/#primaryimage\",\"url\":\"https:\/\/www.pressenza.com\/wp-content\/uploads\/2020\/12\/Miriam-Miranda-Giorgio-Trucchi.jpg\",\"contentUrl\":\"https:\/\/www.pressenza.com\/wp-content\/uploads\/2020\/12\/Miriam-Miranda-Giorgio-Trucchi.jpg\",\"width\":1920,\"height\":1078},{\"@type\":\"BreadcrumbList\",\"@id\":\"https:\/\/www.pressenza.com\/it\/2020\/12\/honduras-li-rivogliamo-vivi-verita-e-giustizia-adesso\/#breadcrumb\",\"itemListElement\":[{\"@type\":\"ListItem\",\"position\":1,\"name\":\"Accueil\",\"item\":\"https:\/\/www.pressenza.com\/it\/\"},{\"@type\":\"ListItem\",\"position\":2,\"name\":\"Honduras: \u201cLi rivogliamo vivi! Verit\u00e0 e giustizia adesso!\u201d\"}]},{\"@type\":\"WebSite\",\"@id\":\"https:\/\/www.pressenza.com\/it\/#website\",\"url\":\"https:\/\/www.pressenza.com\/it\/\",\"name\":\"Pressenza\",\"description\":\"Agenzia di Stampa Internazionale\",\"publisher\":{\"@id\":\"https:\/\/www.pressenza.com\/it\/#organization\"},\"potentialAction\":[{\"@type\":\"SearchAction\",\"target\":{\"@type\":\"EntryPoint\",\"urlTemplate\":\"https:\/\/www.pressenza.com\/it\/?s={search_term_string}\"},\"query-input\":{\"@type\":\"PropertyValueSpecification\",\"valueRequired\":true,\"valueName\":\"search_term_string\"}}],\"inLanguage\":\"it-IT\"},{\"@type\":\"Organization\",\"@id\":\"https:\/\/www.pressenza.com\/it\/#organization\",\"name\":\"Pressenza\",\"url\":\"https:\/\/www.pressenza.com\/it\/\",\"logo\":{\"@type\":\"ImageObject\",\"inLanguage\":\"it-IT\",\"@id\":\"https:\/\/www.pressenza.com\/it\/#\/schema\/logo\/image\/\",\"url\":\"https:\/\/www.pressenza.com\/wp-content\/uploads\/2022\/10\/pressenza_logo_200x200.jpg\",\"contentUrl\":\"https:\/\/www.pressenza.com\/wp-content\/uploads\/2022\/10\/pressenza_logo_200x200.jpg\",\"width\":200,\"height\":200,\"caption\":\"Pressenza\"},\"image\":{\"@id\":\"https:\/\/www.pressenza.com\/it\/#\/schema\/logo\/image\/\"},\"sameAs\":[\"https:\/\/www.facebook.com\/PressenzaItalia\",\"https:\/\/x.com\/PressenzaIPA\"]},{\"@type\":\"Person\",\"@id\":\"https:\/\/www.pressenza.com\/it\/#\/schema\/person\/55ec2a8f1b3e718010691e4aba073020\",\"name\":\"Giorgio Trucchi\",\"url\":\"https:\/\/www.pressenza.com\/it\/author\/giorgio-trucchi\/\"}]}<\/script>\n<!-- \/ Yoast SEO plugin. -->","yoast_head_json":{"title":"Honduras: \u201cLi rivogliamo vivi! Verit\u00e0 e giustizia adesso!\u201d","description":"In occasione della Giornata mondiale dei diritti umani, l'Organizzazione fraterna nera honduregna (Ofraneh) ha organizzato il seminario virtuale","robots":{"index":"index","follow":"follow","max-snippet":"max-snippet:-1","max-image-preview":"max-image-preview:large","max-video-preview":"max-video-preview:-1"},"canonical":"https:\/\/www.pressenza.com\/it\/2020\/12\/honduras-li-rivogliamo-vivi-verita-e-giustizia-adesso\/","og_locale":"it_IT","og_type":"article","og_title":"Honduras: \u201cLi rivogliamo vivi! Verit\u00e0 e giustizia adesso!\u201d","og_description":"In occasione della Giornata mondiale dei diritti umani, l'Organizzazione fraterna nera honduregna (Ofraneh) ha organizzato il seminario virtuale","og_url":"https:\/\/www.pressenza.com\/it\/2020\/12\/honduras-li-rivogliamo-vivi-verita-e-giustizia-adesso\/","og_site_name":"Pressenza","article_publisher":"https:\/\/www.facebook.com\/PressenzaItalia","article_published_time":"2020-12-14T17:37:54+00:00","article_modified_time":"2020-12-14T19:10:01+00:00","og_image":[{"width":1920,"height":1078,"url":"https:\/\/www.pressenza.com\/wp-content\/uploads\/2020\/12\/Miriam-Miranda-Giorgio-Trucchi.jpg","type":"image\/jpeg"}],"author":"Giorgio Trucchi","twitter_card":"summary_large_image","twitter_creator":"@PressenzaIPA","twitter_site":"@PressenzaIPA","twitter_misc":{"Scritto da":"Giorgio Trucchi","Tempo di lettura stimato":"4 minuti"},"schema":{"@context":"https:\/\/schema.org","@graph":[{"@type":"Article","@id":"https:\/\/www.pressenza.com\/it\/2020\/12\/honduras-li-rivogliamo-vivi-verita-e-giustizia-adesso\/#article","isPartOf":{"@id":"https:\/\/www.pressenza.com\/it\/2020\/12\/honduras-li-rivogliamo-vivi-verita-e-giustizia-adesso\/"},"author":{"name":"Giorgio Trucchi","@id":"https:\/\/www.pressenza.com\/it\/#\/schema\/person\/55ec2a8f1b3e718010691e4aba073020"},"headline":"Honduras: \u201cLi rivogliamo vivi! Verit\u00e0 e giustizia adesso!\u201d","datePublished":"2020-12-14T17:37:54+00:00","dateModified":"2020-12-14T19:10:01+00:00","mainEntityOfPage":{"@id":"https:\/\/www.pressenza.com\/it\/2020\/12\/honduras-li-rivogliamo-vivi-verita-e-giustizia-adesso\/"},"wordCount":852,"publisher":{"@id":"https:\/\/www.pressenza.com\/it\/#organization"},"image":{"@id":"https:\/\/www.pressenza.com\/it\/2020\/12\/honduras-li-rivogliamo-vivi-verita-e-giustizia-adesso\/#primaryimage"},"thumbnailUrl":"https:\/\/www.pressenza.com\/wp-content\/uploads\/2020\/12\/Miriam-Miranda-Giorgio-Trucchi.jpg","keywords":["CIDH","diritti umani","garifuna","Honduras","Miriam Miranda","UNHCR"],"articleSection":["America Centrale","contenuti originali","Diritti Umani"],"inLanguage":"it-IT"},{"@type":"WebPage","@id":"https:\/\/www.pressenza.com\/it\/2020\/12\/honduras-li-rivogliamo-vivi-verita-e-giustizia-adesso\/","url":"https:\/\/www.pressenza.com\/it\/2020\/12\/honduras-li-rivogliamo-vivi-verita-e-giustizia-adesso\/","name":"Honduras: \u201cLi rivogliamo vivi! Verit\u00e0 e giustizia adesso!\u201d","isPartOf":{"@id":"https:\/\/www.pressenza.com\/it\/#website"},"primaryImageOfPage":{"@id":"https:\/\/www.pressenza.com\/it\/2020\/12\/honduras-li-rivogliamo-vivi-verita-e-giustizia-adesso\/#primaryimage"},"image":{"@id":"https:\/\/www.pressenza.com\/it\/2020\/12\/honduras-li-rivogliamo-vivi-verita-e-giustizia-adesso\/#primaryimage"},"thumbnailUrl":"https:\/\/www.pressenza.com\/wp-content\/uploads\/2020\/12\/Miriam-Miranda-Giorgio-Trucchi.jpg","datePublished":"2020-12-14T17:37:54+00:00","dateModified":"2020-12-14T19:10:01+00:00","description":"In occasione della Giornata mondiale dei diritti umani, l'Organizzazione fraterna nera honduregna (Ofraneh) ha organizzato il seminario virtuale","breadcrumb":{"@id":"https:\/\/www.pressenza.com\/it\/2020\/12\/honduras-li-rivogliamo-vivi-verita-e-giustizia-adesso\/#breadcrumb"},"inLanguage":"it-IT","potentialAction":[{"@type":"ReadAction","target":["https:\/\/www.pressenza.com\/it\/2020\/12\/honduras-li-rivogliamo-vivi-verita-e-giustizia-adesso\/"]}]},{"@type":"ImageObject","inLanguage":"it-IT","@id":"https:\/\/www.pressenza.com\/it\/2020\/12\/honduras-li-rivogliamo-vivi-verita-e-giustizia-adesso\/#primaryimage","url":"https:\/\/www.pressenza.com\/wp-content\/uploads\/2020\/12\/Miriam-Miranda-Giorgio-Trucchi.jpg","contentUrl":"https:\/\/www.pressenza.com\/wp-content\/uploads\/2020\/12\/Miriam-Miranda-Giorgio-Trucchi.jpg","width":1920,"height":1078},{"@type":"BreadcrumbList","@id":"https:\/\/www.pressenza.com\/it\/2020\/12\/honduras-li-rivogliamo-vivi-verita-e-giustizia-adesso\/#breadcrumb","itemListElement":[{"@type":"ListItem","position":1,"name":"Accueil","item":"https:\/\/www.pressenza.com\/it\/"},{"@type":"ListItem","position":2,"name":"Honduras: \u201cLi rivogliamo vivi! Verit\u00e0 e giustizia adesso!\u201d"}]},{"@type":"WebSite","@id":"https:\/\/www.pressenza.com\/it\/#website","url":"https:\/\/www.pressenza.com\/it\/","name":"Pressenza","description":"Agenzia di Stampa Internazionale","publisher":{"@id":"https:\/\/www.pressenza.com\/it\/#organization"},"potentialAction":[{"@type":"SearchAction","target":{"@type":"EntryPoint","urlTemplate":"https:\/\/www.pressenza.com\/it\/?s={search_term_string}"},"query-input":{"@type":"PropertyValueSpecification","valueRequired":true,"valueName":"search_term_string"}}],"inLanguage":"it-IT"},{"@type":"Organization","@id":"https:\/\/www.pressenza.com\/it\/#organization","name":"Pressenza","url":"https:\/\/www.pressenza.com\/it\/","logo":{"@type":"ImageObject","inLanguage":"it-IT","@id":"https:\/\/www.pressenza.com\/it\/#\/schema\/logo\/image\/","url":"https:\/\/www.pressenza.com\/wp-content\/uploads\/2022\/10\/pressenza_logo_200x200.jpg","contentUrl":"https:\/\/www.pressenza.com\/wp-content\/uploads\/2022\/10\/pressenza_logo_200x200.jpg","width":200,"height":200,"caption":"Pressenza"},"image":{"@id":"https:\/\/www.pressenza.com\/it\/#\/schema\/logo\/image\/"},"sameAs":["https:\/\/www.facebook.com\/PressenzaItalia","https:\/\/x.com\/PressenzaIPA"]},{"@type":"Person","@id":"https:\/\/www.pressenza.com\/it\/#\/schema\/person\/55ec2a8f1b3e718010691e4aba073020","name":"Giorgio Trucchi","url":"https:\/\/www.pressenza.com\/it\/author\/giorgio-trucchi\/"}]}},"place":"","original_article_url":"","_links":{"self":[{"href":"https:\/\/www.pressenza.com\/it\/wp-json\/wp\/v2\/posts\/1261417","targetHints":{"allow":["GET"]}}],"collection":[{"href":"https:\/\/www.pressenza.com\/it\/wp-json\/wp\/v2\/posts"}],"about":[{"href":"https:\/\/www.pressenza.com\/it\/wp-json\/wp\/v2\/types\/post"}],"author":[{"embeddable":true,"href":"https:\/\/www.pressenza.com\/it\/wp-json\/wp\/v2\/users\/1800"}],"replies":[{"embeddable":true,"href":"https:\/\/www.pressenza.com\/it\/wp-json\/wp\/v2\/comments?post=1261417"}],"version-history":[{"count":0,"href":"https:\/\/www.pressenza.com\/it\/wp-json\/wp\/v2\/posts\/1261417\/revisions"}],"wp:featuredmedia":[{"embeddable":true,"href":"https:\/\/www.pressenza.com\/it\/wp-json\/wp\/v2\/media\/1261414"}],"wp:attachment":[{"href":"https:\/\/www.pressenza.com\/it\/wp-json\/wp\/v2\/media?parent=1261417"}],"wp:term":[{"taxonomy":"category","embeddable":true,"href":"https:\/\/www.pressenza.com\/it\/wp-json\/wp\/v2\/categories?post=1261417"},{"taxonomy":"post_tag","embeddable":true,"href":"https:\/\/www.pressenza.com\/it\/wp-json\/wp\/v2\/tags?post=1261417"}],"curies":[{"name":"wp","href":"https:\/\/api.w.org\/{rel}","templated":true}]}}