{"id":1259364,"date":"2020-12-11T23:07:51","date_gmt":"2020-12-11T23:07:51","guid":{"rendered":"https:\/\/www.pressenza.com\/?p=1259364"},"modified":"2020-12-11T23:07:51","modified_gmt":"2020-12-11T23:07:51","slug":"la-fine-dellillusione-per-le-popolazioni-indigene-in-colombia","status":"publish","type":"post","link":"https:\/\/www.pressenza.com\/it\/2020\/12\/la-fine-dellillusione-per-le-popolazioni-indigene-in-colombia\/","title":{"rendered":"La fine dell&#8217;illusione per le popolazioni indigene in Colombia"},"content":{"rendered":"<p lang=\"it-IT\" align=\"JUSTIFY\"><em>L&#8217;accordo di pace siglato nel 2016 tra il Governo colombiano e le Forze Armate Rivoluzionarie della Colombia (FARC) aveva acceso nelle popolazioni indigene, in quelle di origine africana e nelle comunit\u00e0 contadine la speranza di poter vivere in pace nei propri territori una volta per tutte.<\/em><\/p>\n<p align=\"JUSTIFY\"><span lang=\"it-IT\">Tuttavia, il nuovo governo di Iv\u00e1n Duque non ha rispettato pienamente la propria parte di accordo e, lungi da includere le aree abbandonate dalla guerriglia nella vita istituzionale del Paese, il risultato finale \u00e8 stato che queste ultime sono state abbandonate a se stesse.<\/span><\/p>\n<p lang=\"it-IT\" align=\"JUSTIFY\">I gruppi paramilitari adesso sono liberi di farsi la guerra per il controllo del territorio e di assassinare i leader sociali come metodo per soggiogare la popolazione rurale. Oltre alle mine antiuomo e al confinamento forzato, i massacri sono diventati un ulteriore sistema per esercitare pressione nel 2020.<\/p>\n<p lang=\"it-IT\" align=\"JUSTIFY\">Nella storia della politica colombiana l&#8217;omicidio, la minaccia e il trasferimento forzato delle persone sono diventati gli strumenti con cui alcune classi sociali connesse al potere economico legittimano e stabiliscono un determinato modo di organizzare il paese, le leggi che regolano la propriet\u00e0 terriera e i meccanismi per ottenere il controllo delle risorse del sottosuolo.<\/p>\n<p align=\"JUSTIFY\"><span lang=\"it-IT\">Nel XIX e XX secolo la guerra \u00e8 stato il mezzo con cui \u00e8 stata forgiata un&#8217;idea di nazione, mentre i grandi possedimenti agricoli e zootecnici sono stati fondati sul sangue e il fuoco, sia sotto forma di ampi possedimenti terrieri che di aziende agricole. <\/span><\/p>\n<p align=\"JUSTIFY\"><span lang=\"it-IT\">Questo meccanismo violento \u00e8 stato imposto anche per controllare e saccheggiare le foreste, sfruttando aree ricche di minerali e risorse energetiche e favorendo lo sviluppo di progetti su larga scala.<\/span><\/p>\n<p align=\"JUSTIFY\"><span lang=\"it-IT\">L&#8217;attuale politica agricola del governo e il conseguente assestamento delle \u00e9lite governative sono state realizzate attraverso l&#8217;espulsione delle popolazioni che vivevano nelle valli interandine, nelle selvagge pianure caraibiche e nella pianura e l&#8217;area pedemontana amazzonica. Coloro che in precedenza controllavano e possedevano questi territori erano le popolazioni indigene, quelle di origine africana e i contadini meticci.<\/span><\/p>\n<p lang=\"it-IT\" align=\"JUSTIFY\">La persecuzione e l&#8217;assassinio dei capi indigeni che sta avendo luogo attualmente in Colombia devono essere visti all&#8217;interno di questo contesto e in una dinamica di esclusione e violenza perpetrata nel tempo.<\/p>\n<p align=\"JUSTIFY\"><span lang=\"it-IT\">Secondo la Valutazione generale delle violazioni dei diritti umani e dei reati contro i popoli indigeni, circa 9148 capi indigeni sono stati assassinati nel periodo 1985-2017 perch\u00e9 avevano cercato di realizzare i loro progetti culturali: la difesa del territorio, l&#8217;esercizio dell&#8217;autonomia, l&#8217;applicazione della giustizia e la difesa dei diritti delle donne e dei bambini di fronte a gruppi armati.<\/span><\/p>\n<p lang=\"it-IT\" align=\"JUSTIFY\">Questo documento, realizzato dalla Commissione per i diritti umani dei popoli indigeni, prende il 1985 come punto di riferimento in quanto \u00e8 l&#8217;anno stabilito nel Trattato di Pace tra il governo della Colombia e le Forze Armate Rivoluzionarie della Colombia (FARC) come inizio di un nuovo momento. A partire da quella data alle vittime di guerra sarebbe stato riconosciuto il diritto ad un risarcimento, il diritto alla verit\u00e0 riguardo gli obiettivi e le motivazioni di chi ha partecipato alla guerra, e il diritto di consegnare alla giustizia coloro che sono stati identificati come carnefici.<\/p>\n<p lang=\"it-IT\" align=\"JUSTIFY\"><em><strong>Il continuo assassinio dei leader indigeni<\/strong><\/em><\/p>\n<p lang=\"it-IT\" align=\"JUSTIFY\">Il Rapporto del Registro Speciale dei Leader e dei Difensori dei Diritti Umani Assassinati dopo la Firma del Trattato di Pace, redatto dalle organizzazioni Indepaz, Cumbre Agraria e Marcha Patri\u00f3tica, riferisce che: &#8220;Dalla firma del Trattato di Pace tra il governo nazionale e le FARC-EP fino al 15 luglio 2020, 971 leader sociali e difensori dei diritti umani sono stati uccisi in Colombia (21 nel 2016, 208 nel 2017, 282 nel 2018, 253nel 2019 e 53 nel 2020 finora)&#8221;.<\/p>\n<p lang=\"it-IT\" align=\"JUSTIFY\">La ratifica del trattato di pace tra FARC e il governo colombiano nel novembre del 2016 ha portato alla fine di un ciclo di guerre che, per cinquant&#8217;anni, ha afflitto la popolazione rurale in maniera sproporzionata e che ha avuto un impatto serio sulle popolazioni indigene, i discendenti degli Africani e le comunit\u00e0 contadine.<\/p>\n<p lang=\"it-IT\" align=\"JUSTIFY\">Questo accordo ha creato grandi speranze e aspettative tra le popolazioni indigene e le loro organizzazioni, di poter finalmente condurre una vita pacifica nei loro territori e affermare i loro auspicati piani di autonomia e la loro visione di sviluppo.<\/p>\n<p align=\"JUSTIFY\"><span lang=\"it-IT\">Eppure i loro diritti hanno continuato ad essere violati e la situazione in alcune regioni peggiora di giorno in giorno: tra la firma del trattato di pace nel 2016 e la met\u00e0 del 2020, 250 leader indigeni sono stati uccisi. Una delle regioni in cui si \u00e8 perpetrata la pi\u00f9 grande violenza contro i leader indigeni \u00e8 Cauca.<\/span><\/p>\n<p lang=\"it-IT\" align=\"JUSTIFY\">Con l&#8217;implementazione del trattato di pace e il conseguente disarmo delle FARC, le aree che prima erano controllate da queste forze della guerriglia sono state abbandonate, con l&#8217;idea che lo Stato avrebbe intrapreso delle azioni per includere questi spazi nella vita istituzionale del paese, attraverso programmi mirati a creare un&#8217;economia e una cultura basata sulla legalit\u00e0.<\/p>\n<p lang=\"it-IT\" align=\"JUSTIFY\">Tuttavia la realt\u00e0 \u00e8 stata quasi l&#8217;opposto e il nuovo governo di Ivan Duque, che \u00e8 entrato in carica nel 2018, non ha adempiuto alla propria parte di accordo. Di conseguenza questi territori sono diventati un campo di battaglia per i gruppi paramilitari che lottano per il territorio. In questo contesto l&#8217;assassinio dei difensori dei diritti umani \u00e8 uno strumento che questi gruppi armati usano per consolidare il controllo sul territorio e soggiogare politicamente le popolazioni rurali.<\/p>\n<p lang=\"it-IT\" align=\"JUSTIFY\">Un altro conflitto che ha guadagnato terreno \u00e8 quello per il traffico di droga. Dalla ratifica del Trattato di Pace, l&#8217;area coltivata a piantagioni di coca \u00e8 cresciuta significativamente. Prima del 2016, l&#8217;area coltivata a coca corrispondeva a circa 100.000 ettari. Da allora, per\u00f2, secondo il Sistema Integrato di Monitoraggio delle Coltivazioni Illecite delle Nazioni Unite, le piantagioni di coca si sono considerevolmente espanse tra i 150.000 e i 170.000 ettari.<\/p>\n<p lang=\"it-IT\" align=\"JUSTIFY\">La coltivazione di coca ha sottratto un&#8217;area pi\u00f9 o meno di 14.000 ettari dalle riserve indigene nel 2019. Questo \u00e8 il risultato di una violenza crescente in tutte le sue forme.<\/p>\n<p lang=\"it-IT\" align=\"JUSTIFY\">Le autorit\u00e0 e i leader di alcune riserve indigene stanno scegliendo di resistere o, in alternativa, di proporre la sostituzione di queste aree con colture alimentari attraverso programmi finanziati dal governo nazionale. La politica di difesa del territorio delle autorit\u00e0 indigene \u00e8 vista come un ostacolo dai trafficanti di droga e dai loro eserciti, che rispondono per\u00f2 con minacce ai leaders, obbligando l&#8217;allontanamento dai territori e l&#8217;assassinio dei membri della loro comunit\u00e0.<\/p>\n<p lang=\"it-IT\" align=\"JUSTIFY\">Oltre ad aver creato coltivazioni di coca sui terreni delle riserve, i gruppi armati stanno cercando di coinvolgere la popolazione locale, in particolare i giovani, a lavorare come braccianti giornalieri nei campi o nella rete del traffico di droga o come soldati armati.<\/p>\n<p align=\"JUSTIFY\"><span lang=\"it-IT\">Opporre resistenza al reclutamento forzato dei giovani e allo stanziamento delle truppe armate sui propri territori \u00e8 stato per decenni un obiettivo dell&#8217;azione politica dei leader indigeni. Questa posizione \u00e8 una delle ragioni principali per cui i leader sono diventati l&#8217;obiettivo militare dei cartelli di trafficanti di droga. <\/span><\/p>\n<p lang=\"it-IT\" align=\"JUSTIFY\"><strong><em>Territori indigeni e terreni di guerra<\/em><\/strong><\/p>\n<p align=\"JUSTIFY\"><span lang=\"it-IT\">L&#8217;area geografica in cui si verificano gli omicidi di leader indigeni e dove i diritti territoriali sono violati corrisponde alle regioni in cui i gruppi armati sono in lotta per il controllo delle rotte del narcotraffico, dove la coltivazione di coca \u00e8 pi\u00f9 concentrata e l&#8217;estrazione mineraria illegale \u00e8 pi\u00f9 radicata. Queste sono aree in cui storicamente sono sempre esistiti conflitti per il controllo e l&#8217;accesso ai territori, o dove sono presenti corpose operazioni di estrazione mineraria.<\/span><\/p>\n<p align=\"JUSTIFY\"><span lang=\"it-IT\">La popolazione indigena del distretto del Cauca, in particolare la comunit\u00e0 Nasa, ha sofferto in maniera spropositata per gli omicidi dei propri leader. Circa 94 leader indigeni sono stati uccisi dal 2016, 28 solo nella prima met\u00e0 del 2020. Ci\u00f2 significa che questa sola regione pesa per il 37,6% sul totale degli omicidi di difensori degli indigeni.<\/span><\/p>\n<p align=\"JUSTIFY\"><span lang=\"it-IT\">Un altro territorio profondamente colpito dalla violenza \u00e8 quello della popolazione Aw\u00e1. Circa 25.000 Aw\u00e1 vivono nelle riserve nel sud-ovest della Colombia, tra la costa sul Pacifico e il confine ecuadoriano. In questa regione si trovano alcune delle pi\u00f9 grandi aree di coltivazione illegale di coca in Colombia.<\/span><\/p>\n<p align=\"JUSTIFY\"><span lang=\"it-IT\">Le aree coltivate ammontano a circa 45.000 ettari nelle municipalit\u00e0 costiere, ossia il 25% del totale dei terreni coltivati in Colombia. Questa situazione ha caratterizzato la regione sin dall&#8217;inizio del XXI secolo ed \u00e8 sfociata in episodi di violenza verso gli indigeni e i discendenti africani che vi abitano.<\/span><\/p>\n<p align=\"JUSTIFY\"><span lang=\"it-IT\">Il governo Autonomo Indigeno ha sottolineato a questo proposito: &#8220;Dal 2000 ad oggi ci sono 425 membri di comunit\u00e0 assassinati in Nari\u00f1o. Quasi due al mese. Negli ultimi due anni e mezzo abbiamo visto 30 Aw\u00e1 morire per mano di soggetti armati.&#8221;<\/span><\/p>\n<p lang=\"it-IT\" align=\"JUSTIFY\">Insieme a questo, la presenza di paramilitari e di scontri tra gruppi armati all&#8217;interno delle riserve indigene implica che le comunit\u00e0 siano costrette al confinamento per diversi periodi di tempo. Alcuni episodi hanno mostrato che le mine antiuomo posizionate all&#8217;interno delle foreste limitano gli spostamenti e provocano situazioni di crisi alimentare.<\/p>\n<p lang=\"it-IT\" align=\"JUSTIFY\">La popolazione indigena Embera-Wounaan che abita le zone forestali delle regione orientale della Colombia ha trascorso gli ultimi due decenni in questo clima di disagio, pressione territoriale e minacce persistenti da parte dei gruppi armati.<\/p>\n<p lang=\"it-IT\" align=\"JUSTIFY\">Nel corso dell&#8217;ultimo anno i massacri sono diventati l&#8217;espressione prescelta per l&#8217;estrema violenza dei gruppi armati. Questo fenomeno ha lo scopo di creare paura tra le popolazioni indigene e di immobilizzarle, per minare la loro capacit\u00e0 di opporre resistenza ai gruppi clandestini che entrano nei loro territori.<\/p>\n<p align=\"JUSTIFY\"><span lang=\"it-IT\">La giornalista Valerie Cort\u00e9s ha contato fino ad ora 43 massacri nel 2020: &#8220;Antioquia, Cauca, Nari\u00f1o, Norte de Santander e Putumayo sono i dipartimenti che quest&#8217;anno contano il pi\u00f9 alto numero di stragi fino ad ora. Ci sono stati 31 massacri in questi territori, pari al 72% del numero complessivo registrato in tutto il paese. Ovviamente questa \u00e8 anche l&#8217;area con la pi\u00f9 alta percentuale di vittime: 134 su 181, approssimativamente il 74%.&#8221;<\/span><\/p>\n<p align=\"JUSTIFY\"><em><strong><span lang=\"it-IT\">Le organizzazioni indigene di fronte alla violenza<\/span><\/strong><\/em><\/p>\n<p lang=\"it-IT\" align=\"JUSTIFY\">Da quando sono venute a conoscenza della situazione sui territori e delle minacce contro i loro leader, le organizzazioni indigene hanno agito come una rete di comunicazione in grado di generare allarmi volti a mobilitare le istituzioni governative e non governative responsabili della protezione dei diritti degli indigeni.<\/p>\n<p lang=\"it-IT\" align=\"JUSTIFY\">Questa funzione li ha resi un obiettivo militare per le bande criminali e, in alcuni casi, i loro leader hanno subito minacce, sono stati costretti a trasferirsi o sono stati uccisi.<\/p>\n<p lang=\"it-IT\" align=\"JUSTIFY\">Nei territori indigeni, le autorit\u00e0 hanno addestrato gruppi di guardie ad agire in maniera organizzata per il controllo sociale interno e la difesa del territorio. Pur non essendo armate, le guardie indigene affrontano i clandestini che cercano di penetrare nei territori, proteggono i loro leader dalle minacce dei paramilitari e mobilitano l&#8217;intera popolazione per resistere alla violenza.<\/p>\n<p lang=\"it-IT\" align=\"JUSTIFY\">Bench\u00e9 le organizzazioni indigene non abbiano la capacit\u00e0 di affrontare direttamente la violenza all&#8217;interno delle comunit\u00e0, la loro importanza sta nell&#8217;agire come una rete di comunicazione sia all&#8217;interno del paese sia a livello internazionale. Attraverso la prevenzione immediata e pacifica le organizzazioni regionali e nazionali sono state parte fondamentale nella protezione e nella salvaguardia delle comunit\u00e0.<\/p>\n<p lang=\"it-IT\" align=\"JUSTIFY\"><em>Di <strong>William Villa<\/strong><\/em>*<\/p>\n<p lang=\"it-IT\" align=\"JUSTIFY\"><em>Traduzione dall&#8217;inglese di Federica Frisiero. Revisione: Silvia Nocera<\/em><\/p>\n<p lang=\"it-IT\" align=\"JUSTIFY\">*L&#8217;articolo \u00e8 stato scritto da William Villa, antropologo e ricercatore. Da quattro decenni Villa pubblica opere legate alla costruzione territoriale e politica delle popolazioni indigene e afro-colombiane, sulla violazione dei diritti, sui conflitti vissuti nei loro territori e sulla caratterizzazione della loro organizzazione sociale e politica.<\/p>\n","protected":false},"excerpt":{"rendered":"<p>L&#8217;accordo di pace siglato nel 2016 tra il Governo colombiano e le Forze Armate Rivoluzionarie della Colombia (FARC) aveva acceso nelle popolazioni indigene, in quelle di origine africana e nelle comunit\u00e0 contadine la speranza di poter vivere in pace nei&hellip;<\/p>\n","protected":false},"author":531,"featured_media":1246096,"comment_status":"closed","ping_status":"closed","sticky":false,"template":"","format":"standard","meta":{"footnotes":""},"categories":[1263,61,48],"tags":[85079,4227,85080,5796],"class_list":["post-1259364","post","type-post","status-publish","format-standard","has-post-thumbnail","hentry","category-pace-disarmo","category-popoli-aborigeni","category-sud-america","tag-afro-colombiani","tag-farc-it","tag-processo-di-pace-in-colombia","tag-trattato-di-pace"],"yoast_head":"<!-- This site is optimized with the Yoast SEO plugin v27.1.1 - https:\/\/yoast.com\/product\/yoast-seo-wordpress\/ -->\n<title>La fine dell&#039;illusione per le popolazioni indigene in Colombia<\/title>\n<meta name=\"description\" content=\"L&#039;accordo di pace siglato nel 2016 tra il Governo colombiano e le Forze Armate Rivoluzionarie della Colombia (FARC) aveva acceso nelle popolazioni\" \/>\n<meta name=\"robots\" content=\"index, follow, max-snippet:-1, max-image-preview:large, max-video-preview:-1\" \/>\n<link rel=\"canonical\" href=\"https:\/\/www.pressenza.com\/it\/2020\/12\/la-fine-dellillusione-per-le-popolazioni-indigene-in-colombia\/\" \/>\n<meta property=\"og:locale\" content=\"it_IT\" \/>\n<meta property=\"og:type\" content=\"article\" \/>\n<meta property=\"og:title\" content=\"La fine dell&#039;illusione per le popolazioni indigene in Colombia\" \/>\n<meta property=\"og:description\" content=\"L&#039;accordo di pace siglato nel 2016 tra il Governo colombiano e le Forze Armate Rivoluzionarie della Colombia (FARC) aveva acceso nelle popolazioni\" \/>\n<meta property=\"og:url\" content=\"https:\/\/www.pressenza.com\/it\/2020\/12\/la-fine-dellillusione-per-le-popolazioni-indigene-in-colombia\/\" \/>\n<meta property=\"og:site_name\" content=\"Pressenza\" \/>\n<meta property=\"article:publisher\" content=\"https:\/\/www.facebook.com\/PressenzaItalia\" \/>\n<meta property=\"article:author\" content=\"https:\/\/www.facebook.com\/pages\/Human-Wrongs-Watch\/169458499784224?fref=ts\" \/>\n<meta property=\"article:published_time\" content=\"2020-12-11T23:07:51+00:00\" \/>\n<meta property=\"og:image\" content=\"https:\/\/www.pressenza.com\/wp-content\/uploads\/2020\/11\/Debates_Indgenas_Colombia.jpg\" \/>\n\t<meta property=\"og:image:width\" content=\"1200\" \/>\n\t<meta property=\"og:image:height\" content=\"630\" \/>\n\t<meta property=\"og:image:type\" content=\"image\/jpeg\" \/>\n<meta name=\"author\" content=\"Human Wrongs Watch\" \/>\n<meta name=\"twitter:card\" content=\"summary_large_image\" \/>\n<meta name=\"twitter:creator\" content=\"@Baher_Kamal\" \/>\n<meta name=\"twitter:site\" content=\"@PressenzaIPA\" \/>\n<meta name=\"twitter:label1\" content=\"Scritto da\" \/>\n\t<meta name=\"twitter:data1\" content=\"Human Wrongs Watch\" \/>\n\t<meta name=\"twitter:label2\" content=\"Tempo di lettura stimato\" \/>\n\t<meta name=\"twitter:data2\" content=\"9 minuti\" \/>\n<script type=\"application\/ld+json\" class=\"yoast-schema-graph\">{\"@context\":\"https:\/\/schema.org\",\"@graph\":[{\"@type\":\"Article\",\"@id\":\"https:\/\/www.pressenza.com\/it\/2020\/12\/la-fine-dellillusione-per-le-popolazioni-indigene-in-colombia\/#article\",\"isPartOf\":{\"@id\":\"https:\/\/www.pressenza.com\/it\/2020\/12\/la-fine-dellillusione-per-le-popolazioni-indigene-in-colombia\/\"},\"author\":{\"name\":\"Human Wrongs Watch\",\"@id\":\"https:\/\/www.pressenza.com\/it\/#\/schema\/person\/c74b397f263ff7abde2d0320c4a088f1\"},\"headline\":\"La fine dell&#8217;illusione per le popolazioni indigene in Colombia\",\"datePublished\":\"2020-12-11T23:07:51+00:00\",\"mainEntityOfPage\":{\"@id\":\"https:\/\/www.pressenza.com\/it\/2020\/12\/la-fine-dellillusione-per-le-popolazioni-indigene-in-colombia\/\"},\"wordCount\":1875,\"publisher\":{\"@id\":\"https:\/\/www.pressenza.com\/it\/#organization\"},\"image\":{\"@id\":\"https:\/\/www.pressenza.com\/it\/2020\/12\/la-fine-dellillusione-per-le-popolazioni-indigene-in-colombia\/#primaryimage\"},\"thumbnailUrl\":\"https:\/\/www.pressenza.com\/wp-content\/uploads\/2020\/11\/Debates_Indgenas_Colombia.jpg\",\"keywords\":[\"Afro-colombiani\",\"Farc\",\"processo di pace in Colombia\",\"trattato di pace\"],\"articleSection\":[\"Pace e Disarmo\",\"Popoli originari\",\"Sud America\"],\"inLanguage\":\"it-IT\"},{\"@type\":\"WebPage\",\"@id\":\"https:\/\/www.pressenza.com\/it\/2020\/12\/la-fine-dellillusione-per-le-popolazioni-indigene-in-colombia\/\",\"url\":\"https:\/\/www.pressenza.com\/it\/2020\/12\/la-fine-dellillusione-per-le-popolazioni-indigene-in-colombia\/\",\"name\":\"La fine dell'illusione per le popolazioni indigene in Colombia\",\"isPartOf\":{\"@id\":\"https:\/\/www.pressenza.com\/it\/#website\"},\"primaryImageOfPage\":{\"@id\":\"https:\/\/www.pressenza.com\/it\/2020\/12\/la-fine-dellillusione-per-le-popolazioni-indigene-in-colombia\/#primaryimage\"},\"image\":{\"@id\":\"https:\/\/www.pressenza.com\/it\/2020\/12\/la-fine-dellillusione-per-le-popolazioni-indigene-in-colombia\/#primaryimage\"},\"thumbnailUrl\":\"https:\/\/www.pressenza.com\/wp-content\/uploads\/2020\/11\/Debates_Indgenas_Colombia.jpg\",\"datePublished\":\"2020-12-11T23:07:51+00:00\",\"description\":\"L'accordo di pace siglato nel 2016 tra il Governo colombiano e le Forze Armate Rivoluzionarie della Colombia (FARC) aveva acceso nelle popolazioni\",\"breadcrumb\":{\"@id\":\"https:\/\/www.pressenza.com\/it\/2020\/12\/la-fine-dellillusione-per-le-popolazioni-indigene-in-colombia\/#breadcrumb\"},\"inLanguage\":\"it-IT\",\"potentialAction\":[{\"@type\":\"ReadAction\",\"target\":[\"https:\/\/www.pressenza.com\/it\/2020\/12\/la-fine-dellillusione-per-le-popolazioni-indigene-in-colombia\/\"]}]},{\"@type\":\"ImageObject\",\"inLanguage\":\"it-IT\",\"@id\":\"https:\/\/www.pressenza.com\/it\/2020\/12\/la-fine-dellillusione-per-le-popolazioni-indigene-in-colombia\/#primaryimage\",\"url\":\"https:\/\/www.pressenza.com\/wp-content\/uploads\/2020\/11\/Debates_Indgenas_Colombia.jpg\",\"contentUrl\":\"https:\/\/www.pressenza.com\/wp-content\/uploads\/2020\/11\/Debates_Indgenas_Colombia.jpg\",\"width\":1200,\"height\":630,\"caption\":\"Demonstration of Indigenous Peoples in Colombia\"},{\"@type\":\"BreadcrumbList\",\"@id\":\"https:\/\/www.pressenza.com\/it\/2020\/12\/la-fine-dellillusione-per-le-popolazioni-indigene-in-colombia\/#breadcrumb\",\"itemListElement\":[{\"@type\":\"ListItem\",\"position\":1,\"name\":\"Accueil\",\"item\":\"https:\/\/www.pressenza.com\/it\/\"},{\"@type\":\"ListItem\",\"position\":2,\"name\":\"La fine dell&#8217;illusione per le popolazioni indigene in Colombia\"}]},{\"@type\":\"WebSite\",\"@id\":\"https:\/\/www.pressenza.com\/it\/#website\",\"url\":\"https:\/\/www.pressenza.com\/it\/\",\"name\":\"Pressenza\",\"description\":\"Agenzia di Stampa Internazionale\",\"publisher\":{\"@id\":\"https:\/\/www.pressenza.com\/it\/#organization\"},\"potentialAction\":[{\"@type\":\"SearchAction\",\"target\":{\"@type\":\"EntryPoint\",\"urlTemplate\":\"https:\/\/www.pressenza.com\/it\/?s={search_term_string}\"},\"query-input\":{\"@type\":\"PropertyValueSpecification\",\"valueRequired\":true,\"valueName\":\"search_term_string\"}}],\"inLanguage\":\"it-IT\"},{\"@type\":\"Organization\",\"@id\":\"https:\/\/www.pressenza.com\/it\/#organization\",\"name\":\"Pressenza\",\"url\":\"https:\/\/www.pressenza.com\/it\/\",\"logo\":{\"@type\":\"ImageObject\",\"inLanguage\":\"it-IT\",\"@id\":\"https:\/\/www.pressenza.com\/it\/#\/schema\/logo\/image\/\",\"url\":\"https:\/\/www.pressenza.com\/wp-content\/uploads\/2022\/10\/pressenza_logo_200x200.jpg\",\"contentUrl\":\"https:\/\/www.pressenza.com\/wp-content\/uploads\/2022\/10\/pressenza_logo_200x200.jpg\",\"width\":200,\"height\":200,\"caption\":\"Pressenza\"},\"image\":{\"@id\":\"https:\/\/www.pressenza.com\/it\/#\/schema\/logo\/image\/\"},\"sameAs\":[\"https:\/\/www.facebook.com\/PressenzaItalia\",\"https:\/\/x.com\/PressenzaIPA\"]},{\"@type\":\"Person\",\"@id\":\"https:\/\/www.pressenza.com\/it\/#\/schema\/person\/c74b397f263ff7abde2d0320c4a088f1\",\"name\":\"Human Wrongs Watch\",\"description\":\"Everybody talks about human \u2018rights\u2019 and this is just great. Nevertheless, human beings have been perpetrating, systematically, all kinds of wrongs\u2013they kill each other, they destroy forests, seas, lands, and atmosphere. Simply, humans are now more than ever under the mercy of two dominant powers: the \u2018market lords\u2019 and the \u2018war lords\u2019\u2013everything, humans included, are now subject to trade deals. Human wrongs Watch informs about some of the so many human \u2018wrongs\u2019\u2013it\u2019s our way to draw your attention. Maybe this initiative can help correct some of our misdoing. human-wrongs-watch.net\",\"sameAs\":[\"https:\/\/human-wrongs-watch.net\",\"https:\/\/www.facebook.com\/pages\/Human-Wrongs-Watch\/169458499784224?fref=ts\",\"https:\/\/x.com\/Baher_Kamal\"],\"url\":\"https:\/\/www.pressenza.com\/it\/author\/human-wrongs-watch\/\"}]}<\/script>\n<!-- \/ Yoast SEO plugin. -->","yoast_head_json":{"title":"La fine dell'illusione per le popolazioni indigene in Colombia","description":"L'accordo di pace siglato nel 2016 tra il Governo colombiano e le Forze Armate Rivoluzionarie della Colombia (FARC) aveva acceso nelle popolazioni","robots":{"index":"index","follow":"follow","max-snippet":"max-snippet:-1","max-image-preview":"max-image-preview:large","max-video-preview":"max-video-preview:-1"},"canonical":"https:\/\/www.pressenza.com\/it\/2020\/12\/la-fine-dellillusione-per-le-popolazioni-indigene-in-colombia\/","og_locale":"it_IT","og_type":"article","og_title":"La fine dell'illusione per le popolazioni indigene in Colombia","og_description":"L'accordo di pace siglato nel 2016 tra il Governo colombiano e le Forze Armate Rivoluzionarie della Colombia (FARC) aveva acceso nelle popolazioni","og_url":"https:\/\/www.pressenza.com\/it\/2020\/12\/la-fine-dellillusione-per-le-popolazioni-indigene-in-colombia\/","og_site_name":"Pressenza","article_publisher":"https:\/\/www.facebook.com\/PressenzaItalia","article_author":"https:\/\/www.facebook.com\/pages\/Human-Wrongs-Watch\/169458499784224?fref=ts","article_published_time":"2020-12-11T23:07:51+00:00","og_image":[{"width":1200,"height":630,"url":"https:\/\/www.pressenza.com\/wp-content\/uploads\/2020\/11\/Debates_Indgenas_Colombia.jpg","type":"image\/jpeg"}],"author":"Human Wrongs Watch","twitter_card":"summary_large_image","twitter_creator":"@Baher_Kamal","twitter_site":"@PressenzaIPA","twitter_misc":{"Scritto da":"Human Wrongs Watch","Tempo di lettura stimato":"9 minuti"},"schema":{"@context":"https:\/\/schema.org","@graph":[{"@type":"Article","@id":"https:\/\/www.pressenza.com\/it\/2020\/12\/la-fine-dellillusione-per-le-popolazioni-indigene-in-colombia\/#article","isPartOf":{"@id":"https:\/\/www.pressenza.com\/it\/2020\/12\/la-fine-dellillusione-per-le-popolazioni-indigene-in-colombia\/"},"author":{"name":"Human Wrongs Watch","@id":"https:\/\/www.pressenza.com\/it\/#\/schema\/person\/c74b397f263ff7abde2d0320c4a088f1"},"headline":"La fine dell&#8217;illusione per le popolazioni indigene in Colombia","datePublished":"2020-12-11T23:07:51+00:00","mainEntityOfPage":{"@id":"https:\/\/www.pressenza.com\/it\/2020\/12\/la-fine-dellillusione-per-le-popolazioni-indigene-in-colombia\/"},"wordCount":1875,"publisher":{"@id":"https:\/\/www.pressenza.com\/it\/#organization"},"image":{"@id":"https:\/\/www.pressenza.com\/it\/2020\/12\/la-fine-dellillusione-per-le-popolazioni-indigene-in-colombia\/#primaryimage"},"thumbnailUrl":"https:\/\/www.pressenza.com\/wp-content\/uploads\/2020\/11\/Debates_Indgenas_Colombia.jpg","keywords":["Afro-colombiani","Farc","processo di pace in Colombia","trattato di pace"],"articleSection":["Pace e Disarmo","Popoli originari","Sud America"],"inLanguage":"it-IT"},{"@type":"WebPage","@id":"https:\/\/www.pressenza.com\/it\/2020\/12\/la-fine-dellillusione-per-le-popolazioni-indigene-in-colombia\/","url":"https:\/\/www.pressenza.com\/it\/2020\/12\/la-fine-dellillusione-per-le-popolazioni-indigene-in-colombia\/","name":"La fine dell'illusione per le popolazioni indigene in Colombia","isPartOf":{"@id":"https:\/\/www.pressenza.com\/it\/#website"},"primaryImageOfPage":{"@id":"https:\/\/www.pressenza.com\/it\/2020\/12\/la-fine-dellillusione-per-le-popolazioni-indigene-in-colombia\/#primaryimage"},"image":{"@id":"https:\/\/www.pressenza.com\/it\/2020\/12\/la-fine-dellillusione-per-le-popolazioni-indigene-in-colombia\/#primaryimage"},"thumbnailUrl":"https:\/\/www.pressenza.com\/wp-content\/uploads\/2020\/11\/Debates_Indgenas_Colombia.jpg","datePublished":"2020-12-11T23:07:51+00:00","description":"L'accordo di pace siglato nel 2016 tra il Governo colombiano e le Forze Armate Rivoluzionarie della Colombia (FARC) aveva acceso nelle popolazioni","breadcrumb":{"@id":"https:\/\/www.pressenza.com\/it\/2020\/12\/la-fine-dellillusione-per-le-popolazioni-indigene-in-colombia\/#breadcrumb"},"inLanguage":"it-IT","potentialAction":[{"@type":"ReadAction","target":["https:\/\/www.pressenza.com\/it\/2020\/12\/la-fine-dellillusione-per-le-popolazioni-indigene-in-colombia\/"]}]},{"@type":"ImageObject","inLanguage":"it-IT","@id":"https:\/\/www.pressenza.com\/it\/2020\/12\/la-fine-dellillusione-per-le-popolazioni-indigene-in-colombia\/#primaryimage","url":"https:\/\/www.pressenza.com\/wp-content\/uploads\/2020\/11\/Debates_Indgenas_Colombia.jpg","contentUrl":"https:\/\/www.pressenza.com\/wp-content\/uploads\/2020\/11\/Debates_Indgenas_Colombia.jpg","width":1200,"height":630,"caption":"Demonstration of Indigenous Peoples in Colombia"},{"@type":"BreadcrumbList","@id":"https:\/\/www.pressenza.com\/it\/2020\/12\/la-fine-dellillusione-per-le-popolazioni-indigene-in-colombia\/#breadcrumb","itemListElement":[{"@type":"ListItem","position":1,"name":"Accueil","item":"https:\/\/www.pressenza.com\/it\/"},{"@type":"ListItem","position":2,"name":"La fine dell&#8217;illusione per le popolazioni indigene in Colombia"}]},{"@type":"WebSite","@id":"https:\/\/www.pressenza.com\/it\/#website","url":"https:\/\/www.pressenza.com\/it\/","name":"Pressenza","description":"Agenzia di Stampa Internazionale","publisher":{"@id":"https:\/\/www.pressenza.com\/it\/#organization"},"potentialAction":[{"@type":"SearchAction","target":{"@type":"EntryPoint","urlTemplate":"https:\/\/www.pressenza.com\/it\/?s={search_term_string}"},"query-input":{"@type":"PropertyValueSpecification","valueRequired":true,"valueName":"search_term_string"}}],"inLanguage":"it-IT"},{"@type":"Organization","@id":"https:\/\/www.pressenza.com\/it\/#organization","name":"Pressenza","url":"https:\/\/www.pressenza.com\/it\/","logo":{"@type":"ImageObject","inLanguage":"it-IT","@id":"https:\/\/www.pressenza.com\/it\/#\/schema\/logo\/image\/","url":"https:\/\/www.pressenza.com\/wp-content\/uploads\/2022\/10\/pressenza_logo_200x200.jpg","contentUrl":"https:\/\/www.pressenza.com\/wp-content\/uploads\/2022\/10\/pressenza_logo_200x200.jpg","width":200,"height":200,"caption":"Pressenza"},"image":{"@id":"https:\/\/www.pressenza.com\/it\/#\/schema\/logo\/image\/"},"sameAs":["https:\/\/www.facebook.com\/PressenzaItalia","https:\/\/x.com\/PressenzaIPA"]},{"@type":"Person","@id":"https:\/\/www.pressenza.com\/it\/#\/schema\/person\/c74b397f263ff7abde2d0320c4a088f1","name":"Human Wrongs Watch","description":"Everybody talks about human \u2018rights\u2019 and this is just great. Nevertheless, human beings have been perpetrating, systematically, all kinds of wrongs\u2013they kill each other, they destroy forests, seas, lands, and atmosphere. Simply, humans are now more than ever under the mercy of two dominant powers: the \u2018market lords\u2019 and the \u2018war lords\u2019\u2013everything, humans included, are now subject to trade deals. Human wrongs Watch informs about some of the so many human \u2018wrongs\u2019\u2013it\u2019s our way to draw your attention. Maybe this initiative can help correct some of our misdoing. human-wrongs-watch.net","sameAs":["https:\/\/human-wrongs-watch.net","https:\/\/www.facebook.com\/pages\/Human-Wrongs-Watch\/169458499784224?fref=ts","https:\/\/x.com\/Baher_Kamal"],"url":"https:\/\/www.pressenza.com\/it\/author\/human-wrongs-watch\/"}]}},"place":"","original_article_url":"","_links":{"self":[{"href":"https:\/\/www.pressenza.com\/it\/wp-json\/wp\/v2\/posts\/1259364","targetHints":{"allow":["GET"]}}],"collection":[{"href":"https:\/\/www.pressenza.com\/it\/wp-json\/wp\/v2\/posts"}],"about":[{"href":"https:\/\/www.pressenza.com\/it\/wp-json\/wp\/v2\/types\/post"}],"author":[{"embeddable":true,"href":"https:\/\/www.pressenza.com\/it\/wp-json\/wp\/v2\/users\/531"}],"replies":[{"embeddable":true,"href":"https:\/\/www.pressenza.com\/it\/wp-json\/wp\/v2\/comments?post=1259364"}],"version-history":[{"count":0,"href":"https:\/\/www.pressenza.com\/it\/wp-json\/wp\/v2\/posts\/1259364\/revisions"}],"wp:featuredmedia":[{"embeddable":true,"href":"https:\/\/www.pressenza.com\/it\/wp-json\/wp\/v2\/media\/1246096"}],"wp:attachment":[{"href":"https:\/\/www.pressenza.com\/it\/wp-json\/wp\/v2\/media?parent=1259364"}],"wp:term":[{"taxonomy":"category","embeddable":true,"href":"https:\/\/www.pressenza.com\/it\/wp-json\/wp\/v2\/categories?post=1259364"},{"taxonomy":"post_tag","embeddable":true,"href":"https:\/\/www.pressenza.com\/it\/wp-json\/wp\/v2\/tags?post=1259364"}],"curies":[{"name":"wp","href":"https:\/\/api.w.org\/{rel}","templated":true}]}}