{"id":1256708,"date":"2020-12-07T17:03:32","date_gmt":"2020-12-07T17:03:32","guid":{"rendered":"https:\/\/www.pressenza.com\/?p=1256708"},"modified":"2020-12-07T19:27:12","modified_gmt":"2020-12-07T19:27:12","slug":"lilva-produce-di-meno-ma-inquina-di-piu-128-di-benzene-nel-2020-rispetto-al-2019-nel-quartiere-tamburi-di-taranto","status":"publish","type":"post","link":"https:\/\/www.pressenza.com\/it\/2020\/12\/lilva-produce-di-meno-ma-inquina-di-piu-128-di-benzene-nel-2020-rispetto-al-2019-nel-quartiere-tamburi-di-taranto\/","title":{"rendered":"L&#8217;ILVA produce di meno ma inquina di pi\u00f9 + 128% di benzene nel 2020 rispetto al 2019 nel quartiere Tamburi di Taranto"},"content":{"rendered":"<div dir=\"ltr\">\n<p><i>PeaceLink invita il Sindaco di Taranto, il Presidente della Provincia e il Presidente della Regione a inviare alla Commissione Europea e alla CEDU (Corte Europea dei Diritti dell&#8217;Uomo) tutta la documentazione ufficiale per sottolineare l&#8217;incompatibilit\u00e0 con la salute pubblica dell&#8217;attuale area a caldo dell&#8217;ILVA.<\/i><\/p>\n<p><b>I DATI DELL&#8217;INQUINAMENTO 2020<\/b><br \/>\nL&#8217;inquinamento nel quartiere Tamburi nel 2020 \u00e8 aumentato. E ci\u00f2 \u00e8 avvenuto nonostante la produzione di acciaio nell&#8217;ILVA di Taranto sia calata da 12.900 tonnellate al giorno (dato 2019) a 8.800 (dato 2020).<br \/>\nPu\u00f2 sembrare paradossale ma \u00e8 cos\u00ec: l&#8217;ILVA produce di meno ma inquina di pi\u00f9.<br \/>\nConfrontando i dati Arpa 2019 (da gennaio a novembre) con i dati Arpa 2020 (da gennaio a novembre) emerge che nel\u00a0<b>quartiere Tamburi<\/b>\u00a0nel 2020 ci sono stati i seguenti incrementi di inquinamento rispetto al 2019 in aria ambiente:<br \/>\n<b><span style=\"font-size: large;\">+ 128% di benzene (cancerogeno)<br \/>\n+ 3% di PM10 (cancerogeno)<br \/>\n+ 6% di PM2,5 (cancerogeno)<\/span><\/b><\/p>\n<p>Dati ancora pi\u00f9 elevati si registrano al perimetro dello stabilimento siderurgico (<b>centralina Meteo-Parchi ILVA<\/b>):<br \/>\n<span style=\"font-size: large;\"><b>+215% per benzene (cancerogeno)<br \/>\n+48% per PM10 (cancerogeno)<br \/>\n+30% per PM2,5 (cancerogeno)<\/b><\/span><\/p>\n<p>Cosa ci dicono questi incrementi percentuali?<br \/>\nCi dicono una cosa molto semplice, ossia che quando finir\u00e0 il 2020 e la produzione totale di acciaio dello stabilimento siderurgico di Taranto sar\u00e0 arrivata ai minimi storici (ossia a 3,2 milioni di tonnellate\/anno di acciaio),<b>\u00a0l&#8217;impatto sulla salute degli abitanti del quartiere Tamburi sar\u00e0 verosimilmente ancora peggiore rispetto al 2019\u00a0<\/b>quando lo stabilimento ha prodotto 4,7 milioni di tonnellate\/anno, ossia un milione e mezzo di tonnellate di acciaio in pi\u00f9.<br \/>\nSembra assurdo. Ma i dati elaborati sono incontrovertibili e provengono dalle centraline Arpa\/Ispra.<\/p>\n<div>\n<div>\n<p>I dati dettagliati sono visionabili qui\u00a0<a href=\"https:\/\/sociale.network\/@a_marescotti\/105296298868073858\" target=\"_blank\" rel=\"noopener noreferrer\">https:\/\/sociale.network\/@a_marescotti\/105296298868073858<\/a><\/p>\n<p><b>LA VALUTAZIONE DELL&#8217;IMPATTO AMBIENTALE E SANITARIO<\/b><br \/>\nRicordiamo che la VIIAS (Valutazione Integrata di Impatto Ambientale e Sanitario) del 2019 &#8211; calcolata su 4,7 milioni di tonnellate\/anno &#8211; mostrava\u00a0<b>&#8220;un rischio non accettabile nel quartiere prossimo allo stabilimento siderurgico&#8221;\u00a0<\/b>(Epidemiologia&amp;Prevenzione, 2019)\u00a0. La VIIAS \u00e8 stata pubblicata lo scorso anno sulla rivista scientifica\u00a0\u00a0Epidemiologia&amp;Prevenzione.<br \/>\n<b>Dato che la VIIAS 2019 a 4,7 milioni di tonnellate\/anno stimava questo &#8220;rischio non accettabile&#8221; a livelli di inquinamento inferiori rispetto a quelli effettivamente verificatisi nel 2020, se ne pu\u00f2 dedurre che anche con l&#8217;area a caldo a livelli produttivi minimi (i 3,2 milioni di t\/a del 2020) l&#8217;inquinamento non scende a livelli tali da poter ipotizzare una compatibilit\u00e0 dell&#8217;area a caldo con la salute pubblica.<br \/>\n<\/b><br \/>\n<b>PRODUZIONE IN CALO E INQUINAMENTO IN AUMENTO<\/b><br \/>\nQuesta cosa \u00e8 bene segnalarla al governo e anche i sindacati. Tutti devono sapere che non esiste compatibilit\u00e0 fra ILVA e salute pubblica neppure quando si raggiunge il livello produttivo pi\u00f9 basso mai registrato. Questa evidenza non lascia pi\u00f9 alibi.<br \/>\nIn poche parole:\u00a0<b>l&#8217;area a caldo dell&#8217;ILVA \u00e8 pericolosa per la salute pubblica anche quando si produce di meno!<\/b><br \/>\nSe non si verificano condizioni di compatibilit\u00e0 neppure producendo a marcia estremamente ridotta, allora l&#8217;unica scelta \u00e8 chiudere l&#8217;area a caldo dell&#8217;ILVA.<\/p>\n<p><b>LE RICHIESTE DI PEACELINK AL SINDACO DI TARANTO<\/b><br \/>\nDi fronte a questo pericolo costante e protratto nel tempo, chiediamo al Sindaco di Taranto di certificare in forma aggiornata, con un documento ufficiale redatto con i tecnici ASL e ARPA, la pericolosit\u00e0 dell&#8217;area a caldo e l&#8217;insalubrit\u00e0 del quartiere Tamburi. A fronte di una tale certificazione aggiornata &#8211; da consegnare anche alla Procura della Repubblica &#8211; le autorit\u00e0 di governo dovranno scegliere: salvare le persone oppure lasciar correre.<\/p>\n<p><b>L&#8217;URGENZA DEL FERMO DELL&#8217;AREA A CALDO DELL&#8217;ILVA<\/b><br \/>\nL&#8217;incompatibilit\u00e0 con la salute pubblica dell&#8217;attuale area a caldo dell&#8217;ILVA, anche ai livelli produttivi &#8220;minimi&#8221; attuali, pone l&#8217;urgenza del fermo immediato dell&#8217;area responsabile dell&#8217;inquinamento protratto nel tempo. Non occorre alcuna programmazione annuale:\u00a0<b>vanno salvate le persone, qui e ora, senza aspettare i prossimi anni e le prossime vittime.<\/b><\/p>\n<p><b>ESSERE EFFICACI SIGNIFICA ESSERE TEMPESTIVI<\/b><br \/>\nCome per il covid anche per l&#8217;inquinamento industriale le misure a protezione della salute non vanno rinviate ma adottate in tempi ragionevolmente rapidi affinch\u00e9 siano efficaci. E perch\u00e9 siano efficaci\u00a0<b>le misure devono essere tempestive<\/b>,\u00a0<b>sulla falsariga di ci\u00f2 che \u00e8 stato fatto a Trieste<\/b>\u00a0dove si \u00e8 chiusa in poche settimane l&#8217;area a caldo della Ferriera.<\/p>\n<p>Sulla base di tali considerazioni, gli impianti non a norma e posti sotto sequestro vanno fermati non secondo una prospettiva di medio-lungo termine ma in una prospettiva di breve termine, in considerazione della loro potenziale letalit\u00e0 rispetto alla salute.<\/p>\n<p>Esistono gi\u00e0 copiose evidenze scientifiche prodotte, basate su studi epidemiologici mai smentiti. In base al principio di precauzione non \u00e8 pi\u00f9 necessario produrre nuovi studi scientifici in quanto l&#8217;onere della prova spetta ora a chi volesse tenere aperta l&#8217;area a caldo.<\/p>\n<p><b>INVESTIRE DEL PROBLEMA LE AUTORITA&#8217; EUROPEE E LA MAGISTRATURA<\/b><br \/>\nIl compito del Sindaco, del Presidente della Provincia e della Regione \u00e8 molto semplice. Basta questa dichiarazione congiunta: viste tutte le evidenze scientifiche disponibili, comprese quelle del 2020, si deduce l&#8217;incompatibilit\u00e0 degli impianti dell&#8217;area a caldo dell&#8217;ILVA di Taranto rispetto alla salute pubblica e si richiede all&#8217;Autorit\u00e0 Competente il fermo ad horas di tali impianti.<br \/>\nA tale dichiarazione si allegher\u00e0 tutta l&#8217;imponente documentazione disponibile e la si invier\u00e0 al Governo, alla Commisione Europea, alla CEDU e per conoscenza alla magistratura.<\/p>\n<p>Il passo da fare \u00e8 molto semplice e PeaceLink invita a farlo perch\u00e9 farlo ora &#8211; a poche ore dalla firma di un accordo con ArcelorMittal &#8211; porrebbe in estremo imbarazzo tutti gli altri interlocutori che vogliono far proseguire l&#8217;area a caldo.<\/p>\n<p><b>PRINCIPIO DI PRECAUZIONE E INVERSIONE DELL&#8217;ONERE DELLA PROVA<\/b><br \/>\nI sindacati o il governo sono in grado di dimostrare che la prosecuzione della produzione dell&#8217;area a caldo non produce gli eccessi di mortalit\u00e0 e morbilit\u00e0 evidenziati in tutti gli studi fin qui prodotti?\u00a0<b>Sindacati e governo sono in grado di fornire pubblicazioni scientifiche<\/b>\u00a0che smentiscano l&#8217;insieme degli studi epidemiologici messo in campo dalla comunit\u00e0 scientifica e dalle autorit\u00e0 sanitarie della Repubblica Italiana? Se s\u00ec lo facciano. Se no, allora fermino l&#8217;area a caldo. Tertium non datur.<\/p>\n<p>Spetta oggi a loro &#8211; governo e sindacati &#8211; l&#8217;onere della prova.<\/p>\n<p><b>Sulla base del principio di precauzione non siamo noi a dover portare pi\u00f9 delle prove, perch\u00e9 l&#8217;onere della prova \u00e8 rovesciato<\/b>: sono sindacati e governo a dover fornire dati scientifici attendibili. Non possiamo attendere la morte di un solo altro bambino.<\/p>\n<p><b>LA RESPONSABILITA&#8217; SOCIALE, MATERIALE E MORALE<\/b><br \/>\nBasta con le parole, con le solite parole trite e ritrite che annunciano un equilibrio fra produzione e salute che non viene mai dimostrato e mai raggiunto, ma che verr\u00e0 anzi ancora pi\u00f9 aggravato se si dovesse giungere a raddoppiare la produzione (8 milioni di t\/a), come vorrebbero i sindacati e il governo.<\/p>\n<p>Lo diciamo chiaramente: con queste evidenze scientifiche ormai acclarate chiunque chiede di proseguire con la produzione dell&#8217;area a caldo \u00e8 responsabile, materialmente o moralmente, di tutti gli eventuali danni sanitari che si verificheranno.<\/p>\n<p>Lo diciamo in particolare al professore Giuseppe Conte, allo studioso e all&#8217;autore di un pregevole libro dal titolo\u00a0<b>&#8220;La responsabilit\u00e0 sociale dell&#8217;impresa&#8221;<\/b>.<\/p>\n<p><b>LE NUOVE TECNOLOGIE? NE RIPARLIANO IN FUTURO, OGGI SI DEVONO FERMARE LE VECCHIE TECNOLOGIE<\/b><br \/>\nAdesso \u00e8 venuto il momento della chiarezza totale, senza infingimenti.<br \/>\nI dati che oggi condividiamo pubblicamente dimostrano in modo incontrovertibile che gli impianti dell&#8217;area a caldo dell&#8217;ILVA producono inquinamento inaccettabile anche a 3,2 milioni di tonnellate\/anno e questo in ragione della scarsa manutenzione e delle criticit\u00e0 denunciate dai sindacati stessi in questi mesi.<\/p>\n<p>PeaceLink invita il Sindaco di Taranto, il Presidente della Provincia e il Presidente della Regione a fare fronte comune con i cittadini sulla linea dell&#8217;immediata chiusura dell&#8217;area a caldo.\u00a0<b>Ogni discussione attuale sulle tecnologie future ed &#8220;ecocompatibili&#8221; \u00e8 solo accademica, non ci interessa, non ci appassiona e la si far\u00e0 dopo, quando ci saranno i capitali per acquistarle.<\/b>\u00a0Ma oggi va vietato ad ArcelorMittal\u00a0<b>l&#8217;uso delle vecchie tecnologie inquinanti, e questo va vietato prima della firma del nuovo accordo<\/b>\u00a0allo scopo di proteggere la salute pubblica.<\/p>\n<p>Infine si precisa che PeaceLink non ha dato alcuna adesione alla manifestazione del prossimo 9 dicembre davanti al Municipio di Taranto.<\/p>\n<p>Alessandro Marescotti<br \/>\nPresidente di PeaceLink<br \/>\n<a href=\"http:\/\/www.peacelink.it\/\" target=\"_blank\" rel=\"noopener noreferrer\">www.peacelink.it<\/a><\/p>\n<\/div>\n<\/div>\n<\/div>\n<p>&#8212;<\/p>\n","protected":false},"excerpt":{"rendered":"<p>PeaceLink invita il Sindaco di Taranto, il Presidente della Provincia e il Presidente della Regione a inviare alla Commissione Europea e alla CEDU (Corte Europea dei Diritti dell&#8217;Uomo) tutta la documentazione ufficiale per sottolineare l&#8217;incompatibilit\u00e0 con la salute pubblica dell&#8217;attuale&hellip;<\/p>\n","protected":false},"author":245,"featured_media":780056,"comment_status":"closed","ping_status":"closed","sticky":false,"template":"","format":"standard","meta":{"footnotes":""},"categories":[150,59,47,55],"tags":[226,178,359,6606,227],"class_list":["post-1256708","post","type-post","status-publish","format-standard","has-post-thumbnail","hentry","category-comunicati-stampa","category-ambiente-ecologia","category-europa","category-politica","tag-ilva","tag-inquinamento","tag-peacelink-2","tag-quartiere-tamburi","tag-taranto"],"yoast_head":"<!-- This site is optimized with the Yoast SEO plugin v27.1.1 - https:\/\/yoast.com\/product\/yoast-seo-wordpress\/ -->\n<title>L&#039;ILVA produce di meno ma inquina di pi\u00f9 + 128% di benzene nel 2020 rispetto al 2019 nel quartiere Tamburi di Taranto<\/title>\n<meta name=\"description\" content=\"PeaceLink invita il Sindaco di Taranto, il Presidente della Provincia e il Presidente della Regione a inviare alla Commissione Europea e alla CEDU (Corte\" \/>\n<meta name=\"robots\" content=\"index, follow, max-snippet:-1, max-image-preview:large, max-video-preview:-1\" \/>\n<link rel=\"canonical\" href=\"https:\/\/www.pressenza.com\/it\/2020\/12\/lilva-produce-di-meno-ma-inquina-di-piu-128-di-benzene-nel-2020-rispetto-al-2019-nel-quartiere-tamburi-di-taranto\/\" \/>\n<meta property=\"og:locale\" content=\"it_IT\" \/>\n<meta property=\"og:type\" content=\"article\" \/>\n<meta property=\"og:title\" content=\"L&#039;ILVA produce di meno ma inquina di pi\u00f9 + 128% di benzene nel 2020 rispetto al 2019 nel quartiere Tamburi di Taranto\" \/>\n<meta property=\"og:description\" content=\"PeaceLink invita il Sindaco di Taranto, il Presidente della Provincia e il Presidente della Regione a inviare alla Commissione Europea e alla CEDU (Corte\" \/>\n<meta property=\"og:url\" content=\"https:\/\/www.pressenza.com\/it\/2020\/12\/lilva-produce-di-meno-ma-inquina-di-piu-128-di-benzene-nel-2020-rispetto-al-2019-nel-quartiere-tamburi-di-taranto\/\" \/>\n<meta property=\"og:site_name\" content=\"Pressenza\" \/>\n<meta property=\"article:publisher\" content=\"https:\/\/www.facebook.com\/PressenzaItalia\" \/>\n<meta property=\"article:published_time\" content=\"2020-12-07T17:03:32+00:00\" \/>\n<meta property=\"article:modified_time\" content=\"2020-12-07T19:27:12+00:00\" \/>\n<meta property=\"og:image\" content=\"https:\/\/www.pressenza.com\/wp-content\/uploads\/2018\/12\/ilva.jpg\" \/>\n\t<meta property=\"og:image:width\" content=\"300\" \/>\n\t<meta property=\"og:image:height\" content=\"300\" \/>\n\t<meta property=\"og:image:type\" content=\"image\/jpeg\" \/>\n<meta name=\"author\" content=\"Peacelink Telematica per la Pace\" \/>\n<meta name=\"twitter:card\" content=\"summary_large_image\" \/>\n<meta name=\"twitter:creator\" content=\"@PressenzaIPA\" \/>\n<meta name=\"twitter:site\" content=\"@PressenzaIPA\" \/>\n<meta name=\"twitter:label1\" content=\"Scritto da\" \/>\n\t<meta name=\"twitter:data1\" content=\"Peacelink Telematica per la Pace\" \/>\n\t<meta name=\"twitter:label2\" content=\"Tempo di lettura stimato\" \/>\n\t<meta name=\"twitter:data2\" content=\"6 minuti\" \/>\n<script type=\"application\/ld+json\" class=\"yoast-schema-graph\">{\"@context\":\"https:\/\/schema.org\",\"@graph\":[{\"@type\":\"Article\",\"@id\":\"https:\/\/www.pressenza.com\/it\/2020\/12\/lilva-produce-di-meno-ma-inquina-di-piu-128-di-benzene-nel-2020-rispetto-al-2019-nel-quartiere-tamburi-di-taranto\/#article\",\"isPartOf\":{\"@id\":\"https:\/\/www.pressenza.com\/it\/2020\/12\/lilva-produce-di-meno-ma-inquina-di-piu-128-di-benzene-nel-2020-rispetto-al-2019-nel-quartiere-tamburi-di-taranto\/\"},\"author\":{\"name\":\"Peacelink Telematica per la Pace\",\"@id\":\"https:\/\/www.pressenza.com\/it\/#\/schema\/person\/63739deb4f1a044b79a37f44c6fb2759\"},\"headline\":\"L&#8217;ILVA produce di meno ma inquina di pi\u00f9 + 128% di benzene nel 2020 rispetto al 2019 nel quartiere Tamburi di Taranto\",\"datePublished\":\"2020-12-07T17:03:32+00:00\",\"dateModified\":\"2020-12-07T19:27:12+00:00\",\"mainEntityOfPage\":{\"@id\":\"https:\/\/www.pressenza.com\/it\/2020\/12\/lilva-produce-di-meno-ma-inquina-di-piu-128-di-benzene-nel-2020-rispetto-al-2019-nel-quartiere-tamburi-di-taranto\/\"},\"wordCount\":1355,\"publisher\":{\"@id\":\"https:\/\/www.pressenza.com\/it\/#organization\"},\"image\":{\"@id\":\"https:\/\/www.pressenza.com\/it\/2020\/12\/lilva-produce-di-meno-ma-inquina-di-piu-128-di-benzene-nel-2020-rispetto-al-2019-nel-quartiere-tamburi-di-taranto\/#primaryimage\"},\"thumbnailUrl\":\"https:\/\/www.pressenza.com\/wp-content\/uploads\/2018\/12\/ilva.jpg\",\"keywords\":[\"ILVA\",\"inquinamento\",\"PeaceLink\",\"Quartiere Tamburi\",\"Taranto\"],\"articleSection\":[\"Comunicati Stampa\",\"Ecologia ed Ambiente\",\"Europa\",\"Politica\"],\"inLanguage\":\"it-IT\"},{\"@type\":\"WebPage\",\"@id\":\"https:\/\/www.pressenza.com\/it\/2020\/12\/lilva-produce-di-meno-ma-inquina-di-piu-128-di-benzene-nel-2020-rispetto-al-2019-nel-quartiere-tamburi-di-taranto\/\",\"url\":\"https:\/\/www.pressenza.com\/it\/2020\/12\/lilva-produce-di-meno-ma-inquina-di-piu-128-di-benzene-nel-2020-rispetto-al-2019-nel-quartiere-tamburi-di-taranto\/\",\"name\":\"L'ILVA produce di meno ma inquina di pi\u00f9 + 128% di benzene nel 2020 rispetto al 2019 nel quartiere Tamburi di Taranto\",\"isPartOf\":{\"@id\":\"https:\/\/www.pressenza.com\/it\/#website\"},\"primaryImageOfPage\":{\"@id\":\"https:\/\/www.pressenza.com\/it\/2020\/12\/lilva-produce-di-meno-ma-inquina-di-piu-128-di-benzene-nel-2020-rispetto-al-2019-nel-quartiere-tamburi-di-taranto\/#primaryimage\"},\"image\":{\"@id\":\"https:\/\/www.pressenza.com\/it\/2020\/12\/lilva-produce-di-meno-ma-inquina-di-piu-128-di-benzene-nel-2020-rispetto-al-2019-nel-quartiere-tamburi-di-taranto\/#primaryimage\"},\"thumbnailUrl\":\"https:\/\/www.pressenza.com\/wp-content\/uploads\/2018\/12\/ilva.jpg\",\"datePublished\":\"2020-12-07T17:03:32+00:00\",\"dateModified\":\"2020-12-07T19:27:12+00:00\",\"description\":\"PeaceLink invita il Sindaco di Taranto, il Presidente della Provincia e il Presidente della Regione a inviare alla Commissione Europea e alla CEDU (Corte\",\"breadcrumb\":{\"@id\":\"https:\/\/www.pressenza.com\/it\/2020\/12\/lilva-produce-di-meno-ma-inquina-di-piu-128-di-benzene-nel-2020-rispetto-al-2019-nel-quartiere-tamburi-di-taranto\/#breadcrumb\"},\"inLanguage\":\"it-IT\",\"potentialAction\":[{\"@type\":\"ReadAction\",\"target\":[\"https:\/\/www.pressenza.com\/it\/2020\/12\/lilva-produce-di-meno-ma-inquina-di-piu-128-di-benzene-nel-2020-rispetto-al-2019-nel-quartiere-tamburi-di-taranto\/\"]}]},{\"@type\":\"ImageObject\",\"inLanguage\":\"it-IT\",\"@id\":\"https:\/\/www.pressenza.com\/it\/2020\/12\/lilva-produce-di-meno-ma-inquina-di-piu-128-di-benzene-nel-2020-rispetto-al-2019-nel-quartiere-tamburi-di-taranto\/#primaryimage\",\"url\":\"https:\/\/www.pressenza.com\/wp-content\/uploads\/2018\/12\/ilva.jpg\",\"contentUrl\":\"https:\/\/www.pressenza.com\/wp-content\/uploads\/2018\/12\/ilva.jpg\",\"width\":300,\"height\":300},{\"@type\":\"BreadcrumbList\",\"@id\":\"https:\/\/www.pressenza.com\/it\/2020\/12\/lilva-produce-di-meno-ma-inquina-di-piu-128-di-benzene-nel-2020-rispetto-al-2019-nel-quartiere-tamburi-di-taranto\/#breadcrumb\",\"itemListElement\":[{\"@type\":\"ListItem\",\"position\":1,\"name\":\"Accueil\",\"item\":\"https:\/\/www.pressenza.com\/it\/\"},{\"@type\":\"ListItem\",\"position\":2,\"name\":\"L&#8217;ILVA produce di meno ma inquina di pi\u00f9 + 128% di benzene nel 2020 rispetto al 2019 nel quartiere Tamburi di Taranto\"}]},{\"@type\":\"WebSite\",\"@id\":\"https:\/\/www.pressenza.com\/it\/#website\",\"url\":\"https:\/\/www.pressenza.com\/it\/\",\"name\":\"Pressenza\",\"description\":\"Agenzia di Stampa Internazionale\",\"publisher\":{\"@id\":\"https:\/\/www.pressenza.com\/it\/#organization\"},\"potentialAction\":[{\"@type\":\"SearchAction\",\"target\":{\"@type\":\"EntryPoint\",\"urlTemplate\":\"https:\/\/www.pressenza.com\/it\/?s={search_term_string}\"},\"query-input\":{\"@type\":\"PropertyValueSpecification\",\"valueRequired\":true,\"valueName\":\"search_term_string\"}}],\"inLanguage\":\"it-IT\"},{\"@type\":\"Organization\",\"@id\":\"https:\/\/www.pressenza.com\/it\/#organization\",\"name\":\"Pressenza\",\"url\":\"https:\/\/www.pressenza.com\/it\/\",\"logo\":{\"@type\":\"ImageObject\",\"inLanguage\":\"it-IT\",\"@id\":\"https:\/\/www.pressenza.com\/it\/#\/schema\/logo\/image\/\",\"url\":\"https:\/\/www.pressenza.com\/wp-content\/uploads\/2022\/10\/pressenza_logo_200x200.jpg\",\"contentUrl\":\"https:\/\/www.pressenza.com\/wp-content\/uploads\/2022\/10\/pressenza_logo_200x200.jpg\",\"width\":200,\"height\":200,\"caption\":\"Pressenza\"},\"image\":{\"@id\":\"https:\/\/www.pressenza.com\/it\/#\/schema\/logo\/image\/\"},\"sameAs\":[\"https:\/\/www.facebook.com\/PressenzaItalia\",\"https:\/\/x.com\/PressenzaIPA\"]},{\"@type\":\"Person\",\"@id\":\"https:\/\/www.pressenza.com\/it\/#\/schema\/person\/63739deb4f1a044b79a37f44c6fb2759\",\"name\":\"Peacelink Telematica per la Pace\",\"description\":\"Peacelink un'associazione di volontariato nata su rete telematica; promuove dal 1991 la cultura della solidariet\u00e0 e dei diritti umani, l'educazione alla pace, la cooperazione internazionale, il ripudio del razzismo e della mafia, la difesa dell'ambiente e della legalit\u00e0. http:\/\/www.peacelink.it\",\"url\":\"https:\/\/www.pressenza.com\/it\/author\/peacelink\/\"}]}<\/script>\n<!-- \/ Yoast SEO plugin. -->","yoast_head_json":{"title":"L'ILVA produce di meno ma inquina di pi\u00f9 + 128% di benzene nel 2020 rispetto al 2019 nel quartiere Tamburi di Taranto","description":"PeaceLink invita il Sindaco di Taranto, il Presidente della Provincia e il Presidente della Regione a inviare alla Commissione Europea e alla CEDU (Corte","robots":{"index":"index","follow":"follow","max-snippet":"max-snippet:-1","max-image-preview":"max-image-preview:large","max-video-preview":"max-video-preview:-1"},"canonical":"https:\/\/www.pressenza.com\/it\/2020\/12\/lilva-produce-di-meno-ma-inquina-di-piu-128-di-benzene-nel-2020-rispetto-al-2019-nel-quartiere-tamburi-di-taranto\/","og_locale":"it_IT","og_type":"article","og_title":"L'ILVA produce di meno ma inquina di pi\u00f9 + 128% di benzene nel 2020 rispetto al 2019 nel quartiere Tamburi di Taranto","og_description":"PeaceLink invita il Sindaco di Taranto, il Presidente della Provincia e il Presidente della Regione a inviare alla Commissione Europea e alla CEDU (Corte","og_url":"https:\/\/www.pressenza.com\/it\/2020\/12\/lilva-produce-di-meno-ma-inquina-di-piu-128-di-benzene-nel-2020-rispetto-al-2019-nel-quartiere-tamburi-di-taranto\/","og_site_name":"Pressenza","article_publisher":"https:\/\/www.facebook.com\/PressenzaItalia","article_published_time":"2020-12-07T17:03:32+00:00","article_modified_time":"2020-12-07T19:27:12+00:00","og_image":[{"width":300,"height":300,"url":"https:\/\/www.pressenza.com\/wp-content\/uploads\/2018\/12\/ilva.jpg","type":"image\/jpeg"}],"author":"Peacelink Telematica per la Pace","twitter_card":"summary_large_image","twitter_creator":"@PressenzaIPA","twitter_site":"@PressenzaIPA","twitter_misc":{"Scritto da":"Peacelink Telematica per la Pace","Tempo di lettura stimato":"6 minuti"},"schema":{"@context":"https:\/\/schema.org","@graph":[{"@type":"Article","@id":"https:\/\/www.pressenza.com\/it\/2020\/12\/lilva-produce-di-meno-ma-inquina-di-piu-128-di-benzene-nel-2020-rispetto-al-2019-nel-quartiere-tamburi-di-taranto\/#article","isPartOf":{"@id":"https:\/\/www.pressenza.com\/it\/2020\/12\/lilva-produce-di-meno-ma-inquina-di-piu-128-di-benzene-nel-2020-rispetto-al-2019-nel-quartiere-tamburi-di-taranto\/"},"author":{"name":"Peacelink Telematica per la Pace","@id":"https:\/\/www.pressenza.com\/it\/#\/schema\/person\/63739deb4f1a044b79a37f44c6fb2759"},"headline":"L&#8217;ILVA produce di meno ma inquina di pi\u00f9 + 128% di benzene nel 2020 rispetto al 2019 nel quartiere Tamburi di Taranto","datePublished":"2020-12-07T17:03:32+00:00","dateModified":"2020-12-07T19:27:12+00:00","mainEntityOfPage":{"@id":"https:\/\/www.pressenza.com\/it\/2020\/12\/lilva-produce-di-meno-ma-inquina-di-piu-128-di-benzene-nel-2020-rispetto-al-2019-nel-quartiere-tamburi-di-taranto\/"},"wordCount":1355,"publisher":{"@id":"https:\/\/www.pressenza.com\/it\/#organization"},"image":{"@id":"https:\/\/www.pressenza.com\/it\/2020\/12\/lilva-produce-di-meno-ma-inquina-di-piu-128-di-benzene-nel-2020-rispetto-al-2019-nel-quartiere-tamburi-di-taranto\/#primaryimage"},"thumbnailUrl":"https:\/\/www.pressenza.com\/wp-content\/uploads\/2018\/12\/ilva.jpg","keywords":["ILVA","inquinamento","PeaceLink","Quartiere Tamburi","Taranto"],"articleSection":["Comunicati Stampa","Ecologia ed Ambiente","Europa","Politica"],"inLanguage":"it-IT"},{"@type":"WebPage","@id":"https:\/\/www.pressenza.com\/it\/2020\/12\/lilva-produce-di-meno-ma-inquina-di-piu-128-di-benzene-nel-2020-rispetto-al-2019-nel-quartiere-tamburi-di-taranto\/","url":"https:\/\/www.pressenza.com\/it\/2020\/12\/lilva-produce-di-meno-ma-inquina-di-piu-128-di-benzene-nel-2020-rispetto-al-2019-nel-quartiere-tamburi-di-taranto\/","name":"L'ILVA produce di meno ma inquina di pi\u00f9 + 128% di benzene nel 2020 rispetto al 2019 nel quartiere Tamburi di Taranto","isPartOf":{"@id":"https:\/\/www.pressenza.com\/it\/#website"},"primaryImageOfPage":{"@id":"https:\/\/www.pressenza.com\/it\/2020\/12\/lilva-produce-di-meno-ma-inquina-di-piu-128-di-benzene-nel-2020-rispetto-al-2019-nel-quartiere-tamburi-di-taranto\/#primaryimage"},"image":{"@id":"https:\/\/www.pressenza.com\/it\/2020\/12\/lilva-produce-di-meno-ma-inquina-di-piu-128-di-benzene-nel-2020-rispetto-al-2019-nel-quartiere-tamburi-di-taranto\/#primaryimage"},"thumbnailUrl":"https:\/\/www.pressenza.com\/wp-content\/uploads\/2018\/12\/ilva.jpg","datePublished":"2020-12-07T17:03:32+00:00","dateModified":"2020-12-07T19:27:12+00:00","description":"PeaceLink invita il Sindaco di Taranto, il Presidente della Provincia e il Presidente della Regione a inviare alla Commissione Europea e alla CEDU (Corte","breadcrumb":{"@id":"https:\/\/www.pressenza.com\/it\/2020\/12\/lilva-produce-di-meno-ma-inquina-di-piu-128-di-benzene-nel-2020-rispetto-al-2019-nel-quartiere-tamburi-di-taranto\/#breadcrumb"},"inLanguage":"it-IT","potentialAction":[{"@type":"ReadAction","target":["https:\/\/www.pressenza.com\/it\/2020\/12\/lilva-produce-di-meno-ma-inquina-di-piu-128-di-benzene-nel-2020-rispetto-al-2019-nel-quartiere-tamburi-di-taranto\/"]}]},{"@type":"ImageObject","inLanguage":"it-IT","@id":"https:\/\/www.pressenza.com\/it\/2020\/12\/lilva-produce-di-meno-ma-inquina-di-piu-128-di-benzene-nel-2020-rispetto-al-2019-nel-quartiere-tamburi-di-taranto\/#primaryimage","url":"https:\/\/www.pressenza.com\/wp-content\/uploads\/2018\/12\/ilva.jpg","contentUrl":"https:\/\/www.pressenza.com\/wp-content\/uploads\/2018\/12\/ilva.jpg","width":300,"height":300},{"@type":"BreadcrumbList","@id":"https:\/\/www.pressenza.com\/it\/2020\/12\/lilva-produce-di-meno-ma-inquina-di-piu-128-di-benzene-nel-2020-rispetto-al-2019-nel-quartiere-tamburi-di-taranto\/#breadcrumb","itemListElement":[{"@type":"ListItem","position":1,"name":"Accueil","item":"https:\/\/www.pressenza.com\/it\/"},{"@type":"ListItem","position":2,"name":"L&#8217;ILVA produce di meno ma inquina di pi\u00f9 + 128% di benzene nel 2020 rispetto al 2019 nel quartiere Tamburi di Taranto"}]},{"@type":"WebSite","@id":"https:\/\/www.pressenza.com\/it\/#website","url":"https:\/\/www.pressenza.com\/it\/","name":"Pressenza","description":"Agenzia di Stampa Internazionale","publisher":{"@id":"https:\/\/www.pressenza.com\/it\/#organization"},"potentialAction":[{"@type":"SearchAction","target":{"@type":"EntryPoint","urlTemplate":"https:\/\/www.pressenza.com\/it\/?s={search_term_string}"},"query-input":{"@type":"PropertyValueSpecification","valueRequired":true,"valueName":"search_term_string"}}],"inLanguage":"it-IT"},{"@type":"Organization","@id":"https:\/\/www.pressenza.com\/it\/#organization","name":"Pressenza","url":"https:\/\/www.pressenza.com\/it\/","logo":{"@type":"ImageObject","inLanguage":"it-IT","@id":"https:\/\/www.pressenza.com\/it\/#\/schema\/logo\/image\/","url":"https:\/\/www.pressenza.com\/wp-content\/uploads\/2022\/10\/pressenza_logo_200x200.jpg","contentUrl":"https:\/\/www.pressenza.com\/wp-content\/uploads\/2022\/10\/pressenza_logo_200x200.jpg","width":200,"height":200,"caption":"Pressenza"},"image":{"@id":"https:\/\/www.pressenza.com\/it\/#\/schema\/logo\/image\/"},"sameAs":["https:\/\/www.facebook.com\/PressenzaItalia","https:\/\/x.com\/PressenzaIPA"]},{"@type":"Person","@id":"https:\/\/www.pressenza.com\/it\/#\/schema\/person\/63739deb4f1a044b79a37f44c6fb2759","name":"Peacelink Telematica per la Pace","description":"Peacelink un'associazione di volontariato nata su rete telematica; promuove dal 1991 la cultura della solidariet\u00e0 e dei diritti umani, l'educazione alla pace, la cooperazione internazionale, il ripudio del razzismo e della mafia, la difesa dell'ambiente e della legalit\u00e0. http:\/\/www.peacelink.it","url":"https:\/\/www.pressenza.com\/it\/author\/peacelink\/"}]}},"place":"Taranto","original_article_url":"","_links":{"self":[{"href":"https:\/\/www.pressenza.com\/it\/wp-json\/wp\/v2\/posts\/1256708","targetHints":{"allow":["GET"]}}],"collection":[{"href":"https:\/\/www.pressenza.com\/it\/wp-json\/wp\/v2\/posts"}],"about":[{"href":"https:\/\/www.pressenza.com\/it\/wp-json\/wp\/v2\/types\/post"}],"author":[{"embeddable":true,"href":"https:\/\/www.pressenza.com\/it\/wp-json\/wp\/v2\/users\/245"}],"replies":[{"embeddable":true,"href":"https:\/\/www.pressenza.com\/it\/wp-json\/wp\/v2\/comments?post=1256708"}],"version-history":[{"count":0,"href":"https:\/\/www.pressenza.com\/it\/wp-json\/wp\/v2\/posts\/1256708\/revisions"}],"wp:featuredmedia":[{"embeddable":true,"href":"https:\/\/www.pressenza.com\/it\/wp-json\/wp\/v2\/media\/780056"}],"wp:attachment":[{"href":"https:\/\/www.pressenza.com\/it\/wp-json\/wp\/v2\/media?parent=1256708"}],"wp:term":[{"taxonomy":"category","embeddable":true,"href":"https:\/\/www.pressenza.com\/it\/wp-json\/wp\/v2\/categories?post=1256708"},{"taxonomy":"post_tag","embeddable":true,"href":"https:\/\/www.pressenza.com\/it\/wp-json\/wp\/v2\/tags?post=1256708"}],"curies":[{"name":"wp","href":"https:\/\/api.w.org\/{rel}","templated":true}]}}