{"id":1252976,"date":"2020-12-02T17:17:12","date_gmt":"2020-12-02T17:17:12","guid":{"rendered":"https:\/\/www.pressenza.com\/?p=1252976"},"modified":"2020-12-02T17:27:35","modified_gmt":"2020-12-02T17:27:35","slug":"torino-riapriamo-lospedale-presidio-al-maria-adelaide","status":"publish","type":"post","link":"https:\/\/www.pressenza.com\/it\/2020\/12\/torino-riapriamo-lospedale-presidio-al-maria-adelaide\/","title":{"rendered":"Torino &#8211; Riapriamo l\u2019ospedale! Presidio al Maria Adelaide"},"content":{"rendered":"<p>Da mesi chi abita in Vanchiglia, Borgo Rossini e Aurora esprime attraverso l&#8217;assemblea Riapriamo il Maria Adelaide le sue priorit\u00e0: solidariet\u00e0, salute e sanit\u00e0 pubblica.<\/p>\n<p>La Regione Piemonte invece, che ha il potere di riaprire gli ospedali, preferisce aspettare che passi &#8220;l&#8217;emergenza&#8221; per tornare poi ad una normalit\u00e0 fatta di servizi tagliati e ospedali chiusi.<\/p>\n<p>Nel frattempo, abbiamo visto il disastro che anni di ristrutturazioni, privatizzazioni,\u00a0e\u00a0ora\u00a0l\u2019incompetenza di questa giunta, hanno generato.<\/p>\n<p>Riaprire gli ospedali \u00e8 per noi, come per molte altre persone in tutta Italia, una priorit\u00e0 per il presente e per il futuro. Significa un modello di cura dei quartieri e dei territori diverso da quello presente.<\/p>\n<p>Ma non solo: implica\u00a0rimuovere i paletti di accesso alle professioni sanitarie, assumere personale e migliorarne le condizioni di lavoro. Per questo siamo pienamente solidali alle mobilitazioni di quel settore lavorativo.<\/p>\n<p>Cirio non prende impegni\u00a0anche se i soldi ci sono.\u00a0 Si deve\u00a0attingere anche al Recovery Fund, questa occasione va\u00a0colta subito per le reali esigenze delle persone, per potenziare il sistema dei poliambulatori di prossimit\u00e0.<\/p>\n<p>La pandemia ci ha dimostrato l&#8217;urgenza di una sanit\u00e0 diversa, svincolata dalla logica aziendale\u00a0e del profitto, che sia prima di tutto una medicina di prevenzione e cura .<\/p>\n<p>Servono presidi accessibili, maggiore vicinanza tra medico e paziente, serve riaprire gli ospedali!<\/p>\n<p style=\"text-align: center;\"><strong>Per questo manifestiamo davanti al Maria Adelaide, in Lungo Dora Firenze 87, <\/strong><\/p>\n<p style=\"text-align: center;\"><strong>SABATO 5 dicembre alle 10.30<\/strong><\/p>\n<p><strong>CHIEDIAMO:<\/strong><\/p>\n<ol>\n<li>La riapertura del Maria Adelaide come\u00a0ospedale di territorio<\/li>\n<li>Assunzioni di personale sanitario a tempo indeterminato;<\/li>\n<li>Rispetto dei diritti e della sicurezza sul lavoro;<\/li>\n<li>Revisione dei criteri di accesso alle professioni sanitarie, attualmente limitato dal numero chiuso nazionale.<\/li>\n<\/ol>\n<p>&nbsp;<\/p>\n<p>Vogliamo una societ\u00e0 giusta e una sanit\u00e0 pubblica. Vogliamo presidi ospedalieri diffusi presso i quali poter esercitare vigilanza e prevenzione sanitaria, informazione e cura.<\/p>\n<p style=\"text-align: right;\"><em>Assemblea Riapriamo il Maria Adelaide<\/em><\/p>\n","protected":false},"excerpt":{"rendered":"<p>Da mesi chi abita in Vanchiglia, Borgo Rossini e Aurora esprime attraverso l&#8217;assemblea Riapriamo il Maria Adelaide le sue priorit\u00e0: solidariet\u00e0, salute e sanit\u00e0 pubblica. La Regione Piemonte invece, che ha il potere di riaprire gli ospedali, preferisce aspettare che&hellip;<\/p>\n","protected":false},"author":1640,"featured_media":1252977,"comment_status":"closed","ping_status":"closed","sticky":false,"template":"","format":"standard","meta":{"footnotes":""},"categories":[150,47,1259],"tags":[81182],"class_list":["post-1252976","post","type-post","status-publish","format-standard","has-post-thumbnail","hentry","category-comunicati-stampa","category-europa","category-salute-argomento","tag-ospedale-maria-adelaide"],"yoast_head":"<!-- This site is optimized with the Yoast SEO plugin v27.1.1 - https:\/\/yoast.com\/product\/yoast-seo-wordpress\/ -->\n<title>Torino - Riapriamo l\u2019ospedale! Presidio al Maria Adelaide<\/title>\n<meta name=\"description\" content=\"Da mesi chi abita in Vanchiglia, Borgo Rossini e Aurora esprime attraverso l&#039;assemblea Riapriamo il Maria Adelaide le sue priorit\u00e0: solidariet\u00e0, salute e\" \/>\n<meta name=\"robots\" content=\"index, follow, max-snippet:-1, max-image-preview:large, max-video-preview:-1\" \/>\n<link rel=\"canonical\" href=\"https:\/\/www.pressenza.com\/it\/2020\/12\/torino-riapriamo-lospedale-presidio-al-maria-adelaide\/\" \/>\n<meta property=\"og:locale\" content=\"it_IT\" \/>\n<meta property=\"og:type\" content=\"article\" \/>\n<meta property=\"og:title\" content=\"Torino - Riapriamo l\u2019ospedale! Presidio al Maria Adelaide\" \/>\n<meta property=\"og:description\" content=\"Da mesi chi abita in Vanchiglia, Borgo Rossini e Aurora esprime attraverso l&#039;assemblea Riapriamo il Maria Adelaide le sue priorit\u00e0: solidariet\u00e0, salute e\" \/>\n<meta property=\"og:url\" content=\"https:\/\/www.pressenza.com\/it\/2020\/12\/torino-riapriamo-lospedale-presidio-al-maria-adelaide\/\" \/>\n<meta property=\"og:site_name\" content=\"Pressenza\" \/>\n<meta property=\"article:publisher\" content=\"https:\/\/www.facebook.com\/PressenzaItalia\" \/>\n<meta property=\"article:published_time\" content=\"2020-12-02T17:17:12+00:00\" \/>\n<meta property=\"article:modified_time\" content=\"2020-12-02T17:27:35+00:00\" \/>\n<meta property=\"og:image\" content=\"https:\/\/www.pressenza.com\/wp-content\/uploads\/2020\/12\/Riapriamo-il-Maria-Adelaide.jpg\" \/>\n\t<meta property=\"og:image:width\" content=\"720\" \/>\n\t<meta property=\"og:image:height\" content=\"405\" \/>\n\t<meta property=\"og:image:type\" content=\"image\/jpeg\" \/>\n<meta name=\"author\" content=\"Redazione Torino\" \/>\n<meta name=\"twitter:card\" content=\"summary_large_image\" \/>\n<meta name=\"twitter:creator\" content=\"@PressenzaIPA\" \/>\n<meta name=\"twitter:site\" content=\"@PressenzaIPA\" \/>\n<meta name=\"twitter:label1\" content=\"Scritto da\" \/>\n\t<meta name=\"twitter:data1\" content=\"Redazione Torino\" \/>\n\t<meta name=\"twitter:label2\" content=\"Tempo di lettura stimato\" \/>\n\t<meta name=\"twitter:data2\" content=\"2 minuti\" \/>\n<script type=\"application\/ld+json\" class=\"yoast-schema-graph\">{\"@context\":\"https:\/\/schema.org\",\"@graph\":[{\"@type\":\"Article\",\"@id\":\"https:\/\/www.pressenza.com\/it\/2020\/12\/torino-riapriamo-lospedale-presidio-al-maria-adelaide\/#article\",\"isPartOf\":{\"@id\":\"https:\/\/www.pressenza.com\/it\/2020\/12\/torino-riapriamo-lospedale-presidio-al-maria-adelaide\/\"},\"author\":{\"name\":\"Redazione Torino\",\"@id\":\"https:\/\/www.pressenza.com\/it\/#\/schema\/person\/da0d4ca096515102c096dbbc39d69593\"},\"headline\":\"Torino &#8211; Riapriamo l\u2019ospedale! Presidio al Maria Adelaide\",\"datePublished\":\"2020-12-02T17:17:12+00:00\",\"dateModified\":\"2020-12-02T17:27:35+00:00\",\"mainEntityOfPage\":{\"@id\":\"https:\/\/www.pressenza.com\/it\/2020\/12\/torino-riapriamo-lospedale-presidio-al-maria-adelaide\/\"},\"wordCount\":314,\"publisher\":{\"@id\":\"https:\/\/www.pressenza.com\/it\/#organization\"},\"image\":{\"@id\":\"https:\/\/www.pressenza.com\/it\/2020\/12\/torino-riapriamo-lospedale-presidio-al-maria-adelaide\/#primaryimage\"},\"thumbnailUrl\":\"https:\/\/www.pressenza.com\/wp-content\/uploads\/2020\/12\/Riapriamo-il-Maria-Adelaide.jpg\",\"keywords\":[\"Ospedale Maria Adelaide\"],\"articleSection\":[\"Comunicati Stampa\",\"Europa\",\"Salute\"],\"inLanguage\":\"it-IT\"},{\"@type\":\"WebPage\",\"@id\":\"https:\/\/www.pressenza.com\/it\/2020\/12\/torino-riapriamo-lospedale-presidio-al-maria-adelaide\/\",\"url\":\"https:\/\/www.pressenza.com\/it\/2020\/12\/torino-riapriamo-lospedale-presidio-al-maria-adelaide\/\",\"name\":\"Torino - Riapriamo l\u2019ospedale! Presidio al Maria Adelaide\",\"isPartOf\":{\"@id\":\"https:\/\/www.pressenza.com\/it\/#website\"},\"primaryImageOfPage\":{\"@id\":\"https:\/\/www.pressenza.com\/it\/2020\/12\/torino-riapriamo-lospedale-presidio-al-maria-adelaide\/#primaryimage\"},\"image\":{\"@id\":\"https:\/\/www.pressenza.com\/it\/2020\/12\/torino-riapriamo-lospedale-presidio-al-maria-adelaide\/#primaryimage\"},\"thumbnailUrl\":\"https:\/\/www.pressenza.com\/wp-content\/uploads\/2020\/12\/Riapriamo-il-Maria-Adelaide.jpg\",\"datePublished\":\"2020-12-02T17:17:12+00:00\",\"dateModified\":\"2020-12-02T17:27:35+00:00\",\"description\":\"Da mesi chi abita in Vanchiglia, Borgo Rossini e Aurora esprime attraverso l'assemblea Riapriamo il Maria Adelaide le sue priorit\u00e0: solidariet\u00e0, salute e\",\"breadcrumb\":{\"@id\":\"https:\/\/www.pressenza.com\/it\/2020\/12\/torino-riapriamo-lospedale-presidio-al-maria-adelaide\/#breadcrumb\"},\"inLanguage\":\"it-IT\",\"potentialAction\":[{\"@type\":\"ReadAction\",\"target\":[\"https:\/\/www.pressenza.com\/it\/2020\/12\/torino-riapriamo-lospedale-presidio-al-maria-adelaide\/\"]}]},{\"@type\":\"ImageObject\",\"inLanguage\":\"it-IT\",\"@id\":\"https:\/\/www.pressenza.com\/it\/2020\/12\/torino-riapriamo-lospedale-presidio-al-maria-adelaide\/#primaryimage\",\"url\":\"https:\/\/www.pressenza.com\/wp-content\/uploads\/2020\/12\/Riapriamo-il-Maria-Adelaide.jpg\",\"contentUrl\":\"https:\/\/www.pressenza.com\/wp-content\/uploads\/2020\/12\/Riapriamo-il-Maria-Adelaide.jpg\",\"width\":720,\"height\":405},{\"@type\":\"BreadcrumbList\",\"@id\":\"https:\/\/www.pressenza.com\/it\/2020\/12\/torino-riapriamo-lospedale-presidio-al-maria-adelaide\/#breadcrumb\",\"itemListElement\":[{\"@type\":\"ListItem\",\"position\":1,\"name\":\"Accueil\",\"item\":\"https:\/\/www.pressenza.com\/it\/\"},{\"@type\":\"ListItem\",\"position\":2,\"name\":\"Torino &#8211; Riapriamo l\u2019ospedale! Presidio al Maria Adelaide\"}]},{\"@type\":\"WebSite\",\"@id\":\"https:\/\/www.pressenza.com\/it\/#website\",\"url\":\"https:\/\/www.pressenza.com\/it\/\",\"name\":\"Pressenza\",\"description\":\"Agenzia di Stampa Internazionale\",\"publisher\":{\"@id\":\"https:\/\/www.pressenza.com\/it\/#organization\"},\"potentialAction\":[{\"@type\":\"SearchAction\",\"target\":{\"@type\":\"EntryPoint\",\"urlTemplate\":\"https:\/\/www.pressenza.com\/it\/?s={search_term_string}\"},\"query-input\":{\"@type\":\"PropertyValueSpecification\",\"valueRequired\":true,\"valueName\":\"search_term_string\"}}],\"inLanguage\":\"it-IT\"},{\"@type\":\"Organization\",\"@id\":\"https:\/\/www.pressenza.com\/it\/#organization\",\"name\":\"Pressenza\",\"url\":\"https:\/\/www.pressenza.com\/it\/\",\"logo\":{\"@type\":\"ImageObject\",\"inLanguage\":\"it-IT\",\"@id\":\"https:\/\/www.pressenza.com\/it\/#\/schema\/logo\/image\/\",\"url\":\"https:\/\/www.pressenza.com\/wp-content\/uploads\/2022\/10\/pressenza_logo_200x200.jpg\",\"contentUrl\":\"https:\/\/www.pressenza.com\/wp-content\/uploads\/2022\/10\/pressenza_logo_200x200.jpg\",\"width\":200,\"height\":200,\"caption\":\"Pressenza\"},\"image\":{\"@id\":\"https:\/\/www.pressenza.com\/it\/#\/schema\/logo\/image\/\"},\"sameAs\":[\"https:\/\/www.facebook.com\/PressenzaItalia\",\"https:\/\/x.com\/PressenzaIPA\"]},{\"@type\":\"Person\",\"@id\":\"https:\/\/www.pressenza.com\/it\/#\/schema\/person\/da0d4ca096515102c096dbbc39d69593\",\"name\":\"Redazione Torino\",\"description\":\"News from the Pressenza Bureau in Turin, Italy redazione.torino@pressenza.com\",\"url\":\"https:\/\/www.pressenza.com\/it\/author\/redazione-torino\/\"}]}<\/script>\n<!-- \/ Yoast SEO plugin. -->","yoast_head_json":{"title":"Torino - Riapriamo l\u2019ospedale! Presidio al Maria Adelaide","description":"Da mesi chi abita in Vanchiglia, Borgo Rossini e Aurora esprime attraverso l'assemblea Riapriamo il Maria Adelaide le sue priorit\u00e0: solidariet\u00e0, salute e","robots":{"index":"index","follow":"follow","max-snippet":"max-snippet:-1","max-image-preview":"max-image-preview:large","max-video-preview":"max-video-preview:-1"},"canonical":"https:\/\/www.pressenza.com\/it\/2020\/12\/torino-riapriamo-lospedale-presidio-al-maria-adelaide\/","og_locale":"it_IT","og_type":"article","og_title":"Torino - Riapriamo l\u2019ospedale! Presidio al Maria Adelaide","og_description":"Da mesi chi abita in Vanchiglia, Borgo Rossini e Aurora esprime attraverso l'assemblea Riapriamo il Maria Adelaide le sue priorit\u00e0: solidariet\u00e0, salute e","og_url":"https:\/\/www.pressenza.com\/it\/2020\/12\/torino-riapriamo-lospedale-presidio-al-maria-adelaide\/","og_site_name":"Pressenza","article_publisher":"https:\/\/www.facebook.com\/PressenzaItalia","article_published_time":"2020-12-02T17:17:12+00:00","article_modified_time":"2020-12-02T17:27:35+00:00","og_image":[{"width":720,"height":405,"url":"https:\/\/www.pressenza.com\/wp-content\/uploads\/2020\/12\/Riapriamo-il-Maria-Adelaide.jpg","type":"image\/jpeg"}],"author":"Redazione Torino","twitter_card":"summary_large_image","twitter_creator":"@PressenzaIPA","twitter_site":"@PressenzaIPA","twitter_misc":{"Scritto da":"Redazione Torino","Tempo di lettura stimato":"2 minuti"},"schema":{"@context":"https:\/\/schema.org","@graph":[{"@type":"Article","@id":"https:\/\/www.pressenza.com\/it\/2020\/12\/torino-riapriamo-lospedale-presidio-al-maria-adelaide\/#article","isPartOf":{"@id":"https:\/\/www.pressenza.com\/it\/2020\/12\/torino-riapriamo-lospedale-presidio-al-maria-adelaide\/"},"author":{"name":"Redazione Torino","@id":"https:\/\/www.pressenza.com\/it\/#\/schema\/person\/da0d4ca096515102c096dbbc39d69593"},"headline":"Torino &#8211; Riapriamo l\u2019ospedale! Presidio al Maria Adelaide","datePublished":"2020-12-02T17:17:12+00:00","dateModified":"2020-12-02T17:27:35+00:00","mainEntityOfPage":{"@id":"https:\/\/www.pressenza.com\/it\/2020\/12\/torino-riapriamo-lospedale-presidio-al-maria-adelaide\/"},"wordCount":314,"publisher":{"@id":"https:\/\/www.pressenza.com\/it\/#organization"},"image":{"@id":"https:\/\/www.pressenza.com\/it\/2020\/12\/torino-riapriamo-lospedale-presidio-al-maria-adelaide\/#primaryimage"},"thumbnailUrl":"https:\/\/www.pressenza.com\/wp-content\/uploads\/2020\/12\/Riapriamo-il-Maria-Adelaide.jpg","keywords":["Ospedale Maria Adelaide"],"articleSection":["Comunicati Stampa","Europa","Salute"],"inLanguage":"it-IT"},{"@type":"WebPage","@id":"https:\/\/www.pressenza.com\/it\/2020\/12\/torino-riapriamo-lospedale-presidio-al-maria-adelaide\/","url":"https:\/\/www.pressenza.com\/it\/2020\/12\/torino-riapriamo-lospedale-presidio-al-maria-adelaide\/","name":"Torino - Riapriamo l\u2019ospedale! Presidio al Maria Adelaide","isPartOf":{"@id":"https:\/\/www.pressenza.com\/it\/#website"},"primaryImageOfPage":{"@id":"https:\/\/www.pressenza.com\/it\/2020\/12\/torino-riapriamo-lospedale-presidio-al-maria-adelaide\/#primaryimage"},"image":{"@id":"https:\/\/www.pressenza.com\/it\/2020\/12\/torino-riapriamo-lospedale-presidio-al-maria-adelaide\/#primaryimage"},"thumbnailUrl":"https:\/\/www.pressenza.com\/wp-content\/uploads\/2020\/12\/Riapriamo-il-Maria-Adelaide.jpg","datePublished":"2020-12-02T17:17:12+00:00","dateModified":"2020-12-02T17:27:35+00:00","description":"Da mesi chi abita in Vanchiglia, Borgo Rossini e Aurora esprime attraverso l'assemblea Riapriamo il Maria Adelaide le sue priorit\u00e0: solidariet\u00e0, salute e","breadcrumb":{"@id":"https:\/\/www.pressenza.com\/it\/2020\/12\/torino-riapriamo-lospedale-presidio-al-maria-adelaide\/#breadcrumb"},"inLanguage":"it-IT","potentialAction":[{"@type":"ReadAction","target":["https:\/\/www.pressenza.com\/it\/2020\/12\/torino-riapriamo-lospedale-presidio-al-maria-adelaide\/"]}]},{"@type":"ImageObject","inLanguage":"it-IT","@id":"https:\/\/www.pressenza.com\/it\/2020\/12\/torino-riapriamo-lospedale-presidio-al-maria-adelaide\/#primaryimage","url":"https:\/\/www.pressenza.com\/wp-content\/uploads\/2020\/12\/Riapriamo-il-Maria-Adelaide.jpg","contentUrl":"https:\/\/www.pressenza.com\/wp-content\/uploads\/2020\/12\/Riapriamo-il-Maria-Adelaide.jpg","width":720,"height":405},{"@type":"BreadcrumbList","@id":"https:\/\/www.pressenza.com\/it\/2020\/12\/torino-riapriamo-lospedale-presidio-al-maria-adelaide\/#breadcrumb","itemListElement":[{"@type":"ListItem","position":1,"name":"Accueil","item":"https:\/\/www.pressenza.com\/it\/"},{"@type":"ListItem","position":2,"name":"Torino &#8211; Riapriamo l\u2019ospedale! Presidio al Maria Adelaide"}]},{"@type":"WebSite","@id":"https:\/\/www.pressenza.com\/it\/#website","url":"https:\/\/www.pressenza.com\/it\/","name":"Pressenza","description":"Agenzia di Stampa Internazionale","publisher":{"@id":"https:\/\/www.pressenza.com\/it\/#organization"},"potentialAction":[{"@type":"SearchAction","target":{"@type":"EntryPoint","urlTemplate":"https:\/\/www.pressenza.com\/it\/?s={search_term_string}"},"query-input":{"@type":"PropertyValueSpecification","valueRequired":true,"valueName":"search_term_string"}}],"inLanguage":"it-IT"},{"@type":"Organization","@id":"https:\/\/www.pressenza.com\/it\/#organization","name":"Pressenza","url":"https:\/\/www.pressenza.com\/it\/","logo":{"@type":"ImageObject","inLanguage":"it-IT","@id":"https:\/\/www.pressenza.com\/it\/#\/schema\/logo\/image\/","url":"https:\/\/www.pressenza.com\/wp-content\/uploads\/2022\/10\/pressenza_logo_200x200.jpg","contentUrl":"https:\/\/www.pressenza.com\/wp-content\/uploads\/2022\/10\/pressenza_logo_200x200.jpg","width":200,"height":200,"caption":"Pressenza"},"image":{"@id":"https:\/\/www.pressenza.com\/it\/#\/schema\/logo\/image\/"},"sameAs":["https:\/\/www.facebook.com\/PressenzaItalia","https:\/\/x.com\/PressenzaIPA"]},{"@type":"Person","@id":"https:\/\/www.pressenza.com\/it\/#\/schema\/person\/da0d4ca096515102c096dbbc39d69593","name":"Redazione Torino","description":"News from the Pressenza Bureau in Turin, Italy redazione.torino@pressenza.com","url":"https:\/\/www.pressenza.com\/it\/author\/redazione-torino\/"}]}},"place":"Torino","original_article_url":"","_links":{"self":[{"href":"https:\/\/www.pressenza.com\/it\/wp-json\/wp\/v2\/posts\/1252976","targetHints":{"allow":["GET"]}}],"collection":[{"href":"https:\/\/www.pressenza.com\/it\/wp-json\/wp\/v2\/posts"}],"about":[{"href":"https:\/\/www.pressenza.com\/it\/wp-json\/wp\/v2\/types\/post"}],"author":[{"embeddable":true,"href":"https:\/\/www.pressenza.com\/it\/wp-json\/wp\/v2\/users\/1640"}],"replies":[{"embeddable":true,"href":"https:\/\/www.pressenza.com\/it\/wp-json\/wp\/v2\/comments?post=1252976"}],"version-history":[{"count":0,"href":"https:\/\/www.pressenza.com\/it\/wp-json\/wp\/v2\/posts\/1252976\/revisions"}],"wp:featuredmedia":[{"embeddable":true,"href":"https:\/\/www.pressenza.com\/it\/wp-json\/wp\/v2\/media\/1252977"}],"wp:attachment":[{"href":"https:\/\/www.pressenza.com\/it\/wp-json\/wp\/v2\/media?parent=1252976"}],"wp:term":[{"taxonomy":"category","embeddable":true,"href":"https:\/\/www.pressenza.com\/it\/wp-json\/wp\/v2\/categories?post=1252976"},{"taxonomy":"post_tag","embeddable":true,"href":"https:\/\/www.pressenza.com\/it\/wp-json\/wp\/v2\/tags?post=1252976"}],"curies":[{"name":"wp","href":"https:\/\/api.w.org\/{rel}","templated":true}]}}