{"id":1252181,"date":"2020-12-01T16:02:32","date_gmt":"2020-12-01T16:02:32","guid":{"rendered":"https:\/\/www.pressenza.com\/?p=1252181"},"modified":"2020-12-01T16:05:29","modified_gmt":"2020-12-01T16:05:29","slug":"palermo-i-nastrini-tornano-in-piazza","status":"publish","type":"post","link":"https:\/\/www.pressenza.com\/it\/2020\/12\/palermo-i-nastrini-tornano-in-piazza\/","title":{"rendered":"Palermo, i Nastrini tornano in piazza"},"content":{"rendered":"<p>Ancora una volta davanti\u00a0l&#8217;Assessorato al Lavoro di via Trinacria (cos\u00ec\u00a0come nella tarda mattinata di venerd\u00ec scorso), mercoled\u00ec 2 dicembre alle ore 11.30, torner\u00e0 in piazza a manifestare\u00a0il neonato movimento dei\u00a0Nastrini<em>,\u00a0<\/em>per chiedere un incontro diretto con il vertice politico e approfondire le questioni anticipate la settimana passata al Dirigente generale del Dipartimento della Famiglia e delle Politiche Sociali.<\/p>\n<p>Al presidio\u00a0della scorsa settimana\u00a0<em>(<\/em>sempre delimitato \u2013 come nei\u00a0presidi\u00a0del 13 e 24 novembre\u00a0in\u00a0Prefettura \u2013\u00a0dal classico \u201c<em>nastrino\u201d bianco-rosso<\/em>\u00a0che segna il perimetro del suolo pubblico occupato nei &#8220;lavori in corso&#8221;) erano presenti\u00a0lavoratori dei cantieri, disoccupati e percettori del reddito di cittadinanza. C\u2019\u00e8 da giurare che all\u2019iniziativa di domani \u201cper chiedere alle istituzioni di prendersi carico delle emergenze sociali che riguardano la citt\u00e0 e i cittadini di Palermo\u201d saranno ancora pi\u00f9 numerosi.<\/p>\n<p>Diritti, garanzie e una vita dignitosa<em>, <\/em>queste le coordinate rivendicative esposte, a grandi linee, al\u00a0capo Dipartimento, Rosolino Greco,\u00a0dalla delegazione dei\u00a0Nastrini. In particolare, come ci ha dichiarato\u00a0 Maurizio Bongiovanni del sindacato sociale ALBA \u00a0(aderente alla CUB &#8211; Confederazione Unitaria di Base): \u201cSono stati posti all\u2019attenzione del Dirigente generale gli effetti dello stato di disagio sempre pi\u00f9 diffuso, generato dall\u2019attuale crisi epidemiologica e che hanno aggravato in modo preoccupante le condizione gi\u00e0 pre-esistenti alla pandemia, consegnandoci un quadro stagnante in cui il\u00a0fenomeno di esclusione ed emarginazione sociale contrassegna, ancor pi\u00f9 marcatamente di prima, la condizione esistenziale di intere fasce di popolazione\u201d.<\/p>\n<p>Nel corso del confronto con la direzione dipartimentale sono state rappresentate una serie di situazione, a cui l\u2019amministrazione regionale\u00a0(e non solo) dovr\u00e0 dare immediate risposte, senza aspettare i tempi biblici della burocrazia. \u201cC\u2019\u00e8 la questione della certezza occupazionale \u2013 continua Bongiovanni \u2013 sia per chi svolge attivit\u00e0 a supporto dei servizi pubblici erogati dalla P.A. in un regime di precariet\u00e0 assoluta\u00a0(senza certezza alcuna del proprio futuro), sia per chi si trova in uno stato di perenne disoccupazione e che ha da tempo perso ogni voglia di cercare un\u2019occupazione. Spesso questi si accontentano di impieghi alla giornata che in tempi di coronavirus risultano difficili da intercettare, scoraggiati come sono dall\u2019assenza di centri regolatori istituzionali del mercato del lavoro, smantellati da una normativa da decenni imperniata sulla deregulation sistematica\u201d.<\/p>\n<p>In effetti \u201cflessibilit\u00e0\u201d e \u201ccompetitivit\u00e0\u201d sono stati gli imperativi categorici su cui il sistema dell&#8217;impresa\u00a0(con la compartecipazione delle grandi centrali sindacali, convertitisi alla logica del salario come variabile dipendente della produttivit\u00e0 del capitale)\u00a0ha costruito il modello neoliberista. E questo \u00e8 successo a partire dalle grandi ristrutturazioni postfordiste che, in nome di un moderno dinamismo economico globalizzato, hanno squarciato la rete di solidariet\u00e0 operaia che aveva reso possibile \u2013\u00a0\u00a0grazie alle lotte che avevano portato al \u201cmiracolo economico\u201d del secondo novecento \u2013 la conquista di tutele e garanzie a favore dei lavoratori e dei soggetti pi\u00f9 deboli.<\/p>\n<p>Un\u2019opera di smantellamento che ha visto protagonista l\u2019intero ceto politico, asservito ai dettami del pensiero unico liberal-liberista che ha costituzionalizzato nella legge fondamentale\u00a0dello Stato la &#8220;parit\u00e0 di bilancio (fiscal compact). Ma \u00e8 soprattutto con i cosiddetti \u201cgoverni amici\u201d\u00a0(Renzi-Gentiloni\u00a0<em>docet!<\/em>)\u00a0che si sono realizzate le operazioni di fino, senza colpo ferire,\u00a0come per esempio l\u2019abrogazione del \u201cfamigerato\u201d articolo 18 e la riforma del mercato del lavoro (Jobs act).<\/p>\n<p>Ma torniamo ai contenuti di merito rivendicati dai\u00a0<em>NaStrini,\u00a0<\/em>un movimento che si sta appropriando degli strumenti sindacali in modo originale, senza verticalizzazioni gerarchiche, cercando d\u2019essere riferimento inclusivo aperto alle fasce sociali marginalizzate della societ\u00e0 palermitana. Non a caso l\u2019altro tema scottante affrontato col capo Dipartimento \u201cFamiglia e Politiche sociali\u201d \u00e8 stato quello del reddito di cittadinanza: \u201cMolti nuclei familiari o di conviventi \u2013 per lo pi\u00f9\u00a0\u00a0giovani coppie, come ci conferma Bongiovanni \u2013 a causa della perdita di quell\u2019unica entrata reddituale, saltuaria e sottopagata, sono stati costretti ad abbandonare le case in cui risiedevano per\u00a0tornare presso le famiglie d\u2019origine, perdendo cos\u00ec la residenza autonoma\u201d.<\/p>\n<p>Uno dei requisiti previsti dall\u2019attuale legge sul diritto al reddito di cittadinanza \u00e8 che con l\u2019istanza bisogna presentare\u00a0un\u00a0<strong>ISEE<\/strong>\u00a0inferiore a 9.360 euro. Il che significa che questi soggetti non potranno mai usufruire del RdC. Poich\u00e9, facendo cumulo con tutti i redditi dei componenti del nucleo residente, risultante dallo stato di famiglia, quasi sempre il limite massimo previsto viene superato. Sull\u2019argomento sollevato nel corso del confronto con l\u2019alto funzionario regionale \u00e8 stato fatto un passaggio &#8220;volante&#8221; con l\u2019Assessore comunale Mattina, al quale \u00e8 stato sottoposto il problema della residenza autonoma per i nuclei familiari che condividono l\u2019abitazione con altri nuclei parentali, ma di fatto distinti. \u201cLa questione sar\u00e0 affrontata al pi\u00f9 presto \u2013 ci riferisce il sindacalista Alba \u2013 con l\u2019Amministrazione comunale, insieme a quanto elaborato nella piattaforma rivendicativa del movimento\u201d.<\/p>\n<p>Ora, al di l\u00e0 degli aspetti formali che condizionano l&#8217;attribuzione del reddito di cittadinanza, bisognerebbe sciogliere il nodo sulla ratio della misura:\u00a0o essa \u00e8 un riconoscimento di contrasto\u00a0<em>sic et simpliciter\u00a0<\/em>della povert\u00e0, o uno strumento di politica attiva del lavoro. Per quanto ci riguarda noi siamo per un reddito di base universale incondizionato. Ma se l&#8217;attuale RdC \u00e8 congegnato come misura attiva del lavoro allora i &#8220;Centri per l&#8217;impiego &#8211;\u00a0come sostiene Maurizio Bongiovanni &#8211; devono avere una funzione strategica nel sistema di collocazione al lavoro. Bisogna fare riferimento\u00a0esclusivamente\u00a0allo stato di disoccupazione dei soggetti iscritti nelle liste di collocamento, sganciando\u00a0la\u00a0posizione individuale dall&#8217;ammontare reddituale complessivo del nucleo familiare, al fine dell&#8217;attribuzione del diritto al reddito di cittadinanza&#8221;. Diritto che dovrebbe rimane\u00a0<em>in essere<\/em>\u00a0fino a quando &#8220;i Centri\u00a0&#8211; conclude il portavoce sindacale &#8211; non avranno ricollocato i disoccupati nel mercato&#8221;. Insomma, nulla di rivoluzionario, ma una misura pro-attiva del lavoro denominata\u00a0<em>flexsecurity<\/em>\u00a0 gi\u00e0 applicata in quasi tutti i paesi dell&#8217;Unione Europea.<\/p>\n<p>Rimane ancora aperta la questione dell\u2019istituzione del tavolo permanente gi\u00e0 sottoposto all\u2019attenzione dell\u2019autorit\u00e0 prefettizia, ritenuto un atto propedeutico per aprire uno spazio democratico partecipativo dal basso per decidere sulle possibili scelte politiche-economiche\u00a0da adottare per uscire fuori dal tunnel della miseria.<\/p>\n<p>Come scrivono I Nastrini sulla loro <a href=\"https:\/\/www.facebook.com\/nastrini.diritti.partecipazione\">pagina Facebook<\/a>:\u00a0<em>\u00c8 arrivato il momento di progettare il nostro futuro, fino a oggi dimenticato.<\/em><\/p>\n<p>&nbsp;<\/p>\n","protected":false},"excerpt":{"rendered":"<p>Ancora una volta davanti\u00a0l&#8217;Assessorato al Lavoro di via Trinacria (cos\u00ec\u00a0come nella tarda mattinata di venerd\u00ec scorso), mercoled\u00ec 2 dicembre alle ore 11.30, torner\u00e0 in piazza a manifestare\u00a0il neonato movimento dei\u00a0Nastrini,\u00a0per chiedere un incontro diretto con il vertice politico e approfondire&hellip;<\/p>\n","protected":false},"author":1734,"featured_media":1252184,"comment_status":"closed","ping_status":"closed","sticky":false,"template":"","format":"standard","meta":{"footnotes":""},"categories":[11388,62,47,55],"tags":[84631,1048,9408,16904,84632],"class_list":["post-1252181","post","type-post","status-publish","format-standard","has-post-thumbnail","hentry","category-contenuti-originali","category-economia","category-europa","category-politica","tag-movimento-dei-nastrini","tag-palermo","tag-precarieta","tag-reddito-di-cittadinanza","tag-sindacato-sociale-alba"],"yoast_head":"<!-- This site is optimized with the Yoast SEO plugin v27.1.1 - https:\/\/yoast.com\/product\/yoast-seo-wordpress\/ -->\n<title>Palermo, i Nastrini tornano in piazza<\/title>\n<meta name=\"description\" content=\"Ancora una volta davanti\u00a0l&#039;Assessorato al Lavoro di via Trinacria (cos\u00ec\u00a0come nella tarda mattinata di venerd\u00ec scorso), mercoled\u00ec 2 dicembre alle ore\" \/>\n<meta name=\"robots\" content=\"index, follow, max-snippet:-1, max-image-preview:large, max-video-preview:-1\" \/>\n<link rel=\"canonical\" href=\"https:\/\/www.pressenza.com\/it\/2020\/12\/palermo-i-nastrini-tornano-in-piazza\/\" \/>\n<meta property=\"og:locale\" content=\"it_IT\" \/>\n<meta property=\"og:type\" content=\"article\" \/>\n<meta property=\"og:title\" content=\"Palermo, i Nastrini tornano in piazza\" \/>\n<meta property=\"og:description\" content=\"Ancora una volta davanti\u00a0l&#039;Assessorato al Lavoro di via Trinacria (cos\u00ec\u00a0come nella tarda mattinata di venerd\u00ec scorso), mercoled\u00ec 2 dicembre alle ore\" \/>\n<meta property=\"og:url\" content=\"https:\/\/www.pressenza.com\/it\/2020\/12\/palermo-i-nastrini-tornano-in-piazza\/\" \/>\n<meta property=\"og:site_name\" content=\"Pressenza\" \/>\n<meta property=\"article:publisher\" content=\"https:\/\/www.facebook.com\/PressenzaItalia\" \/>\n<meta property=\"article:published_time\" content=\"2020-12-01T16:02:32+00:00\" \/>\n<meta property=\"article:modified_time\" content=\"2020-12-01T16:05:29+00:00\" \/>\n<meta property=\"og:image\" content=\"https:\/\/www.pressenza.com\/wp-content\/uploads\/2020\/12\/Palermo-Nastrini.jpg\" \/>\n\t<meta property=\"og:image:width\" content=\"960\" \/>\n\t<meta property=\"og:image:height\" content=\"720\" \/>\n\t<meta property=\"og:image:type\" content=\"image\/jpeg\" \/>\n<meta name=\"author\" content=\"Toni Casano\" \/>\n<meta name=\"twitter:card\" content=\"summary_large_image\" \/>\n<meta name=\"twitter:creator\" content=\"@PressenzaIPA\" \/>\n<meta name=\"twitter:site\" content=\"@PressenzaIPA\" \/>\n<meta name=\"twitter:label1\" content=\"Scritto da\" \/>\n\t<meta name=\"twitter:data1\" content=\"Toni Casano\" \/>\n\t<meta name=\"twitter:label2\" content=\"Tempo di lettura stimato\" \/>\n\t<meta name=\"twitter:data2\" content=\"5 minuti\" \/>\n<script type=\"application\/ld+json\" class=\"yoast-schema-graph\">{\"@context\":\"https:\/\/schema.org\",\"@graph\":[{\"@type\":\"Article\",\"@id\":\"https:\/\/www.pressenza.com\/it\/2020\/12\/palermo-i-nastrini-tornano-in-piazza\/#article\",\"isPartOf\":{\"@id\":\"https:\/\/www.pressenza.com\/it\/2020\/12\/palermo-i-nastrini-tornano-in-piazza\/\"},\"author\":{\"name\":\"Toni Casano\",\"@id\":\"https:\/\/www.pressenza.com\/it\/#\/schema\/person\/96f237719a2b94ddc64a123d009ffc86\"},\"headline\":\"Palermo, i Nastrini tornano in piazza\",\"datePublished\":\"2020-12-01T16:02:32+00:00\",\"dateModified\":\"2020-12-01T16:05:29+00:00\",\"mainEntityOfPage\":{\"@id\":\"https:\/\/www.pressenza.com\/it\/2020\/12\/palermo-i-nastrini-tornano-in-piazza\/\"},\"wordCount\":1019,\"publisher\":{\"@id\":\"https:\/\/www.pressenza.com\/it\/#organization\"},\"image\":{\"@id\":\"https:\/\/www.pressenza.com\/it\/2020\/12\/palermo-i-nastrini-tornano-in-piazza\/#primaryimage\"},\"thumbnailUrl\":\"https:\/\/www.pressenza.com\/wp-content\/uploads\/2020\/12\/Palermo-Nastrini.jpg\",\"keywords\":[\"movimento dei\u00a0Nastrini\",\"Palermo\",\"precariet\u00e0\",\"reddito di cittadinanza\",\"sindacato sociale ALBA\"],\"articleSection\":[\"contenuti originali\",\"Economia\",\"Europa\",\"Politica\"],\"inLanguage\":\"it-IT\"},{\"@type\":\"WebPage\",\"@id\":\"https:\/\/www.pressenza.com\/it\/2020\/12\/palermo-i-nastrini-tornano-in-piazza\/\",\"url\":\"https:\/\/www.pressenza.com\/it\/2020\/12\/palermo-i-nastrini-tornano-in-piazza\/\",\"name\":\"Palermo, i Nastrini tornano in piazza\",\"isPartOf\":{\"@id\":\"https:\/\/www.pressenza.com\/it\/#website\"},\"primaryImageOfPage\":{\"@id\":\"https:\/\/www.pressenza.com\/it\/2020\/12\/palermo-i-nastrini-tornano-in-piazza\/#primaryimage\"},\"image\":{\"@id\":\"https:\/\/www.pressenza.com\/it\/2020\/12\/palermo-i-nastrini-tornano-in-piazza\/#primaryimage\"},\"thumbnailUrl\":\"https:\/\/www.pressenza.com\/wp-content\/uploads\/2020\/12\/Palermo-Nastrini.jpg\",\"datePublished\":\"2020-12-01T16:02:32+00:00\",\"dateModified\":\"2020-12-01T16:05:29+00:00\",\"description\":\"Ancora una volta davanti\u00a0l'Assessorato al Lavoro di via Trinacria (cos\u00ec\u00a0come nella tarda mattinata di venerd\u00ec scorso), mercoled\u00ec 2 dicembre alle ore\",\"breadcrumb\":{\"@id\":\"https:\/\/www.pressenza.com\/it\/2020\/12\/palermo-i-nastrini-tornano-in-piazza\/#breadcrumb\"},\"inLanguage\":\"it-IT\",\"potentialAction\":[{\"@type\":\"ReadAction\",\"target\":[\"https:\/\/www.pressenza.com\/it\/2020\/12\/palermo-i-nastrini-tornano-in-piazza\/\"]}]},{\"@type\":\"ImageObject\",\"inLanguage\":\"it-IT\",\"@id\":\"https:\/\/www.pressenza.com\/it\/2020\/12\/palermo-i-nastrini-tornano-in-piazza\/#primaryimage\",\"url\":\"https:\/\/www.pressenza.com\/wp-content\/uploads\/2020\/12\/Palermo-Nastrini.jpg\",\"contentUrl\":\"https:\/\/www.pressenza.com\/wp-content\/uploads\/2020\/12\/Palermo-Nastrini.jpg\",\"width\":960,\"height\":720,\"caption\":\"Palermo Nastrini\"},{\"@type\":\"BreadcrumbList\",\"@id\":\"https:\/\/www.pressenza.com\/it\/2020\/12\/palermo-i-nastrini-tornano-in-piazza\/#breadcrumb\",\"itemListElement\":[{\"@type\":\"ListItem\",\"position\":1,\"name\":\"Accueil\",\"item\":\"https:\/\/www.pressenza.com\/it\/\"},{\"@type\":\"ListItem\",\"position\":2,\"name\":\"Palermo, i Nastrini tornano in piazza\"}]},{\"@type\":\"WebSite\",\"@id\":\"https:\/\/www.pressenza.com\/it\/#website\",\"url\":\"https:\/\/www.pressenza.com\/it\/\",\"name\":\"Pressenza\",\"description\":\"Agenzia di Stampa Internazionale\",\"publisher\":{\"@id\":\"https:\/\/www.pressenza.com\/it\/#organization\"},\"potentialAction\":[{\"@type\":\"SearchAction\",\"target\":{\"@type\":\"EntryPoint\",\"urlTemplate\":\"https:\/\/www.pressenza.com\/it\/?s={search_term_string}\"},\"query-input\":{\"@type\":\"PropertyValueSpecification\",\"valueRequired\":true,\"valueName\":\"search_term_string\"}}],\"inLanguage\":\"it-IT\"},{\"@type\":\"Organization\",\"@id\":\"https:\/\/www.pressenza.com\/it\/#organization\",\"name\":\"Pressenza\",\"url\":\"https:\/\/www.pressenza.com\/it\/\",\"logo\":{\"@type\":\"ImageObject\",\"inLanguage\":\"it-IT\",\"@id\":\"https:\/\/www.pressenza.com\/it\/#\/schema\/logo\/image\/\",\"url\":\"https:\/\/www.pressenza.com\/wp-content\/uploads\/2022\/10\/pressenza_logo_200x200.jpg\",\"contentUrl\":\"https:\/\/www.pressenza.com\/wp-content\/uploads\/2022\/10\/pressenza_logo_200x200.jpg\",\"width\":200,\"height\":200,\"caption\":\"Pressenza\"},\"image\":{\"@id\":\"https:\/\/www.pressenza.com\/it\/#\/schema\/logo\/image\/\"},\"sameAs\":[\"https:\/\/www.facebook.com\/PressenzaItalia\",\"https:\/\/x.com\/PressenzaIPA\"]},{\"@type\":\"Person\",\"@id\":\"https:\/\/www.pressenza.com\/it\/#\/schema\/person\/96f237719a2b94ddc64a123d009ffc86\",\"name\":\"Toni Casano\",\"url\":\"https:\/\/www.pressenza.com\/it\/author\/toni-casano\/\"}]}<\/script>\n<!-- \/ Yoast SEO plugin. -->","yoast_head_json":{"title":"Palermo, i Nastrini tornano in piazza","description":"Ancora una volta davanti\u00a0l'Assessorato al Lavoro di via Trinacria (cos\u00ec\u00a0come nella tarda mattinata di venerd\u00ec scorso), mercoled\u00ec 2 dicembre alle ore","robots":{"index":"index","follow":"follow","max-snippet":"max-snippet:-1","max-image-preview":"max-image-preview:large","max-video-preview":"max-video-preview:-1"},"canonical":"https:\/\/www.pressenza.com\/it\/2020\/12\/palermo-i-nastrini-tornano-in-piazza\/","og_locale":"it_IT","og_type":"article","og_title":"Palermo, i Nastrini tornano in piazza","og_description":"Ancora una volta davanti\u00a0l'Assessorato al Lavoro di via Trinacria (cos\u00ec\u00a0come nella tarda mattinata di venerd\u00ec scorso), mercoled\u00ec 2 dicembre alle ore","og_url":"https:\/\/www.pressenza.com\/it\/2020\/12\/palermo-i-nastrini-tornano-in-piazza\/","og_site_name":"Pressenza","article_publisher":"https:\/\/www.facebook.com\/PressenzaItalia","article_published_time":"2020-12-01T16:02:32+00:00","article_modified_time":"2020-12-01T16:05:29+00:00","og_image":[{"width":960,"height":720,"url":"https:\/\/www.pressenza.com\/wp-content\/uploads\/2020\/12\/Palermo-Nastrini.jpg","type":"image\/jpeg"}],"author":"Toni Casano","twitter_card":"summary_large_image","twitter_creator":"@PressenzaIPA","twitter_site":"@PressenzaIPA","twitter_misc":{"Scritto da":"Toni Casano","Tempo di lettura stimato":"5 minuti"},"schema":{"@context":"https:\/\/schema.org","@graph":[{"@type":"Article","@id":"https:\/\/www.pressenza.com\/it\/2020\/12\/palermo-i-nastrini-tornano-in-piazza\/#article","isPartOf":{"@id":"https:\/\/www.pressenza.com\/it\/2020\/12\/palermo-i-nastrini-tornano-in-piazza\/"},"author":{"name":"Toni Casano","@id":"https:\/\/www.pressenza.com\/it\/#\/schema\/person\/96f237719a2b94ddc64a123d009ffc86"},"headline":"Palermo, i Nastrini tornano in piazza","datePublished":"2020-12-01T16:02:32+00:00","dateModified":"2020-12-01T16:05:29+00:00","mainEntityOfPage":{"@id":"https:\/\/www.pressenza.com\/it\/2020\/12\/palermo-i-nastrini-tornano-in-piazza\/"},"wordCount":1019,"publisher":{"@id":"https:\/\/www.pressenza.com\/it\/#organization"},"image":{"@id":"https:\/\/www.pressenza.com\/it\/2020\/12\/palermo-i-nastrini-tornano-in-piazza\/#primaryimage"},"thumbnailUrl":"https:\/\/www.pressenza.com\/wp-content\/uploads\/2020\/12\/Palermo-Nastrini.jpg","keywords":["movimento dei\u00a0Nastrini","Palermo","precariet\u00e0","reddito di cittadinanza","sindacato sociale ALBA"],"articleSection":["contenuti originali","Economia","Europa","Politica"],"inLanguage":"it-IT"},{"@type":"WebPage","@id":"https:\/\/www.pressenza.com\/it\/2020\/12\/palermo-i-nastrini-tornano-in-piazza\/","url":"https:\/\/www.pressenza.com\/it\/2020\/12\/palermo-i-nastrini-tornano-in-piazza\/","name":"Palermo, i Nastrini tornano in piazza","isPartOf":{"@id":"https:\/\/www.pressenza.com\/it\/#website"},"primaryImageOfPage":{"@id":"https:\/\/www.pressenza.com\/it\/2020\/12\/palermo-i-nastrini-tornano-in-piazza\/#primaryimage"},"image":{"@id":"https:\/\/www.pressenza.com\/it\/2020\/12\/palermo-i-nastrini-tornano-in-piazza\/#primaryimage"},"thumbnailUrl":"https:\/\/www.pressenza.com\/wp-content\/uploads\/2020\/12\/Palermo-Nastrini.jpg","datePublished":"2020-12-01T16:02:32+00:00","dateModified":"2020-12-01T16:05:29+00:00","description":"Ancora una volta davanti\u00a0l'Assessorato al Lavoro di via Trinacria (cos\u00ec\u00a0come nella tarda mattinata di venerd\u00ec scorso), mercoled\u00ec 2 dicembre alle ore","breadcrumb":{"@id":"https:\/\/www.pressenza.com\/it\/2020\/12\/palermo-i-nastrini-tornano-in-piazza\/#breadcrumb"},"inLanguage":"it-IT","potentialAction":[{"@type":"ReadAction","target":["https:\/\/www.pressenza.com\/it\/2020\/12\/palermo-i-nastrini-tornano-in-piazza\/"]}]},{"@type":"ImageObject","inLanguage":"it-IT","@id":"https:\/\/www.pressenza.com\/it\/2020\/12\/palermo-i-nastrini-tornano-in-piazza\/#primaryimage","url":"https:\/\/www.pressenza.com\/wp-content\/uploads\/2020\/12\/Palermo-Nastrini.jpg","contentUrl":"https:\/\/www.pressenza.com\/wp-content\/uploads\/2020\/12\/Palermo-Nastrini.jpg","width":960,"height":720,"caption":"Palermo Nastrini"},{"@type":"BreadcrumbList","@id":"https:\/\/www.pressenza.com\/it\/2020\/12\/palermo-i-nastrini-tornano-in-piazza\/#breadcrumb","itemListElement":[{"@type":"ListItem","position":1,"name":"Accueil","item":"https:\/\/www.pressenza.com\/it\/"},{"@type":"ListItem","position":2,"name":"Palermo, i Nastrini tornano in piazza"}]},{"@type":"WebSite","@id":"https:\/\/www.pressenza.com\/it\/#website","url":"https:\/\/www.pressenza.com\/it\/","name":"Pressenza","description":"Agenzia di Stampa Internazionale","publisher":{"@id":"https:\/\/www.pressenza.com\/it\/#organization"},"potentialAction":[{"@type":"SearchAction","target":{"@type":"EntryPoint","urlTemplate":"https:\/\/www.pressenza.com\/it\/?s={search_term_string}"},"query-input":{"@type":"PropertyValueSpecification","valueRequired":true,"valueName":"search_term_string"}}],"inLanguage":"it-IT"},{"@type":"Organization","@id":"https:\/\/www.pressenza.com\/it\/#organization","name":"Pressenza","url":"https:\/\/www.pressenza.com\/it\/","logo":{"@type":"ImageObject","inLanguage":"it-IT","@id":"https:\/\/www.pressenza.com\/it\/#\/schema\/logo\/image\/","url":"https:\/\/www.pressenza.com\/wp-content\/uploads\/2022\/10\/pressenza_logo_200x200.jpg","contentUrl":"https:\/\/www.pressenza.com\/wp-content\/uploads\/2022\/10\/pressenza_logo_200x200.jpg","width":200,"height":200,"caption":"Pressenza"},"image":{"@id":"https:\/\/www.pressenza.com\/it\/#\/schema\/logo\/image\/"},"sameAs":["https:\/\/www.facebook.com\/PressenzaItalia","https:\/\/x.com\/PressenzaIPA"]},{"@type":"Person","@id":"https:\/\/www.pressenza.com\/it\/#\/schema\/person\/96f237719a2b94ddc64a123d009ffc86","name":"Toni Casano","url":"https:\/\/www.pressenza.com\/it\/author\/toni-casano\/"}]}},"place":"","original_article_url":"","_links":{"self":[{"href":"https:\/\/www.pressenza.com\/it\/wp-json\/wp\/v2\/posts\/1252181","targetHints":{"allow":["GET"]}}],"collection":[{"href":"https:\/\/www.pressenza.com\/it\/wp-json\/wp\/v2\/posts"}],"about":[{"href":"https:\/\/www.pressenza.com\/it\/wp-json\/wp\/v2\/types\/post"}],"author":[{"embeddable":true,"href":"https:\/\/www.pressenza.com\/it\/wp-json\/wp\/v2\/users\/1734"}],"replies":[{"embeddable":true,"href":"https:\/\/www.pressenza.com\/it\/wp-json\/wp\/v2\/comments?post=1252181"}],"version-history":[{"count":0,"href":"https:\/\/www.pressenza.com\/it\/wp-json\/wp\/v2\/posts\/1252181\/revisions"}],"wp:featuredmedia":[{"embeddable":true,"href":"https:\/\/www.pressenza.com\/it\/wp-json\/wp\/v2\/media\/1252184"}],"wp:attachment":[{"href":"https:\/\/www.pressenza.com\/it\/wp-json\/wp\/v2\/media?parent=1252181"}],"wp:term":[{"taxonomy":"category","embeddable":true,"href":"https:\/\/www.pressenza.com\/it\/wp-json\/wp\/v2\/categories?post=1252181"},{"taxonomy":"post_tag","embeddable":true,"href":"https:\/\/www.pressenza.com\/it\/wp-json\/wp\/v2\/tags?post=1252181"}],"curies":[{"name":"wp","href":"https:\/\/api.w.org\/{rel}","templated":true}]}}