{"id":1251607,"date":"2020-11-30T15:40:47","date_gmt":"2020-11-30T15:40:47","guid":{"rendered":"https:\/\/www.pressenza.com\/?p=1251607"},"modified":"2020-11-30T15:40:47","modified_gmt":"2020-11-30T15:40:47","slug":"un-migliaio-di-spazi-pubblicitari-sequestrati-per-chiedere-giustizia-per-mawda","status":"publish","type":"post","link":"https:\/\/www.pressenza.com\/it\/2020\/11\/un-migliaio-di-spazi-pubblicitari-sequestrati-per-chiedere-giustizia-per-mawda\/","title":{"rendered":"Un migliaio di spazi pubblicitari sequestrati per chiedere \u00abGiustizia per Mawda\u00bb"},"content":{"rendered":"<p><strong>Mentre presso il tribunale penale di Mons inizia il \u00abprocesso Mawda\u00bb, un migliaio di spazi pubblicitari sono stati sequestrati in tutto il Belgio a favore della campagna \u00abGiustizia per Mawda\u00bb. L\u2019azione mira a denunciare gli effetti mortali di una politica di criminalizzazione dei migranti, che ha portato alla morte della piccola Mawda, di soli due anni, il 17 maggio 2018.<\/strong><\/p>\n<p>La sera di domenica 22 novembre, 200 cittadini, uomini e donne, hanno sequestrato circa mille spazi pubblicitari a Bruxelles, Li\u00e8ge, Gand, Namur, Louvain-la-Neuve, Ottignies, Charleroi, La Louvi\u00e8re, Verviers e Mons per occuparli con manifesti commemorativi in memoria della piccola Mawda Shawri, di due anni, uccisa dalla polizia nella notte tra il 17 e il 18 maggio 2018, mentre, con la sua famiglia, tentava di arrivare in Inghilterra. Il prossimo 23 e 24 novembre sono anche previste delle mobilitazioni davanti al palazzo di giustizia di Mons.<\/p>\n<p>L\u2019azione \u00e8 nata dalla volont\u00e0 di ricordare ai cittadini belgi le conseguenze della politica belga ed europea sul tema delle migrazioni. E questo proprio nel momento in cui ha inizio, presso il tribunale penale di Mons, il processo al poliziotto e ai due presunti \u00abtrafficanti\u00bb responsabili della morte di Mawda. Con lo slogan \u00abGiustizia per Mawda\u00bb, i protagonisti di quest\u2019azione vogliono onorare la memoria di Mawda e chiedono che sparare su un camion pieno di uomini, donne e bambini, venga considerato un uso inaccettabile della forza, i cui effetti mortali sono altamente prevedibili, e che la morte di Mawda venga riconosciuta come omicidio. Sperano che la giustizia sia all\u2019altezza del compito che le spetta, per fare in modo che le circostanze che hanno portato alla morte di Mawda non si verifichino mai pi\u00f9.<\/p>\n<p>Allo stesso modo, denunciano il razzismo e la criminalizzazione che hanno portato alla tragedia. Mawda non \u00e8 n\u00e9 la prima n\u00e9 l\u2019ultima vittima di questo sistema. L\u2019anno in cui \u00e8 stata uccisa Mawda, M\u00e9decins du Monde\u00a0riferiva che in Belgio un migrante su quattro era stato vittima della violenza da parte della polizia.<\/p>\n<p><em>\u201cChe cosa ha portato un poliziotto a sparare al camion che percorreva l\u2019autostrada?\u201d\u00a0si domanda Camille, una delle partecipanti. Secondo lei, \u201cquesto \u00e8 dovuto, da un lato al razzismo strutturale che influenza i vari attori della tragedia. Agli occhi di quel poliziotto che ha sparato, la vita delle persone che viaggiano su un camion, essendo quella di migranti, non ha lo stesso valore di un\u2019altra vita e non merita la stessa protezione. Dall\u2019altro, c\u2019\u00e8 la criminalizzazione legata al superamento illegale di una frontiera. Attraversare una frontiera sarebbe un crimine talmente grave da giustificare un omicidio perpetrato per impedire che si verifichi. Ricordiamo, infatti, che l\u2019azione contro il camion si iscrive nell\u2019ambito delle operazioni M\u00e9dusa, strumento politico di chiusura delle frontiere belghe ed europee.\u201d<\/em><\/p>\n<p>Questo razzismo e questa criminalizzazione spiegano anche il motivo per cui mentre Mawda era trasportata in ambulanza, i suoi genitori venivano ammanettati, detenuti, maltrattati, impedendo cos\u00ec che accompagnassero la piccola figlia ormai morente.<\/p>\n<div class=\"post-gallery\">\n\t\t\t<figure class=\"post-gallery-item\">\n\t\t\t\t<img decoding=\"async\" src=\"https:\/\/www.pressenza.com\/wp-content\/uploads\/2020\/11\/IMG_1413-683x1024.jpg\" loading=\"lazy\">\n\t\t\t\t<figcaption>\n\t\t\t\t\t\n\t\t\t\t<\/figcaption>\n\t\t\t<\/figure>\n\t\t\t<figure class=\"post-gallery-item\">\n\t\t\t\t<img decoding=\"async\" src=\"https:\/\/www.pressenza.com\/wp-content\/uploads\/2020\/11\/JusticeforMawda13-720x540.jpg\" loading=\"lazy\">\n\t\t\t\t<figcaption>\n\t\t\t\t\t\n\t\t\t\t<\/figcaption>\n\t\t\t<\/figure>\n\t\t\t<figure class=\"post-gallery-item\">\n\t\t\t\t<img decoding=\"async\" src=\"https:\/\/www.pressenza.com\/wp-content\/uploads\/2020\/11\/JusticeforMawda12-720x540.jpg\" loading=\"lazy\">\n\t\t\t\t<figcaption>\n\t\t\t\t\t\n\t\t\t\t<\/figcaption>\n\t\t\t<\/figure>\n\t\t\t<figure class=\"post-gallery-item\">\n\t\t\t\t<img decoding=\"async\" src=\"https:\/\/www.pressenza.com\/wp-content\/uploads\/2020\/11\/Justice4Mawda17-720x540.jpg\" loading=\"lazy\">\n\t\t\t\t<figcaption>\n\t\t\t\t\t\n\t\t\t\t<\/figcaption>\n\t\t\t<\/figure>\n\t\t\t<figure class=\"post-gallery-item\">\n\t\t\t\t<img decoding=\"async\" src=\"https:\/\/www.pressenza.com\/wp-content\/uploads\/2020\/11\/Justice4Mawda16-720x538.jpg\" loading=\"lazy\">\n\t\t\t\t<figcaption>\n\t\t\t\t\t\n\t\t\t\t<\/figcaption>\n\t\t\t<\/figure>\n\t\t\t<figure class=\"post-gallery-item\">\n\t\t\t\t<img decoding=\"async\" src=\"https:\/\/www.pressenza.com\/wp-content\/uploads\/2020\/11\/Justice4Mawda14-720x440.jpg\" loading=\"lazy\">\n\t\t\t\t<figcaption>\n\t\t\t\t\t\n\t\t\t\t<\/figcaption>\n\t\t\t<\/figure>\n\t\t\t<figure class=\"post-gallery-item\">\n\t\t\t\t<img decoding=\"async\" src=\"https:\/\/www.pressenza.com\/wp-content\/uploads\/2020\/11\/Justice4Mawda13-720x540.jpg\" loading=\"lazy\">\n\t\t\t\t<figcaption>\n\t\t\t\t\t\n\t\t\t\t<\/figcaption>\n\t\t\t<\/figure>\n\t\t\t<figure class=\"post-gallery-item\">\n\t\t\t\t<img decoding=\"async\" src=\"https:\/\/www.pressenza.com\/wp-content\/uploads\/2020\/11\/Justice4Mawda12-720x540.jpg\" loading=\"lazy\">\n\t\t\t\t<figcaption>\n\t\t\t\t\t\n\t\t\t\t<\/figcaption>\n\t\t\t<\/figure>\n\t\t\t<figure class=\"post-gallery-item\">\n\t\t\t\t<img decoding=\"async\" src=\"https:\/\/www.pressenza.com\/wp-content\/uploads\/2020\/11\/JusticeforMawda9-720x540.jpg\" loading=\"lazy\">\n\t\t\t\t<figcaption>\n\t\t\t\t\t\n\t\t\t\t<\/figcaption>\n\t\t\t<\/figure>\n\t\t\t<figure class=\"post-gallery-item\">\n\t\t\t\t<img decoding=\"async\" src=\"https:\/\/www.pressenza.com\/wp-content\/uploads\/2020\/11\/JusticeforMawda8-720x540.jpg\" loading=\"lazy\">\n\t\t\t\t<figcaption>\n\t\t\t\t\t\n\t\t\t\t<\/figcaption>\n\t\t\t<\/figure>\n\t\t\t<figure class=\"post-gallery-item\">\n\t\t\t\t<img decoding=\"async\" src=\"https:\/\/www.pressenza.com\/wp-content\/uploads\/2020\/11\/JusticeforMawda7-720x540.jpg\" loading=\"lazy\">\n\t\t\t\t<figcaption>\n\t\t\t\t\t\n\t\t\t\t<\/figcaption>\n\t\t\t<\/figure>\n\t\t\t<figure class=\"post-gallery-item\">\n\t\t\t\t<img decoding=\"async\" src=\"https:\/\/www.pressenza.com\/wp-content\/uploads\/2020\/11\/JusticeforMawda6-720x960.jpg\" loading=\"lazy\">\n\t\t\t\t<figcaption>\n\t\t\t\t\t\n\t\t\t\t<\/figcaption>\n\t\t\t<\/figure>\n\t\t\t<figure class=\"post-gallery-item\">\n\t\t\t\t<img decoding=\"async\" src=\"https:\/\/www.pressenza.com\/wp-content\/uploads\/2020\/11\/JusticeforMawda5-720x960.jpg\" loading=\"lazy\">\n\t\t\t\t<figcaption>\n\t\t\t\t\t\n\t\t\t\t<\/figcaption>\n\t\t\t<\/figure>\n\t\t\t<figure class=\"post-gallery-item\">\n\t\t\t\t<img decoding=\"async\" src=\"https:\/\/www.pressenza.com\/wp-content\/uploads\/2020\/11\/JusticeforMawda4-720x540.jpg\" loading=\"lazy\">\n\t\t\t\t<figcaption>\n\t\t\t\t\t\n\t\t\t\t<\/figcaption>\n\t\t\t<\/figure>\n\t\t\t<figure class=\"post-gallery-item\">\n\t\t\t\t<img decoding=\"async\" src=\"https:\/\/www.pressenza.com\/wp-content\/uploads\/2020\/11\/JusticeforMawda3-461x1024.jpg\" loading=\"lazy\">\n\t\t\t\t<figcaption>\n\t\t\t\t\t\n\t\t\t\t<\/figcaption>\n\t\t\t<\/figure>\n\t\t\t<figure class=\"post-gallery-item\">\n\t\t\t\t<img decoding=\"async\" src=\"https:\/\/www.pressenza.com\/wp-content\/uploads\/2020\/11\/JusticeforMawda2-683x1024.jpg\" loading=\"lazy\">\n\t\t\t\t<figcaption>\n\t\t\t\t\t\n\t\t\t\t<\/figcaption>\n\t\t\t<\/figure>\n\t\t\t<figure class=\"post-gallery-item\">\n\t\t\t\t<img decoding=\"async\" src=\"https:\/\/www.pressenza.com\/wp-content\/uploads\/2020\/11\/Justice4Mawda1-683x1024.jpg\" loading=\"lazy\">\n\t\t\t\t<figcaption>\n\t\t\t\t\t\n\t\t\t\t<\/figcaption>\n\t\t\t<\/figure><\/div>\n<p>Gli attivisti invitano tutti coloro che vogliono denunciare il razzismo e la criminalizzazione, che hanno portato alla morte di Mawda, a raggiungere la mobilitazione online, o a partecipare alle mobilitazioni che si terranno il prossimo 23 e 24 novembre davanti al palazzo di giustizia di Mons.<\/p>\n<p>Sono convinti della necessit\u00e0 della loro azione, dal momento che la situazione sanitaria impedisce di organizzare una manifestazione di massa.<\/p>\n<p>Per maggiori informazioni:<\/p>\n<ul>\n<li>La<a href=\"https:\/\/www.facebook.com\/JusticeMawda\">\u00a0pagina Facebook Justice4Mawda<\/a>, dove \u00e8 possibile trovare informazioni e azioni sul processo.<\/li>\n<li><a href=\"https:\/\/www.justicepourmawda.be\/2020\/11\/06\/justice-et-verite-pour-mawda-2\/\">L\u2019appello del comitato Giustizia e Verit\u00e0 per Mawda<\/a><\/li>\n<\/ul>\n<p><em>Traduzione dal francese di Ada De Micheli. Revisione: Silvia Nocera<\/em><\/p>\n","protected":false},"excerpt":{"rendered":"<p>Mentre presso il tribunale penale di Mons inizia il \u00abprocesso Mawda\u00bb, un migliaio di spazi pubblicitari sono stati sequestrati in tutto il Belgio a favore della campagna \u00abGiustizia per Mawda\u00bb. L\u2019azione mira a denunciare gli effetti mortali di una politica&hellip;<\/p>\n","protected":false},"author":156,"featured_media":1246118,"comment_status":"closed","ping_status":"closed","sticky":false,"template":"","format":"standard","meta":{"footnotes":""},"categories":[150,11388,60,47,54572],"tags":[20877,54560,1451,84585],"class_list":["post-1251607","post","type-post","status-publish","format-standard","has-post-thumbnail","hentry","category-comunicati-stampa","category-contenuti-originali","category-diritti-umani","category-europa","category-migranti","tag-belgio","tag-diritti-umani-es-it","tag-giustizia","tag-migrante-it"],"yoast_head":"<!-- This site is optimized with the Yoast SEO plugin v27.1.1 - https:\/\/yoast.com\/product\/yoast-seo-wordpress\/ -->\n<title>Un migliaio di spazi pubblicitari sequestrati per chiedere \u00abGiustizia per Mawda\u00bb<\/title>\n<meta name=\"description\" content=\"Mentre presso il tribunale penale di Mons inizia il \u00abprocesso Mawda\u00bb, un migliaio di spazi pubblicitari sono stati sequestrati in tutto il Belgio a favore\" \/>\n<meta name=\"robots\" content=\"index, follow, max-snippet:-1, max-image-preview:large, max-video-preview:-1\" \/>\n<link rel=\"canonical\" href=\"https:\/\/www.pressenza.com\/it\/2020\/11\/un-migliaio-di-spazi-pubblicitari-sequestrati-per-chiedere-giustizia-per-mawda\/\" \/>\n<meta property=\"og:locale\" content=\"it_IT\" \/>\n<meta property=\"og:type\" content=\"article\" \/>\n<meta property=\"og:title\" content=\"Un migliaio di spazi pubblicitari sequestrati per chiedere \u00abGiustizia per Mawda\u00bb\" \/>\n<meta property=\"og:description\" content=\"Mentre presso il tribunale penale di Mons inizia il \u00abprocesso Mawda\u00bb, un migliaio di spazi pubblicitari sono stati sequestrati in tutto il Belgio a favore\" \/>\n<meta property=\"og:url\" content=\"https:\/\/www.pressenza.com\/it\/2020\/11\/un-migliaio-di-spazi-pubblicitari-sequestrati-per-chiedere-giustizia-per-mawda\/\" \/>\n<meta property=\"og:site_name\" content=\"Pressenza\" \/>\n<meta property=\"article:publisher\" content=\"https:\/\/www.facebook.com\/PressenzaItalia\" \/>\n<meta property=\"article:author\" content=\"tatianadebarelli\" \/>\n<meta property=\"article:published_time\" content=\"2020-11-30T15:40:47+00:00\" \/>\n<meta property=\"og:image\" content=\"https:\/\/www.pressenza.com\/wp-content\/uploads\/2020\/11\/Affiche-Mawda.jpg\" \/>\n\t<meta property=\"og:image:width\" content=\"1358\" \/>\n\t<meta property=\"og:image:height\" content=\"1920\" \/>\n\t<meta property=\"og:image:type\" content=\"image\/jpeg\" \/>\n<meta name=\"author\" content=\"Tatiana De Barelli\" \/>\n<meta name=\"twitter:card\" content=\"summary_large_image\" \/>\n<meta name=\"twitter:creator\" content=\"@PressenzaIPA\" \/>\n<meta name=\"twitter:site\" content=\"@PressenzaIPA\" \/>\n<meta name=\"twitter:label1\" content=\"Scritto da\" \/>\n\t<meta name=\"twitter:data1\" content=\"Tatiana De Barelli\" \/>\n\t<meta name=\"twitter:label2\" content=\"Tempo di lettura stimato\" \/>\n\t<meta name=\"twitter:data2\" content=\"3 minuti\" \/>\n<script type=\"application\/ld+json\" class=\"yoast-schema-graph\">{\"@context\":\"https:\/\/schema.org\",\"@graph\":[{\"@type\":\"Article\",\"@id\":\"https:\/\/www.pressenza.com\/it\/2020\/11\/un-migliaio-di-spazi-pubblicitari-sequestrati-per-chiedere-giustizia-per-mawda\/#article\",\"isPartOf\":{\"@id\":\"https:\/\/www.pressenza.com\/it\/2020\/11\/un-migliaio-di-spazi-pubblicitari-sequestrati-per-chiedere-giustizia-per-mawda\/\"},\"author\":{\"name\":\"Tatiana De Barelli\",\"@id\":\"https:\/\/www.pressenza.com\/it\/#\/schema\/person\/b8d1ec1cf15614fc9a887473b9572094\"},\"headline\":\"Un migliaio di spazi pubblicitari sequestrati per chiedere \u00abGiustizia per Mawda\u00bb\",\"datePublished\":\"2020-11-30T15:40:47+00:00\",\"mainEntityOfPage\":{\"@id\":\"https:\/\/www.pressenza.com\/it\/2020\/11\/un-migliaio-di-spazi-pubblicitari-sequestrati-per-chiedere-giustizia-per-mawda\/\"},\"wordCount\":603,\"publisher\":{\"@id\":\"https:\/\/www.pressenza.com\/it\/#organization\"},\"image\":{\"@id\":\"https:\/\/www.pressenza.com\/it\/2020\/11\/un-migliaio-di-spazi-pubblicitari-sequestrati-per-chiedere-giustizia-per-mawda\/#primaryimage\"},\"thumbnailUrl\":\"https:\/\/www.pressenza.com\/wp-content\/uploads\/2020\/11\/Affiche-Mawda.jpg\",\"keywords\":[\"Belgio\",\"diritti umani\",\"giustizia\",\"Migrante\"],\"articleSection\":[\"Comunicati Stampa\",\"contenuti originali\",\"Diritti Umani\",\"Europa\",\"Migranti\"],\"inLanguage\":\"it-IT\"},{\"@type\":\"WebPage\",\"@id\":\"https:\/\/www.pressenza.com\/it\/2020\/11\/un-migliaio-di-spazi-pubblicitari-sequestrati-per-chiedere-giustizia-per-mawda\/\",\"url\":\"https:\/\/www.pressenza.com\/it\/2020\/11\/un-migliaio-di-spazi-pubblicitari-sequestrati-per-chiedere-giustizia-per-mawda\/\",\"name\":\"Un migliaio di spazi pubblicitari sequestrati per chiedere \u00abGiustizia per Mawda\u00bb\",\"isPartOf\":{\"@id\":\"https:\/\/www.pressenza.com\/it\/#website\"},\"primaryImageOfPage\":{\"@id\":\"https:\/\/www.pressenza.com\/it\/2020\/11\/un-migliaio-di-spazi-pubblicitari-sequestrati-per-chiedere-giustizia-per-mawda\/#primaryimage\"},\"image\":{\"@id\":\"https:\/\/www.pressenza.com\/it\/2020\/11\/un-migliaio-di-spazi-pubblicitari-sequestrati-per-chiedere-giustizia-per-mawda\/#primaryimage\"},\"thumbnailUrl\":\"https:\/\/www.pressenza.com\/wp-content\/uploads\/2020\/11\/Affiche-Mawda.jpg\",\"datePublished\":\"2020-11-30T15:40:47+00:00\",\"description\":\"Mentre presso il tribunale penale di Mons inizia il \u00abprocesso Mawda\u00bb, un migliaio di spazi pubblicitari sono stati sequestrati in tutto il Belgio a favore\",\"breadcrumb\":{\"@id\":\"https:\/\/www.pressenza.com\/it\/2020\/11\/un-migliaio-di-spazi-pubblicitari-sequestrati-per-chiedere-giustizia-per-mawda\/#breadcrumb\"},\"inLanguage\":\"it-IT\",\"potentialAction\":[{\"@type\":\"ReadAction\",\"target\":[\"https:\/\/www.pressenza.com\/it\/2020\/11\/un-migliaio-di-spazi-pubblicitari-sequestrati-per-chiedere-giustizia-per-mawda\/\"]}]},{\"@type\":\"ImageObject\",\"inLanguage\":\"it-IT\",\"@id\":\"https:\/\/www.pressenza.com\/it\/2020\/11\/un-migliaio-di-spazi-pubblicitari-sequestrati-per-chiedere-giustizia-per-mawda\/#primaryimage\",\"url\":\"https:\/\/www.pressenza.com\/wp-content\/uploads\/2020\/11\/Affiche-Mawda.jpg\",\"contentUrl\":\"https:\/\/www.pressenza.com\/wp-content\/uploads\/2020\/11\/Affiche-Mawda.jpg\",\"width\":1358,\"height\":1920},{\"@type\":\"BreadcrumbList\",\"@id\":\"https:\/\/www.pressenza.com\/it\/2020\/11\/un-migliaio-di-spazi-pubblicitari-sequestrati-per-chiedere-giustizia-per-mawda\/#breadcrumb\",\"itemListElement\":[{\"@type\":\"ListItem\",\"position\":1,\"name\":\"Accueil\",\"item\":\"https:\/\/www.pressenza.com\/it\/\"},{\"@type\":\"ListItem\",\"position\":2,\"name\":\"Un migliaio di spazi pubblicitari sequestrati per chiedere \u00abGiustizia per Mawda\u00bb\"}]},{\"@type\":\"WebSite\",\"@id\":\"https:\/\/www.pressenza.com\/it\/#website\",\"url\":\"https:\/\/www.pressenza.com\/it\/\",\"name\":\"Pressenza\",\"description\":\"Agenzia di Stampa Internazionale\",\"publisher\":{\"@id\":\"https:\/\/www.pressenza.com\/it\/#organization\"},\"potentialAction\":[{\"@type\":\"SearchAction\",\"target\":{\"@type\":\"EntryPoint\",\"urlTemplate\":\"https:\/\/www.pressenza.com\/it\/?s={search_term_string}\"},\"query-input\":{\"@type\":\"PropertyValueSpecification\",\"valueRequired\":true,\"valueName\":\"search_term_string\"}}],\"inLanguage\":\"it-IT\"},{\"@type\":\"Organization\",\"@id\":\"https:\/\/www.pressenza.com\/it\/#organization\",\"name\":\"Pressenza\",\"url\":\"https:\/\/www.pressenza.com\/it\/\",\"logo\":{\"@type\":\"ImageObject\",\"inLanguage\":\"it-IT\",\"@id\":\"https:\/\/www.pressenza.com\/it\/#\/schema\/logo\/image\/\",\"url\":\"https:\/\/www.pressenza.com\/wp-content\/uploads\/2022\/10\/pressenza_logo_200x200.jpg\",\"contentUrl\":\"https:\/\/www.pressenza.com\/wp-content\/uploads\/2022\/10\/pressenza_logo_200x200.jpg\",\"width\":200,\"height\":200,\"caption\":\"Pressenza\"},\"image\":{\"@id\":\"https:\/\/www.pressenza.com\/it\/#\/schema\/logo\/image\/\"},\"sameAs\":[\"https:\/\/www.facebook.com\/PressenzaItalia\",\"https:\/\/x.com\/PressenzaIPA\"]},{\"@type\":\"Person\",\"@id\":\"https:\/\/www.pressenza.com\/it\/#\/schema\/person\/b8d1ec1cf15614fc9a887473b9572094\",\"name\":\"Tatiana De Barelli\",\"description\":\"Born with the gene of idealism, I have always wanted to change the world. At the age of 25, I met three crazy \\\"humanists\\\" and, little by little, with the friends of the Humanist Movement, I was able to collaborate in many projects around active nonviolence. The international dimension has always attracted me a lot and for 10 years I travelled to West Africa to support many social projects with the people there. Graphologist and educational psychologist, in 2008 I created Educ'art \\\"When education is an art\\\". It seems to me that school can be \\\"the place\\\" that opens children to their creativity, to their potential to transform the world. Together with professionals in the field of learning, we offer numerous training courses and exchanges with this objective in mind. Writing is also a passion. In 2010, I wrote a book \\\"Les Enjeux de l'Ecrire\\\" (The Stakes of Writing) which places the gesture of writing in its human dimension. In 1982, I married Jorge, an Argentinean, we have two sons who have become magnificent men. The relationship between a couple and a mother continues to be for me the most important human construction in terms of life choices.\",\"sameAs\":[\"http:\/\/www.educart.eu\",\"tatianadebarelli\"],\"url\":\"https:\/\/www.pressenza.com\/it\/author\/tatiana-de-barelli\/\"}]}<\/script>\n<!-- \/ Yoast SEO plugin. -->","yoast_head_json":{"title":"Un migliaio di spazi pubblicitari sequestrati per chiedere \u00abGiustizia per Mawda\u00bb","description":"Mentre presso il tribunale penale di Mons inizia il \u00abprocesso Mawda\u00bb, un migliaio di spazi pubblicitari sono stati sequestrati in tutto il Belgio a favore","robots":{"index":"index","follow":"follow","max-snippet":"max-snippet:-1","max-image-preview":"max-image-preview:large","max-video-preview":"max-video-preview:-1"},"canonical":"https:\/\/www.pressenza.com\/it\/2020\/11\/un-migliaio-di-spazi-pubblicitari-sequestrati-per-chiedere-giustizia-per-mawda\/","og_locale":"it_IT","og_type":"article","og_title":"Un migliaio di spazi pubblicitari sequestrati per chiedere \u00abGiustizia per Mawda\u00bb","og_description":"Mentre presso il tribunale penale di Mons inizia il \u00abprocesso Mawda\u00bb, un migliaio di spazi pubblicitari sono stati sequestrati in tutto il Belgio a favore","og_url":"https:\/\/www.pressenza.com\/it\/2020\/11\/un-migliaio-di-spazi-pubblicitari-sequestrati-per-chiedere-giustizia-per-mawda\/","og_site_name":"Pressenza","article_publisher":"https:\/\/www.facebook.com\/PressenzaItalia","article_author":"tatianadebarelli","article_published_time":"2020-11-30T15:40:47+00:00","og_image":[{"width":1358,"height":1920,"url":"https:\/\/www.pressenza.com\/wp-content\/uploads\/2020\/11\/Affiche-Mawda.jpg","type":"image\/jpeg"}],"author":"Tatiana De Barelli","twitter_card":"summary_large_image","twitter_creator":"@PressenzaIPA","twitter_site":"@PressenzaIPA","twitter_misc":{"Scritto da":"Tatiana De Barelli","Tempo di lettura stimato":"3 minuti"},"schema":{"@context":"https:\/\/schema.org","@graph":[{"@type":"Article","@id":"https:\/\/www.pressenza.com\/it\/2020\/11\/un-migliaio-di-spazi-pubblicitari-sequestrati-per-chiedere-giustizia-per-mawda\/#article","isPartOf":{"@id":"https:\/\/www.pressenza.com\/it\/2020\/11\/un-migliaio-di-spazi-pubblicitari-sequestrati-per-chiedere-giustizia-per-mawda\/"},"author":{"name":"Tatiana De Barelli","@id":"https:\/\/www.pressenza.com\/it\/#\/schema\/person\/b8d1ec1cf15614fc9a887473b9572094"},"headline":"Un migliaio di spazi pubblicitari sequestrati per chiedere \u00abGiustizia per Mawda\u00bb","datePublished":"2020-11-30T15:40:47+00:00","mainEntityOfPage":{"@id":"https:\/\/www.pressenza.com\/it\/2020\/11\/un-migliaio-di-spazi-pubblicitari-sequestrati-per-chiedere-giustizia-per-mawda\/"},"wordCount":603,"publisher":{"@id":"https:\/\/www.pressenza.com\/it\/#organization"},"image":{"@id":"https:\/\/www.pressenza.com\/it\/2020\/11\/un-migliaio-di-spazi-pubblicitari-sequestrati-per-chiedere-giustizia-per-mawda\/#primaryimage"},"thumbnailUrl":"https:\/\/www.pressenza.com\/wp-content\/uploads\/2020\/11\/Affiche-Mawda.jpg","keywords":["Belgio","diritti umani","giustizia","Migrante"],"articleSection":["Comunicati Stampa","contenuti originali","Diritti Umani","Europa","Migranti"],"inLanguage":"it-IT"},{"@type":"WebPage","@id":"https:\/\/www.pressenza.com\/it\/2020\/11\/un-migliaio-di-spazi-pubblicitari-sequestrati-per-chiedere-giustizia-per-mawda\/","url":"https:\/\/www.pressenza.com\/it\/2020\/11\/un-migliaio-di-spazi-pubblicitari-sequestrati-per-chiedere-giustizia-per-mawda\/","name":"Un migliaio di spazi pubblicitari sequestrati per chiedere \u00abGiustizia per Mawda\u00bb","isPartOf":{"@id":"https:\/\/www.pressenza.com\/it\/#website"},"primaryImageOfPage":{"@id":"https:\/\/www.pressenza.com\/it\/2020\/11\/un-migliaio-di-spazi-pubblicitari-sequestrati-per-chiedere-giustizia-per-mawda\/#primaryimage"},"image":{"@id":"https:\/\/www.pressenza.com\/it\/2020\/11\/un-migliaio-di-spazi-pubblicitari-sequestrati-per-chiedere-giustizia-per-mawda\/#primaryimage"},"thumbnailUrl":"https:\/\/www.pressenza.com\/wp-content\/uploads\/2020\/11\/Affiche-Mawda.jpg","datePublished":"2020-11-30T15:40:47+00:00","description":"Mentre presso il tribunale penale di Mons inizia il \u00abprocesso Mawda\u00bb, un migliaio di spazi pubblicitari sono stati sequestrati in tutto il Belgio a favore","breadcrumb":{"@id":"https:\/\/www.pressenza.com\/it\/2020\/11\/un-migliaio-di-spazi-pubblicitari-sequestrati-per-chiedere-giustizia-per-mawda\/#breadcrumb"},"inLanguage":"it-IT","potentialAction":[{"@type":"ReadAction","target":["https:\/\/www.pressenza.com\/it\/2020\/11\/un-migliaio-di-spazi-pubblicitari-sequestrati-per-chiedere-giustizia-per-mawda\/"]}]},{"@type":"ImageObject","inLanguage":"it-IT","@id":"https:\/\/www.pressenza.com\/it\/2020\/11\/un-migliaio-di-spazi-pubblicitari-sequestrati-per-chiedere-giustizia-per-mawda\/#primaryimage","url":"https:\/\/www.pressenza.com\/wp-content\/uploads\/2020\/11\/Affiche-Mawda.jpg","contentUrl":"https:\/\/www.pressenza.com\/wp-content\/uploads\/2020\/11\/Affiche-Mawda.jpg","width":1358,"height":1920},{"@type":"BreadcrumbList","@id":"https:\/\/www.pressenza.com\/it\/2020\/11\/un-migliaio-di-spazi-pubblicitari-sequestrati-per-chiedere-giustizia-per-mawda\/#breadcrumb","itemListElement":[{"@type":"ListItem","position":1,"name":"Accueil","item":"https:\/\/www.pressenza.com\/it\/"},{"@type":"ListItem","position":2,"name":"Un migliaio di spazi pubblicitari sequestrati per chiedere \u00abGiustizia per Mawda\u00bb"}]},{"@type":"WebSite","@id":"https:\/\/www.pressenza.com\/it\/#website","url":"https:\/\/www.pressenza.com\/it\/","name":"Pressenza","description":"Agenzia di Stampa Internazionale","publisher":{"@id":"https:\/\/www.pressenza.com\/it\/#organization"},"potentialAction":[{"@type":"SearchAction","target":{"@type":"EntryPoint","urlTemplate":"https:\/\/www.pressenza.com\/it\/?s={search_term_string}"},"query-input":{"@type":"PropertyValueSpecification","valueRequired":true,"valueName":"search_term_string"}}],"inLanguage":"it-IT"},{"@type":"Organization","@id":"https:\/\/www.pressenza.com\/it\/#organization","name":"Pressenza","url":"https:\/\/www.pressenza.com\/it\/","logo":{"@type":"ImageObject","inLanguage":"it-IT","@id":"https:\/\/www.pressenza.com\/it\/#\/schema\/logo\/image\/","url":"https:\/\/www.pressenza.com\/wp-content\/uploads\/2022\/10\/pressenza_logo_200x200.jpg","contentUrl":"https:\/\/www.pressenza.com\/wp-content\/uploads\/2022\/10\/pressenza_logo_200x200.jpg","width":200,"height":200,"caption":"Pressenza"},"image":{"@id":"https:\/\/www.pressenza.com\/it\/#\/schema\/logo\/image\/"},"sameAs":["https:\/\/www.facebook.com\/PressenzaItalia","https:\/\/x.com\/PressenzaIPA"]},{"@type":"Person","@id":"https:\/\/www.pressenza.com\/it\/#\/schema\/person\/b8d1ec1cf15614fc9a887473b9572094","name":"Tatiana De Barelli","description":"Born with the gene of idealism, I have always wanted to change the world. At the age of 25, I met three crazy \"humanists\" and, little by little, with the friends of the Humanist Movement, I was able to collaborate in many projects around active nonviolence. The international dimension has always attracted me a lot and for 10 years I travelled to West Africa to support many social projects with the people there. Graphologist and educational psychologist, in 2008 I created Educ'art \"When education is an art\". It seems to me that school can be \"the place\" that opens children to their creativity, to their potential to transform the world. Together with professionals in the field of learning, we offer numerous training courses and exchanges with this objective in mind. Writing is also a passion. In 2010, I wrote a book \"Les Enjeux de l'Ecrire\" (The Stakes of Writing) which places the gesture of writing in its human dimension. In 1982, I married Jorge, an Argentinean, we have two sons who have become magnificent men. The relationship between a couple and a mother continues to be for me the most important human construction in terms of life choices.","sameAs":["http:\/\/www.educart.eu","tatianadebarelli"],"url":"https:\/\/www.pressenza.com\/it\/author\/tatiana-de-barelli\/"}]}},"place":"","original_article_url":"","_links":{"self":[{"href":"https:\/\/www.pressenza.com\/it\/wp-json\/wp\/v2\/posts\/1251607","targetHints":{"allow":["GET"]}}],"collection":[{"href":"https:\/\/www.pressenza.com\/it\/wp-json\/wp\/v2\/posts"}],"about":[{"href":"https:\/\/www.pressenza.com\/it\/wp-json\/wp\/v2\/types\/post"}],"author":[{"embeddable":true,"href":"https:\/\/www.pressenza.com\/it\/wp-json\/wp\/v2\/users\/156"}],"replies":[{"embeddable":true,"href":"https:\/\/www.pressenza.com\/it\/wp-json\/wp\/v2\/comments?post=1251607"}],"version-history":[{"count":0,"href":"https:\/\/www.pressenza.com\/it\/wp-json\/wp\/v2\/posts\/1251607\/revisions"}],"wp:featuredmedia":[{"embeddable":true,"href":"https:\/\/www.pressenza.com\/it\/wp-json\/wp\/v2\/media\/1246118"}],"wp:attachment":[{"href":"https:\/\/www.pressenza.com\/it\/wp-json\/wp\/v2\/media?parent=1251607"}],"wp:term":[{"taxonomy":"category","embeddable":true,"href":"https:\/\/www.pressenza.com\/it\/wp-json\/wp\/v2\/categories?post=1251607"},{"taxonomy":"post_tag","embeddable":true,"href":"https:\/\/www.pressenza.com\/it\/wp-json\/wp\/v2\/tags?post=1251607"}],"curies":[{"name":"wp","href":"https:\/\/api.w.org\/{rel}","templated":true}]}}