{"id":1249488,"date":"2020-11-28T11:46:37","date_gmt":"2020-11-28T11:46:37","guid":{"rendered":"https:\/\/www.pressenza.com\/?p=1249488"},"modified":"2020-11-28T11:48:23","modified_gmt":"2020-11-28T11:48:23","slug":"lettera-aperta-agli-amici-brasiliani","status":"publish","type":"post","link":"https:\/\/www.pressenza.com\/it\/2020\/11\/lettera-aperta-agli-amici-brasiliani\/","title":{"rendered":"Lettera aperta agli amici brasiliani"},"content":{"rendered":"<p align=\"justify\"><span lang=\"it-IT\">Scrivo a pochi giorni del ballottaggio delle elezioni municipali che, per lo meno a S\u00e3o Paolo, possono eleggere sindaco un rappresentante dei movimenti popolari. Scrivo, forse non \u00e8 il momento, e pur sapendo che molti non saranno d&#8217;accordo, scrivo.<\/span><\/p>\n<p><span lang=\"it-IT\">Dopo il primo turno abbiamo decretato vittoria. Dopo il primo turno ci siamo ubriacati col liquore dolciastro della illusione di una avanzata e siamo andati in estasi con la visione della costruzione miracolosa di quel fronte ampio delle sinistre che non si \u00e8 verificato nelle elezioni presidenziali del 2018. Mi dispiace, ho una visione completamente differente da quello che ascolto e leggo in questi momenti effimeri di meschina euforia. Non \u00e8 avvenuta nessuna sconfitta dell&#8217;estrema destra, tantomeno del bolsonariso. Ma \u00e8 avvenuto l&#8217;esatto contrario. Hanno vinto loro. Eccome. Ed \u00e8 stato un trionfo. Nanni Moretti nel film Il Caimano, sugli anni del governo Berlusconi \u2013 il magnate delle telecomunicazioni sostenuto da una coalizione di estrema destra \u2013 parlando a proposito delle sue condanne e della conseguente caduta del suo governo dice pressapoco cos\u00ec: Lui ha gi\u00e0 vinto, con le sue televisioni ha cambiato il modo di pensare, di essere e di vedere il mondo degli italiani, anche se perde ha gi\u00e0 vinto. Cos\u00ec \u00e8 stato per Bolsonaro: \u00e8 riuscito a risvegliare quanto di peggio ci sia nel Brasile e nel popolo brasiliano, ha svegliato la bestia nascosta, ha covato l&#8217;uovo del serpente che, se prima vegetava, rannicchiato nell&#8217;abisso della fogna, adesso invece pu\u00f2 vivere libero e bello a mostrare il suo vero volto. Per liberarsi di Salvini (l&#8217;attuale leader dell&#8217;estrema destra italiana che, seppure all&#8217;opposizione, continua a dettare le regole della politica) e della sua filosofia di vita, il suo odio contro il &#8220;grande altro&#8221; responsabile di tutti i mali della nazione, l&#8217;Italia avr\u00e0 bisogno almeno di due generazioni, 30 anni. Un &#8220;grande altro&#8221; incarnato nel migrante che porta le malattie, ruba il lavoro agli italiani e stupra le donne; un grande altro incarnato nel diversi, nelle minoranze, nella necessit\u00e0 biologica di vedere la sua esistenza riconosciuta como soggetto di diritti: l&#8217;Italia deve rifondarsi su nuovi valori e nuovi doveri.<\/span><\/p>\n<p><a name=\"_GoBack\"><\/a> <span lang=\"it-IT\">In Brasile, la potenza civilizzatrice, e il patto di civilt\u00e0 \u00e8 stato spezzato, o meglio, ne \u00e8 stata decretata l&#8217;inutilit\u00e0. Per questo abbiamo perso. E abbiamo perso di brutto. Se continueremo a partecipare alla politica nel modo come abbiamo fatto fino ad oggi, continueremo a perdere. L&#8217;opposizione avrebbe dovuto boicottare la politica rappresentativa fin dall&#8217;elezione della bestia fascista. Bolsonaro che ad ogni discorso, ad ogni frase, ripete le parole &#8220;uccidere e torturare&#8221;, mai e poi mai avrebbe dovuto essere rispettato dalla istituzioni, mai e poi mai avrebbe dovuto essere riconosciuto come rappresentante massimo della nazione, per avendo ottenuto 57 milioni di voti. Se quest&#8217;ultime, le istituzioni, si sono sottomesse al protocollo, ai riti formali della democrazia rappresentativa (che qui non chiamer\u00f2 &#8220;borghese&#8221; per non spaventare il pavido lettore), l&#8217;opposizine\u00a0 mai e poi mai avrebbe dovuto accettarlo come legittimo. <\/span><em><span lang=\"it-IT\">Chemmefrega se sono morti&#8230; non sono un becchino&#8230; l&#8217;afro-discendente pi\u00f9 leggero pesava sette quintali&#8230; non ti violento perch\u00e9 non meriti di essere stuprata&#8230; fucileremo quei vagabondi comunisti&#8230;<\/span><\/em><span lang=\"it-IT\"> Mai. Mai. Mai. La sinistra avrebbe dovuto rifiutarsi ad entrare in parlamento fin dal giorno dell&#8217;insediamento presidenziale avrebbe dovuto ostruire le attivit\u00e0 parlamentari, le sessioni di ogni commissione, avrebbe dovuto boicottare le iniziative governative e istituzionali e non pi\u00f9 riconoscere l&#8217;ordine formale delle Stato preso d&#8217;assalto da una gang di miliziani. E adesso in occasione delle elezioni municipali, avrebbe dovuto rifiutarsi di presentare i suoi candidati di ogni ordine e grado. Da troppo tempo non stiamo pi\u00f9 vivendo nel normale ordine democratico, quell&#8217;ordine che prevede s\u00ec il confronto tra due schieramenti avversari, ma sempre basandosi in valori comuni nei quali riconoscersi. La costante apologia alla morte, gli insulti alle minoranze, la negazione del razzismo, l&#8217;infiltrazione delle sette evangeliche nei gangli del potere, l&#8217;intima relazione con le organizzazioni criminali, sono il segnale di che il colpo di stato \u00e8 gi\u00e0 avvenuto. 2800 militari occupano le principali cariche esecutive del governo e dei ministeri, e sono i diretti responsabili dei pi\u00f9 di centosettanta mila morti. Il presidente della repubblica fa una attiva campagna anti vaccinazione istigando la popolazione contro l&#8217;Istituto Butant\u00e3, il centro di riferimento per la ricerca scientifica, che si \u00e8 visto obbligato a nascondere i lotti di centinaia di migliaia di dosi, per paura del sabotaggio da parte delle orde bolsonariste. Ecco la ragione della nostra sonante sconfitta. Le elezioni sono una farsa alle quale l&#8217;opposizione partecipa per meschino tornaconto politico locale e momentaneo, certamente non mossa da un progetto a lungo termine. Una sinistra sfigurata nei suoi valori storici, privata della sua visione strategica su quelle che sono sempre state le grandi e fondamentali questioni mai risolte, perch\u00e9 mai affrontate sul serio quando se ne aveva la possibilit\u00e0.<\/span><\/p>\n<p align=\"justify\"><span lang=\"it-IT\">Quando la sinistra smette di parlare e tace sulla espropriazione delle grandi propriet\u00e0 terriere, l&#8217;abolizione del latifondo, la gestione collettiva dei mezzi di produzione, la limitazione del potere economico delle banche, dell&#8217;eterno problema tra capitale e lavoro, di plusvalore&#8230; che cazzo di sinistra \u00e8?<\/span><\/p>\n<p align=\"justify\"><span lang=\"it-IT\">Per questo che pur vincendo, abbiamo perso. Per questo che Bolsonaro, pur perdendo, vince.<\/span><\/p>\n<p>Fino a quando?<\/p>\n","protected":false},"excerpt":{"rendered":"<p>Scrivo a pochi giorni del ballottaggio delle elezioni municipali che, per lo meno a S\u00e3o Paolo, possono eleggere sindaco un rappresentante dei movimenti popolari. Scrivo, forse non \u00e8 il momento, e pur sapendo che molti non saranno d&#8217;accordo, scrivo. Dopo&hellip;<\/p>\n","protected":false},"author":1567,"featured_media":1061569,"comment_status":"closed","ping_status":"closed","sticky":false,"template":"","format":"standard","meta":{"footnotes":""},"categories":[11388,162,55,48],"tags":[2700,66232,54027,4542],"class_list":["post-1249488","post","type-post","status-publish","format-standard","has-post-thumbnail","hentry","category-contenuti-originali","category-opinioni","category-politica","category-sud-america","tag-boicottaggio","tag-elezioni-municipali","tag-jair-bolsonaro-it","tag-sinistra"],"yoast_head":"<!-- This site is optimized with the Yoast SEO plugin v27.1.1 - https:\/\/yoast.com\/product\/yoast-seo-wordpress\/ -->\n<title>Lettera aperta agli amici brasiliani<\/title>\n<meta name=\"description\" content=\"Scrivo a pochi giorni del ballottaggio delle elezioni municipali che, per lo meno a S\u00e3o Paolo, possono eleggere sindaco un rappresentante dei movimenti\" \/>\n<meta name=\"robots\" content=\"index, follow, max-snippet:-1, max-image-preview:large, max-video-preview:-1\" \/>\n<link rel=\"canonical\" href=\"https:\/\/www.pressenza.com\/it\/2020\/11\/lettera-aperta-agli-amici-brasiliani\/\" \/>\n<meta property=\"og:locale\" content=\"it_IT\" \/>\n<meta property=\"og:type\" content=\"article\" \/>\n<meta property=\"og:title\" content=\"Lettera aperta agli amici brasiliani\" \/>\n<meta property=\"og:description\" content=\"Scrivo a pochi giorni del ballottaggio delle elezioni municipali che, per lo meno a S\u00e3o Paolo, possono eleggere sindaco un rappresentante dei movimenti\" \/>\n<meta property=\"og:url\" content=\"https:\/\/www.pressenza.com\/it\/2020\/11\/lettera-aperta-agli-amici-brasiliani\/\" \/>\n<meta property=\"og:site_name\" content=\"Pressenza\" \/>\n<meta property=\"article:publisher\" content=\"https:\/\/www.facebook.com\/PressenzaItalia\" \/>\n<meta property=\"article:published_time\" content=\"2020-11-28T11:46:37+00:00\" \/>\n<meta property=\"article:modified_time\" content=\"2020-11-28T11:48:23+00:00\" \/>\n<meta property=\"og:image\" content=\"https:\/\/www.pressenza.com\/wp-content\/uploads\/2020\/03\/h3-millions-brazilians-protest-from-windows-balconies-demanding-presidents-outster.jpg\" \/>\n\t<meta property=\"og:image:width\" content=\"960\" \/>\n\t<meta property=\"og:image:height\" content=\"540\" \/>\n\t<meta property=\"og:image:type\" content=\"image\/jpeg\" \/>\n<meta name=\"author\" content=\"Paolo D&#039;Aprile\" \/>\n<meta name=\"twitter:card\" content=\"summary_large_image\" \/>\n<meta name=\"twitter:creator\" content=\"@PressenzaIPA\" \/>\n<meta name=\"twitter:site\" content=\"@PressenzaIPA\" \/>\n<meta name=\"twitter:label1\" content=\"Scritto da\" \/>\n\t<meta name=\"twitter:data1\" content=\"Paolo D&#039;Aprile\" \/>\n\t<meta name=\"twitter:label2\" content=\"Tempo di lettura stimato\" \/>\n\t<meta name=\"twitter:data2\" content=\"4 minuti\" \/>\n<script type=\"application\/ld+json\" class=\"yoast-schema-graph\">{\"@context\":\"https:\/\/schema.org\",\"@graph\":[{\"@type\":\"Article\",\"@id\":\"https:\/\/www.pressenza.com\/it\/2020\/11\/lettera-aperta-agli-amici-brasiliani\/#article\",\"isPartOf\":{\"@id\":\"https:\/\/www.pressenza.com\/it\/2020\/11\/lettera-aperta-agli-amici-brasiliani\/\"},\"author\":{\"name\":\"Paolo D'Aprile\",\"@id\":\"https:\/\/www.pressenza.com\/it\/#\/schema\/person\/b7683f6cc5b4992d9641abb1dd2b2c7a\"},\"headline\":\"Lettera aperta agli amici brasiliani\",\"datePublished\":\"2020-11-28T11:46:37+00:00\",\"dateModified\":\"2020-11-28T11:48:23+00:00\",\"mainEntityOfPage\":{\"@id\":\"https:\/\/www.pressenza.com\/it\/2020\/11\/lettera-aperta-agli-amici-brasiliani\/\"},\"wordCount\":868,\"publisher\":{\"@id\":\"https:\/\/www.pressenza.com\/it\/#organization\"},\"image\":{\"@id\":\"https:\/\/www.pressenza.com\/it\/2020\/11\/lettera-aperta-agli-amici-brasiliani\/#primaryimage\"},\"thumbnailUrl\":\"https:\/\/www.pressenza.com\/wp-content\/uploads\/2020\/03\/h3-millions-brazilians-protest-from-windows-balconies-demanding-presidents-outster.jpg\",\"keywords\":[\"boicottaggio\",\"elezioni municipali\",\"Jair Bolsonaro\",\"sinistra\"],\"articleSection\":[\"contenuti originali\",\"Opinioni\",\"Politica\",\"Sud America\"],\"inLanguage\":\"it-IT\"},{\"@type\":\"WebPage\",\"@id\":\"https:\/\/www.pressenza.com\/it\/2020\/11\/lettera-aperta-agli-amici-brasiliani\/\",\"url\":\"https:\/\/www.pressenza.com\/it\/2020\/11\/lettera-aperta-agli-amici-brasiliani\/\",\"name\":\"Lettera aperta agli amici brasiliani\",\"isPartOf\":{\"@id\":\"https:\/\/www.pressenza.com\/it\/#website\"},\"primaryImageOfPage\":{\"@id\":\"https:\/\/www.pressenza.com\/it\/2020\/11\/lettera-aperta-agli-amici-brasiliani\/#primaryimage\"},\"image\":{\"@id\":\"https:\/\/www.pressenza.com\/it\/2020\/11\/lettera-aperta-agli-amici-brasiliani\/#primaryimage\"},\"thumbnailUrl\":\"https:\/\/www.pressenza.com\/wp-content\/uploads\/2020\/03\/h3-millions-brazilians-protest-from-windows-balconies-demanding-presidents-outster.jpg\",\"datePublished\":\"2020-11-28T11:46:37+00:00\",\"dateModified\":\"2020-11-28T11:48:23+00:00\",\"description\":\"Scrivo a pochi giorni del ballottaggio delle elezioni municipali che, per lo meno a S\u00e3o Paolo, possono eleggere sindaco un rappresentante dei movimenti\",\"breadcrumb\":{\"@id\":\"https:\/\/www.pressenza.com\/it\/2020\/11\/lettera-aperta-agli-amici-brasiliani\/#breadcrumb\"},\"inLanguage\":\"it-IT\",\"potentialAction\":[{\"@type\":\"ReadAction\",\"target\":[\"https:\/\/www.pressenza.com\/it\/2020\/11\/lettera-aperta-agli-amici-brasiliani\/\"]}]},{\"@type\":\"ImageObject\",\"inLanguage\":\"it-IT\",\"@id\":\"https:\/\/www.pressenza.com\/it\/2020\/11\/lettera-aperta-agli-amici-brasiliani\/#primaryimage\",\"url\":\"https:\/\/www.pressenza.com\/wp-content\/uploads\/2020\/03\/h3-millions-brazilians-protest-from-windows-balconies-demanding-presidents-outster.jpg\",\"contentUrl\":\"https:\/\/www.pressenza.com\/wp-content\/uploads\/2020\/03\/h3-millions-brazilians-protest-from-windows-balconies-demanding-presidents-outster.jpg\",\"width\":960,\"height\":540},{\"@type\":\"BreadcrumbList\",\"@id\":\"https:\/\/www.pressenza.com\/it\/2020\/11\/lettera-aperta-agli-amici-brasiliani\/#breadcrumb\",\"itemListElement\":[{\"@type\":\"ListItem\",\"position\":1,\"name\":\"Accueil\",\"item\":\"https:\/\/www.pressenza.com\/it\/\"},{\"@type\":\"ListItem\",\"position\":2,\"name\":\"Lettera aperta agli amici brasiliani\"}]},{\"@type\":\"WebSite\",\"@id\":\"https:\/\/www.pressenza.com\/it\/#website\",\"url\":\"https:\/\/www.pressenza.com\/it\/\",\"name\":\"Pressenza\",\"description\":\"Agenzia di Stampa Internazionale\",\"publisher\":{\"@id\":\"https:\/\/www.pressenza.com\/it\/#organization\"},\"potentialAction\":[{\"@type\":\"SearchAction\",\"target\":{\"@type\":\"EntryPoint\",\"urlTemplate\":\"https:\/\/www.pressenza.com\/it\/?s={search_term_string}\"},\"query-input\":{\"@type\":\"PropertyValueSpecification\",\"valueRequired\":true,\"valueName\":\"search_term_string\"}}],\"inLanguage\":\"it-IT\"},{\"@type\":\"Organization\",\"@id\":\"https:\/\/www.pressenza.com\/it\/#organization\",\"name\":\"Pressenza\",\"url\":\"https:\/\/www.pressenza.com\/it\/\",\"logo\":{\"@type\":\"ImageObject\",\"inLanguage\":\"it-IT\",\"@id\":\"https:\/\/www.pressenza.com\/it\/#\/schema\/logo\/image\/\",\"url\":\"https:\/\/www.pressenza.com\/wp-content\/uploads\/2022\/10\/pressenza_logo_200x200.jpg\",\"contentUrl\":\"https:\/\/www.pressenza.com\/wp-content\/uploads\/2022\/10\/pressenza_logo_200x200.jpg\",\"width\":200,\"height\":200,\"caption\":\"Pressenza\"},\"image\":{\"@id\":\"https:\/\/www.pressenza.com\/it\/#\/schema\/logo\/image\/\"},\"sameAs\":[\"https:\/\/www.facebook.com\/PressenzaItalia\",\"https:\/\/x.com\/PressenzaIPA\"]},{\"@type\":\"Person\",\"@id\":\"https:\/\/www.pressenza.com\/it\/#\/schema\/person\/b7683f6cc5b4992d9641abb1dd2b2c7a\",\"name\":\"Paolo D'Aprile\",\"description\":\"Nasco nel 1963... sono un uomo di mezza et\u00e0! Vivo a S\u00e3o Paulo dal 1989 e il mio lavoro di fisioterapista mi ha portato in contatto con le situazioni estreme della citt\u00e0, dalle favelas ai \\\"meninos de rua\\\". Ho partecipato a vari progetti di inclusione attraverso l'esercizio dei diritti civili. Da grande voglio fare il calciatore, l'astronauta e il pompiere.\",\"url\":\"https:\/\/www.pressenza.com\/it\/author\/paolo-daprile\/\"}]}<\/script>\n<!-- \/ Yoast SEO plugin. -->","yoast_head_json":{"title":"Lettera aperta agli amici brasiliani","description":"Scrivo a pochi giorni del ballottaggio delle elezioni municipali che, per lo meno a S\u00e3o Paolo, possono eleggere sindaco un rappresentante dei movimenti","robots":{"index":"index","follow":"follow","max-snippet":"max-snippet:-1","max-image-preview":"max-image-preview:large","max-video-preview":"max-video-preview:-1"},"canonical":"https:\/\/www.pressenza.com\/it\/2020\/11\/lettera-aperta-agli-amici-brasiliani\/","og_locale":"it_IT","og_type":"article","og_title":"Lettera aperta agli amici brasiliani","og_description":"Scrivo a pochi giorni del ballottaggio delle elezioni municipali che, per lo meno a S\u00e3o Paolo, possono eleggere sindaco un rappresentante dei movimenti","og_url":"https:\/\/www.pressenza.com\/it\/2020\/11\/lettera-aperta-agli-amici-brasiliani\/","og_site_name":"Pressenza","article_publisher":"https:\/\/www.facebook.com\/PressenzaItalia","article_published_time":"2020-11-28T11:46:37+00:00","article_modified_time":"2020-11-28T11:48:23+00:00","og_image":[{"width":960,"height":540,"url":"https:\/\/www.pressenza.com\/wp-content\/uploads\/2020\/03\/h3-millions-brazilians-protest-from-windows-balconies-demanding-presidents-outster.jpg","type":"image\/jpeg"}],"author":"Paolo D'Aprile","twitter_card":"summary_large_image","twitter_creator":"@PressenzaIPA","twitter_site":"@PressenzaIPA","twitter_misc":{"Scritto da":"Paolo D'Aprile","Tempo di lettura stimato":"4 minuti"},"schema":{"@context":"https:\/\/schema.org","@graph":[{"@type":"Article","@id":"https:\/\/www.pressenza.com\/it\/2020\/11\/lettera-aperta-agli-amici-brasiliani\/#article","isPartOf":{"@id":"https:\/\/www.pressenza.com\/it\/2020\/11\/lettera-aperta-agli-amici-brasiliani\/"},"author":{"name":"Paolo D'Aprile","@id":"https:\/\/www.pressenza.com\/it\/#\/schema\/person\/b7683f6cc5b4992d9641abb1dd2b2c7a"},"headline":"Lettera aperta agli amici brasiliani","datePublished":"2020-11-28T11:46:37+00:00","dateModified":"2020-11-28T11:48:23+00:00","mainEntityOfPage":{"@id":"https:\/\/www.pressenza.com\/it\/2020\/11\/lettera-aperta-agli-amici-brasiliani\/"},"wordCount":868,"publisher":{"@id":"https:\/\/www.pressenza.com\/it\/#organization"},"image":{"@id":"https:\/\/www.pressenza.com\/it\/2020\/11\/lettera-aperta-agli-amici-brasiliani\/#primaryimage"},"thumbnailUrl":"https:\/\/www.pressenza.com\/wp-content\/uploads\/2020\/03\/h3-millions-brazilians-protest-from-windows-balconies-demanding-presidents-outster.jpg","keywords":["boicottaggio","elezioni municipali","Jair Bolsonaro","sinistra"],"articleSection":["contenuti originali","Opinioni","Politica","Sud America"],"inLanguage":"it-IT"},{"@type":"WebPage","@id":"https:\/\/www.pressenza.com\/it\/2020\/11\/lettera-aperta-agli-amici-brasiliani\/","url":"https:\/\/www.pressenza.com\/it\/2020\/11\/lettera-aperta-agli-amici-brasiliani\/","name":"Lettera aperta agli amici brasiliani","isPartOf":{"@id":"https:\/\/www.pressenza.com\/it\/#website"},"primaryImageOfPage":{"@id":"https:\/\/www.pressenza.com\/it\/2020\/11\/lettera-aperta-agli-amici-brasiliani\/#primaryimage"},"image":{"@id":"https:\/\/www.pressenza.com\/it\/2020\/11\/lettera-aperta-agli-amici-brasiliani\/#primaryimage"},"thumbnailUrl":"https:\/\/www.pressenza.com\/wp-content\/uploads\/2020\/03\/h3-millions-brazilians-protest-from-windows-balconies-demanding-presidents-outster.jpg","datePublished":"2020-11-28T11:46:37+00:00","dateModified":"2020-11-28T11:48:23+00:00","description":"Scrivo a pochi giorni del ballottaggio delle elezioni municipali che, per lo meno a S\u00e3o Paolo, possono eleggere sindaco un rappresentante dei movimenti","breadcrumb":{"@id":"https:\/\/www.pressenza.com\/it\/2020\/11\/lettera-aperta-agli-amici-brasiliani\/#breadcrumb"},"inLanguage":"it-IT","potentialAction":[{"@type":"ReadAction","target":["https:\/\/www.pressenza.com\/it\/2020\/11\/lettera-aperta-agli-amici-brasiliani\/"]}]},{"@type":"ImageObject","inLanguage":"it-IT","@id":"https:\/\/www.pressenza.com\/it\/2020\/11\/lettera-aperta-agli-amici-brasiliani\/#primaryimage","url":"https:\/\/www.pressenza.com\/wp-content\/uploads\/2020\/03\/h3-millions-brazilians-protest-from-windows-balconies-demanding-presidents-outster.jpg","contentUrl":"https:\/\/www.pressenza.com\/wp-content\/uploads\/2020\/03\/h3-millions-brazilians-protest-from-windows-balconies-demanding-presidents-outster.jpg","width":960,"height":540},{"@type":"BreadcrumbList","@id":"https:\/\/www.pressenza.com\/it\/2020\/11\/lettera-aperta-agli-amici-brasiliani\/#breadcrumb","itemListElement":[{"@type":"ListItem","position":1,"name":"Accueil","item":"https:\/\/www.pressenza.com\/it\/"},{"@type":"ListItem","position":2,"name":"Lettera aperta agli amici brasiliani"}]},{"@type":"WebSite","@id":"https:\/\/www.pressenza.com\/it\/#website","url":"https:\/\/www.pressenza.com\/it\/","name":"Pressenza","description":"Agenzia di Stampa Internazionale","publisher":{"@id":"https:\/\/www.pressenza.com\/it\/#organization"},"potentialAction":[{"@type":"SearchAction","target":{"@type":"EntryPoint","urlTemplate":"https:\/\/www.pressenza.com\/it\/?s={search_term_string}"},"query-input":{"@type":"PropertyValueSpecification","valueRequired":true,"valueName":"search_term_string"}}],"inLanguage":"it-IT"},{"@type":"Organization","@id":"https:\/\/www.pressenza.com\/it\/#organization","name":"Pressenza","url":"https:\/\/www.pressenza.com\/it\/","logo":{"@type":"ImageObject","inLanguage":"it-IT","@id":"https:\/\/www.pressenza.com\/it\/#\/schema\/logo\/image\/","url":"https:\/\/www.pressenza.com\/wp-content\/uploads\/2022\/10\/pressenza_logo_200x200.jpg","contentUrl":"https:\/\/www.pressenza.com\/wp-content\/uploads\/2022\/10\/pressenza_logo_200x200.jpg","width":200,"height":200,"caption":"Pressenza"},"image":{"@id":"https:\/\/www.pressenza.com\/it\/#\/schema\/logo\/image\/"},"sameAs":["https:\/\/www.facebook.com\/PressenzaItalia","https:\/\/x.com\/PressenzaIPA"]},{"@type":"Person","@id":"https:\/\/www.pressenza.com\/it\/#\/schema\/person\/b7683f6cc5b4992d9641abb1dd2b2c7a","name":"Paolo D'Aprile","description":"Nasco nel 1963... sono un uomo di mezza et\u00e0! Vivo a S\u00e3o Paulo dal 1989 e il mio lavoro di fisioterapista mi ha portato in contatto con le situazioni estreme della citt\u00e0, dalle favelas ai \"meninos de rua\". Ho partecipato a vari progetti di inclusione attraverso l'esercizio dei diritti civili. Da grande voglio fare il calciatore, l'astronauta e il pompiere.","url":"https:\/\/www.pressenza.com\/it\/author\/paolo-daprile\/"}]}},"place":"Sa\u00f5 Paulo","original_article_url":"","_links":{"self":[{"href":"https:\/\/www.pressenza.com\/it\/wp-json\/wp\/v2\/posts\/1249488","targetHints":{"allow":["GET"]}}],"collection":[{"href":"https:\/\/www.pressenza.com\/it\/wp-json\/wp\/v2\/posts"}],"about":[{"href":"https:\/\/www.pressenza.com\/it\/wp-json\/wp\/v2\/types\/post"}],"author":[{"embeddable":true,"href":"https:\/\/www.pressenza.com\/it\/wp-json\/wp\/v2\/users\/1567"}],"replies":[{"embeddable":true,"href":"https:\/\/www.pressenza.com\/it\/wp-json\/wp\/v2\/comments?post=1249488"}],"version-history":[{"count":0,"href":"https:\/\/www.pressenza.com\/it\/wp-json\/wp\/v2\/posts\/1249488\/revisions"}],"wp:featuredmedia":[{"embeddable":true,"href":"https:\/\/www.pressenza.com\/it\/wp-json\/wp\/v2\/media\/1061569"}],"wp:attachment":[{"href":"https:\/\/www.pressenza.com\/it\/wp-json\/wp\/v2\/media?parent=1249488"}],"wp:term":[{"taxonomy":"category","embeddable":true,"href":"https:\/\/www.pressenza.com\/it\/wp-json\/wp\/v2\/categories?post=1249488"},{"taxonomy":"post_tag","embeddable":true,"href":"https:\/\/www.pressenza.com\/it\/wp-json\/wp\/v2\/tags?post=1249488"}],"curies":[{"name":"wp","href":"https:\/\/api.w.org\/{rel}","templated":true}]}}