{"id":1248949,"date":"2020-11-27T16:47:52","date_gmt":"2020-11-27T16:47:52","guid":{"rendered":"https:\/\/www.pressenza.com\/?p=1248949"},"modified":"2021-11-06T17:08:23","modified_gmt":"2021-11-06T17:08:23","slug":"piu-tempo-autonomo-per-se-oltre-il-tempo-della-riproduzione","status":"publish","type":"post","link":"https:\/\/www.pressenza.com\/it\/2020\/11\/piu-tempo-autonomo-per-se-oltre-il-tempo-della-riproduzione\/","title":{"rendered":"Pi\u00f9 tempo autonomo per s\u00e9 oltre il tempo della Ri\\Produzione"},"content":{"rendered":"<p><em>pubblichiamo la sintesi dell\u2019introduzione relazionata dalla nostra redattrice al seminario<\/em> <em>\u201c<\/em><em>Doppio carico delle Donne ? L\u2019altra visione del Lavoro\u201d, svoltosi ad inizio novembre (di cui linkiamo il video) ed organizzato dalla redazione palermitana dl Pressenza, insieme a Caff\u00e8 Filosofico \u201cB.Bonetti\u201d, NonUnaDiMeno e Udi Palermo<\/em><\/p>\n<p>In un articolo del 30 ottobre 2020 apparso su <strong><em>la Repubblica <\/em><\/strong>Valentina Conte fa osservare come l\u2019Italia non sia\u00a0 \u201cun paese per donne meno ancora per madri\u201d. Infatti, le donne, non solo percepiscono un salario minore rispetto agli uomini a parit\u00e0 di competenze e di carico di lavoro, ma, se madri, a causa del passaggio scelto o forzato al part-time per accudire i propri figli, conservano salari e scatti di anzianit\u00e0 minori rispetto alle colleghe. D\u2019altra parte, prosegue la giornalista, la riforma del lavoro voluta dal governo Renzi, che ha abolito l\u2019art. 18, ha avuto come conseguenza indiretta la \u201criduzione della fertilit\u00e0 delle lavoratrici nelle aziende con pi\u00f9 di 15 dipendenti\u201d che, pur avendo un contratto stabile, si sentono meno tutelate e, pertanto, rimandano la maternit\u00e0 o vi rinunciano del tutto per evitare il licenziamento. Chiaramente, rileva Valentina Conte, la crisi economica legata alla pandemia ha peggiorato la condizione delle lavoratrici che sono \u201cle pi\u00f9 colpite dai contraccolpi sociali ed economici del Covid: contratti precari nei servizi, nell\u2019economia informale, nei settori non essenziali\u201d.<\/p>\n<p>C\u2019\u00e8 da chiedersi se non siamo tornati all\u2019epoca delle telegrafiste che se volevano sposarsi e metter su famiglia avrebbero, per regolamento, perso il lavoro. Vien voglia di rileggere le pagine di Matilde Serao che descrive la triste condizione di queste lavoratrici nel 1886. Preferiamo, invece, rievocare, ancora una volta, la bellissima pagina di solidariet\u00e0 e riscossa delle telegrafiste palermitane che agli inizi del Novecento ottennero il diritto al riconoscimento degli anni di pre-ruolo ai fini del calcolo della pensione, diritto di cui ancora oggi godono le donne e gli uomini che lavorano nel pubblico impiego: si tratta della storia di <a href=\"https:\/\/www.pressenza.com\/it\/2020\/03\/fuori-dalloblio-Maria-Patane'\">Maria Patane\u2019<\/a> e delle compagne telegrafiste, pubblicata su le pagine di Pressenza.<\/p>\n<p>Come sappiamo, le femministe in tutto l\u2019arco del Novecento hanno chiesto parit\u00e0 tra uomo e donna e hanno rivendicato il diritto di entrare nel mondo del lavoro e occupare spazi che prima erano di esclusiva <strong>attribuzione <\/strong>maschile. All\u2019alba del nuovo secolo le donne che hanno acquisito consapevolezza di <strong>s\u00e9, \u00a0oltre i diritti,<\/strong> dichiarano di scegliere tutto:<em> Il piacere di stare con i figli e lavorare bene<\/em>. Nell\u2019Ottobre 2009, nel periodico \u00a0SOTTOSOPRA, le compagne della Libreria delle donne di Milano hanno ribadito <em>IL DOPPIO SI\u2019<\/em> \u00a0al lavoro e alla maternit\u00e0. L\u2019essere madre, infatti, d\u00e0 \u201cforma a un desiderio che <strong>\u00e8 iscritto <\/strong>nel corpo e nella mente delle donne\u201d. Un desiderio che, quando viene messo liberamente in atto \u2013 spiegano \u2013 \u201cporta con s\u00e9 la necessit\u00e0 e il piacere, anche fisico, di stare vicino al bambino. Non solo quando \u00e8 molto piccolo, ma a intermittenza anche in altre fasi della crescita\u201d.<\/p>\n<p>Questa consapevolezza richiede <em>un rapporto diverso con il tempo<\/em>. Il tempo riservato alla cura dei figli e all\u2019essere madre deve misurarsi con il tempo della produzione dei beni. Si tratta di ripensare il lavoro per le donne, siano esse madri e non, e per gli uomini, come viene reso esplicito da Giordana Masotto nel 2018 in \u00a0<strong><em>SOTTOSOPRA,<\/em><\/strong> quando afferma che \u201c<em>Il lavoro ha bisogno di femminismo\u201d<\/em>. Infatti a partire dai desideri e dalle necessit\u00e0 delle donne \u00e8 possibile \u201cripensare il lavoro e l\u2019economia in chiave postpatriarcale \u201c e riflettere su \u201cnuovi paradigmi in cui tutti, donne e uomini, possono riconoscersi\u201d, realizzare i propri desideri e contribuire al benessere economico e sociale della comunit\u00e0. Si tratta, per fare un esempio, di diminuire le ore di lavoro a parit\u00e0 di salario, per liberare tempo per s\u00e9.<\/p>\n<p>Nel libro inchiesta <em>Doppio carico<\/em> di Lariana Lucciarini, Lara operaia specializzata di una piccola azienda metalmeccanica a Reggiolo in Emilia Romagna, per potere godere di \u201ctempo per s\u00e9 e per le sue passioni: i fiori del suo giardino, i piccoli lavori di d\u00e9coupage che rivende ai mercatini artigianali, le serate di balli latinoamericani\u201d deve optare per il part-time con riduzione dello stipendio e dei contributi pensionistici. Nello stesso volume, Pamela, la prima operaia che \u00e8 entrata nella sala macchine della fabbrica metal meccanica Fca di Ferrara, non rinuncia a quegli ornamenti che i suoi colleghi maschi reputano \u201cvezzi inutili\u201d e che \u00e8 invece sono <strong>un <\/strong>modo di dedicare tempo a s\u00e9 stessa. \u00a0D\u2019altra parte Pamela dinanzi agli operai del suo reparto non pu\u00f2 fare a meno di giustificare quelle piccole attenzioni riservate al suo corpo femminile con affermazioni pratiche: \u00a0il rossetto protegge le labbra, lo smalto copre lo sporco sotto le unghia e le mollette raccolgono le ciocche dei capelli per evitare che si impiglino negli ingranaggi e si sporchino dell\u2019olio delle macchine.<\/p>\n<p>Si tratta, a questo punto, di avere il coraggio di dichiarare che la parit\u00e0 a cui hanno aspirato le donne del Novecento va intesa oggi \u201ccome un\u2019espressione della libert\u00e0 delle donne <em>in quanto donne<\/em>,\u201d mettendo da parte l\u2019idea che le donne possano e debbano essere come gli uomini. Si tratta di prendere coscienza del fatto che la soggettivit\u00e0 femminile pu\u00f2 contribuire a cambiare il mondo e invertire l\u2019ordine delle cose e dei ragionamenti, come risulta chiaro nelle parole di Carmen Nappo, operaia che \u00e8 stata licenziata assieme al marito e ad altri quattrocento lavoratori dalla Whirlpool a seguito della chiusura dello stabilimento di Napoli: \u201cNon esistono solo profitti. Mio pap\u00e0 l\u2019ha praticamente costruito questo impianto, insieme a tanti altri che hanno dato i loro terreni \u2026 \u00c8 la nostra fabbrica\u201d (<strong><em>la Repubblica<\/em><\/strong> 31 ottobre 2020)<\/p>\n<p><strong>Sempre pi\u00f9 donne<\/strong> stanno concretamente capovolgendo il punto di vista sul lavoro per tutti.<\/p>\n<p>&nbsp;<\/p>\n<p>Video <a href=\"https:\/\/www.youtube.com\/watch?v=dZL6RzGBRnU\">https:\/\/www.youtube.com\/watch?v=dZL6RzGBRnU<\/a><\/p>\n<p>&nbsp;<\/p>\n<p>&nbsp;<\/p>\n<p>&nbsp;<\/p>\n","protected":false},"excerpt":{"rendered":"<p>pubblichiamo la sintesi dell\u2019introduzione relazionata dalla nostra redattrice al seminario \u201cDoppio carico delle Donne ? L\u2019altra visione del Lavoro\u201d, svoltosi ad inizio novembre (di cui linkiamo il video) ed organizzato dalla redazione palermitana dl Pressenza, insieme a Caff\u00e8 Filosofico \u201cB.Bonetti\u201d,&hellip;<\/p>\n","protected":false},"author":2073,"featured_media":1248950,"comment_status":"closed","ping_status":"closed","sticky":false,"template":"","format":"standard","meta":{"footnotes":""},"categories":[11388,56,47,54513],"tags":[568,16580],"class_list":["post-1248949","post","type-post","status-publish","format-standard","has-post-thumbnail","hentry","category-contenuti-originali","category-cultura","category-europa","category-genere-e-femminismi","tag-donne","tag-femminismo"],"yoast_head":"<!-- This site is optimized with the Yoast SEO plugin v27.1.1 - https:\/\/yoast.com\/product\/yoast-seo-wordpress\/ -->\n<title>Pi\u00f9 tempo autonomo per s\u00e9 oltre il tempo della Ri\\Produzione<\/title>\n<meta name=\"description\" content=\"pubblichiamo la sintesi dell\u2019introduzione relazionata dalla nostra redattrice al seminario \u201cDoppio carico delle Donne ? L\u2019altra visione del Lavoro\u201d,\" \/>\n<meta name=\"robots\" content=\"index, follow, max-snippet:-1, max-image-preview:large, max-video-preview:-1\" \/>\n<link rel=\"canonical\" href=\"https:\/\/www.pressenza.com\/it\/2020\/11\/piu-tempo-autonomo-per-se-oltre-il-tempo-della-riproduzione\/\" \/>\n<meta property=\"og:locale\" content=\"it_IT\" \/>\n<meta property=\"og:type\" content=\"article\" \/>\n<meta property=\"og:title\" content=\"Pi\u00f9 tempo autonomo per s\u00e9 oltre il tempo della Ri\\Produzione\" \/>\n<meta property=\"og:description\" content=\"pubblichiamo la sintesi dell\u2019introduzione relazionata dalla nostra redattrice al seminario \u201cDoppio carico delle Donne ? L\u2019altra visione del Lavoro\u201d,\" \/>\n<meta property=\"og:url\" content=\"https:\/\/www.pressenza.com\/it\/2020\/11\/piu-tempo-autonomo-per-se-oltre-il-tempo-della-riproduzione\/\" \/>\n<meta property=\"og:site_name\" content=\"Pressenza\" \/>\n<meta property=\"article:publisher\" content=\"https:\/\/www.facebook.com\/PressenzaItalia\" \/>\n<meta property=\"article:published_time\" content=\"2020-11-27T16:47:52+00:00\" \/>\n<meta property=\"article:modified_time\" content=\"2021-11-06T17:08:23+00:00\" \/>\n<meta property=\"og:image\" content=\"https:\/\/www.pressenza.com\/wp-content\/uploads\/2020\/11\/donne-piccola-antologia-femminista.jpeg\" \/>\n\t<meta property=\"og:image:width\" content=\"850\" \/>\n\t<meta property=\"og:image:height\" content=\"425\" \/>\n\t<meta property=\"og:image:type\" content=\"image\/jpeg\" \/>\n<meta name=\"author\" content=\"Ketty Giannilivigni\" \/>\n<meta name=\"twitter:card\" content=\"summary_large_image\" \/>\n<meta name=\"twitter:creator\" content=\"@PressenzaIPA\" \/>\n<meta name=\"twitter:site\" content=\"@PressenzaIPA\" \/>\n<meta name=\"twitter:label1\" content=\"Scritto da\" \/>\n\t<meta name=\"twitter:data1\" content=\"Ketty Giannilivigni\" \/>\n\t<meta name=\"twitter:label2\" content=\"Tempo di lettura stimato\" \/>\n\t<meta name=\"twitter:data2\" content=\"5 minuti\" \/>\n<script type=\"application\/ld+json\" class=\"yoast-schema-graph\">{\"@context\":\"https:\/\/schema.org\",\"@graph\":[{\"@type\":\"Article\",\"@id\":\"https:\/\/www.pressenza.com\/it\/2020\/11\/piu-tempo-autonomo-per-se-oltre-il-tempo-della-riproduzione\/#article\",\"isPartOf\":{\"@id\":\"https:\/\/www.pressenza.com\/it\/2020\/11\/piu-tempo-autonomo-per-se-oltre-il-tempo-della-riproduzione\/\"},\"author\":{\"name\":\"Ketty Giannilivigni\",\"@id\":\"https:\/\/www.pressenza.com\/it\/#\/schema\/person\/4716f959d9db6175a7babf35dbc6cb1e\"},\"headline\":\"Pi\u00f9 tempo autonomo per s\u00e9 oltre il tempo della Ri\\\\Produzione\",\"datePublished\":\"2020-11-27T16:47:52+00:00\",\"dateModified\":\"2021-11-06T17:08:23+00:00\",\"mainEntityOfPage\":{\"@id\":\"https:\/\/www.pressenza.com\/it\/2020\/11\/piu-tempo-autonomo-per-se-oltre-il-tempo-della-riproduzione\/\"},\"wordCount\":958,\"publisher\":{\"@id\":\"https:\/\/www.pressenza.com\/it\/#organization\"},\"image\":{\"@id\":\"https:\/\/www.pressenza.com\/it\/2020\/11\/piu-tempo-autonomo-per-se-oltre-il-tempo-della-riproduzione\/#primaryimage\"},\"thumbnailUrl\":\"https:\/\/www.pressenza.com\/wp-content\/uploads\/2020\/11\/donne-piccola-antologia-femminista.jpeg\",\"keywords\":[\"donne\",\"femminismo\"],\"articleSection\":[\"contenuti originali\",\"Cultura e Media\",\"Europa\",\"Genere e femminismi\"],\"inLanguage\":\"it-IT\"},{\"@type\":\"WebPage\",\"@id\":\"https:\/\/www.pressenza.com\/it\/2020\/11\/piu-tempo-autonomo-per-se-oltre-il-tempo-della-riproduzione\/\",\"url\":\"https:\/\/www.pressenza.com\/it\/2020\/11\/piu-tempo-autonomo-per-se-oltre-il-tempo-della-riproduzione\/\",\"name\":\"Pi\u00f9 tempo autonomo per s\u00e9 oltre il tempo della Ri\\\\Produzione\",\"isPartOf\":{\"@id\":\"https:\/\/www.pressenza.com\/it\/#website\"},\"primaryImageOfPage\":{\"@id\":\"https:\/\/www.pressenza.com\/it\/2020\/11\/piu-tempo-autonomo-per-se-oltre-il-tempo-della-riproduzione\/#primaryimage\"},\"image\":{\"@id\":\"https:\/\/www.pressenza.com\/it\/2020\/11\/piu-tempo-autonomo-per-se-oltre-il-tempo-della-riproduzione\/#primaryimage\"},\"thumbnailUrl\":\"https:\/\/www.pressenza.com\/wp-content\/uploads\/2020\/11\/donne-piccola-antologia-femminista.jpeg\",\"datePublished\":\"2020-11-27T16:47:52+00:00\",\"dateModified\":\"2021-11-06T17:08:23+00:00\",\"description\":\"pubblichiamo la sintesi dell\u2019introduzione relazionata dalla nostra redattrice al seminario \u201cDoppio carico delle Donne ? L\u2019altra visione del Lavoro\u201d,\",\"breadcrumb\":{\"@id\":\"https:\/\/www.pressenza.com\/it\/2020\/11\/piu-tempo-autonomo-per-se-oltre-il-tempo-della-riproduzione\/#breadcrumb\"},\"inLanguage\":\"it-IT\",\"potentialAction\":[{\"@type\":\"ReadAction\",\"target\":[\"https:\/\/www.pressenza.com\/it\/2020\/11\/piu-tempo-autonomo-per-se-oltre-il-tempo-della-riproduzione\/\"]}]},{\"@type\":\"ImageObject\",\"inLanguage\":\"it-IT\",\"@id\":\"https:\/\/www.pressenza.com\/it\/2020\/11\/piu-tempo-autonomo-per-se-oltre-il-tempo-della-riproduzione\/#primaryimage\",\"url\":\"https:\/\/www.pressenza.com\/wp-content\/uploads\/2020\/11\/donne-piccola-antologia-femminista.jpeg\",\"contentUrl\":\"https:\/\/www.pressenza.com\/wp-content\/uploads\/2020\/11\/donne-piccola-antologia-femminista.jpeg\",\"width\":850,\"height\":425},{\"@type\":\"BreadcrumbList\",\"@id\":\"https:\/\/www.pressenza.com\/it\/2020\/11\/piu-tempo-autonomo-per-se-oltre-il-tempo-della-riproduzione\/#breadcrumb\",\"itemListElement\":[{\"@type\":\"ListItem\",\"position\":1,\"name\":\"Accueil\",\"item\":\"https:\/\/www.pressenza.com\/it\/\"},{\"@type\":\"ListItem\",\"position\":2,\"name\":\"Pi\u00f9 tempo autonomo per s\u00e9 oltre il tempo della Ri\\\\Produzione\"}]},{\"@type\":\"WebSite\",\"@id\":\"https:\/\/www.pressenza.com\/it\/#website\",\"url\":\"https:\/\/www.pressenza.com\/it\/\",\"name\":\"Pressenza\",\"description\":\"Agenzia di Stampa Internazionale\",\"publisher\":{\"@id\":\"https:\/\/www.pressenza.com\/it\/#organization\"},\"potentialAction\":[{\"@type\":\"SearchAction\",\"target\":{\"@type\":\"EntryPoint\",\"urlTemplate\":\"https:\/\/www.pressenza.com\/it\/?s={search_term_string}\"},\"query-input\":{\"@type\":\"PropertyValueSpecification\",\"valueRequired\":true,\"valueName\":\"search_term_string\"}}],\"inLanguage\":\"it-IT\"},{\"@type\":\"Organization\",\"@id\":\"https:\/\/www.pressenza.com\/it\/#organization\",\"name\":\"Pressenza\",\"url\":\"https:\/\/www.pressenza.com\/it\/\",\"logo\":{\"@type\":\"ImageObject\",\"inLanguage\":\"it-IT\",\"@id\":\"https:\/\/www.pressenza.com\/it\/#\/schema\/logo\/image\/\",\"url\":\"https:\/\/www.pressenza.com\/wp-content\/uploads\/2022\/10\/pressenza_logo_200x200.jpg\",\"contentUrl\":\"https:\/\/www.pressenza.com\/wp-content\/uploads\/2022\/10\/pressenza_logo_200x200.jpg\",\"width\":200,\"height\":200,\"caption\":\"Pressenza\"},\"image\":{\"@id\":\"https:\/\/www.pressenza.com\/it\/#\/schema\/logo\/image\/\"},\"sameAs\":[\"https:\/\/www.facebook.com\/PressenzaItalia\",\"https:\/\/x.com\/PressenzaIPA\"]},{\"@type\":\"Person\",\"@id\":\"https:\/\/www.pressenza.com\/it\/#\/schema\/person\/4716f959d9db6175a7babf35dbc6cb1e\",\"name\":\"Ketty Giannilivigni\",\"description\":\"Scrittrice e saggista, femminista e sociologa della moda. Ha collaborato con varie riviste (\\\"Salvare Palermo\\\", \\\"Ciumelato\\\", \\\"Mezzocielo\\\", \\\"Segno\\\") e testate online come \\\"NoteBlock\\\" e \\\"Mediterraneo di Pace\\\". Inoltre \u00e8 stata fra i fondatori del Comitato sui Beni comuni \\\"Stefano Rodot\u00e0\\\" di Palermo.\",\"url\":\"https:\/\/www.pressenza.com\/it\/author\/ketty-giannilivigni\/\"}]}<\/script>\n<!-- \/ Yoast SEO plugin. -->","yoast_head_json":{"title":"Pi\u00f9 tempo autonomo per s\u00e9 oltre il tempo della Ri\\Produzione","description":"pubblichiamo la sintesi dell\u2019introduzione relazionata dalla nostra redattrice al seminario \u201cDoppio carico delle Donne ? L\u2019altra visione del Lavoro\u201d,","robots":{"index":"index","follow":"follow","max-snippet":"max-snippet:-1","max-image-preview":"max-image-preview:large","max-video-preview":"max-video-preview:-1"},"canonical":"https:\/\/www.pressenza.com\/it\/2020\/11\/piu-tempo-autonomo-per-se-oltre-il-tempo-della-riproduzione\/","og_locale":"it_IT","og_type":"article","og_title":"Pi\u00f9 tempo autonomo per s\u00e9 oltre il tempo della Ri\\Produzione","og_description":"pubblichiamo la sintesi dell\u2019introduzione relazionata dalla nostra redattrice al seminario \u201cDoppio carico delle Donne ? L\u2019altra visione del Lavoro\u201d,","og_url":"https:\/\/www.pressenza.com\/it\/2020\/11\/piu-tempo-autonomo-per-se-oltre-il-tempo-della-riproduzione\/","og_site_name":"Pressenza","article_publisher":"https:\/\/www.facebook.com\/PressenzaItalia","article_published_time":"2020-11-27T16:47:52+00:00","article_modified_time":"2021-11-06T17:08:23+00:00","og_image":[{"width":850,"height":425,"url":"https:\/\/www.pressenza.com\/wp-content\/uploads\/2020\/11\/donne-piccola-antologia-femminista.jpeg","type":"image\/jpeg"}],"author":"Ketty Giannilivigni","twitter_card":"summary_large_image","twitter_creator":"@PressenzaIPA","twitter_site":"@PressenzaIPA","twitter_misc":{"Scritto da":"Ketty Giannilivigni","Tempo di lettura stimato":"5 minuti"},"schema":{"@context":"https:\/\/schema.org","@graph":[{"@type":"Article","@id":"https:\/\/www.pressenza.com\/it\/2020\/11\/piu-tempo-autonomo-per-se-oltre-il-tempo-della-riproduzione\/#article","isPartOf":{"@id":"https:\/\/www.pressenza.com\/it\/2020\/11\/piu-tempo-autonomo-per-se-oltre-il-tempo-della-riproduzione\/"},"author":{"name":"Ketty Giannilivigni","@id":"https:\/\/www.pressenza.com\/it\/#\/schema\/person\/4716f959d9db6175a7babf35dbc6cb1e"},"headline":"Pi\u00f9 tempo autonomo per s\u00e9 oltre il tempo della Ri\\Produzione","datePublished":"2020-11-27T16:47:52+00:00","dateModified":"2021-11-06T17:08:23+00:00","mainEntityOfPage":{"@id":"https:\/\/www.pressenza.com\/it\/2020\/11\/piu-tempo-autonomo-per-se-oltre-il-tempo-della-riproduzione\/"},"wordCount":958,"publisher":{"@id":"https:\/\/www.pressenza.com\/it\/#organization"},"image":{"@id":"https:\/\/www.pressenza.com\/it\/2020\/11\/piu-tempo-autonomo-per-se-oltre-il-tempo-della-riproduzione\/#primaryimage"},"thumbnailUrl":"https:\/\/www.pressenza.com\/wp-content\/uploads\/2020\/11\/donne-piccola-antologia-femminista.jpeg","keywords":["donne","femminismo"],"articleSection":["contenuti originali","Cultura e Media","Europa","Genere e femminismi"],"inLanguage":"it-IT"},{"@type":"WebPage","@id":"https:\/\/www.pressenza.com\/it\/2020\/11\/piu-tempo-autonomo-per-se-oltre-il-tempo-della-riproduzione\/","url":"https:\/\/www.pressenza.com\/it\/2020\/11\/piu-tempo-autonomo-per-se-oltre-il-tempo-della-riproduzione\/","name":"Pi\u00f9 tempo autonomo per s\u00e9 oltre il tempo della Ri\\Produzione","isPartOf":{"@id":"https:\/\/www.pressenza.com\/it\/#website"},"primaryImageOfPage":{"@id":"https:\/\/www.pressenza.com\/it\/2020\/11\/piu-tempo-autonomo-per-se-oltre-il-tempo-della-riproduzione\/#primaryimage"},"image":{"@id":"https:\/\/www.pressenza.com\/it\/2020\/11\/piu-tempo-autonomo-per-se-oltre-il-tempo-della-riproduzione\/#primaryimage"},"thumbnailUrl":"https:\/\/www.pressenza.com\/wp-content\/uploads\/2020\/11\/donne-piccola-antologia-femminista.jpeg","datePublished":"2020-11-27T16:47:52+00:00","dateModified":"2021-11-06T17:08:23+00:00","description":"pubblichiamo la sintesi dell\u2019introduzione relazionata dalla nostra redattrice al seminario \u201cDoppio carico delle Donne ? L\u2019altra visione del Lavoro\u201d,","breadcrumb":{"@id":"https:\/\/www.pressenza.com\/it\/2020\/11\/piu-tempo-autonomo-per-se-oltre-il-tempo-della-riproduzione\/#breadcrumb"},"inLanguage":"it-IT","potentialAction":[{"@type":"ReadAction","target":["https:\/\/www.pressenza.com\/it\/2020\/11\/piu-tempo-autonomo-per-se-oltre-il-tempo-della-riproduzione\/"]}]},{"@type":"ImageObject","inLanguage":"it-IT","@id":"https:\/\/www.pressenza.com\/it\/2020\/11\/piu-tempo-autonomo-per-se-oltre-il-tempo-della-riproduzione\/#primaryimage","url":"https:\/\/www.pressenza.com\/wp-content\/uploads\/2020\/11\/donne-piccola-antologia-femminista.jpeg","contentUrl":"https:\/\/www.pressenza.com\/wp-content\/uploads\/2020\/11\/donne-piccola-antologia-femminista.jpeg","width":850,"height":425},{"@type":"BreadcrumbList","@id":"https:\/\/www.pressenza.com\/it\/2020\/11\/piu-tempo-autonomo-per-se-oltre-il-tempo-della-riproduzione\/#breadcrumb","itemListElement":[{"@type":"ListItem","position":1,"name":"Accueil","item":"https:\/\/www.pressenza.com\/it\/"},{"@type":"ListItem","position":2,"name":"Pi\u00f9 tempo autonomo per s\u00e9 oltre il tempo della Ri\\Produzione"}]},{"@type":"WebSite","@id":"https:\/\/www.pressenza.com\/it\/#website","url":"https:\/\/www.pressenza.com\/it\/","name":"Pressenza","description":"Agenzia di Stampa Internazionale","publisher":{"@id":"https:\/\/www.pressenza.com\/it\/#organization"},"potentialAction":[{"@type":"SearchAction","target":{"@type":"EntryPoint","urlTemplate":"https:\/\/www.pressenza.com\/it\/?s={search_term_string}"},"query-input":{"@type":"PropertyValueSpecification","valueRequired":true,"valueName":"search_term_string"}}],"inLanguage":"it-IT"},{"@type":"Organization","@id":"https:\/\/www.pressenza.com\/it\/#organization","name":"Pressenza","url":"https:\/\/www.pressenza.com\/it\/","logo":{"@type":"ImageObject","inLanguage":"it-IT","@id":"https:\/\/www.pressenza.com\/it\/#\/schema\/logo\/image\/","url":"https:\/\/www.pressenza.com\/wp-content\/uploads\/2022\/10\/pressenza_logo_200x200.jpg","contentUrl":"https:\/\/www.pressenza.com\/wp-content\/uploads\/2022\/10\/pressenza_logo_200x200.jpg","width":200,"height":200,"caption":"Pressenza"},"image":{"@id":"https:\/\/www.pressenza.com\/it\/#\/schema\/logo\/image\/"},"sameAs":["https:\/\/www.facebook.com\/PressenzaItalia","https:\/\/x.com\/PressenzaIPA"]},{"@type":"Person","@id":"https:\/\/www.pressenza.com\/it\/#\/schema\/person\/4716f959d9db6175a7babf35dbc6cb1e","name":"Ketty Giannilivigni","description":"Scrittrice e saggista, femminista e sociologa della moda. Ha collaborato con varie riviste (\"Salvare Palermo\", \"Ciumelato\", \"Mezzocielo\", \"Segno\") e testate online come \"NoteBlock\" e \"Mediterraneo di Pace\". Inoltre \u00e8 stata fra i fondatori del Comitato sui Beni comuni \"Stefano Rodot\u00e0\" di Palermo.","url":"https:\/\/www.pressenza.com\/it\/author\/ketty-giannilivigni\/"}]}},"place":"","original_article_url":"","_links":{"self":[{"href":"https:\/\/www.pressenza.com\/it\/wp-json\/wp\/v2\/posts\/1248949","targetHints":{"allow":["GET"]}}],"collection":[{"href":"https:\/\/www.pressenza.com\/it\/wp-json\/wp\/v2\/posts"}],"about":[{"href":"https:\/\/www.pressenza.com\/it\/wp-json\/wp\/v2\/types\/post"}],"author":[{"embeddable":true,"href":"https:\/\/www.pressenza.com\/it\/wp-json\/wp\/v2\/users\/2073"}],"replies":[{"embeddable":true,"href":"https:\/\/www.pressenza.com\/it\/wp-json\/wp\/v2\/comments?post=1248949"}],"version-history":[{"count":0,"href":"https:\/\/www.pressenza.com\/it\/wp-json\/wp\/v2\/posts\/1248949\/revisions"}],"wp:featuredmedia":[{"embeddable":true,"href":"https:\/\/www.pressenza.com\/it\/wp-json\/wp\/v2\/media\/1248950"}],"wp:attachment":[{"href":"https:\/\/www.pressenza.com\/it\/wp-json\/wp\/v2\/media?parent=1248949"}],"wp:term":[{"taxonomy":"category","embeddable":true,"href":"https:\/\/www.pressenza.com\/it\/wp-json\/wp\/v2\/categories?post=1248949"},{"taxonomy":"post_tag","embeddable":true,"href":"https:\/\/www.pressenza.com\/it\/wp-json\/wp\/v2\/tags?post=1248949"}],"curies":[{"name":"wp","href":"https:\/\/api.w.org\/{rel}","templated":true}]}}