{"id":1241786,"date":"2020-11-17T14:38:19","date_gmt":"2020-11-17T14:38:19","guid":{"rendered":"https:\/\/www.pressenza.com\/?p=1241786"},"modified":"2020-11-17T14:49:21","modified_gmt":"2020-11-17T14:49:21","slug":"lettera-agora-terra","status":"publish","type":"post","link":"https:\/\/www.pressenza.com\/it\/2020\/11\/lettera-agora-terra\/","title":{"rendered":"Lettera dell&#8217;Agor\u00e0 degli Abitanti della Terra"},"content":{"rendered":"<p>In questi giorni l&#8217;Agor\u00e0 degli Abitanti della Terra sta svolgendo una campagna a sostegno delle proposte da presentare all&#8217;Assemblea Generale dell&#8217;ONU del 3 e 4 Dicembre. Le adesioni dovranno pervenire entro il 22 Novembre. Pressenza appoggia e diffonde questa campagna pubblicando qui sotto la lettera dell&#8217;Agor\u00e0.<\/p>\n<p>__________________________<\/p>\n<p>&nbsp;<\/p>\n<p><span style=\"font-size: large;\"><span lang=\"it-IT\">Gentile Signora, Gentile Signore <\/span><\/span><\/p>\n<p><span style=\"font-size: large;\"><span lang=\"it-IT\">Ci permettiamo di attirare la Sua attenzione e di sollecitare il Suo sostegno &#8211; una firma &#8211; all&#8217;iniziativa della nostra associazione internazionale di cittadini, l&#8217;Agor\u00e0 degli Abitanti della Terra, a favore di una politica pubblica globale comune contro la pandemia di Covid-19., libera da brevetti e fuori mercato. <\/span><\/span><\/p>\n<p><span style=\"font-size: large;\"><span lang=\"it-IT\"><b>L&#8217;Assemblea generale dell&#8217;ONU<\/b><\/span><\/span><span style=\"font-size: large;\"><span lang=\"it-IT\"> ha appena convocato una sessione speciale sulla pandemia di Covid-19 per i prossimi 3 e 4 dicembre a livello di capi di Stato e di governo. Ci \u00e8 voluto pi\u00f9 di un anno di discussioni per superare l&#8217;opposizione di alcuni Stati, in particolare gli Stati Uniti dell&#8217;ex presidente Donald Trump.<\/span><\/span><\/p>\n<p><span style=\"font-size: large;\"><span lang=\"it-IT\">Lo svolgimento di questa Sessione Speciale (la 37a nella storia dell&#8217;ONU) \u00e8 di notevole importanza. <\/span><\/span><span style=\"font-size: large;\"><span lang=\"it-IT\"><u>\u00c8 un&#8217;opportunit\u00e0 unica<\/u><\/span><\/span><span style=\"font-size: large;\"><span lang=\"it-IT\"> per definire e attuare azioni comuni a livello globale per combattere la pandemia al fine di garantire il diritto alla vita e alla salute di tutti gli abitanti della Terra. Come ha scritto il presidente dell&#8217;Assemblea generale dell&#8217;Onu nella sua lettera di convocazione: &#8220;Non dimentichiamo che nessuno di noi \u00e8 al sicuro, finch\u00e9 non siamo tutti al sicuro&#8221;.<\/span><\/span><\/p>\n<p><span style=\"font-size: large;\"><span lang=\"it-IT\"><u>Questo \u00e8 un momento storico<\/u><\/span><\/span><span style=\"font-size: large;\"><span lang=\"it-IT\">. \u00c8 in gioco il futuro delle Nazioni Unite e soprattutto la capacit\u00e0 delle nostre societ\u00e0 di dare alla vita un valore universale, libero da ogni subordinazione alle &#8220;ragioni&#8221; di mercato, economiche e di potere. La salute, la vita, non \u00e8 una questione di affari, profitti, potere nazionale, dominio o sopravvivenza del pi\u00f9 forte.<\/span><\/span><\/p>\n<p><span style=\"font-size: large;\"><span lang=\"it-IT\">Questa sessione speciale \u00e8 <\/span><\/span><span style=\"font-size: large;\"><span lang=\"it-IT\"><u>molto importante anche perch\u00e9 rappresenta una grande opportunit\u00e0 per noi cittadini<\/u><\/span><\/span><span style=\"font-size: large;\"><span lang=\"it-IT\">. Ci incoraggia a esprimere le nostre priorit\u00e0 e i nostri desideri, a fare pressione sui nostri leader eletti affinch\u00e9 le loro decisioni siano conformi ai principi costituzionali dei nostri Stati e alla Dichiarazione universale dei diritti dell&#8217;uomo e a quella dei diritti dei popoli.<\/span><\/span><\/p>\n<p><span style=\"font-size: large;\"><span lang=\"it-IT\">Come Agor\u00e0 degli Abitanti della Terra, siamo gi\u00e0 intervenuti a settembre presso il Segretario Generale delle Nazioni Unite in difesa di una politica sanitaria senza brevetti privati a scopo di lucro e gratuita (sotto la responsabilit\u00e0 finanziaria collettiva) (vedi <a href=\"https:\/\/www.pressenza.com\/it\/2020\/09\/lettera-aperta-su-covid-19-sanita-e-beni-pubblici-globali\/\">https:\/\/www.pressenza.com\/it\/2020\/09\/lettera-aperta-su-covid-19-sanita-e-beni-pubblici-globali\/<\/a>).<\/span><\/span><\/p>\n<p><span style=\"font-size: large;\"><span lang=\"it-IT\">Purtroppo, il 23 ottobre, a livello di OMC (Organizzazione Mondiale del Commercio), i paesi &#8220;ricchi&#8221; del Nord (Stati Uniti, Unione Europea, Norvegia, Svizzera, Regno Unito, Australia, Giappone&#8230;) hanno respinto la richiesta presentata dal Sud Africa e dall&#8217;India, sostenuta dall&#8217;OMS (Organizzazione Mondiale della Sanit\u00e0) e da altri paesi del Sud, di sospendere temporaneamente l&#8217;applicazione delle norme sui brevetti nella lotta contro Covid-19. Questa sospensione era intesa a consentire alle popolazioni dei paesi poveri un accesso giusto ed efficace al trattamento del coronavirus.<\/span><\/span><\/p>\n<p><span style=\"font-size: large;\"><span lang=\"it-IT\">Di seguito \u00e8 riportata una sintesi delle proposte che intendiamo presentare al Presidente dell&#8217;Assemblea Generale delle Nazioni Unite come contributo ai lavori dell&#8217;incontro del 3 e 4 dicembre. <\/span><\/span><\/p>\n<p><span style=\"font-size: large;\"><span lang=\"it-IT\"><b>1. Abbandonare il feticismo del denaro<\/b><\/span><\/span><\/p>\n<p><span style=\"font-size: large;\"><span lang=\"it-IT\">La Sessione Speciale deve <\/span><\/span><\/p>\n<p><span style=\"font-size: large;\"><span lang=\"it-IT\">a. <\/span><\/span><span style=\"font-size: large;\"><span lang=\"it-IT\"><b>Riaffermare <\/b><\/span><\/span><span style=\"font-size: large;\"><span lang=\"it-IT\">che la salute delle persone, dei popoli e degli ecosistemi della Terra sono priorit\u00e0 e devono prevalere sugli interessi economici, utilitaristici, commerciali e industriali a breve termine. Pertanto,<\/span><\/span><\/p>\n<p><span style=\"font-size: large;\"><span lang=\"it-IT\">b. <\/span><\/span><span style=\"font-size: large;\"><span lang=\"it-IT\"><b>Approvare<\/b><\/span><\/span><span style=\"font-size: large;\"><span lang=\"it-IT\"> l&#8217;abbandono, per il periodo 2021-2023, dell&#8217;applicazione delle norme relative ai brevetti sugli organismi viventi, in particolare su tutti gli strumenti di lotta contro la pandemia di Covid-19 (diagnostica, trattamento, vaccini) e<\/span><\/span><\/p>\n<p><span style=\"font-size: large;\"><span lang=\"it-IT\">c. <\/span><\/span><span style=\"font-size: large;\"><span lang=\"it-IT\"><b>Decidere <\/b><\/span><\/span><span style=\"font-size: large;\"><span lang=\"it-IT\">di istituire una Task Force globale, sotto l&#8217;egida dell&#8217;ONU, sulla <\/span><\/span><span style=\"font-size: large;\"><span lang=\"it-IT\"><u>revisione del regime giuridico-istituzionale della propriet\u00e0 intellettuale <\/u><\/span><\/span><span style=\"font-size: large;\"><span lang=\"it-IT\">nell&#8217;era antropocenica.<\/span><\/span><\/p>\n<p><span style=\"font-size: large;\"><span lang=\"it-IT\"><b>2. Applicare il principio fondamentale che la vita conta<\/b><\/span><\/span><\/p>\n<p><span style=\"font-size: large;\"><span lang=\"it-IT\">A tal fine, \u00e8 necessario <\/span><\/span><span style=\"font-size: large;\"><span lang=\"it-IT\"><u>modificare le priorit\u00e0 della finanza globale<\/u><\/span><\/span><span style=\"font-size: large;\"><span lang=\"it-IT\"> investendo nell&#8217;economia globale dei beni pubblici (salute, acqua, conoscenza\/educazione) e riducendo drasticamente la spesa (quasi 2.000 miliardi di euro nel 2019) per l&#8217;economia di guerra (armamenti, competitivit\u00e0 e dominio).<\/span><\/span><\/p>\n<p><span style=\"font-size: large;\"><span lang=\"it-IT\">In questa prospettiva, la Sessione Speciale deve<\/span><\/span><\/p>\n<p><span style=\"font-size: large;\"><span lang=\"it-IT\">a. <\/span><\/span><span style=\"font-size: large;\"><span lang=\"it-IT\"><b>Proporre<\/b><\/span><\/span><span style=\"font-size: large;\"><span lang=\"it-IT\"> la creazione di un <\/span><\/span><span style=\"font-size: large;\"><span lang=\"it-IT\"><u>Fondo finanziario pubblico cooperativo per la salute,<\/u><\/span><\/span><span style=\"font-size: large;\"><span lang=\"it-IT\"> come parte integrante di una Cassa di Depositi e Prestiti Mondiale per i Beni Pubblici Mondiali ;<\/span><\/span><\/p>\n<p><span style=\"font-size: large;\"><span lang=\"it-IT\">b. <\/span><\/span><span style=\"font-size: large;\"><span lang=\"it-IT\"><b>Incaricare <\/b><\/span><\/span><span style=\"font-size: large;\"><span lang=\"it-IT\">l&#8217;UNIDIR o una Commissione di esperti indipendenti di presentare una relazione di studio sulle <\/span><\/span><span style=\"font-size: large;\"><span lang=\"it-IT\"><u>riduzioni immediate della spesa militare e sulla riconversione della sua assegnazione <\/u><\/span><\/span><span style=\"font-size: large;\"><span lang=\"it-IT\">allo sviluppo, alla produzione e alla distribuzione di beni e servizi pubblici nel settore sanitario e nei settori correlati dell&#8217;acqua, dell&#8217;agroalimentare e della conoscenza.<\/span><\/span><\/p>\n<p><span style=\"font-size: large;\"><span lang=\"it-IT\"><b>3. Rafforzare il funzionamento e il lavoro dell&#8217;ONU (e delle sue agenzie) a favore dello sviluppo entro il 2045 di una nuova architettura politico-istituzionale per l&#8217;Umanit\u00e0.<\/b><\/span><\/span><\/p>\n<p><span style=\"font-size: large;\"><span lang=\"it-IT\">A questo scopo, <\/span><\/span><\/p>\n<p><span style=\"font-size: large;\"><span lang=\"it-IT\">a. <\/span><\/span><span style=\"font-size: large;\"><span lang=\"it-IT\"><b>Riconoscere <\/b><\/span><\/span><span style=\"font-size: large;\"><span lang=\"it-IT\"><u>l&#8217;Umanit\u00e0 come soggetto istituzionale<\/u><\/span><\/span><span style=\"font-size: large;\"><span lang=\"it-IT\"> e attore chiave nella politica globale della vita. L&#8217;apertura di una <\/span><\/span><span style=\"font-size: large;\"><span lang=\"it-IT\"><u>Casa comune mondiale della conoscenza<\/u><\/span><\/span><span style=\"font-size: large;\"><span lang=\"it-IT\">, basata sulla messa in comune di conoscenze, esperienze, strumenti tecnici (caso del Costa Rica in materia di salute&#8230;) sar\u00e0 un passo avanti concreto significativo, <\/span><\/span><\/p>\n<p><span style=\"font-size: large;\"><span lang=\"it-IT\">b<\/span><\/span><span style=\"font-size: large;\"><span lang=\"it-IT\"><b>. Proporre<\/b><\/span><\/span><span style=\"font-size: large;\"><span lang=\"it-IT\"> l&#8217;urgente creazione di un <\/span><\/span><span style=\"font-size: large;\"><span lang=\"it-IT\"><u>Consiglio per la sicurezza dei beni e servizi pubblici globali<\/u><\/span><\/span><span style=\"font-size: large;\"><span lang=\"it-IT\">, a partire dalla salute, dall&#8217;acqua e dalla conoscenza.<\/span><\/span><\/p>\n<p><span style=\"font-size: large;\"><span lang=\"it-IT\"><i><u>Se siete d&#8217;accordo con queste proposte<\/u><\/i><\/span><\/span><span style=\"font-size: large;\"><span lang=\"it-IT\"> a breve e lungo termine, il vostro personale sostegno dar\u00e0 maggior peso politico e umano al nostro approccio.<\/span><\/span><\/p>\n<p><span style=\"font-size: large;\"><span lang=\"it-IT\"><u>La firma<\/u><\/span><\/span><span style=\"font-size: large;\"><span lang=\"it-IT\"> deve essere inviata via e-mail aggiungendo una parola sul vostro status professionale (in m\/f: studente, agricoltore, insegnante, ingegnere, impiegato, lavoratore, membro di associazioni, pensionato, &#8230;) e luogo e paese di residenza :<\/span><\/span><\/p>\n<p><span style=\"font-size: large;\"><span lang=\"it-IT\">&#8211; all&#8217;indirizzo e-mail centrale internazionale dell&#8217;Agor\u00e0 degli Abitanti della Terra l&#8217;Agor\u00e0: <a href=\"mailto:secretariat.audace@gmail.com\">secretariat.audace@gmail.com<\/a> (Paola Libanti, Riccardo Petrella) o, se preferite,<\/span><\/span><\/p>\n<p><span style=\"font-size: large;\"><span lang=\"it-IT\">&#8211; a una delle persone menzionate in fondo alla presente lettera, per paese, membri del comitato internazionale dei promotori dell&#8217;Agor\u00e0.<\/span><\/span><\/p>\n<p><span style=\"font-size: large;\"><span lang=\"it-IT\">Il vostro sostegno sar\u00e0 incluso nella lista di firme che accompagner\u00e0 il documento presentato al Presidente dell&#8217;Assemblea Generale delle Nazioni Unite. <\/span><\/span><span style=\"font-size: large;\"><span lang=\"it-IT\"><u>Il vostro sostegno \u00e8 prezioso per noi.<\/u><\/span><\/span><span style=\"font-size: large;\"><span lang=\"it-IT\"> Vi ringraziamo in anticipo.<\/span><\/span><\/p>\n<p><span style=\"font-size: large;\"><span lang=\"it-IT\">Naturalmente, siamo a vostra disposizione per qualsiasi ulteriore informazione.<\/span><\/span><\/p>\n<p><span style=\"font-size: large;\"><span lang=\"it-IT\"><b>Per l&#8217;Agor\u00e0 degli Abitanti della Terra, <\/b><\/span><\/span><\/p>\n<p><span style=\"font-size: large;\"><span lang=\"it-IT\">i membri del Comitato Internazionale dei Promotori<\/span><\/span><\/p>\n<p><span style=\"font-size: large;\"><span lang=\"it-IT\"><i><u>Indirizzi di posta elettronica , in caso di scelta dell\u2019invio decentralizzato nazionale <\/u><\/i><\/span><\/span><\/p>\n<p><span style=\"font-size: large;\"><span lang=\"it-IT\"><u>Argentina <\/u><\/span><\/span><span style=\"font-size: large;\"><span lang=\"it-IT\"> anibal faccendini anibalfaccendini@yahoo.com.ar,<\/span><\/span><\/p>\n<p><span style=\"font-size: large;\"><u>Belgio<\/u><\/span><span style=\"font-size: large;\"> Galand Pierre &lt;pierre.galand6@orange.fr&gt;, Alain Dangoisse &lt;alain.dangoisse@gmail.com&gt;, Alain Adriaens &lt;aadriaens@gmx.com&gt;, <\/span><\/p>\n<p><span style=\"font-size: large;\"><span lang=\"it-IT\"><u>Brasile<\/u><\/span><\/span><span style=\"font-size: large;\"><span lang=\"it-IT\"> Luiz Rena &lt;coletivoagorabrasil@gmail.com&gt;, Marcos PS Arruda &lt;marcospsarruda@gmail.com&gt;,<\/span><\/span><\/p>\n<p><span style=\"font-size: large;\"><span lang=\"it-IT\"><u>Bulgaria<\/u><\/span><\/span><span style=\"font-size: large;\"><span lang=\"it-IT\"> vladimir.mitev@abv.bg<\/span><\/span><\/p>\n<p><span style=\"font-size: large;\"><span lang=\"it-IT\"><u>Burkina Faso<\/u><\/span><\/span><span style=\"font-size: large;\"><span lang=\"it-IT\"> Fatoumata Ki-Zerbo kfatoumata@yahoo.com<\/span><\/span><\/p>\n<p><span style=\"font-size: large;\"><u>Camerun <\/u><\/span><span style=\"font-size: large;\">Emmanuel Amadou &lt;emmanuelwoudokoui1978@gmail.com&gt;,<\/span><\/p>\n<p><span style=\"font-size: large;\"><u>Canada\/Quebec<\/u><\/span><span style=\"font-size: large;\"> Pierre Jasmin, &lt;jasmin.pierre@uqam.ca&gt;, Jean-Yves Proulx, jyproulx@videotron.ca<\/span><\/p>\n<p><span style=\"font-size: large;\"><u>Cile<\/u><\/span><span style=\"font-size: large;\"> Luis Infanti de la Mora &lt;linfanti@episcopado.cl&gt;, Adriana Fern\u00e1ndez &lt;adrianafernandez.agoraoutreach@gmail.com&gt;,<\/span><\/p>\n<p><span style=\"font-size: large;\"><u>Colombia<\/u><\/span><span style=\"font-size: large;\"> Carminda Mac Lorin &lt;carminda.maclorin@katalizo.org&gt;,<\/span><\/p>\n<p><span style=\"font-size: large;\"><u>France<\/u><\/span><span style=\"font-size: large;\"> Philippe v\u00e9niel &lt;venielphil8@gmail.com&gt;, Jean-Pierre Wauquier &lt;jpwh2o@gmail.com&gt;, Cristina Bertelli star@lesperipheriques.org <\/span><\/p>\n<p><span style=\"font-size: large;\"><span lang=\"it-IT\"><u>Germania<\/u><\/span><\/span><span style=\"font-size: large;\"><span lang=\"it-IT\">:Ina Darmstaedter ina.darmstaedter@web.dei<\/span><\/span><\/p>\n<p><span style=\"font-size: large;\"><u>India<\/u><\/span><span style=\"font-size: large;\"> Alain Dangoisse alain.dangoisse@gmail.com<\/span><\/p>\n<p><span style=\"font-size: large;\"><span lang=\"it-IT\"><u>Italia <\/u><\/span><\/span><span style=\"font-size: large;\"><span lang=\"it-IT\">Francesco Comina &lt;francesco.comina@gmail.com&gt;, &#8220;Cipsi, Nicola Perrone&#8221; &lt;ufficiostampa@cipsi.it&gt;,.com&gt;,, Alfio Foti &lt;alfiofoti8@gmail.com&gt;, Domenico Rizzuti &lt;mimmo.rz@gmail.com&gt;,<\/span><\/span><\/p>\n<p><span style=\"font-size: large;\"><span lang=\"it-IT\"><u>Libano L<\/u><\/span><\/span><span style=\"font-size: large;\"><span lang=\"it-IT\">ilia Ghanem lilia.ghanem@yahoo.fr<\/span><\/span><\/p>\n<p><span style=\"font-size: large;\"><span lang=\"it-IT\"><u>Portogallo <\/u><\/span><\/span><span style=\"font-size: large;\"><span lang=\"it-IT\">Jo\u00e3o Cara\u00e7a <\/span><\/span><span style=\"color: #0563c1;\"><u><a href=\"mailto:jcaraca@gulbenkian.pt\"><span style=\"font-size: large;\"><span lang=\"it-IT\">jcaraca@gulbenkian.pt<\/span><\/span><\/a><\/u><\/span><\/p>\n<p><span style=\"font-size: large;\"><u>Spagna <\/u><\/span><span style=\"font-size: large;\">Charles Ruiz-Unhogar<\/span> &lt;<span style=\"font-size: large;\">charles.ruiz@unhogar.com&gt;<\/span><\/p>\n<p><span style=\"font-size: large;\"><span lang=\"it-IT\"><u>Svizzera <\/u><\/span><\/span><span style=\"font-size: large;\"><span lang=\"it-IT\"> Cristina Spinedi &lt;spinedi.c@bluewin.ch&gt;<\/span><\/span><\/p>\n","protected":false},"excerpt":{"rendered":"<p>In questi giorni l&#8217;Agor\u00e0 degli Abitanti della Terra sta svolgendo una campagna a sostegno delle proposte da presentare all&#8217;Assemblea Generale dell&#8217;ONU del 3 e 4 Dicembre. Le adesioni dovranno pervenire entro il 22 Novembre. Pressenza appoggia e diffonde questa campagna&hellip;<\/p>\n","protected":false},"author":1811,"featured_media":1197904,"comment_status":"closed","ping_status":"closed","sticky":false,"template":"","format":"standard","meta":{"footnotes":""},"categories":[150,38,57],"tags":[52458,208],"class_list":["post-1241786","post","type-post","status-publish","format-standard","has-post-thumbnail","hentry","category-comunicati-stampa","category-internazionale","category-affari-esteri","tag-agora-degli-abitanti-della-terra","tag-onu"],"yoast_head":"<!-- This site is optimized with the Yoast SEO plugin v27.1.1 - https:\/\/yoast.com\/product\/yoast-seo-wordpress\/ -->\n<title>Lettera dell&#039;Agor\u00e0 degli Abitanti della Terra<\/title>\n<meta name=\"description\" content=\"In questi giorni l&#039;Agor\u00e0 degli Abitanti della Terra sta svolgendo una campagna a sostegno delle proposte da presentare all&#039;Assemblea Generale dell&#039;ONU del\" \/>\n<meta name=\"robots\" content=\"index, follow, max-snippet:-1, max-image-preview:large, max-video-preview:-1\" \/>\n<link rel=\"canonical\" href=\"https:\/\/www.pressenza.com\/it\/2020\/11\/lettera-agora-terra\/\" \/>\n<meta property=\"og:locale\" content=\"it_IT\" \/>\n<meta property=\"og:type\" content=\"article\" \/>\n<meta property=\"og:title\" content=\"Lettera dell&#039;Agor\u00e0 degli Abitanti della Terra\" \/>\n<meta property=\"og:description\" content=\"In questi giorni l&#039;Agor\u00e0 degli Abitanti della Terra sta svolgendo una campagna a sostegno delle proposte da presentare all&#039;Assemblea Generale dell&#039;ONU del\" \/>\n<meta property=\"og:url\" content=\"https:\/\/www.pressenza.com\/it\/2020\/11\/lettera-agora-terra\/\" \/>\n<meta property=\"og:site_name\" content=\"Pressenza\" \/>\n<meta property=\"article:publisher\" content=\"https:\/\/www.facebook.com\/PressenzaItalia\" \/>\n<meta property=\"article:published_time\" content=\"2020-11-17T14:38:19+00:00\" \/>\n<meta property=\"article:modified_time\" content=\"2020-11-17T14:49:21+00:00\" \/>\n<meta property=\"og:image\" content=\"https:\/\/www.pressenza.com\/wp-content\/uploads\/2020\/09\/ONU.jpg\" \/>\n\t<meta property=\"og:image:width\" content=\"849\" \/>\n\t<meta property=\"og:image:height\" content=\"477\" \/>\n\t<meta property=\"og:image:type\" content=\"image\/jpeg\" \/>\n<meta name=\"author\" content=\"Agor\u00e0 degli Abitanti della Terra\" \/>\n<meta name=\"twitter:card\" content=\"summary_large_image\" \/>\n<meta name=\"twitter:creator\" content=\"@PressenzaIPA\" \/>\n<meta name=\"twitter:site\" content=\"@PressenzaIPA\" \/>\n<meta name=\"twitter:label1\" content=\"Scritto da\" \/>\n\t<meta name=\"twitter:data1\" content=\"Agor\u00e0 degli Abitanti della Terra\" \/>\n\t<meta name=\"twitter:label2\" content=\"Tempo di lettura stimato\" \/>\n\t<meta name=\"twitter:data2\" content=\"6 minuti\" \/>\n<script type=\"application\/ld+json\" class=\"yoast-schema-graph\">{\"@context\":\"https:\/\/schema.org\",\"@graph\":[{\"@type\":\"Article\",\"@id\":\"https:\/\/www.pressenza.com\/it\/2020\/11\/lettera-agora-terra\/#article\",\"isPartOf\":{\"@id\":\"https:\/\/www.pressenza.com\/it\/2020\/11\/lettera-agora-terra\/\"},\"author\":{\"name\":\"Agor\u00e0 degli Abitanti della Terra\",\"@id\":\"https:\/\/www.pressenza.com\/it\/#\/schema\/person\/b5b4ac19386e3d1b30226ce612f04756\"},\"headline\":\"Lettera dell&#8217;Agor\u00e0 degli Abitanti della Terra\",\"datePublished\":\"2020-11-17T14:38:19+00:00\",\"dateModified\":\"2020-11-17T14:49:21+00:00\",\"mainEntityOfPage\":{\"@id\":\"https:\/\/www.pressenza.com\/it\/2020\/11\/lettera-agora-terra\/\"},\"wordCount\":1236,\"publisher\":{\"@id\":\"https:\/\/www.pressenza.com\/it\/#organization\"},\"image\":{\"@id\":\"https:\/\/www.pressenza.com\/it\/2020\/11\/lettera-agora-terra\/#primaryimage\"},\"thumbnailUrl\":\"https:\/\/www.pressenza.com\/wp-content\/uploads\/2020\/09\/ONU.jpg\",\"keywords\":[\"Agor\u00e0 degli abitanti della Terra\",\"ONU\"],\"articleSection\":[\"Comunicati Stampa\",\"Internazionale\",\"Questioni internazionali\"],\"inLanguage\":\"it-IT\"},{\"@type\":\"WebPage\",\"@id\":\"https:\/\/www.pressenza.com\/it\/2020\/11\/lettera-agora-terra\/\",\"url\":\"https:\/\/www.pressenza.com\/it\/2020\/11\/lettera-agora-terra\/\",\"name\":\"Lettera dell'Agor\u00e0 degli Abitanti della Terra\",\"isPartOf\":{\"@id\":\"https:\/\/www.pressenza.com\/it\/#website\"},\"primaryImageOfPage\":{\"@id\":\"https:\/\/www.pressenza.com\/it\/2020\/11\/lettera-agora-terra\/#primaryimage\"},\"image\":{\"@id\":\"https:\/\/www.pressenza.com\/it\/2020\/11\/lettera-agora-terra\/#primaryimage\"},\"thumbnailUrl\":\"https:\/\/www.pressenza.com\/wp-content\/uploads\/2020\/09\/ONU.jpg\",\"datePublished\":\"2020-11-17T14:38:19+00:00\",\"dateModified\":\"2020-11-17T14:49:21+00:00\",\"description\":\"In questi giorni l'Agor\u00e0 degli Abitanti della Terra sta svolgendo una campagna a sostegno delle proposte da presentare all'Assemblea Generale dell'ONU del\",\"breadcrumb\":{\"@id\":\"https:\/\/www.pressenza.com\/it\/2020\/11\/lettera-agora-terra\/#breadcrumb\"},\"inLanguage\":\"it-IT\",\"potentialAction\":[{\"@type\":\"ReadAction\",\"target\":[\"https:\/\/www.pressenza.com\/it\/2020\/11\/lettera-agora-terra\/\"]}]},{\"@type\":\"ImageObject\",\"inLanguage\":\"it-IT\",\"@id\":\"https:\/\/www.pressenza.com\/it\/2020\/11\/lettera-agora-terra\/#primaryimage\",\"url\":\"https:\/\/www.pressenza.com\/wp-content\/uploads\/2020\/09\/ONU.jpg\",\"contentUrl\":\"https:\/\/www.pressenza.com\/wp-content\/uploads\/2020\/09\/ONU.jpg\",\"width\":849,\"height\":477},{\"@type\":\"BreadcrumbList\",\"@id\":\"https:\/\/www.pressenza.com\/it\/2020\/11\/lettera-agora-terra\/#breadcrumb\",\"itemListElement\":[{\"@type\":\"ListItem\",\"position\":1,\"name\":\"Accueil\",\"item\":\"https:\/\/www.pressenza.com\/it\/\"},{\"@type\":\"ListItem\",\"position\":2,\"name\":\"Lettera dell&#8217;Agor\u00e0 degli Abitanti della Terra\"}]},{\"@type\":\"WebSite\",\"@id\":\"https:\/\/www.pressenza.com\/it\/#website\",\"url\":\"https:\/\/www.pressenza.com\/it\/\",\"name\":\"Pressenza\",\"description\":\"Agenzia di Stampa Internazionale\",\"publisher\":{\"@id\":\"https:\/\/www.pressenza.com\/it\/#organization\"},\"potentialAction\":[{\"@type\":\"SearchAction\",\"target\":{\"@type\":\"EntryPoint\",\"urlTemplate\":\"https:\/\/www.pressenza.com\/it\/?s={search_term_string}\"},\"query-input\":{\"@type\":\"PropertyValueSpecification\",\"valueRequired\":true,\"valueName\":\"search_term_string\"}}],\"inLanguage\":\"it-IT\"},{\"@type\":\"Organization\",\"@id\":\"https:\/\/www.pressenza.com\/it\/#organization\",\"name\":\"Pressenza\",\"url\":\"https:\/\/www.pressenza.com\/it\/\",\"logo\":{\"@type\":\"ImageObject\",\"inLanguage\":\"it-IT\",\"@id\":\"https:\/\/www.pressenza.com\/it\/#\/schema\/logo\/image\/\",\"url\":\"https:\/\/www.pressenza.com\/wp-content\/uploads\/2022\/10\/pressenza_logo_200x200.jpg\",\"contentUrl\":\"https:\/\/www.pressenza.com\/wp-content\/uploads\/2022\/10\/pressenza_logo_200x200.jpg\",\"width\":200,\"height\":200,\"caption\":\"Pressenza\"},\"image\":{\"@id\":\"https:\/\/www.pressenza.com\/it\/#\/schema\/logo\/image\/\"},\"sameAs\":[\"https:\/\/www.facebook.com\/PressenzaItalia\",\"https:\/\/x.com\/PressenzaIPA\"]},{\"@type\":\"Person\",\"@id\":\"https:\/\/www.pressenza.com\/it\/#\/schema\/person\/b5b4ac19386e3d1b30226ce612f04756\",\"name\":\"Agor\u00e0 degli Abitanti della Terra\",\"description\":\"Iniziativa ampia che ha come obiettivo il riconoscimento dell\u2019Umanit\u00e0 come attore principale nella regolazione politica, sociale ed economica a livello globale.\",\"url\":\"https:\/\/www.pressenza.com\/it\/author\/agora-degli-abitanti-della-terra\/\"}]}<\/script>\n<!-- \/ Yoast SEO plugin. -->","yoast_head_json":{"title":"Lettera dell'Agor\u00e0 degli Abitanti della Terra","description":"In questi giorni l'Agor\u00e0 degli Abitanti della Terra sta svolgendo una campagna a sostegno delle proposte da presentare all'Assemblea Generale dell'ONU del","robots":{"index":"index","follow":"follow","max-snippet":"max-snippet:-1","max-image-preview":"max-image-preview:large","max-video-preview":"max-video-preview:-1"},"canonical":"https:\/\/www.pressenza.com\/it\/2020\/11\/lettera-agora-terra\/","og_locale":"it_IT","og_type":"article","og_title":"Lettera dell'Agor\u00e0 degli Abitanti della Terra","og_description":"In questi giorni l'Agor\u00e0 degli Abitanti della Terra sta svolgendo una campagna a sostegno delle proposte da presentare all'Assemblea Generale dell'ONU del","og_url":"https:\/\/www.pressenza.com\/it\/2020\/11\/lettera-agora-terra\/","og_site_name":"Pressenza","article_publisher":"https:\/\/www.facebook.com\/PressenzaItalia","article_published_time":"2020-11-17T14:38:19+00:00","article_modified_time":"2020-11-17T14:49:21+00:00","og_image":[{"width":849,"height":477,"url":"https:\/\/www.pressenza.com\/wp-content\/uploads\/2020\/09\/ONU.jpg","type":"image\/jpeg"}],"author":"Agor\u00e0 degli Abitanti della Terra","twitter_card":"summary_large_image","twitter_creator":"@PressenzaIPA","twitter_site":"@PressenzaIPA","twitter_misc":{"Scritto da":"Agor\u00e0 degli Abitanti della Terra","Tempo di lettura stimato":"6 minuti"},"schema":{"@context":"https:\/\/schema.org","@graph":[{"@type":"Article","@id":"https:\/\/www.pressenza.com\/it\/2020\/11\/lettera-agora-terra\/#article","isPartOf":{"@id":"https:\/\/www.pressenza.com\/it\/2020\/11\/lettera-agora-terra\/"},"author":{"name":"Agor\u00e0 degli Abitanti della Terra","@id":"https:\/\/www.pressenza.com\/it\/#\/schema\/person\/b5b4ac19386e3d1b30226ce612f04756"},"headline":"Lettera dell&#8217;Agor\u00e0 degli Abitanti della Terra","datePublished":"2020-11-17T14:38:19+00:00","dateModified":"2020-11-17T14:49:21+00:00","mainEntityOfPage":{"@id":"https:\/\/www.pressenza.com\/it\/2020\/11\/lettera-agora-terra\/"},"wordCount":1236,"publisher":{"@id":"https:\/\/www.pressenza.com\/it\/#organization"},"image":{"@id":"https:\/\/www.pressenza.com\/it\/2020\/11\/lettera-agora-terra\/#primaryimage"},"thumbnailUrl":"https:\/\/www.pressenza.com\/wp-content\/uploads\/2020\/09\/ONU.jpg","keywords":["Agor\u00e0 degli abitanti della Terra","ONU"],"articleSection":["Comunicati Stampa","Internazionale","Questioni internazionali"],"inLanguage":"it-IT"},{"@type":"WebPage","@id":"https:\/\/www.pressenza.com\/it\/2020\/11\/lettera-agora-terra\/","url":"https:\/\/www.pressenza.com\/it\/2020\/11\/lettera-agora-terra\/","name":"Lettera dell'Agor\u00e0 degli Abitanti della Terra","isPartOf":{"@id":"https:\/\/www.pressenza.com\/it\/#website"},"primaryImageOfPage":{"@id":"https:\/\/www.pressenza.com\/it\/2020\/11\/lettera-agora-terra\/#primaryimage"},"image":{"@id":"https:\/\/www.pressenza.com\/it\/2020\/11\/lettera-agora-terra\/#primaryimage"},"thumbnailUrl":"https:\/\/www.pressenza.com\/wp-content\/uploads\/2020\/09\/ONU.jpg","datePublished":"2020-11-17T14:38:19+00:00","dateModified":"2020-11-17T14:49:21+00:00","description":"In questi giorni l'Agor\u00e0 degli Abitanti della Terra sta svolgendo una campagna a sostegno delle proposte da presentare all'Assemblea Generale dell'ONU del","breadcrumb":{"@id":"https:\/\/www.pressenza.com\/it\/2020\/11\/lettera-agora-terra\/#breadcrumb"},"inLanguage":"it-IT","potentialAction":[{"@type":"ReadAction","target":["https:\/\/www.pressenza.com\/it\/2020\/11\/lettera-agora-terra\/"]}]},{"@type":"ImageObject","inLanguage":"it-IT","@id":"https:\/\/www.pressenza.com\/it\/2020\/11\/lettera-agora-terra\/#primaryimage","url":"https:\/\/www.pressenza.com\/wp-content\/uploads\/2020\/09\/ONU.jpg","contentUrl":"https:\/\/www.pressenza.com\/wp-content\/uploads\/2020\/09\/ONU.jpg","width":849,"height":477},{"@type":"BreadcrumbList","@id":"https:\/\/www.pressenza.com\/it\/2020\/11\/lettera-agora-terra\/#breadcrumb","itemListElement":[{"@type":"ListItem","position":1,"name":"Accueil","item":"https:\/\/www.pressenza.com\/it\/"},{"@type":"ListItem","position":2,"name":"Lettera dell&#8217;Agor\u00e0 degli Abitanti della Terra"}]},{"@type":"WebSite","@id":"https:\/\/www.pressenza.com\/it\/#website","url":"https:\/\/www.pressenza.com\/it\/","name":"Pressenza","description":"Agenzia di Stampa Internazionale","publisher":{"@id":"https:\/\/www.pressenza.com\/it\/#organization"},"potentialAction":[{"@type":"SearchAction","target":{"@type":"EntryPoint","urlTemplate":"https:\/\/www.pressenza.com\/it\/?s={search_term_string}"},"query-input":{"@type":"PropertyValueSpecification","valueRequired":true,"valueName":"search_term_string"}}],"inLanguage":"it-IT"},{"@type":"Organization","@id":"https:\/\/www.pressenza.com\/it\/#organization","name":"Pressenza","url":"https:\/\/www.pressenza.com\/it\/","logo":{"@type":"ImageObject","inLanguage":"it-IT","@id":"https:\/\/www.pressenza.com\/it\/#\/schema\/logo\/image\/","url":"https:\/\/www.pressenza.com\/wp-content\/uploads\/2022\/10\/pressenza_logo_200x200.jpg","contentUrl":"https:\/\/www.pressenza.com\/wp-content\/uploads\/2022\/10\/pressenza_logo_200x200.jpg","width":200,"height":200,"caption":"Pressenza"},"image":{"@id":"https:\/\/www.pressenza.com\/it\/#\/schema\/logo\/image\/"},"sameAs":["https:\/\/www.facebook.com\/PressenzaItalia","https:\/\/x.com\/PressenzaIPA"]},{"@type":"Person","@id":"https:\/\/www.pressenza.com\/it\/#\/schema\/person\/b5b4ac19386e3d1b30226ce612f04756","name":"Agor\u00e0 degli Abitanti della Terra","description":"Iniziativa ampia che ha come obiettivo il riconoscimento dell\u2019Umanit\u00e0 come attore principale nella regolazione politica, sociale ed economica a livello globale.","url":"https:\/\/www.pressenza.com\/it\/author\/agora-degli-abitanti-della-terra\/"}]}},"place":"","original_article_url":"","_links":{"self":[{"href":"https:\/\/www.pressenza.com\/it\/wp-json\/wp\/v2\/posts\/1241786","targetHints":{"allow":["GET"]}}],"collection":[{"href":"https:\/\/www.pressenza.com\/it\/wp-json\/wp\/v2\/posts"}],"about":[{"href":"https:\/\/www.pressenza.com\/it\/wp-json\/wp\/v2\/types\/post"}],"author":[{"embeddable":true,"href":"https:\/\/www.pressenza.com\/it\/wp-json\/wp\/v2\/users\/1811"}],"replies":[{"embeddable":true,"href":"https:\/\/www.pressenza.com\/it\/wp-json\/wp\/v2\/comments?post=1241786"}],"version-history":[{"count":0,"href":"https:\/\/www.pressenza.com\/it\/wp-json\/wp\/v2\/posts\/1241786\/revisions"}],"wp:featuredmedia":[{"embeddable":true,"href":"https:\/\/www.pressenza.com\/it\/wp-json\/wp\/v2\/media\/1197904"}],"wp:attachment":[{"href":"https:\/\/www.pressenza.com\/it\/wp-json\/wp\/v2\/media?parent=1241786"}],"wp:term":[{"taxonomy":"category","embeddable":true,"href":"https:\/\/www.pressenza.com\/it\/wp-json\/wp\/v2\/categories?post=1241786"},{"taxonomy":"post_tag","embeddable":true,"href":"https:\/\/www.pressenza.com\/it\/wp-json\/wp\/v2\/tags?post=1241786"}],"curies":[{"name":"wp","href":"https:\/\/api.w.org\/{rel}","templated":true}]}}