{"id":1241573,"date":"2020-11-17T07:59:44","date_gmt":"2020-11-17T07:59:44","guid":{"rendered":"https:\/\/www.pressenza.com\/?p=1241573"},"modified":"2020-11-17T07:59:44","modified_gmt":"2020-11-17T07:59:44","slug":"lesbo-il-campo-rifugiati-pikpa-e-la-lettera-di-mina","status":"publish","type":"post","link":"https:\/\/www.pressenza.com\/it\/2020\/11\/lesbo-il-campo-rifugiati-pikpa-e-la-lettera-di-mina\/","title":{"rendered":"Lesbo | Il campo rifugiati Pikpa e la lettera di Mina"},"content":{"rendered":"<p>Pochi giorni prima dello sgombero del campo di <strong>Pikpa<\/strong>, una dei residenti, <strong>Mina<\/strong>, ha scritto una lettera che \u00e8 stata diffusa su <a href=\"https:\/\/www.facebook.com\/pikpalesvos\/posts\/2802385286703551\"><strong>Facebook<\/strong><\/a>. La lettera \u00e8 stata tradotta dalla lingua farsi, con l&#8217;aiuto dell&#8217;insegnante d&#8217;Inglese di Mina (un volontario del campo, che insegnava l&#8217;inglese a Mina, a distanza, durante la sua permanenza a Pikpa).<\/p>\n<p>&#8220;<em>Io sono un sogno libero, andiamo ad annusarci, ho un posto in pianura, penso come un cervo.<\/em><\/p>\n<p><em>Sono Mina, dal paese devastato dalla guerra, l&#8217;Afghanistan. Ho lasciato l&#8217;Afghanistan 4 anni e mezzo fa, per diversi motivi. Uno dei motivi era la libert\u00e0. Volevo essere una donna, non una schiava. Sono stata in Iran per tre anni, dove sono stata privata dai miei diritti umani.<\/em><\/p>\n<p><em>E ora da un anno e due mesi vivo in un limbo, in Grecia, che \u00e8 la pi\u00f9 grande prigione per i rifugiati. Un limbo che non \u00e8 n\u00e9 la destinazione n\u00e9 il luogo di partenza. Ci\u00f2 significa che non posso andarmene e non posso nemmeno restare.<\/em><\/p>\n<p><em>La Grecia \u00e8 un paese con bellissime isole. Il mare \u00e8 diventato il pi\u00f9 grande cimitero per i rifugiati. Ho anche attraversato quel mare e sono stata salvata dalla Guardia Costiera, all&#8217;ultimo momento prima della mia morte.<\/em><\/p>\n<p><em>Ognuno di noi rifugiati ha un dolore infinito. Ci sono storie nel nostro sorriso, nei nostri occhi. C&#8217;\u00e8 speranza e un futuro sconosciuto. Fotografiamo insieme le nostre lacrime e i nostri sorrisi. E incorniciamo quella foto nei nostri occhi.<\/em><\/p>\n<p><em>Sono una donna che \u00e8 fuggita dall&#8217;oppressione, dalla guerra, dall&#8217;insicurezza, dallo stupro e che si \u00e8 rifugiata in Europa. Vivevo in campi in un limbo, pi\u00f9 orribile che in qualsiasi altra parte del mondo, con il freddo invernale e il caldo estivo.<\/em><\/p>\n<p><em>Perch\u00e9 ero una rifugiata, perch\u00e9 non avevo un pezzo di carta chiamato &#8220;visto&#8221;. Ma anche senza un pezzo di carta, sono un essere umano. Sono Mina, una donna, una donna il cui mondo e universo significa che garantisce la continuazione della vita.<\/em><\/p>\n<p><em>Ora vivo in un campo che \u00e8 un paradiso rispetto ad altri campi, con un piccolo gruppo. Dove la dignit\u00e0 umana, la sicurezza, i diritti delle donne sono preservati, ma il governo ha deciso di chiudere questo campo.<\/em><\/p>\n<p><em>Spero nella liberazione di tutti i rifugiati, in particolare le donne oppresse, da questa prigione<\/em> &#8220;.<\/p>\n<p><strong>Autore Mina \ud83d\ude42 \u2764\ufe0f<\/strong><\/p>\n","protected":false},"excerpt":{"rendered":"<p>Pochi giorni prima dello sgombero del campo di Pikpa, una dei residenti, Mina, ha scritto una lettera che \u00e8 stata diffusa su Facebook. La lettera \u00e8 stata tradotta dalla lingua farsi, con l&#8217;aiuto dell&#8217;insegnante d&#8217;Inglese di Mina (un volontario del&hellip;<\/p>\n","protected":false},"author":899,"featured_media":1239513,"comment_status":"closed","ping_status":"closed","sticky":false,"template":"","format":"standard","meta":{"footnotes":""},"categories":[46,11388,60,47,38,54572],"tags":[459,84036,1174,25041,84037,3420],"class_list":["post-1241573","post","type-post","status-publish","format-standard","has-post-thumbnail","hentry","category-asia-it","category-contenuti-originali","category-diritti-umani","category-europa","category-internazionale","category-migranti","tag-afghanistan-it","tag-campo-rifugiati","tag-grecia","tag-lesbo","tag-pikpa-it","tag-rifugiati"],"yoast_head":"<!-- This site is optimized with the Yoast SEO plugin v27.1.1 - https:\/\/yoast.com\/product\/yoast-seo-wordpress\/ -->\n<title>Lesbo | Il campo rifugiati Pikpa e la lettera di Mina<\/title>\n<meta name=\"description\" content=\"Pochi giorni prima dello sgombero del campo di Pikpa, una dei residenti, Mina, ha scritto una lettera che \u00e8 stata diffusa su Facebook. La lettera \u00e8 stata\" \/>\n<meta name=\"robots\" content=\"index, follow, max-snippet:-1, max-image-preview:large, max-video-preview:-1\" \/>\n<link rel=\"canonical\" href=\"https:\/\/www.pressenza.com\/it\/2020\/11\/lesbo-il-campo-rifugiati-pikpa-e-la-lettera-di-mina\/\" \/>\n<meta property=\"og:locale\" content=\"it_IT\" \/>\n<meta property=\"og:type\" content=\"article\" \/>\n<meta property=\"og:title\" content=\"Lesbo | Il campo rifugiati Pikpa e la lettera di Mina\" \/>\n<meta property=\"og:description\" content=\"Pochi giorni prima dello sgombero del campo di Pikpa, una dei residenti, Mina, ha scritto una lettera che \u00e8 stata diffusa su Facebook. La lettera \u00e8 stata\" \/>\n<meta property=\"og:url\" content=\"https:\/\/www.pressenza.com\/it\/2020\/11\/lesbo-il-campo-rifugiati-pikpa-e-la-lettera-di-mina\/\" \/>\n<meta property=\"og:site_name\" content=\"Pressenza\" \/>\n<meta property=\"article:publisher\" content=\"https:\/\/www.facebook.com\/PressenzaItalia\" \/>\n<meta property=\"article:author\" content=\"https:\/\/www.facebook.com\/muratcinartorino\" \/>\n<meta property=\"article:published_time\" content=\"2020-11-17T07:59:44+00:00\" \/>\n<meta property=\"og:image\" content=\"https:\/\/www.pressenza.com\/wp-content\/uploads\/2020\/11\/pikpa.jpg\" \/>\n\t<meta property=\"og:image:width\" content=\"600\" \/>\n\t<meta property=\"og:image:height\" content=\"340\" \/>\n\t<meta property=\"og:image:type\" content=\"image\/jpeg\" \/>\n<meta name=\"author\" content=\"Murat Cinar\" \/>\n<meta name=\"twitter:card\" content=\"summary_large_image\" \/>\n<meta name=\"twitter:creator\" content=\"@muratcinar\" \/>\n<meta name=\"twitter:site\" content=\"@PressenzaIPA\" \/>\n<meta name=\"twitter:label1\" content=\"Scritto da\" \/>\n\t<meta name=\"twitter:data1\" content=\"Murat Cinar\" \/>\n\t<meta name=\"twitter:label2\" content=\"Tempo di lettura stimato\" \/>\n\t<meta name=\"twitter:data2\" content=\"2 minuti\" \/>\n<script type=\"application\/ld+json\" class=\"yoast-schema-graph\">{\"@context\":\"https:\/\/schema.org\",\"@graph\":[{\"@type\":\"Article\",\"@id\":\"https:\/\/www.pressenza.com\/it\/2020\/11\/lesbo-il-campo-rifugiati-pikpa-e-la-lettera-di-mina\/#article\",\"isPartOf\":{\"@id\":\"https:\/\/www.pressenza.com\/it\/2020\/11\/lesbo-il-campo-rifugiati-pikpa-e-la-lettera-di-mina\/\"},\"author\":{\"name\":\"Murat Cinar\",\"@id\":\"https:\/\/www.pressenza.com\/it\/#\/schema\/person\/e3b28c9575cd63576a05d54f8d67d1ac\"},\"headline\":\"Lesbo | Il campo rifugiati Pikpa e la lettera di Mina\",\"datePublished\":\"2020-11-17T07:59:44+00:00\",\"mainEntityOfPage\":{\"@id\":\"https:\/\/www.pressenza.com\/it\/2020\/11\/lesbo-il-campo-rifugiati-pikpa-e-la-lettera-di-mina\/\"},\"wordCount\":389,\"publisher\":{\"@id\":\"https:\/\/www.pressenza.com\/it\/#organization\"},\"image\":{\"@id\":\"https:\/\/www.pressenza.com\/it\/2020\/11\/lesbo-il-campo-rifugiati-pikpa-e-la-lettera-di-mina\/#primaryimage\"},\"thumbnailUrl\":\"https:\/\/www.pressenza.com\/wp-content\/uploads\/2020\/11\/pikpa.jpg\",\"keywords\":[\"Afghanistan\",\"campo rifugiati\",\"Grecia\",\"Lesbo\",\"pikpa\",\"rifugiati\"],\"articleSection\":[\"Asia\",\"contenuti originali\",\"Diritti Umani\",\"Europa\",\"Internazionale\",\"Migranti\"],\"inLanguage\":\"it-IT\"},{\"@type\":\"WebPage\",\"@id\":\"https:\/\/www.pressenza.com\/it\/2020\/11\/lesbo-il-campo-rifugiati-pikpa-e-la-lettera-di-mina\/\",\"url\":\"https:\/\/www.pressenza.com\/it\/2020\/11\/lesbo-il-campo-rifugiati-pikpa-e-la-lettera-di-mina\/\",\"name\":\"Lesbo | Il campo rifugiati Pikpa e la lettera di Mina\",\"isPartOf\":{\"@id\":\"https:\/\/www.pressenza.com\/it\/#website\"},\"primaryImageOfPage\":{\"@id\":\"https:\/\/www.pressenza.com\/it\/2020\/11\/lesbo-il-campo-rifugiati-pikpa-e-la-lettera-di-mina\/#primaryimage\"},\"image\":{\"@id\":\"https:\/\/www.pressenza.com\/it\/2020\/11\/lesbo-il-campo-rifugiati-pikpa-e-la-lettera-di-mina\/#primaryimage\"},\"thumbnailUrl\":\"https:\/\/www.pressenza.com\/wp-content\/uploads\/2020\/11\/pikpa.jpg\",\"datePublished\":\"2020-11-17T07:59:44+00:00\",\"description\":\"Pochi giorni prima dello sgombero del campo di Pikpa, una dei residenti, Mina, ha scritto una lettera che \u00e8 stata diffusa su Facebook. La lettera \u00e8 stata\",\"breadcrumb\":{\"@id\":\"https:\/\/www.pressenza.com\/it\/2020\/11\/lesbo-il-campo-rifugiati-pikpa-e-la-lettera-di-mina\/#breadcrumb\"},\"inLanguage\":\"it-IT\",\"potentialAction\":[{\"@type\":\"ReadAction\",\"target\":[\"https:\/\/www.pressenza.com\/it\/2020\/11\/lesbo-il-campo-rifugiati-pikpa-e-la-lettera-di-mina\/\"]}]},{\"@type\":\"ImageObject\",\"inLanguage\":\"it-IT\",\"@id\":\"https:\/\/www.pressenza.com\/it\/2020\/11\/lesbo-il-campo-rifugiati-pikpa-e-la-lettera-di-mina\/#primaryimage\",\"url\":\"https:\/\/www.pressenza.com\/wp-content\/uploads\/2020\/11\/pikpa.jpg\",\"contentUrl\":\"https:\/\/www.pressenza.com\/wp-content\/uploads\/2020\/11\/pikpa.jpg\",\"width\":600,\"height\":340},{\"@type\":\"BreadcrumbList\",\"@id\":\"https:\/\/www.pressenza.com\/it\/2020\/11\/lesbo-il-campo-rifugiati-pikpa-e-la-lettera-di-mina\/#breadcrumb\",\"itemListElement\":[{\"@type\":\"ListItem\",\"position\":1,\"name\":\"Accueil\",\"item\":\"https:\/\/www.pressenza.com\/it\/\"},{\"@type\":\"ListItem\",\"position\":2,\"name\":\"Lesbo | Il campo rifugiati Pikpa e la lettera di Mina\"}]},{\"@type\":\"WebSite\",\"@id\":\"https:\/\/www.pressenza.com\/it\/#website\",\"url\":\"https:\/\/www.pressenza.com\/it\/\",\"name\":\"Pressenza\",\"description\":\"Agenzia di Stampa Internazionale\",\"publisher\":{\"@id\":\"https:\/\/www.pressenza.com\/it\/#organization\"},\"potentialAction\":[{\"@type\":\"SearchAction\",\"target\":{\"@type\":\"EntryPoint\",\"urlTemplate\":\"https:\/\/www.pressenza.com\/it\/?s={search_term_string}\"},\"query-input\":{\"@type\":\"PropertyValueSpecification\",\"valueRequired\":true,\"valueName\":\"search_term_string\"}}],\"inLanguage\":\"it-IT\"},{\"@type\":\"Organization\",\"@id\":\"https:\/\/www.pressenza.com\/it\/#organization\",\"name\":\"Pressenza\",\"url\":\"https:\/\/www.pressenza.com\/it\/\",\"logo\":{\"@type\":\"ImageObject\",\"inLanguage\":\"it-IT\",\"@id\":\"https:\/\/www.pressenza.com\/it\/#\/schema\/logo\/image\/\",\"url\":\"https:\/\/www.pressenza.com\/wp-content\/uploads\/2022\/10\/pressenza_logo_200x200.jpg\",\"contentUrl\":\"https:\/\/www.pressenza.com\/wp-content\/uploads\/2022\/10\/pressenza_logo_200x200.jpg\",\"width\":200,\"height\":200,\"caption\":\"Pressenza\"},\"image\":{\"@id\":\"https:\/\/www.pressenza.com\/it\/#\/schema\/logo\/image\/\"},\"sameAs\":[\"https:\/\/www.facebook.com\/PressenzaItalia\",\"https:\/\/x.com\/PressenzaIPA\"]},{\"@type\":\"Person\",\"@id\":\"https:\/\/www.pressenza.com\/it\/#\/schema\/person\/e3b28c9575cd63576a05d54f8d67d1ac\",\"name\":\"Murat Cinar\",\"description\":\"One of the sons of Constantine, was born in 1981. Fruit of love of an immigrant couple in the former Ottoman city, she from Sebastia (Turkey) he from Batum (Georgia). Raised two steps away from the old Pera, between the Armenian and Jewish cultures. Big passion for photography, cinema, politics and inevitably journalism. After a short academic adventure in International Finance he landed in Italy back in 2001, first in Siena then in Turin, with the desire to study journalism, but he ended up attending Cinema and Television. He specializes in shooting and editing videos, photography and, lately, web marketing. Occasionally he writes in Turkey for the national magazine KaosGL, for the national daily Birgun and for various independent news portals such as Bianet and Sendika. In Italy he wrote for Il Manifesto and the monthly E-il mensile. He is one of the founders of the Glob011 monthly freepress, he worked for BabelMed and Prospettive Altre. Currently has collaborations with Pressenza and Caff\u00e8 dei Giornalisti. As long as he can get a little oxygen out of the city and a few hours free from work, he tries to write stories, frequenrly ironic ones, taken from what he observes and experiences. He tries to enrich his journey with Shiatsu, TaiChi and the passion for Fenerbah\u00e7e.\",\"sameAs\":[\"http:\/\/www.muratcinar.net\",\"https:\/\/www.facebook.com\/muratcinartorino\",\"https:\/\/www.instagram.com\/mcinar1981\",\"https:\/\/x.com\/muratcinar\",\"https:\/\/youtube.com\/c\/muratcinar\"],\"url\":\"https:\/\/www.pressenza.com\/it\/author\/murat-cinar\/\"}]}<\/script>\n<!-- \/ Yoast SEO plugin. -->","yoast_head_json":{"title":"Lesbo | Il campo rifugiati Pikpa e la lettera di Mina","description":"Pochi giorni prima dello sgombero del campo di Pikpa, una dei residenti, Mina, ha scritto una lettera che \u00e8 stata diffusa su Facebook. La lettera \u00e8 stata","robots":{"index":"index","follow":"follow","max-snippet":"max-snippet:-1","max-image-preview":"max-image-preview:large","max-video-preview":"max-video-preview:-1"},"canonical":"https:\/\/www.pressenza.com\/it\/2020\/11\/lesbo-il-campo-rifugiati-pikpa-e-la-lettera-di-mina\/","og_locale":"it_IT","og_type":"article","og_title":"Lesbo | Il campo rifugiati Pikpa e la lettera di Mina","og_description":"Pochi giorni prima dello sgombero del campo di Pikpa, una dei residenti, Mina, ha scritto una lettera che \u00e8 stata diffusa su Facebook. La lettera \u00e8 stata","og_url":"https:\/\/www.pressenza.com\/it\/2020\/11\/lesbo-il-campo-rifugiati-pikpa-e-la-lettera-di-mina\/","og_site_name":"Pressenza","article_publisher":"https:\/\/www.facebook.com\/PressenzaItalia","article_author":"https:\/\/www.facebook.com\/muratcinartorino","article_published_time":"2020-11-17T07:59:44+00:00","og_image":[{"width":600,"height":340,"url":"https:\/\/www.pressenza.com\/wp-content\/uploads\/2020\/11\/pikpa.jpg","type":"image\/jpeg"}],"author":"Murat Cinar","twitter_card":"summary_large_image","twitter_creator":"@muratcinar","twitter_site":"@PressenzaIPA","twitter_misc":{"Scritto da":"Murat Cinar","Tempo di lettura stimato":"2 minuti"},"schema":{"@context":"https:\/\/schema.org","@graph":[{"@type":"Article","@id":"https:\/\/www.pressenza.com\/it\/2020\/11\/lesbo-il-campo-rifugiati-pikpa-e-la-lettera-di-mina\/#article","isPartOf":{"@id":"https:\/\/www.pressenza.com\/it\/2020\/11\/lesbo-il-campo-rifugiati-pikpa-e-la-lettera-di-mina\/"},"author":{"name":"Murat Cinar","@id":"https:\/\/www.pressenza.com\/it\/#\/schema\/person\/e3b28c9575cd63576a05d54f8d67d1ac"},"headline":"Lesbo | Il campo rifugiati Pikpa e la lettera di Mina","datePublished":"2020-11-17T07:59:44+00:00","mainEntityOfPage":{"@id":"https:\/\/www.pressenza.com\/it\/2020\/11\/lesbo-il-campo-rifugiati-pikpa-e-la-lettera-di-mina\/"},"wordCount":389,"publisher":{"@id":"https:\/\/www.pressenza.com\/it\/#organization"},"image":{"@id":"https:\/\/www.pressenza.com\/it\/2020\/11\/lesbo-il-campo-rifugiati-pikpa-e-la-lettera-di-mina\/#primaryimage"},"thumbnailUrl":"https:\/\/www.pressenza.com\/wp-content\/uploads\/2020\/11\/pikpa.jpg","keywords":["Afghanistan","campo rifugiati","Grecia","Lesbo","pikpa","rifugiati"],"articleSection":["Asia","contenuti originali","Diritti Umani","Europa","Internazionale","Migranti"],"inLanguage":"it-IT"},{"@type":"WebPage","@id":"https:\/\/www.pressenza.com\/it\/2020\/11\/lesbo-il-campo-rifugiati-pikpa-e-la-lettera-di-mina\/","url":"https:\/\/www.pressenza.com\/it\/2020\/11\/lesbo-il-campo-rifugiati-pikpa-e-la-lettera-di-mina\/","name":"Lesbo | Il campo rifugiati Pikpa e la lettera di Mina","isPartOf":{"@id":"https:\/\/www.pressenza.com\/it\/#website"},"primaryImageOfPage":{"@id":"https:\/\/www.pressenza.com\/it\/2020\/11\/lesbo-il-campo-rifugiati-pikpa-e-la-lettera-di-mina\/#primaryimage"},"image":{"@id":"https:\/\/www.pressenza.com\/it\/2020\/11\/lesbo-il-campo-rifugiati-pikpa-e-la-lettera-di-mina\/#primaryimage"},"thumbnailUrl":"https:\/\/www.pressenza.com\/wp-content\/uploads\/2020\/11\/pikpa.jpg","datePublished":"2020-11-17T07:59:44+00:00","description":"Pochi giorni prima dello sgombero del campo di Pikpa, una dei residenti, Mina, ha scritto una lettera che \u00e8 stata diffusa su Facebook. La lettera \u00e8 stata","breadcrumb":{"@id":"https:\/\/www.pressenza.com\/it\/2020\/11\/lesbo-il-campo-rifugiati-pikpa-e-la-lettera-di-mina\/#breadcrumb"},"inLanguage":"it-IT","potentialAction":[{"@type":"ReadAction","target":["https:\/\/www.pressenza.com\/it\/2020\/11\/lesbo-il-campo-rifugiati-pikpa-e-la-lettera-di-mina\/"]}]},{"@type":"ImageObject","inLanguage":"it-IT","@id":"https:\/\/www.pressenza.com\/it\/2020\/11\/lesbo-il-campo-rifugiati-pikpa-e-la-lettera-di-mina\/#primaryimage","url":"https:\/\/www.pressenza.com\/wp-content\/uploads\/2020\/11\/pikpa.jpg","contentUrl":"https:\/\/www.pressenza.com\/wp-content\/uploads\/2020\/11\/pikpa.jpg","width":600,"height":340},{"@type":"BreadcrumbList","@id":"https:\/\/www.pressenza.com\/it\/2020\/11\/lesbo-il-campo-rifugiati-pikpa-e-la-lettera-di-mina\/#breadcrumb","itemListElement":[{"@type":"ListItem","position":1,"name":"Accueil","item":"https:\/\/www.pressenza.com\/it\/"},{"@type":"ListItem","position":2,"name":"Lesbo | Il campo rifugiati Pikpa e la lettera di Mina"}]},{"@type":"WebSite","@id":"https:\/\/www.pressenza.com\/it\/#website","url":"https:\/\/www.pressenza.com\/it\/","name":"Pressenza","description":"Agenzia di Stampa Internazionale","publisher":{"@id":"https:\/\/www.pressenza.com\/it\/#organization"},"potentialAction":[{"@type":"SearchAction","target":{"@type":"EntryPoint","urlTemplate":"https:\/\/www.pressenza.com\/it\/?s={search_term_string}"},"query-input":{"@type":"PropertyValueSpecification","valueRequired":true,"valueName":"search_term_string"}}],"inLanguage":"it-IT"},{"@type":"Organization","@id":"https:\/\/www.pressenza.com\/it\/#organization","name":"Pressenza","url":"https:\/\/www.pressenza.com\/it\/","logo":{"@type":"ImageObject","inLanguage":"it-IT","@id":"https:\/\/www.pressenza.com\/it\/#\/schema\/logo\/image\/","url":"https:\/\/www.pressenza.com\/wp-content\/uploads\/2022\/10\/pressenza_logo_200x200.jpg","contentUrl":"https:\/\/www.pressenza.com\/wp-content\/uploads\/2022\/10\/pressenza_logo_200x200.jpg","width":200,"height":200,"caption":"Pressenza"},"image":{"@id":"https:\/\/www.pressenza.com\/it\/#\/schema\/logo\/image\/"},"sameAs":["https:\/\/www.facebook.com\/PressenzaItalia","https:\/\/x.com\/PressenzaIPA"]},{"@type":"Person","@id":"https:\/\/www.pressenza.com\/it\/#\/schema\/person\/e3b28c9575cd63576a05d54f8d67d1ac","name":"Murat Cinar","description":"One of the sons of Constantine, was born in 1981. Fruit of love of an immigrant couple in the former Ottoman city, she from Sebastia (Turkey) he from Batum (Georgia). Raised two steps away from the old Pera, between the Armenian and Jewish cultures. Big passion for photography, cinema, politics and inevitably journalism. After a short academic adventure in International Finance he landed in Italy back in 2001, first in Siena then in Turin, with the desire to study journalism, but he ended up attending Cinema and Television. He specializes in shooting and editing videos, photography and, lately, web marketing. Occasionally he writes in Turkey for the national magazine KaosGL, for the national daily Birgun and for various independent news portals such as Bianet and Sendika. In Italy he wrote for Il Manifesto and the monthly E-il mensile. He is one of the founders of the Glob011 monthly freepress, he worked for BabelMed and Prospettive Altre. Currently has collaborations with Pressenza and Caff\u00e8 dei Giornalisti. As long as he can get a little oxygen out of the city and a few hours free from work, he tries to write stories, frequenrly ironic ones, taken from what he observes and experiences. He tries to enrich his journey with Shiatsu, TaiChi and the passion for Fenerbah\u00e7e.","sameAs":["http:\/\/www.muratcinar.net","https:\/\/www.facebook.com\/muratcinartorino","https:\/\/www.instagram.com\/mcinar1981","https:\/\/x.com\/muratcinar","https:\/\/youtube.com\/c\/muratcinar"],"url":"https:\/\/www.pressenza.com\/it\/author\/murat-cinar\/"}]}},"place":"","original_article_url":"","_links":{"self":[{"href":"https:\/\/www.pressenza.com\/it\/wp-json\/wp\/v2\/posts\/1241573","targetHints":{"allow":["GET"]}}],"collection":[{"href":"https:\/\/www.pressenza.com\/it\/wp-json\/wp\/v2\/posts"}],"about":[{"href":"https:\/\/www.pressenza.com\/it\/wp-json\/wp\/v2\/types\/post"}],"author":[{"embeddable":true,"href":"https:\/\/www.pressenza.com\/it\/wp-json\/wp\/v2\/users\/899"}],"replies":[{"embeddable":true,"href":"https:\/\/www.pressenza.com\/it\/wp-json\/wp\/v2\/comments?post=1241573"}],"version-history":[{"count":0,"href":"https:\/\/www.pressenza.com\/it\/wp-json\/wp\/v2\/posts\/1241573\/revisions"}],"wp:featuredmedia":[{"embeddable":true,"href":"https:\/\/www.pressenza.com\/it\/wp-json\/wp\/v2\/media\/1239513"}],"wp:attachment":[{"href":"https:\/\/www.pressenza.com\/it\/wp-json\/wp\/v2\/media?parent=1241573"}],"wp:term":[{"taxonomy":"category","embeddable":true,"href":"https:\/\/www.pressenza.com\/it\/wp-json\/wp\/v2\/categories?post=1241573"},{"taxonomy":"post_tag","embeddable":true,"href":"https:\/\/www.pressenza.com\/it\/wp-json\/wp\/v2\/tags?post=1241573"}],"curies":[{"name":"wp","href":"https:\/\/api.w.org\/{rel}","templated":true}]}}