{"id":1241037,"date":"2020-11-15T22:02:19","date_gmt":"2020-11-15T22:02:19","guid":{"rendered":"https:\/\/www.pressenza.com\/?p=1241037"},"modified":"2020-11-15T22:02:19","modified_gmt":"2020-11-15T22:02:19","slug":"tempesta-politica-sconvolge-letiopia","status":"publish","type":"post","link":"https:\/\/www.pressenza.com\/it\/2020\/11\/tempesta-politica-sconvolge-letiopia\/","title":{"rendered":"Tempesta politica sconvolge l\u2019Etiopia"},"content":{"rendered":"<p>Il conflitto armato iniziato il 4 novembre 2020 tra il governo centrale dell&#8217;Etiopia e la provincia semi-autonoma del Tigray, che confina con l&#8217;Eritrea e il Sudan, ha fatto temere un conflitto peggiore. Centinaia di persone sono gi\u00e0 state uccise e le Nazioni Unite riferiscono di un massiccio flusso di rifugiati in fuga. I dettagli sono difficili da confermare, poich\u00e9 il governo centrale ha interrotto l&#8217;attivit\u00e0 di tutti i mezzi di comunicazione.<\/p>\n<p>L&#8217;Etiopia \u00e8 una repubblica federale strutturata in 10 province semi-autonome, in gran parte organizzate in base alle aree etniche. L\u2019etnia tigrigna rappresenta circa il sei per cento di 110 milioni di cittadini. Tuttavia, i tigrini hanno svolto un ruolo importante nell\u2019ambito della politica nazionale negli ultimi tre decenni e sono relativamente facoltosi, in un paese con un&#8217;economia stagnante e disorganizzata. Inoltre, la regione del Tigray \u00e8 dotata di circa 250.000 truppe militari ben addestrate, alcune delle quali si sono rafforzate nel corso della guerra con l&#8217;Eritrea. Quindi un conflitto armato con il governo centrale potrebbe essere lungo e sanguinoso. Il segretario generale delle Nazioni Unite Antonio Guterres ha chiesto un ridimensionamento dei combattimenti e l&#8217;avvio di negoziati per una risoluzione pacifica del conflitto. Nonostante ci\u00f2, per il momento, non emerge alcun segnale di volont\u00e0 di negoziare.<\/p>\n<p>Il conflitto nasce da un\u2019annosa questione nei governi federali molto diversi tra loro: la divisione del potere politico ed economico tra il governo centrale e le province o gli Stati. Il governo centrale \u00e8 guidato da Abiy Ahmed, che \u00e8 salito al potere nel 2018. La leadership del Tigray \u00e8 stata critica, affermando che il governo centrale vuole centralizzare il potere e ha trascurato il Tigray. Alcuni dei leader delle altre province sono della stessa opinione e chiedono una maggiore autonomia.<\/p>\n<p>Le tensioni hanno raggiunto il culmine a settembre 2020, quando le elezioni per il parlamento del Tigray si sono svolte contro la volont\u00e0 del governo federale, che voleva rinviare tutte le elezioni a causa della crisi sanitaria della Covid-19. Cos\u00ec, il governo centrale ha dichiarato le elezioni &#8220;illegali&#8221;. Il Tigray ha replicato affermando di volere l&#8217;indipendenza e di avere intenzione di lasciare la federazione etiope, una possibilit\u00e0 che dipende dall&#8217;interpretazione della costituzione etiope. Il governo centrale ha quindi iniziato ad attaccare le citt\u00e0 del Tigray con jet da combattimento.<\/p>\n<p>Ovviamente, la guerra non \u00e8 il modo migliore per affrontare le tensioni dell&#8217;autorit\u00e0 all&#8217;interno delle strutture federali. Ma abbiamo avuto modo di constatare la violenza che \u00e8 nata dalle stesse questioni nell&#8217;ex Jugoslavia e nella disgregazione dell&#8217;ex Unione Sovietica. In questa fase, dobbiamo sostenere la richiesta del Segretario generale dell&#8217;Onu di un cessate il fuoco e l&#8217;inizio dei negoziati attraverso la fiducia reciproca.<\/p>\n<p><em>Traduzione dall&#8217;inglese di Maria Rosaria Leggieri. Revisione: Silvia Nocera<\/em><\/p>\n","protected":false},"excerpt":{"rendered":"<p>Il conflitto armato iniziato il 4 novembre 2020 tra il governo centrale dell&#8217;Etiopia e la provincia semi-autonoma del Tigray, che confina con l&#8217;Eritrea e il Sudan, ha fatto temere un conflitto peggiore. Centinaia di persone sono gi\u00e0 state uccise e&hellip;<\/p>\n","protected":false},"author":1322,"featured_media":1237596,"comment_status":"closed","ping_status":"closed","sticky":false,"template":"","format":"standard","meta":{"footnotes":""},"categories":[45,11388,162,1263],"tags":[5378,2777,3501,9286,84001],"class_list":["post-1241037","post","type-post","status-publish","format-standard","has-post-thumbnail","hentry","category-africa-it","category-contenuti-originali","category-opinioni","category-pace-disarmo","tag-etiopia","tag-guerra-civile","tag-indipendenza","tag-secessione","tag-tigray-it"],"yoast_head":"<!-- This site is optimized with the Yoast SEO plugin v27.1.1 - https:\/\/yoast.com\/product\/yoast-seo-wordpress\/ -->\n<title>Tempesta politica sconvolge l\u2019Etiopia<\/title>\n<meta name=\"description\" content=\"Il conflitto armato iniziato il 4 novembre 2020 tra il governo centrale dell&#039;Etiopia e la provincia semi-autonoma del Tigray, che confina con l&#039;Eritrea e\" \/>\n<meta name=\"robots\" content=\"index, follow, max-snippet:-1, max-image-preview:large, max-video-preview:-1\" \/>\n<link rel=\"canonical\" href=\"https:\/\/www.pressenza.com\/it\/2020\/11\/tempesta-politica-sconvolge-letiopia\/\" \/>\n<meta property=\"og:locale\" content=\"it_IT\" \/>\n<meta property=\"og:type\" content=\"article\" \/>\n<meta property=\"og:title\" content=\"Tempesta politica sconvolge l\u2019Etiopia\" \/>\n<meta property=\"og:description\" content=\"Il conflitto armato iniziato il 4 novembre 2020 tra il governo centrale dell&#039;Etiopia e la provincia semi-autonoma del Tigray, che confina con l&#039;Eritrea e\" \/>\n<meta property=\"og:url\" content=\"https:\/\/www.pressenza.com\/it\/2020\/11\/tempesta-politica-sconvolge-letiopia\/\" \/>\n<meta property=\"og:site_name\" content=\"Pressenza\" \/>\n<meta property=\"article:publisher\" content=\"https:\/\/www.facebook.com\/PressenzaItalia\" \/>\n<meta property=\"article:published_time\" content=\"2020-11-15T22:02:19+00:00\" \/>\n<meta property=\"og:image\" content=\"https:\/\/www.pressenza.com\/wp-content\/uploads\/2020\/11\/Ethiopian-Prime-Minister-Abiy-Ahmed-receiving-the-Nobel-Peace-Prize-in-Oslo-2019.jpg\" \/>\n\t<meta property=\"og:image:width\" content=\"800\" \/>\n\t<meta property=\"og:image:height\" content=\"533\" \/>\n\t<meta property=\"og:image:type\" content=\"image\/jpeg\" \/>\n<meta name=\"author\" content=\"Rene Wadlow\" \/>\n<meta name=\"twitter:card\" content=\"summary_large_image\" \/>\n<meta name=\"twitter:creator\" content=\"@PressenzaIPA\" \/>\n<meta name=\"twitter:site\" content=\"@PressenzaIPA\" \/>\n<meta name=\"twitter:label1\" content=\"Scritto da\" \/>\n\t<meta name=\"twitter:data1\" content=\"Rene Wadlow\" \/>\n\t<meta name=\"twitter:label2\" content=\"Tempo di lettura stimato\" \/>\n\t<meta name=\"twitter:data2\" content=\"2 minuti\" \/>\n<script type=\"application\/ld+json\" class=\"yoast-schema-graph\">{\"@context\":\"https:\/\/schema.org\",\"@graph\":[{\"@type\":\"Article\",\"@id\":\"https:\/\/www.pressenza.com\/it\/2020\/11\/tempesta-politica-sconvolge-letiopia\/#article\",\"isPartOf\":{\"@id\":\"https:\/\/www.pressenza.com\/it\/2020\/11\/tempesta-politica-sconvolge-letiopia\/\"},\"author\":{\"name\":\"Rene Wadlow\",\"@id\":\"https:\/\/www.pressenza.com\/it\/#\/schema\/person\/cf48c8a3f34f1aaf42500094bfda7610\"},\"headline\":\"Tempesta politica sconvolge l\u2019Etiopia\",\"datePublished\":\"2020-11-15T22:02:19+00:00\",\"mainEntityOfPage\":{\"@id\":\"https:\/\/www.pressenza.com\/it\/2020\/11\/tempesta-politica-sconvolge-letiopia\/\"},\"wordCount\":459,\"publisher\":{\"@id\":\"https:\/\/www.pressenza.com\/it\/#organization\"},\"image\":{\"@id\":\"https:\/\/www.pressenza.com\/it\/2020\/11\/tempesta-politica-sconvolge-letiopia\/#primaryimage\"},\"thumbnailUrl\":\"https:\/\/www.pressenza.com\/wp-content\/uploads\/2020\/11\/Ethiopian-Prime-Minister-Abiy-Ahmed-receiving-the-Nobel-Peace-Prize-in-Oslo-2019.jpg\",\"keywords\":[\"Etiopia\",\"guerra civile\",\"indipendenza\",\"secessione\",\"Tigray\"],\"articleSection\":[\"Africa\",\"contenuti originali\",\"Opinioni\",\"Pace e Disarmo\"],\"inLanguage\":\"it-IT\"},{\"@type\":\"WebPage\",\"@id\":\"https:\/\/www.pressenza.com\/it\/2020\/11\/tempesta-politica-sconvolge-letiopia\/\",\"url\":\"https:\/\/www.pressenza.com\/it\/2020\/11\/tempesta-politica-sconvolge-letiopia\/\",\"name\":\"Tempesta politica sconvolge l\u2019Etiopia\",\"isPartOf\":{\"@id\":\"https:\/\/www.pressenza.com\/it\/#website\"},\"primaryImageOfPage\":{\"@id\":\"https:\/\/www.pressenza.com\/it\/2020\/11\/tempesta-politica-sconvolge-letiopia\/#primaryimage\"},\"image\":{\"@id\":\"https:\/\/www.pressenza.com\/it\/2020\/11\/tempesta-politica-sconvolge-letiopia\/#primaryimage\"},\"thumbnailUrl\":\"https:\/\/www.pressenza.com\/wp-content\/uploads\/2020\/11\/Ethiopian-Prime-Minister-Abiy-Ahmed-receiving-the-Nobel-Peace-Prize-in-Oslo-2019.jpg\",\"datePublished\":\"2020-11-15T22:02:19+00:00\",\"description\":\"Il conflitto armato iniziato il 4 novembre 2020 tra il governo centrale dell'Etiopia e la provincia semi-autonoma del Tigray, che confina con l'Eritrea e\",\"breadcrumb\":{\"@id\":\"https:\/\/www.pressenza.com\/it\/2020\/11\/tempesta-politica-sconvolge-letiopia\/#breadcrumb\"},\"inLanguage\":\"it-IT\",\"potentialAction\":[{\"@type\":\"ReadAction\",\"target\":[\"https:\/\/www.pressenza.com\/it\/2020\/11\/tempesta-politica-sconvolge-letiopia\/\"]}]},{\"@type\":\"ImageObject\",\"inLanguage\":\"it-IT\",\"@id\":\"https:\/\/www.pressenza.com\/it\/2020\/11\/tempesta-politica-sconvolge-letiopia\/#primaryimage\",\"url\":\"https:\/\/www.pressenza.com\/wp-content\/uploads\/2020\/11\/Ethiopian-Prime-Minister-Abiy-Ahmed-receiving-the-Nobel-Peace-Prize-in-Oslo-2019.jpg\",\"contentUrl\":\"https:\/\/www.pressenza.com\/wp-content\/uploads\/2020\/11\/Ethiopian-Prime-Minister-Abiy-Ahmed-receiving-the-Nobel-Peace-Prize-in-Oslo-2019.jpg\",\"width\":800,\"height\":533,\"caption\":\"Ethiopian Prime Minister Abiy Ahmed receiving the Nobel Peace Prize in Oslo 2019\"},{\"@type\":\"BreadcrumbList\",\"@id\":\"https:\/\/www.pressenza.com\/it\/2020\/11\/tempesta-politica-sconvolge-letiopia\/#breadcrumb\",\"itemListElement\":[{\"@type\":\"ListItem\",\"position\":1,\"name\":\"Accueil\",\"item\":\"https:\/\/www.pressenza.com\/it\/\"},{\"@type\":\"ListItem\",\"position\":2,\"name\":\"Tempesta politica sconvolge l\u2019Etiopia\"}]},{\"@type\":\"WebSite\",\"@id\":\"https:\/\/www.pressenza.com\/it\/#website\",\"url\":\"https:\/\/www.pressenza.com\/it\/\",\"name\":\"Pressenza\",\"description\":\"Agenzia di Stampa Internazionale\",\"publisher\":{\"@id\":\"https:\/\/www.pressenza.com\/it\/#organization\"},\"potentialAction\":[{\"@type\":\"SearchAction\",\"target\":{\"@type\":\"EntryPoint\",\"urlTemplate\":\"https:\/\/www.pressenza.com\/it\/?s={search_term_string}\"},\"query-input\":{\"@type\":\"PropertyValueSpecification\",\"valueRequired\":true,\"valueName\":\"search_term_string\"}}],\"inLanguage\":\"it-IT\"},{\"@type\":\"Organization\",\"@id\":\"https:\/\/www.pressenza.com\/it\/#organization\",\"name\":\"Pressenza\",\"url\":\"https:\/\/www.pressenza.com\/it\/\",\"logo\":{\"@type\":\"ImageObject\",\"inLanguage\":\"it-IT\",\"@id\":\"https:\/\/www.pressenza.com\/it\/#\/schema\/logo\/image\/\",\"url\":\"https:\/\/www.pressenza.com\/wp-content\/uploads\/2022\/10\/pressenza_logo_200x200.jpg\",\"contentUrl\":\"https:\/\/www.pressenza.com\/wp-content\/uploads\/2022\/10\/pressenza_logo_200x200.jpg\",\"width\":200,\"height\":200,\"caption\":\"Pressenza\"},\"image\":{\"@id\":\"https:\/\/www.pressenza.com\/it\/#\/schema\/logo\/image\/\"},\"sameAs\":[\"https:\/\/www.facebook.com\/PressenzaItalia\",\"https:\/\/x.com\/PressenzaIPA\"]},{\"@type\":\"Person\",\"@id\":\"https:\/\/www.pressenza.com\/it\/#\/schema\/person\/cf48c8a3f34f1aaf42500094bfda7610\",\"name\":\"Rene Wadlow\",\"description\":\"President, Association of World Citizens www.awcungeneva.com and www.awcunited.org\",\"url\":\"https:\/\/www.pressenza.com\/it\/author\/rene-wadlow\/\"}]}<\/script>\n<!-- \/ Yoast SEO plugin. -->","yoast_head_json":{"title":"Tempesta politica sconvolge l\u2019Etiopia","description":"Il conflitto armato iniziato il 4 novembre 2020 tra il governo centrale dell'Etiopia e la provincia semi-autonoma del Tigray, che confina con l'Eritrea e","robots":{"index":"index","follow":"follow","max-snippet":"max-snippet:-1","max-image-preview":"max-image-preview:large","max-video-preview":"max-video-preview:-1"},"canonical":"https:\/\/www.pressenza.com\/it\/2020\/11\/tempesta-politica-sconvolge-letiopia\/","og_locale":"it_IT","og_type":"article","og_title":"Tempesta politica sconvolge l\u2019Etiopia","og_description":"Il conflitto armato iniziato il 4 novembre 2020 tra il governo centrale dell'Etiopia e la provincia semi-autonoma del Tigray, che confina con l'Eritrea e","og_url":"https:\/\/www.pressenza.com\/it\/2020\/11\/tempesta-politica-sconvolge-letiopia\/","og_site_name":"Pressenza","article_publisher":"https:\/\/www.facebook.com\/PressenzaItalia","article_published_time":"2020-11-15T22:02:19+00:00","og_image":[{"width":800,"height":533,"url":"https:\/\/www.pressenza.com\/wp-content\/uploads\/2020\/11\/Ethiopian-Prime-Minister-Abiy-Ahmed-receiving-the-Nobel-Peace-Prize-in-Oslo-2019.jpg","type":"image\/jpeg"}],"author":"Rene Wadlow","twitter_card":"summary_large_image","twitter_creator":"@PressenzaIPA","twitter_site":"@PressenzaIPA","twitter_misc":{"Scritto da":"Rene Wadlow","Tempo di lettura stimato":"2 minuti"},"schema":{"@context":"https:\/\/schema.org","@graph":[{"@type":"Article","@id":"https:\/\/www.pressenza.com\/it\/2020\/11\/tempesta-politica-sconvolge-letiopia\/#article","isPartOf":{"@id":"https:\/\/www.pressenza.com\/it\/2020\/11\/tempesta-politica-sconvolge-letiopia\/"},"author":{"name":"Rene Wadlow","@id":"https:\/\/www.pressenza.com\/it\/#\/schema\/person\/cf48c8a3f34f1aaf42500094bfda7610"},"headline":"Tempesta politica sconvolge l\u2019Etiopia","datePublished":"2020-11-15T22:02:19+00:00","mainEntityOfPage":{"@id":"https:\/\/www.pressenza.com\/it\/2020\/11\/tempesta-politica-sconvolge-letiopia\/"},"wordCount":459,"publisher":{"@id":"https:\/\/www.pressenza.com\/it\/#organization"},"image":{"@id":"https:\/\/www.pressenza.com\/it\/2020\/11\/tempesta-politica-sconvolge-letiopia\/#primaryimage"},"thumbnailUrl":"https:\/\/www.pressenza.com\/wp-content\/uploads\/2020\/11\/Ethiopian-Prime-Minister-Abiy-Ahmed-receiving-the-Nobel-Peace-Prize-in-Oslo-2019.jpg","keywords":["Etiopia","guerra civile","indipendenza","secessione","Tigray"],"articleSection":["Africa","contenuti originali","Opinioni","Pace e Disarmo"],"inLanguage":"it-IT"},{"@type":"WebPage","@id":"https:\/\/www.pressenza.com\/it\/2020\/11\/tempesta-politica-sconvolge-letiopia\/","url":"https:\/\/www.pressenza.com\/it\/2020\/11\/tempesta-politica-sconvolge-letiopia\/","name":"Tempesta politica sconvolge l\u2019Etiopia","isPartOf":{"@id":"https:\/\/www.pressenza.com\/it\/#website"},"primaryImageOfPage":{"@id":"https:\/\/www.pressenza.com\/it\/2020\/11\/tempesta-politica-sconvolge-letiopia\/#primaryimage"},"image":{"@id":"https:\/\/www.pressenza.com\/it\/2020\/11\/tempesta-politica-sconvolge-letiopia\/#primaryimage"},"thumbnailUrl":"https:\/\/www.pressenza.com\/wp-content\/uploads\/2020\/11\/Ethiopian-Prime-Minister-Abiy-Ahmed-receiving-the-Nobel-Peace-Prize-in-Oslo-2019.jpg","datePublished":"2020-11-15T22:02:19+00:00","description":"Il conflitto armato iniziato il 4 novembre 2020 tra il governo centrale dell'Etiopia e la provincia semi-autonoma del Tigray, che confina con l'Eritrea e","breadcrumb":{"@id":"https:\/\/www.pressenza.com\/it\/2020\/11\/tempesta-politica-sconvolge-letiopia\/#breadcrumb"},"inLanguage":"it-IT","potentialAction":[{"@type":"ReadAction","target":["https:\/\/www.pressenza.com\/it\/2020\/11\/tempesta-politica-sconvolge-letiopia\/"]}]},{"@type":"ImageObject","inLanguage":"it-IT","@id":"https:\/\/www.pressenza.com\/it\/2020\/11\/tempesta-politica-sconvolge-letiopia\/#primaryimage","url":"https:\/\/www.pressenza.com\/wp-content\/uploads\/2020\/11\/Ethiopian-Prime-Minister-Abiy-Ahmed-receiving-the-Nobel-Peace-Prize-in-Oslo-2019.jpg","contentUrl":"https:\/\/www.pressenza.com\/wp-content\/uploads\/2020\/11\/Ethiopian-Prime-Minister-Abiy-Ahmed-receiving-the-Nobel-Peace-Prize-in-Oslo-2019.jpg","width":800,"height":533,"caption":"Ethiopian Prime Minister Abiy Ahmed receiving the Nobel Peace Prize in Oslo 2019"},{"@type":"BreadcrumbList","@id":"https:\/\/www.pressenza.com\/it\/2020\/11\/tempesta-politica-sconvolge-letiopia\/#breadcrumb","itemListElement":[{"@type":"ListItem","position":1,"name":"Accueil","item":"https:\/\/www.pressenza.com\/it\/"},{"@type":"ListItem","position":2,"name":"Tempesta politica sconvolge l\u2019Etiopia"}]},{"@type":"WebSite","@id":"https:\/\/www.pressenza.com\/it\/#website","url":"https:\/\/www.pressenza.com\/it\/","name":"Pressenza","description":"Agenzia di Stampa Internazionale","publisher":{"@id":"https:\/\/www.pressenza.com\/it\/#organization"},"potentialAction":[{"@type":"SearchAction","target":{"@type":"EntryPoint","urlTemplate":"https:\/\/www.pressenza.com\/it\/?s={search_term_string}"},"query-input":{"@type":"PropertyValueSpecification","valueRequired":true,"valueName":"search_term_string"}}],"inLanguage":"it-IT"},{"@type":"Organization","@id":"https:\/\/www.pressenza.com\/it\/#organization","name":"Pressenza","url":"https:\/\/www.pressenza.com\/it\/","logo":{"@type":"ImageObject","inLanguage":"it-IT","@id":"https:\/\/www.pressenza.com\/it\/#\/schema\/logo\/image\/","url":"https:\/\/www.pressenza.com\/wp-content\/uploads\/2022\/10\/pressenza_logo_200x200.jpg","contentUrl":"https:\/\/www.pressenza.com\/wp-content\/uploads\/2022\/10\/pressenza_logo_200x200.jpg","width":200,"height":200,"caption":"Pressenza"},"image":{"@id":"https:\/\/www.pressenza.com\/it\/#\/schema\/logo\/image\/"},"sameAs":["https:\/\/www.facebook.com\/PressenzaItalia","https:\/\/x.com\/PressenzaIPA"]},{"@type":"Person","@id":"https:\/\/www.pressenza.com\/it\/#\/schema\/person\/cf48c8a3f34f1aaf42500094bfda7610","name":"Rene Wadlow","description":"President, Association of World Citizens www.awcungeneva.com and www.awcunited.org","url":"https:\/\/www.pressenza.com\/it\/author\/rene-wadlow\/"}]}},"place":"Ginevra, Svizzera","original_article_url":"","_links":{"self":[{"href":"https:\/\/www.pressenza.com\/it\/wp-json\/wp\/v2\/posts\/1241037","targetHints":{"allow":["GET"]}}],"collection":[{"href":"https:\/\/www.pressenza.com\/it\/wp-json\/wp\/v2\/posts"}],"about":[{"href":"https:\/\/www.pressenza.com\/it\/wp-json\/wp\/v2\/types\/post"}],"author":[{"embeddable":true,"href":"https:\/\/www.pressenza.com\/it\/wp-json\/wp\/v2\/users\/1322"}],"replies":[{"embeddable":true,"href":"https:\/\/www.pressenza.com\/it\/wp-json\/wp\/v2\/comments?post=1241037"}],"version-history":[{"count":0,"href":"https:\/\/www.pressenza.com\/it\/wp-json\/wp\/v2\/posts\/1241037\/revisions"}],"wp:featuredmedia":[{"embeddable":true,"href":"https:\/\/www.pressenza.com\/it\/wp-json\/wp\/v2\/media\/1237596"}],"wp:attachment":[{"href":"https:\/\/www.pressenza.com\/it\/wp-json\/wp\/v2\/media?parent=1241037"}],"wp:term":[{"taxonomy":"category","embeddable":true,"href":"https:\/\/www.pressenza.com\/it\/wp-json\/wp\/v2\/categories?post=1241037"},{"taxonomy":"post_tag","embeddable":true,"href":"https:\/\/www.pressenza.com\/it\/wp-json\/wp\/v2\/tags?post=1241037"}],"curies":[{"name":"wp","href":"https:\/\/api.w.org\/{rel}","templated":true}]}}