{"id":1238814,"date":"2020-11-13T16:52:26","date_gmt":"2020-11-13T16:52:26","guid":{"rendered":"https:\/\/www.pressenza.com\/?p=1238814"},"modified":"2020-11-13T16:58:51","modified_gmt":"2020-11-13T16:58:51","slug":"brasile-elezioni-municipali-e-resistenza","status":"publish","type":"post","link":"https:\/\/www.pressenza.com\/it\/2020\/11\/brasile-elezioni-municipali-e-resistenza\/","title":{"rendered":"Brasile, elezioni municipali e resistenza"},"content":{"rendered":"<p><span lang=\"it-IT\">La campagna elettorale per le elezioni municipali del giorno 15 Novembre si conclude con il paese a pezzi. <\/span><\/p>\n<p><span lang=\"it-IT\">Nella sola citt\u00e0 di Rio de Janeiro, per lo meno sette attentati e tre morti. Per garantirsi l&#8217;accesso alle stanze del potere politico istituzionale, le milizie impongono il terrore attraverso la loro azione consueta. In queste pagine abbiamo spesso raccontato il legame che unisce la famiglia Bolsonaro ai gruppi criminali che controllano la citt\u00e0 e molte zone del paese. L&#8217;ordine democratico spezzato con l&#8217;impeachment della presidente Dilma Rousseff e la conseguente elezione di Jair Bolsonaro, dopo due anni di interregno di Michel Temer, cerca di sopravvivere in un clima di intimidazione e violenza che il paese non viveva da decenni. Nonostante l&#8217;apparente avanzata dell&#8217;opposizione, il grande e imperdonabile errore commesso \u00e8 stato quello di legittimare il governo centrale considerandolo come l&#8217;interlocutore costituzionale. Il disastro economico in cui il Brasile \u00e8 sprofondato non lascia dubbi sulla responsabilit\u00e0, non solo della persona al comando, ma di tutta l&#8217;opposizione che ha continuato ad agire secondo le regole di una democrazia che non esiste pi\u00f9. Le istituzioni, umiliate dall&#8217;esecutivo e dai suoi sostenitori attraverso manifestazioni golpiste, e azioni sovversive (con la partecipazione personale diretta dello stesso presidente della repubblica, di cui in queste pagine si \u00e8 ampiamente riferito) hanno accettato e &#8211; con la loro inerzia &#8211; favorito la scalata autoritaria. L&#8217;esercito, pagliaccio, e allo stesso tempo, carnefice della nazione, non solo occupa i posti chiave dello Stato, i ministeri e le varie segreterie, ma con la sua stessa presenza avvalla i deliri presidenziali, la logorrea impazzita che porta il presidente a esternare i suoi sproloqui facili all\u2019insulto, come recentemente ha dimostrato, dirigendosi al paese: \u201c\u00e8 ora di smetterla di avere paura del Covid. Il Brasile deve finirla di essere un paese di <\/span><span lang=\"it-IT\">marica\u201d<\/span><span lang=\"it-IT\">. E, come se non bastasse, rivolgendosi a &#8220;un potente candidato a presidente americano&#8221; che propone sanzioni economiche al Brasile in caso di mancato controllo della devastazione ambientale, dice: \u201cquando in diplomazia finiscono le parole ci vuole la polvere da sparo\u201d.\u00a0Era un discorso ufficiale, accanto a lui il ministro degli esteri, lo stato maggiore, alleati e leccapiedi.<\/span><\/p>\n<p><span lang=\"it-IT\">Ecco il grande errore dell&#8217;opposizione: considerare legittimo un presidente che ha trasformato lo Stato nel cortile di casa sua. Gli insulti, le minacce e le azioni deliberate contro le minoranze, contro la parte pi\u00f9 vulnerabile della popolazione, fanno parte della prassi di governo e delle azioni intraprese, sia contro intere comunit\u00e0 che verso le singole persone, denunciate, processate, assassinate o semplicemente ridotte al silenzio. Mentre il presidente minaccia di entrare in guerra con gli USA, le milizie di Rio, coscienti delle protezioni istituzionali, impongono il terrore. Qualche anno fa, la citt\u00e0 venne occupata militarmente e il governatore destituito dei suoi poteri. Il motivo era proprio quello di contenere la violenza urbana. In teoria si sarebbe potuto sgominare totalmente sia il narcotraffico che le stesse milizie. Il generale che comandava l&#8217;intervento \u00e8 oggi uno dei pi\u00f9 importanti ministri. Le milizie continuano pi\u00f9 forti di prima. Il narcotraffico pure. \u00c8 bene ricordare che in occasione del primo viaggio ufficiale di Bolsonaro per partecipare al G-20 in Giappone, l&#8217;aereo della comitiva presidenziale si ferm\u00f2 per motivi tecnici in Spagna. Durante un semplice controllo, venne trovata dalla polizia spagnola una valigia con 39 kg di cocaina. Lo ripeto perch\u00e9 sia ben chiaro. Sull&#8217;aereo della comitiva presidenziale venne trovato un carico di 39 kg di cocaina. Fu indicato come responsabile un sergente, che venne prontamente arrestato dalle autorit\u00e0 spagnole. S\u00ec, un sergente. Le indagini brasiliane non cominciarono neppure. 39 kg di cocaina sull&#8217;aereo della comitiva presidenziale. Nessuna indagine. Fine, e che non se ne parli pi\u00f9. E cos\u00ec \u00e8 stato.<\/span><\/p>\n<p><span lang=\"it-IT\">Le inchieste e le denunce formali della magistratura, contro il figlio di Bolsonaro, oggi senatore, oltre ad indicare il riciclaggio di milioni di Reais, lo vedono coinvolto con i capi milizia, alcuni di essi, amici di famiglia e vicini di casa.\u00a0<\/span><\/p>\n<p><span lang=\"it-IT\">Eppure per la enorme maggioranza della popolazione, che pur soffre sulla sua pelle il disastro economico e ambientale, la parvenza democratica esercitata attraverso le prossime elezioni amministrative, riesce a nascondere la realt\u00e0 schizofrenica di un governo le cui azioni hanno provocato 165.000 morti di Covid. I dati dell&#8217;Istituto Nazionale di Geografia e Statistica dicono che 52 milioni di persone vivono al di sotto della soglia di povert\u00e0. E altri 13 milioni al di sotto di quella della miseria estrema. Per gli organismi internazionali, viene definito &#8220;povero&#8221; chi ha un reddito mensile di 400 Reais (al cambio di oggi poco pi\u00f9 di 70 dollari) al mese. &#8220;Miserabile&#8221; invece \u00e8 chi di Reais ne guadagna 89, quasi 16 dollari. Al mese.\u00a0<\/span><\/p>\n<p><span lang=\"it-IT\">Ma la resistenza popolare in qualche modo continua ad esistere e si organizza attraverso i movimenti di base, i gruppi culturali, le associazioni di quartiere e l&#8217;attivit\u00e0 instancabile delle donne, vere colonne portanti della societ\u00e0. La redazione brasiliana di Pressenza in questi mesi ha dedicato largo spazio a queste iniziative attraverso interviste dal vivo a candidate e candidati non allineati agli schemi di potere, ma molto attuanti sul territorio, la cui voce, pur essendo conosciuta localmente, spesso non riesce a superare la barriera della divulgazione nazionale. Sono donne e uomini impegnati in un lavoro capillare negli angoli pi\u00f9 remoti delle citt\u00e0 e delle campagne, in stretta convivenza con realt\u00e0 di emarginazione estrema ma da cui, per\u00f2, nasce la vera spinta popolare per rifondare la nazione. Sui canali brasiliani di Pressenza, facebook, instagram, twitter, youtube, \u00e8 possibile rendersi conto che la voce reale del paese \u00e8 piena di vita e proposte significative: l&#8217;eroica resistenza quotidiana.<\/span><\/p>\n<p><span lang=\"it-IT\">P.S. Trascrivo e traduco dal dizionario il significato di &#8220;Marica&#8221;, il termine con cui il presidente della repubblica ha definito i cittadini timorosi di contrarre il Covid.<\/span><\/p>\n<p><span lang=\"it-IT\"><b>MARICA<\/b><\/span><span lang=\"it-IT\"> \u2013 S.M. <\/span><span lang=\"it-IT\"><i>Aggettivo dispregiativo. <\/i><\/span><\/p>\n<p><span lang=\"it-IT\"><i>Uomo che compie un lavoro considerato femminile. Uomo che rivela un comportamento associato tradizionalmente al genere femminile. Omosessuale efemminato.<\/i><\/span><\/p>\n<p>&nbsp;<\/p>\n<p>&nbsp;<\/p>\n","protected":false},"excerpt":{"rendered":"<p>La campagna elettorale per le elezioni municipali del giorno 15 Novembre si conclude con il paese a pezzi. Nella sola citt\u00e0 di Rio de Janeiro, per lo meno sette attentati e tre morti. Per garantirsi l&#8217;accesso alle stanze del potere&hellip;<\/p>\n","protected":false},"author":1567,"featured_media":1238842,"comment_status":"closed","ping_status":"closed","sticky":false,"template":"","format":"standard","meta":{"footnotes":""},"categories":[11388,162,55],"tags":[83896,25364,54027],"class_list":["post-1238814","post","type-post","status-publish","format-standard","has-post-thumbnail","hentry","category-contenuti-originali","category-opinioni","category-politica","tag-cocaina","tag-elezioni-comunali","tag-jair-bolsonaro-it"],"yoast_head":"<!-- This site is optimized with the Yoast SEO plugin v27.1.1 - https:\/\/yoast.com\/product\/yoast-seo-wordpress\/ -->\n<title>Brasile, elezioni municipali e resistenza<\/title>\n<meta name=\"description\" content=\"La campagna elettorale per le elezioni municipali del giorno 15 Novembre si conclude con il paese a pezzi. Nella sola citt\u00e0 di Rio de Janeiro, per lo meno\" \/>\n<meta name=\"robots\" content=\"index, follow, max-snippet:-1, max-image-preview:large, max-video-preview:-1\" \/>\n<link rel=\"canonical\" href=\"https:\/\/www.pressenza.com\/it\/2020\/11\/brasile-elezioni-municipali-e-resistenza\/\" \/>\n<meta property=\"og:locale\" content=\"it_IT\" \/>\n<meta property=\"og:type\" content=\"article\" \/>\n<meta property=\"og:title\" content=\"Brasile, elezioni municipali e resistenza\" \/>\n<meta property=\"og:description\" content=\"La campagna elettorale per le elezioni municipali del giorno 15 Novembre si conclude con il paese a pezzi. Nella sola citt\u00e0 di Rio de Janeiro, per lo meno\" \/>\n<meta property=\"og:url\" content=\"https:\/\/www.pressenza.com\/it\/2020\/11\/brasile-elezioni-municipali-e-resistenza\/\" \/>\n<meta property=\"og:site_name\" content=\"Pressenza\" \/>\n<meta property=\"article:publisher\" content=\"https:\/\/www.facebook.com\/PressenzaItalia\" \/>\n<meta property=\"article:published_time\" content=\"2020-11-13T16:52:26+00:00\" \/>\n<meta property=\"article:modified_time\" content=\"2020-11-13T16:58:51+00:00\" \/>\n<meta property=\"og:image\" content=\"https:\/\/www.pressenza.com\/wp-content\/uploads\/2020\/11\/Bolsonaro-militari2.jpg\" \/>\n\t<meta property=\"og:image:width\" content=\"833\" \/>\n\t<meta property=\"og:image:height\" content=\"478\" \/>\n\t<meta property=\"og:image:type\" content=\"image\/jpeg\" \/>\n<meta name=\"author\" content=\"Paolo D&#039;Aprile\" \/>\n<meta name=\"twitter:card\" content=\"summary_large_image\" \/>\n<meta name=\"twitter:creator\" content=\"@PressenzaIPA\" \/>\n<meta name=\"twitter:site\" content=\"@PressenzaIPA\" \/>\n<meta name=\"twitter:label1\" content=\"Scritto da\" \/>\n\t<meta name=\"twitter:data1\" content=\"Paolo D&#039;Aprile\" \/>\n\t<meta name=\"twitter:label2\" content=\"Tempo di lettura stimato\" \/>\n\t<meta name=\"twitter:data2\" content=\"5 minuti\" \/>\n<script type=\"application\/ld+json\" class=\"yoast-schema-graph\">{\"@context\":\"https:\/\/schema.org\",\"@graph\":[{\"@type\":\"Article\",\"@id\":\"https:\/\/www.pressenza.com\/it\/2020\/11\/brasile-elezioni-municipali-e-resistenza\/#article\",\"isPartOf\":{\"@id\":\"https:\/\/www.pressenza.com\/it\/2020\/11\/brasile-elezioni-municipali-e-resistenza\/\"},\"author\":{\"name\":\"Paolo D'Aprile\",\"@id\":\"https:\/\/www.pressenza.com\/it\/#\/schema\/person\/b7683f6cc5b4992d9641abb1dd2b2c7a\"},\"headline\":\"Brasile, elezioni municipali e resistenza\",\"datePublished\":\"2020-11-13T16:52:26+00:00\",\"dateModified\":\"2020-11-13T16:58:51+00:00\",\"mainEntityOfPage\":{\"@id\":\"https:\/\/www.pressenza.com\/it\/2020\/11\/brasile-elezioni-municipali-e-resistenza\/\"},\"wordCount\":980,\"publisher\":{\"@id\":\"https:\/\/www.pressenza.com\/it\/#organization\"},\"image\":{\"@id\":\"https:\/\/www.pressenza.com\/it\/2020\/11\/brasile-elezioni-municipali-e-resistenza\/#primaryimage\"},\"thumbnailUrl\":\"https:\/\/www.pressenza.com\/wp-content\/uploads\/2020\/11\/Bolsonaro-militari2.jpg\",\"keywords\":[\"cocaina\",\"elezioni comunali\",\"Jair Bolsonaro\"],\"articleSection\":[\"contenuti originali\",\"Opinioni\",\"Politica\"],\"inLanguage\":\"it-IT\"},{\"@type\":\"WebPage\",\"@id\":\"https:\/\/www.pressenza.com\/it\/2020\/11\/brasile-elezioni-municipali-e-resistenza\/\",\"url\":\"https:\/\/www.pressenza.com\/it\/2020\/11\/brasile-elezioni-municipali-e-resistenza\/\",\"name\":\"Brasile, elezioni municipali e resistenza\",\"isPartOf\":{\"@id\":\"https:\/\/www.pressenza.com\/it\/#website\"},\"primaryImageOfPage\":{\"@id\":\"https:\/\/www.pressenza.com\/it\/2020\/11\/brasile-elezioni-municipali-e-resistenza\/#primaryimage\"},\"image\":{\"@id\":\"https:\/\/www.pressenza.com\/it\/2020\/11\/brasile-elezioni-municipali-e-resistenza\/#primaryimage\"},\"thumbnailUrl\":\"https:\/\/www.pressenza.com\/wp-content\/uploads\/2020\/11\/Bolsonaro-militari2.jpg\",\"datePublished\":\"2020-11-13T16:52:26+00:00\",\"dateModified\":\"2020-11-13T16:58:51+00:00\",\"description\":\"La campagna elettorale per le elezioni municipali del giorno 15 Novembre si conclude con il paese a pezzi. Nella sola citt\u00e0 di Rio de Janeiro, per lo meno\",\"breadcrumb\":{\"@id\":\"https:\/\/www.pressenza.com\/it\/2020\/11\/brasile-elezioni-municipali-e-resistenza\/#breadcrumb\"},\"inLanguage\":\"it-IT\",\"potentialAction\":[{\"@type\":\"ReadAction\",\"target\":[\"https:\/\/www.pressenza.com\/it\/2020\/11\/brasile-elezioni-municipali-e-resistenza\/\"]}]},{\"@type\":\"ImageObject\",\"inLanguage\":\"it-IT\",\"@id\":\"https:\/\/www.pressenza.com\/it\/2020\/11\/brasile-elezioni-municipali-e-resistenza\/#primaryimage\",\"url\":\"https:\/\/www.pressenza.com\/wp-content\/uploads\/2020\/11\/Bolsonaro-militari2.jpg\",\"contentUrl\":\"https:\/\/www.pressenza.com\/wp-content\/uploads\/2020\/11\/Bolsonaro-militari2.jpg\",\"width\":833,\"height\":478},{\"@type\":\"BreadcrumbList\",\"@id\":\"https:\/\/www.pressenza.com\/it\/2020\/11\/brasile-elezioni-municipali-e-resistenza\/#breadcrumb\",\"itemListElement\":[{\"@type\":\"ListItem\",\"position\":1,\"name\":\"Accueil\",\"item\":\"https:\/\/www.pressenza.com\/it\/\"},{\"@type\":\"ListItem\",\"position\":2,\"name\":\"Brasile, elezioni municipali e resistenza\"}]},{\"@type\":\"WebSite\",\"@id\":\"https:\/\/www.pressenza.com\/it\/#website\",\"url\":\"https:\/\/www.pressenza.com\/it\/\",\"name\":\"Pressenza\",\"description\":\"Agenzia di Stampa Internazionale\",\"publisher\":{\"@id\":\"https:\/\/www.pressenza.com\/it\/#organization\"},\"potentialAction\":[{\"@type\":\"SearchAction\",\"target\":{\"@type\":\"EntryPoint\",\"urlTemplate\":\"https:\/\/www.pressenza.com\/it\/?s={search_term_string}\"},\"query-input\":{\"@type\":\"PropertyValueSpecification\",\"valueRequired\":true,\"valueName\":\"search_term_string\"}}],\"inLanguage\":\"it-IT\"},{\"@type\":\"Organization\",\"@id\":\"https:\/\/www.pressenza.com\/it\/#organization\",\"name\":\"Pressenza\",\"url\":\"https:\/\/www.pressenza.com\/it\/\",\"logo\":{\"@type\":\"ImageObject\",\"inLanguage\":\"it-IT\",\"@id\":\"https:\/\/www.pressenza.com\/it\/#\/schema\/logo\/image\/\",\"url\":\"https:\/\/www.pressenza.com\/wp-content\/uploads\/2022\/10\/pressenza_logo_200x200.jpg\",\"contentUrl\":\"https:\/\/www.pressenza.com\/wp-content\/uploads\/2022\/10\/pressenza_logo_200x200.jpg\",\"width\":200,\"height\":200,\"caption\":\"Pressenza\"},\"image\":{\"@id\":\"https:\/\/www.pressenza.com\/it\/#\/schema\/logo\/image\/\"},\"sameAs\":[\"https:\/\/www.facebook.com\/PressenzaItalia\",\"https:\/\/x.com\/PressenzaIPA\"]},{\"@type\":\"Person\",\"@id\":\"https:\/\/www.pressenza.com\/it\/#\/schema\/person\/b7683f6cc5b4992d9641abb1dd2b2c7a\",\"name\":\"Paolo D'Aprile\",\"description\":\"Nasco nel 1963... sono un uomo di mezza et\u00e0! Vivo a S\u00e3o Paulo dal 1989 e il mio lavoro di fisioterapista mi ha portato in contatto con le situazioni estreme della citt\u00e0, dalle favelas ai \\\"meninos de rua\\\". Ho partecipato a vari progetti di inclusione attraverso l'esercizio dei diritti civili. Da grande voglio fare il calciatore, l'astronauta e il pompiere.\",\"url\":\"https:\/\/www.pressenza.com\/it\/author\/paolo-daprile\/\"}]}<\/script>\n<!-- \/ Yoast SEO plugin. -->","yoast_head_json":{"title":"Brasile, elezioni municipali e resistenza","description":"La campagna elettorale per le elezioni municipali del giorno 15 Novembre si conclude con il paese a pezzi. Nella sola citt\u00e0 di Rio de Janeiro, per lo meno","robots":{"index":"index","follow":"follow","max-snippet":"max-snippet:-1","max-image-preview":"max-image-preview:large","max-video-preview":"max-video-preview:-1"},"canonical":"https:\/\/www.pressenza.com\/it\/2020\/11\/brasile-elezioni-municipali-e-resistenza\/","og_locale":"it_IT","og_type":"article","og_title":"Brasile, elezioni municipali e resistenza","og_description":"La campagna elettorale per le elezioni municipali del giorno 15 Novembre si conclude con il paese a pezzi. Nella sola citt\u00e0 di Rio de Janeiro, per lo meno","og_url":"https:\/\/www.pressenza.com\/it\/2020\/11\/brasile-elezioni-municipali-e-resistenza\/","og_site_name":"Pressenza","article_publisher":"https:\/\/www.facebook.com\/PressenzaItalia","article_published_time":"2020-11-13T16:52:26+00:00","article_modified_time":"2020-11-13T16:58:51+00:00","og_image":[{"width":833,"height":478,"url":"https:\/\/www.pressenza.com\/wp-content\/uploads\/2020\/11\/Bolsonaro-militari2.jpg","type":"image\/jpeg"}],"author":"Paolo D'Aprile","twitter_card":"summary_large_image","twitter_creator":"@PressenzaIPA","twitter_site":"@PressenzaIPA","twitter_misc":{"Scritto da":"Paolo D'Aprile","Tempo di lettura stimato":"5 minuti"},"schema":{"@context":"https:\/\/schema.org","@graph":[{"@type":"Article","@id":"https:\/\/www.pressenza.com\/it\/2020\/11\/brasile-elezioni-municipali-e-resistenza\/#article","isPartOf":{"@id":"https:\/\/www.pressenza.com\/it\/2020\/11\/brasile-elezioni-municipali-e-resistenza\/"},"author":{"name":"Paolo D'Aprile","@id":"https:\/\/www.pressenza.com\/it\/#\/schema\/person\/b7683f6cc5b4992d9641abb1dd2b2c7a"},"headline":"Brasile, elezioni municipali e resistenza","datePublished":"2020-11-13T16:52:26+00:00","dateModified":"2020-11-13T16:58:51+00:00","mainEntityOfPage":{"@id":"https:\/\/www.pressenza.com\/it\/2020\/11\/brasile-elezioni-municipali-e-resistenza\/"},"wordCount":980,"publisher":{"@id":"https:\/\/www.pressenza.com\/it\/#organization"},"image":{"@id":"https:\/\/www.pressenza.com\/it\/2020\/11\/brasile-elezioni-municipali-e-resistenza\/#primaryimage"},"thumbnailUrl":"https:\/\/www.pressenza.com\/wp-content\/uploads\/2020\/11\/Bolsonaro-militari2.jpg","keywords":["cocaina","elezioni comunali","Jair Bolsonaro"],"articleSection":["contenuti originali","Opinioni","Politica"],"inLanguage":"it-IT"},{"@type":"WebPage","@id":"https:\/\/www.pressenza.com\/it\/2020\/11\/brasile-elezioni-municipali-e-resistenza\/","url":"https:\/\/www.pressenza.com\/it\/2020\/11\/brasile-elezioni-municipali-e-resistenza\/","name":"Brasile, elezioni municipali e resistenza","isPartOf":{"@id":"https:\/\/www.pressenza.com\/it\/#website"},"primaryImageOfPage":{"@id":"https:\/\/www.pressenza.com\/it\/2020\/11\/brasile-elezioni-municipali-e-resistenza\/#primaryimage"},"image":{"@id":"https:\/\/www.pressenza.com\/it\/2020\/11\/brasile-elezioni-municipali-e-resistenza\/#primaryimage"},"thumbnailUrl":"https:\/\/www.pressenza.com\/wp-content\/uploads\/2020\/11\/Bolsonaro-militari2.jpg","datePublished":"2020-11-13T16:52:26+00:00","dateModified":"2020-11-13T16:58:51+00:00","description":"La campagna elettorale per le elezioni municipali del giorno 15 Novembre si conclude con il paese a pezzi. Nella sola citt\u00e0 di Rio de Janeiro, per lo meno","breadcrumb":{"@id":"https:\/\/www.pressenza.com\/it\/2020\/11\/brasile-elezioni-municipali-e-resistenza\/#breadcrumb"},"inLanguage":"it-IT","potentialAction":[{"@type":"ReadAction","target":["https:\/\/www.pressenza.com\/it\/2020\/11\/brasile-elezioni-municipali-e-resistenza\/"]}]},{"@type":"ImageObject","inLanguage":"it-IT","@id":"https:\/\/www.pressenza.com\/it\/2020\/11\/brasile-elezioni-municipali-e-resistenza\/#primaryimage","url":"https:\/\/www.pressenza.com\/wp-content\/uploads\/2020\/11\/Bolsonaro-militari2.jpg","contentUrl":"https:\/\/www.pressenza.com\/wp-content\/uploads\/2020\/11\/Bolsonaro-militari2.jpg","width":833,"height":478},{"@type":"BreadcrumbList","@id":"https:\/\/www.pressenza.com\/it\/2020\/11\/brasile-elezioni-municipali-e-resistenza\/#breadcrumb","itemListElement":[{"@type":"ListItem","position":1,"name":"Accueil","item":"https:\/\/www.pressenza.com\/it\/"},{"@type":"ListItem","position":2,"name":"Brasile, elezioni municipali e resistenza"}]},{"@type":"WebSite","@id":"https:\/\/www.pressenza.com\/it\/#website","url":"https:\/\/www.pressenza.com\/it\/","name":"Pressenza","description":"Agenzia di Stampa Internazionale","publisher":{"@id":"https:\/\/www.pressenza.com\/it\/#organization"},"potentialAction":[{"@type":"SearchAction","target":{"@type":"EntryPoint","urlTemplate":"https:\/\/www.pressenza.com\/it\/?s={search_term_string}"},"query-input":{"@type":"PropertyValueSpecification","valueRequired":true,"valueName":"search_term_string"}}],"inLanguage":"it-IT"},{"@type":"Organization","@id":"https:\/\/www.pressenza.com\/it\/#organization","name":"Pressenza","url":"https:\/\/www.pressenza.com\/it\/","logo":{"@type":"ImageObject","inLanguage":"it-IT","@id":"https:\/\/www.pressenza.com\/it\/#\/schema\/logo\/image\/","url":"https:\/\/www.pressenza.com\/wp-content\/uploads\/2022\/10\/pressenza_logo_200x200.jpg","contentUrl":"https:\/\/www.pressenza.com\/wp-content\/uploads\/2022\/10\/pressenza_logo_200x200.jpg","width":200,"height":200,"caption":"Pressenza"},"image":{"@id":"https:\/\/www.pressenza.com\/it\/#\/schema\/logo\/image\/"},"sameAs":["https:\/\/www.facebook.com\/PressenzaItalia","https:\/\/x.com\/PressenzaIPA"]},{"@type":"Person","@id":"https:\/\/www.pressenza.com\/it\/#\/schema\/person\/b7683f6cc5b4992d9641abb1dd2b2c7a","name":"Paolo D'Aprile","description":"Nasco nel 1963... sono un uomo di mezza et\u00e0! Vivo a S\u00e3o Paulo dal 1989 e il mio lavoro di fisioterapista mi ha portato in contatto con le situazioni estreme della citt\u00e0, dalle favelas ai \"meninos de rua\". Ho partecipato a vari progetti di inclusione attraverso l'esercizio dei diritti civili. Da grande voglio fare il calciatore, l'astronauta e il pompiere.","url":"https:\/\/www.pressenza.com\/it\/author\/paolo-daprile\/"}]}},"place":"","original_article_url":"","_links":{"self":[{"href":"https:\/\/www.pressenza.com\/it\/wp-json\/wp\/v2\/posts\/1238814","targetHints":{"allow":["GET"]}}],"collection":[{"href":"https:\/\/www.pressenza.com\/it\/wp-json\/wp\/v2\/posts"}],"about":[{"href":"https:\/\/www.pressenza.com\/it\/wp-json\/wp\/v2\/types\/post"}],"author":[{"embeddable":true,"href":"https:\/\/www.pressenza.com\/it\/wp-json\/wp\/v2\/users\/1567"}],"replies":[{"embeddable":true,"href":"https:\/\/www.pressenza.com\/it\/wp-json\/wp\/v2\/comments?post=1238814"}],"version-history":[{"count":0,"href":"https:\/\/www.pressenza.com\/it\/wp-json\/wp\/v2\/posts\/1238814\/revisions"}],"wp:featuredmedia":[{"embeddable":true,"href":"https:\/\/www.pressenza.com\/it\/wp-json\/wp\/v2\/media\/1238842"}],"wp:attachment":[{"href":"https:\/\/www.pressenza.com\/it\/wp-json\/wp\/v2\/media?parent=1238814"}],"wp:term":[{"taxonomy":"category","embeddable":true,"href":"https:\/\/www.pressenza.com\/it\/wp-json\/wp\/v2\/categories?post=1238814"},{"taxonomy":"post_tag","embeddable":true,"href":"https:\/\/www.pressenza.com\/it\/wp-json\/wp\/v2\/tags?post=1238814"}],"curies":[{"name":"wp","href":"https:\/\/api.w.org\/{rel}","templated":true}]}}