{"id":123777,"date":"2014-08-05T10:52:32","date_gmt":"2014-08-05T09:52:32","guid":{"rendered":"http:\/\/www.pressenza.com\/?p=123777"},"modified":"2014-08-05T10:52:32","modified_gmt":"2014-08-05T09:52:32","slug":"in-marcia-per-pace-nonviolenza","status":"publish","type":"post","link":"https:\/\/www.pressenza.com\/it\/2014\/08\/in-marcia-per-pace-nonviolenza\/","title":{"rendered":"Siamo in marcia per la pace e la nonviolenza"},"content":{"rendered":"<header><\/header>\n<div><img loading=\"lazy\" decoding=\"async\" title=\"Siamo in marcia per la pace e la nonviolenza\" alt=\"Siamo in marcia per la pace e la nonviolenza\" src=\"http:\/\/www.azionenonviolenta.it\/wp-content\/uploads\/2014\/08\/marcia-perugia-2011-420x245.jpg\" width=\"420\" height=\"245\" \/><\/div>\n<div>\n<p><em>Il Movimento Nonviolento sulla Perugia-Assisi<\/em><\/p>\n<\/div>\n<p align=\"JUSTIFY\"><b>La prima Marcia della Pace Perugia-Assisi del 1961<\/b> ha partorito il Movimento Nonviolento, l\u2019una e l\u2019altro voluti da Aldo Capitini. La Marcia come presentazione del programma, il Movimento come strumento attuativo. Marcia e Movimento, insieme, per la nonviolenza organizzata.<\/p>\n<p align=\"JUSTIFY\">La nostra storia, dunque, si intreccia con quella delle marce della pace, dalle prime organizzate proprio dal<b> Movimento Nonviolento<\/b> fino a quelle promosse dalla <b>Tavola per la pace<\/b>, passando per quelle che contestammo perch\u00e8 troppo ambigue sul tema dell\u2019opposizione alla guerra. Fu proprio per questo che nel 2000 organizzammo autonomamente, insieme al MIR, la <b>Marcia nonviolenta Perugia-Assisi \u201cMai pi\u00f9 eserciti e guerre\u201d.<\/b><\/p>\n<p align=\"JUSTIFY\">Nel 2011, cinquantesimo anniversario della prima edizione della marcia di Capitini, fummo co-promotori della \u201cMarcia per la pace e la fratellanza dei popoli\u201d, <b>per cercare di ritrovarne lo spirito originale<\/b>. Fu una grande manifestazione popolare nella quale riuscimmo ad introdurre il tema politico del disarmo e la valorizzazione della campagna NO-F35.<\/p>\n<p align=\"JUSTIFY\">Dopo quella esperienza chiedemmo alla Tavola della Pace un incontro di valutazione e riflessione sul se e come procedere con le marce Perugia-Assisi, per non cadere, dopo 50 anni, nella ritualit\u00e0 e nella celebrazione fine a se stessa, a scapito dei contenuti. <b>Non \u00e8 mai arrivata alcuna risposta, ma anzi la Tavola stessa \u00e8 implosa<\/b>. Le sue principali organizzazioni, contestandone la conduzione monocratica, la poca trasparenza e la non chiarezza nel rapporto con le Istituzioni locali che la Marcia sostengono anche finanziariamente, hanno preso atto che l\u2019esperienza della Tavola si era conclusa ed hanno dato vita alla Rete della Pace, per dotarsi di un\u2019organizzazione autonoma, democratica ed indipendente.<\/p>\n<p>La riflessione collettiva sulla Marcia dunque non \u00e8 mai avvenuta, per contro con un anno di anticipo siamo venuti a sapere della convocazione di nuova Perugia-Assisi nel 2014, indetta a nome della ormai ex Tavola e di altre improvvisate sigle, <b>indipendentemente dal contesto internazionale nella quale viene \u201ccadere\u201d e dai percorsi di elaborazione politica collettiva del \u201cpopolo della pace\u201d<\/b>. Titolo, contenuti e documento della Marcia sono stati comunicati come un dato di fatto. A tutti si chiede solo di aderire e partecipare. La gestione, l\u2019organizzazione, l\u2019immagine della Marcia sono in mano al cosiddetto \u201ccomitato promotore\u201d con una modalit\u00e0, quanto meno, privatistica.<\/p>\n<p align=\"JUSTIFY\"><b>L\u2019Appello<\/b> per la Perugia-Assisi \u2013 la cui stesura non \u00e8 stata condivisa con alcuna delle organizzazioni associative, culturali, sindacali, che da sempre animano la Marcia della Pace \u2013 <b>\u00e8 del tutto generico e superficiale<\/b>, e non tiene conto del ritorno violento della guerra come continuazione della politica con altri mezzi in Palestina ed Israele, in Siria, in Iraq, in Libia, in Afghanistan, Ucraina, Congo, Nigeria e nelle decine di altre zone del mondo, di fronte al quale la comunit\u00e0 internazionale \u00e8 impotente o complice, come<b> il nostro Paese che continua a vendere armi a tutte le parti in conflitto<\/b>. N\u00e9 tiente conto del percorso organizzativo e politico del \u201cpopolo della pace\u201d che ha visto \u2013 anche come onda lunga della marcia del 2011 \u2013 una plurale convergenza nell\u2019Arena di Pace e Disarmo dello scorso 25 aprile, dove \u00e8 stata lanciata la <b>Campagna per la Legge di inziativa popolare per il Disarmo e la Difesa civile, non armata e nonviolenta, <\/b>come azione politica unitaria.<\/p>\n<p align=\"JUSTIFY\">Con l\u2019Arena di Pace e Disarmo e con la Campagna che partir\u00e0 il prossimo 2 ottobre\u00a0<b>il movimento per la pace ha fatto un salto di qualit\u00e0 sul piano degli obiettivi specifici, delle alleanze tra il mondo del disarmo, del servizio civile, del volontariato, tra forze laiche e religiose<\/b>, dei processi di condivisione delle pratiche, della capacit\u00e0 organizzativa e di autonomia economica, senza dover dipendere da finanziamenti pubblici. Oggi il movimento per la pace non pu\u00f2 essere riportato alla genericit\u00e0 degli slogan retorici, buoni per ogni stagione, ma che non spostano in avanti il processo di disarmo e di costruzione delle alternative alla guerra, alle armi ed agli eserciti, strumenti che l\u2019alimentano e la rendono possibile. <b>La Marcia, come scriveva Aldo Capitini, non pu\u00f2 essere \u201cfine a se stessa\u201d<\/b>, la Marcia \u00e8 un mezzo nonviolento di azione: tra i requisiti fondamentali vi \u00e8 quello di dover proporre obiettivi politici specifici e chiari, \u201conde che vanno lontano\u201d, che impegnino responsabilmente ciascuno dei marciatori.<\/p>\n<p align=\"JUSTIFY\">Per queste ragioni<b> il Movimento Nonviolento<\/b> \u2013 nella consapevolezza che la Marcia della Pace, per la forza della sua storia, l\u2019evocazione, la suggestione, e lo spirito che richiama dovrebbe essere una \u201cAssemblea in cammino\u201d, \u201caperta\u201d e di \u201ctutti\u201d \u2013 <b>ritiene che allo stato attuale non vi siano le condizioni per poter aderire alla Perugia-Assisi del 2014<\/b>.<\/p>\n<p align=\"JUSTIFY\">\n<p align=\"JUSTIFY\">Le nostre richieste minime per rivedere tale posizione sono:<\/p>\n<p align=\"JUSTIFY\">1) Ridefinizione e apertura del Comitato promotore ai soggetti che ne vogliono far parte<\/p>\n<p align=\"JUSTIFY\">2) Riscrittura dell\u2019Appello di convocazione<\/p>\n<p align=\"JUSTIFY\">3) Costituzione di un gruppo plurimo di portavoce e rappresentanti della Marcia<\/p>\n<p align=\"JUSTIFY\">\nSingoli aderenti e centri territoriali del Movimento Nonviolento che comunque decidessero di essere presenti alla Marcia, per avere la possibilit\u00e0 di venire a contatto con chi vi parteciper\u00e0, avranno modo di far conoscere le nostre posizioni e proposte e portare i contenuti della Campagna.<\/p>\n<p align=\"JUSTIFY\">Nel frattempo, il cartello delle Reti con le quali abbiamo dato vita ad Arena di Pace (Rete della Pace, Rete Disarmo, Tavolo interventi cvili di pace, Sbilanciamoci!) ha convocato <b>una manifestazione che si svolger\u00e0 domenica 21 settembre a Firenze<\/b>, come risposta urgente e straordinaria alla crisi internazionale in atto (Palestina e Israele, Siria, Iraq, Libia, Afghanistan e Ucraina) e fare tutti insieme <b>un passo di Pace<\/b>. Ci sembra un\u2019iniziativa necessaria, adeguata, tempestiva, che raccoglie un comune sentire. Un passo di maturit\u00e0 e di unit\u00e0. Vi parteciperemo attivamente, fin dalla sua organizzazione, con la nostra aggiunta nonviolenta.<\/p>\n<p align=\"JUSTIFY\">Sar\u00e0 inoltre un momento politico nel quale portare i nostri contenuti e la proposta della Campagna Disarmo e Difesa civile, che inizier\u00e0 il prossimo 2 ottobre.<\/p>\n<p align=\"JUSTIFY\">Queste sono le scadenze che ci vedranno impegnati nei prossimi mesi.<\/p>\n<p align=\"JUSTIFY\">\n<p align=\"RIGHT\"><b>Movimento Nonviolento<\/b><\/p>\n<p align=\"RIGHT\"><a href=\"http:\/\/www.azionenonviolenta.it\/\"><b>www.azionenonviolenta.it<\/b><\/a><\/p>\n<p align=\"RIGHT\"><a href=\"http:\/\/www.nonviolenti.org\/\"><b>www.nonviolenti.org<\/b><\/a><\/p>\n","protected":false},"excerpt":{"rendered":"<p>Il Movimento Nonviolento sulla Perugia-Assisi La prima Marcia della Pace Perugia-Assisi del 1961 ha partorito il Movimento Nonviolento, l\u2019una e l\u2019altro voluti da Aldo Capitini. La Marcia come presentazione del programma, il Movimento come strumento attuativo. Marcia e Movimento, insieme,&hellip;<\/p>\n","protected":false},"author":600,"featured_media":0,"comment_status":"closed","ping_status":"open","sticky":false,"template":"","format":"standard","meta":{"footnotes":""},"categories":[150,47,162,1263],"tags":[9742,11733,720],"class_list":["post-123777","post","type-post","status-publish","format-standard","hentry","category-comunicati-stampa","category-europa","category-opinioni","category-pace-disarmo","tag-marcia-per-la-pace","tag-marcia-perugia-assisi","tag-movimento-nonviolento"],"yoast_head":"<!-- This site is optimized with the Yoast SEO plugin v27.1.1 - https:\/\/yoast.com\/product\/yoast-seo-wordpress\/ -->\n<title>Siamo in marcia per la pace e la nonviolenza<\/title>\n<meta name=\"description\" content=\"Il Movimento Nonviolento sulla Perugia-Assisi La prima Marcia della Pace Perugia-Assisi del 1961 ha partorito il Movimento Nonviolento, l\u2019una e l\u2019altro\" \/>\n<meta name=\"robots\" content=\"index, follow, max-snippet:-1, max-image-preview:large, max-video-preview:-1\" \/>\n<link rel=\"canonical\" href=\"https:\/\/www.pressenza.com\/it\/2014\/08\/in-marcia-per-pace-nonviolenza\/\" \/>\n<meta property=\"og:locale\" content=\"it_IT\" \/>\n<meta property=\"og:type\" content=\"article\" \/>\n<meta property=\"og:title\" content=\"Siamo in marcia per la pace e la nonviolenza\" \/>\n<meta property=\"og:description\" content=\"Il Movimento Nonviolento sulla Perugia-Assisi La prima Marcia della Pace Perugia-Assisi del 1961 ha partorito il Movimento Nonviolento, l\u2019una e l\u2019altro\" \/>\n<meta property=\"og:url\" content=\"https:\/\/www.pressenza.com\/it\/2014\/08\/in-marcia-per-pace-nonviolenza\/\" \/>\n<meta property=\"og:site_name\" content=\"Pressenza\" \/>\n<meta property=\"article:publisher\" content=\"https:\/\/www.facebook.com\/PressenzaItalia\" \/>\n<meta property=\"article:published_time\" content=\"2014-08-05T09:52:32+00:00\" \/>\n<meta property=\"og:image\" content=\"http:\/\/www.azionenonviolenta.it\/wp-content\/uploads\/2014\/08\/marcia-perugia-2011-420x245.jpg\" \/>\n<meta name=\"author\" content=\"Movimento Nonviolento\" \/>\n<meta name=\"twitter:card\" content=\"summary_large_image\" \/>\n<meta name=\"twitter:creator\" content=\"@PressenzaIPA\" \/>\n<meta name=\"twitter:site\" content=\"@PressenzaIPA\" \/>\n<meta name=\"twitter:label1\" content=\"Scritto da\" \/>\n\t<meta name=\"twitter:data1\" content=\"Movimento Nonviolento\" \/>\n\t<meta name=\"twitter:label2\" content=\"Tempo di lettura stimato\" \/>\n\t<meta name=\"twitter:data2\" content=\"5 minuti\" \/>\n<script type=\"application\/ld+json\" class=\"yoast-schema-graph\">{\"@context\":\"https:\/\/schema.org\",\"@graph\":[{\"@type\":\"Article\",\"@id\":\"https:\/\/www.pressenza.com\/it\/2014\/08\/in-marcia-per-pace-nonviolenza\/#article\",\"isPartOf\":{\"@id\":\"https:\/\/www.pressenza.com\/it\/2014\/08\/in-marcia-per-pace-nonviolenza\/\"},\"author\":{\"name\":\"Movimento Nonviolento\",\"@id\":\"https:\/\/www.pressenza.com\/it\/#\/schema\/person\/5c22aa4afc24f8cbe52d85a1f7e4df91\"},\"headline\":\"Siamo in marcia per la pace e la nonviolenza\",\"datePublished\":\"2014-08-05T09:52:32+00:00\",\"mainEntityOfPage\":{\"@id\":\"https:\/\/www.pressenza.com\/it\/2014\/08\/in-marcia-per-pace-nonviolenza\/\"},\"wordCount\":966,\"publisher\":{\"@id\":\"https:\/\/www.pressenza.com\/it\/#organization\"},\"image\":{\"@id\":\"https:\/\/www.pressenza.com\/it\/2014\/08\/in-marcia-per-pace-nonviolenza\/#primaryimage\"},\"thumbnailUrl\":\"http:\/\/www.azionenonviolenta.it\/wp-content\/uploads\/2014\/08\/marcia-perugia-2011-420x245.jpg\",\"keywords\":[\"Marcia per la Pace\",\"Marcia Perugia-Assisi\",\"Movimento Nonviolento\"],\"articleSection\":[\"Comunicati Stampa\",\"Europa\",\"Opinioni\",\"Pace e Disarmo\"],\"inLanguage\":\"it-IT\"},{\"@type\":\"WebPage\",\"@id\":\"https:\/\/www.pressenza.com\/it\/2014\/08\/in-marcia-per-pace-nonviolenza\/\",\"url\":\"https:\/\/www.pressenza.com\/it\/2014\/08\/in-marcia-per-pace-nonviolenza\/\",\"name\":\"Siamo in marcia per la pace e la nonviolenza\",\"isPartOf\":{\"@id\":\"https:\/\/www.pressenza.com\/it\/#website\"},\"primaryImageOfPage\":{\"@id\":\"https:\/\/www.pressenza.com\/it\/2014\/08\/in-marcia-per-pace-nonviolenza\/#primaryimage\"},\"image\":{\"@id\":\"https:\/\/www.pressenza.com\/it\/2014\/08\/in-marcia-per-pace-nonviolenza\/#primaryimage\"},\"thumbnailUrl\":\"http:\/\/www.azionenonviolenta.it\/wp-content\/uploads\/2014\/08\/marcia-perugia-2011-420x245.jpg\",\"datePublished\":\"2014-08-05T09:52:32+00:00\",\"description\":\"Il Movimento Nonviolento sulla Perugia-Assisi La prima Marcia della Pace Perugia-Assisi del 1961 ha partorito il Movimento Nonviolento, l\u2019una e l\u2019altro\",\"breadcrumb\":{\"@id\":\"https:\/\/www.pressenza.com\/it\/2014\/08\/in-marcia-per-pace-nonviolenza\/#breadcrumb\"},\"inLanguage\":\"it-IT\",\"potentialAction\":[{\"@type\":\"ReadAction\",\"target\":[\"https:\/\/www.pressenza.com\/it\/2014\/08\/in-marcia-per-pace-nonviolenza\/\"]}]},{\"@type\":\"ImageObject\",\"inLanguage\":\"it-IT\",\"@id\":\"https:\/\/www.pressenza.com\/it\/2014\/08\/in-marcia-per-pace-nonviolenza\/#primaryimage\",\"url\":\"http:\/\/www.azionenonviolenta.it\/wp-content\/uploads\/2014\/08\/marcia-perugia-2011-420x245.jpg\",\"contentUrl\":\"http:\/\/www.azionenonviolenta.it\/wp-content\/uploads\/2014\/08\/marcia-perugia-2011-420x245.jpg\"},{\"@type\":\"BreadcrumbList\",\"@id\":\"https:\/\/www.pressenza.com\/it\/2014\/08\/in-marcia-per-pace-nonviolenza\/#breadcrumb\",\"itemListElement\":[{\"@type\":\"ListItem\",\"position\":1,\"name\":\"Accueil\",\"item\":\"https:\/\/www.pressenza.com\/it\/\"},{\"@type\":\"ListItem\",\"position\":2,\"name\":\"Siamo in marcia per la pace e la nonviolenza\"}]},{\"@type\":\"WebSite\",\"@id\":\"https:\/\/www.pressenza.com\/it\/#website\",\"url\":\"https:\/\/www.pressenza.com\/it\/\",\"name\":\"Pressenza\",\"description\":\"Agenzia di Stampa Internazionale\",\"publisher\":{\"@id\":\"https:\/\/www.pressenza.com\/it\/#organization\"},\"potentialAction\":[{\"@type\":\"SearchAction\",\"target\":{\"@type\":\"EntryPoint\",\"urlTemplate\":\"https:\/\/www.pressenza.com\/it\/?s={search_term_string}\"},\"query-input\":{\"@type\":\"PropertyValueSpecification\",\"valueRequired\":true,\"valueName\":\"search_term_string\"}}],\"inLanguage\":\"it-IT\"},{\"@type\":\"Organization\",\"@id\":\"https:\/\/www.pressenza.com\/it\/#organization\",\"name\":\"Pressenza\",\"url\":\"https:\/\/www.pressenza.com\/it\/\",\"logo\":{\"@type\":\"ImageObject\",\"inLanguage\":\"it-IT\",\"@id\":\"https:\/\/www.pressenza.com\/it\/#\/schema\/logo\/image\/\",\"url\":\"https:\/\/www.pressenza.com\/wp-content\/uploads\/2022\/10\/pressenza_logo_200x200.jpg\",\"contentUrl\":\"https:\/\/www.pressenza.com\/wp-content\/uploads\/2022\/10\/pressenza_logo_200x200.jpg\",\"width\":200,\"height\":200,\"caption\":\"Pressenza\"},\"image\":{\"@id\":\"https:\/\/www.pressenza.com\/it\/#\/schema\/logo\/image\/\"},\"sameAs\":[\"https:\/\/www.facebook.com\/PressenzaItalia\",\"https:\/\/x.com\/PressenzaIPA\"]},{\"@type\":\"Person\",\"@id\":\"https:\/\/www.pressenza.com\/it\/#\/schema\/person\/5c22aa4afc24f8cbe52d85a1f7e4df91\",\"name\":\"Movimento Nonviolento\",\"description\":\"www.nonviolenti.org\",\"url\":\"https:\/\/www.pressenza.com\/it\/author\/movimento-nonviolento\/\"}]}<\/script>\n<!-- \/ Yoast SEO plugin. -->","yoast_head_json":{"title":"Siamo in marcia per la pace e la nonviolenza","description":"Il Movimento Nonviolento sulla Perugia-Assisi La prima Marcia della Pace Perugia-Assisi del 1961 ha partorito il Movimento Nonviolento, l\u2019una e l\u2019altro","robots":{"index":"index","follow":"follow","max-snippet":"max-snippet:-1","max-image-preview":"max-image-preview:large","max-video-preview":"max-video-preview:-1"},"canonical":"https:\/\/www.pressenza.com\/it\/2014\/08\/in-marcia-per-pace-nonviolenza\/","og_locale":"it_IT","og_type":"article","og_title":"Siamo in marcia per la pace e la nonviolenza","og_description":"Il Movimento Nonviolento sulla Perugia-Assisi La prima Marcia della Pace Perugia-Assisi del 1961 ha partorito il Movimento Nonviolento, l\u2019una e l\u2019altro","og_url":"https:\/\/www.pressenza.com\/it\/2014\/08\/in-marcia-per-pace-nonviolenza\/","og_site_name":"Pressenza","article_publisher":"https:\/\/www.facebook.com\/PressenzaItalia","article_published_time":"2014-08-05T09:52:32+00:00","og_image":[{"url":"http:\/\/www.azionenonviolenta.it\/wp-content\/uploads\/2014\/08\/marcia-perugia-2011-420x245.jpg","type":"","width":"","height":""}],"author":"Movimento Nonviolento","twitter_card":"summary_large_image","twitter_creator":"@PressenzaIPA","twitter_site":"@PressenzaIPA","twitter_misc":{"Scritto da":"Movimento Nonviolento","Tempo di lettura stimato":"5 minuti"},"schema":{"@context":"https:\/\/schema.org","@graph":[{"@type":"Article","@id":"https:\/\/www.pressenza.com\/it\/2014\/08\/in-marcia-per-pace-nonviolenza\/#article","isPartOf":{"@id":"https:\/\/www.pressenza.com\/it\/2014\/08\/in-marcia-per-pace-nonviolenza\/"},"author":{"name":"Movimento Nonviolento","@id":"https:\/\/www.pressenza.com\/it\/#\/schema\/person\/5c22aa4afc24f8cbe52d85a1f7e4df91"},"headline":"Siamo in marcia per la pace e la nonviolenza","datePublished":"2014-08-05T09:52:32+00:00","mainEntityOfPage":{"@id":"https:\/\/www.pressenza.com\/it\/2014\/08\/in-marcia-per-pace-nonviolenza\/"},"wordCount":966,"publisher":{"@id":"https:\/\/www.pressenza.com\/it\/#organization"},"image":{"@id":"https:\/\/www.pressenza.com\/it\/2014\/08\/in-marcia-per-pace-nonviolenza\/#primaryimage"},"thumbnailUrl":"http:\/\/www.azionenonviolenta.it\/wp-content\/uploads\/2014\/08\/marcia-perugia-2011-420x245.jpg","keywords":["Marcia per la Pace","Marcia Perugia-Assisi","Movimento Nonviolento"],"articleSection":["Comunicati Stampa","Europa","Opinioni","Pace e Disarmo"],"inLanguage":"it-IT"},{"@type":"WebPage","@id":"https:\/\/www.pressenza.com\/it\/2014\/08\/in-marcia-per-pace-nonviolenza\/","url":"https:\/\/www.pressenza.com\/it\/2014\/08\/in-marcia-per-pace-nonviolenza\/","name":"Siamo in marcia per la pace e la nonviolenza","isPartOf":{"@id":"https:\/\/www.pressenza.com\/it\/#website"},"primaryImageOfPage":{"@id":"https:\/\/www.pressenza.com\/it\/2014\/08\/in-marcia-per-pace-nonviolenza\/#primaryimage"},"image":{"@id":"https:\/\/www.pressenza.com\/it\/2014\/08\/in-marcia-per-pace-nonviolenza\/#primaryimage"},"thumbnailUrl":"http:\/\/www.azionenonviolenta.it\/wp-content\/uploads\/2014\/08\/marcia-perugia-2011-420x245.jpg","datePublished":"2014-08-05T09:52:32+00:00","description":"Il Movimento Nonviolento sulla Perugia-Assisi La prima Marcia della Pace Perugia-Assisi del 1961 ha partorito il Movimento Nonviolento, l\u2019una e l\u2019altro","breadcrumb":{"@id":"https:\/\/www.pressenza.com\/it\/2014\/08\/in-marcia-per-pace-nonviolenza\/#breadcrumb"},"inLanguage":"it-IT","potentialAction":[{"@type":"ReadAction","target":["https:\/\/www.pressenza.com\/it\/2014\/08\/in-marcia-per-pace-nonviolenza\/"]}]},{"@type":"ImageObject","inLanguage":"it-IT","@id":"https:\/\/www.pressenza.com\/it\/2014\/08\/in-marcia-per-pace-nonviolenza\/#primaryimage","url":"http:\/\/www.azionenonviolenta.it\/wp-content\/uploads\/2014\/08\/marcia-perugia-2011-420x245.jpg","contentUrl":"http:\/\/www.azionenonviolenta.it\/wp-content\/uploads\/2014\/08\/marcia-perugia-2011-420x245.jpg"},{"@type":"BreadcrumbList","@id":"https:\/\/www.pressenza.com\/it\/2014\/08\/in-marcia-per-pace-nonviolenza\/#breadcrumb","itemListElement":[{"@type":"ListItem","position":1,"name":"Accueil","item":"https:\/\/www.pressenza.com\/it\/"},{"@type":"ListItem","position":2,"name":"Siamo in marcia per la pace e la nonviolenza"}]},{"@type":"WebSite","@id":"https:\/\/www.pressenza.com\/it\/#website","url":"https:\/\/www.pressenza.com\/it\/","name":"Pressenza","description":"Agenzia di Stampa Internazionale","publisher":{"@id":"https:\/\/www.pressenza.com\/it\/#organization"},"potentialAction":[{"@type":"SearchAction","target":{"@type":"EntryPoint","urlTemplate":"https:\/\/www.pressenza.com\/it\/?s={search_term_string}"},"query-input":{"@type":"PropertyValueSpecification","valueRequired":true,"valueName":"search_term_string"}}],"inLanguage":"it-IT"},{"@type":"Organization","@id":"https:\/\/www.pressenza.com\/it\/#organization","name":"Pressenza","url":"https:\/\/www.pressenza.com\/it\/","logo":{"@type":"ImageObject","inLanguage":"it-IT","@id":"https:\/\/www.pressenza.com\/it\/#\/schema\/logo\/image\/","url":"https:\/\/www.pressenza.com\/wp-content\/uploads\/2022\/10\/pressenza_logo_200x200.jpg","contentUrl":"https:\/\/www.pressenza.com\/wp-content\/uploads\/2022\/10\/pressenza_logo_200x200.jpg","width":200,"height":200,"caption":"Pressenza"},"image":{"@id":"https:\/\/www.pressenza.com\/it\/#\/schema\/logo\/image\/"},"sameAs":["https:\/\/www.facebook.com\/PressenzaItalia","https:\/\/x.com\/PressenzaIPA"]},{"@type":"Person","@id":"https:\/\/www.pressenza.com\/it\/#\/schema\/person\/5c22aa4afc24f8cbe52d85a1f7e4df91","name":"Movimento Nonviolento","description":"www.nonviolenti.org","url":"https:\/\/www.pressenza.com\/it\/author\/movimento-nonviolento\/"}]}},"place":"","original_article_url":"","_links":{"self":[{"href":"https:\/\/www.pressenza.com\/it\/wp-json\/wp\/v2\/posts\/123777","targetHints":{"allow":["GET"]}}],"collection":[{"href":"https:\/\/www.pressenza.com\/it\/wp-json\/wp\/v2\/posts"}],"about":[{"href":"https:\/\/www.pressenza.com\/it\/wp-json\/wp\/v2\/types\/post"}],"author":[{"embeddable":true,"href":"https:\/\/www.pressenza.com\/it\/wp-json\/wp\/v2\/users\/600"}],"replies":[{"embeddable":true,"href":"https:\/\/www.pressenza.com\/it\/wp-json\/wp\/v2\/comments?post=123777"}],"version-history":[{"count":0,"href":"https:\/\/www.pressenza.com\/it\/wp-json\/wp\/v2\/posts\/123777\/revisions"}],"wp:attachment":[{"href":"https:\/\/www.pressenza.com\/it\/wp-json\/wp\/v2\/media?parent=123777"}],"wp:term":[{"taxonomy":"category","embeddable":true,"href":"https:\/\/www.pressenza.com\/it\/wp-json\/wp\/v2\/categories?post=123777"},{"taxonomy":"post_tag","embeddable":true,"href":"https:\/\/www.pressenza.com\/it\/wp-json\/wp\/v2\/tags?post=123777"}],"curies":[{"name":"wp","href":"https:\/\/api.w.org\/{rel}","templated":true}]}}