{"id":1236144,"date":"2020-11-08T21:50:31","date_gmt":"2020-11-08T21:50:31","guid":{"rendered":"https:\/\/www.pressenza.com\/?p=1236144"},"modified":"2020-11-08T21:53:14","modified_gmt":"2020-11-08T21:53:14","slug":"tribunale-per-i-diritti-umani-di-berlino-e-politiche-di-migrazione-e-asilo-del-governo-tedesco-e-dellue","status":"publish","type":"post","link":"https:\/\/www.pressenza.com\/it\/2020\/11\/tribunale-per-i-diritti-umani-di-berlino-e-politiche-di-migrazione-e-asilo-del-governo-tedesco-e-dellue\/","title":{"rendered":"Tribunale per i diritti umani di Berlino: le politiche di migrazione e asilo del governo tedesco e dell&#8217;UE violano i diritti umani fondamentali, compreso il diritto alla salute"},"content":{"rendered":"<p><span lang=\"it-IT\">Le attuali politiche in materia di migrazione e asilo della Repubblica federale tedesca e dell&#8217;UE violano gravemente il diritto alla salute e l&#8217;integrit\u00e0 fisica e psicologica dei migranti e dei rifugiati. Questo \u00e8 il risultato del Tribunale per i diritti umani, organizzato da un&#8217;alleanza di organizzazioni della societ\u00e0 civile a Berlino nel fine settimana.<\/span><\/p>\n<p><span lang=\"it-IT\">&#8220;I rapporti dei fuggitivi e dei loro sostenitori dipingono un quadro spaventoso della politica migratoria tedesca ed europea&#8221;, ha spiegato la giurata Sarah Lincoln. \u201cMolti dei rifugiati sono malati e necessitano di una protezione speciale. Vengono invece trattati come cittadini di seconda classe, senza privacy, senza accesso a cure sanitarie adeguate, senza diritti procedurali\u201d.<\/span><\/p>\n<p><span lang=\"it-IT\">Sulla base di sei accuse, il tribunale ha esaminato la situazione dei diritti umani di richiedenti asilo, immigrati privi di documenti e lavoratori provenienti da paesi dell&#8217;UE e non UE. Oltre alla discriminazione da parte degli operatori sanitari e alle barriere linguistiche, c&#8217;erano anche disposizioni legali che ostacolavano loro l&#8217;accesso. Testimoni dei campi profughi di Lesbo hanno fornito una descrizione accurata della situazione catastrofica sul terreno. Secondo la dottoressa Jessica Horst, le condizioni di vita malsane, l&#8217;accesso limitato alle cure mediche e le cure mediche non standardizzate rappresentano una seria minaccia per la salute dei suoi abitanti.<\/span><\/p>\n<p><span lang=\"it-IT\">Sono state menzionate varie volte le gravi conseguenze per la salute che possono avere le deportazioni. Che avvengano in un Paese di origine o di transito esse possono essere considerate come un atto di violenza decretato, compiuto e legittimato dallo Stato. Nel contesto di un ulteriore inasprimento delle leggi in materia di asilo e soggiorno, le esigenze e i diritti delle persone particolarmente vulnerabili vengono palesemente ignorati nelle procedure di asilo. L&#8217;obiettivo \u00e8 invece quello di facilitare l&#8217;espulsione di persone gravemente ammalate e traumatizzate.<\/span><\/p>\n<p><span lang=\"it-IT\">Secondo gli organizzatori, la pandemia da COVID-19 non ha fatto altro che intensificare ulteriormente le violazioni legali dell&#8217;Unione europea contro migranti e richiedenti asilo. La polizia e le forze armate tedesche sono coinvolte in pratiche che violano il diritto internazionale, la Convenzione di Ginevra e l&#8217;attuale diritto dell&#8217;UE. Quasi ogni giorno i cosiddetti &#8220;respingimenti&#8221; si svolgono al largo della costa di Lesbo. Un esempio \u00e8 quello del 15 agosto 2020, in cui un gommone con circa 32 migranti a bordo \u00e8 stato spinto avanti e indietro per otto ore in mare da varie navi, tra cui la nave militare tedesca A1411. Nel pomeriggio la barca \u00e8 stata riconsegnata in Turchia dalla guardia costiera turca. &#8220;Invece di costruire muri e confini, dovremmo mostrare seria solidariet\u00e0 e rispetto per i diritti umani&#8221;, chiede Muhammad al-Kashef, avvocato per i diritti umani e membro di Watch The Med-Alarm Phone.<\/span><\/p>\n<p><span lang=\"it-IT\">Il Tribunale segue la tradizione di una serie di accuse dinanzi al Tribunale permanente del popolo (PPT, <\/span><span lang=\"it-IT\">Permanent People\u2019s Tribunal\u00a0n.d.T.<\/span><span lang=\"it-IT\">) <\/span><span lang=\"it-IT\">contro le violazioni dei diritti umani, impuniti da parte dei governi degli Stati membri dell&#8217;UE e delle istituzioni dell&#8217;UE. Si basano su un documento quadro sviluppato durante l&#8217;audizione inaugurale del PPT sui diritti umani delle popolazioni di migranti e rifugiati a Barcellona nel luglio 2017.\u00a0(maggiori informazioni sono reperibili in inglese sul sito: <\/span><a href=\"https:\/\/ppt.transnationalmigrantplatform.net\/indictment\/\"><span lang=\"it-IT\">https:\/\/ppt.transnationalmigrantplatform.net\/indictment\/<\/span><\/a><span lang=\"it-IT\">)<\/span><\/p>\n<p><span lang=\"it-IT\">Le seguenti organizzazioni sono state coinvolte nell&#8217;evento, il quale \u00e8 stato seguito da diverse centinaia di persone in tutta Europa durante il fine settimana:<\/span><\/p>\n<p><em>Abschiebebeobachtung NRW \u2022 ALSO Oldenburg \u2022 Armut und Gesundheit e.V. \u2022 Ban Ying e.V. \u2022 \u00c4rzte der Welt \u2022 BAfF \u2013 Bundesweite Arbeitsgemeinschaft der Psychosozialen Zentren f\u00fcr Fl\u00fcchtlinge und Folteropfer \u2022 Black Visions and Voices \u2022 BNS \u2013 Berliner Netzwerk f\u00fcr besonders Schutzbed\u00fcrftige \u2022 borderline-europe \u2013 Menschenrechte ohne Grenzen e.V. \u2022 CAAT Project \u2022 Comitato Verita e Giustizia per i Nuovi Desaparacidos \u2022 CoraSol \u2022 Deutsche Aidshilfe \u2022 Fl\u00fcchtlingsrat Bayern \u2022 Fl\u00fcchtlingsrat Berlin \u2022 Fl\u00fcchtlingsrat Brandenburg \u2022 Handicap International \u2022 InEUmanity \u2022 Institute of Race Relations \u2022 Initiative Oury Jalloh \u2022 IPPNW e.V. \u2013 \u00c4rzte in sozialer Verantwortung \u2022 KOK \u2013 Bundesweiter Ko-ordinierungskreis gegen Menschenhandel e.V. \u2022 LAB Trade Union \u2022 La Via Cam-pesina \u2022 Legal Centre Lesvos \u2022 LesMigraS \u2022 Love146 \u2022 Medib\u00fcro Berlin \u2022 Medico International \u2022 MediNetz Bielefeld \u2022 MediNetz Mainz \u2022 MELISSA \u2013 Network of Migrant and Refugee Women in Greece \u2022 PIKPA \/ Lesvos Solidarity \u2022 Pro Asyl \u2022 Sans Papiers \u2022 SEDOAC \u2013 Servicio Dom\u00e9stico Activo \u2022 Stand by me Lesvos \u2022 Transnational Institute \u2022 Transnational Migrant Platform \u2013 Europe \u2022 United Action e.V. \u2022 vd\u00e4\u00e4 \u2022 Waling Waling \u2022 WatchTheMed-Alarm Phone \u2022 Yaar e.V.<\/em><\/p>\n<p>&nbsp;<\/p>\n<p><em><span lang=\"it-IT\">Traduzione dall\u2019inglese di Giuseppe Marchiello. Revisione di Ivana Baldioli<\/span><\/em><\/p>\n","protected":false},"excerpt":{"rendered":"<p>Le attuali politiche in materia di migrazione e asilo della Repubblica federale tedesca e dell&#8217;UE violano gravemente il diritto alla salute e l&#8217;integrit\u00e0 fisica e psicologica dei migranti e dei rifugiati. Questo \u00e8 il risultato del Tribunale per i diritti&hellip;<\/p>\n","protected":false},"author":1211,"featured_media":1228384,"comment_status":"closed","ping_status":"closed","sticky":false,"template":"","format":"standard","meta":{"footnotes":""},"categories":[150,60,47,54572,57,1259],"tags":[54560,3420,3788],"class_list":["post-1236144","post","type-post","status-publish","format-standard","has-post-thumbnail","hentry","category-comunicati-stampa","category-diritti-umani","category-europa","category-migranti","category-affari-esteri","category-salute-argomento","tag-diritti-umani-es-it","tag-rifugiati","tag-unione-europea"],"yoast_head":"<!-- This site is optimized with the Yoast SEO plugin v27.1.1 - https:\/\/yoast.com\/product\/yoast-seo-wordpress\/ -->\n<title>Tribunale per i diritti umani di Berlino: le politiche di migrazione e asilo del governo tedesco e dell&#039;UE violano i diritti umani fondamentali, compreso il diritto alla salute<\/title>\n<meta name=\"description\" content=\"Le attuali politiche in materia di migrazione e asilo della Repubblica federale tedesca e dell&#039;UE violano gravemente il diritto alla salute e l&#039;integrit\u00e0\" \/>\n<meta name=\"robots\" content=\"index, follow, max-snippet:-1, max-image-preview:large, max-video-preview:-1\" \/>\n<link rel=\"canonical\" href=\"https:\/\/www.pressenza.com\/it\/2020\/11\/tribunale-per-i-diritti-umani-di-berlino-e-politiche-di-migrazione-e-asilo-del-governo-tedesco-e-dellue\/\" \/>\n<meta property=\"og:locale\" content=\"it_IT\" \/>\n<meta property=\"og:type\" content=\"article\" \/>\n<meta property=\"og:title\" content=\"Tribunale per i diritti umani di Berlino: le politiche di migrazione e asilo del governo tedesco e dell&#039;UE violano i diritti umani fondamentali, compreso il diritto alla salute\" \/>\n<meta property=\"og:description\" content=\"Le attuali politiche in materia di migrazione e asilo della Repubblica federale tedesca e dell&#039;UE violano gravemente il diritto alla salute e l&#039;integrit\u00e0\" \/>\n<meta property=\"og:url\" content=\"https:\/\/www.pressenza.com\/it\/2020\/11\/tribunale-per-i-diritti-umani-di-berlino-e-politiche-di-migrazione-e-asilo-del-governo-tedesco-e-dellue\/\" \/>\n<meta property=\"og:site_name\" content=\"Pressenza\" \/>\n<meta property=\"article:publisher\" content=\"https:\/\/www.facebook.com\/PressenzaItalia\" \/>\n<meta property=\"article:published_time\" content=\"2020-11-08T21:50:31+00:00\" \/>\n<meta property=\"article:modified_time\" content=\"2020-11-08T21:53:14+00:00\" \/>\n<meta property=\"og:image\" content=\"https:\/\/www.pressenza.com\/wp-content\/uploads\/2020\/10\/50531521453_967656aff1_c.jpg\" \/>\n\t<meta property=\"og:image:width\" content=\"799\" \/>\n\t<meta property=\"og:image:height\" content=\"465\" \/>\n\t<meta property=\"og:image:type\" content=\"image\/jpeg\" \/>\n<meta name=\"author\" content=\"International Physicians for the Prevention of Nuclear War\" \/>\n<meta name=\"twitter:card\" content=\"summary_large_image\" \/>\n<meta name=\"twitter:creator\" content=\"@IPPNW\" \/>\n<meta name=\"twitter:site\" content=\"@PressenzaIPA\" \/>\n<meta name=\"twitter:label1\" content=\"Scritto da\" \/>\n\t<meta name=\"twitter:data1\" content=\"International Physicians for the Prevention of Nuclear War\" \/>\n\t<meta name=\"twitter:label2\" content=\"Tempo di lettura stimato\" \/>\n\t<meta name=\"twitter:data2\" content=\"3 minuti\" \/>\n<script type=\"application\/ld+json\" class=\"yoast-schema-graph\">{\"@context\":\"https:\/\/schema.org\",\"@graph\":[{\"@type\":\"Article\",\"@id\":\"https:\/\/www.pressenza.com\/it\/2020\/11\/tribunale-per-i-diritti-umani-di-berlino-e-politiche-di-migrazione-e-asilo-del-governo-tedesco-e-dellue\/#article\",\"isPartOf\":{\"@id\":\"https:\/\/www.pressenza.com\/it\/2020\/11\/tribunale-per-i-diritti-umani-di-berlino-e-politiche-di-migrazione-e-asilo-del-governo-tedesco-e-dellue\/\"},\"author\":{\"name\":\"International Physicians for the Prevention of Nuclear War\",\"@id\":\"https:\/\/www.pressenza.com\/it\/#\/schema\/person\/7389c2189c7efb5eb07888cb468068aa\"},\"headline\":\"Tribunale per i diritti umani di Berlino: le politiche di migrazione e asilo del governo tedesco e dell&#8217;UE violano i diritti umani fondamentali, compreso il diritto alla salute\",\"datePublished\":\"2020-11-08T21:50:31+00:00\",\"dateModified\":\"2020-11-08T21:53:14+00:00\",\"mainEntityOfPage\":{\"@id\":\"https:\/\/www.pressenza.com\/it\/2020\/11\/tribunale-per-i-diritti-umani-di-berlino-e-politiche-di-migrazione-e-asilo-del-governo-tedesco-e-dellue\/\"},\"wordCount\":741,\"publisher\":{\"@id\":\"https:\/\/www.pressenza.com\/it\/#organization\"},\"image\":{\"@id\":\"https:\/\/www.pressenza.com\/it\/2020\/11\/tribunale-per-i-diritti-umani-di-berlino-e-politiche-di-migrazione-e-asilo-del-governo-tedesco-e-dellue\/#primaryimage\"},\"thumbnailUrl\":\"https:\/\/www.pressenza.com\/wp-content\/uploads\/2020\/10\/50531521453_967656aff1_c.jpg\",\"keywords\":[\"diritti umani\",\"rifugiati\",\"Unione Europea\"],\"articleSection\":[\"Comunicati Stampa\",\"Diritti Umani\",\"Europa\",\"Migranti\",\"Questioni internazionali\",\"Salute\"],\"inLanguage\":\"it-IT\"},{\"@type\":\"WebPage\",\"@id\":\"https:\/\/www.pressenza.com\/it\/2020\/11\/tribunale-per-i-diritti-umani-di-berlino-e-politiche-di-migrazione-e-asilo-del-governo-tedesco-e-dellue\/\",\"url\":\"https:\/\/www.pressenza.com\/it\/2020\/11\/tribunale-per-i-diritti-umani-di-berlino-e-politiche-di-migrazione-e-asilo-del-governo-tedesco-e-dellue\/\",\"name\":\"Tribunale per i diritti umani di Berlino: le politiche di migrazione e asilo del governo tedesco e dell'UE violano i diritti umani fondamentali, compreso il diritto alla salute\",\"isPartOf\":{\"@id\":\"https:\/\/www.pressenza.com\/it\/#website\"},\"primaryImageOfPage\":{\"@id\":\"https:\/\/www.pressenza.com\/it\/2020\/11\/tribunale-per-i-diritti-umani-di-berlino-e-politiche-di-migrazione-e-asilo-del-governo-tedesco-e-dellue\/#primaryimage\"},\"image\":{\"@id\":\"https:\/\/www.pressenza.com\/it\/2020\/11\/tribunale-per-i-diritti-umani-di-berlino-e-politiche-di-migrazione-e-asilo-del-governo-tedesco-e-dellue\/#primaryimage\"},\"thumbnailUrl\":\"https:\/\/www.pressenza.com\/wp-content\/uploads\/2020\/10\/50531521453_967656aff1_c.jpg\",\"datePublished\":\"2020-11-08T21:50:31+00:00\",\"dateModified\":\"2020-11-08T21:53:14+00:00\",\"description\":\"Le attuali politiche in materia di migrazione e asilo della Repubblica federale tedesca e dell'UE violano gravemente il diritto alla salute e l'integrit\u00e0\",\"breadcrumb\":{\"@id\":\"https:\/\/www.pressenza.com\/it\/2020\/11\/tribunale-per-i-diritti-umani-di-berlino-e-politiche-di-migrazione-e-asilo-del-governo-tedesco-e-dellue\/#breadcrumb\"},\"inLanguage\":\"it-IT\",\"potentialAction\":[{\"@type\":\"ReadAction\",\"target\":[\"https:\/\/www.pressenza.com\/it\/2020\/11\/tribunale-per-i-diritti-umani-di-berlino-e-politiche-di-migrazione-e-asilo-del-governo-tedesco-e-dellue\/\"]}]},{\"@type\":\"ImageObject\",\"inLanguage\":\"it-IT\",\"@id\":\"https:\/\/www.pressenza.com\/it\/2020\/11\/tribunale-per-i-diritti-umani-di-berlino-e-politiche-di-migrazione-e-asilo-del-governo-tedesco-e-dellue\/#primaryimage\",\"url\":\"https:\/\/www.pressenza.com\/wp-content\/uploads\/2020\/10\/50531521453_967656aff1_c.jpg\",\"contentUrl\":\"https:\/\/www.pressenza.com\/wp-content\/uploads\/2020\/10\/50531521453_967656aff1_c.jpg\",\"width\":799,\"height\":465,\"caption\":\"Migrations- und Asylpolitik der Bundesregierung und der EU verst\u00f6\u00dft gegen Recht auf Gesundheit - Menschenrechtstribunal in Berlin\"},{\"@type\":\"BreadcrumbList\",\"@id\":\"https:\/\/www.pressenza.com\/it\/2020\/11\/tribunale-per-i-diritti-umani-di-berlino-e-politiche-di-migrazione-e-asilo-del-governo-tedesco-e-dellue\/#breadcrumb\",\"itemListElement\":[{\"@type\":\"ListItem\",\"position\":1,\"name\":\"Accueil\",\"item\":\"https:\/\/www.pressenza.com\/it\/\"},{\"@type\":\"ListItem\",\"position\":2,\"name\":\"Tribunale per i diritti umani di Berlino: le politiche di migrazione e asilo del governo tedesco e dell&#8217;UE violano i diritti umani fondamentali, compreso il diritto alla salute\"}]},{\"@type\":\"WebSite\",\"@id\":\"https:\/\/www.pressenza.com\/it\/#website\",\"url\":\"https:\/\/www.pressenza.com\/it\/\",\"name\":\"Pressenza\",\"description\":\"Agenzia di Stampa Internazionale\",\"publisher\":{\"@id\":\"https:\/\/www.pressenza.com\/it\/#organization\"},\"potentialAction\":[{\"@type\":\"SearchAction\",\"target\":{\"@type\":\"EntryPoint\",\"urlTemplate\":\"https:\/\/www.pressenza.com\/it\/?s={search_term_string}\"},\"query-input\":{\"@type\":\"PropertyValueSpecification\",\"valueRequired\":true,\"valueName\":\"search_term_string\"}}],\"inLanguage\":\"it-IT\"},{\"@type\":\"Organization\",\"@id\":\"https:\/\/www.pressenza.com\/it\/#organization\",\"name\":\"Pressenza\",\"url\":\"https:\/\/www.pressenza.com\/it\/\",\"logo\":{\"@type\":\"ImageObject\",\"inLanguage\":\"it-IT\",\"@id\":\"https:\/\/www.pressenza.com\/it\/#\/schema\/logo\/image\/\",\"url\":\"https:\/\/www.pressenza.com\/wp-content\/uploads\/2022\/10\/pressenza_logo_200x200.jpg\",\"contentUrl\":\"https:\/\/www.pressenza.com\/wp-content\/uploads\/2022\/10\/pressenza_logo_200x200.jpg\",\"width\":200,\"height\":200,\"caption\":\"Pressenza\"},\"image\":{\"@id\":\"https:\/\/www.pressenza.com\/it\/#\/schema\/logo\/image\/\"},\"sameAs\":[\"https:\/\/www.facebook.com\/PressenzaItalia\",\"https:\/\/x.com\/PressenzaIPA\"]},{\"@type\":\"Person\",\"@id\":\"https:\/\/www.pressenza.com\/it\/#\/schema\/person\/7389c2189c7efb5eb07888cb468068aa\",\"name\":\"International Physicians for the Prevention of Nuclear War\",\"description\":\"IPPNW is a non-partisan federation of national medical groups in 64 countries, representing tens of thousands of doctors, medical students, other health workers, and concerned citizens who share the common goal of creating a more peaceful and secure world freed from the threat of nuclear annihilation. www.ippnw.org\",\"sameAs\":[\"https:\/\/x.com\/IPPNW\"],\"url\":\"https:\/\/www.pressenza.com\/it\/author\/ippnw\/\"}]}<\/script>\n<!-- \/ Yoast SEO plugin. -->","yoast_head_json":{"title":"Tribunale per i diritti umani di Berlino: le politiche di migrazione e asilo del governo tedesco e dell'UE violano i diritti umani fondamentali, compreso il diritto alla salute","description":"Le attuali politiche in materia di migrazione e asilo della Repubblica federale tedesca e dell'UE violano gravemente il diritto alla salute e l'integrit\u00e0","robots":{"index":"index","follow":"follow","max-snippet":"max-snippet:-1","max-image-preview":"max-image-preview:large","max-video-preview":"max-video-preview:-1"},"canonical":"https:\/\/www.pressenza.com\/it\/2020\/11\/tribunale-per-i-diritti-umani-di-berlino-e-politiche-di-migrazione-e-asilo-del-governo-tedesco-e-dellue\/","og_locale":"it_IT","og_type":"article","og_title":"Tribunale per i diritti umani di Berlino: le politiche di migrazione e asilo del governo tedesco e dell'UE violano i diritti umani fondamentali, compreso il diritto alla salute","og_description":"Le attuali politiche in materia di migrazione e asilo della Repubblica federale tedesca e dell'UE violano gravemente il diritto alla salute e l'integrit\u00e0","og_url":"https:\/\/www.pressenza.com\/it\/2020\/11\/tribunale-per-i-diritti-umani-di-berlino-e-politiche-di-migrazione-e-asilo-del-governo-tedesco-e-dellue\/","og_site_name":"Pressenza","article_publisher":"https:\/\/www.facebook.com\/PressenzaItalia","article_published_time":"2020-11-08T21:50:31+00:00","article_modified_time":"2020-11-08T21:53:14+00:00","og_image":[{"width":799,"height":465,"url":"https:\/\/www.pressenza.com\/wp-content\/uploads\/2020\/10\/50531521453_967656aff1_c.jpg","type":"image\/jpeg"}],"author":"International Physicians for the Prevention of Nuclear War","twitter_card":"summary_large_image","twitter_creator":"@IPPNW","twitter_site":"@PressenzaIPA","twitter_misc":{"Scritto da":"International Physicians for the Prevention of Nuclear War","Tempo di lettura stimato":"3 minuti"},"schema":{"@context":"https:\/\/schema.org","@graph":[{"@type":"Article","@id":"https:\/\/www.pressenza.com\/it\/2020\/11\/tribunale-per-i-diritti-umani-di-berlino-e-politiche-di-migrazione-e-asilo-del-governo-tedesco-e-dellue\/#article","isPartOf":{"@id":"https:\/\/www.pressenza.com\/it\/2020\/11\/tribunale-per-i-diritti-umani-di-berlino-e-politiche-di-migrazione-e-asilo-del-governo-tedesco-e-dellue\/"},"author":{"name":"International Physicians for the Prevention of Nuclear War","@id":"https:\/\/www.pressenza.com\/it\/#\/schema\/person\/7389c2189c7efb5eb07888cb468068aa"},"headline":"Tribunale per i diritti umani di Berlino: le politiche di migrazione e asilo del governo tedesco e dell&#8217;UE violano i diritti umani fondamentali, compreso il diritto alla salute","datePublished":"2020-11-08T21:50:31+00:00","dateModified":"2020-11-08T21:53:14+00:00","mainEntityOfPage":{"@id":"https:\/\/www.pressenza.com\/it\/2020\/11\/tribunale-per-i-diritti-umani-di-berlino-e-politiche-di-migrazione-e-asilo-del-governo-tedesco-e-dellue\/"},"wordCount":741,"publisher":{"@id":"https:\/\/www.pressenza.com\/it\/#organization"},"image":{"@id":"https:\/\/www.pressenza.com\/it\/2020\/11\/tribunale-per-i-diritti-umani-di-berlino-e-politiche-di-migrazione-e-asilo-del-governo-tedesco-e-dellue\/#primaryimage"},"thumbnailUrl":"https:\/\/www.pressenza.com\/wp-content\/uploads\/2020\/10\/50531521453_967656aff1_c.jpg","keywords":["diritti umani","rifugiati","Unione Europea"],"articleSection":["Comunicati Stampa","Diritti Umani","Europa","Migranti","Questioni internazionali","Salute"],"inLanguage":"it-IT"},{"@type":"WebPage","@id":"https:\/\/www.pressenza.com\/it\/2020\/11\/tribunale-per-i-diritti-umani-di-berlino-e-politiche-di-migrazione-e-asilo-del-governo-tedesco-e-dellue\/","url":"https:\/\/www.pressenza.com\/it\/2020\/11\/tribunale-per-i-diritti-umani-di-berlino-e-politiche-di-migrazione-e-asilo-del-governo-tedesco-e-dellue\/","name":"Tribunale per i diritti umani di Berlino: le politiche di migrazione e asilo del governo tedesco e dell'UE violano i diritti umani fondamentali, compreso il diritto alla salute","isPartOf":{"@id":"https:\/\/www.pressenza.com\/it\/#website"},"primaryImageOfPage":{"@id":"https:\/\/www.pressenza.com\/it\/2020\/11\/tribunale-per-i-diritti-umani-di-berlino-e-politiche-di-migrazione-e-asilo-del-governo-tedesco-e-dellue\/#primaryimage"},"image":{"@id":"https:\/\/www.pressenza.com\/it\/2020\/11\/tribunale-per-i-diritti-umani-di-berlino-e-politiche-di-migrazione-e-asilo-del-governo-tedesco-e-dellue\/#primaryimage"},"thumbnailUrl":"https:\/\/www.pressenza.com\/wp-content\/uploads\/2020\/10\/50531521453_967656aff1_c.jpg","datePublished":"2020-11-08T21:50:31+00:00","dateModified":"2020-11-08T21:53:14+00:00","description":"Le attuali politiche in materia di migrazione e asilo della Repubblica federale tedesca e dell'UE violano gravemente il diritto alla salute e l'integrit\u00e0","breadcrumb":{"@id":"https:\/\/www.pressenza.com\/it\/2020\/11\/tribunale-per-i-diritti-umani-di-berlino-e-politiche-di-migrazione-e-asilo-del-governo-tedesco-e-dellue\/#breadcrumb"},"inLanguage":"it-IT","potentialAction":[{"@type":"ReadAction","target":["https:\/\/www.pressenza.com\/it\/2020\/11\/tribunale-per-i-diritti-umani-di-berlino-e-politiche-di-migrazione-e-asilo-del-governo-tedesco-e-dellue\/"]}]},{"@type":"ImageObject","inLanguage":"it-IT","@id":"https:\/\/www.pressenza.com\/it\/2020\/11\/tribunale-per-i-diritti-umani-di-berlino-e-politiche-di-migrazione-e-asilo-del-governo-tedesco-e-dellue\/#primaryimage","url":"https:\/\/www.pressenza.com\/wp-content\/uploads\/2020\/10\/50531521453_967656aff1_c.jpg","contentUrl":"https:\/\/www.pressenza.com\/wp-content\/uploads\/2020\/10\/50531521453_967656aff1_c.jpg","width":799,"height":465,"caption":"Migrations- und Asylpolitik der Bundesregierung und der EU verst\u00f6\u00dft gegen Recht auf Gesundheit - Menschenrechtstribunal in Berlin"},{"@type":"BreadcrumbList","@id":"https:\/\/www.pressenza.com\/it\/2020\/11\/tribunale-per-i-diritti-umani-di-berlino-e-politiche-di-migrazione-e-asilo-del-governo-tedesco-e-dellue\/#breadcrumb","itemListElement":[{"@type":"ListItem","position":1,"name":"Accueil","item":"https:\/\/www.pressenza.com\/it\/"},{"@type":"ListItem","position":2,"name":"Tribunale per i diritti umani di Berlino: le politiche di migrazione e asilo del governo tedesco e dell&#8217;UE violano i diritti umani fondamentali, compreso il diritto alla salute"}]},{"@type":"WebSite","@id":"https:\/\/www.pressenza.com\/it\/#website","url":"https:\/\/www.pressenza.com\/it\/","name":"Pressenza","description":"Agenzia di Stampa Internazionale","publisher":{"@id":"https:\/\/www.pressenza.com\/it\/#organization"},"potentialAction":[{"@type":"SearchAction","target":{"@type":"EntryPoint","urlTemplate":"https:\/\/www.pressenza.com\/it\/?s={search_term_string}"},"query-input":{"@type":"PropertyValueSpecification","valueRequired":true,"valueName":"search_term_string"}}],"inLanguage":"it-IT"},{"@type":"Organization","@id":"https:\/\/www.pressenza.com\/it\/#organization","name":"Pressenza","url":"https:\/\/www.pressenza.com\/it\/","logo":{"@type":"ImageObject","inLanguage":"it-IT","@id":"https:\/\/www.pressenza.com\/it\/#\/schema\/logo\/image\/","url":"https:\/\/www.pressenza.com\/wp-content\/uploads\/2022\/10\/pressenza_logo_200x200.jpg","contentUrl":"https:\/\/www.pressenza.com\/wp-content\/uploads\/2022\/10\/pressenza_logo_200x200.jpg","width":200,"height":200,"caption":"Pressenza"},"image":{"@id":"https:\/\/www.pressenza.com\/it\/#\/schema\/logo\/image\/"},"sameAs":["https:\/\/www.facebook.com\/PressenzaItalia","https:\/\/x.com\/PressenzaIPA"]},{"@type":"Person","@id":"https:\/\/www.pressenza.com\/it\/#\/schema\/person\/7389c2189c7efb5eb07888cb468068aa","name":"International Physicians for the Prevention of Nuclear War","description":"IPPNW is a non-partisan federation of national medical groups in 64 countries, representing tens of thousands of doctors, medical students, other health workers, and concerned citizens who share the common goal of creating a more peaceful and secure world freed from the threat of nuclear annihilation. www.ippnw.org","sameAs":["https:\/\/x.com\/IPPNW"],"url":"https:\/\/www.pressenza.com\/it\/author\/ippnw\/"}]}},"place":"","original_article_url":"","_links":{"self":[{"href":"https:\/\/www.pressenza.com\/it\/wp-json\/wp\/v2\/posts\/1236144","targetHints":{"allow":["GET"]}}],"collection":[{"href":"https:\/\/www.pressenza.com\/it\/wp-json\/wp\/v2\/posts"}],"about":[{"href":"https:\/\/www.pressenza.com\/it\/wp-json\/wp\/v2\/types\/post"}],"author":[{"embeddable":true,"href":"https:\/\/www.pressenza.com\/it\/wp-json\/wp\/v2\/users\/1211"}],"replies":[{"embeddable":true,"href":"https:\/\/www.pressenza.com\/it\/wp-json\/wp\/v2\/comments?post=1236144"}],"version-history":[{"count":0,"href":"https:\/\/www.pressenza.com\/it\/wp-json\/wp\/v2\/posts\/1236144\/revisions"}],"wp:featuredmedia":[{"embeddable":true,"href":"https:\/\/www.pressenza.com\/it\/wp-json\/wp\/v2\/media\/1228384"}],"wp:attachment":[{"href":"https:\/\/www.pressenza.com\/it\/wp-json\/wp\/v2\/media?parent=1236144"}],"wp:term":[{"taxonomy":"category","embeddable":true,"href":"https:\/\/www.pressenza.com\/it\/wp-json\/wp\/v2\/categories?post=1236144"},{"taxonomy":"post_tag","embeddable":true,"href":"https:\/\/www.pressenza.com\/it\/wp-json\/wp\/v2\/tags?post=1236144"}],"curies":[{"name":"wp","href":"https:\/\/api.w.org\/{rel}","templated":true}]}}