{"id":1225523,"date":"2020-10-25T20:23:05","date_gmt":"2020-10-25T20:23:05","guid":{"rendered":"https:\/\/www.pressenza.com\/?p=1225523"},"modified":"2020-10-25T20:23:05","modified_gmt":"2020-10-25T20:23:05","slug":"il-partigiano-combattente-germano-nicolini-e-partito-per-lultimo-viaggio-si-e-spento-a-100-anni-nella-sua-casa-di-correggio","status":"publish","type":"post","link":"https:\/\/www.pressenza.com\/it\/2020\/10\/il-partigiano-combattente-germano-nicolini-e-partito-per-lultimo-viaggio-si-e-spento-a-100-anni-nella-sua-casa-di-correggio\/","title":{"rendered":"Il partigiano combattente Germano Nicolini \u00e8 partito per l&#8217;ultimo viaggio: si \u00e8 spento a 100 anni nella sua casa di Correggio"},"content":{"rendered":"<p>A cent\u2019anni, nella sua casa, si \u00e8 spento \u201cAl Di\u00e8vel\u201d, eroe della Resistenza reggiana.<\/p>\n<p>Un ragazzo del 1919, nato mentre si dispiegava il terrorismo fascista nelle campagne e cresciuto con lo scarpone della dittatura in faccia. In guerra, al momento di scegliere da che parte stare non esit\u00f2: partigiano combattente. Tredici scontri a fuoco con i fascisti italiani e tedeschi, due battaglie, la fuga rocambolesca dai nazisti che gli valse il soprannome di \u201cdiavolo\u201d.<\/p>\n<p>E poi ancora sindaco di Correggio e vittima di una delle tante montature giudiziarie che dalla fine degli anni Quaranta riempirono le carceri di ex-partigiani, mentre i fascisti tornavano in libert\u00e0 e ai posti di comando nella neonata Repubblica democratica: nel 1947 venne accusato ingiustamente dell&#8217;omicidio di don Umberto Pessina e fu condannato a 22 anni di carcere, ma ne scont\u00f2 solo 10 grazie a un indulto.<br \/>\nFu scagionato in modo definitivo solamente nel 1994.<\/p>\n<p>Il 25 marzo 1997 gli venne conferita la Medaglia d&#8217;argento al valore militare con questa motivazione: \u00abUfficiale dell&#8217;Esercito, dopo l&#8217;8 settembre 1943, fuggiva dalla cattura ed entrava in formazione partigiana, a difesa della Patria invasa. Durante il lungo periodo di appartenenza alle formazioni e nelle numerose azioni di combattimento dimostrava brillanti doti di organizzatore e di comandante, sprezzante di ogni pericolo. La sua opera \u00e8 stata giudicata cospicua, perch\u00e9 svolta in difficili condizioni, in zona di pianura costantemente controllata dal nemico. Considerato uno dei migliori combattenti della resistenza reggiana.\u00bb<\/p>\n<p>Nel 2005 disse: \u201c<i>noi sognavamo un mondo diverso, un mondo di libert\u00e0, un mondo di giustizia, un mondo di pace e un mondo di fratellanza e di serenit\u00e0. Ho 85 anni, da allora ne sono passati sessanta,purtroppo questo mondo non c\u2019\u00e8. E allora riflettete, ragionate con la vostra testa. Continuate la nostra lotta<\/i>\u201d.<\/p>\n<p>A lui e alla sua storia i Modena City Ramblers hanno dedicato la canzone &#8220;Al Dievel&#8221; in dialetto modenese:<\/p>\n<p><iframe loading=\"lazy\" title=\"Modena City Ramblers - Al Dievel -\" width=\"500\" height=\"375\" src=\"https:\/\/www.youtube.com\/embed\/WZJFTJaI-XM?feature=oembed\" frameborder=\"0\" allow=\"accelerometer; autoplay; clipboard-write; encrypted-media; gyroscope; picture-in-picture; web-share\" referrerpolicy=\"strict-origin-when-cross-origin\" allowfullscreen><\/iframe><\/p>\n<p>Nel suo nome e in quelli di tutte e tutti i combattenti per la libert\u00e0 continueremo a lottare.<\/p>\n<p>Buon viaggio, Comandante Diavolo!<\/p>\n<p>Libri per approfondire:<\/p>\n<p>&#8220;<i>Noi sognavamo un mondo diverso. Le speranze del comandante Diavolo&#8221;<\/i> di Massimo Storchi e Germano Nicolini<\/p>\n<p>&#8220;<i>Nome di battaglia: Diavolo. L&#8217;omicidio don Pessina e la persecuzione giudiziaria contro il partigiano Germano Nicolini<\/i>&#8221; di Frediano Sessi<\/p>\n","protected":false},"excerpt":{"rendered":"<p>A cent\u2019anni, nella sua casa, si \u00e8 spento \u201cAl Di\u00e8vel\u201d, eroe della Resistenza reggiana. Un ragazzo del 1919, nato mentre si dispiegava il terrorismo fascista nelle campagne e cresciuto con lo scarpone della dittatura in faccia. In guerra, al momento&hellip;<\/p>\n","protected":false},"author":1928,"featured_media":1225607,"comment_status":"closed","ping_status":"closed","sticky":false,"template":"","format":"standard","meta":{"footnotes":""},"categories":[47,55],"tags":[4000],"class_list":["post-1225523","post","type-post","status-publish","format-standard","has-post-thumbnail","hentry","category-europa","category-politica","tag-resistenza"],"yoast_head":"<!-- This site is optimized with the Yoast SEO plugin v27.1.1 - https:\/\/yoast.com\/product\/yoast-seo-wordpress\/ -->\n<title>Il partigiano combattente Germano Nicolini \u00e8 partito per l&#039;ultimo viaggio: si \u00e8 spento a 100 anni nella sua casa di Correggio<\/title>\n<meta name=\"description\" content=\"A cent\u2019anni, nella sua casa, si \u00e8 spento \u201cAl Di\u00e8vel\u201d, eroe della Resistenza reggiana. Un ragazzo del 1919, nato mentre si dispiegava il terrorismo\" \/>\n<meta name=\"robots\" content=\"index, follow, max-snippet:-1, max-image-preview:large, max-video-preview:-1\" \/>\n<link rel=\"canonical\" href=\"https:\/\/www.pressenza.com\/it\/2020\/10\/il-partigiano-combattente-germano-nicolini-e-partito-per-lultimo-viaggio-si-e-spento-a-100-anni-nella-sua-casa-di-correggio\/\" \/>\n<meta property=\"og:locale\" content=\"it_IT\" \/>\n<meta property=\"og:type\" content=\"article\" \/>\n<meta property=\"og:title\" content=\"Il partigiano combattente Germano Nicolini \u00e8 partito per l&#039;ultimo viaggio: si \u00e8 spento a 100 anni nella sua casa di Correggio\" \/>\n<meta property=\"og:description\" content=\"A cent\u2019anni, nella sua casa, si \u00e8 spento \u201cAl Di\u00e8vel\u201d, eroe della Resistenza reggiana. Un ragazzo del 1919, nato mentre si dispiegava il terrorismo\" \/>\n<meta property=\"og:url\" content=\"https:\/\/www.pressenza.com\/it\/2020\/10\/il-partigiano-combattente-germano-nicolini-e-partito-per-lultimo-viaggio-si-e-spento-a-100-anni-nella-sua-casa-di-correggio\/\" \/>\n<meta property=\"og:site_name\" content=\"Pressenza\" \/>\n<meta property=\"article:publisher\" content=\"https:\/\/www.facebook.com\/PressenzaItalia\" \/>\n<meta property=\"article:published_time\" content=\"2020-10-25T20:23:05+00:00\" \/>\n<meta property=\"og:image\" content=\"https:\/\/www.pressenza.com\/wp-content\/uploads\/2020\/10\/GermanoNicolini.jpg\" \/>\n\t<meta property=\"og:image:width\" content=\"1592\" \/>\n\t<meta property=\"og:image:height\" content=\"1071\" \/>\n\t<meta property=\"og:image:type\" content=\"image\/jpeg\" \/>\n<meta name=\"author\" content=\"Fulvio Grandinetti\" \/>\n<meta name=\"twitter:card\" content=\"summary_large_image\" \/>\n<meta name=\"twitter:creator\" content=\"@PressenzaIPA\" \/>\n<meta name=\"twitter:site\" content=\"@PressenzaIPA\" \/>\n<meta name=\"twitter:label1\" content=\"Scritto da\" \/>\n\t<meta name=\"twitter:data1\" content=\"Fulvio Grandinetti\" \/>\n\t<meta name=\"twitter:label2\" content=\"Tempo di lettura stimato\" \/>\n\t<meta name=\"twitter:data2\" content=\"2 minuti\" \/>\n<script type=\"application\/ld+json\" class=\"yoast-schema-graph\">{\"@context\":\"https:\/\/schema.org\",\"@graph\":[{\"@type\":\"Article\",\"@id\":\"https:\/\/www.pressenza.com\/it\/2020\/10\/il-partigiano-combattente-germano-nicolini-e-partito-per-lultimo-viaggio-si-e-spento-a-100-anni-nella-sua-casa-di-correggio\/#article\",\"isPartOf\":{\"@id\":\"https:\/\/www.pressenza.com\/it\/2020\/10\/il-partigiano-combattente-germano-nicolini-e-partito-per-lultimo-viaggio-si-e-spento-a-100-anni-nella-sua-casa-di-correggio\/\"},\"author\":{\"name\":\"Fulvio Grandinetti\",\"@id\":\"https:\/\/www.pressenza.com\/it\/#\/schema\/person\/c10c797265f9833f2ac7295d6e5e7503\"},\"headline\":\"Il partigiano combattente Germano Nicolini \u00e8 partito per l&#8217;ultimo viaggio: si \u00e8 spento a 100 anni nella sua casa di Correggio\",\"datePublished\":\"2020-10-25T20:23:05+00:00\",\"mainEntityOfPage\":{\"@id\":\"https:\/\/www.pressenza.com\/it\/2020\/10\/il-partigiano-combattente-germano-nicolini-e-partito-per-lultimo-viaggio-si-e-spento-a-100-anni-nella-sua-casa-di-correggio\/\"},\"wordCount\":391,\"publisher\":{\"@id\":\"https:\/\/www.pressenza.com\/it\/#organization\"},\"image\":{\"@id\":\"https:\/\/www.pressenza.com\/it\/2020\/10\/il-partigiano-combattente-germano-nicolini-e-partito-per-lultimo-viaggio-si-e-spento-a-100-anni-nella-sua-casa-di-correggio\/#primaryimage\"},\"thumbnailUrl\":\"https:\/\/www.pressenza.com\/wp-content\/uploads\/2020\/10\/GermanoNicolini.jpg\",\"keywords\":[\"Resistenza\"],\"articleSection\":[\"Europa\",\"Politica\"],\"inLanguage\":\"it-IT\"},{\"@type\":\"WebPage\",\"@id\":\"https:\/\/www.pressenza.com\/it\/2020\/10\/il-partigiano-combattente-germano-nicolini-e-partito-per-lultimo-viaggio-si-e-spento-a-100-anni-nella-sua-casa-di-correggio\/\",\"url\":\"https:\/\/www.pressenza.com\/it\/2020\/10\/il-partigiano-combattente-germano-nicolini-e-partito-per-lultimo-viaggio-si-e-spento-a-100-anni-nella-sua-casa-di-correggio\/\",\"name\":\"Il partigiano combattente Germano Nicolini \u00e8 partito per l'ultimo viaggio: si \u00e8 spento a 100 anni nella sua casa di Correggio\",\"isPartOf\":{\"@id\":\"https:\/\/www.pressenza.com\/it\/#website\"},\"primaryImageOfPage\":{\"@id\":\"https:\/\/www.pressenza.com\/it\/2020\/10\/il-partigiano-combattente-germano-nicolini-e-partito-per-lultimo-viaggio-si-e-spento-a-100-anni-nella-sua-casa-di-correggio\/#primaryimage\"},\"image\":{\"@id\":\"https:\/\/www.pressenza.com\/it\/2020\/10\/il-partigiano-combattente-germano-nicolini-e-partito-per-lultimo-viaggio-si-e-spento-a-100-anni-nella-sua-casa-di-correggio\/#primaryimage\"},\"thumbnailUrl\":\"https:\/\/www.pressenza.com\/wp-content\/uploads\/2020\/10\/GermanoNicolini.jpg\",\"datePublished\":\"2020-10-25T20:23:05+00:00\",\"description\":\"A cent\u2019anni, nella sua casa, si \u00e8 spento \u201cAl Di\u00e8vel\u201d, eroe della Resistenza reggiana. Un ragazzo del 1919, nato mentre si dispiegava il terrorismo\",\"breadcrumb\":{\"@id\":\"https:\/\/www.pressenza.com\/it\/2020\/10\/il-partigiano-combattente-germano-nicolini-e-partito-per-lultimo-viaggio-si-e-spento-a-100-anni-nella-sua-casa-di-correggio\/#breadcrumb\"},\"inLanguage\":\"it-IT\",\"potentialAction\":[{\"@type\":\"ReadAction\",\"target\":[\"https:\/\/www.pressenza.com\/it\/2020\/10\/il-partigiano-combattente-germano-nicolini-e-partito-per-lultimo-viaggio-si-e-spento-a-100-anni-nella-sua-casa-di-correggio\/\"]}]},{\"@type\":\"ImageObject\",\"inLanguage\":\"it-IT\",\"@id\":\"https:\/\/www.pressenza.com\/it\/2020\/10\/il-partigiano-combattente-germano-nicolini-e-partito-per-lultimo-viaggio-si-e-spento-a-100-anni-nella-sua-casa-di-correggio\/#primaryimage\",\"url\":\"https:\/\/www.pressenza.com\/wp-content\/uploads\/2020\/10\/GermanoNicolini.jpg\",\"contentUrl\":\"https:\/\/www.pressenza.com\/wp-content\/uploads\/2020\/10\/GermanoNicolini.jpg\",\"width\":1592,\"height\":1071},{\"@type\":\"BreadcrumbList\",\"@id\":\"https:\/\/www.pressenza.com\/it\/2020\/10\/il-partigiano-combattente-germano-nicolini-e-partito-per-lultimo-viaggio-si-e-spento-a-100-anni-nella-sua-casa-di-correggio\/#breadcrumb\",\"itemListElement\":[{\"@type\":\"ListItem\",\"position\":1,\"name\":\"Accueil\",\"item\":\"https:\/\/www.pressenza.com\/it\/\"},{\"@type\":\"ListItem\",\"position\":2,\"name\":\"Il partigiano combattente Germano Nicolini \u00e8 partito per l&#8217;ultimo viaggio: si \u00e8 spento a 100 anni nella sua casa di Correggio\"}]},{\"@type\":\"WebSite\",\"@id\":\"https:\/\/www.pressenza.com\/it\/#website\",\"url\":\"https:\/\/www.pressenza.com\/it\/\",\"name\":\"Pressenza\",\"description\":\"Agenzia di Stampa Internazionale\",\"publisher\":{\"@id\":\"https:\/\/www.pressenza.com\/it\/#organization\"},\"potentialAction\":[{\"@type\":\"SearchAction\",\"target\":{\"@type\":\"EntryPoint\",\"urlTemplate\":\"https:\/\/www.pressenza.com\/it\/?s={search_term_string}\"},\"query-input\":{\"@type\":\"PropertyValueSpecification\",\"valueRequired\":true,\"valueName\":\"search_term_string\"}}],\"inLanguage\":\"it-IT\"},{\"@type\":\"Organization\",\"@id\":\"https:\/\/www.pressenza.com\/it\/#organization\",\"name\":\"Pressenza\",\"url\":\"https:\/\/www.pressenza.com\/it\/\",\"logo\":{\"@type\":\"ImageObject\",\"inLanguage\":\"it-IT\",\"@id\":\"https:\/\/www.pressenza.com\/it\/#\/schema\/logo\/image\/\",\"url\":\"https:\/\/www.pressenza.com\/wp-content\/uploads\/2022\/10\/pressenza_logo_200x200.jpg\",\"contentUrl\":\"https:\/\/www.pressenza.com\/wp-content\/uploads\/2022\/10\/pressenza_logo_200x200.jpg\",\"width\":200,\"height\":200,\"caption\":\"Pressenza\"},\"image\":{\"@id\":\"https:\/\/www.pressenza.com\/it\/#\/schema\/logo\/image\/\"},\"sameAs\":[\"https:\/\/www.facebook.com\/PressenzaItalia\",\"https:\/\/x.com\/PressenzaIPA\"]},{\"@type\":\"Person\",\"@id\":\"https:\/\/www.pressenza.com\/it\/#\/schema\/person\/c10c797265f9833f2ac7295d6e5e7503\",\"name\":\"Fulvio Grandinetti\",\"description\":\"Fulvio Grandinetti, diplomato in agraria, cresciuto e da sempre residente in Grugliasco (TO), \u00e8 impegnato fin da studente per la memoria della Resistenza partigiana e l'attualit\u00e0 dell'antifascismo, avendo avuto in famiglia i nonni materni impegnati come Partigiani in Val Pellice e il nonno paterno deportato politico sopravvissuto ai campi di sterminio nazisti. Gi\u00e0 rappresentante degli studenti nel Consiglio d'istituto e nella Consulta Provinciale di Torino, \u00e8 stato poi rappresentante nel Consiglio di Facolt\u00e0 di Agraria e nel Senato degli Studenti dell'Universit\u00e0 come Segretario e Vicepresidente. Dal 2008 ha affiancato i partigiani nelle scuole per le testimonianze e i laboratori sulla memoria, partecipando anche per diversi anni come accompagnatore degli studenti medi nei viaggi del treno della memoria in visita ai lager nazisti. Dal 2010 \u00e8 componente del Comitato di Sezione dell'ANPI di Grugliasco, di cui \u00e8 Presidente da gennaio 2020, e dal 2011 \u00e8 componente del Comitato Provinciale dell'ANPI di Torino, di cui ha coordinato la Commissione Giovani e Scuola. Ha coordinato a Grugliasco la campagna referendaria per l'acqua pubblica nel 2011. Attualmente lavora nelle residenze universitarie di Torino.\",\"url\":\"https:\/\/www.pressenza.com\/it\/author\/fulvio-grandinetti\/\"}]}<\/script>\n<!-- \/ Yoast SEO plugin. -->","yoast_head_json":{"title":"Il partigiano combattente Germano Nicolini \u00e8 partito per l'ultimo viaggio: si \u00e8 spento a 100 anni nella sua casa di Correggio","description":"A cent\u2019anni, nella sua casa, si \u00e8 spento \u201cAl Di\u00e8vel\u201d, eroe della Resistenza reggiana. Un ragazzo del 1919, nato mentre si dispiegava il terrorismo","robots":{"index":"index","follow":"follow","max-snippet":"max-snippet:-1","max-image-preview":"max-image-preview:large","max-video-preview":"max-video-preview:-1"},"canonical":"https:\/\/www.pressenza.com\/it\/2020\/10\/il-partigiano-combattente-germano-nicolini-e-partito-per-lultimo-viaggio-si-e-spento-a-100-anni-nella-sua-casa-di-correggio\/","og_locale":"it_IT","og_type":"article","og_title":"Il partigiano combattente Germano Nicolini \u00e8 partito per l'ultimo viaggio: si \u00e8 spento a 100 anni nella sua casa di Correggio","og_description":"A cent\u2019anni, nella sua casa, si \u00e8 spento \u201cAl Di\u00e8vel\u201d, eroe della Resistenza reggiana. Un ragazzo del 1919, nato mentre si dispiegava il terrorismo","og_url":"https:\/\/www.pressenza.com\/it\/2020\/10\/il-partigiano-combattente-germano-nicolini-e-partito-per-lultimo-viaggio-si-e-spento-a-100-anni-nella-sua-casa-di-correggio\/","og_site_name":"Pressenza","article_publisher":"https:\/\/www.facebook.com\/PressenzaItalia","article_published_time":"2020-10-25T20:23:05+00:00","og_image":[{"width":1592,"height":1071,"url":"https:\/\/www.pressenza.com\/wp-content\/uploads\/2020\/10\/GermanoNicolini.jpg","type":"image\/jpeg"}],"author":"Fulvio Grandinetti","twitter_card":"summary_large_image","twitter_creator":"@PressenzaIPA","twitter_site":"@PressenzaIPA","twitter_misc":{"Scritto da":"Fulvio Grandinetti","Tempo di lettura stimato":"2 minuti"},"schema":{"@context":"https:\/\/schema.org","@graph":[{"@type":"Article","@id":"https:\/\/www.pressenza.com\/it\/2020\/10\/il-partigiano-combattente-germano-nicolini-e-partito-per-lultimo-viaggio-si-e-spento-a-100-anni-nella-sua-casa-di-correggio\/#article","isPartOf":{"@id":"https:\/\/www.pressenza.com\/it\/2020\/10\/il-partigiano-combattente-germano-nicolini-e-partito-per-lultimo-viaggio-si-e-spento-a-100-anni-nella-sua-casa-di-correggio\/"},"author":{"name":"Fulvio Grandinetti","@id":"https:\/\/www.pressenza.com\/it\/#\/schema\/person\/c10c797265f9833f2ac7295d6e5e7503"},"headline":"Il partigiano combattente Germano Nicolini \u00e8 partito per l&#8217;ultimo viaggio: si \u00e8 spento a 100 anni nella sua casa di Correggio","datePublished":"2020-10-25T20:23:05+00:00","mainEntityOfPage":{"@id":"https:\/\/www.pressenza.com\/it\/2020\/10\/il-partigiano-combattente-germano-nicolini-e-partito-per-lultimo-viaggio-si-e-spento-a-100-anni-nella-sua-casa-di-correggio\/"},"wordCount":391,"publisher":{"@id":"https:\/\/www.pressenza.com\/it\/#organization"},"image":{"@id":"https:\/\/www.pressenza.com\/it\/2020\/10\/il-partigiano-combattente-germano-nicolini-e-partito-per-lultimo-viaggio-si-e-spento-a-100-anni-nella-sua-casa-di-correggio\/#primaryimage"},"thumbnailUrl":"https:\/\/www.pressenza.com\/wp-content\/uploads\/2020\/10\/GermanoNicolini.jpg","keywords":["Resistenza"],"articleSection":["Europa","Politica"],"inLanguage":"it-IT"},{"@type":"WebPage","@id":"https:\/\/www.pressenza.com\/it\/2020\/10\/il-partigiano-combattente-germano-nicolini-e-partito-per-lultimo-viaggio-si-e-spento-a-100-anni-nella-sua-casa-di-correggio\/","url":"https:\/\/www.pressenza.com\/it\/2020\/10\/il-partigiano-combattente-germano-nicolini-e-partito-per-lultimo-viaggio-si-e-spento-a-100-anni-nella-sua-casa-di-correggio\/","name":"Il partigiano combattente Germano Nicolini \u00e8 partito per l'ultimo viaggio: si \u00e8 spento a 100 anni nella sua casa di Correggio","isPartOf":{"@id":"https:\/\/www.pressenza.com\/it\/#website"},"primaryImageOfPage":{"@id":"https:\/\/www.pressenza.com\/it\/2020\/10\/il-partigiano-combattente-germano-nicolini-e-partito-per-lultimo-viaggio-si-e-spento-a-100-anni-nella-sua-casa-di-correggio\/#primaryimage"},"image":{"@id":"https:\/\/www.pressenza.com\/it\/2020\/10\/il-partigiano-combattente-germano-nicolini-e-partito-per-lultimo-viaggio-si-e-spento-a-100-anni-nella-sua-casa-di-correggio\/#primaryimage"},"thumbnailUrl":"https:\/\/www.pressenza.com\/wp-content\/uploads\/2020\/10\/GermanoNicolini.jpg","datePublished":"2020-10-25T20:23:05+00:00","description":"A cent\u2019anni, nella sua casa, si \u00e8 spento \u201cAl Di\u00e8vel\u201d, eroe della Resistenza reggiana. Un ragazzo del 1919, nato mentre si dispiegava il terrorismo","breadcrumb":{"@id":"https:\/\/www.pressenza.com\/it\/2020\/10\/il-partigiano-combattente-germano-nicolini-e-partito-per-lultimo-viaggio-si-e-spento-a-100-anni-nella-sua-casa-di-correggio\/#breadcrumb"},"inLanguage":"it-IT","potentialAction":[{"@type":"ReadAction","target":["https:\/\/www.pressenza.com\/it\/2020\/10\/il-partigiano-combattente-germano-nicolini-e-partito-per-lultimo-viaggio-si-e-spento-a-100-anni-nella-sua-casa-di-correggio\/"]}]},{"@type":"ImageObject","inLanguage":"it-IT","@id":"https:\/\/www.pressenza.com\/it\/2020\/10\/il-partigiano-combattente-germano-nicolini-e-partito-per-lultimo-viaggio-si-e-spento-a-100-anni-nella-sua-casa-di-correggio\/#primaryimage","url":"https:\/\/www.pressenza.com\/wp-content\/uploads\/2020\/10\/GermanoNicolini.jpg","contentUrl":"https:\/\/www.pressenza.com\/wp-content\/uploads\/2020\/10\/GermanoNicolini.jpg","width":1592,"height":1071},{"@type":"BreadcrumbList","@id":"https:\/\/www.pressenza.com\/it\/2020\/10\/il-partigiano-combattente-germano-nicolini-e-partito-per-lultimo-viaggio-si-e-spento-a-100-anni-nella-sua-casa-di-correggio\/#breadcrumb","itemListElement":[{"@type":"ListItem","position":1,"name":"Accueil","item":"https:\/\/www.pressenza.com\/it\/"},{"@type":"ListItem","position":2,"name":"Il partigiano combattente Germano Nicolini \u00e8 partito per l&#8217;ultimo viaggio: si \u00e8 spento a 100 anni nella sua casa di Correggio"}]},{"@type":"WebSite","@id":"https:\/\/www.pressenza.com\/it\/#website","url":"https:\/\/www.pressenza.com\/it\/","name":"Pressenza","description":"Agenzia di Stampa Internazionale","publisher":{"@id":"https:\/\/www.pressenza.com\/it\/#organization"},"potentialAction":[{"@type":"SearchAction","target":{"@type":"EntryPoint","urlTemplate":"https:\/\/www.pressenza.com\/it\/?s={search_term_string}"},"query-input":{"@type":"PropertyValueSpecification","valueRequired":true,"valueName":"search_term_string"}}],"inLanguage":"it-IT"},{"@type":"Organization","@id":"https:\/\/www.pressenza.com\/it\/#organization","name":"Pressenza","url":"https:\/\/www.pressenza.com\/it\/","logo":{"@type":"ImageObject","inLanguage":"it-IT","@id":"https:\/\/www.pressenza.com\/it\/#\/schema\/logo\/image\/","url":"https:\/\/www.pressenza.com\/wp-content\/uploads\/2022\/10\/pressenza_logo_200x200.jpg","contentUrl":"https:\/\/www.pressenza.com\/wp-content\/uploads\/2022\/10\/pressenza_logo_200x200.jpg","width":200,"height":200,"caption":"Pressenza"},"image":{"@id":"https:\/\/www.pressenza.com\/it\/#\/schema\/logo\/image\/"},"sameAs":["https:\/\/www.facebook.com\/PressenzaItalia","https:\/\/x.com\/PressenzaIPA"]},{"@type":"Person","@id":"https:\/\/www.pressenza.com\/it\/#\/schema\/person\/c10c797265f9833f2ac7295d6e5e7503","name":"Fulvio Grandinetti","description":"Fulvio Grandinetti, diplomato in agraria, cresciuto e da sempre residente in Grugliasco (TO), \u00e8 impegnato fin da studente per la memoria della Resistenza partigiana e l'attualit\u00e0 dell'antifascismo, avendo avuto in famiglia i nonni materni impegnati come Partigiani in Val Pellice e il nonno paterno deportato politico sopravvissuto ai campi di sterminio nazisti. Gi\u00e0 rappresentante degli studenti nel Consiglio d'istituto e nella Consulta Provinciale di Torino, \u00e8 stato poi rappresentante nel Consiglio di Facolt\u00e0 di Agraria e nel Senato degli Studenti dell'Universit\u00e0 come Segretario e Vicepresidente. Dal 2008 ha affiancato i partigiani nelle scuole per le testimonianze e i laboratori sulla memoria, partecipando anche per diversi anni come accompagnatore degli studenti medi nei viaggi del treno della memoria in visita ai lager nazisti. Dal 2010 \u00e8 componente del Comitato di Sezione dell'ANPI di Grugliasco, di cui \u00e8 Presidente da gennaio 2020, e dal 2011 \u00e8 componente del Comitato Provinciale dell'ANPI di Torino, di cui ha coordinato la Commissione Giovani e Scuola. Ha coordinato a Grugliasco la campagna referendaria per l'acqua pubblica nel 2011. Attualmente lavora nelle residenze universitarie di Torino.","url":"https:\/\/www.pressenza.com\/it\/author\/fulvio-grandinetti\/"}]}},"place":"","original_article_url":"","_links":{"self":[{"href":"https:\/\/www.pressenza.com\/it\/wp-json\/wp\/v2\/posts\/1225523","targetHints":{"allow":["GET"]}}],"collection":[{"href":"https:\/\/www.pressenza.com\/it\/wp-json\/wp\/v2\/posts"}],"about":[{"href":"https:\/\/www.pressenza.com\/it\/wp-json\/wp\/v2\/types\/post"}],"author":[{"embeddable":true,"href":"https:\/\/www.pressenza.com\/it\/wp-json\/wp\/v2\/users\/1928"}],"replies":[{"embeddable":true,"href":"https:\/\/www.pressenza.com\/it\/wp-json\/wp\/v2\/comments?post=1225523"}],"version-history":[{"count":0,"href":"https:\/\/www.pressenza.com\/it\/wp-json\/wp\/v2\/posts\/1225523\/revisions"}],"wp:featuredmedia":[{"embeddable":true,"href":"https:\/\/www.pressenza.com\/it\/wp-json\/wp\/v2\/media\/1225607"}],"wp:attachment":[{"href":"https:\/\/www.pressenza.com\/it\/wp-json\/wp\/v2\/media?parent=1225523"}],"wp:term":[{"taxonomy":"category","embeddable":true,"href":"https:\/\/www.pressenza.com\/it\/wp-json\/wp\/v2\/categories?post=1225523"},{"taxonomy":"post_tag","embeddable":true,"href":"https:\/\/www.pressenza.com\/it\/wp-json\/wp\/v2\/tags?post=1225523"}],"curies":[{"name":"wp","href":"https:\/\/api.w.org\/{rel}","templated":true}]}}