{"id":1222928,"date":"2020-10-22T14:41:40","date_gmt":"2020-10-22T13:41:40","guid":{"rendered":"https:\/\/www.pressenza.com\/?p=1222928"},"modified":"2020-10-22T14:45:50","modified_gmt":"2020-10-22T13:45:50","slug":"rilasciare-i-prigionieri-di-coscienza-in-egitto-parlamentari-europei-e-usa-scrivono-ad-al-sisi","status":"publish","type":"post","link":"https:\/\/www.pressenza.com\/it\/2020\/10\/rilasciare-i-prigionieri-di-coscienza-in-egitto-parlamentari-europei-e-usa-scrivono-ad-al-sisi\/","title":{"rendered":"Rilasciare i prigionieri di coscienza in Egitto. Parlamentari europei e Usa scrivono ad al-Sisi"},"content":{"rendered":"<p>Negli ultimi giorni,\u00a0<strong>almeno 278 parlamentari europei e statunitensi<\/strong>\u00a0hanno inviato\u00a0<strong>lettere pubbliche al presidente Abdelfattah al-Sisi<\/strong>\u00a0denunciando la situazione dei\u00a0<strong>prigionieri di coscienza in Egitto<\/strong>. A dimostrazione della crescente preoccupazione sul tema,\u00a0<strong>84 membri del Parlamento europeo<\/strong>,\u00a0<strong>138 membri di parlamenti nazionali europei<\/strong>\u00a0e\u00a0<strong>56 membri delle due camere del Congresso Usa<\/strong>\u00a0hanno sollecitato il presidente al-Sisi a porre fine all\u2019ingiusto imprigionamento di difensori dei diritti umani, giornalisti, avvocati e attivisti politici finiti in carcere solo per aver esercitato i loro diritti fondamentali.<\/p>\n<p>Le\u00a0<strong>sette organizzazioni non governative<\/strong>\u00a0(*) che hanno promosso l\u2019iniziativa considerano l\u2019azione dei parlamentari tempestiva e assai necessaria per\u00a0<strong>porre rimedio alla terribile situazione dei diritti umani in Egitto<\/strong>\u00a0e\u00a0<a href=\"https:\/\/www.amnesty.it\/centinaia-di-parlamentari-europei-e-statunitensi-sollecitano-al-sisi-a-rilasciare-i-prigionieri-di-coscienza\/\">chiedono<\/a>\u00a0a loro volta al governo del Cairo di rilasciare tutti coloro che sono detenuti solo per aver esercitato in modo pacifico i loro diritti. \u00c8 giunto davvero il momento che le autorit\u00e0 egiziane rispettino i diritti alla libert\u00e0 d\u2019espressione, di associazione e di manifestazione pacifica e spezzino il circolo dell\u2019impunit\u00e0 per le gravi violazioni dei diritti umani in corso nel paese.<\/p>\n<p>Soprattutto nell\u2019attuale periodo, in cui i rischi per la salute sono aggravati dalla pandemia da Covid-19, i parlamentari europei e statunitensi chiedono al presidente egiziano di\u00a0<strong>dare priorit\u00e0 ai diritti dei detenuti<\/strong>.<\/p>\n<p>Le lettere dei parlamentari, inviate una dopo l\u2019altra, riflettono le preoccupazioni espresse in precedenza dall\u2019<em>Ufficio dell\u2019alta commissaria per i diritti umani delle Nazioni Unite<\/em>, dagli esperti delle\u00a0<em>Nazioni Unite<\/em>\u00a0sui diritti umani e da organismi internazionali che si occupano di sanit\u00e0 ed esprimono crescente preoccupazione per il\u00a0<strong>clima d\u2019impunit\u00e0 dominante in Egitto<\/strong>.<\/p>\n<p>Le lettere sono state inviate in una fase di continuo deterioramento della situazione dei diritti umani in Egitto, appena poche settimane dopo l\u2019ulteriore\u00a0<strong>ricorso alla forza illegale<\/strong>, agli\u00a0<strong>arresti di massa<\/strong>\u00a0e alla\u00a0<strong>censura<\/strong>\u00a0nel contesto delle proteste contro il peggioramento dell\u2019economia. Nonostante gli enormi rischi per la loro vita, la loro incolumit\u00e0 e la loro libert\u00e0, gli egiziani continuano a far ascoltare la loro voce.<\/p>\n<p>Il\u00a0<strong>governo del Cairo<\/strong>\u00a0ha persino strumentalizzato la pandemia da Covid-19 per\u00a0<strong>restringere ulteriormente le libert\u00e0 fondamentali<\/strong>\u00a0e\u00a0<strong>ridurre al silenzio ogni critica<\/strong>\u00a0nei confronti del modo in cui ha gestito l\u2019emergenza sanitaria.<\/p>\n<p>Alcuni dei prigionieri di coscienza menzionati nelle lettere dei parlamentari, tra cui\u00a0<strong>Ramy Shaath<\/strong>\u00a0e\u00a0<strong>Zyad el-Elaimy<\/strong>, sono detenuti senza processo da oltre un anno solo a causa del loro pacifico attivismo politico. Avvocati per i diritti umani come\u00a0<strong>Mohamed al-Baqer<\/strong>\u00a0e\u00a0<strong>Mahienour al-Massry<\/strong>, a loro volta citati nelle lettere, sono in carcere per aver difeso vittime di sparizione forzata e di detenzione arbitraria.<\/p>\n<p>Le lettere riportano i nomi anche di\u00a0<strong>Esraa Abdel Fattah<\/strong>,\u00a0<strong>Solafa Magdy<\/strong>,\u00a0<strong>Hossam al-Sayyad<\/strong>\u00a0e\u00a0<strong>Mahmoud Hussein<\/strong>, giornalisti imprigionati per i contenuti critici dei loro articoli o delle loro opinioni, e includono anche i ricercatori sui diritti umani\u00a0<strong>Patrick Zaki<\/strong>\u00a0e\u00a0<strong>Ibrahim Ezz el-Din<\/strong>, che si trovano in detenzione preventiva a dimostrazione della politica di \u201ctolleranza zero\u201d nei confronti dell\u2019attivismo per i diritti umani.<\/p>\n<p>(*)\u00a0<em>EuroMed Rights<\/em>,\u00a0<em>ACAT France<\/em>, <em>Amnesty International,\u00a0Istituto del Cairo per gli studi sui diritti umani<\/em>,\u00a0<em>Federazione internazionale dei diritti dell\u2019uomo<\/em>\u00a0e\u00a0<em>Organizzazione mondiale contro la tortura<\/em>\u00a0(entrambe nell\u2019ambito dell\u2019<em>Osservatorio per la protezione dei difensori dei diritti umani<\/em>) e\u00a0<em>The Freedom Initiative<\/em>.<\/p>\n<p>&nbsp;<\/p>\n","protected":false},"excerpt":{"rendered":"<p>Negli ultimi giorni,\u00a0almeno 278 parlamentari europei e statunitensi\u00a0hanno inviato\u00a0lettere pubbliche al presidente Abdelfattah al-Sisi\u00a0denunciando la situazione dei\u00a0prigionieri di coscienza in Egitto. A dimostrazione della crescente preoccupazione sul tema,\u00a084 membri del Parlamento europeo,\u00a0138 membri di parlamenti nazionali europei\u00a0e\u00a056 membri delle due&hellip;<\/p>\n","protected":false},"author":432,"featured_media":935157,"comment_status":"closed","ping_status":"closed","sticky":false,"template":"","format":"standard","meta":{"footnotes":""},"categories":[150,60,38],"tags":[6381,2827,6918,34582,8288,1119],"class_list":["post-1222928","post","type-post","status-publish","format-standard","has-post-thumbnail","hentry","category-comunicati-stampa","category-diritti-umani","category-internazionale","tag-al-sisi","tag-egitto","tag-lettera","tag-parlamentari","tag-prigionieri-di-coscienza","tag-repressione"],"yoast_head":"<!-- This site is optimized with the Yoast SEO plugin v27.1.1 - https:\/\/yoast.com\/product\/yoast-seo-wordpress\/ -->\n<title>Rilasciare i prigionieri di coscienza in Egitto. Parlamentari europei e Usa scrivono ad al-Sisi<\/title>\n<meta name=\"description\" content=\"Negli ultimi giorni,\u00a0almeno 278 parlamentari europei e statunitensi\u00a0hanno inviato\u00a0lettere pubbliche al presidente Abdelfattah al-Sisi\u00a0denunciando la\" \/>\n<meta name=\"robots\" content=\"index, follow, max-snippet:-1, max-image-preview:large, max-video-preview:-1\" \/>\n<link rel=\"canonical\" href=\"https:\/\/www.pressenza.com\/it\/2020\/10\/rilasciare-i-prigionieri-di-coscienza-in-egitto-parlamentari-europei-e-usa-scrivono-ad-al-sisi\/\" \/>\n<meta property=\"og:locale\" content=\"it_IT\" \/>\n<meta property=\"og:type\" content=\"article\" \/>\n<meta property=\"og:title\" content=\"Rilasciare i prigionieri di coscienza in Egitto. Parlamentari europei e Usa scrivono ad al-Sisi\" \/>\n<meta property=\"og:description\" content=\"Negli ultimi giorni,\u00a0almeno 278 parlamentari europei e statunitensi\u00a0hanno inviato\u00a0lettere pubbliche al presidente Abdelfattah al-Sisi\u00a0denunciando la\" \/>\n<meta property=\"og:url\" content=\"https:\/\/www.pressenza.com\/it\/2020\/10\/rilasciare-i-prigionieri-di-coscienza-in-egitto-parlamentari-europei-e-usa-scrivono-ad-al-sisi\/\" \/>\n<meta property=\"og:site_name\" content=\"Pressenza\" \/>\n<meta property=\"article:publisher\" content=\"https:\/\/www.facebook.com\/PressenzaItalia\" \/>\n<meta property=\"article:author\" content=\"https:\/\/www.facebook.com\/amnestyglobal\" \/>\n<meta property=\"article:published_time\" content=\"2020-10-22T13:41:40+00:00\" \/>\n<meta property=\"article:modified_time\" content=\"2020-10-22T13:45:50+00:00\" \/>\n<meta property=\"og:image\" content=\"https:\/\/www.pressenza.com\/wp-content\/uploads\/2019\/10\/Abdel_Fatah_al-Sisi.jpg\" \/>\n\t<meta property=\"og:image:width\" content=\"641\" \/>\n\t<meta property=\"og:image:height\" content=\"419\" \/>\n\t<meta property=\"og:image:type\" content=\"image\/jpeg\" \/>\n<meta name=\"author\" content=\"Amnesty International\" \/>\n<meta name=\"twitter:card\" content=\"summary_large_image\" \/>\n<meta name=\"twitter:creator\" content=\"@amnesty\" \/>\n<meta name=\"twitter:site\" content=\"@PressenzaIPA\" \/>\n<meta name=\"twitter:label1\" content=\"Scritto da\" \/>\n\t<meta name=\"twitter:data1\" content=\"Amnesty International\" \/>\n\t<meta name=\"twitter:label2\" content=\"Tempo di lettura stimato\" \/>\n\t<meta name=\"twitter:data2\" content=\"3 minuti\" \/>\n<script type=\"application\/ld+json\" class=\"yoast-schema-graph\">{\"@context\":\"https:\/\/schema.org\",\"@graph\":[{\"@type\":\"Article\",\"@id\":\"https:\/\/www.pressenza.com\/it\/2020\/10\/rilasciare-i-prigionieri-di-coscienza-in-egitto-parlamentari-europei-e-usa-scrivono-ad-al-sisi\/#article\",\"isPartOf\":{\"@id\":\"https:\/\/www.pressenza.com\/it\/2020\/10\/rilasciare-i-prigionieri-di-coscienza-in-egitto-parlamentari-europei-e-usa-scrivono-ad-al-sisi\/\"},\"author\":{\"name\":\"Amnesty International\",\"@id\":\"https:\/\/www.pressenza.com\/it\/#\/schema\/person\/9b981b05c7ecf09292e6acb3223b2d9d\"},\"headline\":\"Rilasciare i prigionieri di coscienza in Egitto. Parlamentari europei e Usa scrivono ad al-Sisi\",\"datePublished\":\"2020-10-22T13:41:40+00:00\",\"dateModified\":\"2020-10-22T13:45:50+00:00\",\"mainEntityOfPage\":{\"@id\":\"https:\/\/www.pressenza.com\/it\/2020\/10\/rilasciare-i-prigionieri-di-coscienza-in-egitto-parlamentari-europei-e-usa-scrivono-ad-al-sisi\/\"},\"wordCount\":554,\"publisher\":{\"@id\":\"https:\/\/www.pressenza.com\/it\/#organization\"},\"image\":{\"@id\":\"https:\/\/www.pressenza.com\/it\/2020\/10\/rilasciare-i-prigionieri-di-coscienza-in-egitto-parlamentari-europei-e-usa-scrivono-ad-al-sisi\/#primaryimage\"},\"thumbnailUrl\":\"https:\/\/www.pressenza.com\/wp-content\/uploads\/2019\/10\/Abdel_Fatah_al-Sisi.jpg\",\"keywords\":[\"Al-Sisi\",\"Egitto\",\"lettera\",\"parlamentari\",\"prigionieri di coscienza\",\"repressione\"],\"articleSection\":[\"Comunicati Stampa\",\"Diritti Umani\",\"Internazionale\"],\"inLanguage\":\"it-IT\"},{\"@type\":\"WebPage\",\"@id\":\"https:\/\/www.pressenza.com\/it\/2020\/10\/rilasciare-i-prigionieri-di-coscienza-in-egitto-parlamentari-europei-e-usa-scrivono-ad-al-sisi\/\",\"url\":\"https:\/\/www.pressenza.com\/it\/2020\/10\/rilasciare-i-prigionieri-di-coscienza-in-egitto-parlamentari-europei-e-usa-scrivono-ad-al-sisi\/\",\"name\":\"Rilasciare i prigionieri di coscienza in Egitto. Parlamentari europei e Usa scrivono ad al-Sisi\",\"isPartOf\":{\"@id\":\"https:\/\/www.pressenza.com\/it\/#website\"},\"primaryImageOfPage\":{\"@id\":\"https:\/\/www.pressenza.com\/it\/2020\/10\/rilasciare-i-prigionieri-di-coscienza-in-egitto-parlamentari-europei-e-usa-scrivono-ad-al-sisi\/#primaryimage\"},\"image\":{\"@id\":\"https:\/\/www.pressenza.com\/it\/2020\/10\/rilasciare-i-prigionieri-di-coscienza-in-egitto-parlamentari-europei-e-usa-scrivono-ad-al-sisi\/#primaryimage\"},\"thumbnailUrl\":\"https:\/\/www.pressenza.com\/wp-content\/uploads\/2019\/10\/Abdel_Fatah_al-Sisi.jpg\",\"datePublished\":\"2020-10-22T13:41:40+00:00\",\"dateModified\":\"2020-10-22T13:45:50+00:00\",\"description\":\"Negli ultimi giorni,\u00a0almeno 278 parlamentari europei e statunitensi\u00a0hanno inviato\u00a0lettere pubbliche al presidente Abdelfattah al-Sisi\u00a0denunciando la\",\"breadcrumb\":{\"@id\":\"https:\/\/www.pressenza.com\/it\/2020\/10\/rilasciare-i-prigionieri-di-coscienza-in-egitto-parlamentari-europei-e-usa-scrivono-ad-al-sisi\/#breadcrumb\"},\"inLanguage\":\"it-IT\",\"potentialAction\":[{\"@type\":\"ReadAction\",\"target\":[\"https:\/\/www.pressenza.com\/it\/2020\/10\/rilasciare-i-prigionieri-di-coscienza-in-egitto-parlamentari-europei-e-usa-scrivono-ad-al-sisi\/\"]}]},{\"@type\":\"ImageObject\",\"inLanguage\":\"it-IT\",\"@id\":\"https:\/\/www.pressenza.com\/it\/2020\/10\/rilasciare-i-prigionieri-di-coscienza-in-egitto-parlamentari-europei-e-usa-scrivono-ad-al-sisi\/#primaryimage\",\"url\":\"https:\/\/www.pressenza.com\/wp-content\/uploads\/2019\/10\/Abdel_Fatah_al-Sisi.jpg\",\"contentUrl\":\"https:\/\/www.pressenza.com\/wp-content\/uploads\/2019\/10\/Abdel_Fatah_al-Sisi.jpg\",\"width\":641,\"height\":419},{\"@type\":\"BreadcrumbList\",\"@id\":\"https:\/\/www.pressenza.com\/it\/2020\/10\/rilasciare-i-prigionieri-di-coscienza-in-egitto-parlamentari-europei-e-usa-scrivono-ad-al-sisi\/#breadcrumb\",\"itemListElement\":[{\"@type\":\"ListItem\",\"position\":1,\"name\":\"Accueil\",\"item\":\"https:\/\/www.pressenza.com\/it\/\"},{\"@type\":\"ListItem\",\"position\":2,\"name\":\"Rilasciare i prigionieri di coscienza in Egitto. Parlamentari europei e Usa scrivono ad al-Sisi\"}]},{\"@type\":\"WebSite\",\"@id\":\"https:\/\/www.pressenza.com\/it\/#website\",\"url\":\"https:\/\/www.pressenza.com\/it\/\",\"name\":\"Pressenza\",\"description\":\"Agenzia di Stampa Internazionale\",\"publisher\":{\"@id\":\"https:\/\/www.pressenza.com\/it\/#organization\"},\"potentialAction\":[{\"@type\":\"SearchAction\",\"target\":{\"@type\":\"EntryPoint\",\"urlTemplate\":\"https:\/\/www.pressenza.com\/it\/?s={search_term_string}\"},\"query-input\":{\"@type\":\"PropertyValueSpecification\",\"valueRequired\":true,\"valueName\":\"search_term_string\"}}],\"inLanguage\":\"it-IT\"},{\"@type\":\"Organization\",\"@id\":\"https:\/\/www.pressenza.com\/it\/#organization\",\"name\":\"Pressenza\",\"url\":\"https:\/\/www.pressenza.com\/it\/\",\"logo\":{\"@type\":\"ImageObject\",\"inLanguage\":\"it-IT\",\"@id\":\"https:\/\/www.pressenza.com\/it\/#\/schema\/logo\/image\/\",\"url\":\"https:\/\/www.pressenza.com\/wp-content\/uploads\/2022\/10\/pressenza_logo_200x200.jpg\",\"contentUrl\":\"https:\/\/www.pressenza.com\/wp-content\/uploads\/2022\/10\/pressenza_logo_200x200.jpg\",\"width\":200,\"height\":200,\"caption\":\"Pressenza\"},\"image\":{\"@id\":\"https:\/\/www.pressenza.com\/it\/#\/schema\/logo\/image\/\"},\"sameAs\":[\"https:\/\/www.facebook.com\/PressenzaItalia\",\"https:\/\/x.com\/PressenzaIPA\"]},{\"@type\":\"Person\",\"@id\":\"https:\/\/www.pressenza.com\/it\/#\/schema\/person\/9b981b05c7ecf09292e6acb3223b2d9d\",\"name\":\"Amnesty International\",\"description\":\"Amnesty International is a global movement of more than 3 million supporters, members and activists in over 150 countries and territories who campaign to end grave abuses of human rights. Our vision is for every person to enjoy all the rights enshrined in the Universal Declaration of Human Rights and other international human rights standards. www.amnesty.org\",\"sameAs\":[\"http:\/\/www.amnesty.it\",\"https:\/\/www.facebook.com\/amnestyglobal\",\"https:\/\/x.com\/amnesty\"],\"url\":\"https:\/\/www.pressenza.com\/it\/author\/amnesty-international\/\"}]}<\/script>\n<!-- \/ Yoast SEO plugin. -->","yoast_head_json":{"title":"Rilasciare i prigionieri di coscienza in Egitto. Parlamentari europei e Usa scrivono ad al-Sisi","description":"Negli ultimi giorni,\u00a0almeno 278 parlamentari europei e statunitensi\u00a0hanno inviato\u00a0lettere pubbliche al presidente Abdelfattah al-Sisi\u00a0denunciando la","robots":{"index":"index","follow":"follow","max-snippet":"max-snippet:-1","max-image-preview":"max-image-preview:large","max-video-preview":"max-video-preview:-1"},"canonical":"https:\/\/www.pressenza.com\/it\/2020\/10\/rilasciare-i-prigionieri-di-coscienza-in-egitto-parlamentari-europei-e-usa-scrivono-ad-al-sisi\/","og_locale":"it_IT","og_type":"article","og_title":"Rilasciare i prigionieri di coscienza in Egitto. Parlamentari europei e Usa scrivono ad al-Sisi","og_description":"Negli ultimi giorni,\u00a0almeno 278 parlamentari europei e statunitensi\u00a0hanno inviato\u00a0lettere pubbliche al presidente Abdelfattah al-Sisi\u00a0denunciando la","og_url":"https:\/\/www.pressenza.com\/it\/2020\/10\/rilasciare-i-prigionieri-di-coscienza-in-egitto-parlamentari-europei-e-usa-scrivono-ad-al-sisi\/","og_site_name":"Pressenza","article_publisher":"https:\/\/www.facebook.com\/PressenzaItalia","article_author":"https:\/\/www.facebook.com\/amnestyglobal","article_published_time":"2020-10-22T13:41:40+00:00","article_modified_time":"2020-10-22T13:45:50+00:00","og_image":[{"width":641,"height":419,"url":"https:\/\/www.pressenza.com\/wp-content\/uploads\/2019\/10\/Abdel_Fatah_al-Sisi.jpg","type":"image\/jpeg"}],"author":"Amnesty International","twitter_card":"summary_large_image","twitter_creator":"@amnesty","twitter_site":"@PressenzaIPA","twitter_misc":{"Scritto da":"Amnesty International","Tempo di lettura stimato":"3 minuti"},"schema":{"@context":"https:\/\/schema.org","@graph":[{"@type":"Article","@id":"https:\/\/www.pressenza.com\/it\/2020\/10\/rilasciare-i-prigionieri-di-coscienza-in-egitto-parlamentari-europei-e-usa-scrivono-ad-al-sisi\/#article","isPartOf":{"@id":"https:\/\/www.pressenza.com\/it\/2020\/10\/rilasciare-i-prigionieri-di-coscienza-in-egitto-parlamentari-europei-e-usa-scrivono-ad-al-sisi\/"},"author":{"name":"Amnesty International","@id":"https:\/\/www.pressenza.com\/it\/#\/schema\/person\/9b981b05c7ecf09292e6acb3223b2d9d"},"headline":"Rilasciare i prigionieri di coscienza in Egitto. Parlamentari europei e Usa scrivono ad al-Sisi","datePublished":"2020-10-22T13:41:40+00:00","dateModified":"2020-10-22T13:45:50+00:00","mainEntityOfPage":{"@id":"https:\/\/www.pressenza.com\/it\/2020\/10\/rilasciare-i-prigionieri-di-coscienza-in-egitto-parlamentari-europei-e-usa-scrivono-ad-al-sisi\/"},"wordCount":554,"publisher":{"@id":"https:\/\/www.pressenza.com\/it\/#organization"},"image":{"@id":"https:\/\/www.pressenza.com\/it\/2020\/10\/rilasciare-i-prigionieri-di-coscienza-in-egitto-parlamentari-europei-e-usa-scrivono-ad-al-sisi\/#primaryimage"},"thumbnailUrl":"https:\/\/www.pressenza.com\/wp-content\/uploads\/2019\/10\/Abdel_Fatah_al-Sisi.jpg","keywords":["Al-Sisi","Egitto","lettera","parlamentari","prigionieri di coscienza","repressione"],"articleSection":["Comunicati Stampa","Diritti Umani","Internazionale"],"inLanguage":"it-IT"},{"@type":"WebPage","@id":"https:\/\/www.pressenza.com\/it\/2020\/10\/rilasciare-i-prigionieri-di-coscienza-in-egitto-parlamentari-europei-e-usa-scrivono-ad-al-sisi\/","url":"https:\/\/www.pressenza.com\/it\/2020\/10\/rilasciare-i-prigionieri-di-coscienza-in-egitto-parlamentari-europei-e-usa-scrivono-ad-al-sisi\/","name":"Rilasciare i prigionieri di coscienza in Egitto. Parlamentari europei e Usa scrivono ad al-Sisi","isPartOf":{"@id":"https:\/\/www.pressenza.com\/it\/#website"},"primaryImageOfPage":{"@id":"https:\/\/www.pressenza.com\/it\/2020\/10\/rilasciare-i-prigionieri-di-coscienza-in-egitto-parlamentari-europei-e-usa-scrivono-ad-al-sisi\/#primaryimage"},"image":{"@id":"https:\/\/www.pressenza.com\/it\/2020\/10\/rilasciare-i-prigionieri-di-coscienza-in-egitto-parlamentari-europei-e-usa-scrivono-ad-al-sisi\/#primaryimage"},"thumbnailUrl":"https:\/\/www.pressenza.com\/wp-content\/uploads\/2019\/10\/Abdel_Fatah_al-Sisi.jpg","datePublished":"2020-10-22T13:41:40+00:00","dateModified":"2020-10-22T13:45:50+00:00","description":"Negli ultimi giorni,\u00a0almeno 278 parlamentari europei e statunitensi\u00a0hanno inviato\u00a0lettere pubbliche al presidente Abdelfattah al-Sisi\u00a0denunciando la","breadcrumb":{"@id":"https:\/\/www.pressenza.com\/it\/2020\/10\/rilasciare-i-prigionieri-di-coscienza-in-egitto-parlamentari-europei-e-usa-scrivono-ad-al-sisi\/#breadcrumb"},"inLanguage":"it-IT","potentialAction":[{"@type":"ReadAction","target":["https:\/\/www.pressenza.com\/it\/2020\/10\/rilasciare-i-prigionieri-di-coscienza-in-egitto-parlamentari-europei-e-usa-scrivono-ad-al-sisi\/"]}]},{"@type":"ImageObject","inLanguage":"it-IT","@id":"https:\/\/www.pressenza.com\/it\/2020\/10\/rilasciare-i-prigionieri-di-coscienza-in-egitto-parlamentari-europei-e-usa-scrivono-ad-al-sisi\/#primaryimage","url":"https:\/\/www.pressenza.com\/wp-content\/uploads\/2019\/10\/Abdel_Fatah_al-Sisi.jpg","contentUrl":"https:\/\/www.pressenza.com\/wp-content\/uploads\/2019\/10\/Abdel_Fatah_al-Sisi.jpg","width":641,"height":419},{"@type":"BreadcrumbList","@id":"https:\/\/www.pressenza.com\/it\/2020\/10\/rilasciare-i-prigionieri-di-coscienza-in-egitto-parlamentari-europei-e-usa-scrivono-ad-al-sisi\/#breadcrumb","itemListElement":[{"@type":"ListItem","position":1,"name":"Accueil","item":"https:\/\/www.pressenza.com\/it\/"},{"@type":"ListItem","position":2,"name":"Rilasciare i prigionieri di coscienza in Egitto. Parlamentari europei e Usa scrivono ad al-Sisi"}]},{"@type":"WebSite","@id":"https:\/\/www.pressenza.com\/it\/#website","url":"https:\/\/www.pressenza.com\/it\/","name":"Pressenza","description":"Agenzia di Stampa Internazionale","publisher":{"@id":"https:\/\/www.pressenza.com\/it\/#organization"},"potentialAction":[{"@type":"SearchAction","target":{"@type":"EntryPoint","urlTemplate":"https:\/\/www.pressenza.com\/it\/?s={search_term_string}"},"query-input":{"@type":"PropertyValueSpecification","valueRequired":true,"valueName":"search_term_string"}}],"inLanguage":"it-IT"},{"@type":"Organization","@id":"https:\/\/www.pressenza.com\/it\/#organization","name":"Pressenza","url":"https:\/\/www.pressenza.com\/it\/","logo":{"@type":"ImageObject","inLanguage":"it-IT","@id":"https:\/\/www.pressenza.com\/it\/#\/schema\/logo\/image\/","url":"https:\/\/www.pressenza.com\/wp-content\/uploads\/2022\/10\/pressenza_logo_200x200.jpg","contentUrl":"https:\/\/www.pressenza.com\/wp-content\/uploads\/2022\/10\/pressenza_logo_200x200.jpg","width":200,"height":200,"caption":"Pressenza"},"image":{"@id":"https:\/\/www.pressenza.com\/it\/#\/schema\/logo\/image\/"},"sameAs":["https:\/\/www.facebook.com\/PressenzaItalia","https:\/\/x.com\/PressenzaIPA"]},{"@type":"Person","@id":"https:\/\/www.pressenza.com\/it\/#\/schema\/person\/9b981b05c7ecf09292e6acb3223b2d9d","name":"Amnesty International","description":"Amnesty International is a global movement of more than 3 million supporters, members and activists in over 150 countries and territories who campaign to end grave abuses of human rights. Our vision is for every person to enjoy all the rights enshrined in the Universal Declaration of Human Rights and other international human rights standards. www.amnesty.org","sameAs":["http:\/\/www.amnesty.it","https:\/\/www.facebook.com\/amnestyglobal","https:\/\/x.com\/amnesty"],"url":"https:\/\/www.pressenza.com\/it\/author\/amnesty-international\/"}]}},"place":"","original_article_url":"","_links":{"self":[{"href":"https:\/\/www.pressenza.com\/it\/wp-json\/wp\/v2\/posts\/1222928","targetHints":{"allow":["GET"]}}],"collection":[{"href":"https:\/\/www.pressenza.com\/it\/wp-json\/wp\/v2\/posts"}],"about":[{"href":"https:\/\/www.pressenza.com\/it\/wp-json\/wp\/v2\/types\/post"}],"author":[{"embeddable":true,"href":"https:\/\/www.pressenza.com\/it\/wp-json\/wp\/v2\/users\/432"}],"replies":[{"embeddable":true,"href":"https:\/\/www.pressenza.com\/it\/wp-json\/wp\/v2\/comments?post=1222928"}],"version-history":[{"count":0,"href":"https:\/\/www.pressenza.com\/it\/wp-json\/wp\/v2\/posts\/1222928\/revisions"}],"wp:featuredmedia":[{"embeddable":true,"href":"https:\/\/www.pressenza.com\/it\/wp-json\/wp\/v2\/media\/935157"}],"wp:attachment":[{"href":"https:\/\/www.pressenza.com\/it\/wp-json\/wp\/v2\/media?parent=1222928"}],"wp:term":[{"taxonomy":"category","embeddable":true,"href":"https:\/\/www.pressenza.com\/it\/wp-json\/wp\/v2\/categories?post=1222928"},{"taxonomy":"post_tag","embeddable":true,"href":"https:\/\/www.pressenza.com\/it\/wp-json\/wp\/v2\/tags?post=1222928"}],"curies":[{"name":"wp","href":"https:\/\/api.w.org\/{rel}","templated":true}]}}