{"id":1215847,"date":"2020-10-12T18:17:26","date_gmt":"2020-10-12T17:17:26","guid":{"rendered":"https:\/\/www.pressenza.com\/?p=1215847"},"modified":"2020-10-12T18:17:26","modified_gmt":"2020-10-12T17:17:26","slug":"llano-verde-la-comunita-che-ha-trasformato-il-dolore-in-guarigione","status":"publish","type":"post","link":"https:\/\/www.pressenza.com\/it\/2020\/10\/llano-verde-la-comunita-che-ha-trasformato-il-dolore-in-guarigione\/","title":{"rendered":"Llano Verde: la comunit\u00e0 che ha trasformato il dolore in guarigione"},"content":{"rendered":"<p>La Colombia, nel corso degli ultimi mesi, ha sperimentato un aumento del numero dei casi di omicidio perpetrati contro minorenni. Secondo i dati di Medicina Legale si sono registrati 245 casi tra gennaio e giugno di quest&#8217;anno.<\/p>\n<div>\n<p align=\"JUSTIFY\">Uno degli eventi maggiormente impressi nell&#8217;opinione pubblica \u00e8 &#8220;il massacro di Llano de Verde&#8221;, in cui, con una dinamica poco chiara, nello scorso mese di agosto cinque minori sono stati assassinati. L&#8217;indignazione e la tristezza generate da questa azione violenta si sono trasformate in perdono e riconciliazione.<\/p>\n<p align=\"JUSTIFY\">Vedi: <a href=\"https:\/\/voragine.co\/masacre-en-llano-verde-radiografia-de-un-asesino\/\">Masacre en Llano Verde: radiograf\u00eda de un asesino<\/a><\/p>\n<p align=\"JUSTIFY\">Llano Verde \u00e8 un quartiere che si trova alla periferia di Cali, nella sua estrema zona orientale, circondato da piantagioni di canna da zucchero e dalle acque del fiume Cauca. La sua popolazione \u00e8 costituita, per la maggior parte, da vittime di un dislocamento forzato provenienti da diversi luoghi della costa pacifica colombiana.<\/p>\n<p align=\"JUSTIFY\">Nel tragitto che conduce qui \u00e8 possibile rilevare i divari sociali, in termini di infrastrutture. Malgrado questo, la resilienza e la grinta dei suoi abitanti ha ispirato la realizzazione di murales che riflettono questa ricerca costante di opportunit\u00e0 di progresso, &#8220;finch\u00e9 la dignit\u00e0 diventi consuetudine&#8221;, si legge su uno dei muri.<\/p>\n<p align=\"JUSTIFY\">Il parco pi\u00f9 importante di questa comunit\u00e0 si \u00e8 trasformato nel teatro di una scommessa culturale, il cui intento era quello di attribuire un nuovo significato a quei luoghi flagellati dalla violenza. &#8220;Territorio di Verit\u00e0&#8221;, questo il nome dato a questa azione alla quale hanno partecipato tutti i cittadini uniti in un messaggio di speranza di fronte alle sofferenze.<\/p>\n<\/div>\n<p><img loading=\"lazy\" decoding=\"async\" class=\"aligncenter wp-image-1209667 size-large\" src=\"https:\/\/www.pressenza.com\/wp-content\/uploads\/2020\/10\/Llano_Verde_Movilizacion-720x479.jpg\" alt=\"Movilizaci\u00f3n de sanaci\u00f3n en Llano Verde\" width=\"720\" height=\"479\" srcset=\"https:\/\/www.pressenza.com\/wp-content\/uploads\/2020\/10\/Llano_Verde_Movilizacion-720x479.jpg 720w, https:\/\/www.pressenza.com\/wp-content\/uploads\/2020\/10\/Llano_Verde_Movilizacion-300x199.jpg 300w, https:\/\/www.pressenza.com\/wp-content\/uploads\/2020\/10\/Llano_Verde_Movilizacion-768x510.jpg 768w, https:\/\/www.pressenza.com\/wp-content\/uploads\/2020\/10\/Llano_Verde_Movilizacion.jpg 960w\" sizes=\"auto, (max-width: 720px) 100vw, 720px\" \/><\/p>\n<p align=\"JUSTIFY\">La giornata ha avuto inizio prima dell&#8217;alba. Alcuni oratori, tra i suoni della natura e dell&#8217;oceano Pacifico, avevano il compito di animare questo primo spazio di saluto al sole. I flauti e i tamburi, propri della cultura del Pacifico, hanno marcato il ritmo del tempo, mentre un fal\u00f2 si \u00e8 trasformato nel simbolo della fraternit\u00e0 e dell&#8217;unione.<\/p>\n<p align=\"JUSTIFY\">Tutta la mattina \u00e8 trascorsa tra balli e canti, finalizzati alla pulizia energetica della comunit\u00e0. Ai bambini e alle bambine sono state proposte attivit\u00e0 educative e dinamiche che hanno dato loro un tregua rispetto ai mesi di reclusione forzata che hanno vissuto.<\/p>\n<p align=\"JUSTIFY\">Uno dei momenti di maggior rilievo della serata \u00e8 stato il corteo fino al luogo in cui sono stati ritrovati i corpi dei cinque giovani, in quel fatidico 11 agosto. Una moltitudine ha imboccato le strade sterrate, i canti e la gioia erano palpabili. Era la prima volta a distanza di un mese che si arrivava in quel punto.<\/p>\n<p align=\"JUSTIFY\">Striscioni con i volti dei ragazzi uccisi e frasi che invitavano alla pace erano parte di quel messaggio di perdono che si stava esprimendo di fronte al Paese. L&#8217;arrivo non \u00e8 stato privo d&#8217;emozione; i volti dei presenti erano costernati per la portata degli eventi.<\/p>\n<p align=\"JUSTIFY\">I famigliari hanno preso la parola per esprimere il loro messaggi, tutti avevano in comune la frase: &#8220;I nostri morti contano&#8221;. Simultaneamente \u00e8 stato acceso un fal\u00f2 che indicava l&#8217;inizio dei canti per dire addio a Juan Manuel, Leyder, Jean Paul, Jair Andr\u00e9s y Alvaro Jos\u00e9.<\/p>\n<p><img loading=\"lazy\" decoding=\"async\" class=\"aligncenter wp-image-1209687 size-full\" src=\"https:\/\/www.pressenza.com\/wp-content\/uploads\/2020\/10\/Jovenes_Llano_Verde-1.jpg\" alt=\"J\u00f3venes asesinados en Llano Verde\" width=\"680\" height=\"680\" srcset=\"https:\/\/www.pressenza.com\/wp-content\/uploads\/2020\/10\/Jovenes_Llano_Verde-1.jpg 680w, https:\/\/www.pressenza.com\/wp-content\/uploads\/2020\/10\/Jovenes_Llano_Verde-1-300x300.jpg 300w, https:\/\/www.pressenza.com\/wp-content\/uploads\/2020\/10\/Jovenes_Llano_Verde-1-150x150.jpg 150w\" sizes=\"auto, (max-width: 680px) 100vw, 680px\" \/><\/p>\n<p>&nbsp;<\/p>\n<p align=\"JUSTIFY\">&#8220;La Colombia vuole la pace, nulla \u00e8 pi\u00f9 importante della vita e della libert\u00e0. Pace per la Colombia. La Colombia vuole la pace&#8221;, cantavano i presenti.<\/p>\n<p align=\"JUSTIFY\">Queste azioni fanno parte di vari rituali di guarigione propri della cultura afro-colombiana. Le avversit\u00e0 e i momenti difficili si trasformano in motivi di unione per questa comunit\u00e0, che oggi continua a dimostrare la sua resilienza e il suo impegno per costruire la pace e la convivenza.<\/p>\n<p><b>Di Jorge Escobar Banderas<\/b><\/p>\n<p>&nbsp;<\/p>\n<p><em>Traduzione dallo spagnolo di Manuela Donati<\/em><\/p>\n","protected":false},"excerpt":{"rendered":"<p>La Colombia, nel corso degli ultimi mesi, ha sperimentato un aumento del numero dei casi di omicidio perpetrati contro minorenni. Secondo i dati di Medicina Legale si sono registrati 245 casi tra gennaio e giugno di quest&#8217;anno. Uno degli eventi&hellip;<\/p>\n","protected":false},"author":1053,"featured_media":1209662,"comment_status":"closed","ping_status":"closed","sticky":false,"template":"","format":"standard","meta":{"footnotes":""},"categories":[11388,60,1262,1263,48],"tags":[80738,1563,82601,80739,82602,80740],"class_list":["post-1215847","post","type-post","status-publish","format-standard","has-post-thumbnail","hentry","category-contenuti-originali","category-diritti-umani","category-nonviolenza-argomento","category-pace-disarmo","category-sud-america","tag-cali-it","tag-colombia-it","tag-jovenes-it","tag-llano-verde-it","tag-masacre-it","tag-valle-del-cauca-it"],"yoast_head":"<!-- This site is optimized with the Yoast SEO plugin v27.1.1 - https:\/\/yoast.com\/product\/yoast-seo-wordpress\/ -->\n<title>Llano Verde: la comunit\u00e0 che ha trasformato il dolore in guarigione<\/title>\n<meta name=\"description\" content=\"La Colombia, nel corso degli ultimi mesi, ha sperimentato un aumento del numero dei casi di omicidio perpetrati contro minorenni. Secondo i dati di\" \/>\n<meta name=\"robots\" content=\"index, follow, max-snippet:-1, max-image-preview:large, max-video-preview:-1\" \/>\n<link rel=\"canonical\" href=\"https:\/\/www.pressenza.com\/it\/2020\/10\/llano-verde-la-comunita-che-ha-trasformato-il-dolore-in-guarigione\/\" \/>\n<meta property=\"og:locale\" content=\"it_IT\" \/>\n<meta property=\"og:type\" content=\"article\" \/>\n<meta property=\"og:title\" content=\"Llano Verde: la comunit\u00e0 che ha trasformato il dolore in guarigione\" \/>\n<meta property=\"og:description\" content=\"La Colombia, nel corso degli ultimi mesi, ha sperimentato un aumento del numero dei casi di omicidio perpetrati contro minorenni. Secondo i dati di\" \/>\n<meta property=\"og:url\" content=\"https:\/\/www.pressenza.com\/it\/2020\/10\/llano-verde-la-comunita-che-ha-trasformato-il-dolore-in-guarigione\/\" \/>\n<meta property=\"og:site_name\" content=\"Pressenza\" \/>\n<meta property=\"article:publisher\" content=\"https:\/\/www.facebook.com\/PressenzaItalia\" \/>\n<meta property=\"article:published_time\" content=\"2020-10-12T17:17:26+00:00\" \/>\n<meta property=\"og:image\" content=\"https:\/\/www.pressenza.com\/wp-content\/uploads\/2020\/10\/Llano_Verde_Territorio_Verdad.jpg\" \/>\n\t<meta property=\"og:image:width\" content=\"960\" \/>\n\t<meta property=\"og:image:height\" content=\"960\" \/>\n\t<meta property=\"og:image:type\" content=\"image\/jpeg\" \/>\n<meta name=\"author\" content=\"Redacci\u00f3n Colombia\" \/>\n<meta name=\"twitter:card\" content=\"summary_large_image\" \/>\n<meta name=\"twitter:creator\" content=\"@PressenzaIPA\" \/>\n<meta name=\"twitter:site\" content=\"@PressenzaIPA\" \/>\n<meta name=\"twitter:label1\" content=\"Scritto da\" \/>\n\t<meta name=\"twitter:data1\" content=\"Redacci\u00f3n Colombia\" \/>\n\t<meta name=\"twitter:label2\" content=\"Tempo di lettura stimato\" \/>\n\t<meta name=\"twitter:data2\" content=\"3 minuti\" \/>\n<script type=\"application\/ld+json\" class=\"yoast-schema-graph\">{\"@context\":\"https:\/\/schema.org\",\"@graph\":[{\"@type\":\"Article\",\"@id\":\"https:\/\/www.pressenza.com\/it\/2020\/10\/llano-verde-la-comunita-che-ha-trasformato-il-dolore-in-guarigione\/#article\",\"isPartOf\":{\"@id\":\"https:\/\/www.pressenza.com\/it\/2020\/10\/llano-verde-la-comunita-che-ha-trasformato-il-dolore-in-guarigione\/\"},\"author\":{\"name\":\"Redacci\u00f3n Colombia\",\"@id\":\"https:\/\/www.pressenza.com\/it\/#\/schema\/person\/7c8ee170a4502d638436c91e385315f2\"},\"headline\":\"Llano Verde: la comunit\u00e0 che ha trasformato il dolore in guarigione\",\"datePublished\":\"2020-10-12T17:17:26+00:00\",\"mainEntityOfPage\":{\"@id\":\"https:\/\/www.pressenza.com\/it\/2020\/10\/llano-verde-la-comunita-che-ha-trasformato-il-dolore-in-guarigione\/\"},\"wordCount\":599,\"publisher\":{\"@id\":\"https:\/\/www.pressenza.com\/it\/#organization\"},\"image\":{\"@id\":\"https:\/\/www.pressenza.com\/it\/2020\/10\/llano-verde-la-comunita-che-ha-trasformato-il-dolore-in-guarigione\/#primaryimage\"},\"thumbnailUrl\":\"https:\/\/www.pressenza.com\/wp-content\/uploads\/2020\/10\/Llano_Verde_Territorio_Verdad.jpg\",\"keywords\":[\"Cali\",\"Colombia\",\"j\u00f3venes\",\"Llano Verde\",\"masacre\",\"Valle del Cauca\"],\"articleSection\":[\"contenuti originali\",\"Diritti Umani\",\"Nonviolenza\",\"Pace e Disarmo\",\"Sud America\"],\"inLanguage\":\"it-IT\"},{\"@type\":\"WebPage\",\"@id\":\"https:\/\/www.pressenza.com\/it\/2020\/10\/llano-verde-la-comunita-che-ha-trasformato-il-dolore-in-guarigione\/\",\"url\":\"https:\/\/www.pressenza.com\/it\/2020\/10\/llano-verde-la-comunita-che-ha-trasformato-il-dolore-in-guarigione\/\",\"name\":\"Llano Verde: la comunit\u00e0 che ha trasformato il dolore in guarigione\",\"isPartOf\":{\"@id\":\"https:\/\/www.pressenza.com\/it\/#website\"},\"primaryImageOfPage\":{\"@id\":\"https:\/\/www.pressenza.com\/it\/2020\/10\/llano-verde-la-comunita-che-ha-trasformato-il-dolore-in-guarigione\/#primaryimage\"},\"image\":{\"@id\":\"https:\/\/www.pressenza.com\/it\/2020\/10\/llano-verde-la-comunita-che-ha-trasformato-il-dolore-in-guarigione\/#primaryimage\"},\"thumbnailUrl\":\"https:\/\/www.pressenza.com\/wp-content\/uploads\/2020\/10\/Llano_Verde_Territorio_Verdad.jpg\",\"datePublished\":\"2020-10-12T17:17:26+00:00\",\"description\":\"La Colombia, nel corso degli ultimi mesi, ha sperimentato un aumento del numero dei casi di omicidio perpetrati contro minorenni. Secondo i dati di\",\"breadcrumb\":{\"@id\":\"https:\/\/www.pressenza.com\/it\/2020\/10\/llano-verde-la-comunita-che-ha-trasformato-il-dolore-in-guarigione\/#breadcrumb\"},\"inLanguage\":\"it-IT\",\"potentialAction\":[{\"@type\":\"ReadAction\",\"target\":[\"https:\/\/www.pressenza.com\/it\/2020\/10\/llano-verde-la-comunita-che-ha-trasformato-il-dolore-in-guarigione\/\"]}]},{\"@type\":\"ImageObject\",\"inLanguage\":\"it-IT\",\"@id\":\"https:\/\/www.pressenza.com\/it\/2020\/10\/llano-verde-la-comunita-che-ha-trasformato-il-dolore-in-guarigione\/#primaryimage\",\"url\":\"https:\/\/www.pressenza.com\/wp-content\/uploads\/2020\/10\/Llano_Verde_Territorio_Verdad.jpg\",\"contentUrl\":\"https:\/\/www.pressenza.com\/wp-content\/uploads\/2020\/10\/Llano_Verde_Territorio_Verdad.jpg\",\"width\":960,\"height\":960,\"caption\":\"Ritual de Sanaci\u00f3n Masacre Llano Verde\"},{\"@type\":\"BreadcrumbList\",\"@id\":\"https:\/\/www.pressenza.com\/it\/2020\/10\/llano-verde-la-comunita-che-ha-trasformato-il-dolore-in-guarigione\/#breadcrumb\",\"itemListElement\":[{\"@type\":\"ListItem\",\"position\":1,\"name\":\"Accueil\",\"item\":\"https:\/\/www.pressenza.com\/it\/\"},{\"@type\":\"ListItem\",\"position\":2,\"name\":\"Llano Verde: la comunit\u00e0 che ha trasformato il dolore in guarigione\"}]},{\"@type\":\"WebSite\",\"@id\":\"https:\/\/www.pressenza.com\/it\/#website\",\"url\":\"https:\/\/www.pressenza.com\/it\/\",\"name\":\"Pressenza\",\"description\":\"Agenzia di Stampa Internazionale\",\"publisher\":{\"@id\":\"https:\/\/www.pressenza.com\/it\/#organization\"},\"potentialAction\":[{\"@type\":\"SearchAction\",\"target\":{\"@type\":\"EntryPoint\",\"urlTemplate\":\"https:\/\/www.pressenza.com\/it\/?s={search_term_string}\"},\"query-input\":{\"@type\":\"PropertyValueSpecification\",\"valueRequired\":true,\"valueName\":\"search_term_string\"}}],\"inLanguage\":\"it-IT\"},{\"@type\":\"Organization\",\"@id\":\"https:\/\/www.pressenza.com\/it\/#organization\",\"name\":\"Pressenza\",\"url\":\"https:\/\/www.pressenza.com\/it\/\",\"logo\":{\"@type\":\"ImageObject\",\"inLanguage\":\"it-IT\",\"@id\":\"https:\/\/www.pressenza.com\/it\/#\/schema\/logo\/image\/\",\"url\":\"https:\/\/www.pressenza.com\/wp-content\/uploads\/2022\/10\/pressenza_logo_200x200.jpg\",\"contentUrl\":\"https:\/\/www.pressenza.com\/wp-content\/uploads\/2022\/10\/pressenza_logo_200x200.jpg\",\"width\":200,\"height\":200,\"caption\":\"Pressenza\"},\"image\":{\"@id\":\"https:\/\/www.pressenza.com\/it\/#\/schema\/logo\/image\/\"},\"sameAs\":[\"https:\/\/www.facebook.com\/PressenzaItalia\",\"https:\/\/x.com\/PressenzaIPA\"]},{\"@type\":\"Person\",\"@id\":\"https:\/\/www.pressenza.com\/it\/#\/schema\/person\/7c8ee170a4502d638436c91e385315f2\",\"name\":\"Redacci\u00f3n Colombia\",\"description\":\"News published by the Pressenza bureau in Colombia\",\"url\":\"https:\/\/www.pressenza.com\/it\/author\/redaccion-colombia\/\"}]}<\/script>\n<!-- \/ Yoast SEO plugin. -->","yoast_head_json":{"title":"Llano Verde: la comunit\u00e0 che ha trasformato il dolore in guarigione","description":"La Colombia, nel corso degli ultimi mesi, ha sperimentato un aumento del numero dei casi di omicidio perpetrati contro minorenni. Secondo i dati di","robots":{"index":"index","follow":"follow","max-snippet":"max-snippet:-1","max-image-preview":"max-image-preview:large","max-video-preview":"max-video-preview:-1"},"canonical":"https:\/\/www.pressenza.com\/it\/2020\/10\/llano-verde-la-comunita-che-ha-trasformato-il-dolore-in-guarigione\/","og_locale":"it_IT","og_type":"article","og_title":"Llano Verde: la comunit\u00e0 che ha trasformato il dolore in guarigione","og_description":"La Colombia, nel corso degli ultimi mesi, ha sperimentato un aumento del numero dei casi di omicidio perpetrati contro minorenni. Secondo i dati di","og_url":"https:\/\/www.pressenza.com\/it\/2020\/10\/llano-verde-la-comunita-che-ha-trasformato-il-dolore-in-guarigione\/","og_site_name":"Pressenza","article_publisher":"https:\/\/www.facebook.com\/PressenzaItalia","article_published_time":"2020-10-12T17:17:26+00:00","og_image":[{"width":960,"height":960,"url":"https:\/\/www.pressenza.com\/wp-content\/uploads\/2020\/10\/Llano_Verde_Territorio_Verdad.jpg","type":"image\/jpeg"}],"author":"Redacci\u00f3n Colombia","twitter_card":"summary_large_image","twitter_creator":"@PressenzaIPA","twitter_site":"@PressenzaIPA","twitter_misc":{"Scritto da":"Redacci\u00f3n Colombia","Tempo di lettura stimato":"3 minuti"},"schema":{"@context":"https:\/\/schema.org","@graph":[{"@type":"Article","@id":"https:\/\/www.pressenza.com\/it\/2020\/10\/llano-verde-la-comunita-che-ha-trasformato-il-dolore-in-guarigione\/#article","isPartOf":{"@id":"https:\/\/www.pressenza.com\/it\/2020\/10\/llano-verde-la-comunita-che-ha-trasformato-il-dolore-in-guarigione\/"},"author":{"name":"Redacci\u00f3n Colombia","@id":"https:\/\/www.pressenza.com\/it\/#\/schema\/person\/7c8ee170a4502d638436c91e385315f2"},"headline":"Llano Verde: la comunit\u00e0 che ha trasformato il dolore in guarigione","datePublished":"2020-10-12T17:17:26+00:00","mainEntityOfPage":{"@id":"https:\/\/www.pressenza.com\/it\/2020\/10\/llano-verde-la-comunita-che-ha-trasformato-il-dolore-in-guarigione\/"},"wordCount":599,"publisher":{"@id":"https:\/\/www.pressenza.com\/it\/#organization"},"image":{"@id":"https:\/\/www.pressenza.com\/it\/2020\/10\/llano-verde-la-comunita-che-ha-trasformato-il-dolore-in-guarigione\/#primaryimage"},"thumbnailUrl":"https:\/\/www.pressenza.com\/wp-content\/uploads\/2020\/10\/Llano_Verde_Territorio_Verdad.jpg","keywords":["Cali","Colombia","j\u00f3venes","Llano Verde","masacre","Valle del Cauca"],"articleSection":["contenuti originali","Diritti Umani","Nonviolenza","Pace e Disarmo","Sud America"],"inLanguage":"it-IT"},{"@type":"WebPage","@id":"https:\/\/www.pressenza.com\/it\/2020\/10\/llano-verde-la-comunita-che-ha-trasformato-il-dolore-in-guarigione\/","url":"https:\/\/www.pressenza.com\/it\/2020\/10\/llano-verde-la-comunita-che-ha-trasformato-il-dolore-in-guarigione\/","name":"Llano Verde: la comunit\u00e0 che ha trasformato il dolore in guarigione","isPartOf":{"@id":"https:\/\/www.pressenza.com\/it\/#website"},"primaryImageOfPage":{"@id":"https:\/\/www.pressenza.com\/it\/2020\/10\/llano-verde-la-comunita-che-ha-trasformato-il-dolore-in-guarigione\/#primaryimage"},"image":{"@id":"https:\/\/www.pressenza.com\/it\/2020\/10\/llano-verde-la-comunita-che-ha-trasformato-il-dolore-in-guarigione\/#primaryimage"},"thumbnailUrl":"https:\/\/www.pressenza.com\/wp-content\/uploads\/2020\/10\/Llano_Verde_Territorio_Verdad.jpg","datePublished":"2020-10-12T17:17:26+00:00","description":"La Colombia, nel corso degli ultimi mesi, ha sperimentato un aumento del numero dei casi di omicidio perpetrati contro minorenni. Secondo i dati di","breadcrumb":{"@id":"https:\/\/www.pressenza.com\/it\/2020\/10\/llano-verde-la-comunita-che-ha-trasformato-il-dolore-in-guarigione\/#breadcrumb"},"inLanguage":"it-IT","potentialAction":[{"@type":"ReadAction","target":["https:\/\/www.pressenza.com\/it\/2020\/10\/llano-verde-la-comunita-che-ha-trasformato-il-dolore-in-guarigione\/"]}]},{"@type":"ImageObject","inLanguage":"it-IT","@id":"https:\/\/www.pressenza.com\/it\/2020\/10\/llano-verde-la-comunita-che-ha-trasformato-il-dolore-in-guarigione\/#primaryimage","url":"https:\/\/www.pressenza.com\/wp-content\/uploads\/2020\/10\/Llano_Verde_Territorio_Verdad.jpg","contentUrl":"https:\/\/www.pressenza.com\/wp-content\/uploads\/2020\/10\/Llano_Verde_Territorio_Verdad.jpg","width":960,"height":960,"caption":"Ritual de Sanaci\u00f3n Masacre Llano Verde"},{"@type":"BreadcrumbList","@id":"https:\/\/www.pressenza.com\/it\/2020\/10\/llano-verde-la-comunita-che-ha-trasformato-il-dolore-in-guarigione\/#breadcrumb","itemListElement":[{"@type":"ListItem","position":1,"name":"Accueil","item":"https:\/\/www.pressenza.com\/it\/"},{"@type":"ListItem","position":2,"name":"Llano Verde: la comunit\u00e0 che ha trasformato il dolore in guarigione"}]},{"@type":"WebSite","@id":"https:\/\/www.pressenza.com\/it\/#website","url":"https:\/\/www.pressenza.com\/it\/","name":"Pressenza","description":"Agenzia di Stampa Internazionale","publisher":{"@id":"https:\/\/www.pressenza.com\/it\/#organization"},"potentialAction":[{"@type":"SearchAction","target":{"@type":"EntryPoint","urlTemplate":"https:\/\/www.pressenza.com\/it\/?s={search_term_string}"},"query-input":{"@type":"PropertyValueSpecification","valueRequired":true,"valueName":"search_term_string"}}],"inLanguage":"it-IT"},{"@type":"Organization","@id":"https:\/\/www.pressenza.com\/it\/#organization","name":"Pressenza","url":"https:\/\/www.pressenza.com\/it\/","logo":{"@type":"ImageObject","inLanguage":"it-IT","@id":"https:\/\/www.pressenza.com\/it\/#\/schema\/logo\/image\/","url":"https:\/\/www.pressenza.com\/wp-content\/uploads\/2022\/10\/pressenza_logo_200x200.jpg","contentUrl":"https:\/\/www.pressenza.com\/wp-content\/uploads\/2022\/10\/pressenza_logo_200x200.jpg","width":200,"height":200,"caption":"Pressenza"},"image":{"@id":"https:\/\/www.pressenza.com\/it\/#\/schema\/logo\/image\/"},"sameAs":["https:\/\/www.facebook.com\/PressenzaItalia","https:\/\/x.com\/PressenzaIPA"]},{"@type":"Person","@id":"https:\/\/www.pressenza.com\/it\/#\/schema\/person\/7c8ee170a4502d638436c91e385315f2","name":"Redacci\u00f3n Colombia","description":"News published by the Pressenza bureau in Colombia","url":"https:\/\/www.pressenza.com\/it\/author\/redaccion-colombia\/"}]}},"place":"Cali","original_article_url":"","_links":{"self":[{"href":"https:\/\/www.pressenza.com\/it\/wp-json\/wp\/v2\/posts\/1215847","targetHints":{"allow":["GET"]}}],"collection":[{"href":"https:\/\/www.pressenza.com\/it\/wp-json\/wp\/v2\/posts"}],"about":[{"href":"https:\/\/www.pressenza.com\/it\/wp-json\/wp\/v2\/types\/post"}],"author":[{"embeddable":true,"href":"https:\/\/www.pressenza.com\/it\/wp-json\/wp\/v2\/users\/1053"}],"replies":[{"embeddable":true,"href":"https:\/\/www.pressenza.com\/it\/wp-json\/wp\/v2\/comments?post=1215847"}],"version-history":[{"count":0,"href":"https:\/\/www.pressenza.com\/it\/wp-json\/wp\/v2\/posts\/1215847\/revisions"}],"wp:featuredmedia":[{"embeddable":true,"href":"https:\/\/www.pressenza.com\/it\/wp-json\/wp\/v2\/media\/1209662"}],"wp:attachment":[{"href":"https:\/\/www.pressenza.com\/it\/wp-json\/wp\/v2\/media?parent=1215847"}],"wp:term":[{"taxonomy":"category","embeddable":true,"href":"https:\/\/www.pressenza.com\/it\/wp-json\/wp\/v2\/categories?post=1215847"},{"taxonomy":"post_tag","embeddable":true,"href":"https:\/\/www.pressenza.com\/it\/wp-json\/wp\/v2\/tags?post=1215847"}],"curies":[{"name":"wp","href":"https:\/\/api.w.org\/{rel}","templated":true}]}}