{"id":1213125,"date":"2020-10-09T16:42:50","date_gmt":"2020-10-09T15:42:50","guid":{"rendered":"https:\/\/www.pressenza.com\/?p=1213125"},"modified":"2020-10-09T16:56:31","modified_gmt":"2020-10-09T15:56:31","slug":"la-guerra-tra-armenia-e-azerbaigian","status":"publish","type":"post","link":"https:\/\/www.pressenza.com\/it\/2020\/10\/la-guerra-tra-armenia-e-azerbaigian\/","title":{"rendered":"La guerra tra Armenia e Azerbaigian"},"content":{"rendered":"<p>Avete mai sentito parlare del Nagorno-Karabakh? Probabilmente quasi tutti ne hanno sempre ignorato l&#8217;esistenza. \u00c8 roba da specialisti della geopolitica, di quei pezzi di terra che scopriamo casualmente girovagando su Wikipedia. In questo piccolo lembo di superficie a cavallo tra la Turchia, la Russia e soprattutto l&#8217;Armenia e l&#8217;Azerbaigian, si sta consumando una grave crisi militare, i cui risvolti sconfinano negli intricati rapporti delle alleanze internazionali. Il Nagorno-Karabakh \u00e8 una regione formalmente sotto il controllo dell&#8217;Azerbaigian, ma che di fatto \u00e8 governato dai separatisti armeni (gli armeni costituiscono il 98% della popolazione del territorio).<\/p>\n<p><strong>Gli scontri al confine<\/strong><\/p>\n<p>Il 28 settembre <a href=\"https:\/\/www.ilfattoquotidiano.it\/2020\/09\/29\/nagorno-karabakh-il-conflitto-tra-armenia-e-azerbaijan-rischia-di-replicare-lo-schema-siria\/5947495\/\">sono iniziati<\/a> scontri armati tra le truppe azere e quelle armene nella regione. Il <em>casus belli <\/em>\u00e8 ancora ignoto, e non si sa neppure chi abbia cominciato. Quello che \u00e8 certo \u00e8 che l&#8217;escalation che \u00e8 susseguita \u00e8 stata immediata e piuttosto violenta. <a href=\"https:\/\/www.corriere.it\/esteri\/20_ottobre_04\/nagorno-karabakh-guerra-armeni-azeri-missili-citta-ca01ebc4-0672-11eb-a2e0-350f742b3f9d.shtml\">Il bilancio delle vittime<\/a> \u00e8 gi\u00e0 salito a 200 morti, di cui 18 civili. Dai bombardamenti di trincea, s\u2019\u00e8 passati ai missili a largo raggio.\u00a0Dalle cannonate sui villaggi, ora la mira va fino al territorio nemico, ai grandi abitati dentro i confini dell\u2019Azerbaigian e dell\u2019Armenia. Non vengono risparmiati ospedali e scuole, nessuno dei due schieramenti sembra voler cedere.<\/p>\n<p>I razzi armeni di fabbricazione russa piovono su Ganja, la seconda citt\u00e0 azera<strong>,<\/strong>\u00a0(330mila abitanti) e la gente si ripara nello <em>Scudo dell\u2019Asia<\/em> (sotterranei risalenti all&#8217;impero ottomano, che nella leggenda \u00e8 il rifugio dei periodi pi\u00f9 drammatici). Sulla collina di Stepanakert, capitale semi-ufficiale del Nagorno-Karabakh , le donne armene preparano le scorte di focacce per la popolazione. La Croce Rossa <a href=\"https:\/\/www.redattoresociale.it\/article\/notiziario\/armenia-azerbaigian_la_croce_rossa_condanna_i_bombardamenti_sui_civili\">ha denunciato<\/a> i bombardamenti da ambo le parti come &#8220;indiscriminati sui civili&#8221;. I due Stati si accusano a vicenda, addossandosi la colpa di aver iniziato il conflitto. L&#8217;Armenia rivendica la regione, ribattezzata Repubblica dell&#8217;Artsakh, per via della presenza quasi totale di armeni, in nome del principio di autodeterminazione dei popoli. L&#8217;Azerbaigian, al contrario, accusa l&#8217;Armenia di aver invaso violentemente il Nagorno-Karabakh, che \u00e8 a tutti gli effetti parte della Repubblica dell&#8217;Azerbaigian.<\/p>\n<p><strong>Alle radici del conflitto<\/strong><\/p>\n<p>Il conflitto nel Nagorno-Karabakh non \u00e8 una novit\u00e0 dell&#8217;ultima ora. <a href=\"https:\/\/www.bbc.com\/news\/world-europe-54324772\">Gi\u00e0 nel 2016 vi erano stati<\/a> scontri piuttosto violenti che portarono alla morte di dozzine di militari da entrambi le parti, oltre alla piccola ma significativa escalation di luglio di quest&#8217;anno. La disputa sul Nagorno-Karabakh \u00e8 solo la punta dell&#8217;iceberg di un odio viscerale che i due popoli nutrono da secoli nei confronti dell&#8217;altro. Gli armeni considerano da sempre gli azeri come una manica di rozzi incivili, la peggior versione dei turchi. Gli azeri vedono negli armeni una massa di aggressori e oppressori senza radici, che si sono insediati in quelle terre in modo illegittimo. Lo scontro ha dato adito allo sciovinismo pi\u00f9 spinto da entrambe le parti, e ha riportato a galla una storia millenaria, ma che ha raggiunto un punto di svolta agli albori della prima guerra mondiale e alla nascita dell&#8217;URSS.<\/p>\n<p>Nel 1921 le autorit\u00e0\u00a0sovietiche unirono la regione del Nagorno-Karabakh, abitata in prevalenza da armeni, all&#8217;Azerbaigian. Dopo il crollo dell\u2019Urss nel 1991, gli armeni della regione votarono per l\u2019indipendenza con un referendum boicottato dall&#8217;Azerbaigian. I separatisti sostenuti da Yerevan\u00a0ne assunsero il controllo, con una guerra che ha causato 30.000 morti (soprattutto sul fronte azero) e migliaia di sfollati. Da allora il Nagorno-Karabakh si definisce uno stato indipendente col nome di\u00a0<strong>Repubblica dell\u2019Artsakh<\/strong>, la cui capitale \u00e8 Stepanakert, ma che non \u00e8 riconosciuto a livello internazionale e che neanche l&#8217;Armenia riconosce.<\/p>\n<p>Ad un fragile cessate-il-fuoco raggiunto nel 1994 grazie alla mediazione di russi, francesi e americani del\u00a0<em>Gruppo di Minsk<\/em> (creato appositamente nei primi anni &#8217;90 per gestire la guerra fra i Paesi), non \u00e8 seguito nessun progresso nei negoziati di pace portati avanti dall\u2019Osce, in stallo fin dal primo giorno.\u00a0L&#8217;Armenia ha accusato a pi\u00f9 riprese l&#8217;Azerbaigian per le responsabilit\u00e0 nel <a href=\"https:\/\/it.wikipedia.org\/wiki\/Genocidio_armeno\">genocidio armeno del 1915<\/a> (mai riconosciuto dall&#8217;Azerbaigian) e per il massacro etnico nel Nakichevan del 1918 (dove in realt\u00e0 ci fu una pulizia etnica sistematica da entrambe le parti, soprattutto perpetrata dagli armeni nei confronti di oltre 250000 azeri). Anche durante la guerra degli anni &#8217;80 e &#8217;90, moltissimi armeni furono costretti a fuggire da Baku (oltre 1 milione di persone) e i restanti furono vittime di persecuzione da parte delle autorit\u00e0 azere. Le accuse di pulizia etnica sono state formulate anche dall&#8217;Azerbaigian nei confronti dell&#8217;Armenia, in particolare per il gi\u00e0 sopracitato Nakichevan e per la <a href=\"http:\/\/www.virtualkarabakh.az\/en\/post-item\/3\/29\/ethnic-cleansing-against-azerbaijanis.html\">pulizia etnica del biennio 1988-1989<\/a>, in cui furono cacciati oltre 250000 azeri e 18000 curdi dall&#8217;Armenia.<\/p>\n<p><strong>Un nuovo teatro internazionale<\/strong><\/p>\n<p>Come sempre accade, le guerre regionali non sono mai solo guerre regionali. Non appena il conflitto si \u00e8 riacceso, sono entrate in gioco le potenze mondiali. La Turchia in primis, che con l&#8217;Azeirbaigian ha un rapporto di fratellanza molto stretto, si \u00e8 schierata al fianco di Baku e si \u00e8 detta disposta a tutto pur di difenderne l&#8217;integrit\u00e0 territoriale. Lo stesso Presidente dell&#8217;Azeibaigian Ilham Aliev <a href=\"https:\/\/www.dailysabah.com\/politics\/diplomacy\/azerbaijani-president-aliyev-thanks-turkey-for-support-against-armenia\">ha affermato<\/a> pi\u00f9 volte che Turchia e Azerbaigian sono &#8220;Un&#8217;unica nazione, ma con due Stati&#8221;. La mossa di Ankara non pu\u00f2 essere considerata solo un&#8217;azione fraterna, ma si inserisce nel piano strategico di espansione pan-turkista che va avanti ormai da anni, e che vede nel Nagorno-Karabakh un nuovo centro di influenza geopolitica e religiosa.<\/p>\n<p>Dopo la Siria, Libia, Grecia e Cipro, anche l&#8217;Azerbaigian \u00e8 un nodo della rete di influenza musulmana che la Turchia sta cercando di esercitare in nome dell&#8217;egemonia nella regione, il cosiddetto <a href=\"https:\/\/www.babilonmagazine.it\/turchia-erdogan-neo-ottomanesimo\/\"><em>Neo-Ottomanesimo<\/em><\/a><em>. <\/em>L&#8217;Azeirbaigian \u00e8 anche uno Stato molto ricco di risorse naturali, e la regione del Nagorno-Karabakh \u00e8 un crocevia degli oleodotti che riforniscono di petrolio e gas i principali mercati mondiali. Non sorprende quindi che la Turchia, con una situazione economica in bilico, con un deficit commerciale di oltre 2 miliardi di euro con il resto del mondo e con l&#8217;accordo energetico con la Russia che scade il prossimo anno (che prevede che Ankara si rifornisca esclusivamente dal Cremlino) abbia subito approfittato del conflitto.<\/p>\n<p>Dall&#8217;altra parte l&#8217;Armenia <a href=\"https:\/\/www.startmag.it\/mondo\/nagorno-karabakh-come-si-schierano-turchia-israele-e-russia-tra-azerbaijan-e-armenia\/\">\u00e8 sostenuta dall&#8217;Occidente cristiano, ma anche dall&#8217;Iran in funziona anti-israeliana<\/a>. Israele infatti ha un rapporto commerciale molto stretto con l&#8217;Azerbaigian, e si serve di Baku come avamposto contro Teheran. La Russia \u00e8 formalmente alleata dell&#8217;Armenia, non solo per la fratellanza slava-ortodossa, ma per la comune appartenenza al CSTO (Collective Security Treaty Organization), una sorta di NATO post-sovietica che obbliga gli Stati aderenti ad intervenire a difesa degli altri nel caso di conflitti armati, per il principio di <em>difesa collettiva. <\/em>Tuttavia Mosca sta cercando di agire da mediatore, per via del fatto che ha ottimi rapporti economici con l&#8217;Azeibaigian. Quest&#8217;ultimo ha accusato l&#8217;Armenia di aver reclutato mercenari tra i separatisti curdi del PKK\/YPG. L&#8217;Armenia ha attaccato a sua volta Baku asserendo che abbia reclutato combattenti tra le fila dei jihadisti e delle organizzazioni fondamentaliste: una tattica gi\u00e0 sperimentata in Siria ed in Libia. Gli Stati Uniti, nel frattempo, dopo aver abbandonato l&#8217;area da diversi anni, sembrano non voler intervenire nel conflitto.<\/p>\n<p><strong>Prospettive future<\/strong><\/p>\n<p>In tanti hanno provato in questi decenni a stabilire una pace stabile e duratura tra Azerbaigian ed Armenia, ma nessuno ci \u00e8 mai riuscito. L&#8217;odio viscerale che nutrono entrambi i popoli l&#8217;uno contro l&#8217;altro sembra essere un alimentatore infinito di tensioni. Come sempre accade, nelle regioni strategicamente importanti i conflitti vengono esasperati dalle potenze che vi hanno interessi. La rilevanza strategica delle risorse dell&#8217;area, unita al progetto pan-ottomano di Ankara, non permetteranno al conflitto di essere appianato in tempi brevi. A perdere sono i civili, costretti a trasferirsi da una parte all&#8217;altra, molto spesso sfollati e vittime di violenza. Non si pu\u00f2 dire molto sullo scontro del Nagorno-Karabakh, perch\u00e9 anche noi osservatori esterni non ne conosciamo le dinamiche storiche e politiche, pregne di miti e pregiudizi. Non sappiamo se sar\u00e0 una nuova Siria, o una nuova Libia: quel che \u00e8 certo \u00e8 che se ne parler\u00e0 ancora per molto.<\/p>\n<p>Massimiliano Garavalli<\/p>\n","protected":false},"excerpt":{"rendered":"<p>Avete mai sentito parlare del Nagorno-Karabakh? Probabilmente quasi tutti ne hanno sempre ignorato l&#8217;esistenza. \u00c8 roba da specialisti della geopolitica, di quei pezzi di terra che scopriamo casualmente&#8230;<\/p>\n","protected":false},"author":1882,"featured_media":1213127,"comment_status":"closed","ping_status":"closed","sticky":false,"template":"","format":"standard","meta":{"footnotes":""},"categories":[38,55,57],"tags":[10180,1116,365],"class_list":["post-1213125","post","type-post","status-publish","format-standard","has-post-thumbnail","hentry","category-internazionale","category-politica","category-affari-esteri","tag-armenia","tag-azerbaigian","tag-guerra"],"yoast_head":"<!-- This site is optimized with the Yoast SEO plugin v27.1.1 - https:\/\/yoast.com\/product\/yoast-seo-wordpress\/ -->\n<title>La guerra tra Armenia e Azerbaigian<\/title>\n<meta name=\"description\" content=\"Avete mai sentito parlare del Nagorno-Karabakh? Probabilmente quasi tutti ne hanno sempre ignorato l&#039;esistenza. \u00c8 roba da specialisti della geopolitica, di quei pezzi di terra che scopriamo casualmente...\" \/>\n<meta name=\"robots\" content=\"index, follow, max-snippet:-1, max-image-preview:large, max-video-preview:-1\" \/>\n<link rel=\"canonical\" href=\"https:\/\/www.pressenza.com\/it\/2020\/10\/la-guerra-tra-armenia-e-azerbaigian\/\" \/>\n<meta property=\"og:locale\" content=\"it_IT\" \/>\n<meta property=\"og:type\" content=\"article\" \/>\n<meta property=\"og:title\" content=\"La guerra tra Armenia e Azerbaigian\" \/>\n<meta property=\"og:description\" content=\"Avete mai sentito parlare del Nagorno-Karabakh? Probabilmente quasi tutti ne hanno sempre ignorato l&#039;esistenza. \u00c8 roba da specialisti della geopolitica, di quei pezzi di terra che scopriamo casualmente...\" \/>\n<meta property=\"og:url\" content=\"https:\/\/www.pressenza.com\/it\/2020\/10\/la-guerra-tra-armenia-e-azerbaigian\/\" \/>\n<meta property=\"og:site_name\" content=\"Pressenza\" \/>\n<meta property=\"article:publisher\" content=\"https:\/\/www.facebook.com\/PressenzaItalia\" \/>\n<meta property=\"article:published_time\" content=\"2020-10-09T15:42:50+00:00\" \/>\n<meta property=\"article:modified_time\" content=\"2020-10-09T15:56:31+00:00\" \/>\n<meta property=\"og:image\" content=\"https:\/\/www.pressenza.com\/wp-content\/uploads\/2020\/10\/BLOG-COVER-IMAGE-7-1-1.png\" \/>\n\t<meta property=\"og:image:width\" content=\"750\" \/>\n\t<meta property=\"og:image:height\" content=\"415\" \/>\n\t<meta property=\"og:image:type\" content=\"image\/png\" \/>\n<meta name=\"author\" content=\"Sistema Critico\" \/>\n<meta name=\"twitter:card\" content=\"summary_large_image\" \/>\n<meta name=\"twitter:creator\" content=\"@PressenzaIPA\" \/>\n<meta name=\"twitter:site\" content=\"@PressenzaIPA\" \/>\n<meta name=\"twitter:label1\" content=\"Scritto da\" \/>\n\t<meta name=\"twitter:data1\" content=\"Sistema Critico\" \/>\n\t<meta name=\"twitter:label2\" content=\"Tempo di lettura stimato\" \/>\n\t<meta name=\"twitter:data2\" content=\"6 minuti\" \/>\n<script type=\"application\/ld+json\" class=\"yoast-schema-graph\">{\"@context\":\"https:\/\/schema.org\",\"@graph\":[{\"@type\":\"Article\",\"@id\":\"https:\/\/www.pressenza.com\/it\/2020\/10\/la-guerra-tra-armenia-e-azerbaigian\/#article\",\"isPartOf\":{\"@id\":\"https:\/\/www.pressenza.com\/it\/2020\/10\/la-guerra-tra-armenia-e-azerbaigian\/\"},\"author\":{\"name\":\"Sistema Critico\",\"@id\":\"https:\/\/www.pressenza.com\/it\/#\/schema\/person\/b76f7f97bab77661f6c80779f701f592\"},\"headline\":\"La guerra tra Armenia e Azerbaigian\",\"datePublished\":\"2020-10-09T15:42:50+00:00\",\"dateModified\":\"2020-10-09T15:56:31+00:00\",\"mainEntityOfPage\":{\"@id\":\"https:\/\/www.pressenza.com\/it\/2020\/10\/la-guerra-tra-armenia-e-azerbaigian\/\"},\"wordCount\":1317,\"publisher\":{\"@id\":\"https:\/\/www.pressenza.com\/it\/#organization\"},\"image\":{\"@id\":\"https:\/\/www.pressenza.com\/it\/2020\/10\/la-guerra-tra-armenia-e-azerbaigian\/#primaryimage\"},\"thumbnailUrl\":\"https:\/\/www.pressenza.com\/wp-content\/uploads\/2020\/10\/BLOG-COVER-IMAGE-7-1-1.png\",\"keywords\":[\"Armenia\",\"Azerbaigian\",\"guerra\"],\"articleSection\":[\"Internazionale\",\"Politica\",\"Questioni internazionali\"],\"inLanguage\":\"it-IT\"},{\"@type\":\"WebPage\",\"@id\":\"https:\/\/www.pressenza.com\/it\/2020\/10\/la-guerra-tra-armenia-e-azerbaigian\/\",\"url\":\"https:\/\/www.pressenza.com\/it\/2020\/10\/la-guerra-tra-armenia-e-azerbaigian\/\",\"name\":\"La guerra tra Armenia e Azerbaigian\",\"isPartOf\":{\"@id\":\"https:\/\/www.pressenza.com\/it\/#website\"},\"primaryImageOfPage\":{\"@id\":\"https:\/\/www.pressenza.com\/it\/2020\/10\/la-guerra-tra-armenia-e-azerbaigian\/#primaryimage\"},\"image\":{\"@id\":\"https:\/\/www.pressenza.com\/it\/2020\/10\/la-guerra-tra-armenia-e-azerbaigian\/#primaryimage\"},\"thumbnailUrl\":\"https:\/\/www.pressenza.com\/wp-content\/uploads\/2020\/10\/BLOG-COVER-IMAGE-7-1-1.png\",\"datePublished\":\"2020-10-09T15:42:50+00:00\",\"dateModified\":\"2020-10-09T15:56:31+00:00\",\"description\":\"Avete mai sentito parlare del Nagorno-Karabakh? Probabilmente quasi tutti ne hanno sempre ignorato l'esistenza. \u00c8 roba da specialisti della geopolitica, di quei pezzi di terra che scopriamo casualmente...\",\"breadcrumb\":{\"@id\":\"https:\/\/www.pressenza.com\/it\/2020\/10\/la-guerra-tra-armenia-e-azerbaigian\/#breadcrumb\"},\"inLanguage\":\"it-IT\",\"potentialAction\":[{\"@type\":\"ReadAction\",\"target\":[\"https:\/\/www.pressenza.com\/it\/2020\/10\/la-guerra-tra-armenia-e-azerbaigian\/\"]}]},{\"@type\":\"ImageObject\",\"inLanguage\":\"it-IT\",\"@id\":\"https:\/\/www.pressenza.com\/it\/2020\/10\/la-guerra-tra-armenia-e-azerbaigian\/#primaryimage\",\"url\":\"https:\/\/www.pressenza.com\/wp-content\/uploads\/2020\/10\/BLOG-COVER-IMAGE-7-1-1.png\",\"contentUrl\":\"https:\/\/www.pressenza.com\/wp-content\/uploads\/2020\/10\/BLOG-COVER-IMAGE-7-1-1.png\",\"width\":750,\"height\":415},{\"@type\":\"BreadcrumbList\",\"@id\":\"https:\/\/www.pressenza.com\/it\/2020\/10\/la-guerra-tra-armenia-e-azerbaigian\/#breadcrumb\",\"itemListElement\":[{\"@type\":\"ListItem\",\"position\":1,\"name\":\"Accueil\",\"item\":\"https:\/\/www.pressenza.com\/it\/\"},{\"@type\":\"ListItem\",\"position\":2,\"name\":\"La guerra tra Armenia e Azerbaigian\"}]},{\"@type\":\"WebSite\",\"@id\":\"https:\/\/www.pressenza.com\/it\/#website\",\"url\":\"https:\/\/www.pressenza.com\/it\/\",\"name\":\"Pressenza\",\"description\":\"Agenzia di Stampa Internazionale\",\"publisher\":{\"@id\":\"https:\/\/www.pressenza.com\/it\/#organization\"},\"potentialAction\":[{\"@type\":\"SearchAction\",\"target\":{\"@type\":\"EntryPoint\",\"urlTemplate\":\"https:\/\/www.pressenza.com\/it\/?s={search_term_string}\"},\"query-input\":{\"@type\":\"PropertyValueSpecification\",\"valueRequired\":true,\"valueName\":\"search_term_string\"}}],\"inLanguage\":\"it-IT\"},{\"@type\":\"Organization\",\"@id\":\"https:\/\/www.pressenza.com\/it\/#organization\",\"name\":\"Pressenza\",\"url\":\"https:\/\/www.pressenza.com\/it\/\",\"logo\":{\"@type\":\"ImageObject\",\"inLanguage\":\"it-IT\",\"@id\":\"https:\/\/www.pressenza.com\/it\/#\/schema\/logo\/image\/\",\"url\":\"https:\/\/www.pressenza.com\/wp-content\/uploads\/2022\/10\/pressenza_logo_200x200.jpg\",\"contentUrl\":\"https:\/\/www.pressenza.com\/wp-content\/uploads\/2022\/10\/pressenza_logo_200x200.jpg\",\"width\":200,\"height\":200,\"caption\":\"Pressenza\"},\"image\":{\"@id\":\"https:\/\/www.pressenza.com\/it\/#\/schema\/logo\/image\/\"},\"sameAs\":[\"https:\/\/www.facebook.com\/PressenzaItalia\",\"https:\/\/x.com\/PressenzaIPA\"]},{\"@type\":\"Person\",\"@id\":\"https:\/\/www.pressenza.com\/it\/#\/schema\/person\/b76f7f97bab77661f6c80779f701f592\",\"name\":\"Sistema Critico\",\"description\":\"Sistema Critico \u00e8 un gruppo di studenti universitari che si pone come obiettivo il racconto del reale in modo critico e giovanile, avvicinando le persone alle questioni che il mondo ci pone ogni giorno. Ci muoviamo attraverso la Filosofia, l\u2019Economia, la Societ\u00e0, la Politica, l\u2019Attualit\u00e0, la Storia, allo scopo di sensibilizzare i lettori verso un approccio pi\u00f9 critico ed approfondito sulle tematiche che ci riguardano. Nessun partito, ideologia o affiliazione politica, ma solo la compresenza di tanti ragazzi con storie diverse che condividono un progetto comune: esprimere le idee e diffondere la potenza del pensiero. Il gruppo non opera unicamente online, ma organizza anche eventi pubblici, come gli Speech Cocktail (aperitivi culturali) che hanno visto negli anni un\u2019incredibile partecipazione di giovani di tutta la provincia. Il progetto si propone di fornire input decisivi nella creazione di un pensiero critico, strumento fondamentale di un cittadino che voglia ricoprire un ruolo attivo all\u2019interno della societ\u00e0.\",\"url\":\"https:\/\/www.pressenza.com\/it\/author\/sistema-critico\/\"}]}<\/script>\n<!-- \/ Yoast SEO plugin. -->","yoast_head_json":{"title":"La guerra tra Armenia e Azerbaigian","description":"Avete mai sentito parlare del Nagorno-Karabakh? Probabilmente quasi tutti ne hanno sempre ignorato l'esistenza. \u00c8 roba da specialisti della geopolitica, di quei pezzi di terra che scopriamo casualmente...","robots":{"index":"index","follow":"follow","max-snippet":"max-snippet:-1","max-image-preview":"max-image-preview:large","max-video-preview":"max-video-preview:-1"},"canonical":"https:\/\/www.pressenza.com\/it\/2020\/10\/la-guerra-tra-armenia-e-azerbaigian\/","og_locale":"it_IT","og_type":"article","og_title":"La guerra tra Armenia e Azerbaigian","og_description":"Avete mai sentito parlare del Nagorno-Karabakh? Probabilmente quasi tutti ne hanno sempre ignorato l'esistenza. \u00c8 roba da specialisti della geopolitica, di quei pezzi di terra che scopriamo casualmente...","og_url":"https:\/\/www.pressenza.com\/it\/2020\/10\/la-guerra-tra-armenia-e-azerbaigian\/","og_site_name":"Pressenza","article_publisher":"https:\/\/www.facebook.com\/PressenzaItalia","article_published_time":"2020-10-09T15:42:50+00:00","article_modified_time":"2020-10-09T15:56:31+00:00","og_image":[{"width":750,"height":415,"url":"https:\/\/www.pressenza.com\/wp-content\/uploads\/2020\/10\/BLOG-COVER-IMAGE-7-1-1.png","type":"image\/png"}],"author":"Sistema Critico","twitter_card":"summary_large_image","twitter_creator":"@PressenzaIPA","twitter_site":"@PressenzaIPA","twitter_misc":{"Scritto da":"Sistema Critico","Tempo di lettura stimato":"6 minuti"},"schema":{"@context":"https:\/\/schema.org","@graph":[{"@type":"Article","@id":"https:\/\/www.pressenza.com\/it\/2020\/10\/la-guerra-tra-armenia-e-azerbaigian\/#article","isPartOf":{"@id":"https:\/\/www.pressenza.com\/it\/2020\/10\/la-guerra-tra-armenia-e-azerbaigian\/"},"author":{"name":"Sistema Critico","@id":"https:\/\/www.pressenza.com\/it\/#\/schema\/person\/b76f7f97bab77661f6c80779f701f592"},"headline":"La guerra tra Armenia e Azerbaigian","datePublished":"2020-10-09T15:42:50+00:00","dateModified":"2020-10-09T15:56:31+00:00","mainEntityOfPage":{"@id":"https:\/\/www.pressenza.com\/it\/2020\/10\/la-guerra-tra-armenia-e-azerbaigian\/"},"wordCount":1317,"publisher":{"@id":"https:\/\/www.pressenza.com\/it\/#organization"},"image":{"@id":"https:\/\/www.pressenza.com\/it\/2020\/10\/la-guerra-tra-armenia-e-azerbaigian\/#primaryimage"},"thumbnailUrl":"https:\/\/www.pressenza.com\/wp-content\/uploads\/2020\/10\/BLOG-COVER-IMAGE-7-1-1.png","keywords":["Armenia","Azerbaigian","guerra"],"articleSection":["Internazionale","Politica","Questioni internazionali"],"inLanguage":"it-IT"},{"@type":"WebPage","@id":"https:\/\/www.pressenza.com\/it\/2020\/10\/la-guerra-tra-armenia-e-azerbaigian\/","url":"https:\/\/www.pressenza.com\/it\/2020\/10\/la-guerra-tra-armenia-e-azerbaigian\/","name":"La guerra tra Armenia e Azerbaigian","isPartOf":{"@id":"https:\/\/www.pressenza.com\/it\/#website"},"primaryImageOfPage":{"@id":"https:\/\/www.pressenza.com\/it\/2020\/10\/la-guerra-tra-armenia-e-azerbaigian\/#primaryimage"},"image":{"@id":"https:\/\/www.pressenza.com\/it\/2020\/10\/la-guerra-tra-armenia-e-azerbaigian\/#primaryimage"},"thumbnailUrl":"https:\/\/www.pressenza.com\/wp-content\/uploads\/2020\/10\/BLOG-COVER-IMAGE-7-1-1.png","datePublished":"2020-10-09T15:42:50+00:00","dateModified":"2020-10-09T15:56:31+00:00","description":"Avete mai sentito parlare del Nagorno-Karabakh? Probabilmente quasi tutti ne hanno sempre ignorato l'esistenza. \u00c8 roba da specialisti della geopolitica, di quei pezzi di terra che scopriamo casualmente...","breadcrumb":{"@id":"https:\/\/www.pressenza.com\/it\/2020\/10\/la-guerra-tra-armenia-e-azerbaigian\/#breadcrumb"},"inLanguage":"it-IT","potentialAction":[{"@type":"ReadAction","target":["https:\/\/www.pressenza.com\/it\/2020\/10\/la-guerra-tra-armenia-e-azerbaigian\/"]}]},{"@type":"ImageObject","inLanguage":"it-IT","@id":"https:\/\/www.pressenza.com\/it\/2020\/10\/la-guerra-tra-armenia-e-azerbaigian\/#primaryimage","url":"https:\/\/www.pressenza.com\/wp-content\/uploads\/2020\/10\/BLOG-COVER-IMAGE-7-1-1.png","contentUrl":"https:\/\/www.pressenza.com\/wp-content\/uploads\/2020\/10\/BLOG-COVER-IMAGE-7-1-1.png","width":750,"height":415},{"@type":"BreadcrumbList","@id":"https:\/\/www.pressenza.com\/it\/2020\/10\/la-guerra-tra-armenia-e-azerbaigian\/#breadcrumb","itemListElement":[{"@type":"ListItem","position":1,"name":"Accueil","item":"https:\/\/www.pressenza.com\/it\/"},{"@type":"ListItem","position":2,"name":"La guerra tra Armenia e Azerbaigian"}]},{"@type":"WebSite","@id":"https:\/\/www.pressenza.com\/it\/#website","url":"https:\/\/www.pressenza.com\/it\/","name":"Pressenza","description":"Agenzia di Stampa Internazionale","publisher":{"@id":"https:\/\/www.pressenza.com\/it\/#organization"},"potentialAction":[{"@type":"SearchAction","target":{"@type":"EntryPoint","urlTemplate":"https:\/\/www.pressenza.com\/it\/?s={search_term_string}"},"query-input":{"@type":"PropertyValueSpecification","valueRequired":true,"valueName":"search_term_string"}}],"inLanguage":"it-IT"},{"@type":"Organization","@id":"https:\/\/www.pressenza.com\/it\/#organization","name":"Pressenza","url":"https:\/\/www.pressenza.com\/it\/","logo":{"@type":"ImageObject","inLanguage":"it-IT","@id":"https:\/\/www.pressenza.com\/it\/#\/schema\/logo\/image\/","url":"https:\/\/www.pressenza.com\/wp-content\/uploads\/2022\/10\/pressenza_logo_200x200.jpg","contentUrl":"https:\/\/www.pressenza.com\/wp-content\/uploads\/2022\/10\/pressenza_logo_200x200.jpg","width":200,"height":200,"caption":"Pressenza"},"image":{"@id":"https:\/\/www.pressenza.com\/it\/#\/schema\/logo\/image\/"},"sameAs":["https:\/\/www.facebook.com\/PressenzaItalia","https:\/\/x.com\/PressenzaIPA"]},{"@type":"Person","@id":"https:\/\/www.pressenza.com\/it\/#\/schema\/person\/b76f7f97bab77661f6c80779f701f592","name":"Sistema Critico","description":"Sistema Critico \u00e8 un gruppo di studenti universitari che si pone come obiettivo il racconto del reale in modo critico e giovanile, avvicinando le persone alle questioni che il mondo ci pone ogni giorno. Ci muoviamo attraverso la Filosofia, l\u2019Economia, la Societ\u00e0, la Politica, l\u2019Attualit\u00e0, la Storia, allo scopo di sensibilizzare i lettori verso un approccio pi\u00f9 critico ed approfondito sulle tematiche che ci riguardano. Nessun partito, ideologia o affiliazione politica, ma solo la compresenza di tanti ragazzi con storie diverse che condividono un progetto comune: esprimere le idee e diffondere la potenza del pensiero. Il gruppo non opera unicamente online, ma organizza anche eventi pubblici, come gli Speech Cocktail (aperitivi culturali) che hanno visto negli anni un\u2019incredibile partecipazione di giovani di tutta la provincia. Il progetto si propone di fornire input decisivi nella creazione di un pensiero critico, strumento fondamentale di un cittadino che voglia ricoprire un ruolo attivo all\u2019interno della societ\u00e0.","url":"https:\/\/www.pressenza.com\/it\/author\/sistema-critico\/"}]}},"place":"","original_article_url":"","_links":{"self":[{"href":"https:\/\/www.pressenza.com\/it\/wp-json\/wp\/v2\/posts\/1213125","targetHints":{"allow":["GET"]}}],"collection":[{"href":"https:\/\/www.pressenza.com\/it\/wp-json\/wp\/v2\/posts"}],"about":[{"href":"https:\/\/www.pressenza.com\/it\/wp-json\/wp\/v2\/types\/post"}],"author":[{"embeddable":true,"href":"https:\/\/www.pressenza.com\/it\/wp-json\/wp\/v2\/users\/1882"}],"replies":[{"embeddable":true,"href":"https:\/\/www.pressenza.com\/it\/wp-json\/wp\/v2\/comments?post=1213125"}],"version-history":[{"count":0,"href":"https:\/\/www.pressenza.com\/it\/wp-json\/wp\/v2\/posts\/1213125\/revisions"}],"wp:featuredmedia":[{"embeddable":true,"href":"https:\/\/www.pressenza.com\/it\/wp-json\/wp\/v2\/media\/1213127"}],"wp:attachment":[{"href":"https:\/\/www.pressenza.com\/it\/wp-json\/wp\/v2\/media?parent=1213125"}],"wp:term":[{"taxonomy":"category","embeddable":true,"href":"https:\/\/www.pressenza.com\/it\/wp-json\/wp\/v2\/categories?post=1213125"},{"taxonomy":"post_tag","embeddable":true,"href":"https:\/\/www.pressenza.com\/it\/wp-json\/wp\/v2\/tags?post=1213125"}],"curies":[{"name":"wp","href":"https:\/\/api.w.org\/{rel}","templated":true}]}}