{"id":1206693,"date":"2020-09-30T17:45:24","date_gmt":"2020-09-30T16:45:24","guid":{"rendered":"https:\/\/www.pressenza.com\/?p=1206693"},"modified":"2020-09-30T17:49:09","modified_gmt":"2020-09-30T16:49:09","slug":"agire-per-la-pace","status":"publish","type":"post","link":"https:\/\/www.pressenza.com\/it\/2020\/09\/agire-per-la-pace\/","title":{"rendered":"Agire, per la pace"},"content":{"rendered":"<p>\u00c8 davvero il caso di dedicare alcuni minuti del nostro tempo ad una lettura attenta e riflessiva dell\u2019ultimo contributo tematico di Jan Oberg, che opportunamente il Centro Studi Sereno Regis ha pubblicato lo scorso 25 settembre, con il titolo, in italiano, \u00ab<a href=\"http:\/\/serenoregis.org\/2020\/09\/25\/il-discorso-smarrito-sulla-pace-e-le-arti-come-possibile-via-duscita-jan-oberg\/\">Il discorso smarrito sulla pace e le arti come possibile via d\u2019uscita?<\/a>\u00bb. Jan Oberg non \u00e8 nuovo a studi e riflessioni di tale profilo: cofondatore del TFF, il <i>Transnational Foundation for Peace &amp; Future Research<\/i> , una delle realt\u00e0 internazionali pi\u00f9 solide nel campo della ricerca-azione per la pace, ispirata al motto galtunghiano della costruzione della \u00abpace con mezzi pacifici\u00bb, Jan Oberg \u00e8 docente, come si direbbe in italiano, di Scienze per la Pace ( <i>Peace Studies<\/i> ), professore presso l\u2019Universit\u00e0 di Lund, gi\u00e0 direttore dell\u2019Istituto di Ricerca per la Pace del medesimo Ateneo (<i>Lund University Peace Research Institute<\/i>, LUPRI), in passato membro anche del Comitato per la Sicurezza e il Disarmo del governo danese. Esperto nella ricerca-azione, si \u00e8 impegnato in iniziative e mediazioni di pace in ex-Jugoslavia, Georgia, Burundi, Iraq e Siria.<\/p>\n<p>\u00c8 questo il retroterra sul cui sfondo torna, nel \u201csaggio breve\u201d sopra richiamato, a interrogarsi (e interrogare noi in senso ampio, come comunit\u00e0 degli operatori e delle operatrici di pace e come opinione pubblica mondiale) su un paio di grandi questioni. Conviene passarle in rassegna, per estrarne il nucleo e portarne in evidenza la riflessione. Prima questione: <b>la scomparsa della \u201cpace\u201d<\/b>. Si tratta della sua riflessione di apertura ed \u00e8, al tempo stesso, il nodo con cui da decenni le forze e i protagonisti del movimento dei movimenti e, in particolare, dei movimenti per la pace e contro la guerra, si trovano a confrontarsi: \u00abil discorso sulla pace o per la pace \u00e8 prevalentemente sparito negli ultimi 20-30 anni. Vale per la ricerca &#8211; e le sue possibilit\u00e0 di finanziamento non-governativo &#8211; per la politica in generale e i media. Nella politica estera e di sicurezza, il livello intellettuale \u00e8 ora tale che non pare neppure strano ai decisori di non procurarsi mai consigli sulla pace o consultare esperti di pace. L\u2019ipotesi fantasiosa \u00e8 che solo se ci sono sufficienti \u00abmezzi di sicurezza\u00bb militari applicati ad abbastanza problemi della societ\u00e0, si instaurer\u00e0 allora, automaticamente, la pace\u00bb.<\/p>\n<p>Si tratta di un\u2019osservazione puntuale e pertinente, che rappresenta la condizione reale attuale, ma della quale \u00e8 opportuno focalizzare le radici in profondit\u00e0. La \u201cmilitarizzazione\u201d \u00e8 diventata sempre pi\u00f9 una dimensione profonda, strutturale, delle modalit\u00e0 di organizzazione delle relazioni sociali e dello spazio pubblico; capitalismo, patriarcato e militarismo sempre pi\u00f9 intensamente si affermano come aspetti della medesima dinamica, una dinamica strutturale, che finisce inevitabilmente per generare anche radicali impatti culturali, nelle percezioni e nelle aspirazioni, negli immaginari e nei cosiddetti \u00abstili di pensiero\u00bb. Non solo l\u2019approccio militare \u00e8 diventato e continua sempre pi\u00f9 ad essere l\u2019approccio fondamentale ed essenziale nelle relazioni internazionali e nelle controversie internazionali (pensiamo solo alle politiche sulle migrazioni e alla continua, perfino ossessiva, associazione del tema \u201cmigrazioni\u201d con il tema \u201csicurezza\u201d). Ma anche funzioni e compiti del tutto \u201ccivili\u201d vengono sempre pi\u00f9 gestiti con strumenti e capacit\u00e0 \u201cmilitari\u201d lasciando trasparire una modalit\u00e0 o un disegno di continua rifunzionalizzazione e legittimazione del militare ( esempi a iosa, dai soldati nelle strade a gestire l\u2019ordine pubblico, alla protezione civile \u2013 appunto, civile \u2013 sostanzialmente affidata ai militari, fino alla presenza dei militari con funzioni di docenti o divulgatori nelle scuole, aspetto al quale ci richiama opportunamente <span style=\"color: #0563c1;\"><u><a class=\"western\" href=\"https:\/\/www.miritalia.org\/categoria\/iniziative\"> la campagna del MIR<\/a><\/u><\/span> per le \u00abScuole Smilitarizzate\u00bb, contro \u00abla presenza e l\u2019incremento, in ambito scolastico, di molteplici attivit\u00e0, iniziative e progetti, in collaborazione con le Forze Armate e quindi in palese contrasto con le finalit\u00e0 educative, formative e culturali dell\u2019istituzione scolastica\u00bb ).<\/p>\n<p>Seconda questione: <b>la concretezza della \u201cpace\u201d<\/b> . Si tratta, a leggere tra le righe, di un\u2019allusione, neanche troppo velata, anche alle nostre responsabilit\u00e0. Ancora parafrasando Galtung, sia in omissioni (tutte le volte che tutti questi eccessi di militarizzazione, in fondo, non ci hanno disturbato pi\u00f9 di tanto), sia in azioni (tutte le volte che non ci siamo sforzati di immaginare la pace come da \u00abcostruire\u00bb, pi\u00f9 che da \u00abdeclamare\u00bb). \u00abIl 95% della gente in Occidente dedica il 95% delle proprie energie al mondo cos\u00ec com\u2019\u00e8 &#8211; criticando questo o quello, facendo diagnosi e prognosi, predicendo catastrofi, emanando avvertimenti e combattendosi reciprocamente sulla giusta interpretazione o montando cospirazioni e propaganda. Ma una tale energia negativa non ci porter\u00e0 da nessuna parte\u00bb. Durante una presentazione di un volume, qualche anno fa, mi sono imbattuto anch\u2019io in quella spiacevole sensazione che nasce dalla sorpresa del tuo interlocutore: \u00abNeanche sapevo che esistesse un lavoro come operatore di pace!\u00bb. Ma il discorso si potrebbe estendere: quante volte la nostra azione \u00e8 solo proclama e testimonianza, e si miscela con la propaganda e con la velleit\u00e0? Forse, pensare alla pace \u00abin azione\u00bb \u00e8 un buon punto di partenza per cominciare a interloquire con quelle riflessioni, cos\u00ec esigenti, che il testo ci sollecita.<\/p>\n","protected":false},"excerpt":{"rendered":"<p>\u00c8 davvero il caso di dedicare alcuni minuti del nostro tempo ad una lettura attenta e riflessiva dell\u2019ultimo contributo tematico di Jan Oberg, che opportunamente il Centro Studi Sereno Regis ha pubblicato lo scorso 25 settembre, con il titolo, in&hellip;<\/p>\n","protected":false},"author":986,"featured_media":1206695,"comment_status":"closed","ping_status":"closed","sticky":false,"template":"","format":"standard","meta":{"footnotes":""},"categories":[11388,38,162,1263],"tags":[23101,82132,82131,294,80087],"class_list":["post-1206693","post","type-post","status-publish","format-standard","has-post-thumbnail","hentry","category-contenuti-originali","category-internazionale","category-opinioni","category-pace-disarmo","tag-azione","tag-jan-oberg-it","tag-lund-university-peace-research-institute","tag-pace","tag-scuole-smilitarizzate"],"yoast_head":"<!-- This site is optimized with the Yoast SEO plugin v27.1.1 - https:\/\/yoast.com\/product\/yoast-seo-wordpress\/ -->\n<title>Agire, per la pace<\/title>\n<meta name=\"description\" content=\"\u00c8 davvero il caso di dedicare alcuni minuti del nostro tempo ad una lettura attenta e riflessiva dell\u2019ultimo contributo tematico di Jan Oberg, che\" \/>\n<meta name=\"robots\" content=\"index, follow, max-snippet:-1, max-image-preview:large, max-video-preview:-1\" \/>\n<link rel=\"canonical\" href=\"https:\/\/www.pressenza.com\/it\/2020\/09\/agire-per-la-pace\/\" \/>\n<meta property=\"og:locale\" content=\"it_IT\" \/>\n<meta property=\"og:type\" content=\"article\" \/>\n<meta property=\"og:title\" content=\"Agire, per la pace\" \/>\n<meta property=\"og:description\" content=\"\u00c8 davvero il caso di dedicare alcuni minuti del nostro tempo ad una lettura attenta e riflessiva dell\u2019ultimo contributo tematico di Jan Oberg, che\" \/>\n<meta property=\"og:url\" content=\"https:\/\/www.pressenza.com\/it\/2020\/09\/agire-per-la-pace\/\" \/>\n<meta property=\"og:site_name\" content=\"Pressenza\" \/>\n<meta property=\"article:publisher\" content=\"https:\/\/www.facebook.com\/PressenzaItalia\" \/>\n<meta property=\"article:published_time\" content=\"2020-09-30T16:45:24+00:00\" \/>\n<meta property=\"article:modified_time\" content=\"2020-09-30T16:49:09+00:00\" \/>\n<meta property=\"og:image\" content=\"https:\/\/www.pressenza.com\/wp-content\/uploads\/2020\/09\/Human-Peace-Sign.jpg\" \/>\n\t<meta property=\"og:image:width\" content=\"1620\" \/>\n\t<meta property=\"og:image:height\" content=\"1080\" \/>\n\t<meta property=\"og:image:type\" content=\"image\/jpeg\" \/>\n<meta name=\"author\" content=\"Gianmarco Pisa\" \/>\n<meta name=\"twitter:card\" content=\"summary_large_image\" \/>\n<meta name=\"twitter:creator\" content=\"@PressenzaIPA\" \/>\n<meta name=\"twitter:site\" content=\"@PressenzaIPA\" \/>\n<meta name=\"twitter:label1\" content=\"Scritto da\" \/>\n\t<meta name=\"twitter:data1\" content=\"Gianmarco Pisa\" \/>\n\t<meta name=\"twitter:label2\" content=\"Tempo di lettura stimato\" \/>\n\t<meta name=\"twitter:data2\" content=\"4 minuti\" \/>\n<script type=\"application\/ld+json\" class=\"yoast-schema-graph\">{\"@context\":\"https:\/\/schema.org\",\"@graph\":[{\"@type\":\"Article\",\"@id\":\"https:\/\/www.pressenza.com\/it\/2020\/09\/agire-per-la-pace\/#article\",\"isPartOf\":{\"@id\":\"https:\/\/www.pressenza.com\/it\/2020\/09\/agire-per-la-pace\/\"},\"author\":{\"name\":\"Gianmarco Pisa\",\"@id\":\"https:\/\/www.pressenza.com\/it\/#\/schema\/person\/065812a20954baed70c01f7c30620d66\"},\"headline\":\"Agire, per la pace\",\"datePublished\":\"2020-09-30T16:45:24+00:00\",\"dateModified\":\"2020-09-30T16:49:09+00:00\",\"mainEntityOfPage\":{\"@id\":\"https:\/\/www.pressenza.com\/it\/2020\/09\/agire-per-la-pace\/\"},\"wordCount\":810,\"publisher\":{\"@id\":\"https:\/\/www.pressenza.com\/it\/#organization\"},\"image\":{\"@id\":\"https:\/\/www.pressenza.com\/it\/2020\/09\/agire-per-la-pace\/#primaryimage\"},\"thumbnailUrl\":\"https:\/\/www.pressenza.com\/wp-content\/uploads\/2020\/09\/Human-Peace-Sign.jpg\",\"keywords\":[\"azione\",\"Jan Oberg\",\"Lund University Peace Research Institute\",\"Pace\",\"Scuole Smilitarizzate\"],\"articleSection\":[\"contenuti originali\",\"Internazionale\",\"Opinioni\",\"Pace e Disarmo\"],\"inLanguage\":\"it-IT\"},{\"@type\":\"WebPage\",\"@id\":\"https:\/\/www.pressenza.com\/it\/2020\/09\/agire-per-la-pace\/\",\"url\":\"https:\/\/www.pressenza.com\/it\/2020\/09\/agire-per-la-pace\/\",\"name\":\"Agire, per la pace\",\"isPartOf\":{\"@id\":\"https:\/\/www.pressenza.com\/it\/#website\"},\"primaryImageOfPage\":{\"@id\":\"https:\/\/www.pressenza.com\/it\/2020\/09\/agire-per-la-pace\/#primaryimage\"},\"image\":{\"@id\":\"https:\/\/www.pressenza.com\/it\/2020\/09\/agire-per-la-pace\/#primaryimage\"},\"thumbnailUrl\":\"https:\/\/www.pressenza.com\/wp-content\/uploads\/2020\/09\/Human-Peace-Sign.jpg\",\"datePublished\":\"2020-09-30T16:45:24+00:00\",\"dateModified\":\"2020-09-30T16:49:09+00:00\",\"description\":\"\u00c8 davvero il caso di dedicare alcuni minuti del nostro tempo ad una lettura attenta e riflessiva dell\u2019ultimo contributo tematico di Jan Oberg, che\",\"breadcrumb\":{\"@id\":\"https:\/\/www.pressenza.com\/it\/2020\/09\/agire-per-la-pace\/#breadcrumb\"},\"inLanguage\":\"it-IT\",\"potentialAction\":[{\"@type\":\"ReadAction\",\"target\":[\"https:\/\/www.pressenza.com\/it\/2020\/09\/agire-per-la-pace\/\"]}]},{\"@type\":\"ImageObject\",\"inLanguage\":\"it-IT\",\"@id\":\"https:\/\/www.pressenza.com\/it\/2020\/09\/agire-per-la-pace\/#primaryimage\",\"url\":\"https:\/\/www.pressenza.com\/wp-content\/uploads\/2020\/09\/Human-Peace-Sign.jpg\",\"contentUrl\":\"https:\/\/www.pressenza.com\/wp-content\/uploads\/2020\/09\/Human-Peace-Sign.jpg\",\"width\":1620,\"height\":1080},{\"@type\":\"BreadcrumbList\",\"@id\":\"https:\/\/www.pressenza.com\/it\/2020\/09\/agire-per-la-pace\/#breadcrumb\",\"itemListElement\":[{\"@type\":\"ListItem\",\"position\":1,\"name\":\"Accueil\",\"item\":\"https:\/\/www.pressenza.com\/it\/\"},{\"@type\":\"ListItem\",\"position\":2,\"name\":\"Agire, per la pace\"}]},{\"@type\":\"WebSite\",\"@id\":\"https:\/\/www.pressenza.com\/it\/#website\",\"url\":\"https:\/\/www.pressenza.com\/it\/\",\"name\":\"Pressenza\",\"description\":\"Agenzia di Stampa Internazionale\",\"publisher\":{\"@id\":\"https:\/\/www.pressenza.com\/it\/#organization\"},\"potentialAction\":[{\"@type\":\"SearchAction\",\"target\":{\"@type\":\"EntryPoint\",\"urlTemplate\":\"https:\/\/www.pressenza.com\/it\/?s={search_term_string}\"},\"query-input\":{\"@type\":\"PropertyValueSpecification\",\"valueRequired\":true,\"valueName\":\"search_term_string\"}}],\"inLanguage\":\"it-IT\"},{\"@type\":\"Organization\",\"@id\":\"https:\/\/www.pressenza.com\/it\/#organization\",\"name\":\"Pressenza\",\"url\":\"https:\/\/www.pressenza.com\/it\/\",\"logo\":{\"@type\":\"ImageObject\",\"inLanguage\":\"it-IT\",\"@id\":\"https:\/\/www.pressenza.com\/it\/#\/schema\/logo\/image\/\",\"url\":\"https:\/\/www.pressenza.com\/wp-content\/uploads\/2022\/10\/pressenza_logo_200x200.jpg\",\"contentUrl\":\"https:\/\/www.pressenza.com\/wp-content\/uploads\/2022\/10\/pressenza_logo_200x200.jpg\",\"width\":200,\"height\":200,\"caption\":\"Pressenza\"},\"image\":{\"@id\":\"https:\/\/www.pressenza.com\/it\/#\/schema\/logo\/image\/\"},\"sameAs\":[\"https:\/\/www.facebook.com\/PressenzaItalia\",\"https:\/\/x.com\/PressenzaIPA\"]},{\"@type\":\"Person\",\"@id\":\"https:\/\/www.pressenza.com\/it\/#\/schema\/person\/065812a20954baed70c01f7c30620d66\",\"name\":\"Gianmarco Pisa\",\"url\":\"https:\/\/www.pressenza.com\/it\/author\/gianmarco-pisa\/\"}]}<\/script>\n<!-- \/ Yoast SEO plugin. -->","yoast_head_json":{"title":"Agire, per la pace","description":"\u00c8 davvero il caso di dedicare alcuni minuti del nostro tempo ad una lettura attenta e riflessiva dell\u2019ultimo contributo tematico di Jan Oberg, che","robots":{"index":"index","follow":"follow","max-snippet":"max-snippet:-1","max-image-preview":"max-image-preview:large","max-video-preview":"max-video-preview:-1"},"canonical":"https:\/\/www.pressenza.com\/it\/2020\/09\/agire-per-la-pace\/","og_locale":"it_IT","og_type":"article","og_title":"Agire, per la pace","og_description":"\u00c8 davvero il caso di dedicare alcuni minuti del nostro tempo ad una lettura attenta e riflessiva dell\u2019ultimo contributo tematico di Jan Oberg, che","og_url":"https:\/\/www.pressenza.com\/it\/2020\/09\/agire-per-la-pace\/","og_site_name":"Pressenza","article_publisher":"https:\/\/www.facebook.com\/PressenzaItalia","article_published_time":"2020-09-30T16:45:24+00:00","article_modified_time":"2020-09-30T16:49:09+00:00","og_image":[{"width":1620,"height":1080,"url":"https:\/\/www.pressenza.com\/wp-content\/uploads\/2020\/09\/Human-Peace-Sign.jpg","type":"image\/jpeg"}],"author":"Gianmarco Pisa","twitter_card":"summary_large_image","twitter_creator":"@PressenzaIPA","twitter_site":"@PressenzaIPA","twitter_misc":{"Scritto da":"Gianmarco Pisa","Tempo di lettura stimato":"4 minuti"},"schema":{"@context":"https:\/\/schema.org","@graph":[{"@type":"Article","@id":"https:\/\/www.pressenza.com\/it\/2020\/09\/agire-per-la-pace\/#article","isPartOf":{"@id":"https:\/\/www.pressenza.com\/it\/2020\/09\/agire-per-la-pace\/"},"author":{"name":"Gianmarco Pisa","@id":"https:\/\/www.pressenza.com\/it\/#\/schema\/person\/065812a20954baed70c01f7c30620d66"},"headline":"Agire, per la pace","datePublished":"2020-09-30T16:45:24+00:00","dateModified":"2020-09-30T16:49:09+00:00","mainEntityOfPage":{"@id":"https:\/\/www.pressenza.com\/it\/2020\/09\/agire-per-la-pace\/"},"wordCount":810,"publisher":{"@id":"https:\/\/www.pressenza.com\/it\/#organization"},"image":{"@id":"https:\/\/www.pressenza.com\/it\/2020\/09\/agire-per-la-pace\/#primaryimage"},"thumbnailUrl":"https:\/\/www.pressenza.com\/wp-content\/uploads\/2020\/09\/Human-Peace-Sign.jpg","keywords":["azione","Jan Oberg","Lund University Peace Research Institute","Pace","Scuole Smilitarizzate"],"articleSection":["contenuti originali","Internazionale","Opinioni","Pace e Disarmo"],"inLanguage":"it-IT"},{"@type":"WebPage","@id":"https:\/\/www.pressenza.com\/it\/2020\/09\/agire-per-la-pace\/","url":"https:\/\/www.pressenza.com\/it\/2020\/09\/agire-per-la-pace\/","name":"Agire, per la pace","isPartOf":{"@id":"https:\/\/www.pressenza.com\/it\/#website"},"primaryImageOfPage":{"@id":"https:\/\/www.pressenza.com\/it\/2020\/09\/agire-per-la-pace\/#primaryimage"},"image":{"@id":"https:\/\/www.pressenza.com\/it\/2020\/09\/agire-per-la-pace\/#primaryimage"},"thumbnailUrl":"https:\/\/www.pressenza.com\/wp-content\/uploads\/2020\/09\/Human-Peace-Sign.jpg","datePublished":"2020-09-30T16:45:24+00:00","dateModified":"2020-09-30T16:49:09+00:00","description":"\u00c8 davvero il caso di dedicare alcuni minuti del nostro tempo ad una lettura attenta e riflessiva dell\u2019ultimo contributo tematico di Jan Oberg, che","breadcrumb":{"@id":"https:\/\/www.pressenza.com\/it\/2020\/09\/agire-per-la-pace\/#breadcrumb"},"inLanguage":"it-IT","potentialAction":[{"@type":"ReadAction","target":["https:\/\/www.pressenza.com\/it\/2020\/09\/agire-per-la-pace\/"]}]},{"@type":"ImageObject","inLanguage":"it-IT","@id":"https:\/\/www.pressenza.com\/it\/2020\/09\/agire-per-la-pace\/#primaryimage","url":"https:\/\/www.pressenza.com\/wp-content\/uploads\/2020\/09\/Human-Peace-Sign.jpg","contentUrl":"https:\/\/www.pressenza.com\/wp-content\/uploads\/2020\/09\/Human-Peace-Sign.jpg","width":1620,"height":1080},{"@type":"BreadcrumbList","@id":"https:\/\/www.pressenza.com\/it\/2020\/09\/agire-per-la-pace\/#breadcrumb","itemListElement":[{"@type":"ListItem","position":1,"name":"Accueil","item":"https:\/\/www.pressenza.com\/it\/"},{"@type":"ListItem","position":2,"name":"Agire, per la pace"}]},{"@type":"WebSite","@id":"https:\/\/www.pressenza.com\/it\/#website","url":"https:\/\/www.pressenza.com\/it\/","name":"Pressenza","description":"Agenzia di Stampa Internazionale","publisher":{"@id":"https:\/\/www.pressenza.com\/it\/#organization"},"potentialAction":[{"@type":"SearchAction","target":{"@type":"EntryPoint","urlTemplate":"https:\/\/www.pressenza.com\/it\/?s={search_term_string}"},"query-input":{"@type":"PropertyValueSpecification","valueRequired":true,"valueName":"search_term_string"}}],"inLanguage":"it-IT"},{"@type":"Organization","@id":"https:\/\/www.pressenza.com\/it\/#organization","name":"Pressenza","url":"https:\/\/www.pressenza.com\/it\/","logo":{"@type":"ImageObject","inLanguage":"it-IT","@id":"https:\/\/www.pressenza.com\/it\/#\/schema\/logo\/image\/","url":"https:\/\/www.pressenza.com\/wp-content\/uploads\/2022\/10\/pressenza_logo_200x200.jpg","contentUrl":"https:\/\/www.pressenza.com\/wp-content\/uploads\/2022\/10\/pressenza_logo_200x200.jpg","width":200,"height":200,"caption":"Pressenza"},"image":{"@id":"https:\/\/www.pressenza.com\/it\/#\/schema\/logo\/image\/"},"sameAs":["https:\/\/www.facebook.com\/PressenzaItalia","https:\/\/x.com\/PressenzaIPA"]},{"@type":"Person","@id":"https:\/\/www.pressenza.com\/it\/#\/schema\/person\/065812a20954baed70c01f7c30620d66","name":"Gianmarco Pisa","url":"https:\/\/www.pressenza.com\/it\/author\/gianmarco-pisa\/"}]}},"place":"","original_article_url":"","_links":{"self":[{"href":"https:\/\/www.pressenza.com\/it\/wp-json\/wp\/v2\/posts\/1206693","targetHints":{"allow":["GET"]}}],"collection":[{"href":"https:\/\/www.pressenza.com\/it\/wp-json\/wp\/v2\/posts"}],"about":[{"href":"https:\/\/www.pressenza.com\/it\/wp-json\/wp\/v2\/types\/post"}],"author":[{"embeddable":true,"href":"https:\/\/www.pressenza.com\/it\/wp-json\/wp\/v2\/users\/986"}],"replies":[{"embeddable":true,"href":"https:\/\/www.pressenza.com\/it\/wp-json\/wp\/v2\/comments?post=1206693"}],"version-history":[{"count":0,"href":"https:\/\/www.pressenza.com\/it\/wp-json\/wp\/v2\/posts\/1206693\/revisions"}],"wp:featuredmedia":[{"embeddable":true,"href":"https:\/\/www.pressenza.com\/it\/wp-json\/wp\/v2\/media\/1206695"}],"wp:attachment":[{"href":"https:\/\/www.pressenza.com\/it\/wp-json\/wp\/v2\/media?parent=1206693"}],"wp:term":[{"taxonomy":"category","embeddable":true,"href":"https:\/\/www.pressenza.com\/it\/wp-json\/wp\/v2\/categories?post=1206693"},{"taxonomy":"post_tag","embeddable":true,"href":"https:\/\/www.pressenza.com\/it\/wp-json\/wp\/v2\/tags?post=1206693"}],"curies":[{"name":"wp","href":"https:\/\/api.w.org\/{rel}","templated":true}]}}