{"id":1206562,"date":"2020-09-30T14:32:53","date_gmt":"2020-09-30T13:32:53","guid":{"rendered":"https:\/\/www.pressenza.com\/?p=1206562"},"modified":"2020-09-30T14:46:06","modified_gmt":"2020-09-30T13:46:06","slug":"bielorussia-intervista-a-un-italiano-arrestato-a-minsk","status":"publish","type":"post","link":"https:\/\/www.pressenza.com\/it\/2020\/09\/bielorussia-intervista-a-un-italiano-arrestato-a-minsk\/","title":{"rendered":"Bielorussia: Intervista a un italiano arrestato a Minsk"},"content":{"rendered":"<p><strong><em>\u201cLa nostra protesta ha un volto di donna\u201d<\/em><\/strong> (<em>\u201cU na\u0161ego protesta \u017eenskoe litso\u201d<\/em>): \u00e8 questo lo slogan che ha accompagnato la <strong><a href=\"https:\/\/www.nytimes.com\/2020\/09\/19\/world\/europe\/belarus-protests-women.html\">Marcia delle Donne<\/a><\/strong> che lo scorso 19 settembre ha affollato le piazze di <strong>Minsk<\/strong> in aperta opposizione alla pi\u00f9 che ventennale presidenza Lukashenko.<\/p>\n<p>La <strong>dura repressione<\/strong> riservata al corteo dimostra come il motto ispirato al celebre libro del premio Nobel bielorusso <a href=\"https:\/\/www.eastjournal.net\/archives\/66363\">Svetlana Aleksievi\u010d<\/a>\u00a0non sia privo di fondamento. I reparti speciali e di polizia hanno infatti <a href=\"https:\/\/www.theguardian.com\/world\/2020\/sep\/19\/hundreds-of-women-detained-during-belarus-protest-march-alexander-lukashenko\">arrestato<\/a> centinaia di manifestanti pacifici, colpevoli soltanto di essere scesi in piazza per manifestare la propria contrariet\u00e0 al regime. <em>Viasna<\/em>, organizzazione per la tutela dei diritti umani in Bielorussia, ha documentato e pubblicato una <a href=\"http:\/\/spring96.org\/en\/news\/49539\">lista<\/a> di <strong>328 arrestati, definiti \u201cprigionieri politici\u201d<\/strong>, tra i quali figura anche il nome di Nina Baginskaja, l\u2019ormai iconica attivista 73enne ripetutamente arrestata dal regime per aver fatto pubblicamente sfoggio del <a href=\"https:\/\/www.eastjournal.net\/archives\/109826\">tricolore bielorusso<\/a> bandito dal governo.<\/p>\n<p>Abbiamo deciso di intervistare <strong>Fabrizio Portaluri<\/strong>, operaio nello stabilimento Pirelli di Bollate e attivista sindacale per la Cub,\u00a0fermato dalla polizia bielorussa durante la manifestazione del 19 settembre, per darci una testimonianza diretta delle vicende di questi giorni.<\/p>\n<p><strong><em>Innanzitutto, per quale ragione si \u00e8 recato a Minsk in un periodo di alta tensione politica?<\/em><\/strong><\/p>\n<p>Mi sono recato a Minsk principalmente per capire meglio cosa sta succedendo. Certo, c\u2019\u00e8 sempre anche la voglia di conoscere almeno un poco un paese cos\u00ec diverso dal nostro: per cultura, lingua, storia. Avevo voglia anche di visitarla come turista, e non mi ha deluso. Bella citt\u00e0: molto verde, ma anche molto traffico. In Bielorussia sono stato cinque giorni, quelli che avevo previsto. Nessuna pressione mi \u00e8 stata fatta per lasciare il paese. Nessun controllo particolare in aeroporto, tutto veloce.<\/p>\n<p><strong><em>I numeri stimati relativi ai manifestanti alla \u201cMarcia delle Donne\u201d del 19 settembre variano enormemente in base alla fonte consultata, a seconda che si tratti di dichiarazioni governative o di notizie che circolano in rete e tra gli attivisti. Sarebbe in grado di darci una stima approssimativa di partecipanti e arrestati?<\/em><\/strong><\/p>\n<p>\u00c8 sempre difficile capire i veri numeri di una manifestazione, bisognerebbe mettersi a contare i presenti per ottenere una stima attendibile. Io\u00a0ho letto di 2.000 partecipanti, ma mi sembra un numero basso rispetto a quello reale. <strong>Posso ipotizzare dai 7.000 ai 10.000 presenti<\/strong>.\u00a0Ci\u00f2 che mi ha colpito \u00e8 la partecipazione <strong>quasi completamente femminile<\/strong>, molte ragazze giovani, ma anche donne di una certa et\u00e0.<\/p>\n<p>C\u2019era molta determinazione, ma non mancava la paura. Questa determinazione \u00e8 stata pi\u00f9 marcata nei furgoni cellulari della polizia, ma anche in questura: <strong>rispondevano a tono alle forze dell\u2019ordine<\/strong> e ridevano pure a volte, un modo forse per sdrammatizzare la situazione.<\/p>\n<p>I media indipendenti parlano di 300 persone trattenute. Nel commissariato\u00a0dove sono stato fermato anche io eravamo forse una sessantina. Alcuni manifestanti sono solo stati trattenuti, altri portati poi in cella.<\/p>\n<p><em><strong>Per quale ragione \u00e8 stato arrestato dalla polizia? In che modo avvengono i fermi e con che pretesto si viene fermati?<\/strong> <\/em><\/p>\n<p>Per essere arrestati basta partecipare a una manifestazione pacifica. Gli OMON, la polizia antisommossa, cercano fin dall\u2019inizio di impedire che le manifestazioni avvengano. Al corteo femminista\u00a0si camminava sui marciapiedi e a un certo punto siamo stati attaccati da un buon numero di OMON dalla strada, in un punto dove eravamo contro il muro, senza avere possibilit\u00e0 di scappare. Alcune partecipanti sono state prese, anche in modo violento, sbattute nei furgoni cellulari, rinchiuse in piccole gabbie all\u2019interno di questi e poi portate in questura.<\/p>\n<p>L\u00ec siamo stati <strong>trattenuti diverse ore per formalit\u00e0 burocratiche<\/strong>, diverse volte abbiamo dovuto fornire le nostre generalit\u00e0. Le donne sono state tenute in uno stanzone, gli uomini nel cortile. A un certo punto, in caserma sono arrivati i cellulari penitenziari, che hanno poi caricato chi tra noi era stato destinato alla prigione.<\/p>\n<p>Sembra che questa volta siano stati abbastanza \u201cteneri\u201d: non c\u2019era un clima troppo violento, anche se non credo che abbiano comunque rispettato le procedure e il protocollo. Questa \u201ctenerezza\u201d credo sia stata motivata dal fatto che nel weekend precedente le forze dell\u2019ordine avevano gi\u00e0 fatto violenza: essendo arrivata una pesante condanna livello internazionale, hanno ritenuto di limitare gli abusi, anche se le incarcerazioni non sono mancate.<\/p>\n<p>Io stesso sono stato fermato. Una prima volta, presentando il passaporto, sono stato allontanato, ma poi ho cercato di fotografare le intimidazioni e le possibili violenze della polizia nei confronti delle donne, e a quel punto sono stato arrestato. Con me complessivamente sono andati pi\u00f9 leggeri, ho avuto la sensazione che non sapessero bene come comportarsi. Alla fine, dopo avermi preso le impronte digitali, mi hanno restituito il cellulare integro e mi hanno rilasciato assieme ad altri, dopo diverse ore passate l\u00e0 dentro.<\/p>\n<p><iframe loading=\"lazy\" src=\"https:\/\/www.rferl.org\/embed\/player\/0\/30848840.html?type=video\" width=\"640\" height=\"360\" frameborder=\"0\" scrolling=\"no\" allowfullscreen=\"allowfullscreen\" data-mce-fragment=\"1\"><\/iframe><\/p>\n<p><strong><em>Che conseguenze ha la repressione delle forze di polizia sulla vita quotidiana degli attivisti?<\/em><\/strong><\/p>\n<p><strong>Gli attivisti vivono quotidianamente in un clima repressivo<\/strong>: chi lavora viene licenziato, l\u2019arresto \u00e8 sempre in agguato con annesse violenze, manca libert\u00e0 di espressione e di stampa. Gli attivisti sono guardinghi pure con i social network, e mi \u00e8 sembrato che qualcuno stesse attento anche nell\u2019incontrare altri.<\/p>\n<p><strong><em>Quanto \u00e8 visibile l\u2019apparato repressivo del regime nelle proteste bielorusse? Come e quanto la repressione in Bielorussia si discosta dalla narrazione governativa delle proteste?<\/em><\/strong><\/p>\n<p>Durante le manifestazioni l\u2019apparato repressivo del regime \u00e8 molto visibile, molti sono in assetto antisommossa e con i loro mezzi, anche carri armati. Li puoi vedere appostati all\u2019inizio della manifestazione per intimidire i partecipanti; durante i cortei ti seguono in lontananza e, a fine corteo, quando il numero dei partecipanti incomincia a calare, intervengono con tutti i loro mezzi e fanno veramente paura.\u00a0 <strong>Disperdono e se possono fermare qualcuno, lo fanno.<\/strong><\/p>\n<p>Particolare \u00e8 il fatto che nella quotidianit\u00e0 \u00e8 difficile incontrare poliziotti. Il livello di criminalit\u00e0 in Bielorussia \u00e8 molto basso.\u00a0 Ho incontrato dei militari nel parco, ma si stavano semplicemente allenando.<\/p>\n<p><strong><em>\u201cLa nostra protesta ha il volto di donna\u201d: \u00e8 questo uno degli slogan pi\u00f9 ripetuti nelle proteste di queste settimane. Per quale ragione l\u2019enfasi sulla femminilit\u00e0 delle proteste \u00e8 cos\u00ec importante in questo caso?<\/em><\/strong><\/p>\n<p>Le donne tendono a essere protagoniste in queste lotte, in primo luogo cercando di mettere in discussione il patriarcato presente in Bielorussia. <strong>Secondo lo stesso presidente Lukashenko, una donna non pu\u00f2 diventare presidente della repubblica.<\/strong> Certo, il tasso di occupazione femminile \u00e8 alto, ma una certa misoginia \u00e8 stata una costante anche in questo paese.<\/p>\n<p>Poi nell\u2019opposizione diverse leader sono donne e non pu\u00f2 mancare la solidariet\u00e0 di diverse attiviste verso, per esempio, <a href=\"https:\/\/www.eastjournal.net\/archives\/109623\">Marija Kolesnikova<\/a>, in prigione con l\u2019accusa di \u201ctentato golpe\u201d. E non possono non lottare anche per chiedere maggior democrazia insieme alla riaffermazione dei diritti e della dignit\u00e0 femminile.<\/p>\n<p><em><strong>Quanto sono \u201ceuropee\u201d le vicende bielorusse di questi giorni? Ossia, quanto riguardano la politica estera dell\u2019UE? E ancora, cosa ne pensa e com\u2019\u00e8 vista dai bielorussi la presa di posizione di Bruxelles nei confronti di Lukashenko e la conseguente prospettiva delle sanzioni?<\/strong> <\/em><\/p>\n<p>Da quello che ho visto io, <strong>ai bielorussi in piazza interessano poco le manovre dell\u2019Unione europea.<\/strong> A loro interessa liberarsi del presidente e ci\u00f2 che pu\u00f2 favorire la democrazia nel paese. Non vogliono vivere in un regime oppressivo, vogliono essere liberi di manifestare e di esprimersi, a voce o a mezzo stampa. <strong>Non stanno mettendo in discussione il loro rapporto con la Russia<\/strong>, loro stessi si sentono profondamente legati alla Russia. Nella manifestazione di domenica, uno dei cartelli pi\u00f9 fotografati era una fotografia autoprodotta in cui c\u2019erano Lukashenko e Putin intorno al tavolo: Lukashenko, vestito da escort, parlava, mentre Putin ascoltava disperato mettendosi le mani nei pochi capelli.<\/p>\n<p><strong><em>Come ben sappiamo, la societ\u00e0 civile bielorussa \u00e8 disarticolata dalla repressione del regime di Lukashenko, mentre associazioni e partiti politici d\u2019<a href=\"https:\/\/www.eastjournal.net\/archives\/109812\" target=\"_blank\" rel=\"noopener noreferrer\">opposizione<\/a> sono spesso privi di riconoscimento ufficiale. Pensa che le proteste di questi mesi possano essere un laboratorio politico per l\u2019attivismo bielorusso? Che spinta possono dare alla societ\u00e0 bielorussa?<\/em><\/strong><\/p>\n<p>In Bielorussia, per anni, gli attivisti hanno inciso poco. Erano una minoranza marginale con molte difficolt\u00e0 a farsi sentire. Anche in passato ci sono state delle lotte, ma \u00e8 solo ora che finalmente si vede una partecipazione di massa capace di coinvolgere diverse categorie. Se da una parte abbiamo le femministe\u00a0con le loro richieste, non mancano i minatori che in alcuni casi hanno fatto sentire la loro voce anche con <a href=\"https:\/\/www.eastjournal.net\/archives\/109095\">scioperi<\/a> e altre forme di lotta.<\/p>\n<p><strong>Certamente \u00e8 un laboratorio politico interessante<\/strong>. Stanno fronteggiando un regime oppressivo da diverse settimane con differenti forme di lotta, pagando un duro prezzo in termini di repressione. Sono coinvolti diversi strati della societ\u00e0 civile e anche differenti generazioni. E c\u2019\u00e8 sostegno anche da parte di chi non partecipa. Forse manca qualcosa di credibile che possa orientare questa lotta. Alcuni <a href=\"https:\/\/www.eastjournal.net\/archives\/108854\">dirigenti<\/a>, per esempio, non si sono mostrati cos\u00ec credibili scappando all\u2019estero. Ma \u00e8 chiaro che c\u2019\u00e8 bisogno di tempo.<\/p>\n<p><strong><em>Sino a che punto possono arrivare le proteste? Quanto \u00e8 vicina, secondo lei, la prospettiva della fine del regime di Lukashenko?<\/em><\/strong><\/p>\n<p>Non \u00e8 facile prevedere cosa accadr\u00e0 in Bielorussia. E sembra che non dipenda solo dal paese. Certo, Lukashenko sta avendo diversi problemi a governare. Forse ci vorr\u00e0 del tempo per la sua caduta, e forse dovr\u00e0 cambiare anche qualcosa a livello internazionale per favorire ci\u00f2. Sarebbe comunque importante un maggior sostegno da parte nostra nei confronti di un popolo che chiede libert\u00e0.<\/p>\n<p><em><strong>Qualora in Bielorussia finisse l\u2019era di Lukashenko, quale cambiamento si aspetta ai vertici del paese? Pensa che le forze di opposizione e le proteste di piazza siano capaci di produrre un\u2019alternativa alla guida del paese?<\/strong> <\/em><\/p>\n<p><strong>Credo che l\u2019aumento della consapevolezza di quello che si vuole e la determinazione con cui la si vuole possa produrre un\u2019alternativa in questo paese.<\/strong> Un paese che comunque, per certi versi, funziona: la Bielorussia non \u00e8 un paese del terzo mondo. Almeno Minsk, che per certi versi ho trovato pi\u00f9 sviluppata di Milano. I mezzi pubblici mi sembra che funzionino meglio, e in definitiva, l\u2019ho trovata una citt\u00e0 pi\u00f9 pulita, c\u2019\u00e8 sempre qualcuno che pulisce anche di notte. Una citt\u00e0 vivace nella sua vita notturna, dove anche i teatri hanno il loro spazio.<\/p>\n<p><strong><em>Infine, secondo lei, siamo in presenza di una vera e propria \u201crivoluzione\u201d o di semplici proteste? Quali sono le sue considerazioni sulla portata e sulle potenzialit\u00e0 dei movimenti di piazza di queste settimane?<\/em><\/strong><\/p>\n<p>Forse non siamo ancora di fronte a una rivoluzione, ma non sono nemmeno delle semplici proteste. Lukashenko sembra avere un appoggio attivo solo da parte del suo <em>entourage<\/em> e degli OMON. <strong>Adesso magari pu\u00f2 bastare, in futuro no.<\/strong><\/p>\n","protected":false},"excerpt":{"rendered":"<p>\u201cLa nostra protesta ha un volto di donna\u201d (\u201cU na\u0161ego protesta \u017eenskoe litso\u201d): \u00e8 questo lo slogan che ha accompagnato la Marcia delle Donne che lo scorso 19 settembre ha affollato le piazze di Minsk in aperta opposizione alla pi\u00f9&hellip;<\/p>\n","protected":false},"author":1438,"featured_media":1206578,"comment_status":"closed","ping_status":"closed","sticky":false,"template":"","format":"standard","meta":{"footnotes":""},"categories":[47,157,55],"tags":[5284,4634,568,318],"class_list":["post-1206562","post","type-post","status-publish","format-standard","has-post-thumbnail","hentry","category-europa","category-interviste","category-politica","tag-arresti","tag-bielorussia","tag-donne","tag-manifestazione"],"yoast_head":"<!-- This site is optimized with the Yoast SEO plugin v27.1.1 - https:\/\/yoast.com\/product\/yoast-seo-wordpress\/ -->\n<title>Bielorussia: Intervista a un italiano arrestato a Minsk<\/title>\n<meta name=\"description\" content=\"\u201cLa nostra protesta ha un volto di donna\u201d \u00e8 lo slogan che ha accompagnato la Marcia delle Donne lo scorso 19 settembre a Minsk in aperta opposizione alla pi\u00f9 che ventennale presidenza Lukashenko. Abbiamo intervistato un italiano fermato dalla polizia bielorussa durante la manifestazione\" \/>\n<meta name=\"robots\" content=\"index, follow, max-snippet:-1, max-image-preview:large, max-video-preview:-1\" \/>\n<link rel=\"canonical\" href=\"https:\/\/www.pressenza.com\/it\/2020\/09\/bielorussia-intervista-a-un-italiano-arrestato-a-minsk\/\" \/>\n<meta property=\"og:locale\" content=\"it_IT\" \/>\n<meta property=\"og:type\" content=\"article\" \/>\n<meta property=\"og:title\" content=\"Bielorussia: Intervista a un italiano arrestato a Minsk\" \/>\n<meta property=\"og:description\" content=\"\u201cLa nostra protesta ha un volto di donna\u201d \u00e8 lo slogan che ha accompagnato la Marcia delle Donne lo scorso 19 settembre a Minsk in aperta opposizione alla pi\u00f9 che ventennale presidenza Lukashenko. Abbiamo intervistato un italiano fermato dalla polizia bielorussa durante la manifestazione\" \/>\n<meta property=\"og:url\" content=\"https:\/\/www.pressenza.com\/it\/2020\/09\/bielorussia-intervista-a-un-italiano-arrestato-a-minsk\/\" \/>\n<meta property=\"og:site_name\" content=\"Pressenza\" \/>\n<meta property=\"article:publisher\" content=\"https:\/\/www.facebook.com\/PressenzaItalia\" \/>\n<meta property=\"article:author\" content=\"https:\/\/www.facebook.com\/EaST-Journal-114874678534254\/\" \/>\n<meta property=\"article:published_time\" content=\"2020-09-30T13:32:53+00:00\" \/>\n<meta property=\"article:modified_time\" content=\"2020-09-30T13:46:06+00:00\" \/>\n<meta property=\"og:image\" content=\"https:\/\/www.pressenza.com\/wp-content\/uploads\/2020\/09\/Bielorussia.jpg\" \/>\n\t<meta property=\"og:image:width\" content=\"750\" \/>\n\t<meta property=\"og:image:height\" content=\"439\" \/>\n\t<meta property=\"og:image:type\" content=\"image\/jpeg\" \/>\n<meta name=\"author\" content=\"East Journal\" \/>\n<meta name=\"twitter:card\" content=\"summary_large_image\" \/>\n<meta name=\"twitter:creator\" content=\"@PressenzaIPA\" \/>\n<meta name=\"twitter:site\" content=\"@PressenzaIPA\" \/>\n<meta name=\"twitter:label1\" content=\"Scritto da\" \/>\n\t<meta name=\"twitter:data1\" content=\"East Journal\" \/>\n\t<meta name=\"twitter:label2\" content=\"Tempo di lettura stimato\" \/>\n\t<meta name=\"twitter:data2\" content=\"9 minuti\" \/>\n<script type=\"application\/ld+json\" class=\"yoast-schema-graph\">{\"@context\":\"https:\/\/schema.org\",\"@graph\":[{\"@type\":\"Article\",\"@id\":\"https:\/\/www.pressenza.com\/it\/2020\/09\/bielorussia-intervista-a-un-italiano-arrestato-a-minsk\/#article\",\"isPartOf\":{\"@id\":\"https:\/\/www.pressenza.com\/it\/2020\/09\/bielorussia-intervista-a-un-italiano-arrestato-a-minsk\/\"},\"author\":{\"name\":\"East Journal\",\"@id\":\"https:\/\/www.pressenza.com\/it\/#\/schema\/person\/ac0b6e21874c411b7ae3f1183e5b7a5a\"},\"headline\":\"Bielorussia: Intervista a un italiano arrestato a Minsk\",\"datePublished\":\"2020-09-30T13:32:53+00:00\",\"dateModified\":\"2020-09-30T13:46:06+00:00\",\"mainEntityOfPage\":{\"@id\":\"https:\/\/www.pressenza.com\/it\/2020\/09\/bielorussia-intervista-a-un-italiano-arrestato-a-minsk\/\"},\"wordCount\":1735,\"publisher\":{\"@id\":\"https:\/\/www.pressenza.com\/it\/#organization\"},\"image\":{\"@id\":\"https:\/\/www.pressenza.com\/it\/2020\/09\/bielorussia-intervista-a-un-italiano-arrestato-a-minsk\/#primaryimage\"},\"thumbnailUrl\":\"https:\/\/www.pressenza.com\/wp-content\/uploads\/2020\/09\/Bielorussia.jpg\",\"keywords\":[\"arresti\",\"Bielorussia\",\"donne\",\"manifestazione\"],\"articleSection\":[\"Europa\",\"Interviste\",\"Politica\"],\"inLanguage\":\"it-IT\"},{\"@type\":\"WebPage\",\"@id\":\"https:\/\/www.pressenza.com\/it\/2020\/09\/bielorussia-intervista-a-un-italiano-arrestato-a-minsk\/\",\"url\":\"https:\/\/www.pressenza.com\/it\/2020\/09\/bielorussia-intervista-a-un-italiano-arrestato-a-minsk\/\",\"name\":\"Bielorussia: Intervista a un italiano arrestato a Minsk\",\"isPartOf\":{\"@id\":\"https:\/\/www.pressenza.com\/it\/#website\"},\"primaryImageOfPage\":{\"@id\":\"https:\/\/www.pressenza.com\/it\/2020\/09\/bielorussia-intervista-a-un-italiano-arrestato-a-minsk\/#primaryimage\"},\"image\":{\"@id\":\"https:\/\/www.pressenza.com\/it\/2020\/09\/bielorussia-intervista-a-un-italiano-arrestato-a-minsk\/#primaryimage\"},\"thumbnailUrl\":\"https:\/\/www.pressenza.com\/wp-content\/uploads\/2020\/09\/Bielorussia.jpg\",\"datePublished\":\"2020-09-30T13:32:53+00:00\",\"dateModified\":\"2020-09-30T13:46:06+00:00\",\"description\":\"\u201cLa nostra protesta ha un volto di donna\u201d \u00e8 lo slogan che ha accompagnato la Marcia delle Donne lo scorso 19 settembre a Minsk in aperta opposizione alla pi\u00f9 che ventennale presidenza Lukashenko. Abbiamo intervistato un italiano fermato dalla polizia bielorussa durante la manifestazione\",\"breadcrumb\":{\"@id\":\"https:\/\/www.pressenza.com\/it\/2020\/09\/bielorussia-intervista-a-un-italiano-arrestato-a-minsk\/#breadcrumb\"},\"inLanguage\":\"it-IT\",\"potentialAction\":[{\"@type\":\"ReadAction\",\"target\":[\"https:\/\/www.pressenza.com\/it\/2020\/09\/bielorussia-intervista-a-un-italiano-arrestato-a-minsk\/\"]}]},{\"@type\":\"ImageObject\",\"inLanguage\":\"it-IT\",\"@id\":\"https:\/\/www.pressenza.com\/it\/2020\/09\/bielorussia-intervista-a-un-italiano-arrestato-a-minsk\/#primaryimage\",\"url\":\"https:\/\/www.pressenza.com\/wp-content\/uploads\/2020\/09\/Bielorussia.jpg\",\"contentUrl\":\"https:\/\/www.pressenza.com\/wp-content\/uploads\/2020\/09\/Bielorussia.jpg\",\"width\":750,\"height\":439},{\"@type\":\"BreadcrumbList\",\"@id\":\"https:\/\/www.pressenza.com\/it\/2020\/09\/bielorussia-intervista-a-un-italiano-arrestato-a-minsk\/#breadcrumb\",\"itemListElement\":[{\"@type\":\"ListItem\",\"position\":1,\"name\":\"Accueil\",\"item\":\"https:\/\/www.pressenza.com\/it\/\"},{\"@type\":\"ListItem\",\"position\":2,\"name\":\"Bielorussia: Intervista a un italiano arrestato a Minsk\"}]},{\"@type\":\"WebSite\",\"@id\":\"https:\/\/www.pressenza.com\/it\/#website\",\"url\":\"https:\/\/www.pressenza.com\/it\/\",\"name\":\"Pressenza\",\"description\":\"Agenzia di Stampa Internazionale\",\"publisher\":{\"@id\":\"https:\/\/www.pressenza.com\/it\/#organization\"},\"potentialAction\":[{\"@type\":\"SearchAction\",\"target\":{\"@type\":\"EntryPoint\",\"urlTemplate\":\"https:\/\/www.pressenza.com\/it\/?s={search_term_string}\"},\"query-input\":{\"@type\":\"PropertyValueSpecification\",\"valueRequired\":true,\"valueName\":\"search_term_string\"}}],\"inLanguage\":\"it-IT\"},{\"@type\":\"Organization\",\"@id\":\"https:\/\/www.pressenza.com\/it\/#organization\",\"name\":\"Pressenza\",\"url\":\"https:\/\/www.pressenza.com\/it\/\",\"logo\":{\"@type\":\"ImageObject\",\"inLanguage\":\"it-IT\",\"@id\":\"https:\/\/www.pressenza.com\/it\/#\/schema\/logo\/image\/\",\"url\":\"https:\/\/www.pressenza.com\/wp-content\/uploads\/2022\/10\/pressenza_logo_200x200.jpg\",\"contentUrl\":\"https:\/\/www.pressenza.com\/wp-content\/uploads\/2022\/10\/pressenza_logo_200x200.jpg\",\"width\":200,\"height\":200,\"caption\":\"Pressenza\"},\"image\":{\"@id\":\"https:\/\/www.pressenza.com\/it\/#\/schema\/logo\/image\/\"},\"sameAs\":[\"https:\/\/www.facebook.com\/PressenzaItalia\",\"https:\/\/x.com\/PressenzaIPA\"]},{\"@type\":\"Person\",\"@id\":\"https:\/\/www.pressenza.com\/it\/#\/schema\/person\/ac0b6e21874c411b7ae3f1183e5b7a5a\",\"name\":\"East Journal\",\"sameAs\":[\"http:\/\/www.eastjournal.net\/\",\"https:\/\/www.facebook.com\/EaST-Journal-114874678534254\/\"],\"url\":\"https:\/\/www.pressenza.com\/it\/author\/east-journal\/\"}]}<\/script>\n<!-- \/ Yoast SEO plugin. -->","yoast_head_json":{"title":"Bielorussia: Intervista a un italiano arrestato a Minsk","description":"\u201cLa nostra protesta ha un volto di donna\u201d \u00e8 lo slogan che ha accompagnato la Marcia delle Donne lo scorso 19 settembre a Minsk in aperta opposizione alla pi\u00f9 che ventennale presidenza Lukashenko. Abbiamo intervistato un italiano fermato dalla polizia bielorussa durante la manifestazione","robots":{"index":"index","follow":"follow","max-snippet":"max-snippet:-1","max-image-preview":"max-image-preview:large","max-video-preview":"max-video-preview:-1"},"canonical":"https:\/\/www.pressenza.com\/it\/2020\/09\/bielorussia-intervista-a-un-italiano-arrestato-a-minsk\/","og_locale":"it_IT","og_type":"article","og_title":"Bielorussia: Intervista a un italiano arrestato a Minsk","og_description":"\u201cLa nostra protesta ha un volto di donna\u201d \u00e8 lo slogan che ha accompagnato la Marcia delle Donne lo scorso 19 settembre a Minsk in aperta opposizione alla pi\u00f9 che ventennale presidenza Lukashenko. Abbiamo intervistato un italiano fermato dalla polizia bielorussa durante la manifestazione","og_url":"https:\/\/www.pressenza.com\/it\/2020\/09\/bielorussia-intervista-a-un-italiano-arrestato-a-minsk\/","og_site_name":"Pressenza","article_publisher":"https:\/\/www.facebook.com\/PressenzaItalia","article_author":"https:\/\/www.facebook.com\/EaST-Journal-114874678534254\/","article_published_time":"2020-09-30T13:32:53+00:00","article_modified_time":"2020-09-30T13:46:06+00:00","og_image":[{"width":750,"height":439,"url":"https:\/\/www.pressenza.com\/wp-content\/uploads\/2020\/09\/Bielorussia.jpg","type":"image\/jpeg"}],"author":"East Journal","twitter_card":"summary_large_image","twitter_creator":"@PressenzaIPA","twitter_site":"@PressenzaIPA","twitter_misc":{"Scritto da":"East Journal","Tempo di lettura stimato":"9 minuti"},"schema":{"@context":"https:\/\/schema.org","@graph":[{"@type":"Article","@id":"https:\/\/www.pressenza.com\/it\/2020\/09\/bielorussia-intervista-a-un-italiano-arrestato-a-minsk\/#article","isPartOf":{"@id":"https:\/\/www.pressenza.com\/it\/2020\/09\/bielorussia-intervista-a-un-italiano-arrestato-a-minsk\/"},"author":{"name":"East Journal","@id":"https:\/\/www.pressenza.com\/it\/#\/schema\/person\/ac0b6e21874c411b7ae3f1183e5b7a5a"},"headline":"Bielorussia: Intervista a un italiano arrestato a Minsk","datePublished":"2020-09-30T13:32:53+00:00","dateModified":"2020-09-30T13:46:06+00:00","mainEntityOfPage":{"@id":"https:\/\/www.pressenza.com\/it\/2020\/09\/bielorussia-intervista-a-un-italiano-arrestato-a-minsk\/"},"wordCount":1735,"publisher":{"@id":"https:\/\/www.pressenza.com\/it\/#organization"},"image":{"@id":"https:\/\/www.pressenza.com\/it\/2020\/09\/bielorussia-intervista-a-un-italiano-arrestato-a-minsk\/#primaryimage"},"thumbnailUrl":"https:\/\/www.pressenza.com\/wp-content\/uploads\/2020\/09\/Bielorussia.jpg","keywords":["arresti","Bielorussia","donne","manifestazione"],"articleSection":["Europa","Interviste","Politica"],"inLanguage":"it-IT"},{"@type":"WebPage","@id":"https:\/\/www.pressenza.com\/it\/2020\/09\/bielorussia-intervista-a-un-italiano-arrestato-a-minsk\/","url":"https:\/\/www.pressenza.com\/it\/2020\/09\/bielorussia-intervista-a-un-italiano-arrestato-a-minsk\/","name":"Bielorussia: Intervista a un italiano arrestato a Minsk","isPartOf":{"@id":"https:\/\/www.pressenza.com\/it\/#website"},"primaryImageOfPage":{"@id":"https:\/\/www.pressenza.com\/it\/2020\/09\/bielorussia-intervista-a-un-italiano-arrestato-a-minsk\/#primaryimage"},"image":{"@id":"https:\/\/www.pressenza.com\/it\/2020\/09\/bielorussia-intervista-a-un-italiano-arrestato-a-minsk\/#primaryimage"},"thumbnailUrl":"https:\/\/www.pressenza.com\/wp-content\/uploads\/2020\/09\/Bielorussia.jpg","datePublished":"2020-09-30T13:32:53+00:00","dateModified":"2020-09-30T13:46:06+00:00","description":"\u201cLa nostra protesta ha un volto di donna\u201d \u00e8 lo slogan che ha accompagnato la Marcia delle Donne lo scorso 19 settembre a Minsk in aperta opposizione alla pi\u00f9 che ventennale presidenza Lukashenko. Abbiamo intervistato un italiano fermato dalla polizia bielorussa durante la manifestazione","breadcrumb":{"@id":"https:\/\/www.pressenza.com\/it\/2020\/09\/bielorussia-intervista-a-un-italiano-arrestato-a-minsk\/#breadcrumb"},"inLanguage":"it-IT","potentialAction":[{"@type":"ReadAction","target":["https:\/\/www.pressenza.com\/it\/2020\/09\/bielorussia-intervista-a-un-italiano-arrestato-a-minsk\/"]}]},{"@type":"ImageObject","inLanguage":"it-IT","@id":"https:\/\/www.pressenza.com\/it\/2020\/09\/bielorussia-intervista-a-un-italiano-arrestato-a-minsk\/#primaryimage","url":"https:\/\/www.pressenza.com\/wp-content\/uploads\/2020\/09\/Bielorussia.jpg","contentUrl":"https:\/\/www.pressenza.com\/wp-content\/uploads\/2020\/09\/Bielorussia.jpg","width":750,"height":439},{"@type":"BreadcrumbList","@id":"https:\/\/www.pressenza.com\/it\/2020\/09\/bielorussia-intervista-a-un-italiano-arrestato-a-minsk\/#breadcrumb","itemListElement":[{"@type":"ListItem","position":1,"name":"Accueil","item":"https:\/\/www.pressenza.com\/it\/"},{"@type":"ListItem","position":2,"name":"Bielorussia: Intervista a un italiano arrestato a Minsk"}]},{"@type":"WebSite","@id":"https:\/\/www.pressenza.com\/it\/#website","url":"https:\/\/www.pressenza.com\/it\/","name":"Pressenza","description":"Agenzia di Stampa Internazionale","publisher":{"@id":"https:\/\/www.pressenza.com\/it\/#organization"},"potentialAction":[{"@type":"SearchAction","target":{"@type":"EntryPoint","urlTemplate":"https:\/\/www.pressenza.com\/it\/?s={search_term_string}"},"query-input":{"@type":"PropertyValueSpecification","valueRequired":true,"valueName":"search_term_string"}}],"inLanguage":"it-IT"},{"@type":"Organization","@id":"https:\/\/www.pressenza.com\/it\/#organization","name":"Pressenza","url":"https:\/\/www.pressenza.com\/it\/","logo":{"@type":"ImageObject","inLanguage":"it-IT","@id":"https:\/\/www.pressenza.com\/it\/#\/schema\/logo\/image\/","url":"https:\/\/www.pressenza.com\/wp-content\/uploads\/2022\/10\/pressenza_logo_200x200.jpg","contentUrl":"https:\/\/www.pressenza.com\/wp-content\/uploads\/2022\/10\/pressenza_logo_200x200.jpg","width":200,"height":200,"caption":"Pressenza"},"image":{"@id":"https:\/\/www.pressenza.com\/it\/#\/schema\/logo\/image\/"},"sameAs":["https:\/\/www.facebook.com\/PressenzaItalia","https:\/\/x.com\/PressenzaIPA"]},{"@type":"Person","@id":"https:\/\/www.pressenza.com\/it\/#\/schema\/person\/ac0b6e21874c411b7ae3f1183e5b7a5a","name":"East Journal","sameAs":["http:\/\/www.eastjournal.net\/","https:\/\/www.facebook.com\/EaST-Journal-114874678534254\/"],"url":"https:\/\/www.pressenza.com\/it\/author\/east-journal\/"}]}},"place":"Guglielmo Migliori","original_article_url":"https:\/\/www.eastjournal.net\/archives\/110194","_links":{"self":[{"href":"https:\/\/www.pressenza.com\/it\/wp-json\/wp\/v2\/posts\/1206562","targetHints":{"allow":["GET"]}}],"collection":[{"href":"https:\/\/www.pressenza.com\/it\/wp-json\/wp\/v2\/posts"}],"about":[{"href":"https:\/\/www.pressenza.com\/it\/wp-json\/wp\/v2\/types\/post"}],"author":[{"embeddable":true,"href":"https:\/\/www.pressenza.com\/it\/wp-json\/wp\/v2\/users\/1438"}],"replies":[{"embeddable":true,"href":"https:\/\/www.pressenza.com\/it\/wp-json\/wp\/v2\/comments?post=1206562"}],"version-history":[{"count":0,"href":"https:\/\/www.pressenza.com\/it\/wp-json\/wp\/v2\/posts\/1206562\/revisions"}],"wp:featuredmedia":[{"embeddable":true,"href":"https:\/\/www.pressenza.com\/it\/wp-json\/wp\/v2\/media\/1206578"}],"wp:attachment":[{"href":"https:\/\/www.pressenza.com\/it\/wp-json\/wp\/v2\/media?parent=1206562"}],"wp:term":[{"taxonomy":"category","embeddable":true,"href":"https:\/\/www.pressenza.com\/it\/wp-json\/wp\/v2\/categories?post=1206562"},{"taxonomy":"post_tag","embeddable":true,"href":"https:\/\/www.pressenza.com\/it\/wp-json\/wp\/v2\/tags?post=1206562"}],"curies":[{"name":"wp","href":"https:\/\/api.w.org\/{rel}","templated":true}]}}