{"id":1205922,"date":"2020-09-29T15:12:55","date_gmt":"2020-09-29T14:12:55","guid":{"rendered":"https:\/\/www.pressenza.com\/?p=1205922"},"modified":"2020-09-29T15:15:18","modified_gmt":"2020-09-29T14:15:18","slug":"carceri-slitta-il-concorso-per-direttori-antigone-fatto-che-testimonia-lassenza-di-attenzione-verso-sistema-penitenziario","status":"publish","type":"post","link":"https:\/\/www.pressenza.com\/it\/2020\/09\/carceri-slitta-il-concorso-per-direttori-antigone-fatto-che-testimonia-lassenza-di-attenzione-verso-sistema-penitenziario\/","title":{"rendered":"Carceri. Slitta il concorso per direttori. Antigone: &#8220;fatto che testimonia l&#8217;assenza di attenzione verso sistema penitenziario&#8221;"},"content":{"rendered":"<p>&#8220;\u00c8 grave che il concorso per assumere 45 dirigenti penitenziari sia stato messo in un binario che appare morto. Lo scorso 22 settembre avrebbero dovuto essere pubblicate le date per lo svolgimento dei test pre-selettivi, invece neanche quelle. Tutto rinviato a gennaio 2021. Vuol dire che il ministero della Giustizia non ha a cuore la grande questione della gestione delle carceri in Italia. Vi sono istituti che non hanno direttori, l\u2019ultimo concorso risale a met\u00e0 degli anni \u201990 del secolo scorso. Molti dirigenti svolgono doppie, triple funzioni.\u00a0Nel 2019 l&#8217;osservatorio di Antigone ha potuto rilevare, in 100 carceri, come solo in 53 ci fosse un direttore di ruolo. In 37 istituti il direttore era incaricato anche in un altro carcere, in 9 era in missione da un altro istituto e in 1 carcere non c&#8217;era direttore.<\/p>\n<p>Ai direttori si deve la tenuta di un sistema complesso e articolato. Il mestiere di direttore di carcere va valorizzato, gratificato. C\u2019\u00e8 bisogno di energie umane nuove. Per questo \u00e8 inaccettabile che vi sia stato uno slittamento sine die.<br \/>\nL\u2019emergenza Covid non ha impedito la fissazione della data per il concorso di insegnanti nelle scuole dove si partir\u00e0 il 22 ottobre e si continuer\u00e0 fino a met\u00e0 novembre in modo scaglionato. Si poteva fare allo stesso modo anche per le carceri, che evidentemente non sono tra le massime priorit\u00e0&#8221;.<\/p>\n<p>Queste le dichiarazioni di Patrizio Gonnella, presidente di Antigone.<\/p>\n","protected":false},"excerpt":{"rendered":"<p>&#8220;\u00c8 grave che il concorso per assumere 45 dirigenti penitenziari sia stato messo in un binario che appare morto. Lo scorso 22 settembre avrebbero dovuto essere pubblicate le date per lo svolgimento dei test pre-selettivi, invece neanche quelle. Tutto rinviato&hellip;<\/p>\n","protected":false},"author":1457,"featured_media":1066051,"comment_status":"closed","ping_status":"closed","sticky":false,"template":"","format":"standard","meta":{"footnotes":""},"categories":[150,60,47],"tags":[23897,3344,44424],"class_list":["post-1205922","post","type-post","status-publish","format-standard","has-post-thumbnail","hentry","category-comunicati-stampa","category-diritti-umani","category-europa","tag-antigone","tag-carceri","tag-patrizio-gonnella"],"yoast_head":"<!-- This site is optimized with the Yoast SEO plugin v27.1.1 - https:\/\/yoast.com\/product\/yoast-seo-wordpress\/ -->\n<title>Carceri. Slitta il concorso per direttori. Antigone: &quot;fatto che testimonia l&#039;assenza di attenzione verso sistema penitenziario&quot;<\/title>\n<meta name=\"description\" content=\"&quot;\u00c8 grave che il concorso per assumere 45 dirigenti penitenziari sia stato messo in un binario che appare morto. Lo scorso 22 settembre avrebbero dovuto\" \/>\n<meta name=\"robots\" content=\"index, follow, max-snippet:-1, max-image-preview:large, max-video-preview:-1\" \/>\n<link rel=\"canonical\" href=\"https:\/\/www.pressenza.com\/it\/2020\/09\/carceri-slitta-il-concorso-per-direttori-antigone-fatto-che-testimonia-lassenza-di-attenzione-verso-sistema-penitenziario\/\" \/>\n<meta property=\"og:locale\" content=\"it_IT\" \/>\n<meta property=\"og:type\" content=\"article\" \/>\n<meta property=\"og:title\" content=\"Carceri. Slitta il concorso per direttori. Antigone: &quot;fatto che testimonia l&#039;assenza di attenzione verso sistema penitenziario&quot;\" \/>\n<meta property=\"og:description\" content=\"&quot;\u00c8 grave che il concorso per assumere 45 dirigenti penitenziari sia stato messo in un binario che appare morto. Lo scorso 22 settembre avrebbero dovuto\" \/>\n<meta property=\"og:url\" content=\"https:\/\/www.pressenza.com\/it\/2020\/09\/carceri-slitta-il-concorso-per-direttori-antigone-fatto-che-testimonia-lassenza-di-attenzione-verso-sistema-penitenziario\/\" \/>\n<meta property=\"og:site_name\" content=\"Pressenza\" \/>\n<meta property=\"article:publisher\" content=\"https:\/\/www.facebook.com\/PressenzaItalia\" \/>\n<meta property=\"article:published_time\" content=\"2020-09-29T14:12:55+00:00\" \/>\n<meta property=\"article:modified_time\" content=\"2020-09-29T14:15:18+00:00\" \/>\n<meta property=\"og:image\" content=\"https:\/\/www.pressenza.com\/wp-content\/uploads\/2020\/03\/8197432516_4562d76c5f_o.jpg\" \/>\n\t<meta property=\"og:image:width\" content=\"900\" \/>\n\t<meta property=\"og:image:height\" content=\"506\" \/>\n\t<meta property=\"og:image:type\" content=\"image\/jpeg\" \/>\n<meta name=\"author\" content=\"Associazione Antigone\" \/>\n<meta name=\"twitter:card\" content=\"summary_large_image\" \/>\n<meta name=\"twitter:creator\" content=\"@PressenzaIPA\" \/>\n<meta name=\"twitter:site\" content=\"@PressenzaIPA\" \/>\n<meta name=\"twitter:label1\" content=\"Scritto da\" \/>\n\t<meta name=\"twitter:data1\" content=\"Associazione Antigone\" \/>\n\t<meta name=\"twitter:label2\" content=\"Tempo di lettura stimato\" \/>\n\t<meta name=\"twitter:data2\" content=\"1 minuto\" \/>\n<script type=\"application\/ld+json\" class=\"yoast-schema-graph\">{\"@context\":\"https:\/\/schema.org\",\"@graph\":[{\"@type\":\"Article\",\"@id\":\"https:\/\/www.pressenza.com\/it\/2020\/09\/carceri-slitta-il-concorso-per-direttori-antigone-fatto-che-testimonia-lassenza-di-attenzione-verso-sistema-penitenziario\/#article\",\"isPartOf\":{\"@id\":\"https:\/\/www.pressenza.com\/it\/2020\/09\/carceri-slitta-il-concorso-per-direttori-antigone-fatto-che-testimonia-lassenza-di-attenzione-verso-sistema-penitenziario\/\"},\"author\":{\"name\":\"Associazione Antigone\",\"@id\":\"https:\/\/www.pressenza.com\/it\/#\/schema\/person\/4ad97fdb2ce5229115c3148fe2cb59c5\"},\"headline\":\"Carceri. Slitta il concorso per direttori. Antigone: &#8220;fatto che testimonia l&#8217;assenza di attenzione verso sistema penitenziario&#8221;\",\"datePublished\":\"2020-09-29T14:12:55+00:00\",\"dateModified\":\"2020-09-29T14:15:18+00:00\",\"mainEntityOfPage\":{\"@id\":\"https:\/\/www.pressenza.com\/it\/2020\/09\/carceri-slitta-il-concorso-per-direttori-antigone-fatto-che-testimonia-lassenza-di-attenzione-verso-sistema-penitenziario\/\"},\"wordCount\":242,\"publisher\":{\"@id\":\"https:\/\/www.pressenza.com\/it\/#organization\"},\"image\":{\"@id\":\"https:\/\/www.pressenza.com\/it\/2020\/09\/carceri-slitta-il-concorso-per-direttori-antigone-fatto-che-testimonia-lassenza-di-attenzione-verso-sistema-penitenziario\/#primaryimage\"},\"thumbnailUrl\":\"https:\/\/www.pressenza.com\/wp-content\/uploads\/2020\/03\/8197432516_4562d76c5f_o.jpg\",\"keywords\":[\"Antigone\",\"carceri\",\"Patrizio Gonnella\"],\"articleSection\":[\"Comunicati Stampa\",\"Diritti Umani\",\"Europa\"],\"inLanguage\":\"it-IT\"},{\"@type\":\"WebPage\",\"@id\":\"https:\/\/www.pressenza.com\/it\/2020\/09\/carceri-slitta-il-concorso-per-direttori-antigone-fatto-che-testimonia-lassenza-di-attenzione-verso-sistema-penitenziario\/\",\"url\":\"https:\/\/www.pressenza.com\/it\/2020\/09\/carceri-slitta-il-concorso-per-direttori-antigone-fatto-che-testimonia-lassenza-di-attenzione-verso-sistema-penitenziario\/\",\"name\":\"Carceri. Slitta il concorso per direttori. Antigone: \\\"fatto che testimonia l'assenza di attenzione verso sistema penitenziario\\\"\",\"isPartOf\":{\"@id\":\"https:\/\/www.pressenza.com\/it\/#website\"},\"primaryImageOfPage\":{\"@id\":\"https:\/\/www.pressenza.com\/it\/2020\/09\/carceri-slitta-il-concorso-per-direttori-antigone-fatto-che-testimonia-lassenza-di-attenzione-verso-sistema-penitenziario\/#primaryimage\"},\"image\":{\"@id\":\"https:\/\/www.pressenza.com\/it\/2020\/09\/carceri-slitta-il-concorso-per-direttori-antigone-fatto-che-testimonia-lassenza-di-attenzione-verso-sistema-penitenziario\/#primaryimage\"},\"thumbnailUrl\":\"https:\/\/www.pressenza.com\/wp-content\/uploads\/2020\/03\/8197432516_4562d76c5f_o.jpg\",\"datePublished\":\"2020-09-29T14:12:55+00:00\",\"dateModified\":\"2020-09-29T14:15:18+00:00\",\"description\":\"\\\"\u00c8 grave che il concorso per assumere 45 dirigenti penitenziari sia stato messo in un binario che appare morto. Lo scorso 22 settembre avrebbero dovuto\",\"breadcrumb\":{\"@id\":\"https:\/\/www.pressenza.com\/it\/2020\/09\/carceri-slitta-il-concorso-per-direttori-antigone-fatto-che-testimonia-lassenza-di-attenzione-verso-sistema-penitenziario\/#breadcrumb\"},\"inLanguage\":\"it-IT\",\"potentialAction\":[{\"@type\":\"ReadAction\",\"target\":[\"https:\/\/www.pressenza.com\/it\/2020\/09\/carceri-slitta-il-concorso-per-direttori-antigone-fatto-che-testimonia-lassenza-di-attenzione-verso-sistema-penitenziario\/\"]}]},{\"@type\":\"ImageObject\",\"inLanguage\":\"it-IT\",\"@id\":\"https:\/\/www.pressenza.com\/it\/2020\/09\/carceri-slitta-il-concorso-per-direttori-antigone-fatto-che-testimonia-lassenza-di-attenzione-verso-sistema-penitenziario\/#primaryimage\",\"url\":\"https:\/\/www.pressenza.com\/wp-content\/uploads\/2020\/03\/8197432516_4562d76c5f_o.jpg\",\"contentUrl\":\"https:\/\/www.pressenza.com\/wp-content\/uploads\/2020\/03\/8197432516_4562d76c5f_o.jpg\",\"width\":900,\"height\":506,\"caption\":\"Carcere di Rieti\"},{\"@type\":\"BreadcrumbList\",\"@id\":\"https:\/\/www.pressenza.com\/it\/2020\/09\/carceri-slitta-il-concorso-per-direttori-antigone-fatto-che-testimonia-lassenza-di-attenzione-verso-sistema-penitenziario\/#breadcrumb\",\"itemListElement\":[{\"@type\":\"ListItem\",\"position\":1,\"name\":\"Accueil\",\"item\":\"https:\/\/www.pressenza.com\/it\/\"},{\"@type\":\"ListItem\",\"position\":2,\"name\":\"Carceri. Slitta il concorso per direttori. Antigone: &#8220;fatto che testimonia l&#8217;assenza di attenzione verso sistema penitenziario&#8221;\"}]},{\"@type\":\"WebSite\",\"@id\":\"https:\/\/www.pressenza.com\/it\/#website\",\"url\":\"https:\/\/www.pressenza.com\/it\/\",\"name\":\"Pressenza\",\"description\":\"Agenzia di Stampa Internazionale\",\"publisher\":{\"@id\":\"https:\/\/www.pressenza.com\/it\/#organization\"},\"potentialAction\":[{\"@type\":\"SearchAction\",\"target\":{\"@type\":\"EntryPoint\",\"urlTemplate\":\"https:\/\/www.pressenza.com\/it\/?s={search_term_string}\"},\"query-input\":{\"@type\":\"PropertyValueSpecification\",\"valueRequired\":true,\"valueName\":\"search_term_string\"}}],\"inLanguage\":\"it-IT\"},{\"@type\":\"Organization\",\"@id\":\"https:\/\/www.pressenza.com\/it\/#organization\",\"name\":\"Pressenza\",\"url\":\"https:\/\/www.pressenza.com\/it\/\",\"logo\":{\"@type\":\"ImageObject\",\"inLanguage\":\"it-IT\",\"@id\":\"https:\/\/www.pressenza.com\/it\/#\/schema\/logo\/image\/\",\"url\":\"https:\/\/www.pressenza.com\/wp-content\/uploads\/2022\/10\/pressenza_logo_200x200.jpg\",\"contentUrl\":\"https:\/\/www.pressenza.com\/wp-content\/uploads\/2022\/10\/pressenza_logo_200x200.jpg\",\"width\":200,\"height\":200,\"caption\":\"Pressenza\"},\"image\":{\"@id\":\"https:\/\/www.pressenza.com\/it\/#\/schema\/logo\/image\/\"},\"sameAs\":[\"https:\/\/www.facebook.com\/PressenzaItalia\",\"https:\/\/x.com\/PressenzaIPA\"]},{\"@type\":\"Person\",\"@id\":\"https:\/\/www.pressenza.com\/it\/#\/schema\/person\/4ad97fdb2ce5229115c3148fe2cb59c5\",\"name\":\"Associazione Antigone\",\"description\":\"Antigone, associazione \u201cper i diritti e le garanzie nel sistema penale\u201d, \u00e8 nata alla fine degli anni ottanta nel solco della omonima rivista contro l\u2019emergenza promossa, tra gli altri, da Massimo Cacciari, Stefano Rodot\u00e0 e Rossana Rossanda. E\u2019 un\u2019associazione politico-culturale a cui aderiscono prevalentemente magistrati, operatori penitenziari, studiosi, parlamentari, insegnanti e cittadini che a diverso titolo si interessano di giustizia penale. http:\/\/www.associazioneantigone.it\",\"sameAs\":[\"http:\/\/www.associazioneantigone.it\/\"],\"url\":\"https:\/\/www.pressenza.com\/it\/author\/associazione-antigone\/\"}]}<\/script>\n<!-- \/ Yoast SEO plugin. -->","yoast_head_json":{"title":"Carceri. Slitta il concorso per direttori. Antigone: \"fatto che testimonia l'assenza di attenzione verso sistema penitenziario\"","description":"\"\u00c8 grave che il concorso per assumere 45 dirigenti penitenziari sia stato messo in un binario che appare morto. Lo scorso 22 settembre avrebbero dovuto","robots":{"index":"index","follow":"follow","max-snippet":"max-snippet:-1","max-image-preview":"max-image-preview:large","max-video-preview":"max-video-preview:-1"},"canonical":"https:\/\/www.pressenza.com\/it\/2020\/09\/carceri-slitta-il-concorso-per-direttori-antigone-fatto-che-testimonia-lassenza-di-attenzione-verso-sistema-penitenziario\/","og_locale":"it_IT","og_type":"article","og_title":"Carceri. Slitta il concorso per direttori. Antigone: \"fatto che testimonia l'assenza di attenzione verso sistema penitenziario\"","og_description":"\"\u00c8 grave che il concorso per assumere 45 dirigenti penitenziari sia stato messo in un binario che appare morto. Lo scorso 22 settembre avrebbero dovuto","og_url":"https:\/\/www.pressenza.com\/it\/2020\/09\/carceri-slitta-il-concorso-per-direttori-antigone-fatto-che-testimonia-lassenza-di-attenzione-verso-sistema-penitenziario\/","og_site_name":"Pressenza","article_publisher":"https:\/\/www.facebook.com\/PressenzaItalia","article_published_time":"2020-09-29T14:12:55+00:00","article_modified_time":"2020-09-29T14:15:18+00:00","og_image":[{"width":900,"height":506,"url":"https:\/\/www.pressenza.com\/wp-content\/uploads\/2020\/03\/8197432516_4562d76c5f_o.jpg","type":"image\/jpeg"}],"author":"Associazione Antigone","twitter_card":"summary_large_image","twitter_creator":"@PressenzaIPA","twitter_site":"@PressenzaIPA","twitter_misc":{"Scritto da":"Associazione Antigone","Tempo di lettura stimato":"1 minuto"},"schema":{"@context":"https:\/\/schema.org","@graph":[{"@type":"Article","@id":"https:\/\/www.pressenza.com\/it\/2020\/09\/carceri-slitta-il-concorso-per-direttori-antigone-fatto-che-testimonia-lassenza-di-attenzione-verso-sistema-penitenziario\/#article","isPartOf":{"@id":"https:\/\/www.pressenza.com\/it\/2020\/09\/carceri-slitta-il-concorso-per-direttori-antigone-fatto-che-testimonia-lassenza-di-attenzione-verso-sistema-penitenziario\/"},"author":{"name":"Associazione Antigone","@id":"https:\/\/www.pressenza.com\/it\/#\/schema\/person\/4ad97fdb2ce5229115c3148fe2cb59c5"},"headline":"Carceri. Slitta il concorso per direttori. Antigone: &#8220;fatto che testimonia l&#8217;assenza di attenzione verso sistema penitenziario&#8221;","datePublished":"2020-09-29T14:12:55+00:00","dateModified":"2020-09-29T14:15:18+00:00","mainEntityOfPage":{"@id":"https:\/\/www.pressenza.com\/it\/2020\/09\/carceri-slitta-il-concorso-per-direttori-antigone-fatto-che-testimonia-lassenza-di-attenzione-verso-sistema-penitenziario\/"},"wordCount":242,"publisher":{"@id":"https:\/\/www.pressenza.com\/it\/#organization"},"image":{"@id":"https:\/\/www.pressenza.com\/it\/2020\/09\/carceri-slitta-il-concorso-per-direttori-antigone-fatto-che-testimonia-lassenza-di-attenzione-verso-sistema-penitenziario\/#primaryimage"},"thumbnailUrl":"https:\/\/www.pressenza.com\/wp-content\/uploads\/2020\/03\/8197432516_4562d76c5f_o.jpg","keywords":["Antigone","carceri","Patrizio Gonnella"],"articleSection":["Comunicati Stampa","Diritti Umani","Europa"],"inLanguage":"it-IT"},{"@type":"WebPage","@id":"https:\/\/www.pressenza.com\/it\/2020\/09\/carceri-slitta-il-concorso-per-direttori-antigone-fatto-che-testimonia-lassenza-di-attenzione-verso-sistema-penitenziario\/","url":"https:\/\/www.pressenza.com\/it\/2020\/09\/carceri-slitta-il-concorso-per-direttori-antigone-fatto-che-testimonia-lassenza-di-attenzione-verso-sistema-penitenziario\/","name":"Carceri. Slitta il concorso per direttori. Antigone: \"fatto che testimonia l'assenza di attenzione verso sistema penitenziario\"","isPartOf":{"@id":"https:\/\/www.pressenza.com\/it\/#website"},"primaryImageOfPage":{"@id":"https:\/\/www.pressenza.com\/it\/2020\/09\/carceri-slitta-il-concorso-per-direttori-antigone-fatto-che-testimonia-lassenza-di-attenzione-verso-sistema-penitenziario\/#primaryimage"},"image":{"@id":"https:\/\/www.pressenza.com\/it\/2020\/09\/carceri-slitta-il-concorso-per-direttori-antigone-fatto-che-testimonia-lassenza-di-attenzione-verso-sistema-penitenziario\/#primaryimage"},"thumbnailUrl":"https:\/\/www.pressenza.com\/wp-content\/uploads\/2020\/03\/8197432516_4562d76c5f_o.jpg","datePublished":"2020-09-29T14:12:55+00:00","dateModified":"2020-09-29T14:15:18+00:00","description":"\"\u00c8 grave che il concorso per assumere 45 dirigenti penitenziari sia stato messo in un binario che appare morto. Lo scorso 22 settembre avrebbero dovuto","breadcrumb":{"@id":"https:\/\/www.pressenza.com\/it\/2020\/09\/carceri-slitta-il-concorso-per-direttori-antigone-fatto-che-testimonia-lassenza-di-attenzione-verso-sistema-penitenziario\/#breadcrumb"},"inLanguage":"it-IT","potentialAction":[{"@type":"ReadAction","target":["https:\/\/www.pressenza.com\/it\/2020\/09\/carceri-slitta-il-concorso-per-direttori-antigone-fatto-che-testimonia-lassenza-di-attenzione-verso-sistema-penitenziario\/"]}]},{"@type":"ImageObject","inLanguage":"it-IT","@id":"https:\/\/www.pressenza.com\/it\/2020\/09\/carceri-slitta-il-concorso-per-direttori-antigone-fatto-che-testimonia-lassenza-di-attenzione-verso-sistema-penitenziario\/#primaryimage","url":"https:\/\/www.pressenza.com\/wp-content\/uploads\/2020\/03\/8197432516_4562d76c5f_o.jpg","contentUrl":"https:\/\/www.pressenza.com\/wp-content\/uploads\/2020\/03\/8197432516_4562d76c5f_o.jpg","width":900,"height":506,"caption":"Carcere di Rieti"},{"@type":"BreadcrumbList","@id":"https:\/\/www.pressenza.com\/it\/2020\/09\/carceri-slitta-il-concorso-per-direttori-antigone-fatto-che-testimonia-lassenza-di-attenzione-verso-sistema-penitenziario\/#breadcrumb","itemListElement":[{"@type":"ListItem","position":1,"name":"Accueil","item":"https:\/\/www.pressenza.com\/it\/"},{"@type":"ListItem","position":2,"name":"Carceri. Slitta il concorso per direttori. Antigone: &#8220;fatto che testimonia l&#8217;assenza di attenzione verso sistema penitenziario&#8221;"}]},{"@type":"WebSite","@id":"https:\/\/www.pressenza.com\/it\/#website","url":"https:\/\/www.pressenza.com\/it\/","name":"Pressenza","description":"Agenzia di Stampa Internazionale","publisher":{"@id":"https:\/\/www.pressenza.com\/it\/#organization"},"potentialAction":[{"@type":"SearchAction","target":{"@type":"EntryPoint","urlTemplate":"https:\/\/www.pressenza.com\/it\/?s={search_term_string}"},"query-input":{"@type":"PropertyValueSpecification","valueRequired":true,"valueName":"search_term_string"}}],"inLanguage":"it-IT"},{"@type":"Organization","@id":"https:\/\/www.pressenza.com\/it\/#organization","name":"Pressenza","url":"https:\/\/www.pressenza.com\/it\/","logo":{"@type":"ImageObject","inLanguage":"it-IT","@id":"https:\/\/www.pressenza.com\/it\/#\/schema\/logo\/image\/","url":"https:\/\/www.pressenza.com\/wp-content\/uploads\/2022\/10\/pressenza_logo_200x200.jpg","contentUrl":"https:\/\/www.pressenza.com\/wp-content\/uploads\/2022\/10\/pressenza_logo_200x200.jpg","width":200,"height":200,"caption":"Pressenza"},"image":{"@id":"https:\/\/www.pressenza.com\/it\/#\/schema\/logo\/image\/"},"sameAs":["https:\/\/www.facebook.com\/PressenzaItalia","https:\/\/x.com\/PressenzaIPA"]},{"@type":"Person","@id":"https:\/\/www.pressenza.com\/it\/#\/schema\/person\/4ad97fdb2ce5229115c3148fe2cb59c5","name":"Associazione Antigone","description":"Antigone, associazione \u201cper i diritti e le garanzie nel sistema penale\u201d, \u00e8 nata alla fine degli anni ottanta nel solco della omonima rivista contro l\u2019emergenza promossa, tra gli altri, da Massimo Cacciari, Stefano Rodot\u00e0 e Rossana Rossanda. E\u2019 un\u2019associazione politico-culturale a cui aderiscono prevalentemente magistrati, operatori penitenziari, studiosi, parlamentari, insegnanti e cittadini che a diverso titolo si interessano di giustizia penale. http:\/\/www.associazioneantigone.it","sameAs":["http:\/\/www.associazioneantigone.it\/"],"url":"https:\/\/www.pressenza.com\/it\/author\/associazione-antigone\/"}]}},"place":"","original_article_url":"","_links":{"self":[{"href":"https:\/\/www.pressenza.com\/it\/wp-json\/wp\/v2\/posts\/1205922","targetHints":{"allow":["GET"]}}],"collection":[{"href":"https:\/\/www.pressenza.com\/it\/wp-json\/wp\/v2\/posts"}],"about":[{"href":"https:\/\/www.pressenza.com\/it\/wp-json\/wp\/v2\/types\/post"}],"author":[{"embeddable":true,"href":"https:\/\/www.pressenza.com\/it\/wp-json\/wp\/v2\/users\/1457"}],"replies":[{"embeddable":true,"href":"https:\/\/www.pressenza.com\/it\/wp-json\/wp\/v2\/comments?post=1205922"}],"version-history":[{"count":0,"href":"https:\/\/www.pressenza.com\/it\/wp-json\/wp\/v2\/posts\/1205922\/revisions"}],"wp:featuredmedia":[{"embeddable":true,"href":"https:\/\/www.pressenza.com\/it\/wp-json\/wp\/v2\/media\/1066051"}],"wp:attachment":[{"href":"https:\/\/www.pressenza.com\/it\/wp-json\/wp\/v2\/media?parent=1205922"}],"wp:term":[{"taxonomy":"category","embeddable":true,"href":"https:\/\/www.pressenza.com\/it\/wp-json\/wp\/v2\/categories?post=1205922"},{"taxonomy":"post_tag","embeddable":true,"href":"https:\/\/www.pressenza.com\/it\/wp-json\/wp\/v2\/tags?post=1205922"}],"curies":[{"name":"wp","href":"https:\/\/api.w.org\/{rel}","templated":true}]}}