{"id":1204396,"date":"2020-09-26T14:02:19","date_gmt":"2020-09-26T13:02:19","guid":{"rendered":"https:\/\/www.pressenza.com\/?p=1204396"},"modified":"2020-09-26T14:19:31","modified_gmt":"2020-09-26T13:19:31","slug":"giornata-onu-per-labolizione-delle-armi-nucleari-serve-il-coraggio-di-cancellare-questa-minaccia-esistenziale-per-il-mondo","status":"publish","type":"post","link":"https:\/\/www.pressenza.com\/it\/2020\/09\/giornata-onu-per-labolizione-delle-armi-nucleari-serve-il-coraggio-di-cancellare-questa-minaccia-esistenziale-per-il-mondo\/","title":{"rendered":"Giornata ONU per l\u2019abolizione delle armi nucleari: serve il coraggio di cancellare questa minaccia esistenziale per il Mondo"},"content":{"rendered":"<p><em>In occasione della ricorrenza che ricorda la decisione del 1983 del Colonnello Petrov che salv\u00f2 il mondo dalla catastrofe nucleare Senzatomica e Rete Italiana Pace e Disarmo rilanciano al Governo italiano la richiesta di sostenere il percorso del Trattato di Proibizione delle Armi Nucleari.\u00a0<\/em><\/p>\n<p><em>In particolare sostenendo e rilanciando le richieste presenti nella lettera aperta di 56 ex capi di Governo e Ministri degli Esteri dei Paesi NATO (tra cui Enrico Letta e Franco Frattini) che sottolinea come &#8220;le armi nucleari non servono a nessuno scopo militare o strategico legittimo, viste le conseguenze umane e ambientali catastrofiche di qualsiasi loro uso&#8221; e che occorre &#8220;mostrare coraggio e audacia e aderire al Trattato&#8221; votato nel 2017 all&#8217;ONU e voluto dalla societ\u00e0 civile internazionale riunita nella Campagna ICAN.<\/em><\/p>\n<p>Un mondo libero delle armi nucleari e senza pi\u00f9 la minaccia di una distruzione globale. Norme internazionali che mettano al bando definitivamente le pi\u00f9 distruttive armi mai prodotte dall\u2019uomo. E un\u2019Italia che abbia coraggio di prendere decisioni forti e da protagonista per realizzare davvero questo percorso. Sono questi gli auspici che Rete Italiana Pace e Disarmo e Senzatomica continuano a rinnovare anche in occasione della\u00a0<strong>Giornata Internazionale per la totale eliminazione delle armi nucleari<\/strong>, ricorrenza voluta dalle Nazioni Unite a ricordo dell\u2019atto eroico del colonnello sovietico Stanislav Petrov che nel 1983 disse no a regole assurde e pericolose riuscendo a prevenire un conflitto missilistico nucleare.<\/p>\n<p>Una necessit\u00e0\u00a0<strong>rilanciata in questi giorni da 56 ex leader politici dei Paesi NATO che tramite una lettera aperta hanno diffuso un appello affinch\u00e9 i Governi dei loro paesi considerino l\u2019adesione al Trattato TPAN<\/strong>\u00a0come passo centrale e percorso di vera realizzazione del disarmo nucleare. Una iniziativa che, insieme alla Campagna ICAN, consideriamo la pi\u00f9 significativa dimostrazione di sostegno di alto livello che il Trattato sta raccogliendo, in particolare nei paesi NATO. \u201cCi auguriamo che possa innescare un dibattito, anche in seno ai parlamenti, e contribuire a far cambiare le posizioni nazionali\u201d, \u00e8 la nostra richiesta.<\/p>\n<p>In uno dei passaggi fondamentali della lettera si legge: \u201cAccettando la protezione delle armi nucleari stiamo\u00a0<strong>diffondendo la nozione pericolosa e sbagliata che le armi nucleari aumentino la sicurezza.\u00a0<\/strong>Invece di permettere il progresso verso un mondo libero dalle armi nucleari lo stiamo impedendo e perpetuando i pericoli nucleari &#8211; il tutto\u00a0<strong>per paura di sconvolgere i nostri alleati che si aggrappano a queste armi di distruzione di massa. Ma gli amici possono e devono parlare quando gli amici si impegnano in comportamenti sconsiderati\u00a0<\/strong>che mettono in pericolo la loro vita e la nostra\u201d.<\/p>\n<p>E ancora: \u201cSenza dubbio\u00a0<strong>\u00e8 in corso una nuova corsa agli armamenti nucleari, ed \u00e8 urgentemente necessaria una corsa al disarmo<\/strong>. \u00c8 tempo di porre fine all&#8217;era della dipendenza dalle armi nucleari\u201d in particolare grazia al \u201cTrattato di proibizione delle armi nucleari (TPAN) un accordo globale di riferimento che pone le armi nucleari sullo stesso piano legale delle armi chimiche e biologiche e stabilisce un quadro per eliminarle in modo verificabile e irreversibile\u201d.<\/p>\n<p><strong>Rete Italiana Pace e Disarmo e Senzatomica si uniscono alle richieste esplicitate nella lettera aperta e ringraziano in particolare l\u2019ex Presidente del Consiglio Enrico Letta e l\u2019ex Ministro degli Esteri Franco Frattini che hanno voluto sottoscrivere questo importante documento.<\/strong><\/p>\n<p>Una serie di\u00a0<strong>richieste specifiche che sono ancora pi\u00f9 importanti nell\u2019anno in cui si celebra il 75\u00ba anniversario dei bombardamenti atomici subiti da Hiroshima e Nagasaki, con la voce dei sopravvissuti (gli\u00a0<em>hibakusha<\/em>) che non smette di ricordarci l\u2019insensatezza e il pericolo avere ancora presenti nel mondo oltre 14.000 testate<\/strong>\u00a0nucleari. Domande dirette alle Istituzioni e alla politica italiane e che fanno parte del percorso tracciato delle iniziative di disarmo umanitario della societ\u00e0 civile internazionale; un cammino che ha portato nel 2017 all\u2019approvazione a New York di un Trattato sulla messa bando di tutte le armi nucleari, strada che anche noi indichiamo come centrale insieme alla campagna ICAN, premio Nobel 2017.<\/p>\n<p><strong>A breve verr\u00e0 raggiunto un primo traguardo: sino infatti gi\u00e0 45 le ratifiche ufficiali di Paesi depositate e il Trattato entrer\u00e0 in vigore, come prima norma internazionale contro questo tipo di armamenti, al raggiungimento di 50 ratifiche<\/strong>. Manca dunque poco e manca poco alla definitiva concretizzazione di\u00a0<strong>regole chiare e vincolanti che comunque gi\u00e0 ora stanno avendo un impatto positivo<\/strong>\u00a0su politica, mondo finanziario, societ\u00e0 civile internazionale.<\/p>\n<p>Perci\u00f2 \u00e8 importante per noi, alla vigilia della Giornata Internazionale,\u00a0<strong>rilanciare nuovamente il nostro slogan \u201cItalia, ripensaci\u201d e la nostra azione per chiedere al nostro Paese di assumere un ruolo da protagonista positivo\u00a0<\/strong>in un percorso che \u00e8 fondamentale ed epocale per la sopravvivenza stessa della nostra civilt\u00e0. Purtroppo dobbiamo\u00a0<strong>constatare come l\u2019Italia invece continui ad accodarsi alle scelte dei Paesi nucleari e, anche in recenti risposte ufficiali a sollecitazioni della campagna ICAN, continua a ribadire l\u2019adesione a vecchie formule\u00a0<\/strong>che si sono dimostrate purtroppo sterili nel condurre davvero al disarmo nucleare, obiettivo sempre richiamato nelle dichiarazioni politiche.<\/p>\n<p><strong>Riteniamo non sia possibile continuare ad invocare il sogno di un mondo libero delle armi nucleari e nel contempo accettare che nel proprio territorio siano stazionate testate e accettare che tali ordigni vengano aggiornati e modificati con costi stratosferici<\/strong>, addirittura mettendo a disposizione propri aerei e piloti per un ipotetico, e speriamo mai concretizzato, conflitto nucleare.<\/p>\n<p>***<\/p>\n<p><strong><em><a href=\"https:\/\/www.pressenza.com\/it\/2020\/09\/lettera-aperta-a-sostegno-del-trattato-per-la-proibizione-delle-armi-nucleari\/\" target=\"_blank\" rel=\"noopener noreferrer\">Lettera aperta in sostegno del Trattato di proibizione delle armi nucleari (TPAN)<\/a>\u00a0votato nel 2017\u00a0firmata da 56 ex Presidenti, Primi Ministri, Ministri degli esteri e Ministri della difesa di 20 Stati membri della NATO, oltre che del Giappone e della Corea del Sud.<\/em><\/strong><\/p>\n","protected":false},"excerpt":{"rendered":"<p>In occasione della ricorrenza che ricorda la decisione del 1983 del Colonnello Petrov che salv\u00f2 il mondo dalla catastrofe nucleare Senzatomica e Rete Italiana Pace e Disarmo rilanciano al Governo italiano la richiesta di sostenere il percorso del Trattato di&hellip;<\/p>\n","protected":false},"author":235,"featured_media":926703,"comment_status":"closed","ping_status":"closed","sticky":false,"template":"","format":"standard","meta":{"footnotes":""},"categories":[150,47,1263],"tags":[30958,81440,40054],"class_list":["post-1204396","post","type-post","status-publish","format-standard","has-post-thumbnail","hentry","category-comunicati-stampa","category-europa","category-pace-disarmo","tag-giornata-internazionale-per-la-totale-eliminazione-delle-armi-nucleari","tag-stanislav-petrov-it","tag-trattato-di-proibizione-delle-armi-nucleari"],"yoast_head":"<!-- This site is optimized with the Yoast SEO plugin v27.1.1 - https:\/\/yoast.com\/product\/yoast-seo-wordpress\/ -->\n<title>Giornata ONU per l\u2019abolizione delle armi nucleari: serve il coraggio di cancellare questa minaccia esistenziale per il Mondo<\/title>\n<meta name=\"description\" content=\"In occasione della ricorrenza che ricorda la decisione del 1983 del Colonnello Petrov che salv\u00f2 il mondo dalla catastrofe nucleare Senzatomica e Rete\" \/>\n<meta name=\"robots\" content=\"index, follow, max-snippet:-1, max-image-preview:large, max-video-preview:-1\" \/>\n<link rel=\"canonical\" href=\"https:\/\/www.pressenza.com\/it\/2020\/09\/giornata-onu-per-labolizione-delle-armi-nucleari-serve-il-coraggio-di-cancellare-questa-minaccia-esistenziale-per-il-mondo\/\" \/>\n<meta property=\"og:locale\" content=\"it_IT\" \/>\n<meta property=\"og:type\" content=\"article\" \/>\n<meta property=\"og:title\" content=\"Giornata ONU per l\u2019abolizione delle armi nucleari: serve il coraggio di cancellare questa minaccia esistenziale per il Mondo\" \/>\n<meta property=\"og:description\" content=\"In occasione della ricorrenza che ricorda la decisione del 1983 del Colonnello Petrov che salv\u00f2 il mondo dalla catastrofe nucleare Senzatomica e Rete\" \/>\n<meta property=\"og:url\" content=\"https:\/\/www.pressenza.com\/it\/2020\/09\/giornata-onu-per-labolizione-delle-armi-nucleari-serve-il-coraggio-di-cancellare-questa-minaccia-esistenziale-per-il-mondo\/\" \/>\n<meta property=\"og:site_name\" content=\"Pressenza\" \/>\n<meta property=\"article:publisher\" content=\"https:\/\/www.facebook.com\/PressenzaItalia\" \/>\n<meta property=\"article:author\" content=\"https:\/\/www.facebook.com\/retedisarmo\/\" \/>\n<meta property=\"article:published_time\" content=\"2020-09-26T13:02:19+00:00\" \/>\n<meta property=\"article:modified_time\" content=\"2020-09-26T13:19:31+00:00\" \/>\n<meta property=\"og:image\" content=\"https:\/\/www.pressenza.com\/wp-content\/uploads\/2019\/09\/end-nuclear.jpg\" \/>\n\t<meta property=\"og:image:width\" content=\"1080\" \/>\n\t<meta property=\"og:image:height\" content=\"1080\" \/>\n\t<meta property=\"og:image:type\" content=\"image\/jpeg\" \/>\n<meta name=\"author\" content=\"Rete Italiana per il Disarmo\" \/>\n<meta name=\"twitter:card\" content=\"summary_large_image\" \/>\n<meta name=\"twitter:creator\" content=\"@PressenzaIPA\" \/>\n<meta name=\"twitter:site\" content=\"@PressenzaIPA\" \/>\n<meta name=\"twitter:label1\" content=\"Scritto da\" \/>\n\t<meta name=\"twitter:data1\" content=\"Rete Italiana per il Disarmo\" \/>\n\t<meta name=\"twitter:label2\" content=\"Tempo di lettura stimato\" \/>\n\t<meta name=\"twitter:data2\" content=\"5 minuti\" \/>\n<script type=\"application\/ld+json\" class=\"yoast-schema-graph\">{\"@context\":\"https:\/\/schema.org\",\"@graph\":[{\"@type\":\"Article\",\"@id\":\"https:\/\/www.pressenza.com\/it\/2020\/09\/giornata-onu-per-labolizione-delle-armi-nucleari-serve-il-coraggio-di-cancellare-questa-minaccia-esistenziale-per-il-mondo\/#article\",\"isPartOf\":{\"@id\":\"https:\/\/www.pressenza.com\/it\/2020\/09\/giornata-onu-per-labolizione-delle-armi-nucleari-serve-il-coraggio-di-cancellare-questa-minaccia-esistenziale-per-il-mondo\/\"},\"author\":{\"name\":\"Rete Italiana per il Disarmo\",\"@id\":\"https:\/\/www.pressenza.com\/it\/#\/schema\/person\/68db3ba40086f89be9c210065b21fb6e\"},\"headline\":\"Giornata ONU per l\u2019abolizione delle armi nucleari: serve il coraggio di cancellare questa minaccia esistenziale per il Mondo\",\"datePublished\":\"2020-09-26T13:02:19+00:00\",\"dateModified\":\"2020-09-26T13:19:31+00:00\",\"mainEntityOfPage\":{\"@id\":\"https:\/\/www.pressenza.com\/it\/2020\/09\/giornata-onu-per-labolizione-delle-armi-nucleari-serve-il-coraggio-di-cancellare-questa-minaccia-esistenziale-per-il-mondo\/\"},\"wordCount\":921,\"publisher\":{\"@id\":\"https:\/\/www.pressenza.com\/it\/#organization\"},\"image\":{\"@id\":\"https:\/\/www.pressenza.com\/it\/2020\/09\/giornata-onu-per-labolizione-delle-armi-nucleari-serve-il-coraggio-di-cancellare-questa-minaccia-esistenziale-per-il-mondo\/#primaryimage\"},\"thumbnailUrl\":\"https:\/\/www.pressenza.com\/wp-content\/uploads\/2019\/09\/end-nuclear.jpg\",\"keywords\":[\"Giornata Internazionale per la totale eliminazione delle armi nucleari\",\"Stanislav Petrov\",\"Trattato di proibizione delle armi nucleari\"],\"articleSection\":[\"Comunicati Stampa\",\"Europa\",\"Pace e Disarmo\"],\"inLanguage\":\"it-IT\"},{\"@type\":\"WebPage\",\"@id\":\"https:\/\/www.pressenza.com\/it\/2020\/09\/giornata-onu-per-labolizione-delle-armi-nucleari-serve-il-coraggio-di-cancellare-questa-minaccia-esistenziale-per-il-mondo\/\",\"url\":\"https:\/\/www.pressenza.com\/it\/2020\/09\/giornata-onu-per-labolizione-delle-armi-nucleari-serve-il-coraggio-di-cancellare-questa-minaccia-esistenziale-per-il-mondo\/\",\"name\":\"Giornata ONU per l\u2019abolizione delle armi nucleari: serve il coraggio di cancellare questa minaccia esistenziale per il Mondo\",\"isPartOf\":{\"@id\":\"https:\/\/www.pressenza.com\/it\/#website\"},\"primaryImageOfPage\":{\"@id\":\"https:\/\/www.pressenza.com\/it\/2020\/09\/giornata-onu-per-labolizione-delle-armi-nucleari-serve-il-coraggio-di-cancellare-questa-minaccia-esistenziale-per-il-mondo\/#primaryimage\"},\"image\":{\"@id\":\"https:\/\/www.pressenza.com\/it\/2020\/09\/giornata-onu-per-labolizione-delle-armi-nucleari-serve-il-coraggio-di-cancellare-questa-minaccia-esistenziale-per-il-mondo\/#primaryimage\"},\"thumbnailUrl\":\"https:\/\/www.pressenza.com\/wp-content\/uploads\/2019\/09\/end-nuclear.jpg\",\"datePublished\":\"2020-09-26T13:02:19+00:00\",\"dateModified\":\"2020-09-26T13:19:31+00:00\",\"description\":\"In occasione della ricorrenza che ricorda la decisione del 1983 del Colonnello Petrov che salv\u00f2 il mondo dalla catastrofe nucleare Senzatomica e Rete\",\"breadcrumb\":{\"@id\":\"https:\/\/www.pressenza.com\/it\/2020\/09\/giornata-onu-per-labolizione-delle-armi-nucleari-serve-il-coraggio-di-cancellare-questa-minaccia-esistenziale-per-il-mondo\/#breadcrumb\"},\"inLanguage\":\"it-IT\",\"potentialAction\":[{\"@type\":\"ReadAction\",\"target\":[\"https:\/\/www.pressenza.com\/it\/2020\/09\/giornata-onu-per-labolizione-delle-armi-nucleari-serve-il-coraggio-di-cancellare-questa-minaccia-esistenziale-per-il-mondo\/\"]}]},{\"@type\":\"ImageObject\",\"inLanguage\":\"it-IT\",\"@id\":\"https:\/\/www.pressenza.com\/it\/2020\/09\/giornata-onu-per-labolizione-delle-armi-nucleari-serve-il-coraggio-di-cancellare-questa-minaccia-esistenziale-per-il-mondo\/#primaryimage\",\"url\":\"https:\/\/www.pressenza.com\/wp-content\/uploads\/2019\/09\/end-nuclear.jpg\",\"contentUrl\":\"https:\/\/www.pressenza.com\/wp-content\/uploads\/2019\/09\/end-nuclear.jpg\",\"width\":1080,\"height\":1080},{\"@type\":\"BreadcrumbList\",\"@id\":\"https:\/\/www.pressenza.com\/it\/2020\/09\/giornata-onu-per-labolizione-delle-armi-nucleari-serve-il-coraggio-di-cancellare-questa-minaccia-esistenziale-per-il-mondo\/#breadcrumb\",\"itemListElement\":[{\"@type\":\"ListItem\",\"position\":1,\"name\":\"Accueil\",\"item\":\"https:\/\/www.pressenza.com\/it\/\"},{\"@type\":\"ListItem\",\"position\":2,\"name\":\"Giornata ONU per l\u2019abolizione delle armi nucleari: serve il coraggio di cancellare questa minaccia esistenziale per il Mondo\"}]},{\"@type\":\"WebSite\",\"@id\":\"https:\/\/www.pressenza.com\/it\/#website\",\"url\":\"https:\/\/www.pressenza.com\/it\/\",\"name\":\"Pressenza\",\"description\":\"Agenzia di Stampa Internazionale\",\"publisher\":{\"@id\":\"https:\/\/www.pressenza.com\/it\/#organization\"},\"potentialAction\":[{\"@type\":\"SearchAction\",\"target\":{\"@type\":\"EntryPoint\",\"urlTemplate\":\"https:\/\/www.pressenza.com\/it\/?s={search_term_string}\"},\"query-input\":{\"@type\":\"PropertyValueSpecification\",\"valueRequired\":true,\"valueName\":\"search_term_string\"}}],\"inLanguage\":\"it-IT\"},{\"@type\":\"Organization\",\"@id\":\"https:\/\/www.pressenza.com\/it\/#organization\",\"name\":\"Pressenza\",\"url\":\"https:\/\/www.pressenza.com\/it\/\",\"logo\":{\"@type\":\"ImageObject\",\"inLanguage\":\"it-IT\",\"@id\":\"https:\/\/www.pressenza.com\/it\/#\/schema\/logo\/image\/\",\"url\":\"https:\/\/www.pressenza.com\/wp-content\/uploads\/2022\/10\/pressenza_logo_200x200.jpg\",\"contentUrl\":\"https:\/\/www.pressenza.com\/wp-content\/uploads\/2022\/10\/pressenza_logo_200x200.jpg\",\"width\":200,\"height\":200,\"caption\":\"Pressenza\"},\"image\":{\"@id\":\"https:\/\/www.pressenza.com\/it\/#\/schema\/logo\/image\/\"},\"sameAs\":[\"https:\/\/www.facebook.com\/PressenzaItalia\",\"https:\/\/x.com\/PressenzaIPA\"]},{\"@type\":\"Person\",\"@id\":\"https:\/\/www.pressenza.com\/it\/#\/schema\/person\/68db3ba40086f89be9c210065b21fb6e\",\"name\":\"Rete Italiana per il Disarmo\",\"description\":\"www.disarmo.org\",\"sameAs\":[\"http:\/\/www.disarmo.org\/\",\"https:\/\/www.facebook.com\/retedisarmo\/\"],\"url\":\"https:\/\/www.pressenza.com\/it\/author\/rete-disarmo\/\"}]}<\/script>\n<!-- \/ Yoast SEO plugin. -->","yoast_head_json":{"title":"Giornata ONU per l\u2019abolizione delle armi nucleari: serve il coraggio di cancellare questa minaccia esistenziale per il Mondo","description":"In occasione della ricorrenza che ricorda la decisione del 1983 del Colonnello Petrov che salv\u00f2 il mondo dalla catastrofe nucleare Senzatomica e Rete","robots":{"index":"index","follow":"follow","max-snippet":"max-snippet:-1","max-image-preview":"max-image-preview:large","max-video-preview":"max-video-preview:-1"},"canonical":"https:\/\/www.pressenza.com\/it\/2020\/09\/giornata-onu-per-labolizione-delle-armi-nucleari-serve-il-coraggio-di-cancellare-questa-minaccia-esistenziale-per-il-mondo\/","og_locale":"it_IT","og_type":"article","og_title":"Giornata ONU per l\u2019abolizione delle armi nucleari: serve il coraggio di cancellare questa minaccia esistenziale per il Mondo","og_description":"In occasione della ricorrenza che ricorda la decisione del 1983 del Colonnello Petrov che salv\u00f2 il mondo dalla catastrofe nucleare Senzatomica e Rete","og_url":"https:\/\/www.pressenza.com\/it\/2020\/09\/giornata-onu-per-labolizione-delle-armi-nucleari-serve-il-coraggio-di-cancellare-questa-minaccia-esistenziale-per-il-mondo\/","og_site_name":"Pressenza","article_publisher":"https:\/\/www.facebook.com\/PressenzaItalia","article_author":"https:\/\/www.facebook.com\/retedisarmo\/","article_published_time":"2020-09-26T13:02:19+00:00","article_modified_time":"2020-09-26T13:19:31+00:00","og_image":[{"width":1080,"height":1080,"url":"https:\/\/www.pressenza.com\/wp-content\/uploads\/2019\/09\/end-nuclear.jpg","type":"image\/jpeg"}],"author":"Rete Italiana per il Disarmo","twitter_card":"summary_large_image","twitter_creator":"@PressenzaIPA","twitter_site":"@PressenzaIPA","twitter_misc":{"Scritto da":"Rete Italiana per il Disarmo","Tempo di lettura stimato":"5 minuti"},"schema":{"@context":"https:\/\/schema.org","@graph":[{"@type":"Article","@id":"https:\/\/www.pressenza.com\/it\/2020\/09\/giornata-onu-per-labolizione-delle-armi-nucleari-serve-il-coraggio-di-cancellare-questa-minaccia-esistenziale-per-il-mondo\/#article","isPartOf":{"@id":"https:\/\/www.pressenza.com\/it\/2020\/09\/giornata-onu-per-labolizione-delle-armi-nucleari-serve-il-coraggio-di-cancellare-questa-minaccia-esistenziale-per-il-mondo\/"},"author":{"name":"Rete Italiana per il Disarmo","@id":"https:\/\/www.pressenza.com\/it\/#\/schema\/person\/68db3ba40086f89be9c210065b21fb6e"},"headline":"Giornata ONU per l\u2019abolizione delle armi nucleari: serve il coraggio di cancellare questa minaccia esistenziale per il Mondo","datePublished":"2020-09-26T13:02:19+00:00","dateModified":"2020-09-26T13:19:31+00:00","mainEntityOfPage":{"@id":"https:\/\/www.pressenza.com\/it\/2020\/09\/giornata-onu-per-labolizione-delle-armi-nucleari-serve-il-coraggio-di-cancellare-questa-minaccia-esistenziale-per-il-mondo\/"},"wordCount":921,"publisher":{"@id":"https:\/\/www.pressenza.com\/it\/#organization"},"image":{"@id":"https:\/\/www.pressenza.com\/it\/2020\/09\/giornata-onu-per-labolizione-delle-armi-nucleari-serve-il-coraggio-di-cancellare-questa-minaccia-esistenziale-per-il-mondo\/#primaryimage"},"thumbnailUrl":"https:\/\/www.pressenza.com\/wp-content\/uploads\/2019\/09\/end-nuclear.jpg","keywords":["Giornata Internazionale per la totale eliminazione delle armi nucleari","Stanislav Petrov","Trattato di proibizione delle armi nucleari"],"articleSection":["Comunicati Stampa","Europa","Pace e Disarmo"],"inLanguage":"it-IT"},{"@type":"WebPage","@id":"https:\/\/www.pressenza.com\/it\/2020\/09\/giornata-onu-per-labolizione-delle-armi-nucleari-serve-il-coraggio-di-cancellare-questa-minaccia-esistenziale-per-il-mondo\/","url":"https:\/\/www.pressenza.com\/it\/2020\/09\/giornata-onu-per-labolizione-delle-armi-nucleari-serve-il-coraggio-di-cancellare-questa-minaccia-esistenziale-per-il-mondo\/","name":"Giornata ONU per l\u2019abolizione delle armi nucleari: serve il coraggio di cancellare questa minaccia esistenziale per il Mondo","isPartOf":{"@id":"https:\/\/www.pressenza.com\/it\/#website"},"primaryImageOfPage":{"@id":"https:\/\/www.pressenza.com\/it\/2020\/09\/giornata-onu-per-labolizione-delle-armi-nucleari-serve-il-coraggio-di-cancellare-questa-minaccia-esistenziale-per-il-mondo\/#primaryimage"},"image":{"@id":"https:\/\/www.pressenza.com\/it\/2020\/09\/giornata-onu-per-labolizione-delle-armi-nucleari-serve-il-coraggio-di-cancellare-questa-minaccia-esistenziale-per-il-mondo\/#primaryimage"},"thumbnailUrl":"https:\/\/www.pressenza.com\/wp-content\/uploads\/2019\/09\/end-nuclear.jpg","datePublished":"2020-09-26T13:02:19+00:00","dateModified":"2020-09-26T13:19:31+00:00","description":"In occasione della ricorrenza che ricorda la decisione del 1983 del Colonnello Petrov che salv\u00f2 il mondo dalla catastrofe nucleare Senzatomica e Rete","breadcrumb":{"@id":"https:\/\/www.pressenza.com\/it\/2020\/09\/giornata-onu-per-labolizione-delle-armi-nucleari-serve-il-coraggio-di-cancellare-questa-minaccia-esistenziale-per-il-mondo\/#breadcrumb"},"inLanguage":"it-IT","potentialAction":[{"@type":"ReadAction","target":["https:\/\/www.pressenza.com\/it\/2020\/09\/giornata-onu-per-labolizione-delle-armi-nucleari-serve-il-coraggio-di-cancellare-questa-minaccia-esistenziale-per-il-mondo\/"]}]},{"@type":"ImageObject","inLanguage":"it-IT","@id":"https:\/\/www.pressenza.com\/it\/2020\/09\/giornata-onu-per-labolizione-delle-armi-nucleari-serve-il-coraggio-di-cancellare-questa-minaccia-esistenziale-per-il-mondo\/#primaryimage","url":"https:\/\/www.pressenza.com\/wp-content\/uploads\/2019\/09\/end-nuclear.jpg","contentUrl":"https:\/\/www.pressenza.com\/wp-content\/uploads\/2019\/09\/end-nuclear.jpg","width":1080,"height":1080},{"@type":"BreadcrumbList","@id":"https:\/\/www.pressenza.com\/it\/2020\/09\/giornata-onu-per-labolizione-delle-armi-nucleari-serve-il-coraggio-di-cancellare-questa-minaccia-esistenziale-per-il-mondo\/#breadcrumb","itemListElement":[{"@type":"ListItem","position":1,"name":"Accueil","item":"https:\/\/www.pressenza.com\/it\/"},{"@type":"ListItem","position":2,"name":"Giornata ONU per l\u2019abolizione delle armi nucleari: serve il coraggio di cancellare questa minaccia esistenziale per il Mondo"}]},{"@type":"WebSite","@id":"https:\/\/www.pressenza.com\/it\/#website","url":"https:\/\/www.pressenza.com\/it\/","name":"Pressenza","description":"Agenzia di Stampa Internazionale","publisher":{"@id":"https:\/\/www.pressenza.com\/it\/#organization"},"potentialAction":[{"@type":"SearchAction","target":{"@type":"EntryPoint","urlTemplate":"https:\/\/www.pressenza.com\/it\/?s={search_term_string}"},"query-input":{"@type":"PropertyValueSpecification","valueRequired":true,"valueName":"search_term_string"}}],"inLanguage":"it-IT"},{"@type":"Organization","@id":"https:\/\/www.pressenza.com\/it\/#organization","name":"Pressenza","url":"https:\/\/www.pressenza.com\/it\/","logo":{"@type":"ImageObject","inLanguage":"it-IT","@id":"https:\/\/www.pressenza.com\/it\/#\/schema\/logo\/image\/","url":"https:\/\/www.pressenza.com\/wp-content\/uploads\/2022\/10\/pressenza_logo_200x200.jpg","contentUrl":"https:\/\/www.pressenza.com\/wp-content\/uploads\/2022\/10\/pressenza_logo_200x200.jpg","width":200,"height":200,"caption":"Pressenza"},"image":{"@id":"https:\/\/www.pressenza.com\/it\/#\/schema\/logo\/image\/"},"sameAs":["https:\/\/www.facebook.com\/PressenzaItalia","https:\/\/x.com\/PressenzaIPA"]},{"@type":"Person","@id":"https:\/\/www.pressenza.com\/it\/#\/schema\/person\/68db3ba40086f89be9c210065b21fb6e","name":"Rete Italiana per il Disarmo","description":"www.disarmo.org","sameAs":["http:\/\/www.disarmo.org\/","https:\/\/www.facebook.com\/retedisarmo\/"],"url":"https:\/\/www.pressenza.com\/it\/author\/rete-disarmo\/"}]}},"place":"Roma","original_article_url":"","_links":{"self":[{"href":"https:\/\/www.pressenza.com\/it\/wp-json\/wp\/v2\/posts\/1204396","targetHints":{"allow":["GET"]}}],"collection":[{"href":"https:\/\/www.pressenza.com\/it\/wp-json\/wp\/v2\/posts"}],"about":[{"href":"https:\/\/www.pressenza.com\/it\/wp-json\/wp\/v2\/types\/post"}],"author":[{"embeddable":true,"href":"https:\/\/www.pressenza.com\/it\/wp-json\/wp\/v2\/users\/235"}],"replies":[{"embeddable":true,"href":"https:\/\/www.pressenza.com\/it\/wp-json\/wp\/v2\/comments?post=1204396"}],"version-history":[{"count":0,"href":"https:\/\/www.pressenza.com\/it\/wp-json\/wp\/v2\/posts\/1204396\/revisions"}],"wp:featuredmedia":[{"embeddable":true,"href":"https:\/\/www.pressenza.com\/it\/wp-json\/wp\/v2\/media\/926703"}],"wp:attachment":[{"href":"https:\/\/www.pressenza.com\/it\/wp-json\/wp\/v2\/media?parent=1204396"}],"wp:term":[{"taxonomy":"category","embeddable":true,"href":"https:\/\/www.pressenza.com\/it\/wp-json\/wp\/v2\/categories?post=1204396"},{"taxonomy":"post_tag","embeddable":true,"href":"https:\/\/www.pressenza.com\/it\/wp-json\/wp\/v2\/tags?post=1204396"}],"curies":[{"name":"wp","href":"https:\/\/api.w.org\/{rel}","templated":true}]}}