{"id":120059,"date":"2014-07-18T12:10:21","date_gmt":"2014-07-18T11:10:21","guid":{"rendered":"http:\/\/www.pressenza.com\/?p=120059"},"modified":"2014-07-20T14:12:51","modified_gmt":"2014-07-20T13:12:51","slug":"voglia-ascoltare","status":"publish","type":"post","link":"https:\/\/www.pressenza.com\/it\/2014\/07\/voglia-ascoltare\/","title":{"rendered":"A chi voglia ascoltare"},"content":{"rendered":"<style type=\"text\/css\"><!--\nP { margin-bottom: 0.21cm; }\n--><\/style>\n<p>\u00a0<img loading=\"lazy\" decoding=\"async\" alt=\"\" src=\"http:\/\/laurarodriguez.cl\/wp-content\/uploads\/2012\/09\/f53-con-Patricio-Ailwyn-recibiendo-felicitaciones-300x196.jpg\" width=\"300\" height=\"196\" \/> con il Presidente Alwyn<\/p>\n<p>&nbsp;<\/p>\n<p>Oggi verr\u00e0 presentata a Santiago del Cile una raccolta degli scritti di Laura Rodriguez <i>A chi voglia ascoltare. <\/i>Un evento a esattamente 22 anni dalla morte della prima deputata umanista del pianeta. Questo evento non deve, a mio avviso, restare inosservato. Cercher\u00f2 di spiegare perch\u00e9 e di approfittare di questo per raccontare alcune cose poco conosciute e segnalare alcune questioni che, formulate allora, restano ancora valide per la politica di oggi.<\/p>\n<p>Intanto \u00e8 bene sapere che Lala (come affettuosamente la chiamavamo noi amici) \u00e8 stata la pi\u00f9 giovane deputata del primo parlamento cileno eletto dopo i 17 anni di dittatura, nonch\u00e9 presidente di quel Partido Humanista che ebbe, per primo, il coraggio di legalizzarsi sotto la dittatura, quando Pinochet aveva concesso alcune minime libert\u00e0 democratiche; legalizzarsi voleva dire poter mettere un <i>fiscal, <\/i>uno scrutatore a controllare la validit\u00e0 del referendum; quindi fare in modo che tutta l&#8217;opposizione potesse controllare che nessuno nel referendum che Pinochet aveva messo come plebiscito pro o contro di lui e che fu l&#8217;atto finale della sua uscita di scena.<\/p>\n<p>&nbsp;<\/p>\n<p>Un altro elemento importante fu che Laura venne eletta nelle liste unitarie dell&#8217;opposizione, formate da un arco di forze democratiche molto vasto; quell&#8217;arco sostenne per un paio di anni il governo Alwyn come governo di ricostruzione nazionale; uno di quei momenti storici straordinari in cui un popolo si unisce nel processo di ricostruzione, di apertura del futuro.<\/p>\n<p><i>Vendr\u00e0 l&#8217;alegria <\/i><\/span><span style=\"font-size: medium;\">recitava lo slogan di quella campagna elettorale.<\/span><\/p>\n<p>Ma l&#8217;attivit\u00e0 pi\u00f9 importante di Laura \u00e8 stata la sua attivit\u00e0 parlamentare sintetizzata nello slogan: <\/span><i>de cara a la gente, de espalda al parlamento<\/i><\/span><span style=\"font-size: medium;\">. (di fronte alla gente, con le spalle al parlamento).<\/span><\/p>\n<p>E questo significa in pratica: un anno di assemblee con le persone, le associazioni per formulare una proposta di legge per il divorzio (una legge analoga verr\u00e0 approvata quindici anni dopo); significa la presentazione della famosa legge di responsabilit\u00e0 politica che obbliga i politici a mettere per iscritto i loro programmi elettorali e a rispettarli, pena la loro destituzione. Significa una presenza continua nei distretti di Santiago che l&#8217;hanno eletta e non solo l\u00ec a portare nel palazzo le istanze dei quartieri, della gente, dei lavoratori; una presenza che la port\u00f2, come ultima attivit\u00e0, gi\u00e0 in sedia a rotelle, a visitare i detenuti in carcere.<\/span><\/p>\n<p>Un ultimo decisivo compito Lala lo esplet\u00f2 con la sua malattia e la morte: chiarire, a livello collettivo, il senso della vita; con il suo tipico humor, in una trasmissione televisiva in prima serata (la sua ultima apparizione in TV), su una sedia a rotelle, col corpo mezzo paralizzato e deformato dai farmaci, si rivolge alla sua intervistatrice \u201cvedi, tu ed io, dobbiamo morire tutte e due, solo che per me \u00e8 un pochino pi\u00f9 evidente\u201d. \u201cLa morte \u00e8 l&#8217;esperienza che ognuno di noi pu\u00f2 condividere con tutti gli altri, eppure ne parliamo cos\u00ec poco, la rimuoviamo dalla nostra vita\u201d. <\/span><\/p>\n<p>E quando lascia il suo corpo (\u201cio non sono i miei pezzi; quando morir\u00f2 moriranno i miei pezzi; perch\u00e9 non potrei continuare ad essere io?\u201d) una folla immensa accompagna la sua famiglia e gli umanisti in un corteo che assomiglia pi\u00f9 a una gioiosa manifestazione che al classico funerale.<\/span><\/p>\n<p>Il libro che si presenta oggi racconta tutto questo e gi\u00e0 lo stiamo traducendo in italiano.<\/span><\/p>\n<p>Eppure il tema di come deve essere un eletto \u00e8 rimasto insoluto in tutto il mondo; il tema del <i>virus <\/i>che sembra cogliere chi accede a una posizione di potere e che Lala descriveva esistenzialmente come una specie di malattia; la necessit\u00e0 di mantenere un cavo a terra che recentemente ha espresso provocatoriamente il sindaco di Messina, Renato Accorinti, presentandosi al giuramento con i piedi scalzi, a ricordare il legame con il territorio; la questione della responsabilit\u00e0 politica e della democrazia diretta (sono di quell&#8217;epoca, nei qualrtieri di Santiago gli esperimenti di democrazia reale). E non parliamo nemmeno del tema del senso della vita, in questi giorni dove da varie parti il disprezzo della vita umana ha raggiunto limiti inimmaginabili.<\/span><\/p>\n<p>Volevamo, in breve sintesi, ricordare alcuni degli elementi che hanno reso Lala una \u201cdebole luce che avanza ogni giorno di pi\u00f9\u201d; e, come amico, connettermi una volta di pi\u00f9 con la sua anima grande che \u00e8 l&#8217;anima di tutte le buone persone che camminano ed hanno camminato le strade di liberazione di questo pianeta. Quando, l&#8217;anno dopo la sua partenza, sono stato in Cile nel quartiere di Penalolen dove era stata eletta, entrando in una povera baracca ho visto, in salotto, un curioso trittico che mostrava al centro la Laura ed ai lati Papa Giovanni ed Ernesto Che Guevara: meraviglioso sincretismo spirituale e sociale che solo le persone semplici riescono a creare, monumento alla diversit\u00e0 e allo spirito.<\/span><\/p>\n<p>Dal manifesto attaccato alla parete del mio studio Laura sorride&#8230;<\/span><\/p>\n","protected":false},"excerpt":{"rendered":"<p>\u00a0 con il Presidente Alwyn &nbsp; Oggi verr\u00e0 presentata a Santiago del Cile una raccolta degli scritti di Laura Rodriguez A chi voglia ascoltare. Un evento a esattamente 22 anni dalla morte della prima deputata umanista del pianeta. Questo evento&hellip;<\/p>\n","protected":false},"author":10,"featured_media":0,"comment_status":"closed","ping_status":"open","sticky":false,"template":"","format":"standard","meta":{"footnotes":""},"categories":[56,162,48],"tags":[540,11553,3353,3988],"class_list":["post-120059","post","type-post","status-publish","format-standard","hentry","category-cultura","category-opinioni","category-sud-america","tag-cile","tag-laura-rodriguez-it","tag-politica-it","tag-responsabilita-politica"],"yoast_head":"<!-- This site is optimized with the Yoast SEO plugin v27.1.1 - https:\/\/yoast.com\/product\/yoast-seo-wordpress\/ -->\n<title>A chi voglia ascoltare<\/title>\n<meta name=\"description\" content=\"Oggi verr\u00e0 presentata a Santiago del Cile raccolta degli scritti di Laura Rodriguez. Un evento a 22 anni dalla morte della deputata umanista\" \/>\n<meta name=\"robots\" content=\"index, follow, max-snippet:-1, max-image-preview:large, max-video-preview:-1\" \/>\n<link rel=\"canonical\" href=\"https:\/\/www.pressenza.com\/it\/2014\/07\/voglia-ascoltare\/\" \/>\n<meta property=\"og:locale\" content=\"it_IT\" \/>\n<meta property=\"og:type\" content=\"article\" \/>\n<meta property=\"og:title\" content=\"A chi voglia ascoltare\" \/>\n<meta property=\"og:description\" content=\"Oggi verr\u00e0 presentata a Santiago del Cile raccolta degli scritti di Laura Rodriguez. Un evento a 22 anni dalla morte della deputata umanista\" \/>\n<meta property=\"og:url\" content=\"https:\/\/www.pressenza.com\/it\/2014\/07\/voglia-ascoltare\/\" \/>\n<meta property=\"og:site_name\" content=\"Pressenza\" \/>\n<meta property=\"article:publisher\" content=\"https:\/\/www.facebook.com\/PressenzaItalia\" \/>\n<meta property=\"article:published_time\" content=\"2014-07-18T11:10:21+00:00\" \/>\n<meta property=\"article:modified_time\" content=\"2014-07-20T13:12:51+00:00\" \/>\n<meta property=\"og:image\" content=\"http:\/\/laurarodriguez.cl\/wp-content\/uploads\/2012\/09\/f53-con-Patricio-Ailwyn-recibiendo-felicitaciones-300x196.jpg\" \/>\n<meta name=\"author\" content=\"Olivier Turquet\" \/>\n<meta name=\"twitter:card\" content=\"summary_large_image\" \/>\n<meta name=\"twitter:creator\" content=\"@PressenzaIPA\" \/>\n<meta name=\"twitter:site\" content=\"@PressenzaIPA\" \/>\n<meta name=\"twitter:label1\" content=\"Scritto da\" \/>\n\t<meta name=\"twitter:data1\" content=\"Olivier Turquet\" \/>\n\t<meta name=\"twitter:label2\" content=\"Tempo di lettura stimato\" \/>\n\t<meta name=\"twitter:data2\" content=\"4 minuti\" \/>\n<script type=\"application\/ld+json\" class=\"yoast-schema-graph\">{\"@context\":\"https:\/\/schema.org\",\"@graph\":[{\"@type\":\"Article\",\"@id\":\"https:\/\/www.pressenza.com\/it\/2014\/07\/voglia-ascoltare\/#article\",\"isPartOf\":{\"@id\":\"https:\/\/www.pressenza.com\/it\/2014\/07\/voglia-ascoltare\/\"},\"author\":{\"name\":\"Olivier Turquet\",\"@id\":\"https:\/\/www.pressenza.com\/it\/#\/schema\/person\/636f8feb51f63f34e7378d5fcdd1de53\"},\"headline\":\"A chi voglia ascoltare\",\"datePublished\":\"2014-07-18T11:10:21+00:00\",\"dateModified\":\"2014-07-20T13:12:51+00:00\",\"mainEntityOfPage\":{\"@id\":\"https:\/\/www.pressenza.com\/it\/2014\/07\/voglia-ascoltare\/\"},\"wordCount\":803,\"publisher\":{\"@id\":\"https:\/\/www.pressenza.com\/it\/#organization\"},\"image\":{\"@id\":\"https:\/\/www.pressenza.com\/it\/2014\/07\/voglia-ascoltare\/#primaryimage\"},\"thumbnailUrl\":\"http:\/\/laurarodriguez.cl\/wp-content\/uploads\/2012\/09\/f53-con-Patricio-Ailwyn-recibiendo-felicitaciones-300x196.jpg\",\"keywords\":[\"Cile\",\"Laura Rodriguez\",\"politica\",\"responsabilit\u00e0 politica\"],\"articleSection\":[\"Cultura e Media\",\"Opinioni\",\"Sud America\"],\"inLanguage\":\"it-IT\"},{\"@type\":\"WebPage\",\"@id\":\"https:\/\/www.pressenza.com\/it\/2014\/07\/voglia-ascoltare\/\",\"url\":\"https:\/\/www.pressenza.com\/it\/2014\/07\/voglia-ascoltare\/\",\"name\":\"A chi voglia ascoltare\",\"isPartOf\":{\"@id\":\"https:\/\/www.pressenza.com\/it\/#website\"},\"primaryImageOfPage\":{\"@id\":\"https:\/\/www.pressenza.com\/it\/2014\/07\/voglia-ascoltare\/#primaryimage\"},\"image\":{\"@id\":\"https:\/\/www.pressenza.com\/it\/2014\/07\/voglia-ascoltare\/#primaryimage\"},\"thumbnailUrl\":\"http:\/\/laurarodriguez.cl\/wp-content\/uploads\/2012\/09\/f53-con-Patricio-Ailwyn-recibiendo-felicitaciones-300x196.jpg\",\"datePublished\":\"2014-07-18T11:10:21+00:00\",\"dateModified\":\"2014-07-20T13:12:51+00:00\",\"description\":\"Oggi verr\u00e0 presentata a Santiago del Cile raccolta degli scritti di Laura Rodriguez. Un evento a 22 anni dalla morte della deputata umanista\",\"breadcrumb\":{\"@id\":\"https:\/\/www.pressenza.com\/it\/2014\/07\/voglia-ascoltare\/#breadcrumb\"},\"inLanguage\":\"it-IT\",\"potentialAction\":[{\"@type\":\"ReadAction\",\"target\":[\"https:\/\/www.pressenza.com\/it\/2014\/07\/voglia-ascoltare\/\"]}]},{\"@type\":\"ImageObject\",\"inLanguage\":\"it-IT\",\"@id\":\"https:\/\/www.pressenza.com\/it\/2014\/07\/voglia-ascoltare\/#primaryimage\",\"url\":\"http:\/\/laurarodriguez.cl\/wp-content\/uploads\/2012\/09\/f53-con-Patricio-Ailwyn-recibiendo-felicitaciones-300x196.jpg\",\"contentUrl\":\"http:\/\/laurarodriguez.cl\/wp-content\/uploads\/2012\/09\/f53-con-Patricio-Ailwyn-recibiendo-felicitaciones-300x196.jpg\"},{\"@type\":\"BreadcrumbList\",\"@id\":\"https:\/\/www.pressenza.com\/it\/2014\/07\/voglia-ascoltare\/#breadcrumb\",\"itemListElement\":[{\"@type\":\"ListItem\",\"position\":1,\"name\":\"Accueil\",\"item\":\"https:\/\/www.pressenza.com\/it\/\"},{\"@type\":\"ListItem\",\"position\":2,\"name\":\"A chi voglia ascoltare\"}]},{\"@type\":\"WebSite\",\"@id\":\"https:\/\/www.pressenza.com\/it\/#website\",\"url\":\"https:\/\/www.pressenza.com\/it\/\",\"name\":\"Pressenza\",\"description\":\"Agenzia di Stampa Internazionale\",\"publisher\":{\"@id\":\"https:\/\/www.pressenza.com\/it\/#organization\"},\"potentialAction\":[{\"@type\":\"SearchAction\",\"target\":{\"@type\":\"EntryPoint\",\"urlTemplate\":\"https:\/\/www.pressenza.com\/it\/?s={search_term_string}\"},\"query-input\":{\"@type\":\"PropertyValueSpecification\",\"valueRequired\":true,\"valueName\":\"search_term_string\"}}],\"inLanguage\":\"it-IT\"},{\"@type\":\"Organization\",\"@id\":\"https:\/\/www.pressenza.com\/it\/#organization\",\"name\":\"Pressenza\",\"url\":\"https:\/\/www.pressenza.com\/it\/\",\"logo\":{\"@type\":\"ImageObject\",\"inLanguage\":\"it-IT\",\"@id\":\"https:\/\/www.pressenza.com\/it\/#\/schema\/logo\/image\/\",\"url\":\"https:\/\/www.pressenza.com\/wp-content\/uploads\/2022\/10\/pressenza_logo_200x200.jpg\",\"contentUrl\":\"https:\/\/www.pressenza.com\/wp-content\/uploads\/2022\/10\/pressenza_logo_200x200.jpg\",\"width\":200,\"height\":200,\"caption\":\"Pressenza\"},\"image\":{\"@id\":\"https:\/\/www.pressenza.com\/it\/#\/schema\/logo\/image\/\"},\"sameAs\":[\"https:\/\/www.facebook.com\/PressenzaItalia\",\"https:\/\/x.com\/PressenzaIPA\"]},{\"@type\":\"Person\",\"@id\":\"https:\/\/www.pressenza.com\/it\/#\/schema\/person\/636f8feb51f63f34e7378d5fcdd1de53\",\"name\":\"Olivier Turquet\",\"description\":\"Takes care of writing to tell the reality for about 40 years. He has worked with paper publications, radio and electronic He founded the electronic news agency humanist Good News. He was press secretary to various events such as: the International Humanist, Florence Play, the World March for Peace and Nonviolence. Currently coordinates the Italian team of Pressenza. olivierturquet.wordpress.com\",\"sameAs\":[\"http:\/\/olivierturquet.wordpress.com\"],\"url\":\"https:\/\/www.pressenza.com\/it\/author\/olivier-turquet\/\"}]}<\/script>\n<!-- \/ Yoast SEO plugin. -->","yoast_head_json":{"title":"A chi voglia ascoltare","description":"Oggi verr\u00e0 presentata a Santiago del Cile raccolta degli scritti di Laura Rodriguez. Un evento a 22 anni dalla morte della deputata umanista","robots":{"index":"index","follow":"follow","max-snippet":"max-snippet:-1","max-image-preview":"max-image-preview:large","max-video-preview":"max-video-preview:-1"},"canonical":"https:\/\/www.pressenza.com\/it\/2014\/07\/voglia-ascoltare\/","og_locale":"it_IT","og_type":"article","og_title":"A chi voglia ascoltare","og_description":"Oggi verr\u00e0 presentata a Santiago del Cile raccolta degli scritti di Laura Rodriguez. Un evento a 22 anni dalla morte della deputata umanista","og_url":"https:\/\/www.pressenza.com\/it\/2014\/07\/voglia-ascoltare\/","og_site_name":"Pressenza","article_publisher":"https:\/\/www.facebook.com\/PressenzaItalia","article_published_time":"2014-07-18T11:10:21+00:00","article_modified_time":"2014-07-20T13:12:51+00:00","og_image":[{"url":"http:\/\/laurarodriguez.cl\/wp-content\/uploads\/2012\/09\/f53-con-Patricio-Ailwyn-recibiendo-felicitaciones-300x196.jpg","type":"","width":"","height":""}],"author":"Olivier Turquet","twitter_card":"summary_large_image","twitter_creator":"@PressenzaIPA","twitter_site":"@PressenzaIPA","twitter_misc":{"Scritto da":"Olivier Turquet","Tempo di lettura stimato":"4 minuti"},"schema":{"@context":"https:\/\/schema.org","@graph":[{"@type":"Article","@id":"https:\/\/www.pressenza.com\/it\/2014\/07\/voglia-ascoltare\/#article","isPartOf":{"@id":"https:\/\/www.pressenza.com\/it\/2014\/07\/voglia-ascoltare\/"},"author":{"name":"Olivier Turquet","@id":"https:\/\/www.pressenza.com\/it\/#\/schema\/person\/636f8feb51f63f34e7378d5fcdd1de53"},"headline":"A chi voglia ascoltare","datePublished":"2014-07-18T11:10:21+00:00","dateModified":"2014-07-20T13:12:51+00:00","mainEntityOfPage":{"@id":"https:\/\/www.pressenza.com\/it\/2014\/07\/voglia-ascoltare\/"},"wordCount":803,"publisher":{"@id":"https:\/\/www.pressenza.com\/it\/#organization"},"image":{"@id":"https:\/\/www.pressenza.com\/it\/2014\/07\/voglia-ascoltare\/#primaryimage"},"thumbnailUrl":"http:\/\/laurarodriguez.cl\/wp-content\/uploads\/2012\/09\/f53-con-Patricio-Ailwyn-recibiendo-felicitaciones-300x196.jpg","keywords":["Cile","Laura Rodriguez","politica","responsabilit\u00e0 politica"],"articleSection":["Cultura e Media","Opinioni","Sud America"],"inLanguage":"it-IT"},{"@type":"WebPage","@id":"https:\/\/www.pressenza.com\/it\/2014\/07\/voglia-ascoltare\/","url":"https:\/\/www.pressenza.com\/it\/2014\/07\/voglia-ascoltare\/","name":"A chi voglia ascoltare","isPartOf":{"@id":"https:\/\/www.pressenza.com\/it\/#website"},"primaryImageOfPage":{"@id":"https:\/\/www.pressenza.com\/it\/2014\/07\/voglia-ascoltare\/#primaryimage"},"image":{"@id":"https:\/\/www.pressenza.com\/it\/2014\/07\/voglia-ascoltare\/#primaryimage"},"thumbnailUrl":"http:\/\/laurarodriguez.cl\/wp-content\/uploads\/2012\/09\/f53-con-Patricio-Ailwyn-recibiendo-felicitaciones-300x196.jpg","datePublished":"2014-07-18T11:10:21+00:00","dateModified":"2014-07-20T13:12:51+00:00","description":"Oggi verr\u00e0 presentata a Santiago del Cile raccolta degli scritti di Laura Rodriguez. Un evento a 22 anni dalla morte della deputata umanista","breadcrumb":{"@id":"https:\/\/www.pressenza.com\/it\/2014\/07\/voglia-ascoltare\/#breadcrumb"},"inLanguage":"it-IT","potentialAction":[{"@type":"ReadAction","target":["https:\/\/www.pressenza.com\/it\/2014\/07\/voglia-ascoltare\/"]}]},{"@type":"ImageObject","inLanguage":"it-IT","@id":"https:\/\/www.pressenza.com\/it\/2014\/07\/voglia-ascoltare\/#primaryimage","url":"http:\/\/laurarodriguez.cl\/wp-content\/uploads\/2012\/09\/f53-con-Patricio-Ailwyn-recibiendo-felicitaciones-300x196.jpg","contentUrl":"http:\/\/laurarodriguez.cl\/wp-content\/uploads\/2012\/09\/f53-con-Patricio-Ailwyn-recibiendo-felicitaciones-300x196.jpg"},{"@type":"BreadcrumbList","@id":"https:\/\/www.pressenza.com\/it\/2014\/07\/voglia-ascoltare\/#breadcrumb","itemListElement":[{"@type":"ListItem","position":1,"name":"Accueil","item":"https:\/\/www.pressenza.com\/it\/"},{"@type":"ListItem","position":2,"name":"A chi voglia ascoltare"}]},{"@type":"WebSite","@id":"https:\/\/www.pressenza.com\/it\/#website","url":"https:\/\/www.pressenza.com\/it\/","name":"Pressenza","description":"Agenzia di Stampa Internazionale","publisher":{"@id":"https:\/\/www.pressenza.com\/it\/#organization"},"potentialAction":[{"@type":"SearchAction","target":{"@type":"EntryPoint","urlTemplate":"https:\/\/www.pressenza.com\/it\/?s={search_term_string}"},"query-input":{"@type":"PropertyValueSpecification","valueRequired":true,"valueName":"search_term_string"}}],"inLanguage":"it-IT"},{"@type":"Organization","@id":"https:\/\/www.pressenza.com\/it\/#organization","name":"Pressenza","url":"https:\/\/www.pressenza.com\/it\/","logo":{"@type":"ImageObject","inLanguage":"it-IT","@id":"https:\/\/www.pressenza.com\/it\/#\/schema\/logo\/image\/","url":"https:\/\/www.pressenza.com\/wp-content\/uploads\/2022\/10\/pressenza_logo_200x200.jpg","contentUrl":"https:\/\/www.pressenza.com\/wp-content\/uploads\/2022\/10\/pressenza_logo_200x200.jpg","width":200,"height":200,"caption":"Pressenza"},"image":{"@id":"https:\/\/www.pressenza.com\/it\/#\/schema\/logo\/image\/"},"sameAs":["https:\/\/www.facebook.com\/PressenzaItalia","https:\/\/x.com\/PressenzaIPA"]},{"@type":"Person","@id":"https:\/\/www.pressenza.com\/it\/#\/schema\/person\/636f8feb51f63f34e7378d5fcdd1de53","name":"Olivier Turquet","description":"Takes care of writing to tell the reality for about 40 years. He has worked with paper publications, radio and electronic He founded the electronic news agency humanist Good News. He was press secretary to various events such as: the International Humanist, Florence Play, the World March for Peace and Nonviolence. Currently coordinates the Italian team of Pressenza. olivierturquet.wordpress.com","sameAs":["http:\/\/olivierturquet.wordpress.com"],"url":"https:\/\/www.pressenza.com\/it\/author\/olivier-turquet\/"}]}},"place":"","original_article_url":"","_links":{"self":[{"href":"https:\/\/www.pressenza.com\/it\/wp-json\/wp\/v2\/posts\/120059","targetHints":{"allow":["GET"]}}],"collection":[{"href":"https:\/\/www.pressenza.com\/it\/wp-json\/wp\/v2\/posts"}],"about":[{"href":"https:\/\/www.pressenza.com\/it\/wp-json\/wp\/v2\/types\/post"}],"author":[{"embeddable":true,"href":"https:\/\/www.pressenza.com\/it\/wp-json\/wp\/v2\/users\/10"}],"replies":[{"embeddable":true,"href":"https:\/\/www.pressenza.com\/it\/wp-json\/wp\/v2\/comments?post=120059"}],"version-history":[{"count":0,"href":"https:\/\/www.pressenza.com\/it\/wp-json\/wp\/v2\/posts\/120059\/revisions"}],"wp:attachment":[{"href":"https:\/\/www.pressenza.com\/it\/wp-json\/wp\/v2\/media?parent=120059"}],"wp:term":[{"taxonomy":"category","embeddable":true,"href":"https:\/\/www.pressenza.com\/it\/wp-json\/wp\/v2\/categories?post=120059"},{"taxonomy":"post_tag","embeddable":true,"href":"https:\/\/www.pressenza.com\/it\/wp-json\/wp\/v2\/tags?post=120059"}],"curies":[{"name":"wp","href":"https:\/\/api.w.org\/{rel}","templated":true}]}}