{"id":1196491,"date":"2020-09-14T15:10:04","date_gmt":"2020-09-14T14:10:04","guid":{"rendered":"https:\/\/www.pressenza.com\/?p=1196491"},"modified":"2020-09-14T15:13:24","modified_gmt":"2020-09-14T14:13:24","slug":"si-rafforza-collaborazione-militare-italia-qatar-felice-la-nostra-industria-bellica","status":"publish","type":"post","link":"https:\/\/www.pressenza.com\/it\/2020\/09\/si-rafforza-collaborazione-militare-italia-qatar-felice-la-nostra-industria-bellica\/","title":{"rendered":"Si rafforza collaborazione militare Italia-Qatar. Felice la nostra industria bellica"},"content":{"rendered":"<p>Si rafforza la cooperazione tra le forze armate di Italia e Qatar e diventa sempre pi\u00f9 concreta la possibilit\u00e0 di trasferire all\u2019emirato i nuovi sistemi di guerra prodotti dalle industrie italiane.<\/p>\n<p>Dal 6 al 10 settembre una delegazione guidata dal Comandante delle Forze Terrestri del Qatar, generale Saeed Hesayen Mohammed Al-Khayarin, \u00e8 stata ricevuta dai vertici dell\u2019Esercito italiano per sottoscrivere importanti accordi di partenariato militare. Alla presenza del Capo di Stato Maggiore, generale Salvatore Farina, \u00e8 stato siglato in particolare un\u00a0<em>Technical Arrangement<\/em>\u00a0tra il Ministero della Difesa della Repubblica Italiana e il Ministero della Difesa dello Stato del Qatar, concernente la \u201ccooperazione nei settori dell\u2019istruzione e dell\u2019addestramento\u201d.<\/p>\n<p>Questo accordo, promosso durante l\u2019incontro tra i responsabili dei due eserciti nazionali tenutosi a Doha il 7e l\u20198 maggio 2019, prevede la conduzione sul territorio qatariota di una serie di attivit\u00e0 formative e addestrative \u201cvolte a sviluppare capacit\u00e0 di combattimento di fanteria, artiglieria e cavalleria a favore delle Qatari Emiri Land Forces\u201d. Nello specifico il\u00a0<em>Technical Arrangement<\/em>\u00a0stabilisce norme generali sulla formazione del personale militare nei settori legale, finanziario, logistico, amministrativo e di sicurezza.<\/p>\n<p>Nel corso dell\u2019incontro tra il\u00a0generale Al-Khayarin e il generale Farina, lo staff dello Stato Maggiore dell\u2019Esercito ha esposto le linee guida organizzative e di modernizzazione dei mezzi e dei sistemi bellici che le forze armate italiane prevedono di adottare entro il 2030.<\/p>\n<p>La delegazione\u00a0delle Forze Terrestri del Qatar si \u00e8 anche recata presso diversi Enti e Reparti dell\u2019Esercito Italiano. In particolare essa \u00e8 stata ospite presso il Comando Artiglieria Controaerei di Sabaudia (Latina), dove ha assistito a un briefing informativo sulle capacit\u00e0 del nuovo\u00a0<em>Centro di Eccellenza Counter Mini\/Micro Aeromobili a Pilotaggio Remoto<\/em>\u00a0e a una dimostrazione dei sistemi d\u2019arma in dotazione alla unit\u00e0 specializzate nelle attivit\u00e0 contro-aerei e anti-droni.<\/p>\n<p>Il\u00a0generale Al-Khayarin e i suoi accompagnatori si sono recati nel Salento, presso il poligono di Torre Veneri, dove la Scuola di Cavalleria e la Brigata meccanizzata \u201cPinerolo\u201d stanno svolgendo in questi giorni complesse esercitazioni a fuoco con tanto di sperimentazione delle nuove piattaforme tecnologiche in uso alle unit\u00e0 terrestri. \u201cIn favore della delegazione straniera, il generale di Brigata Claudio Dei, Comandante della Scuola di Cavalleria, ha tenuto un briefing presso il Centro Addestramento Tattico di 2\u00b0 livello, illustrando le principali innovazioni che caratterizzano il nuovo sistema d\u2019arma\u00a0<em>Blindo Centauro 2,<\/em>\u00a0come ad esempio la bocca da fuoco cal. 120 mm, la mitragliatrice MG42\/59 cal. 7,62 mm e il Sistema Hitrole cal. 7,62\u201d, riporta una nota dello Stato Maggiore.<\/p>\n<p>Nel poligono di Torre Veneri la delegazione qatarina ha potuto prendere conoscenza pure delle capacit\u00e0 belliche del Veicolo Tattico Leggero Multiruolo \u201cVTLM 2 NEC\u201d, del Veicolo Blindato Medio \u201cVBM Freccia\u201d e del nuovo\u00a0Veicolo Tattico Medio Multiruolo \u201cOrso\u201d per il trasporto militari ed obici leggeri, la guerra elettronica, il supporto logistico e l\u2019assistenza sanitaria.<\/p>\n<p>Il Comando della Brigata \u201cPinerolo\u201d ha presentato infine il Posto di Comando Digitalizzato realizzato nell\u2019ambito del cosiddetto\u00a0<em>Progetto 4.9 di Forza NEC (Network Enabled Capability)<\/em>\u00a0per accrescere la\u00a0proiettabilit\u00e0, mobilit\u00e0 e interoperabilit\u00e0 dei mezzi tattici terrestri,\u00a0nonch\u00e9 il kit del sistema d\u2019arma integrato\u00a0<em>Soldato Sicuro<\/em>\u00a0che\u00a0permette di incrementare in tutti gli scenari di combattimento le\u00a0<em>capacit\u00e0 di\u00a0sopravvivenza, comando e controllo, mobilit\u00e0 e letalit\u00e0<\/em>\u00a0delle forze d\u2019\u00e9lite dell\u2019Esercito.<\/p>\n<p>\u201cGrazie all\u2019utilizzo dei sistemi di comunicazione dei posti comando schierati a Torre Veneri, il generale Al-Khayarin ha potuto apprezzare la condotta di manovre tattiche svolte dalle unit\u00e0 esercitate della Brigata Pinerolo, in un ambiente completamente digitalizzato\u201d, spiega lo Stato Maggiore italiano. \u201cLa dimostrazione gli ha consentito di apprezzare i vantaggi discendenti dall\u2019esecuzione della funzione di Comando e Controllo (C2) in ambiente digitale\u201d.<\/p>\n<p>La missione in Italia delle delegazione del Qatar \u00e8 proseguita all\u2019ippodromo militare \u201cGen. C.A. Pietro Giannattasio\u201d, nel quartiere Tor di Quinto a Roma, dove \u00e8 stato messo in scena il\u00a0<em>carosello storico<\/em>\u00a0del Gruppo Squadroni a Cavallo dell\u20198\u00b0 Reggimento Lancieri di Montebello e nella citt\u00e0 militare della Cecchignola, dove \u00e8 stato visitato il\u00a0<em>Centro di Eccellenza Counter IED<\/em>\u00a0per la lotta agli ordigni esplosivi improvvisati e il neocostituito\u00a0<em>Reparto Sicurezza Cibernetica<\/em>\u00a0dell\u2019Esercito.<\/p>\n<p>Nell\u2019ambito delle sempre pi\u00f9 strette relazioni tra le forze armate di terra di Italia e Qatar, dall\u20191 settembre al 27 ottobre 2019 si era tenuta una maxi-esercitazione\u00a0presso il poligono desertico di Al Ghalail, a sud della capitale Doha, a cui avevano partecipato 800 militari dell\u2019Esercito e un centinaio di mezzi pesanti tra carri armati, blindati e cannoni. I war games, nome in codice\u00a0<em>NASR 19<\/em>, hanno rappresentato per il Ministero della Difesa \u201cil pi\u00f9 importante rischieramento di forze terrestri da combattimento italiane in Medio Oriente dal ritiro del contingente\u00a0<em>Antica Babilonia<\/em>\u00a0schierato in Iraq tra il 2003 e il 2006\u201d, nonch\u00e9 la ghiotta occasione per testare dal vivo la potenza di fuoco dei propri sistemi di guerra.<\/p>\n<p>\u201cLe compagini di fanteria pesante della Brigata Garibaldi hanno impiegato cingolati VCC 80\u00a0<em>Dardo<\/em>, carri armati C1\u00a0<em>Ariete<\/em>, VBM\u00a0<em>Freccia<\/em>, mortai da 120 mm e da 81 mm,\u00a0 VTLM\u00a0<em>Lince<\/em>,<em>\u00a0<\/em>sistemi contro carro\u00a0<em>Milan<\/em>\u00a0e\u00a0<em>Spike<\/em>, obici FH70, lanciatori G-MLRS, semoventi PZH 2000, artiglierie di ultima generazione con possibilit\u00e0 d\u2019impiego di munizionamento a guida GPS e a lunga gittata, ecc\u2026\u201d, riport\u00f2 l\u2019ufficio stampa dell\u2019Esercito. Durante\u00a0<em>NASR 19<\/em>\u00a0furono pure sperimentati per la prima volta in un campo di battaglia i proiettili per cannoni tipo \u201cVulcano\u201d da 155 mm con gittate elevatissime (sino a 100 km di distanza), progettati e realizzati negli stabilimenti Oto Melara-Leonardo di La Spezia. Un\u2019esercitazione a mo\u2019 di fiera strumenti di guerra, quella in Qatar, che l\u2019accordo firmato a Roma un paio di giorni fa consentir\u00e0 di replicare presto per la gioia dei mercanti di morte di casa nostra.<\/p>\n<p>Articolo pubblicato in\u00a0<em>Africa Express<\/em>\u00a0il 13 settembre 2020,\u00a0<a href=\"https:\/\/www.africa-express.info\/2020\/09\/12\/si-rafforza-collaborazione-militare-italia-qatar-per-la-gioia-della-nostra-industria-bellica\/\">https:\/\/www.africa-express.info\/2020\/09\/12\/si-rafforza-collaborazione-militare-italia-qatar-per-la-gioia-della-nostra-industria-bellica\/<\/a><\/p>\n","protected":false},"excerpt":{"rendered":"<p>Si rafforza la cooperazione tra le forze armate di Italia e Qatar e diventa sempre pi\u00f9 concreta la possibilit\u00e0 di trasferire all\u2019emirato i nuovi sistemi di guerra prodotti dalle industrie italiane. Dal 6 al 10 settembre una delegazione guidata dal&hellip;<\/p>\n","protected":false},"author":689,"featured_media":1196492,"comment_status":"closed","ping_status":"closed","sticky":false,"template":"","format":"standard","meta":{"footnotes":""},"categories":[47,52,1263],"tags":[4437,370,13640],"class_list":["post-1196491","post","type-post","status-publish","format-standard","has-post-thumbnail","hentry","category-europa","category-medio-oriente","category-pace-disarmo","tag-esercitazioni-militari","tag-italia","tag-qatar-it-4"],"yoast_head":"<!-- This site is optimized with the Yoast SEO plugin v27.1.1 - https:\/\/yoast.com\/product\/yoast-seo-wordpress\/ -->\n<title>Si rafforza collaborazione militare Italia-Qatar. Felice la nostra industria bellica<\/title>\n<meta name=\"description\" content=\"Si rafforza la cooperazione tra le forze armate di Italia e Qatar e diventa sempre pi\u00f9 concreta la possibilit\u00e0 di trasferire all\u2019emirato i nuovi sistemi\" \/>\n<meta name=\"robots\" content=\"index, follow, max-snippet:-1, max-image-preview:large, max-video-preview:-1\" \/>\n<link rel=\"canonical\" href=\"https:\/\/www.pressenza.com\/it\/2020\/09\/si-rafforza-collaborazione-militare-italia-qatar-felice-la-nostra-industria-bellica\/\" \/>\n<meta property=\"og:locale\" content=\"it_IT\" \/>\n<meta property=\"og:type\" content=\"article\" \/>\n<meta property=\"og:title\" content=\"Si rafforza collaborazione militare Italia-Qatar. Felice la nostra industria bellica\" \/>\n<meta property=\"og:description\" content=\"Si rafforza la cooperazione tra le forze armate di Italia e Qatar e diventa sempre pi\u00f9 concreta la possibilit\u00e0 di trasferire all\u2019emirato i nuovi sistemi\" \/>\n<meta property=\"og:url\" content=\"https:\/\/www.pressenza.com\/it\/2020\/09\/si-rafforza-collaborazione-militare-italia-qatar-felice-la-nostra-industria-bellica\/\" \/>\n<meta property=\"og:site_name\" content=\"Pressenza\" \/>\n<meta property=\"article:publisher\" content=\"https:\/\/www.facebook.com\/PressenzaItalia\" \/>\n<meta property=\"article:published_time\" content=\"2020-09-14T14:10:04+00:00\" \/>\n<meta property=\"article:modified_time\" content=\"2020-09-14T14:13:24+00:00\" \/>\n<meta property=\"og:image\" content=\"https:\/\/www.pressenza.com\/wp-content\/uploads\/2020\/09\/qatar-Antonio-mazzeo.jpg\" \/>\n\t<meta property=\"og:image:width\" content=\"800\" \/>\n\t<meta property=\"og:image:height\" content=\"533\" \/>\n\t<meta property=\"og:image:type\" content=\"image\/jpeg\" \/>\n<meta name=\"author\" content=\"Antonio Mazzeo\" \/>\n<meta name=\"twitter:card\" content=\"summary_large_image\" \/>\n<meta name=\"twitter:creator\" content=\"@PressenzaIPA\" \/>\n<meta name=\"twitter:site\" content=\"@PressenzaIPA\" \/>\n<meta name=\"twitter:label1\" content=\"Scritto da\" \/>\n\t<meta name=\"twitter:data1\" content=\"Antonio Mazzeo\" \/>\n\t<meta name=\"twitter:label2\" content=\"Tempo di lettura stimato\" \/>\n\t<meta name=\"twitter:data2\" content=\"5 minuti\" \/>\n<script type=\"application\/ld+json\" class=\"yoast-schema-graph\">{\"@context\":\"https:\/\/schema.org\",\"@graph\":[{\"@type\":\"Article\",\"@id\":\"https:\/\/www.pressenza.com\/it\/2020\/09\/si-rafforza-collaborazione-militare-italia-qatar-felice-la-nostra-industria-bellica\/#article\",\"isPartOf\":{\"@id\":\"https:\/\/www.pressenza.com\/it\/2020\/09\/si-rafforza-collaborazione-militare-italia-qatar-felice-la-nostra-industria-bellica\/\"},\"author\":{\"name\":\"Antonio Mazzeo\",\"@id\":\"https:\/\/www.pressenza.com\/it\/#\/schema\/person\/13ac8d810e50349ceb227357a00fb87a\"},\"headline\":\"Si rafforza collaborazione militare Italia-Qatar. Felice la nostra industria bellica\",\"datePublished\":\"2020-09-14T14:10:04+00:00\",\"dateModified\":\"2020-09-14T14:13:24+00:00\",\"mainEntityOfPage\":{\"@id\":\"https:\/\/www.pressenza.com\/it\/2020\/09\/si-rafforza-collaborazione-militare-italia-qatar-felice-la-nostra-industria-bellica\/\"},\"wordCount\":949,\"publisher\":{\"@id\":\"https:\/\/www.pressenza.com\/it\/#organization\"},\"image\":{\"@id\":\"https:\/\/www.pressenza.com\/it\/2020\/09\/si-rafforza-collaborazione-militare-italia-qatar-felice-la-nostra-industria-bellica\/#primaryimage\"},\"thumbnailUrl\":\"https:\/\/www.pressenza.com\/wp-content\/uploads\/2020\/09\/qatar-Antonio-mazzeo.jpg\",\"keywords\":[\"esercitazioni militari\",\"Italia\",\"Qatar\"],\"articleSection\":[\"Europa\",\"Medio Oriente\",\"Pace e Disarmo\"],\"inLanguage\":\"it-IT\"},{\"@type\":\"WebPage\",\"@id\":\"https:\/\/www.pressenza.com\/it\/2020\/09\/si-rafforza-collaborazione-militare-italia-qatar-felice-la-nostra-industria-bellica\/\",\"url\":\"https:\/\/www.pressenza.com\/it\/2020\/09\/si-rafforza-collaborazione-militare-italia-qatar-felice-la-nostra-industria-bellica\/\",\"name\":\"Si rafforza collaborazione militare Italia-Qatar. Felice la nostra industria bellica\",\"isPartOf\":{\"@id\":\"https:\/\/www.pressenza.com\/it\/#website\"},\"primaryImageOfPage\":{\"@id\":\"https:\/\/www.pressenza.com\/it\/2020\/09\/si-rafforza-collaborazione-militare-italia-qatar-felice-la-nostra-industria-bellica\/#primaryimage\"},\"image\":{\"@id\":\"https:\/\/www.pressenza.com\/it\/2020\/09\/si-rafforza-collaborazione-militare-italia-qatar-felice-la-nostra-industria-bellica\/#primaryimage\"},\"thumbnailUrl\":\"https:\/\/www.pressenza.com\/wp-content\/uploads\/2020\/09\/qatar-Antonio-mazzeo.jpg\",\"datePublished\":\"2020-09-14T14:10:04+00:00\",\"dateModified\":\"2020-09-14T14:13:24+00:00\",\"description\":\"Si rafforza la cooperazione tra le forze armate di Italia e Qatar e diventa sempre pi\u00f9 concreta la possibilit\u00e0 di trasferire all\u2019emirato i nuovi sistemi\",\"breadcrumb\":{\"@id\":\"https:\/\/www.pressenza.com\/it\/2020\/09\/si-rafforza-collaborazione-militare-italia-qatar-felice-la-nostra-industria-bellica\/#breadcrumb\"},\"inLanguage\":\"it-IT\",\"potentialAction\":[{\"@type\":\"ReadAction\",\"target\":[\"https:\/\/www.pressenza.com\/it\/2020\/09\/si-rafforza-collaborazione-militare-italia-qatar-felice-la-nostra-industria-bellica\/\"]}]},{\"@type\":\"ImageObject\",\"inLanguage\":\"it-IT\",\"@id\":\"https:\/\/www.pressenza.com\/it\/2020\/09\/si-rafforza-collaborazione-militare-italia-qatar-felice-la-nostra-industria-bellica\/#primaryimage\",\"url\":\"https:\/\/www.pressenza.com\/wp-content\/uploads\/2020\/09\/qatar-Antonio-mazzeo.jpg\",\"contentUrl\":\"https:\/\/www.pressenza.com\/wp-content\/uploads\/2020\/09\/qatar-Antonio-mazzeo.jpg\",\"width\":800,\"height\":533},{\"@type\":\"BreadcrumbList\",\"@id\":\"https:\/\/www.pressenza.com\/it\/2020\/09\/si-rafforza-collaborazione-militare-italia-qatar-felice-la-nostra-industria-bellica\/#breadcrumb\",\"itemListElement\":[{\"@type\":\"ListItem\",\"position\":1,\"name\":\"Accueil\",\"item\":\"https:\/\/www.pressenza.com\/it\/\"},{\"@type\":\"ListItem\",\"position\":2,\"name\":\"Si rafforza collaborazione militare Italia-Qatar. Felice la nostra industria bellica\"}]},{\"@type\":\"WebSite\",\"@id\":\"https:\/\/www.pressenza.com\/it\/#website\",\"url\":\"https:\/\/www.pressenza.com\/it\/\",\"name\":\"Pressenza\",\"description\":\"Agenzia di Stampa Internazionale\",\"publisher\":{\"@id\":\"https:\/\/www.pressenza.com\/it\/#organization\"},\"potentialAction\":[{\"@type\":\"SearchAction\",\"target\":{\"@type\":\"EntryPoint\",\"urlTemplate\":\"https:\/\/www.pressenza.com\/it\/?s={search_term_string}\"},\"query-input\":{\"@type\":\"PropertyValueSpecification\",\"valueRequired\":true,\"valueName\":\"search_term_string\"}}],\"inLanguage\":\"it-IT\"},{\"@type\":\"Organization\",\"@id\":\"https:\/\/www.pressenza.com\/it\/#organization\",\"name\":\"Pressenza\",\"url\":\"https:\/\/www.pressenza.com\/it\/\",\"logo\":{\"@type\":\"ImageObject\",\"inLanguage\":\"it-IT\",\"@id\":\"https:\/\/www.pressenza.com\/it\/#\/schema\/logo\/image\/\",\"url\":\"https:\/\/www.pressenza.com\/wp-content\/uploads\/2022\/10\/pressenza_logo_200x200.jpg\",\"contentUrl\":\"https:\/\/www.pressenza.com\/wp-content\/uploads\/2022\/10\/pressenza_logo_200x200.jpg\",\"width\":200,\"height\":200,\"caption\":\"Pressenza\"},\"image\":{\"@id\":\"https:\/\/www.pressenza.com\/it\/#\/schema\/logo\/image\/\"},\"sameAs\":[\"https:\/\/www.facebook.com\/PressenzaItalia\",\"https:\/\/x.com\/PressenzaIPA\"]},{\"@type\":\"Person\",\"@id\":\"https:\/\/www.pressenza.com\/it\/#\/schema\/person\/13ac8d810e50349ceb227357a00fb87a\",\"name\":\"Antonio Mazzeo\",\"description\":\"Ecopacifista e antimilitarista, giornalista e saggista, vincitore nel 2010 del Primo premio \\\"Giorgio Bassani\\\" di Italia Nostra per il giornalismo. http:\/\/antoniomazzeoblog.blogspot.com\/\",\"url\":\"https:\/\/www.pressenza.com\/it\/author\/antonio-mazzeo\/\"}]}<\/script>\n<!-- \/ Yoast SEO plugin. -->","yoast_head_json":{"title":"Si rafforza collaborazione militare Italia-Qatar. Felice la nostra industria bellica","description":"Si rafforza la cooperazione tra le forze armate di Italia e Qatar e diventa sempre pi\u00f9 concreta la possibilit\u00e0 di trasferire all\u2019emirato i nuovi sistemi","robots":{"index":"index","follow":"follow","max-snippet":"max-snippet:-1","max-image-preview":"max-image-preview:large","max-video-preview":"max-video-preview:-1"},"canonical":"https:\/\/www.pressenza.com\/it\/2020\/09\/si-rafforza-collaborazione-militare-italia-qatar-felice-la-nostra-industria-bellica\/","og_locale":"it_IT","og_type":"article","og_title":"Si rafforza collaborazione militare Italia-Qatar. Felice la nostra industria bellica","og_description":"Si rafforza la cooperazione tra le forze armate di Italia e Qatar e diventa sempre pi\u00f9 concreta la possibilit\u00e0 di trasferire all\u2019emirato i nuovi sistemi","og_url":"https:\/\/www.pressenza.com\/it\/2020\/09\/si-rafforza-collaborazione-militare-italia-qatar-felice-la-nostra-industria-bellica\/","og_site_name":"Pressenza","article_publisher":"https:\/\/www.facebook.com\/PressenzaItalia","article_published_time":"2020-09-14T14:10:04+00:00","article_modified_time":"2020-09-14T14:13:24+00:00","og_image":[{"width":800,"height":533,"url":"https:\/\/www.pressenza.com\/wp-content\/uploads\/2020\/09\/qatar-Antonio-mazzeo.jpg","type":"image\/jpeg"}],"author":"Antonio Mazzeo","twitter_card":"summary_large_image","twitter_creator":"@PressenzaIPA","twitter_site":"@PressenzaIPA","twitter_misc":{"Scritto da":"Antonio Mazzeo","Tempo di lettura stimato":"5 minuti"},"schema":{"@context":"https:\/\/schema.org","@graph":[{"@type":"Article","@id":"https:\/\/www.pressenza.com\/it\/2020\/09\/si-rafforza-collaborazione-militare-italia-qatar-felice-la-nostra-industria-bellica\/#article","isPartOf":{"@id":"https:\/\/www.pressenza.com\/it\/2020\/09\/si-rafforza-collaborazione-militare-italia-qatar-felice-la-nostra-industria-bellica\/"},"author":{"name":"Antonio Mazzeo","@id":"https:\/\/www.pressenza.com\/it\/#\/schema\/person\/13ac8d810e50349ceb227357a00fb87a"},"headline":"Si rafforza collaborazione militare Italia-Qatar. Felice la nostra industria bellica","datePublished":"2020-09-14T14:10:04+00:00","dateModified":"2020-09-14T14:13:24+00:00","mainEntityOfPage":{"@id":"https:\/\/www.pressenza.com\/it\/2020\/09\/si-rafforza-collaborazione-militare-italia-qatar-felice-la-nostra-industria-bellica\/"},"wordCount":949,"publisher":{"@id":"https:\/\/www.pressenza.com\/it\/#organization"},"image":{"@id":"https:\/\/www.pressenza.com\/it\/2020\/09\/si-rafforza-collaborazione-militare-italia-qatar-felice-la-nostra-industria-bellica\/#primaryimage"},"thumbnailUrl":"https:\/\/www.pressenza.com\/wp-content\/uploads\/2020\/09\/qatar-Antonio-mazzeo.jpg","keywords":["esercitazioni militari","Italia","Qatar"],"articleSection":["Europa","Medio Oriente","Pace e Disarmo"],"inLanguage":"it-IT"},{"@type":"WebPage","@id":"https:\/\/www.pressenza.com\/it\/2020\/09\/si-rafforza-collaborazione-militare-italia-qatar-felice-la-nostra-industria-bellica\/","url":"https:\/\/www.pressenza.com\/it\/2020\/09\/si-rafforza-collaborazione-militare-italia-qatar-felice-la-nostra-industria-bellica\/","name":"Si rafforza collaborazione militare Italia-Qatar. Felice la nostra industria bellica","isPartOf":{"@id":"https:\/\/www.pressenza.com\/it\/#website"},"primaryImageOfPage":{"@id":"https:\/\/www.pressenza.com\/it\/2020\/09\/si-rafforza-collaborazione-militare-italia-qatar-felice-la-nostra-industria-bellica\/#primaryimage"},"image":{"@id":"https:\/\/www.pressenza.com\/it\/2020\/09\/si-rafforza-collaborazione-militare-italia-qatar-felice-la-nostra-industria-bellica\/#primaryimage"},"thumbnailUrl":"https:\/\/www.pressenza.com\/wp-content\/uploads\/2020\/09\/qatar-Antonio-mazzeo.jpg","datePublished":"2020-09-14T14:10:04+00:00","dateModified":"2020-09-14T14:13:24+00:00","description":"Si rafforza la cooperazione tra le forze armate di Italia e Qatar e diventa sempre pi\u00f9 concreta la possibilit\u00e0 di trasferire all\u2019emirato i nuovi sistemi","breadcrumb":{"@id":"https:\/\/www.pressenza.com\/it\/2020\/09\/si-rafforza-collaborazione-militare-italia-qatar-felice-la-nostra-industria-bellica\/#breadcrumb"},"inLanguage":"it-IT","potentialAction":[{"@type":"ReadAction","target":["https:\/\/www.pressenza.com\/it\/2020\/09\/si-rafforza-collaborazione-militare-italia-qatar-felice-la-nostra-industria-bellica\/"]}]},{"@type":"ImageObject","inLanguage":"it-IT","@id":"https:\/\/www.pressenza.com\/it\/2020\/09\/si-rafforza-collaborazione-militare-italia-qatar-felice-la-nostra-industria-bellica\/#primaryimage","url":"https:\/\/www.pressenza.com\/wp-content\/uploads\/2020\/09\/qatar-Antonio-mazzeo.jpg","contentUrl":"https:\/\/www.pressenza.com\/wp-content\/uploads\/2020\/09\/qatar-Antonio-mazzeo.jpg","width":800,"height":533},{"@type":"BreadcrumbList","@id":"https:\/\/www.pressenza.com\/it\/2020\/09\/si-rafforza-collaborazione-militare-italia-qatar-felice-la-nostra-industria-bellica\/#breadcrumb","itemListElement":[{"@type":"ListItem","position":1,"name":"Accueil","item":"https:\/\/www.pressenza.com\/it\/"},{"@type":"ListItem","position":2,"name":"Si rafforza collaborazione militare Italia-Qatar. Felice la nostra industria bellica"}]},{"@type":"WebSite","@id":"https:\/\/www.pressenza.com\/it\/#website","url":"https:\/\/www.pressenza.com\/it\/","name":"Pressenza","description":"Agenzia di Stampa Internazionale","publisher":{"@id":"https:\/\/www.pressenza.com\/it\/#organization"},"potentialAction":[{"@type":"SearchAction","target":{"@type":"EntryPoint","urlTemplate":"https:\/\/www.pressenza.com\/it\/?s={search_term_string}"},"query-input":{"@type":"PropertyValueSpecification","valueRequired":true,"valueName":"search_term_string"}}],"inLanguage":"it-IT"},{"@type":"Organization","@id":"https:\/\/www.pressenza.com\/it\/#organization","name":"Pressenza","url":"https:\/\/www.pressenza.com\/it\/","logo":{"@type":"ImageObject","inLanguage":"it-IT","@id":"https:\/\/www.pressenza.com\/it\/#\/schema\/logo\/image\/","url":"https:\/\/www.pressenza.com\/wp-content\/uploads\/2022\/10\/pressenza_logo_200x200.jpg","contentUrl":"https:\/\/www.pressenza.com\/wp-content\/uploads\/2022\/10\/pressenza_logo_200x200.jpg","width":200,"height":200,"caption":"Pressenza"},"image":{"@id":"https:\/\/www.pressenza.com\/it\/#\/schema\/logo\/image\/"},"sameAs":["https:\/\/www.facebook.com\/PressenzaItalia","https:\/\/x.com\/PressenzaIPA"]},{"@type":"Person","@id":"https:\/\/www.pressenza.com\/it\/#\/schema\/person\/13ac8d810e50349ceb227357a00fb87a","name":"Antonio Mazzeo","description":"Ecopacifista e antimilitarista, giornalista e saggista, vincitore nel 2010 del Primo premio \"Giorgio Bassani\" di Italia Nostra per il giornalismo. http:\/\/antoniomazzeoblog.blogspot.com\/","url":"https:\/\/www.pressenza.com\/it\/author\/antonio-mazzeo\/"}]}},"place":"","original_article_url":"","_links":{"self":[{"href":"https:\/\/www.pressenza.com\/it\/wp-json\/wp\/v2\/posts\/1196491","targetHints":{"allow":["GET"]}}],"collection":[{"href":"https:\/\/www.pressenza.com\/it\/wp-json\/wp\/v2\/posts"}],"about":[{"href":"https:\/\/www.pressenza.com\/it\/wp-json\/wp\/v2\/types\/post"}],"author":[{"embeddable":true,"href":"https:\/\/www.pressenza.com\/it\/wp-json\/wp\/v2\/users\/689"}],"replies":[{"embeddable":true,"href":"https:\/\/www.pressenza.com\/it\/wp-json\/wp\/v2\/comments?post=1196491"}],"version-history":[{"count":0,"href":"https:\/\/www.pressenza.com\/it\/wp-json\/wp\/v2\/posts\/1196491\/revisions"}],"wp:featuredmedia":[{"embeddable":true,"href":"https:\/\/www.pressenza.com\/it\/wp-json\/wp\/v2\/media\/1196492"}],"wp:attachment":[{"href":"https:\/\/www.pressenza.com\/it\/wp-json\/wp\/v2\/media?parent=1196491"}],"wp:term":[{"taxonomy":"category","embeddable":true,"href":"https:\/\/www.pressenza.com\/it\/wp-json\/wp\/v2\/categories?post=1196491"},{"taxonomy":"post_tag","embeddable":true,"href":"https:\/\/www.pressenza.com\/it\/wp-json\/wp\/v2\/tags?post=1196491"}],"curies":[{"name":"wp","href":"https:\/\/api.w.org\/{rel}","templated":true}]}}