{"id":1194624,"date":"2020-09-12T19:32:05","date_gmt":"2020-09-12T18:32:05","guid":{"rendered":"https:\/\/www.pressenza.com\/?p=1194624"},"modified":"2020-09-12T19:32:05","modified_gmt":"2020-09-12T18:32:05","slug":"verso-un-nuovo-forum-sociale-mondiale","status":"publish","type":"post","link":"https:\/\/www.pressenza.com\/it\/2020\/09\/verso-un-nuovo-forum-sociale-mondiale\/","title":{"rendered":"Verso un nuovo Forum Sociale Mondiale"},"content":{"rendered":"<p>Il prossimo gennaio il Forum Sociale Mondiale (WSF \u2013 World Social Forum) compie 20 anni. La sua apparizione nel 2001, richiamando i vari movimenti sociali, attivisti e intellettuali a confrontarsi con il neoliberismo dominante, \u00e8 stata un evento di portata mondiale. Da quel momento ci sono stati molti incontri di massa in diversi paesi, incentrati sul dibattito orizzontale e sul fare rete tra le organizzazioni. Una delle regole era che nessuno poteva fare dichiarazioni o chiedere azioni a suo nome. Il mondo \u00e8 cambiato molto da allora e alcuni dei suoi militanti ritengono che sia urgente ed essenziale poter costruire azioni comuni come soggetto politico globale, di fronte alla crisi economica, sociale e ambientale che minaccia il futuro del pianeta.<\/p>\n<p><b>Cambiare il Forum Sociale Mondiale per cambiare il mondo &#8211; da &#8220;spazio aperto&#8221; a &#8220;spazio d&#8217;azione&#8221;<\/b><\/p>\n<p>Il Forum Sociale Mondiale compie vent&#8217;anni nel 2021! Un gruppo di facilitatori sta ora esaminando la possibilit\u00e0 di organizzare un nuovo forum a Citt\u00e0 del Messico. Chiaramente tutto dipender\u00e0 dallo sviluppo della crisi per il coronavirus.<\/p>\n<p>Sappiamo tutti che il mondo \u00e8 cambiato molto dal 2001 e dal primo forum di Porto Alegre. All&#8217;epoca i fondatori del forum riuscirono a scrivere una &#8220;Carta dei principi&#8221; per fissare le regole del gioco ed evitare che l\u2019evento diventasse un luogo di conflitti invece che uno spazio di convivialit\u00e0 e convergenza. Lungi dall&#8217;aiutarci, le regole dello &#8216;spazio aperto&#8217; sono state recentemente interpretate dogmaticamente e il forum non \u00e8 stato in grado di esprimersi come soggetto politico globale nel momento cruciale della storia attuale, se non in una sola circostanza e come eccezione.<\/p>\n<p>Ci sono state diverse iniziative in passato per uscire da questa impasse e per parlare con una voce politica da e in nome del Forum. Si pensi alla grande manifestazione del 15 febbraio 2003 contro la guerra in Iraq, iniziata al Forum. Diversi partecipanti &#8216;storici&#8217; del WSF e firmatari del &#8216;Manifesto di Porto Alegre&#8217; \u2013 in un tentativo di rompere il consenso paralizzante &#8211; hanno ora firmato un altro appello per passare dallo &#8216;spazio aperto&#8217; a &#8216;uno spazio d&#8217;azione&#8217;. Non si tratta di fare un programma politico globale ma di interagire con il mondo esterno. Questo primo messaggio \u00e8 stato firmato da Frei Betto, Atilio Bor\u00f3n, Bernard Cassen, Adolfo Perez Esquivel, Federico Mayor, Riccardo Petrella, Ignacio Ramonet, Emir Sader, Boaventura Santos, Roberto Savio e Aminata Traor\u00e9.<\/p>\n<p>Non si tratta di imporre una posizione politica a un collettivo che \u00e8 sempre stato e sar\u00e0 molto eterogeneo. Tuttavia, il Forum non pu\u00f2 restare in silenzio in un momento in cui il mondo \u00e8 in pericolo di collasso ecologico e in una grave crisi con un fascismo emergente, un capitalismo finanziario dominante, razzismo e patriarcato, in un momento in cui giovani, donne e altri oppressi sono di nuovo in strada per chiedere giustizia e politiche ecologiche sostenibili. \u00c8 un dovere morale e politico smettere di limitarsi alla riflessione interna per tornare a parlare al mondo e agire in esso.<\/p>\n<p>Ecco perch\u00e9 i firmatari di questo messaggio vogliono cambiare il WSF per cambiare il mondo. Pensiamo che sia urgente democratizzare il Forum, le sue strutture e la sua governance. La logica e la storia impongono un cambiamento che deve essere il risultato di una discussione aperta e partecipativa. \u00c8 fondamentale introdurre una modalit\u00e0 di gestione istituzionale che ci permetta di passare da uno spazio aperto a uno spazio di azione. Proponiamo quindi che il Consiglio Internazionale integri le nuove forze sociali che si stanno mobilitando in tutto il mondo, che cerchi di creare un organo pi\u00f9 rappresentativo capace di esaminare la nostra Carta dei Principi per adattarla ai nuovi tempi del XXI secolo, che si dia spazio ai forum regionali e tematici, che si organizzino giornate internazionali di azione, che si discuta la strada da seguire per fare del WSF un soggetto politico globale. Questa non sar\u00e0 una strada facile e richieder\u00e0 l&#8217;apertura e la volont\u00e0 di tutti noi per creare un organismo efficiente in grado di parlare al mondo. Ci sono molte altre proposte per rafforzare la governance e democratizzare il WSF. Ci auguriamo vivamente che vengano fuori in modo che possano essere discusse democraticamente.<\/p>\n<p><a name=\"_GoBack\"><\/a>Invitiamo tutti a partecipare a questa riflessione collettiva. \u00c8 un compito urgente che pu\u00f2 contribuire a plasmare l&#8217; \u2018altro mondo\u2019 che vogliamo e di cui abbiamo tanto bisogno.<\/p>\n<p>Adolfo P\u00e9rez Esquivel (Argentina), Alberto Acosta (Ecuador), Aminata Traor\u00e9 (Mali), Armando de Negri (Brasile), Ass\u00e9tou Foun\u00e9 Samak\u00e9 (Mali), Atilio Boron (Argentina), Aziz Rhali (Marocco), Berenice Celeita (Colombia), Bernard Cassen (Francia), Bernard Duterme (Belgio), Boaventura de Sousa Santos (Portogallo), Candido Gribowszki (Brasile), Cecilia Capanna (Italia), Claudia Yadira (Messico), Dalia Acosta (Cuba), Demba Moussa Dembele (Senegal), Elizabeth Mpofus (Zimbabwe), Emir Sader (Brasile), Federico Mayor (Spagna), Flavio Lotti (Italia), Francine Mestrum (Belgio), Frei Betto (Brasile), Guadalupe Ponce (Messico), Hazel Henderson (USA), H\u00e9l\u00e8ne Tremblay (Canada), Ignacio Pe\u00f3n (Messico), Ignacio Ramonet (Spagna-Francia), Jason Nardi (Italia), John Bellamy (USA), Leo Gabriel (Austria), Luis L\u00f3pezllera (Messico), Madhuresh Kumar (India), Manou Angahi (Costa d\u2019Avorio), Mario Dujisin (Cile-Portogallo), Medha Patkar (India), Mireille Fanon Mend\u00e8s (Francia), Mohau Pheko (Sudafrica), Ms. Roma. All India Union of Forest Working People (India), Norma Fern\u00e1ndez (Argentina), Nzira Deus (Mozambico), Oscar Gonzalez (Messico), Raquel Mart\u00ednez L\u00f3pez G\u00f3mez (Spagna), Reiner Braun (Germania), Riccardo Petrella (Italia &#8211; Belgio), Roberto Savio (Italia-Argentina), Saida Garrach (Tunisia), Susan George (Francia), Taoufik Ben Abdellah. <span lang=\"en-GB\">ENDA (Tunisia), Vandana Shiva (India), Wim Dierckxsens (Costa Rica)<\/span><\/p>\n<p>Se siete d&#8217;accordo, firmate questo appello.<\/p>\n<p><a href=\"https:\/\/foranewworldsocialforum.org\">https:\/\/foranewworldsocialforum.org<\/a><\/p>\n<p>facebook: <a href=\"https:\/\/www.facebook.com\/Towards-a-new-World-Social-Forum-111387594021520\/?view_public_for=111387594021520\">Verso un nuovo forum sociale mondiale<\/a><\/p>\n<p>&nbsp;<\/p>\n<p><em>Traduzione dall\u2019inglese di Thomas Schmid. Revisione: Silvia Nocera<\/em><\/p>\n","protected":false},"excerpt":{"rendered":"<p>Il prossimo gennaio il Forum Sociale Mondiale (WSF \u2013 World Social Forum) compie 20 anni. La sua apparizione nel 2001, richiamando i vari movimenti sociali, attivisti e intellettuali a confrontarsi con il neoliberismo dominante, \u00e8 stata un evento di portata&hellip;<\/p>\n","protected":false},"author":346,"featured_media":1189008,"comment_status":"closed","ping_status":"closed","sticky":false,"template":"","format":"standard","meta":{"footnotes":""},"categories":[11388,38,1262],"tags":[81306],"class_list":["post-1194624","post","type-post","status-publish","format-standard","has-post-thumbnail","hentry","category-contenuti-originali","category-internazionale","category-nonviolenza-argomento","tag-world-social-forum-it"],"yoast_head":"<!-- This site is optimized with the Yoast SEO plugin v27.1.1 - https:\/\/yoast.com\/product\/yoast-seo-wordpress\/ -->\n<title>Verso un nuovo Forum Sociale Mondiale<\/title>\n<meta name=\"description\" content=\"Il prossimo gennaio il Forum Sociale Mondiale (WSF \u2013 World Social Forum) compie 20 anni. La sua apparizione nel 2001, richiamando i vari movimenti\" \/>\n<meta name=\"robots\" content=\"index, follow, max-snippet:-1, max-image-preview:large, max-video-preview:-1\" \/>\n<link rel=\"canonical\" href=\"https:\/\/www.pressenza.com\/it\/2020\/09\/verso-un-nuovo-forum-sociale-mondiale\/\" \/>\n<meta property=\"og:locale\" content=\"it_IT\" \/>\n<meta property=\"og:type\" content=\"article\" \/>\n<meta property=\"og:title\" content=\"Verso un nuovo Forum Sociale Mondiale\" \/>\n<meta property=\"og:description\" content=\"Il prossimo gennaio il Forum Sociale Mondiale (WSF \u2013 World Social Forum) compie 20 anni. La sua apparizione nel 2001, richiamando i vari movimenti\" \/>\n<meta property=\"og:url\" content=\"https:\/\/www.pressenza.com\/it\/2020\/09\/verso-un-nuovo-forum-sociale-mondiale\/\" \/>\n<meta property=\"og:site_name\" content=\"Pressenza\" \/>\n<meta property=\"article:publisher\" content=\"https:\/\/www.facebook.com\/PressenzaItalia\" \/>\n<meta property=\"article:published_time\" content=\"2020-09-12T18:32:05+00:00\" \/>\n<meta property=\"og:image\" content=\"https:\/\/www.pressenza.com\/wp-content\/uploads\/2020\/09\/FSM1.jpg\" \/>\n\t<meta property=\"og:image:width\" content=\"720\" \/>\n\t<meta property=\"og:image:height\" content=\"450\" \/>\n\t<meta property=\"og:image:type\" content=\"image\/jpeg\" \/>\n<meta name=\"author\" content=\"Roberto Savio\" \/>\n<meta name=\"twitter:card\" content=\"summary_large_image\" \/>\n<meta name=\"twitter:creator\" content=\"@PressenzaIPA\" \/>\n<meta name=\"twitter:site\" content=\"@PressenzaIPA\" \/>\n<meta name=\"twitter:label1\" content=\"Scritto da\" \/>\n\t<meta name=\"twitter:data1\" content=\"Roberto Savio\" \/>\n\t<meta name=\"twitter:label2\" content=\"Tempo di lettura stimato\" \/>\n\t<meta name=\"twitter:data2\" content=\"5 minuti\" \/>\n<script type=\"application\/ld+json\" class=\"yoast-schema-graph\">{\"@context\":\"https:\/\/schema.org\",\"@graph\":[{\"@type\":\"Article\",\"@id\":\"https:\/\/www.pressenza.com\/it\/2020\/09\/verso-un-nuovo-forum-sociale-mondiale\/#article\",\"isPartOf\":{\"@id\":\"https:\/\/www.pressenza.com\/it\/2020\/09\/verso-un-nuovo-forum-sociale-mondiale\/\"},\"author\":{\"name\":\"Roberto Savio\",\"@id\":\"https:\/\/www.pressenza.com\/it\/#\/schema\/person\/4bf09913158b73c17bd52276517c5054\"},\"headline\":\"Verso un nuovo Forum Sociale Mondiale\",\"datePublished\":\"2020-09-12T18:32:05+00:00\",\"mainEntityOfPage\":{\"@id\":\"https:\/\/www.pressenza.com\/it\/2020\/09\/verso-un-nuovo-forum-sociale-mondiale\/\"},\"wordCount\":922,\"publisher\":{\"@id\":\"https:\/\/www.pressenza.com\/it\/#organization\"},\"image\":{\"@id\":\"https:\/\/www.pressenza.com\/it\/2020\/09\/verso-un-nuovo-forum-sociale-mondiale\/#primaryimage\"},\"thumbnailUrl\":\"https:\/\/www.pressenza.com\/wp-content\/uploads\/2020\/09\/FSM1.jpg\",\"keywords\":[\"World Social Forum\"],\"articleSection\":[\"contenuti originali\",\"Internazionale\",\"Nonviolenza\"],\"inLanguage\":\"it-IT\"},{\"@type\":\"WebPage\",\"@id\":\"https:\/\/www.pressenza.com\/it\/2020\/09\/verso-un-nuovo-forum-sociale-mondiale\/\",\"url\":\"https:\/\/www.pressenza.com\/it\/2020\/09\/verso-un-nuovo-forum-sociale-mondiale\/\",\"name\":\"Verso un nuovo Forum Sociale Mondiale\",\"isPartOf\":{\"@id\":\"https:\/\/www.pressenza.com\/it\/#website\"},\"primaryImageOfPage\":{\"@id\":\"https:\/\/www.pressenza.com\/it\/2020\/09\/verso-un-nuovo-forum-sociale-mondiale\/#primaryimage\"},\"image\":{\"@id\":\"https:\/\/www.pressenza.com\/it\/2020\/09\/verso-un-nuovo-forum-sociale-mondiale\/#primaryimage\"},\"thumbnailUrl\":\"https:\/\/www.pressenza.com\/wp-content\/uploads\/2020\/09\/FSM1.jpg\",\"datePublished\":\"2020-09-12T18:32:05+00:00\",\"description\":\"Il prossimo gennaio il Forum Sociale Mondiale (WSF \u2013 World Social Forum) compie 20 anni. La sua apparizione nel 2001, richiamando i vari movimenti\",\"breadcrumb\":{\"@id\":\"https:\/\/www.pressenza.com\/it\/2020\/09\/verso-un-nuovo-forum-sociale-mondiale\/#breadcrumb\"},\"inLanguage\":\"it-IT\",\"potentialAction\":[{\"@type\":\"ReadAction\",\"target\":[\"https:\/\/www.pressenza.com\/it\/2020\/09\/verso-un-nuovo-forum-sociale-mondiale\/\"]}]},{\"@type\":\"ImageObject\",\"inLanguage\":\"it-IT\",\"@id\":\"https:\/\/www.pressenza.com\/it\/2020\/09\/verso-un-nuovo-forum-sociale-mondiale\/#primaryimage\",\"url\":\"https:\/\/www.pressenza.com\/wp-content\/uploads\/2020\/09\/FSM1.jpg\",\"contentUrl\":\"https:\/\/www.pressenza.com\/wp-content\/uploads\/2020\/09\/FSM1.jpg\",\"width\":720,\"height\":450},{\"@type\":\"BreadcrumbList\",\"@id\":\"https:\/\/www.pressenza.com\/it\/2020\/09\/verso-un-nuovo-forum-sociale-mondiale\/#breadcrumb\",\"itemListElement\":[{\"@type\":\"ListItem\",\"position\":1,\"name\":\"Accueil\",\"item\":\"https:\/\/www.pressenza.com\/it\/\"},{\"@type\":\"ListItem\",\"position\":2,\"name\":\"Verso un nuovo Forum Sociale Mondiale\"}]},{\"@type\":\"WebSite\",\"@id\":\"https:\/\/www.pressenza.com\/it\/#website\",\"url\":\"https:\/\/www.pressenza.com\/it\/\",\"name\":\"Pressenza\",\"description\":\"Agenzia di Stampa Internazionale\",\"publisher\":{\"@id\":\"https:\/\/www.pressenza.com\/it\/#organization\"},\"potentialAction\":[{\"@type\":\"SearchAction\",\"target\":{\"@type\":\"EntryPoint\",\"urlTemplate\":\"https:\/\/www.pressenza.com\/it\/?s={search_term_string}\"},\"query-input\":{\"@type\":\"PropertyValueSpecification\",\"valueRequired\":true,\"valueName\":\"search_term_string\"}}],\"inLanguage\":\"it-IT\"},{\"@type\":\"Organization\",\"@id\":\"https:\/\/www.pressenza.com\/it\/#organization\",\"name\":\"Pressenza\",\"url\":\"https:\/\/www.pressenza.com\/it\/\",\"logo\":{\"@type\":\"ImageObject\",\"inLanguage\":\"it-IT\",\"@id\":\"https:\/\/www.pressenza.com\/it\/#\/schema\/logo\/image\/\",\"url\":\"https:\/\/www.pressenza.com\/wp-content\/uploads\/2022\/10\/pressenza_logo_200x200.jpg\",\"contentUrl\":\"https:\/\/www.pressenza.com\/wp-content\/uploads\/2022\/10\/pressenza_logo_200x200.jpg\",\"width\":200,\"height\":200,\"caption\":\"Pressenza\"},\"image\":{\"@id\":\"https:\/\/www.pressenza.com\/it\/#\/schema\/logo\/image\/\"},\"sameAs\":[\"https:\/\/www.facebook.com\/PressenzaItalia\",\"https:\/\/x.com\/PressenzaIPA\"]},{\"@type\":\"Person\",\"@id\":\"https:\/\/www.pressenza.com\/it\/#\/schema\/person\/4bf09913158b73c17bd52276517c5054\",\"name\":\"Roberto Savio\",\"description\":\"Roberto Savio is founder and president emeritus of the Inter Press Service (IPS) news agency.\",\"url\":\"https:\/\/www.pressenza.com\/it\/author\/roberto-savio\/\"}]}<\/script>\n<!-- \/ Yoast SEO plugin. -->","yoast_head_json":{"title":"Verso un nuovo Forum Sociale Mondiale","description":"Il prossimo gennaio il Forum Sociale Mondiale (WSF \u2013 World Social Forum) compie 20 anni. La sua apparizione nel 2001, richiamando i vari movimenti","robots":{"index":"index","follow":"follow","max-snippet":"max-snippet:-1","max-image-preview":"max-image-preview:large","max-video-preview":"max-video-preview:-1"},"canonical":"https:\/\/www.pressenza.com\/it\/2020\/09\/verso-un-nuovo-forum-sociale-mondiale\/","og_locale":"it_IT","og_type":"article","og_title":"Verso un nuovo Forum Sociale Mondiale","og_description":"Il prossimo gennaio il Forum Sociale Mondiale (WSF \u2013 World Social Forum) compie 20 anni. La sua apparizione nel 2001, richiamando i vari movimenti","og_url":"https:\/\/www.pressenza.com\/it\/2020\/09\/verso-un-nuovo-forum-sociale-mondiale\/","og_site_name":"Pressenza","article_publisher":"https:\/\/www.facebook.com\/PressenzaItalia","article_published_time":"2020-09-12T18:32:05+00:00","og_image":[{"width":720,"height":450,"url":"https:\/\/www.pressenza.com\/wp-content\/uploads\/2020\/09\/FSM1.jpg","type":"image\/jpeg"}],"author":"Roberto Savio","twitter_card":"summary_large_image","twitter_creator":"@PressenzaIPA","twitter_site":"@PressenzaIPA","twitter_misc":{"Scritto da":"Roberto Savio","Tempo di lettura stimato":"5 minuti"},"schema":{"@context":"https:\/\/schema.org","@graph":[{"@type":"Article","@id":"https:\/\/www.pressenza.com\/it\/2020\/09\/verso-un-nuovo-forum-sociale-mondiale\/#article","isPartOf":{"@id":"https:\/\/www.pressenza.com\/it\/2020\/09\/verso-un-nuovo-forum-sociale-mondiale\/"},"author":{"name":"Roberto Savio","@id":"https:\/\/www.pressenza.com\/it\/#\/schema\/person\/4bf09913158b73c17bd52276517c5054"},"headline":"Verso un nuovo Forum Sociale Mondiale","datePublished":"2020-09-12T18:32:05+00:00","mainEntityOfPage":{"@id":"https:\/\/www.pressenza.com\/it\/2020\/09\/verso-un-nuovo-forum-sociale-mondiale\/"},"wordCount":922,"publisher":{"@id":"https:\/\/www.pressenza.com\/it\/#organization"},"image":{"@id":"https:\/\/www.pressenza.com\/it\/2020\/09\/verso-un-nuovo-forum-sociale-mondiale\/#primaryimage"},"thumbnailUrl":"https:\/\/www.pressenza.com\/wp-content\/uploads\/2020\/09\/FSM1.jpg","keywords":["World Social Forum"],"articleSection":["contenuti originali","Internazionale","Nonviolenza"],"inLanguage":"it-IT"},{"@type":"WebPage","@id":"https:\/\/www.pressenza.com\/it\/2020\/09\/verso-un-nuovo-forum-sociale-mondiale\/","url":"https:\/\/www.pressenza.com\/it\/2020\/09\/verso-un-nuovo-forum-sociale-mondiale\/","name":"Verso un nuovo Forum Sociale Mondiale","isPartOf":{"@id":"https:\/\/www.pressenza.com\/it\/#website"},"primaryImageOfPage":{"@id":"https:\/\/www.pressenza.com\/it\/2020\/09\/verso-un-nuovo-forum-sociale-mondiale\/#primaryimage"},"image":{"@id":"https:\/\/www.pressenza.com\/it\/2020\/09\/verso-un-nuovo-forum-sociale-mondiale\/#primaryimage"},"thumbnailUrl":"https:\/\/www.pressenza.com\/wp-content\/uploads\/2020\/09\/FSM1.jpg","datePublished":"2020-09-12T18:32:05+00:00","description":"Il prossimo gennaio il Forum Sociale Mondiale (WSF \u2013 World Social Forum) compie 20 anni. La sua apparizione nel 2001, richiamando i vari movimenti","breadcrumb":{"@id":"https:\/\/www.pressenza.com\/it\/2020\/09\/verso-un-nuovo-forum-sociale-mondiale\/#breadcrumb"},"inLanguage":"it-IT","potentialAction":[{"@type":"ReadAction","target":["https:\/\/www.pressenza.com\/it\/2020\/09\/verso-un-nuovo-forum-sociale-mondiale\/"]}]},{"@type":"ImageObject","inLanguage":"it-IT","@id":"https:\/\/www.pressenza.com\/it\/2020\/09\/verso-un-nuovo-forum-sociale-mondiale\/#primaryimage","url":"https:\/\/www.pressenza.com\/wp-content\/uploads\/2020\/09\/FSM1.jpg","contentUrl":"https:\/\/www.pressenza.com\/wp-content\/uploads\/2020\/09\/FSM1.jpg","width":720,"height":450},{"@type":"BreadcrumbList","@id":"https:\/\/www.pressenza.com\/it\/2020\/09\/verso-un-nuovo-forum-sociale-mondiale\/#breadcrumb","itemListElement":[{"@type":"ListItem","position":1,"name":"Accueil","item":"https:\/\/www.pressenza.com\/it\/"},{"@type":"ListItem","position":2,"name":"Verso un nuovo Forum Sociale Mondiale"}]},{"@type":"WebSite","@id":"https:\/\/www.pressenza.com\/it\/#website","url":"https:\/\/www.pressenza.com\/it\/","name":"Pressenza","description":"Agenzia di Stampa Internazionale","publisher":{"@id":"https:\/\/www.pressenza.com\/it\/#organization"},"potentialAction":[{"@type":"SearchAction","target":{"@type":"EntryPoint","urlTemplate":"https:\/\/www.pressenza.com\/it\/?s={search_term_string}"},"query-input":{"@type":"PropertyValueSpecification","valueRequired":true,"valueName":"search_term_string"}}],"inLanguage":"it-IT"},{"@type":"Organization","@id":"https:\/\/www.pressenza.com\/it\/#organization","name":"Pressenza","url":"https:\/\/www.pressenza.com\/it\/","logo":{"@type":"ImageObject","inLanguage":"it-IT","@id":"https:\/\/www.pressenza.com\/it\/#\/schema\/logo\/image\/","url":"https:\/\/www.pressenza.com\/wp-content\/uploads\/2022\/10\/pressenza_logo_200x200.jpg","contentUrl":"https:\/\/www.pressenza.com\/wp-content\/uploads\/2022\/10\/pressenza_logo_200x200.jpg","width":200,"height":200,"caption":"Pressenza"},"image":{"@id":"https:\/\/www.pressenza.com\/it\/#\/schema\/logo\/image\/"},"sameAs":["https:\/\/www.facebook.com\/PressenzaItalia","https:\/\/x.com\/PressenzaIPA"]},{"@type":"Person","@id":"https:\/\/www.pressenza.com\/it\/#\/schema\/person\/4bf09913158b73c17bd52276517c5054","name":"Roberto Savio","description":"Roberto Savio is founder and president emeritus of the Inter Press Service (IPS) news agency.","url":"https:\/\/www.pressenza.com\/it\/author\/roberto-savio\/"}]}},"place":"","original_article_url":"","_links":{"self":[{"href":"https:\/\/www.pressenza.com\/it\/wp-json\/wp\/v2\/posts\/1194624","targetHints":{"allow":["GET"]}}],"collection":[{"href":"https:\/\/www.pressenza.com\/it\/wp-json\/wp\/v2\/posts"}],"about":[{"href":"https:\/\/www.pressenza.com\/it\/wp-json\/wp\/v2\/types\/post"}],"author":[{"embeddable":true,"href":"https:\/\/www.pressenza.com\/it\/wp-json\/wp\/v2\/users\/346"}],"replies":[{"embeddable":true,"href":"https:\/\/www.pressenza.com\/it\/wp-json\/wp\/v2\/comments?post=1194624"}],"version-history":[{"count":0,"href":"https:\/\/www.pressenza.com\/it\/wp-json\/wp\/v2\/posts\/1194624\/revisions"}],"wp:featuredmedia":[{"embeddable":true,"href":"https:\/\/www.pressenza.com\/it\/wp-json\/wp\/v2\/media\/1189008"}],"wp:attachment":[{"href":"https:\/\/www.pressenza.com\/it\/wp-json\/wp\/v2\/media?parent=1194624"}],"wp:term":[{"taxonomy":"category","embeddable":true,"href":"https:\/\/www.pressenza.com\/it\/wp-json\/wp\/v2\/categories?post=1194624"},{"taxonomy":"post_tag","embeddable":true,"href":"https:\/\/www.pressenza.com\/it\/wp-json\/wp\/v2\/tags?post=1194624"}],"curies":[{"name":"wp","href":"https:\/\/api.w.org\/{rel}","templated":true}]}}