{"id":1193286,"date":"2020-09-10T20:16:52","date_gmt":"2020-09-10T19:16:52","guid":{"rendered":"https:\/\/www.pressenza.com\/?p=1193286"},"modified":"2020-09-10T20:16:52","modified_gmt":"2020-09-10T19:16:52","slug":"unagenda-per-il-cambiamento-diritti-universali-e-beni-pubblici-globali","status":"publish","type":"post","link":"https:\/\/www.pressenza.com\/it\/2020\/09\/unagenda-per-il-cambiamento-diritti-universali-e-beni-pubblici-globali\/","title":{"rendered":"Un\u2019Agenda per il Cambiamento. Diritti universali e beni Pubblici Globali"},"content":{"rendered":"<p class=\"western\" lang=\"fr-BE\" align=\"justify\">Allegato all&#8217;<a href=\"https:\/\/www.pressenza.com\/it\/2020\/09\/lettera-aperta-su-covid-19-sanita-e-beni-pubblici-globali\/\">appello al Segretario Generale<\/a> dell&#8217;ONU l&#8217;Agor\u00e0 dei Popoli della Terra ha allegato una proposta di agenda.<\/p>\n<hr \/>\n<p class=\"western\" lang=\"fr-BE\" align=\"justify\"><span style=\"color: #000000;\"><span style=\"font-size: large;\"><span lang=\"nl-BE\">Gentile Segretario Generale,<\/span><\/span><\/span><\/p>\n<p class=\"western\" lang=\"fr-BE\" align=\"justify\"><span style=\"color: #000000;\"><span style=\"font-size: large;\"><span lang=\"nl-BE\">Stiamo scrivendo per conto di &#8220;Agor\u00e0&#8221;, una rete mondiale di cittadini impegnati a promuovere le questioni globali di salute, acqua e cibo (1). Con questo testo abbiamo l&#8217;onore di portare alla Sua cortese attenzione alcune riflessioni specifiche e una proposta aggiuntiva all&#8217;appello di Agor\u00e0 alla comunit\u00e0 internazionale a riunirsi attorno al concetto di beni pubblici globali, nell&#8217;affrontare la crisi globale senza precedenti e le sfide provocate dalla Pandemia di covid19.<\/span><\/span><\/span><\/p>\n<p class=\"western\" lang=\"fr-BE\" align=\"justify\"><span style=\"color: #000000;\"><u>\u2022<\/u><\/span><u> <\/u><span style=\"color: #000000;\"><span style=\"font-size: large;\"><span lang=\"nl-BE\"><i><u>I diritti umani sono al centro della ripresa<\/u><\/i><\/span><\/span><\/span><\/p>\n<p class=\"western\" lang=\"fr-BE\" align=\"justify\"><span style=\"color: #000000;\"><span style=\"font-size: large;\"><span lang=\"nl-BE\">Con profondo apprezzamento per la Sua leadership e i Suoi sforzi sin dall\u2019inizio della pandemia, chiediamo il Suo sostegno per mobilitare le risposte alla crisi, che sono radicate nei diritti umani universali sanciti dalle Nazioni Unite, le quali affrontano le loro missioni sanitaria, socio-economica e per la sicurezza in modo integrato.<\/span><\/span><\/span><\/p>\n<p class=\"western\" lang=\"fr-BE\" align=\"justify\"><span style=\"color: #000000;\"><span style=\"font-size: large;\"><span lang=\"nl-BE\">La pandemia ha messo in luce nel modo pi\u00f9 netto possibile le disuguaglianze e le ingiustizie che caratterizzano le relazioni umane e politiche nel mondo di oggi. Condividiamo pienamente la Sua opinione secondo cui affrontare di petto queste condizioni, queste violazioni dei diritti umani profondamente radicate, dovrebbe essere al centro della ripresa. Le realt\u00e0 che stiamo fronteggiando oggi rendono tempestivo e urgente ci\u00f2 che pu\u00f2 essere apparso fino ad ora irrealistico o addirittura un\u2019utopia.<\/span><\/span><\/span><\/p>\n<p class=\"western\" lang=\"fr-BE\" align=\"justify\"><span style=\"color: #000000;\"><span style=\"font-size: large;\"><span lang=\"nl-BE\">In effetti la pandemia sta dimostrando che, finch\u00e9 continueranno a esistere forti disuguaglianze nell&#8217;accesso ai beni di salute pubblica, nessuno &#8211; ricco o povero &#8211; sar\u00e0 al sicuro e nessuno pu\u00f2 essere sicuro di essere risparmiato. Nessun paese pu\u00f2 sperare di avere successo da solo, motivo per cui i governi, ovunque, devono agire insieme senza indugio in uno spirito di stretta collaborazione nell&#8217;interesse di tutti gli abitanti della Terra. Dobbiamo entrare nell&#8217;era del &#8220;mondo dei beni pubblici globali&#8221;.<\/span><\/span><\/span><\/p>\n<p class=\"western\" lang=\"fr-BE\"><span style=\"color: #000000;\"><span style=\"font-size: small;\"><span lang=\"nl-BE\">(1) L&#8217;Agor\u00e0 degli abitanti della Terra \u00e8 un&#8217;associazione di cittadini creata nel 2018 da centinaia di persone provenienti da Europa, America Latina, Africa e Asia. Il suo obiettivo \u00e8 contribuire al riconoscimento dell&#8217;umanit\u00e0 come soggetto politico e istituzionale e attore chiave nella regolamentazione basata sulla cooperazione e sulla solidariet\u00e0 della comunit\u00e0 di vita globale della Terra. Per maggiori informazioni: <\/span><\/span><\/span><span style=\"color: #0000ff;\"><u><a class=\"western\" href=\"http:\/\/audacia-umanita.blogspot.com\/search\/label\/lingua%20italiana\">http:\/\/audacia-umanita.blogspot.com\/search\/label\/lingua%20italiana<\/a><\/u><\/span><\/p>\n<p class=\"western\" lang=\"fr-BE\" align=\"justify\"><span style=\"color: #000000;\"><u>\u2022<\/u><\/span><u> <\/u><span style=\"color: #000000;\"><span style=\"font-size: large;\"><span lang=\"nl-BE\"><i><u>Beni pubblici globali: un&#8217;agenda per un nuovo contratto sociale mondiale<\/u><\/i><\/span><\/span><\/span><\/p>\n<p class=\"western\" lang=\"fr-BE\" align=\"justify\"><span style=\"color: #000000;\"><span style=\"font-size: large;\"><span lang=\"nl-BE\">Crediamo fermamente che il concetto di beni pubblici globali sia un concetto intorno al quale la comunit\u00e0 internazionale pu\u00f2 mobilitare e costruire un rinnovato senso di scopo comune.<\/span><\/span><\/span><\/p>\n<p class=\"western\" lang=\"fr-BE\" align=\"justify\"><span style=\"color: #000000;\"><span style=\"font-size: large;\"><span lang=\"nl-BE\">Siamo incoraggiati dalle posizioni che Lei ha assunto personalmente chiedendo un nuovo contratto sociale e una nuova generazione di politiche di protezione sociale e reti di sicurezza, compresa la copertura sanitaria universale. Siamo stati anche lieti di vedere che il discorso internazionale alle Nazioni Unite, incluso il Consiglio di Sicurezza e l&#8217;Assemblea Generale, richiede sempre pi\u00f9 una maggiore attenzione ai beni pubblici globali come parte integrante dello sforzo per dare alle Nazioni Unite un senso rinnovato e pi\u00f9 inclusivo della loro missione, in occasione del loro 75 \u00b0 anniversario.<\/span><\/span><\/span><\/p>\n<p class=\"western\" lang=\"fr-BE\" align=\"justify\"><span style=\"color: #000000;\"><span style=\"font-size: large;\"><span lang=\"nl-BE\">L&#8217;approccio al concetto di beni pubblici globali esposto nella lettera \u00e8 guidato da una visione della politica e della societ\u00e0 che lega noi membri di \u201cAgor\u00e0\u201d. Ma il concetto \u00e8 ancorato al principio universale del diritto alla vita e ai diritti politici, economici, sociali e culturali concordati a livello internazionale. Dovrebbe essere utilizzato come uno strumento indispensabile per realizzare l&#8217;impegno a non lasciare indietro nessuno, sottoscritto da tutti i governi nell&#8217;Agenda 2030, ed evitare che tale impegno rimanga una semplice dichiarazione.<\/span><\/span><\/span><\/p>\n<p class=\"western\" lang=\"fr-BE\" align=\"justify\"><span style=\"color: #000000;\"><span style=\"font-size: large;\"><span lang=\"nl-BE\">Riteniamo che la nozione di res publica, o bene pubblico globale, fornisca il principio di base per inquadrare la risposta della comunit\u00e0 internazionale alla crisi COVID-19 e anche alle sfide sanitarie globali in futuro, e offre una via d&#8217;uscita dal vicolo cieco della situazione in cui ci troviamo. Offre anche una base per superare l&#8217;ormai radicata e risoluta dipendenza ideologica dai mercati finanziari e dalle societ\u00e0 private, tutte nel Nord.<\/span><\/span><\/span><\/p>\n<p class=\"western\" lang=\"fr-BE\" align=\"justify\"><span style=\"color: #000000;\"><span style=\"font-size: large;\"><span lang=\"nl-BE\"><b>Il principio dell&#8217;accesso universale, anzi del libero accesso, come diritto, a un vaccino COViD-19 sta unendo sempre pi\u00f9 persone in tutto il mondo. Dovrebbe essere lo strumento di base per rendere operativi i diritti umani attraverso le attuali divisioni e ripristinare la fiducia, il contratto sociale tra i cittadini e lo Stato e una vera democrazia basata sulla partecipazione di tutti.<\/b><\/span><\/span><\/span><\/p>\n<p class=\"western\" lang=\"fr-BE\" align=\"justify\"><span style=\"color: #000000;\"><u>\u2022<\/u><\/span><u> <\/u><span style=\"color: #000000;\"><span style=\"font-size: large;\"><i><u>La sfida per la scienza e la tecnologia. Oltre la mercificazione, la privatizzazione e la militarizzazione<\/u><\/i><\/span><\/span><\/p>\n<p class=\"western\" lang=\"fr-BE\" align=\"justify\"><span style=\"color: #000000;\">\u00a0<span style=\"font-size: large;\">Molto resta da fare per liberare le nostre societ\u00e0 dalla mercificazione, privatizzazione e militarizzazione della vita secondo una concezione e una incombente visione utilitaristica e competitiva della scienza e della tecnologia, in particolare nei campi delle scienze della vita \/ biotecnologie e scienze cognitive \/ intelligenza artificiale.<\/span><\/span><\/p>\n<p class=\"western\" lang=\"fr-BE\" align=\"justify\"><span style=\"color: #000000;\"><span style=\"font-size: large;\">Oggi, pi\u00f9 di 50.000 brevetti su organismi viventi, e numeri ancora pi\u00f9 elevati nel campo dell&#8217;intelligenza artificiale, hanno trasferito poteri decisionali chiave sul futuro dallo spazio pubblico a quello privato. Ci\u00f2 ha portato all&#8217;emergere di nuove divisioni sociali globali: divisioni nelle informazioni, divisioni digitali, divisioni nella sanit\u00e0, divisioni nelle conoscenze, divisioni nell\u2019istruzione, per citarne solo alcune. La salute e la conoscenza devono oggi essere riconosciute come beni pubblici globali al fine di fermare i processi che aggravano le fratture globali e le lacune tra chi ha e chi non ha, e che sono stati cos\u00ec nettamente evidenziati nella crisi COVID-19 in corso.<\/span><\/span><\/p>\n<p class=\"western\" lang=\"fr-BE\" align=\"justify\"><span style=\"color: #000000;\"><span style=\"font-size: large;\">Di conseguenza, vorremmo suggerire che un passo aggiuntivo e importante per le Nazioni Unite dovrebbe essere uno sforzo deliberato per sfruttare il potenziale di innovazione, guidato dalla scienza e dalla tecnologia per promuovere con urgenza dibattiti aperti e inclusivi su questioni e politiche, utilizzando COVID-19 come una piattaforma e un trampolino di lancio in questa direzione. Rispondere al desiderio dei popoli di riguadagnare l&#8217;influenza e il controllo dei loro destini individuali, di gruppo, nazionali e comuni, \u00e8 attualmente forse la principale sfida politica che i cittadini, la societ\u00e0 civile e i governi devono affrontare a tutti i livelli. Per essere fedeli allo spirito della loro missione, le Nazioni Unite devono anche fare la loro parte per contribuire alla democratizzazione dello sviluppo delle politiche e promuovere i meccanismi di decisione politica e le istituzioni appropriate a livello globale &#8211; lo spazio pubblico aperto pertinente &#8211; per far fronte alle questioni di preoccupazione universale (costruire il &#8220;mondo res publica&#8221;).<\/span><\/span><\/p>\n<p class=\"western\" lang=\"fr-BE\" align=\"justify\"><span style=\"color: #000000;\"><span style=\"font-size: large;\">Tenendo presente questa esigenza, riteniamo che dovrebbe essere organizzato un webinar globale delle Nazioni Unite, sotto i Suoi auspici come Segretario Generale, sul tema &#8220;Beni pubblici globali e COVID19: ricerca di soluzioni alle esigenze di salute umana e sviluppo sostenibile&#8221;. Un webinar di questo tipo fungerebbe da piattaforma su cui attori e pensatori rappresentativi interessati &#8211; sia del sud che del nord e di diversi ceti sociali, molti dei quali non sono e non possono altrimenti essere ascoltati o notati a livello globale &#8211; per esprimere le loro opinioni.<\/span><\/span><\/p>\n<p class=\"western\" lang=\"fr-BE\" align=\"justify\"><span style=\"color: #000000;\"><span style=\"font-size: large;\">Stiamo inviando copia di questo documento ai Presidenti dell&#8217;Assemblea Generale e dell&#8217;ECOSOC, al Direttore Esecutivo dell&#8217;OMS, al Segretario Generale dell&#8217;UNCTAD, nonch\u00e9 ai presidenti del Gruppo dei 77 e del Movimento dei Non Allineati a New York . Siamo fermamente convinti che le iniziative che proponiamo possano dare un contributo a sostegno di un&#8217;Agenda 2030 per il recupero mondiale guidato dalla giustizia e dai diritti universali.<\/span><\/span><\/p>\n<p class=\"western\" lang=\"fr-BE\" align=\"justify\"><span style=\"color: #000000;\"><span style=\"font-size: large;\">I dialoghi in linea iniziali delineati in questa lettera dovrebbero a loro volta contribuire allo slancio necessario per accelerare l&#8217;azione globale in questa importante direzione. In questo sforzo, Signor Segretario Generale e l&#8217;organizzazione nel suo insieme, potete contare sul sostegno incondizionato, individualmente e collettivamente, di tutti i membri di Agor\u00e0.<\/span><\/span><\/p>\n<p class=\"western\" lang=\"fr-BE\" align=\"justify\"><span style=\"font-size: large;\"><span lang=\"it-IT\"><i>A nome di &#8220;Agor\u00e0&#8221;<\/i><\/span><\/span><i> <\/i><\/p>\n<p class=\"western\" lang=\"fr-BE\" align=\"justify\"><span style=\"font-size: large;\"><span lang=\"en-GB\">Alain <\/span><\/span><span style=\"font-size: large;\"><span lang=\"en-GB\"><b>Adriaens,<\/b><\/span><\/span><span style=\"font-size: large;\"><span lang=\"en-GB\"> Alain <\/span><\/span><span style=\"font-size: large;\"><span lang=\"en-GB\"><b>Dangoisse,<\/b><\/span><\/span><span style=\"font-size: large;\"><span lang=\"en-GB\"> Pierre <\/span><\/span><span style=\"font-size: large;\"><span lang=\"en-GB\"><b>Galand <\/b><\/span><\/span><span style=\"font-size: large;\"><span lang=\"en-GB\">(<\/span><\/span><span style=\"font-size: large;\"><span lang=\"en-GB\"><u>Belgio<\/u><\/span><\/span><span style=\"font-size: large;\"><span lang=\"en-GB\">)<\/span><\/span><\/p>\n<p class=\"western\" lang=\"fr-BE\" align=\"justify\"><span style=\"font-size: large;\"><span lang=\"it-IT\">Anibal <\/span><\/span><span style=\"font-size: large;\"><span lang=\"it-IT\"><b>Faccendini<\/b><\/span><\/span><span style=\"font-size: large;\"><span lang=\"it-IT\"> (<\/span><\/span><span style=\"font-size: large;\"><span lang=\"it-IT\"><u>Argentina)<\/u><\/span><\/span><\/p>\n<p class=\"western\" lang=\"fr-BE\" align=\"justify\"><span style=\"font-size: large;\"><span lang=\"it-IT\">Boaventura <\/span><\/span><span style=\"font-size: large;\"><span lang=\"it-IT\"><b>de Sousa Santos<\/b><\/span><\/span><span style=\"font-size: large;\"><span lang=\"it-IT\">, Joao <\/span><\/span><span style=\"font-size: large;\"><span lang=\"it-IT\"><b>Cara\u00e7a <\/b><\/span><\/span><span style=\"font-size: large;\"><span lang=\"it-IT\">(<\/span><\/span><span style=\"font-size: large;\"><span lang=\"it-IT\"><u>Portogallo<\/u><\/span><\/span><span style=\"font-size: large;\"><span lang=\"it-IT\">) <\/span><\/span><\/p>\n<p class=\"western\" lang=\"fr-BE\" align=\"justify\"><span style=\"font-size: large;\"><span lang=\"it-IT\">Fatoumata Kane <\/span><\/span><span style=\"font-size: large;\"><span lang=\"it-IT\"><b>Ki-Zerbo<\/b><\/span><\/span><span style=\"font-size: large;\"><span lang=\"it-IT\"> (<\/span><\/span><span style=\"font-size: large;\"><span lang=\"it-IT\"><u>Burkina Faso<\/u><\/span><\/span><span style=\"font-size: large;\"><span lang=\"it-IT\">)<\/span><\/span><\/p>\n<p class=\"western\" lang=\"fr-BE\" align=\"justify\"><span style=\"font-size: large;\"><span lang=\"en-GB\">Federico <\/span><\/span><span style=\"font-size: large;\"><span lang=\"en-GB\"><b>Mayor<\/b><\/span><\/span><span style=\"font-size: large;\"><span lang=\"en-GB\"> (Spagna) <\/span><\/span><\/p>\n<p class=\"western\" lang=\"fr-BE\" align=\"justify\"><span style=\"font-size: large;\"><span lang=\"en-GB\">Ina <\/span><\/span><span style=\"font-size: large;\"><span lang=\"en-GB\"><b>Darmstaedter<\/b><\/span><\/span><span style=\"font-size: large;\"><span lang=\"en-GB\"> (Germania)<\/span><\/span><\/p>\n<p class=\"western\" lang=\"fr-BE\" align=\"justify\"><span style=\"font-size: large;\"><span lang=\"it-IT\">Jean-Pierre <\/span><\/span><span style=\"font-size: large;\"><span lang=\"it-IT\"><b>Wauquier<\/b><\/span><\/span><span style=\"font-size: large;\"><span lang=\"it-IT\"> (<\/span><\/span><span style=\"font-size: large;\"><span lang=\"it-IT\"><u>Francia<\/u><\/span><\/span><span style=\"font-size: large;\"><span lang=\"it-IT\">)<\/span><\/span><\/p>\n<p class=\"western\" lang=\"fr-BE\" align=\"justify\"><span style=\"font-size: large;\">Luis <\/span><span style=\"font-size: large;\"><b>Infanti de la Mora<\/b><\/span> <span style=\"font-size: large;\"><u>(Cile)<\/u><\/span><\/p>\n<p class=\"western\" lang=\"fr-BE\" align=\"justify\"><span style=\"font-size: large;\"><span lang=\"it-IT\">Marcos P <\/span><\/span><span style=\"font-size: large;\"><span lang=\"it-IT\"><b>Arruda,<\/b><\/span><\/span><span style=\"font-size: large;\"><span lang=\"it-IT\"> Luiz <\/span><\/span><span style=\"font-size: large;\"><span lang=\"it-IT\"><b>Rena; <\/b><\/span><\/span><span style=\"font-size: large;\"><span lang=\"it-IT\">Armando <\/span><\/span><span style=\"font-size: large;\"><span lang=\"it-IT\"><b>De Negri<\/b><\/span><\/span><span style=\"font-size: large;\"><span lang=\"it-IT\"> (<\/span><\/span><span style=\"font-size: large;\"><span lang=\"it-IT\"><u>Brasile<\/u><\/span><\/span><span style=\"font-size: large;\"><span lang=\"it-IT\">)<\/span><\/span><\/p>\n<p class=\"western\" lang=\"fr-BE\" align=\"justify\"><span style=\"font-size: large;\"><span lang=\"en-GB\">Pierre <\/span><\/span><span style=\"font-size: large;\"><span lang=\"en-GB\"><b>Jasmin<\/b><\/span><\/span><span style=\"font-size: large;\"><span lang=\"en-GB\">, Iacques <\/span><\/span><span style=\"font-size: large;\"><span lang=\"en-GB\"><b>Brodeur<\/b><\/span><\/span><span style=\"font-size: large;\"><span lang=\"en-GB\">, Jean-Yves <\/span><\/span><span style=\"font-size: large;\"><span lang=\"en-GB\"><b>Proulx<\/b><\/span><\/span><span style=\"font-size: large;\"><span lang=\"en-GB\">, (<\/span><\/span><span style=\"font-size: large;\"><span lang=\"en-GB\"><u>CND-Qu\u00e9bec<\/u><\/span><\/span><span style=\"font-size: large;\"><span lang=\"en-GB\">)<\/span><\/span><\/p>\n<p class=\"western\" lang=\"fr-BE\" align=\"justify\"><span style=\"font-size: large;\"><span lang=\"it-IT\">Puthan V<\/span><\/span><span style=\"font-size: large;\"><span lang=\"it-IT\"><b>. Rajagopal<\/b><\/span><\/span><span style=\"font-size: large;\"><span lang=\"it-IT\"> (<\/span><\/span><span style=\"font-size: large;\"><span lang=\"it-IT\"><u>India)<\/u><\/span><\/span><\/p>\n<p class=\"western\" lang=\"fr-BE\" align=\"justify\"><span style=\"font-size: large;\"><span lang=\"it-IT\">Riccardo <\/span><\/span><span style=\"font-size: large;\"><span lang=\"it-IT\"><b>Petrella,<\/b><\/span><\/span><span style=\"font-size: large;\"><span lang=\"it-IT\"> Roberto <\/span><\/span><span style=\"font-size: large;\"><span lang=\"it-IT\"><b>Savio<\/b><\/span><\/span><span style=\"font-size: large;\"><span lang=\"it-IT\"> (<\/span><\/span><span style=\"font-size: large;\"><span lang=\"it-IT\"><u>Italia<\/u><\/span><\/span><span style=\"font-size: large;\"><span lang=\"it-IT\">)<\/span><\/span><\/p>\n<p class=\"western\">\n","protected":false},"excerpt":{"rendered":"<p>Allegato all&#8217;appello al Segretario Generale dell&#8217;ONU l&#8217;Agor\u00e0 dei Popoli della Terra ha allegato una proposta di agenda. Gentile Segretario Generale, Stiamo scrivendo per conto di &#8220;Agor\u00e0&#8221;, una rete mondiale di cittadini impegnati a promuovere le questioni globali di salute, acqua&hellip;<\/p>\n","protected":false},"author":1811,"featured_media":931371,"comment_status":"closed","ping_status":"closed","sticky":false,"template":"","format":"standard","meta":{"footnotes":""},"categories":[11388,38,55],"tags":[52458,971,71543,803,40273],"class_list":["post-1193286","post","type-post","status-publish","format-standard","has-post-thumbnail","hentry","category-contenuti-originali","category-internazionale","category-politica","tag-agora-degli-abitanti-della-terra","tag-bene-comune","tag-covid-19","tag-sanita","tag-vaccino"],"yoast_head":"<!-- This site is optimized with the Yoast SEO plugin v27.1.1 - https:\/\/yoast.com\/product\/yoast-seo-wordpress\/ -->\n<title>Un\u2019Agenda per il Cambiamento. Diritti universali e beni Pubblici Globali<\/title>\n<meta name=\"description\" content=\"Allegato all&#039;appello al Segretario Generale dell&#039;ONU l&#039;Agor\u00e0 dei Popoli della Terra ha allegato una proposta di agenda. Gentile Segretario Generale,\" \/>\n<meta name=\"robots\" content=\"index, follow, max-snippet:-1, max-image-preview:large, max-video-preview:-1\" \/>\n<link rel=\"canonical\" href=\"https:\/\/www.pressenza.com\/it\/2020\/09\/unagenda-per-il-cambiamento-diritti-universali-e-beni-pubblici-globali\/\" \/>\n<meta property=\"og:locale\" content=\"it_IT\" \/>\n<meta property=\"og:type\" content=\"article\" \/>\n<meta property=\"og:title\" content=\"Un\u2019Agenda per il Cambiamento. Diritti universali e beni Pubblici Globali\" \/>\n<meta property=\"og:description\" content=\"Allegato all&#039;appello al Segretario Generale dell&#039;ONU l&#039;Agor\u00e0 dei Popoli della Terra ha allegato una proposta di agenda. Gentile Segretario Generale,\" \/>\n<meta property=\"og:url\" content=\"https:\/\/www.pressenza.com\/it\/2020\/09\/unagenda-per-il-cambiamento-diritti-universali-e-beni-pubblici-globali\/\" \/>\n<meta property=\"og:site_name\" content=\"Pressenza\" \/>\n<meta property=\"article:publisher\" content=\"https:\/\/www.facebook.com\/PressenzaItalia\" \/>\n<meta property=\"article:published_time\" content=\"2020-09-10T19:16:52+00:00\" \/>\n<meta property=\"og:image\" content=\"https:\/\/www.pressenza.com\/wp-content\/uploads\/2019\/09\/First_Composite_Image_of_the_Global_Biosphere_16469728119.jpg\" \/>\n\t<meta property=\"og:image:width\" content=\"2048\" \/>\n\t<meta property=\"og:image:height\" content=\"1638\" \/>\n\t<meta property=\"og:image:type\" content=\"image\/jpeg\" \/>\n<meta name=\"author\" content=\"Agor\u00e0 degli Abitanti della Terra\" \/>\n<meta name=\"twitter:card\" content=\"summary_large_image\" \/>\n<meta name=\"twitter:creator\" content=\"@PressenzaIPA\" \/>\n<meta name=\"twitter:site\" content=\"@PressenzaIPA\" \/>\n<meta name=\"twitter:label1\" content=\"Scritto da\" \/>\n\t<meta name=\"twitter:data1\" content=\"Agor\u00e0 degli Abitanti della Terra\" \/>\n\t<meta name=\"twitter:label2\" content=\"Tempo di lettura stimato\" \/>\n\t<meta name=\"twitter:data2\" content=\"6 minuti\" \/>\n<script type=\"application\/ld+json\" class=\"yoast-schema-graph\">{\"@context\":\"https:\/\/schema.org\",\"@graph\":[{\"@type\":\"Article\",\"@id\":\"https:\/\/www.pressenza.com\/it\/2020\/09\/unagenda-per-il-cambiamento-diritti-universali-e-beni-pubblici-globali\/#article\",\"isPartOf\":{\"@id\":\"https:\/\/www.pressenza.com\/it\/2020\/09\/unagenda-per-il-cambiamento-diritti-universali-e-beni-pubblici-globali\/\"},\"author\":{\"name\":\"Agor\u00e0 degli Abitanti della Terra\",\"@id\":\"https:\/\/www.pressenza.com\/it\/#\/schema\/person\/b5b4ac19386e3d1b30226ce612f04756\"},\"headline\":\"Un\u2019Agenda per il Cambiamento. Diritti universali e beni Pubblici Globali\",\"datePublished\":\"2020-09-10T19:16:52+00:00\",\"mainEntityOfPage\":{\"@id\":\"https:\/\/www.pressenza.com\/it\/2020\/09\/unagenda-per-il-cambiamento-diritti-universali-e-beni-pubblici-globali\/\"},\"wordCount\":1328,\"publisher\":{\"@id\":\"https:\/\/www.pressenza.com\/it\/#organization\"},\"image\":{\"@id\":\"https:\/\/www.pressenza.com\/it\/2020\/09\/unagenda-per-il-cambiamento-diritti-universali-e-beni-pubblici-globali\/#primaryimage\"},\"thumbnailUrl\":\"https:\/\/www.pressenza.com\/wp-content\/uploads\/2019\/09\/First_Composite_Image_of_the_Global_Biosphere_16469728119.jpg\",\"keywords\":[\"Agor\u00e0 degli abitanti della Terra\",\"bene comune\",\"COVID-19\",\"sanit\u00e0\",\"vaccino\"],\"articleSection\":[\"contenuti originali\",\"Internazionale\",\"Politica\"],\"inLanguage\":\"it-IT\"},{\"@type\":\"WebPage\",\"@id\":\"https:\/\/www.pressenza.com\/it\/2020\/09\/unagenda-per-il-cambiamento-diritti-universali-e-beni-pubblici-globali\/\",\"url\":\"https:\/\/www.pressenza.com\/it\/2020\/09\/unagenda-per-il-cambiamento-diritti-universali-e-beni-pubblici-globali\/\",\"name\":\"Un\u2019Agenda per il Cambiamento. Diritti universali e beni Pubblici Globali\",\"isPartOf\":{\"@id\":\"https:\/\/www.pressenza.com\/it\/#website\"},\"primaryImageOfPage\":{\"@id\":\"https:\/\/www.pressenza.com\/it\/2020\/09\/unagenda-per-il-cambiamento-diritti-universali-e-beni-pubblici-globali\/#primaryimage\"},\"image\":{\"@id\":\"https:\/\/www.pressenza.com\/it\/2020\/09\/unagenda-per-il-cambiamento-diritti-universali-e-beni-pubblici-globali\/#primaryimage\"},\"thumbnailUrl\":\"https:\/\/www.pressenza.com\/wp-content\/uploads\/2019\/09\/First_Composite_Image_of_the_Global_Biosphere_16469728119.jpg\",\"datePublished\":\"2020-09-10T19:16:52+00:00\",\"description\":\"Allegato all'appello al Segretario Generale dell'ONU l'Agor\u00e0 dei Popoli della Terra ha allegato una proposta di agenda. Gentile Segretario Generale,\",\"breadcrumb\":{\"@id\":\"https:\/\/www.pressenza.com\/it\/2020\/09\/unagenda-per-il-cambiamento-diritti-universali-e-beni-pubblici-globali\/#breadcrumb\"},\"inLanguage\":\"it-IT\",\"potentialAction\":[{\"@type\":\"ReadAction\",\"target\":[\"https:\/\/www.pressenza.com\/it\/2020\/09\/unagenda-per-il-cambiamento-diritti-universali-e-beni-pubblici-globali\/\"]}]},{\"@type\":\"ImageObject\",\"inLanguage\":\"it-IT\",\"@id\":\"https:\/\/www.pressenza.com\/it\/2020\/09\/unagenda-per-il-cambiamento-diritti-universali-e-beni-pubblici-globali\/#primaryimage\",\"url\":\"https:\/\/www.pressenza.com\/wp-content\/uploads\/2019\/09\/First_Composite_Image_of_the_Global_Biosphere_16469728119.jpg\",\"contentUrl\":\"https:\/\/www.pressenza.com\/wp-content\/uploads\/2019\/09\/First_Composite_Image_of_the_Global_Biosphere_16469728119.jpg\",\"width\":2048,\"height\":1638,\"caption\":\"This first image of the global biosphere which was produced by combining data from two different satellite sensors show for the first time the productive potential of the Earth's vegetative biomass. The ocean image is a composite of all data collected during the 20-month period from November 1978 through June 1980 by the Coastal Zone Color Scanner (CZCS) flown on NASA's Nimbus-7 satellite, managed by the Goddard Space Flight Center, Greenbelt, Maryland. The CZCS data show concentrations of marine phytoplankton pigment. Phytoplanktons, the microscopic plants that grow in the sunlight regions of the ocean, form the base of the marine food web. Red and orange colors indicate areas of high plankton concentrations. Yellow and green represent areas of moderate concentration. One of the most notable features in this image is the clear delineation of the equator through increased plant abundance, and the differences between the equatorial Atlantic, Indian, and Pacific Oceans. Plankton concentrations tend to be high nutrients to the sunlit upper ocean layers. Major areas of the South Pacific are blank (black areas=no data) because the CZCS could operate only intermittently. The land-vegetation image is a composite of three years of data from the Advanced Very High Resolution Radiometer (AVHRR) on the National Oceanographic and Atmospheric Agency (NOAA-7) satellite, which measured land-surface radiation in the visible and near-infrared bands to estimate chlorophyll and leaf potential for chlorophyll production. The lighter shades of green highlight tropical and subtropical forests, temperate forests and farmlands, and some drier regions such as savannas and pampas. The yellow shades in the United States Midwest show lower potential, while the darker yellow shades of Northern Hemisphere forests and the dry Australian Outback rank lower. Desert, high mountains, and arctic regions reflect barren conditions, intermittently. The land-vegetation image is a composite of three years of data from the Advanced Very High Resolution Radiometer (AVHRR) on the NOAA-7 satellite, which measures land-surface radiation in the visible and near-infrared bands to estimate chlorophyll and leaf mass. The dark green areas (rain forests) show the highest potential for chlorophyll production. The lighter shades of green highlight tropical and subtropical forests, temperate forests and farmlands and some drier regions such as savannas and pampas. The yellow shades in the United States Midwest show lower potential, while the darker yellow shade of Northern Hemisphere forests and the dry Australian Outback rank lower. Desserts, high mountains, and arctic regions reflect barren conditions.\"},{\"@type\":\"BreadcrumbList\",\"@id\":\"https:\/\/www.pressenza.com\/it\/2020\/09\/unagenda-per-il-cambiamento-diritti-universali-e-beni-pubblici-globali\/#breadcrumb\",\"itemListElement\":[{\"@type\":\"ListItem\",\"position\":1,\"name\":\"Accueil\",\"item\":\"https:\/\/www.pressenza.com\/it\/\"},{\"@type\":\"ListItem\",\"position\":2,\"name\":\"Un\u2019Agenda per il Cambiamento. Diritti universali e beni Pubblici Globali\"}]},{\"@type\":\"WebSite\",\"@id\":\"https:\/\/www.pressenza.com\/it\/#website\",\"url\":\"https:\/\/www.pressenza.com\/it\/\",\"name\":\"Pressenza\",\"description\":\"Agenzia di Stampa Internazionale\",\"publisher\":{\"@id\":\"https:\/\/www.pressenza.com\/it\/#organization\"},\"potentialAction\":[{\"@type\":\"SearchAction\",\"target\":{\"@type\":\"EntryPoint\",\"urlTemplate\":\"https:\/\/www.pressenza.com\/it\/?s={search_term_string}\"},\"query-input\":{\"@type\":\"PropertyValueSpecification\",\"valueRequired\":true,\"valueName\":\"search_term_string\"}}],\"inLanguage\":\"it-IT\"},{\"@type\":\"Organization\",\"@id\":\"https:\/\/www.pressenza.com\/it\/#organization\",\"name\":\"Pressenza\",\"url\":\"https:\/\/www.pressenza.com\/it\/\",\"logo\":{\"@type\":\"ImageObject\",\"inLanguage\":\"it-IT\",\"@id\":\"https:\/\/www.pressenza.com\/it\/#\/schema\/logo\/image\/\",\"url\":\"https:\/\/www.pressenza.com\/wp-content\/uploads\/2022\/10\/pressenza_logo_200x200.jpg\",\"contentUrl\":\"https:\/\/www.pressenza.com\/wp-content\/uploads\/2022\/10\/pressenza_logo_200x200.jpg\",\"width\":200,\"height\":200,\"caption\":\"Pressenza\"},\"image\":{\"@id\":\"https:\/\/www.pressenza.com\/it\/#\/schema\/logo\/image\/\"},\"sameAs\":[\"https:\/\/www.facebook.com\/PressenzaItalia\",\"https:\/\/x.com\/PressenzaIPA\"]},{\"@type\":\"Person\",\"@id\":\"https:\/\/www.pressenza.com\/it\/#\/schema\/person\/b5b4ac19386e3d1b30226ce612f04756\",\"name\":\"Agor\u00e0 degli Abitanti della Terra\",\"description\":\"Iniziativa ampia che ha come obiettivo il riconoscimento dell\u2019Umanit\u00e0 come attore principale nella regolazione politica, sociale ed economica a livello globale.\",\"url\":\"https:\/\/www.pressenza.com\/it\/author\/agora-degli-abitanti-della-terra\/\"}]}<\/script>\n<!-- \/ Yoast SEO plugin. -->","yoast_head_json":{"title":"Un\u2019Agenda per il Cambiamento. Diritti universali e beni Pubblici Globali","description":"Allegato all'appello al Segretario Generale dell'ONU l'Agor\u00e0 dei Popoli della Terra ha allegato una proposta di agenda. Gentile Segretario Generale,","robots":{"index":"index","follow":"follow","max-snippet":"max-snippet:-1","max-image-preview":"max-image-preview:large","max-video-preview":"max-video-preview:-1"},"canonical":"https:\/\/www.pressenza.com\/it\/2020\/09\/unagenda-per-il-cambiamento-diritti-universali-e-beni-pubblici-globali\/","og_locale":"it_IT","og_type":"article","og_title":"Un\u2019Agenda per il Cambiamento. Diritti universali e beni Pubblici Globali","og_description":"Allegato all'appello al Segretario Generale dell'ONU l'Agor\u00e0 dei Popoli della Terra ha allegato una proposta di agenda. Gentile Segretario Generale,","og_url":"https:\/\/www.pressenza.com\/it\/2020\/09\/unagenda-per-il-cambiamento-diritti-universali-e-beni-pubblici-globali\/","og_site_name":"Pressenza","article_publisher":"https:\/\/www.facebook.com\/PressenzaItalia","article_published_time":"2020-09-10T19:16:52+00:00","og_image":[{"width":2048,"height":1638,"url":"https:\/\/www.pressenza.com\/wp-content\/uploads\/2019\/09\/First_Composite_Image_of_the_Global_Biosphere_16469728119.jpg","type":"image\/jpeg"}],"author":"Agor\u00e0 degli Abitanti della Terra","twitter_card":"summary_large_image","twitter_creator":"@PressenzaIPA","twitter_site":"@PressenzaIPA","twitter_misc":{"Scritto da":"Agor\u00e0 degli Abitanti della Terra","Tempo di lettura stimato":"6 minuti"},"schema":{"@context":"https:\/\/schema.org","@graph":[{"@type":"Article","@id":"https:\/\/www.pressenza.com\/it\/2020\/09\/unagenda-per-il-cambiamento-diritti-universali-e-beni-pubblici-globali\/#article","isPartOf":{"@id":"https:\/\/www.pressenza.com\/it\/2020\/09\/unagenda-per-il-cambiamento-diritti-universali-e-beni-pubblici-globali\/"},"author":{"name":"Agor\u00e0 degli Abitanti della Terra","@id":"https:\/\/www.pressenza.com\/it\/#\/schema\/person\/b5b4ac19386e3d1b30226ce612f04756"},"headline":"Un\u2019Agenda per il Cambiamento. Diritti universali e beni Pubblici Globali","datePublished":"2020-09-10T19:16:52+00:00","mainEntityOfPage":{"@id":"https:\/\/www.pressenza.com\/it\/2020\/09\/unagenda-per-il-cambiamento-diritti-universali-e-beni-pubblici-globali\/"},"wordCount":1328,"publisher":{"@id":"https:\/\/www.pressenza.com\/it\/#organization"},"image":{"@id":"https:\/\/www.pressenza.com\/it\/2020\/09\/unagenda-per-il-cambiamento-diritti-universali-e-beni-pubblici-globali\/#primaryimage"},"thumbnailUrl":"https:\/\/www.pressenza.com\/wp-content\/uploads\/2019\/09\/First_Composite_Image_of_the_Global_Biosphere_16469728119.jpg","keywords":["Agor\u00e0 degli abitanti della Terra","bene comune","COVID-19","sanit\u00e0","vaccino"],"articleSection":["contenuti originali","Internazionale","Politica"],"inLanguage":"it-IT"},{"@type":"WebPage","@id":"https:\/\/www.pressenza.com\/it\/2020\/09\/unagenda-per-il-cambiamento-diritti-universali-e-beni-pubblici-globali\/","url":"https:\/\/www.pressenza.com\/it\/2020\/09\/unagenda-per-il-cambiamento-diritti-universali-e-beni-pubblici-globali\/","name":"Un\u2019Agenda per il Cambiamento. Diritti universali e beni Pubblici Globali","isPartOf":{"@id":"https:\/\/www.pressenza.com\/it\/#website"},"primaryImageOfPage":{"@id":"https:\/\/www.pressenza.com\/it\/2020\/09\/unagenda-per-il-cambiamento-diritti-universali-e-beni-pubblici-globali\/#primaryimage"},"image":{"@id":"https:\/\/www.pressenza.com\/it\/2020\/09\/unagenda-per-il-cambiamento-diritti-universali-e-beni-pubblici-globali\/#primaryimage"},"thumbnailUrl":"https:\/\/www.pressenza.com\/wp-content\/uploads\/2019\/09\/First_Composite_Image_of_the_Global_Biosphere_16469728119.jpg","datePublished":"2020-09-10T19:16:52+00:00","description":"Allegato all'appello al Segretario Generale dell'ONU l'Agor\u00e0 dei Popoli della Terra ha allegato una proposta di agenda. Gentile Segretario Generale,","breadcrumb":{"@id":"https:\/\/www.pressenza.com\/it\/2020\/09\/unagenda-per-il-cambiamento-diritti-universali-e-beni-pubblici-globali\/#breadcrumb"},"inLanguage":"it-IT","potentialAction":[{"@type":"ReadAction","target":["https:\/\/www.pressenza.com\/it\/2020\/09\/unagenda-per-il-cambiamento-diritti-universali-e-beni-pubblici-globali\/"]}]},{"@type":"ImageObject","inLanguage":"it-IT","@id":"https:\/\/www.pressenza.com\/it\/2020\/09\/unagenda-per-il-cambiamento-diritti-universali-e-beni-pubblici-globali\/#primaryimage","url":"https:\/\/www.pressenza.com\/wp-content\/uploads\/2019\/09\/First_Composite_Image_of_the_Global_Biosphere_16469728119.jpg","contentUrl":"https:\/\/www.pressenza.com\/wp-content\/uploads\/2019\/09\/First_Composite_Image_of_the_Global_Biosphere_16469728119.jpg","width":2048,"height":1638,"caption":"This first image of the global biosphere which was produced by combining data from two different satellite sensors show for the first time the productive potential of the Earth's vegetative biomass. The ocean image is a composite of all data collected during the 20-month period from November 1978 through June 1980 by the Coastal Zone Color Scanner (CZCS) flown on NASA's Nimbus-7 satellite, managed by the Goddard Space Flight Center, Greenbelt, Maryland. The CZCS data show concentrations of marine phytoplankton pigment. Phytoplanktons, the microscopic plants that grow in the sunlight regions of the ocean, form the base of the marine food web. Red and orange colors indicate areas of high plankton concentrations. Yellow and green represent areas of moderate concentration. One of the most notable features in this image is the clear delineation of the equator through increased plant abundance, and the differences between the equatorial Atlantic, Indian, and Pacific Oceans. Plankton concentrations tend to be high nutrients to the sunlit upper ocean layers. Major areas of the South Pacific are blank (black areas=no data) because the CZCS could operate only intermittently. The land-vegetation image is a composite of three years of data from the Advanced Very High Resolution Radiometer (AVHRR) on the National Oceanographic and Atmospheric Agency (NOAA-7) satellite, which measured land-surface radiation in the visible and near-infrared bands to estimate chlorophyll and leaf potential for chlorophyll production. The lighter shades of green highlight tropical and subtropical forests, temperate forests and farmlands, and some drier regions such as savannas and pampas. The yellow shades in the United States Midwest show lower potential, while the darker yellow shades of Northern Hemisphere forests and the dry Australian Outback rank lower. Desert, high mountains, and arctic regions reflect barren conditions, intermittently. The land-vegetation image is a composite of three years of data from the Advanced Very High Resolution Radiometer (AVHRR) on the NOAA-7 satellite, which measures land-surface radiation in the visible and near-infrared bands to estimate chlorophyll and leaf mass. The dark green areas (rain forests) show the highest potential for chlorophyll production. The lighter shades of green highlight tropical and subtropical forests, temperate forests and farmlands and some drier regions such as savannas and pampas. The yellow shades in the United States Midwest show lower potential, while the darker yellow shade of Northern Hemisphere forests and the dry Australian Outback rank lower. Desserts, high mountains, and arctic regions reflect barren conditions."},{"@type":"BreadcrumbList","@id":"https:\/\/www.pressenza.com\/it\/2020\/09\/unagenda-per-il-cambiamento-diritti-universali-e-beni-pubblici-globali\/#breadcrumb","itemListElement":[{"@type":"ListItem","position":1,"name":"Accueil","item":"https:\/\/www.pressenza.com\/it\/"},{"@type":"ListItem","position":2,"name":"Un\u2019Agenda per il Cambiamento. Diritti universali e beni Pubblici Globali"}]},{"@type":"WebSite","@id":"https:\/\/www.pressenza.com\/it\/#website","url":"https:\/\/www.pressenza.com\/it\/","name":"Pressenza","description":"Agenzia di Stampa Internazionale","publisher":{"@id":"https:\/\/www.pressenza.com\/it\/#organization"},"potentialAction":[{"@type":"SearchAction","target":{"@type":"EntryPoint","urlTemplate":"https:\/\/www.pressenza.com\/it\/?s={search_term_string}"},"query-input":{"@type":"PropertyValueSpecification","valueRequired":true,"valueName":"search_term_string"}}],"inLanguage":"it-IT"},{"@type":"Organization","@id":"https:\/\/www.pressenza.com\/it\/#organization","name":"Pressenza","url":"https:\/\/www.pressenza.com\/it\/","logo":{"@type":"ImageObject","inLanguage":"it-IT","@id":"https:\/\/www.pressenza.com\/it\/#\/schema\/logo\/image\/","url":"https:\/\/www.pressenza.com\/wp-content\/uploads\/2022\/10\/pressenza_logo_200x200.jpg","contentUrl":"https:\/\/www.pressenza.com\/wp-content\/uploads\/2022\/10\/pressenza_logo_200x200.jpg","width":200,"height":200,"caption":"Pressenza"},"image":{"@id":"https:\/\/www.pressenza.com\/it\/#\/schema\/logo\/image\/"},"sameAs":["https:\/\/www.facebook.com\/PressenzaItalia","https:\/\/x.com\/PressenzaIPA"]},{"@type":"Person","@id":"https:\/\/www.pressenza.com\/it\/#\/schema\/person\/b5b4ac19386e3d1b30226ce612f04756","name":"Agor\u00e0 degli Abitanti della Terra","description":"Iniziativa ampia che ha come obiettivo il riconoscimento dell\u2019Umanit\u00e0 come attore principale nella regolazione politica, sociale ed economica a livello globale.","url":"https:\/\/www.pressenza.com\/it\/author\/agora-degli-abitanti-della-terra\/"}]}},"place":"","original_article_url":"","_links":{"self":[{"href":"https:\/\/www.pressenza.com\/it\/wp-json\/wp\/v2\/posts\/1193286","targetHints":{"allow":["GET"]}}],"collection":[{"href":"https:\/\/www.pressenza.com\/it\/wp-json\/wp\/v2\/posts"}],"about":[{"href":"https:\/\/www.pressenza.com\/it\/wp-json\/wp\/v2\/types\/post"}],"author":[{"embeddable":true,"href":"https:\/\/www.pressenza.com\/it\/wp-json\/wp\/v2\/users\/1811"}],"replies":[{"embeddable":true,"href":"https:\/\/www.pressenza.com\/it\/wp-json\/wp\/v2\/comments?post=1193286"}],"version-history":[{"count":0,"href":"https:\/\/www.pressenza.com\/it\/wp-json\/wp\/v2\/posts\/1193286\/revisions"}],"wp:featuredmedia":[{"embeddable":true,"href":"https:\/\/www.pressenza.com\/it\/wp-json\/wp\/v2\/media\/931371"}],"wp:attachment":[{"href":"https:\/\/www.pressenza.com\/it\/wp-json\/wp\/v2\/media?parent=1193286"}],"wp:term":[{"taxonomy":"category","embeddable":true,"href":"https:\/\/www.pressenza.com\/it\/wp-json\/wp\/v2\/categories?post=1193286"},{"taxonomy":"post_tag","embeddable":true,"href":"https:\/\/www.pressenza.com\/it\/wp-json\/wp\/v2\/tags?post=1193286"}],"curies":[{"name":"wp","href":"https:\/\/api.w.org\/{rel}","templated":true}]}}