{"id":1192402,"date":"2020-09-09T17:37:52","date_gmt":"2020-09-09T16:37:52","guid":{"rendered":"https:\/\/www.pressenza.com\/?p=1192402"},"modified":"2020-09-09T17:39:24","modified_gmt":"2020-09-09T16:39:24","slug":"cipro-del-nord-la-guerra-non-e-il-destino-dellumanita-dice-il-presidente","status":"publish","type":"post","link":"https:\/\/www.pressenza.com\/it\/2020\/09\/cipro-del-nord-la-guerra-non-e-il-destino-dellumanita-dice-il-presidente\/","title":{"rendered":"Cipro del Nord: &#8220;La guerra non \u00e8 il destino dell&#8217;umanit\u00e0&#8221;, dice il Presidente"},"content":{"rendered":"<p>Mustafa Akinci \u00e8 il Presidente della Repubblica Turca di Cipro del Nord. Si tratta della parte settentrionale dell&#8217;isola mediterranea, riconosciuta soltanto dalla Turchia. Akinci \u00e8 alla guida del Paese dal 2015 e si sta preparando alle elezioni in arrivo per la sua seconda rielezione. Akinci appartiene al Partito della Democrazia delle Comunit\u00e0, TDP. L&#8217;ex sindaco della capitale divisa in due, Nicosia, \u00e8 anche uno dei promotori e fondatori del Movimento per la Democrazia e la Pace, e si impegna anche per l&#8217;unificazione dell&#8217;isola.<\/p>\n<p>Akinci ha rilasciato una lunga video-intervista a Euronews in cui ha parlato di temi caldi come quello legato alle politiche energetiche del Mediterraneo orientale, che aumentano le possibilit\u00e0 di conflitti e scontri, ma anche del rapporto complicato della sua Repubblica con il governo di Ankara.<\/p>\n<blockquote><p><em>&#8220;Dopo la scoperta dei giacimenti di gas nel Mediterraneo orientale, lo stress \u00e8 cresciuto. Bisogna costruire possibilit\u00e0 di dialogo tra i paesi confinanti. Le popolazioni nordiche di Cipro non possono essere escluse dagli accordi legati alle politiche energetiche. La Turchia ha rapporti deboli e conflittuali con diversi paesi mediterranei e questo va sistemato, non aiuta a normalizzare la situazione. Bisogna dichiarare una sorta di moratoria per risolvere i problemi storici dell&#8217;area. Le risorse naturali della zona appartengono a tutti i Paesi, lo dobbiamo accettare tutti. La Francia \u00e8 un paese che ha un peso nell&#8217;area, ma deve collaborare con tutti, non deve prendere iniziative da sola o solo con alcuni paesi. I rapporti dell&#8217;Unione Europea con Ankara devono essere migliorati e devono basarsi su una cultura democratica, a questo tengo personalmente. Gli attuali progetti energetici non sono sostenibili dal punto di vista economico, lo dicono anche gli esperti greci. La soluzione del conflitto cipriota render\u00e0 pi\u00f9 serena la zona, tutti i leader devono impegnarsi per renderlo possibile. Non abbiamo un pieno riconoscimento nemmeno da parte della Turchia, semplicemente una squadra di calcio turca non pu\u00f2 incontrarsi con una squadra nostra. Quindi una Cipro unita \u00e8 un vantaggio anche per Ankara. In Turchia ci sono persone che vogliono mantenere la precariet\u00e0 della nostra condizione per una serie di loro convenienze. Ho visto e vissuto la guerra, non serve a nulla e non deve essere il nostro destino. I trafficanti di armi vogliono che ci sia un conflitto permanente in quest&#8217;area. Abbiamo bisogno di un nuovo futuro. I cittadini, i politici e i media hanno la grossa responsabilit\u00e0 di sostenere la cultura della pace. Nessun paese pu\u00f2 essere escluso e pensare di essere isolato dal resto del mondo, soprattutto in quest&#8217;epoca storica&#8221;.<\/em><\/p><\/blockquote>\n<div class=\"video-wrapper\" data-lang=\"\">\n<div id=\"jsMainMediaArticle\" class=\"c-video-player\" data-content=\"{&quot;id&quot;:1215794,&quot;cid&quot;:4948774,&quot;versionId&quot;:6,&quot;archive&quot;:0,&quot;housenumber&quot;:&quot;200906_NWSU_13089545&quot;,&quot;owner&quot;:&quot;euronews&quot;,&quot;isMagazine&quot;:0,&quot;channels&quot;:[{&quot;id&quot;:1},{&quot;id&quot;:2},{&quot;id&quot;:3},{&quot;id&quot;:4},{&quot;id&quot;:5}],&quot;status&quot;:2,&quot;title&quot;:&quot;KKTC Cumhurba\\u015fkan\\u0131 Ak\\u0131nc\\u0131: Se\\u00e7imlere d\\u0131\\u015far\\u0131dan m\\u00fcdahaleye dair ipu\\u00e7lar\\u0131 var | \\u00d6ZEL&quot;,&quot;titleSeo&quot;:null,&quot;titleListing1&quot;:&quot;KKTC Cumhurba\\u015fkan\\u0131: Se\\u00e7imlere d\\u0131\\u015far\\u0131dan m\\u00fcdahaleye dair ipu\\u00e7lar\\u0131 var&quot;,&quot;titleListing2&quot;:&quot;KKTC Cumhurba\\u015fkan\\u0131 Ak\\u0131nc\\u0131: Se\\u00e7imlere d\\u0131\\u015far\\u0131dan m\\u00fcdahaleye dair ipu\\u00e7lar\\u0131 var, K\\u0131br\\u0131s T\\u00fcrk halk\\u0131 bunu hazmetmez&quot;,&quot;leadin&quot;:&quot;Kuzey K\\u0131br\\u0131s T\\u00fcrk Cumhuriyeti (KKTC) Cumhurba\\u015fkan\\u0131 Mustafa Ak\\u0131nc\\u0131, \\u00fclkede ekim ay\\u0131nda ger\\u00e7ekle\\u015ftirilecek se\\u00e7imlerde d\\u0131\\u015far\\u0131dan m\\u00fcdahaleye dair ipu\\u00e7lar\\u0131 oldu\\u011funu s\\u00f6yledi&quot;,&quot;summary&quot;:&quot;Kuzey K\\u0131br\\u0131s T\\u00fcrk Cumhuriyeti (KKTC) Cumhurba\\u015fkan\\u0131 Mustafa Ak\\u0131nc\\u0131, \\u00fclkede ekim ay\\u0131nda ger\\u00e7ekle\\u015ftirilecek se\\u00e7imlerde d\\u0131\\u015far\\u0131dan m\\u00fcdahaleye dair ipu\\u00e7lar\\u0131 oldu\\u011funu s\\u00f6yledi&quot;,&quot;url&quot;:&quot;kktc-cumhurbaskan-akinci-secimlere-disaridan-mudahaleye-dair-ipuclar-var-ozel&quot;,&quot;masterCms&quot;:&quot;v2&quot;,&quot;hashtag&quot;:null,&quot;createdAt&quot;:1599405099,&quot;publishedAt&quot;:1599467900,&quot;updatedAt&quot;:1599563693,&quot;expiresAt&quot;:0,&quot;canonical&quot;:&quot;https:\\\/\\\/tr.euronews.com\\\/2020\\\/09\\\/07\\\/kktc-cumhurbaskan-akinci-secimlere-disaridan-mudahaleye-dair-ipuclar-var-ozel&quot;,&quot;images&quot;:[{&quot;url&quot;:&quot;https:\\\/\\\/static.euronews.com\\\/articles\\\/stories\\\/04\\\/94\\\/87\\\/74\\\/{{w}}x{{h}}_cmsv2_6adb515d-1715-571b-8de9-eb1e55f9dba9-4948774.jpg&quot;,&quot;altText&quot;:&quot;KKTC Cumhurba\\u015fkan\\u0131 Mustafa Ak\\u0131nc\\u0131&quot;,&quot;caption&quot;:&quot;KKTC Cumhurba\\u015fkan\\u0131 Mustafa Ak\\u0131nc\\u0131&quot;,&quot;captionCredit&quot;:&quot;euronews&quot;,&quot;captionUrl&quot;:null,&quot;sourceCredit&quot;:null,&quot;sourceUrl&quot;:null,&quot;width&quot;:1920,&quot;height&quot;:1080}],&quot;authors&quot;:{&quot;journalists&quot;:[],&quot;producers&quot;:[],&quot;videoEditor&quot;:[]},&quot;keywords&quot;:[{&quot;id&quot;:66,&quot;slug&quot;:&quot;cyprus&quot;,&quot;urlSafeValue&quot;:&quot;kibris&quot;,&quot;title&quot;:&quot;K\\u0131br\\u0131s&quot;,&quot;titleRaw&quot;:&quot;K\\u0131br\\u0131s&quot;},{&quot;id&quot;:17676,&quot;slug&quot;:&quot;kktc&quot;,&quot;urlSafeValue&quot;:&quot;kktc&quot;,&quot;title&quot;:&quot;Kuzey K\\u0131br\\u0131s T\\u00fcrk Cumhuriyeti&quot;,&quot;titleRaw&quot;:&quot;Kuzey K\\u0131br\\u0131s T\\u00fcrk Cumhuriyeti&quot;},{&quot;id&quot;:10073,&quot;slug&quot;:&quot;turkey-cyprus-relation&quot;,&quot;urlSafeValue&quot;:&quot;turkiye-kibris-iliskileri&quot;,&quot;title&quot;:&quot;T\\u00fcrkiye-K\\u0131br\\u0131s ili\\u015fkileri&quot;,&quot;titleRaw&quot;:&quot;T\\u00fcrkiye-K\\u0131br\\u0131s ili\\u015fkileri&quot;},{&quot;id&quot;:12707,&quot;slug&quot;:&quot;cyprus-presidential-elections-2018&quot;,&quot;urlSafeValue&quot;:&quot;kibris-secimleri&quot;,&quot;title&quot;:&quot;K\\u0131br\\u0131s se\\u00e7imleri&quot;,&quot;titleRaw&quot;:&quot;K\\u0131br\\u0131s se\\u00e7imleri&quot;},{&quot;id&quot;:10581,&quot;slug&quot;:&quot;cyprus-politics&quot;,&quot;urlSafeValue&quot;:&quot;kibris-politikasi&quot;,&quot;title&quot;:&quot;K\\u0131br\\u0131s Politikas\\u0131&quot;,&quot;titleRaw&quot;:&quot;K\\u0131br\\u0131s Politikas\\u0131&quot;},{&quot;id&quot;:14586,&quot;slug&quot;:&quot;mustafa-akinci&quot;,&quot;urlSafeValue&quot;:&quot;mustafa-ak-nc-&quot;,&quot;title&quot;:&quot;Mustafa Ak\\u0131nc\\u0131&quot;,&quot;titleRaw&quot;:&quot;Mustafa Ak\\u0131nc\\u0131&quot;}],&quot;widgets&quot;:[{&quot;slug&quot;:&quot;quotation&quot;,&quot;count&quot;:3},{&quot;slug&quot;:&quot;related&quot;,&quot;count&quot;:2}],&quot;related&quot;:[{&quot;id&quot;:1188628},{&quot;id&quot;:1209470},{&quot;id&quot;:1216546}],&quot;technicalTags&quot;:[],&quot;allViews&quot;:0,&quot;allViewsMeta&quot;:{&quot;pointOfView&quot;:{&quot;quotation&quot;:null,&quot;description&quot;:null,&quot;author&quot;:null},&quot;survey&quot;:[],&quot;tweetId&quot;:null,&quot;tweet2NdId&quot;:null,&quot;contentType&quot;:null,&quot;displayOverlay&quot;:0},&quot;displayType&quot;:&quot;default&quot;,&quot;video&quot;:1,&quot;videos&quot;:[{&quot;format&quot;:&quot;mp4&quot;,&quot;quality&quot;:&quot;md&quot;,&quot;type&quot;:&quot;normal&quot;,&quot;url&quot;:&quot;https:\\\/\\\/video.euronews.com\\\/mp4\\\/med\\\/EN\\\/NW\\\/SU\\\/20\\\/09\\\/06\\\/tr\\\/200906_NWSU_13089545_13089548_3193520_102106_tr.mp4&quot;,&quot;editor&quot;:null,&quot;duration&quot;:3193520,&quot;filesizeBytes&quot;:311969815,&quot;expiresAt&quot;:0,&quot;youtubeId&quot;:&quot;BoO7R93mDNE&quot;},{&quot;format&quot;:&quot;mp4&quot;,&quot;quality&quot;:&quot;hd&quot;,&quot;type&quot;:&quot;normal&quot;,&quot;url&quot;:&quot;https:\\\/\\\/video.euronews.com\\\/mp4\\\/EN\\\/NW\\\/SU\\\/20\\\/09\\\/06\\\/tr\\\/200906_NWSU_13089545_13089548_3193520_102106_tr.mp4&quot;,&quot;editor&quot;:null,&quot;duration&quot;:3193520,&quot;filesizeBytes&quot;:522534303,&quot;expiresAt&quot;:0,&quot;youtubeId&quot;:&quot;BoO7R93mDNE&quot;}],&quot;liveStream&quot;:[{&quot;startDate&quot;:0,&quot;endDate&quot;:0}],&quot;isLiveCoverage&quot;:0,&quot;scribbleLiveId&quot;:0,&quot;scribbleLiveRibbon&quot;:0,&quot;sourceId&quot;:1,&quot;sources&quot;:[],&quot;externalSource&quot;:&quot;&quot;,&quot;additionalSources&quot;:&quot;&quot;,&quot;additionalReporting&quot;:&quot;\\u00d6zlem \\u00c7imendal&quot;,&quot;freeField1&quot;:&quot;&quot;,&quot;freeField2&quot;:null,&quot;type&quot;:&quot;&quot;,&quot;program&quot;:{&quot;id&quot;:&quot;world&quot;,&quot;urlSafeValue&quot;:&quot;dunya&quot;,&quot;title&quot;:&quot;d\\u00fcnya&quot;,&quot;online&quot;:1,&quot;url&quot;:&quot;\\\/programlar\\\/dunya&quot;},&quot;vertical&quot;:&quot;news&quot;,&quot;verticals&quot;:[{&quot;id&quot;:1,&quot;slug&quot;:&quot;news&quot;,&quot;urlSafeValue&quot;:&quot;haber&quot;,&quot;title&quot;:&quot;Haber&quot;}],&quot;primaryVertical&quot;:{&quot;id&quot;:1,&quot;slug&quot;:&quot;news&quot;,&quot;urlSafeValue&quot;:&quot;haber&quot;,&quot;title&quot;:&quot;Haber&quot;},&quot;themes&quot;:[{&quot;id&quot;:1,&quot;urlSafeValue&quot;:&quot;news&quot;,&quot;title&quot;:&quot;News&quot;,&quot;translation&quot;:&quot;D\\u00fcnya&quot;,&quot;url&quot;:&quot;\\\/\\\/tr.euronews.com\\\/haber\\\/uluslararasi&quot;}],&quot;primaryTheme&quot;:{&quot;id&quot;:1,&quot;urlSafeValue&quot;:&quot;news&quot;,&quot;title&quot;:&quot;News&quot;},&quot;advertising&quot;:0,&quot;advertisingData&quot;:{&quot;startDate&quot;:0,&quot;endDate&quot;:0,&quot;type&quot;:null,&quot;isDfp&quot;:null,&quot;slug&quot;:null,&quot;title&quot;:null,&quot;disclaimerLabelKey&quot;:null,&quot;sponsor&quot;:null,&quot;sponsorName&quot;:null,&quot;sponsorUrl&quot;:null,&quot;sponsorLogo&quot;:&quot;&quot;,&quot;sponsorLogoReverse&quot;:&quot;&quot;},&quot;geoLocation&quot;:{&quot;lat&quot;:0,&quot;lon&quot;:0},&quot;location&quot;:1,&quot;continent&quot;:{&quot;id&quot;:104,&quot;urlSafeValue&quot;:&quot;avrupa&quot;,&quot;title&quot;:&quot;Avrupa&quot;},&quot;country&quot;:{&quot;id&quot;:66,&quot;urlSafeValue&quot;:&quot;kibris&quot;,&quot;title&quot;:&quot;K\\u0131br\\u0131s&quot;,&quot;url&quot;:&quot;\\\/haber\\\/avrupa\\\/kibris&quot;},&quot;town&quot;:[],&quot;versions&quot;:{&quot;tr&quot;:{&quot;url&quot;:&quot;kktc-cumhurbaskan-akinci-secimlere-disaridan-mudahaleye-dair-ipuclar-var-ozel&quot;,&quot;title&quot;:&quot;KKTC Cumhurba\\u015fkan\\u0131 Ak\\u0131nc\\u0131: Se\\u00e7imlere d\\u0131\\u015far\\u0131dan m\\u00fcdahaleye dair ipu\\u00e7lar\\u0131 var | \\u00d6ZEL&quot;,&quot;authors&quot;:{&quot;journalists&quot;:[],&quot;producers&quot;:[]},&quot;publishedAt&quot;:1599467900,&quot;expiresAt&quot;:0}},&quot;fullUrl&quot;:&quot;\\\/2020\\\/09\\\/07\\\/kktc-cumhurbaskan-akinci-secimlere-disaridan-mudahaleye-dair-ipuclar-var-ozel&quot;,&quot;lastModified&quot;:1599563693,&quot;ampUrl&quot;:&quot;\\\/amp\\\/2020\\\/09\\\/07\\\/kktc-cumhurbaskan-akinci-secimlere-disaridan-mudahaleye-dair-ipuclar-var-ozel&quot;,&quot;player&quot;:&quot;jw&quot;}\" data-player=\"jw\">\n<div id=\"jsMainMediaPlayer\" class=\"media__video dunya\">Intervista in lingua originale: <a href=\"https:\/\/tr.euronews.com\/embed\/1215794\">https:\/\/tr.euronews.com\/embed\/1215794<\/a><\/div>\n<\/div>\n<\/div>\n","protected":false},"excerpt":{"rendered":"<p>Mustafa Akinci \u00e8 il Presidente della Repubblica Turca di Cipro del Nord. Si tratta della parte settentrionale dell&#8217;isola mediterranea, riconosciuta soltanto dalla Turchia. Akinci \u00e8 alla guida del Paese dal 2015 e si sta preparando alle elezioni in arrivo per&hellip;<\/p>\n","protected":false},"author":899,"featured_media":1192404,"comment_status":"closed","ping_status":"closed","sticky":false,"template":"","format":"standard","meta":{"footnotes":""},"categories":[11388,38,1263],"tags":[5357,4181,3208,1174,365,4441,81158,294,1100],"class_list":["post-1192402","post","type-post","status-publish","format-standard","has-post-thumbnail","hentry","category-contenuti-originali","category-internazionale","category-pace-disarmo","tag-ankara-it","tag-cipro","tag-francia-it","tag-grecia","tag-guerra","tag-mediterraneo","tag-nicosia","tag-pace","tag-turchia"],"yoast_head":"<!-- This site is optimized with the Yoast SEO plugin v27.1.1 - https:\/\/yoast.com\/product\/yoast-seo-wordpress\/ -->\n<title>Cipro del Nord: &quot;La guerra non \u00e8 il destino dell&#039;umanit\u00e0&quot;, dice il Presidente<\/title>\n<meta name=\"description\" content=\"Mustafa Akinci \u00e8 il Presidente della Repubblica Turca di Cipro del Nord. E&#039; anche uno dei promotori e fondatori del Movimento per la Democrazia e la Pace, e si impegna per l&#039;unificazione dell&#039;isola\" \/>\n<meta name=\"robots\" content=\"index, follow, max-snippet:-1, max-image-preview:large, max-video-preview:-1\" \/>\n<link rel=\"canonical\" href=\"https:\/\/www.pressenza.com\/it\/2020\/09\/cipro-del-nord-la-guerra-non-e-il-destino-dellumanita-dice-il-presidente\/\" \/>\n<meta property=\"og:locale\" content=\"it_IT\" \/>\n<meta property=\"og:type\" content=\"article\" \/>\n<meta property=\"og:title\" content=\"Cipro del Nord: &quot;La guerra non \u00e8 il destino dell&#039;umanit\u00e0&quot;, dice il Presidente\" \/>\n<meta property=\"og:description\" content=\"Mustafa Akinci \u00e8 il Presidente della Repubblica Turca di Cipro del Nord. E&#039; anche uno dei promotori e fondatori del Movimento per la Democrazia e la Pace, e si impegna per l&#039;unificazione dell&#039;isola\" \/>\n<meta property=\"og:url\" content=\"https:\/\/www.pressenza.com\/it\/2020\/09\/cipro-del-nord-la-guerra-non-e-il-destino-dellumanita-dice-il-presidente\/\" \/>\n<meta property=\"og:site_name\" content=\"Pressenza\" \/>\n<meta property=\"article:publisher\" content=\"https:\/\/www.facebook.com\/PressenzaItalia\" \/>\n<meta property=\"article:author\" content=\"https:\/\/www.facebook.com\/muratcinartorino\" \/>\n<meta property=\"article:published_time\" content=\"2020-09-09T16:37:52+00:00\" \/>\n<meta property=\"article:modified_time\" content=\"2020-09-09T16:39:24+00:00\" \/>\n<meta property=\"og:image\" content=\"https:\/\/www.pressenza.com\/wp-content\/uploads\/2020\/09\/aknci.jpg\" \/>\n\t<meta property=\"og:image:width\" content=\"700\" \/>\n\t<meta property=\"og:image:height\" content=\"400\" \/>\n\t<meta property=\"og:image:type\" content=\"image\/jpeg\" \/>\n<meta name=\"author\" content=\"Murat Cinar\" \/>\n<meta name=\"twitter:card\" content=\"summary_large_image\" \/>\n<meta name=\"twitter:creator\" content=\"@muratcinar\" \/>\n<meta name=\"twitter:site\" content=\"@PressenzaIPA\" \/>\n<meta name=\"twitter:label1\" content=\"Scritto da\" \/>\n\t<meta name=\"twitter:data1\" content=\"Murat Cinar\" \/>\n\t<meta name=\"twitter:label2\" content=\"Tempo di lettura stimato\" \/>\n\t<meta name=\"twitter:data2\" content=\"2 minuti\" \/>\n<script type=\"application\/ld+json\" class=\"yoast-schema-graph\">{\"@context\":\"https:\/\/schema.org\",\"@graph\":[{\"@type\":\"Article\",\"@id\":\"https:\/\/www.pressenza.com\/it\/2020\/09\/cipro-del-nord-la-guerra-non-e-il-destino-dellumanita-dice-il-presidente\/#article\",\"isPartOf\":{\"@id\":\"https:\/\/www.pressenza.com\/it\/2020\/09\/cipro-del-nord-la-guerra-non-e-il-destino-dellumanita-dice-il-presidente\/\"},\"author\":{\"name\":\"Murat Cinar\",\"@id\":\"https:\/\/www.pressenza.com\/it\/#\/schema\/person\/e3b28c9575cd63576a05d54f8d67d1ac\"},\"headline\":\"Cipro del Nord: &#8220;La guerra non \u00e8 il destino dell&#8217;umanit\u00e0&#8221;, dice il Presidente\",\"datePublished\":\"2020-09-09T16:37:52+00:00\",\"dateModified\":\"2020-09-09T16:39:24+00:00\",\"mainEntityOfPage\":{\"@id\":\"https:\/\/www.pressenza.com\/it\/2020\/09\/cipro-del-nord-la-guerra-non-e-il-destino-dellumanita-dice-il-presidente\/\"},\"wordCount\":442,\"publisher\":{\"@id\":\"https:\/\/www.pressenza.com\/it\/#organization\"},\"image\":{\"@id\":\"https:\/\/www.pressenza.com\/it\/2020\/09\/cipro-del-nord-la-guerra-non-e-il-destino-dellumanita-dice-il-presidente\/#primaryimage\"},\"thumbnailUrl\":\"https:\/\/www.pressenza.com\/wp-content\/uploads\/2020\/09\/aknci.jpg\",\"keywords\":[\"Ankara\",\"Cipro\",\"Francia\",\"Grecia\",\"guerra\",\"Mediterraneo\",\"nicosia\",\"Pace\",\"Turchia\"],\"articleSection\":[\"contenuti originali\",\"Internazionale\",\"Pace e Disarmo\"],\"inLanguage\":\"it-IT\"},{\"@type\":\"WebPage\",\"@id\":\"https:\/\/www.pressenza.com\/it\/2020\/09\/cipro-del-nord-la-guerra-non-e-il-destino-dellumanita-dice-il-presidente\/\",\"url\":\"https:\/\/www.pressenza.com\/it\/2020\/09\/cipro-del-nord-la-guerra-non-e-il-destino-dellumanita-dice-il-presidente\/\",\"name\":\"Cipro del Nord: \\\"La guerra non \u00e8 il destino dell'umanit\u00e0\\\", dice il Presidente\",\"isPartOf\":{\"@id\":\"https:\/\/www.pressenza.com\/it\/#website\"},\"primaryImageOfPage\":{\"@id\":\"https:\/\/www.pressenza.com\/it\/2020\/09\/cipro-del-nord-la-guerra-non-e-il-destino-dellumanita-dice-il-presidente\/#primaryimage\"},\"image\":{\"@id\":\"https:\/\/www.pressenza.com\/it\/2020\/09\/cipro-del-nord-la-guerra-non-e-il-destino-dellumanita-dice-il-presidente\/#primaryimage\"},\"thumbnailUrl\":\"https:\/\/www.pressenza.com\/wp-content\/uploads\/2020\/09\/aknci.jpg\",\"datePublished\":\"2020-09-09T16:37:52+00:00\",\"dateModified\":\"2020-09-09T16:39:24+00:00\",\"description\":\"Mustafa Akinci \u00e8 il Presidente della Repubblica Turca di Cipro del Nord. E' anche uno dei promotori e fondatori del Movimento per la Democrazia e la Pace, e si impegna per l'unificazione dell'isola\",\"breadcrumb\":{\"@id\":\"https:\/\/www.pressenza.com\/it\/2020\/09\/cipro-del-nord-la-guerra-non-e-il-destino-dellumanita-dice-il-presidente\/#breadcrumb\"},\"inLanguage\":\"it-IT\",\"potentialAction\":[{\"@type\":\"ReadAction\",\"target\":[\"https:\/\/www.pressenza.com\/it\/2020\/09\/cipro-del-nord-la-guerra-non-e-il-destino-dellumanita-dice-il-presidente\/\"]}]},{\"@type\":\"ImageObject\",\"inLanguage\":\"it-IT\",\"@id\":\"https:\/\/www.pressenza.com\/it\/2020\/09\/cipro-del-nord-la-guerra-non-e-il-destino-dellumanita-dice-il-presidente\/#primaryimage\",\"url\":\"https:\/\/www.pressenza.com\/wp-content\/uploads\/2020\/09\/aknci.jpg\",\"contentUrl\":\"https:\/\/www.pressenza.com\/wp-content\/uploads\/2020\/09\/aknci.jpg\",\"width\":700,\"height\":400},{\"@type\":\"BreadcrumbList\",\"@id\":\"https:\/\/www.pressenza.com\/it\/2020\/09\/cipro-del-nord-la-guerra-non-e-il-destino-dellumanita-dice-il-presidente\/#breadcrumb\",\"itemListElement\":[{\"@type\":\"ListItem\",\"position\":1,\"name\":\"Accueil\",\"item\":\"https:\/\/www.pressenza.com\/it\/\"},{\"@type\":\"ListItem\",\"position\":2,\"name\":\"Cipro del Nord: &#8220;La guerra non \u00e8 il destino dell&#8217;umanit\u00e0&#8221;, dice il Presidente\"}]},{\"@type\":\"WebSite\",\"@id\":\"https:\/\/www.pressenza.com\/it\/#website\",\"url\":\"https:\/\/www.pressenza.com\/it\/\",\"name\":\"Pressenza\",\"description\":\"Agenzia di Stampa Internazionale\",\"publisher\":{\"@id\":\"https:\/\/www.pressenza.com\/it\/#organization\"},\"potentialAction\":[{\"@type\":\"SearchAction\",\"target\":{\"@type\":\"EntryPoint\",\"urlTemplate\":\"https:\/\/www.pressenza.com\/it\/?s={search_term_string}\"},\"query-input\":{\"@type\":\"PropertyValueSpecification\",\"valueRequired\":true,\"valueName\":\"search_term_string\"}}],\"inLanguage\":\"it-IT\"},{\"@type\":\"Organization\",\"@id\":\"https:\/\/www.pressenza.com\/it\/#organization\",\"name\":\"Pressenza\",\"url\":\"https:\/\/www.pressenza.com\/it\/\",\"logo\":{\"@type\":\"ImageObject\",\"inLanguage\":\"it-IT\",\"@id\":\"https:\/\/www.pressenza.com\/it\/#\/schema\/logo\/image\/\",\"url\":\"https:\/\/www.pressenza.com\/wp-content\/uploads\/2022\/10\/pressenza_logo_200x200.jpg\",\"contentUrl\":\"https:\/\/www.pressenza.com\/wp-content\/uploads\/2022\/10\/pressenza_logo_200x200.jpg\",\"width\":200,\"height\":200,\"caption\":\"Pressenza\"},\"image\":{\"@id\":\"https:\/\/www.pressenza.com\/it\/#\/schema\/logo\/image\/\"},\"sameAs\":[\"https:\/\/www.facebook.com\/PressenzaItalia\",\"https:\/\/x.com\/PressenzaIPA\"]},{\"@type\":\"Person\",\"@id\":\"https:\/\/www.pressenza.com\/it\/#\/schema\/person\/e3b28c9575cd63576a05d54f8d67d1ac\",\"name\":\"Murat Cinar\",\"description\":\"One of the sons of Constantine, was born in 1981. Fruit of love of an immigrant couple in the former Ottoman city, she from Sebastia (Turkey) he from Batum (Georgia). Raised two steps away from the old Pera, between the Armenian and Jewish cultures. Big passion for photography, cinema, politics and inevitably journalism. After a short academic adventure in International Finance he landed in Italy back in 2001, first in Siena then in Turin, with the desire to study journalism, but he ended up attending Cinema and Television. He specializes in shooting and editing videos, photography and, lately, web marketing. Occasionally he writes in Turkey for the national magazine KaosGL, for the national daily Birgun and for various independent news portals such as Bianet and Sendika. In Italy he wrote for Il Manifesto and the monthly E-il mensile. He is one of the founders of the Glob011 monthly freepress, he worked for BabelMed and Prospettive Altre. Currently has collaborations with Pressenza and Caff\u00e8 dei Giornalisti. As long as he can get a little oxygen out of the city and a few hours free from work, he tries to write stories, frequenrly ironic ones, taken from what he observes and experiences. He tries to enrich his journey with Shiatsu, TaiChi and the passion for Fenerbah\u00e7e.\",\"sameAs\":[\"http:\/\/www.muratcinar.net\",\"https:\/\/www.facebook.com\/muratcinartorino\",\"https:\/\/www.instagram.com\/mcinar1981\",\"https:\/\/x.com\/muratcinar\",\"https:\/\/youtube.com\/c\/muratcinar\"],\"url\":\"https:\/\/www.pressenza.com\/it\/author\/murat-cinar\/\"}]}<\/script>\n<!-- \/ Yoast SEO plugin. -->","yoast_head_json":{"title":"Cipro del Nord: \"La guerra non \u00e8 il destino dell'umanit\u00e0\", dice il Presidente","description":"Mustafa Akinci \u00e8 il Presidente della Repubblica Turca di Cipro del Nord. E' anche uno dei promotori e fondatori del Movimento per la Democrazia e la Pace, e si impegna per l'unificazione dell'isola","robots":{"index":"index","follow":"follow","max-snippet":"max-snippet:-1","max-image-preview":"max-image-preview:large","max-video-preview":"max-video-preview:-1"},"canonical":"https:\/\/www.pressenza.com\/it\/2020\/09\/cipro-del-nord-la-guerra-non-e-il-destino-dellumanita-dice-il-presidente\/","og_locale":"it_IT","og_type":"article","og_title":"Cipro del Nord: \"La guerra non \u00e8 il destino dell'umanit\u00e0\", dice il Presidente","og_description":"Mustafa Akinci \u00e8 il Presidente della Repubblica Turca di Cipro del Nord. E' anche uno dei promotori e fondatori del Movimento per la Democrazia e la Pace, e si impegna per l'unificazione dell'isola","og_url":"https:\/\/www.pressenza.com\/it\/2020\/09\/cipro-del-nord-la-guerra-non-e-il-destino-dellumanita-dice-il-presidente\/","og_site_name":"Pressenza","article_publisher":"https:\/\/www.facebook.com\/PressenzaItalia","article_author":"https:\/\/www.facebook.com\/muratcinartorino","article_published_time":"2020-09-09T16:37:52+00:00","article_modified_time":"2020-09-09T16:39:24+00:00","og_image":[{"width":700,"height":400,"url":"https:\/\/www.pressenza.com\/wp-content\/uploads\/2020\/09\/aknci.jpg","type":"image\/jpeg"}],"author":"Murat Cinar","twitter_card":"summary_large_image","twitter_creator":"@muratcinar","twitter_site":"@PressenzaIPA","twitter_misc":{"Scritto da":"Murat Cinar","Tempo di lettura stimato":"2 minuti"},"schema":{"@context":"https:\/\/schema.org","@graph":[{"@type":"Article","@id":"https:\/\/www.pressenza.com\/it\/2020\/09\/cipro-del-nord-la-guerra-non-e-il-destino-dellumanita-dice-il-presidente\/#article","isPartOf":{"@id":"https:\/\/www.pressenza.com\/it\/2020\/09\/cipro-del-nord-la-guerra-non-e-il-destino-dellumanita-dice-il-presidente\/"},"author":{"name":"Murat Cinar","@id":"https:\/\/www.pressenza.com\/it\/#\/schema\/person\/e3b28c9575cd63576a05d54f8d67d1ac"},"headline":"Cipro del Nord: &#8220;La guerra non \u00e8 il destino dell&#8217;umanit\u00e0&#8221;, dice il Presidente","datePublished":"2020-09-09T16:37:52+00:00","dateModified":"2020-09-09T16:39:24+00:00","mainEntityOfPage":{"@id":"https:\/\/www.pressenza.com\/it\/2020\/09\/cipro-del-nord-la-guerra-non-e-il-destino-dellumanita-dice-il-presidente\/"},"wordCount":442,"publisher":{"@id":"https:\/\/www.pressenza.com\/it\/#organization"},"image":{"@id":"https:\/\/www.pressenza.com\/it\/2020\/09\/cipro-del-nord-la-guerra-non-e-il-destino-dellumanita-dice-il-presidente\/#primaryimage"},"thumbnailUrl":"https:\/\/www.pressenza.com\/wp-content\/uploads\/2020\/09\/aknci.jpg","keywords":["Ankara","Cipro","Francia","Grecia","guerra","Mediterraneo","nicosia","Pace","Turchia"],"articleSection":["contenuti originali","Internazionale","Pace e Disarmo"],"inLanguage":"it-IT"},{"@type":"WebPage","@id":"https:\/\/www.pressenza.com\/it\/2020\/09\/cipro-del-nord-la-guerra-non-e-il-destino-dellumanita-dice-il-presidente\/","url":"https:\/\/www.pressenza.com\/it\/2020\/09\/cipro-del-nord-la-guerra-non-e-il-destino-dellumanita-dice-il-presidente\/","name":"Cipro del Nord: \"La guerra non \u00e8 il destino dell'umanit\u00e0\", dice il Presidente","isPartOf":{"@id":"https:\/\/www.pressenza.com\/it\/#website"},"primaryImageOfPage":{"@id":"https:\/\/www.pressenza.com\/it\/2020\/09\/cipro-del-nord-la-guerra-non-e-il-destino-dellumanita-dice-il-presidente\/#primaryimage"},"image":{"@id":"https:\/\/www.pressenza.com\/it\/2020\/09\/cipro-del-nord-la-guerra-non-e-il-destino-dellumanita-dice-il-presidente\/#primaryimage"},"thumbnailUrl":"https:\/\/www.pressenza.com\/wp-content\/uploads\/2020\/09\/aknci.jpg","datePublished":"2020-09-09T16:37:52+00:00","dateModified":"2020-09-09T16:39:24+00:00","description":"Mustafa Akinci \u00e8 il Presidente della Repubblica Turca di Cipro del Nord. E' anche uno dei promotori e fondatori del Movimento per la Democrazia e la Pace, e si impegna per l'unificazione dell'isola","breadcrumb":{"@id":"https:\/\/www.pressenza.com\/it\/2020\/09\/cipro-del-nord-la-guerra-non-e-il-destino-dellumanita-dice-il-presidente\/#breadcrumb"},"inLanguage":"it-IT","potentialAction":[{"@type":"ReadAction","target":["https:\/\/www.pressenza.com\/it\/2020\/09\/cipro-del-nord-la-guerra-non-e-il-destino-dellumanita-dice-il-presidente\/"]}]},{"@type":"ImageObject","inLanguage":"it-IT","@id":"https:\/\/www.pressenza.com\/it\/2020\/09\/cipro-del-nord-la-guerra-non-e-il-destino-dellumanita-dice-il-presidente\/#primaryimage","url":"https:\/\/www.pressenza.com\/wp-content\/uploads\/2020\/09\/aknci.jpg","contentUrl":"https:\/\/www.pressenza.com\/wp-content\/uploads\/2020\/09\/aknci.jpg","width":700,"height":400},{"@type":"BreadcrumbList","@id":"https:\/\/www.pressenza.com\/it\/2020\/09\/cipro-del-nord-la-guerra-non-e-il-destino-dellumanita-dice-il-presidente\/#breadcrumb","itemListElement":[{"@type":"ListItem","position":1,"name":"Accueil","item":"https:\/\/www.pressenza.com\/it\/"},{"@type":"ListItem","position":2,"name":"Cipro del Nord: &#8220;La guerra non \u00e8 il destino dell&#8217;umanit\u00e0&#8221;, dice il Presidente"}]},{"@type":"WebSite","@id":"https:\/\/www.pressenza.com\/it\/#website","url":"https:\/\/www.pressenza.com\/it\/","name":"Pressenza","description":"Agenzia di Stampa Internazionale","publisher":{"@id":"https:\/\/www.pressenza.com\/it\/#organization"},"potentialAction":[{"@type":"SearchAction","target":{"@type":"EntryPoint","urlTemplate":"https:\/\/www.pressenza.com\/it\/?s={search_term_string}"},"query-input":{"@type":"PropertyValueSpecification","valueRequired":true,"valueName":"search_term_string"}}],"inLanguage":"it-IT"},{"@type":"Organization","@id":"https:\/\/www.pressenza.com\/it\/#organization","name":"Pressenza","url":"https:\/\/www.pressenza.com\/it\/","logo":{"@type":"ImageObject","inLanguage":"it-IT","@id":"https:\/\/www.pressenza.com\/it\/#\/schema\/logo\/image\/","url":"https:\/\/www.pressenza.com\/wp-content\/uploads\/2022\/10\/pressenza_logo_200x200.jpg","contentUrl":"https:\/\/www.pressenza.com\/wp-content\/uploads\/2022\/10\/pressenza_logo_200x200.jpg","width":200,"height":200,"caption":"Pressenza"},"image":{"@id":"https:\/\/www.pressenza.com\/it\/#\/schema\/logo\/image\/"},"sameAs":["https:\/\/www.facebook.com\/PressenzaItalia","https:\/\/x.com\/PressenzaIPA"]},{"@type":"Person","@id":"https:\/\/www.pressenza.com\/it\/#\/schema\/person\/e3b28c9575cd63576a05d54f8d67d1ac","name":"Murat Cinar","description":"One of the sons of Constantine, was born in 1981. Fruit of love of an immigrant couple in the former Ottoman city, she from Sebastia (Turkey) he from Batum (Georgia). Raised two steps away from the old Pera, between the Armenian and Jewish cultures. Big passion for photography, cinema, politics and inevitably journalism. After a short academic adventure in International Finance he landed in Italy back in 2001, first in Siena then in Turin, with the desire to study journalism, but he ended up attending Cinema and Television. He specializes in shooting and editing videos, photography and, lately, web marketing. Occasionally he writes in Turkey for the national magazine KaosGL, for the national daily Birgun and for various independent news portals such as Bianet and Sendika. In Italy he wrote for Il Manifesto and the monthly E-il mensile. He is one of the founders of the Glob011 monthly freepress, he worked for BabelMed and Prospettive Altre. Currently has collaborations with Pressenza and Caff\u00e8 dei Giornalisti. As long as he can get a little oxygen out of the city and a few hours free from work, he tries to write stories, frequenrly ironic ones, taken from what he observes and experiences. He tries to enrich his journey with Shiatsu, TaiChi and the passion for Fenerbah\u00e7e.","sameAs":["http:\/\/www.muratcinar.net","https:\/\/www.facebook.com\/muratcinartorino","https:\/\/www.instagram.com\/mcinar1981","https:\/\/x.com\/muratcinar","https:\/\/youtube.com\/c\/muratcinar"],"url":"https:\/\/www.pressenza.com\/it\/author\/murat-cinar\/"}]}},"place":"","original_article_url":"","_links":{"self":[{"href":"https:\/\/www.pressenza.com\/it\/wp-json\/wp\/v2\/posts\/1192402","targetHints":{"allow":["GET"]}}],"collection":[{"href":"https:\/\/www.pressenza.com\/it\/wp-json\/wp\/v2\/posts"}],"about":[{"href":"https:\/\/www.pressenza.com\/it\/wp-json\/wp\/v2\/types\/post"}],"author":[{"embeddable":true,"href":"https:\/\/www.pressenza.com\/it\/wp-json\/wp\/v2\/users\/899"}],"replies":[{"embeddable":true,"href":"https:\/\/www.pressenza.com\/it\/wp-json\/wp\/v2\/comments?post=1192402"}],"version-history":[{"count":0,"href":"https:\/\/www.pressenza.com\/it\/wp-json\/wp\/v2\/posts\/1192402\/revisions"}],"wp:featuredmedia":[{"embeddable":true,"href":"https:\/\/www.pressenza.com\/it\/wp-json\/wp\/v2\/media\/1192404"}],"wp:attachment":[{"href":"https:\/\/www.pressenza.com\/it\/wp-json\/wp\/v2\/media?parent=1192402"}],"wp:term":[{"taxonomy":"category","embeddable":true,"href":"https:\/\/www.pressenza.com\/it\/wp-json\/wp\/v2\/categories?post=1192402"},{"taxonomy":"post_tag","embeddable":true,"href":"https:\/\/www.pressenza.com\/it\/wp-json\/wp\/v2\/tags?post=1192402"}],"curies":[{"name":"wp","href":"https:\/\/api.w.org\/{rel}","templated":true}]}}