{"id":1190809,"date":"2020-09-05T21:20:27","date_gmt":"2020-09-05T20:20:27","guid":{"rendered":"https:\/\/www.pressenza.com\/?p=1190809"},"modified":"2020-09-05T21:20:27","modified_gmt":"2020-09-05T20:20:27","slug":"honduras-pacifista-sequestrato-torturato-e-ucciso","status":"publish","type":"post","link":"https:\/\/www.pressenza.com\/it\/2020\/09\/honduras-pacifista-sequestrato-torturato-e-ucciso\/","title":{"rendered":"Honduras, pacifista sequestrato, torturato e ucciso"},"content":{"rendered":"<div>All&#8217;alba del 4 settembre, Julio Andr\u00e9s Pineda D\u00edaz, attivista per la pace e membro di Mondo senza Guerre e senza Violenza \u00a0(MSGySV), \u00e8 stato trovato con le mani legate, con segni di tortura e fori di proiettile in testa. Questo omicidio avviene in mezzo alla crescente violenza che causa tanto dolore e sofferenza al popolo honduregno.<\/div>\n<div><\/div>\n<div>Le restrizioni alla libera circolazione dei cittadini, come strategia del governo per controllare la pandemia COVID-19, non impediscono l&#8217;aumento del traffico di droga, i continui massacri, i rapimenti e le sparizioni di leader popolari; soprattutto quelli che difendono i diritti dei popoli indigeni.<\/div>\n<div><\/div>\n<div>Julio Pineda, 35 anni, avvocato di professione, \u00e8 stato uno dei portavoce della prima Marcia della Pace centroamericana, che ha fatto il giro delle principali citt\u00e0 della regione nel settembre 2017. Per le prossime elezioni del Coordinamento Mondiale di Mondo Senza Guerre e senza Violenza, si sarebbe candidato per l&#8217;Honduras, per partecipare a questo processo mondiale per eleggere pacifisti riconosciuti di oltre cento nazioni, in cui questa organizzazione \u00e8 presente.<\/div>\n<div><\/div>\n<div>In una dichiarazione rilasciata da MSGV Honduras, questo omicidio \u00e8 stato denunciato e sono state invitate le autorit\u00e0 a indagare e a punire i responsabili. Inoltre, chiede alle organizzazioni internazionali e ai paesi cooperanti che fanno donazioni, prestiti e altri aiuti, di sospendere questi benefici all&#8217;attuale governo dell&#8217;Honduras, perch\u00e9 sono serviti solo ad aumentare la corruzione e altre forme di violenza.<\/div>\n<div><\/div>\n<div><em>Di<strong> Leonel Ayala<\/strong><\/em><\/div>\n<div><\/div>\n","protected":false},"excerpt":{"rendered":"<p>All&#8217;alba del 4 settembre, Julio Andr\u00e9s Pineda D\u00edaz, attivista per la pace e membro di Mondo senza Guerre e senza Violenza \u00a0(MSGySV), \u00e8 stato trovato con le mani legate, con segni di tortura e fori di proiettile in testa. Questo&hellip;<\/p>\n","protected":false},"author":19,"featured_media":1190257,"comment_status":"closed","ping_status":"closed","sticky":false,"template":"","format":"standard","meta":{"footnotes":""},"categories":[50,11388,60,1263],"tags":[1041,14650,4231,81029,10777,744],"class_list":["post-1190809","post","type-post","status-publish","format-standard","has-post-thumbnail","hentry","category-centro-america","category-contenuti-originali","category-diritti-umani","category-pace-disarmo","tag-honduras","tag-mondo-senza-guerre-e-senza-violenza-2","tag-movimento-umanista","tag-msg-it","tag-omicidio","tag-violenza"],"yoast_head":"<!-- This site is optimized with the Yoast SEO plugin v27.1.1 - https:\/\/yoast.com\/product\/yoast-seo-wordpress\/ -->\n<title>Honduras, pacifista sequestrato, torturato e ucciso<\/title>\n<meta name=\"description\" content=\"All&#039;alba del 4 settembre, Julio Andr\u00e9s Pineda D\u00edaz, attivista per la pace e membro di Mondo senza Guerre e senza Violenza \u00a0(MSGySV), \u00e8 stato trovato con\" \/>\n<meta name=\"robots\" content=\"index, follow, max-snippet:-1, max-image-preview:large, max-video-preview:-1\" \/>\n<link rel=\"canonical\" href=\"https:\/\/www.pressenza.com\/it\/2020\/09\/honduras-pacifista-sequestrato-torturato-e-ucciso\/\" \/>\n<meta property=\"og:locale\" content=\"it_IT\" \/>\n<meta property=\"og:type\" content=\"article\" \/>\n<meta property=\"og:title\" content=\"Honduras, pacifista sequestrato, torturato e ucciso\" \/>\n<meta property=\"og:description\" content=\"All&#039;alba del 4 settembre, Julio Andr\u00e9s Pineda D\u00edaz, attivista per la pace e membro di Mondo senza Guerre e senza Violenza \u00a0(MSGySV), \u00e8 stato trovato con\" \/>\n<meta property=\"og:url\" content=\"https:\/\/www.pressenza.com\/it\/2020\/09\/honduras-pacifista-sequestrato-torturato-e-ucciso\/\" \/>\n<meta property=\"og:site_name\" content=\"Pressenza\" \/>\n<meta property=\"article:publisher\" content=\"https:\/\/www.facebook.com\/PressenzaItalia\" \/>\n<meta property=\"article:author\" content=\"https:\/\/www.facebook.com\/pressenza\" \/>\n<meta property=\"article:published_time\" content=\"2020-09-05T20:20:27+00:00\" \/>\n<meta property=\"og:image\" content=\"https:\/\/www.pressenza.com\/wp-content\/uploads\/2020\/09\/julio-1.jpg\" \/>\n\t<meta property=\"og:image:width\" content=\"958\" \/>\n\t<meta property=\"og:image:height\" content=\"958\" \/>\n\t<meta property=\"og:image:type\" content=\"image\/jpeg\" \/>\n<meta name=\"author\" content=\"Pressenza IPA\" \/>\n<meta name=\"twitter:card\" content=\"summary_large_image\" \/>\n<meta name=\"twitter:creator\" content=\"@PressenzaIPA\" \/>\n<meta name=\"twitter:site\" content=\"@PressenzaIPA\" \/>\n<meta name=\"twitter:label1\" content=\"Scritto da\" \/>\n\t<meta name=\"twitter:data1\" content=\"Pressenza IPA\" \/>\n\t<meta name=\"twitter:label2\" content=\"Tempo di lettura stimato\" \/>\n\t<meta name=\"twitter:data2\" content=\"1 minuto\" \/>\n<script type=\"application\/ld+json\" class=\"yoast-schema-graph\">{\"@context\":\"https:\/\/schema.org\",\"@graph\":[{\"@type\":\"Article\",\"@id\":\"https:\/\/www.pressenza.com\/it\/2020\/09\/honduras-pacifista-sequestrato-torturato-e-ucciso\/#article\",\"isPartOf\":{\"@id\":\"https:\/\/www.pressenza.com\/it\/2020\/09\/honduras-pacifista-sequestrato-torturato-e-ucciso\/\"},\"author\":{\"name\":\"Pressenza IPA\",\"@id\":\"https:\/\/www.pressenza.com\/it\/#\/schema\/person\/010e5d02bcf40965427a1289a4cc8d75\"},\"headline\":\"Honduras, pacifista sequestrato, torturato e ucciso\",\"datePublished\":\"2020-09-05T20:20:27+00:00\",\"mainEntityOfPage\":{\"@id\":\"https:\/\/www.pressenza.com\/it\/2020\/09\/honduras-pacifista-sequestrato-torturato-e-ucciso\/\"},\"wordCount\":239,\"publisher\":{\"@id\":\"https:\/\/www.pressenza.com\/it\/#organization\"},\"image\":{\"@id\":\"https:\/\/www.pressenza.com\/it\/2020\/09\/honduras-pacifista-sequestrato-torturato-e-ucciso\/#primaryimage\"},\"thumbnailUrl\":\"https:\/\/www.pressenza.com\/wp-content\/uploads\/2020\/09\/julio-1.jpg\",\"keywords\":[\"Honduras\",\"Mondo senza guerre e senza Violenza\",\"Movimento Umanista\",\"MSG\",\"omicidio\",\"violenza\"],\"articleSection\":[\"America Centrale\",\"contenuti originali\",\"Diritti Umani\",\"Pace e Disarmo\"],\"inLanguage\":\"it-IT\"},{\"@type\":\"WebPage\",\"@id\":\"https:\/\/www.pressenza.com\/it\/2020\/09\/honduras-pacifista-sequestrato-torturato-e-ucciso\/\",\"url\":\"https:\/\/www.pressenza.com\/it\/2020\/09\/honduras-pacifista-sequestrato-torturato-e-ucciso\/\",\"name\":\"Honduras, pacifista sequestrato, torturato e ucciso\",\"isPartOf\":{\"@id\":\"https:\/\/www.pressenza.com\/it\/#website\"},\"primaryImageOfPage\":{\"@id\":\"https:\/\/www.pressenza.com\/it\/2020\/09\/honduras-pacifista-sequestrato-torturato-e-ucciso\/#primaryimage\"},\"image\":{\"@id\":\"https:\/\/www.pressenza.com\/it\/2020\/09\/honduras-pacifista-sequestrato-torturato-e-ucciso\/#primaryimage\"},\"thumbnailUrl\":\"https:\/\/www.pressenza.com\/wp-content\/uploads\/2020\/09\/julio-1.jpg\",\"datePublished\":\"2020-09-05T20:20:27+00:00\",\"description\":\"All'alba del 4 settembre, Julio Andr\u00e9s Pineda D\u00edaz, attivista per la pace e membro di Mondo senza Guerre e senza Violenza \u00a0(MSGySV), \u00e8 stato trovato con\",\"breadcrumb\":{\"@id\":\"https:\/\/www.pressenza.com\/it\/2020\/09\/honduras-pacifista-sequestrato-torturato-e-ucciso\/#breadcrumb\"},\"inLanguage\":\"it-IT\",\"potentialAction\":[{\"@type\":\"ReadAction\",\"target\":[\"https:\/\/www.pressenza.com\/it\/2020\/09\/honduras-pacifista-sequestrato-torturato-e-ucciso\/\"]}]},{\"@type\":\"ImageObject\",\"inLanguage\":\"it-IT\",\"@id\":\"https:\/\/www.pressenza.com\/it\/2020\/09\/honduras-pacifista-sequestrato-torturato-e-ucciso\/#primaryimage\",\"url\":\"https:\/\/www.pressenza.com\/wp-content\/uploads\/2020\/09\/julio-1.jpg\",\"contentUrl\":\"https:\/\/www.pressenza.com\/wp-content\/uploads\/2020\/09\/julio-1.jpg\",\"width\":958,\"height\":958,\"caption\":\"Honduras : un pacifiste enlev\u00e9, tortur\u00e9 et assassin\u00e9\"},{\"@type\":\"BreadcrumbList\",\"@id\":\"https:\/\/www.pressenza.com\/it\/2020\/09\/honduras-pacifista-sequestrato-torturato-e-ucciso\/#breadcrumb\",\"itemListElement\":[{\"@type\":\"ListItem\",\"position\":1,\"name\":\"Accueil\",\"item\":\"https:\/\/www.pressenza.com\/it\/\"},{\"@type\":\"ListItem\",\"position\":2,\"name\":\"Honduras, pacifista sequestrato, torturato e ucciso\"}]},{\"@type\":\"WebSite\",\"@id\":\"https:\/\/www.pressenza.com\/it\/#website\",\"url\":\"https:\/\/www.pressenza.com\/it\/\",\"name\":\"Pressenza\",\"description\":\"Agenzia di Stampa Internazionale\",\"publisher\":{\"@id\":\"https:\/\/www.pressenza.com\/it\/#organization\"},\"potentialAction\":[{\"@type\":\"SearchAction\",\"target\":{\"@type\":\"EntryPoint\",\"urlTemplate\":\"https:\/\/www.pressenza.com\/it\/?s={search_term_string}\"},\"query-input\":{\"@type\":\"PropertyValueSpecification\",\"valueRequired\":true,\"valueName\":\"search_term_string\"}}],\"inLanguage\":\"it-IT\"},{\"@type\":\"Organization\",\"@id\":\"https:\/\/www.pressenza.com\/it\/#organization\",\"name\":\"Pressenza\",\"url\":\"https:\/\/www.pressenza.com\/it\/\",\"logo\":{\"@type\":\"ImageObject\",\"inLanguage\":\"it-IT\",\"@id\":\"https:\/\/www.pressenza.com\/it\/#\/schema\/logo\/image\/\",\"url\":\"https:\/\/www.pressenza.com\/wp-content\/uploads\/2022\/10\/pressenza_logo_200x200.jpg\",\"contentUrl\":\"https:\/\/www.pressenza.com\/wp-content\/uploads\/2022\/10\/pressenza_logo_200x200.jpg\",\"width\":200,\"height\":200,\"caption\":\"Pressenza\"},\"image\":{\"@id\":\"https:\/\/www.pressenza.com\/it\/#\/schema\/logo\/image\/\"},\"sameAs\":[\"https:\/\/www.facebook.com\/PressenzaItalia\",\"https:\/\/x.com\/PressenzaIPA\"]},{\"@type\":\"Person\",\"@id\":\"https:\/\/www.pressenza.com\/it\/#\/schema\/person\/010e5d02bcf40965427a1289a4cc8d75\",\"name\":\"Pressenza IPA\",\"description\":\"News from Pressenza IPA correspondents\",\"sameAs\":[\"https:\/\/www.facebook.com\/pressenza\",\"https:\/\/x.com\/PressenzaIPA\"],\"url\":\"https:\/\/www.pressenza.com\/it\/author\/pressenza-ipa\/\"}]}<\/script>\n<!-- \/ Yoast SEO plugin. -->","yoast_head_json":{"title":"Honduras, pacifista sequestrato, torturato e ucciso","description":"All'alba del 4 settembre, Julio Andr\u00e9s Pineda D\u00edaz, attivista per la pace e membro di Mondo senza Guerre e senza Violenza \u00a0(MSGySV), \u00e8 stato trovato con","robots":{"index":"index","follow":"follow","max-snippet":"max-snippet:-1","max-image-preview":"max-image-preview:large","max-video-preview":"max-video-preview:-1"},"canonical":"https:\/\/www.pressenza.com\/it\/2020\/09\/honduras-pacifista-sequestrato-torturato-e-ucciso\/","og_locale":"it_IT","og_type":"article","og_title":"Honduras, pacifista sequestrato, torturato e ucciso","og_description":"All'alba del 4 settembre, Julio Andr\u00e9s Pineda D\u00edaz, attivista per la pace e membro di Mondo senza Guerre e senza Violenza \u00a0(MSGySV), \u00e8 stato trovato con","og_url":"https:\/\/www.pressenza.com\/it\/2020\/09\/honduras-pacifista-sequestrato-torturato-e-ucciso\/","og_site_name":"Pressenza","article_publisher":"https:\/\/www.facebook.com\/PressenzaItalia","article_author":"https:\/\/www.facebook.com\/pressenza","article_published_time":"2020-09-05T20:20:27+00:00","og_image":[{"width":958,"height":958,"url":"https:\/\/www.pressenza.com\/wp-content\/uploads\/2020\/09\/julio-1.jpg","type":"image\/jpeg"}],"author":"Pressenza IPA","twitter_card":"summary_large_image","twitter_creator":"@PressenzaIPA","twitter_site":"@PressenzaIPA","twitter_misc":{"Scritto da":"Pressenza IPA","Tempo di lettura stimato":"1 minuto"},"schema":{"@context":"https:\/\/schema.org","@graph":[{"@type":"Article","@id":"https:\/\/www.pressenza.com\/it\/2020\/09\/honduras-pacifista-sequestrato-torturato-e-ucciso\/#article","isPartOf":{"@id":"https:\/\/www.pressenza.com\/it\/2020\/09\/honduras-pacifista-sequestrato-torturato-e-ucciso\/"},"author":{"name":"Pressenza IPA","@id":"https:\/\/www.pressenza.com\/it\/#\/schema\/person\/010e5d02bcf40965427a1289a4cc8d75"},"headline":"Honduras, pacifista sequestrato, torturato e ucciso","datePublished":"2020-09-05T20:20:27+00:00","mainEntityOfPage":{"@id":"https:\/\/www.pressenza.com\/it\/2020\/09\/honduras-pacifista-sequestrato-torturato-e-ucciso\/"},"wordCount":239,"publisher":{"@id":"https:\/\/www.pressenza.com\/it\/#organization"},"image":{"@id":"https:\/\/www.pressenza.com\/it\/2020\/09\/honduras-pacifista-sequestrato-torturato-e-ucciso\/#primaryimage"},"thumbnailUrl":"https:\/\/www.pressenza.com\/wp-content\/uploads\/2020\/09\/julio-1.jpg","keywords":["Honduras","Mondo senza guerre e senza Violenza","Movimento Umanista","MSG","omicidio","violenza"],"articleSection":["America Centrale","contenuti originali","Diritti Umani","Pace e Disarmo"],"inLanguage":"it-IT"},{"@type":"WebPage","@id":"https:\/\/www.pressenza.com\/it\/2020\/09\/honduras-pacifista-sequestrato-torturato-e-ucciso\/","url":"https:\/\/www.pressenza.com\/it\/2020\/09\/honduras-pacifista-sequestrato-torturato-e-ucciso\/","name":"Honduras, pacifista sequestrato, torturato e ucciso","isPartOf":{"@id":"https:\/\/www.pressenza.com\/it\/#website"},"primaryImageOfPage":{"@id":"https:\/\/www.pressenza.com\/it\/2020\/09\/honduras-pacifista-sequestrato-torturato-e-ucciso\/#primaryimage"},"image":{"@id":"https:\/\/www.pressenza.com\/it\/2020\/09\/honduras-pacifista-sequestrato-torturato-e-ucciso\/#primaryimage"},"thumbnailUrl":"https:\/\/www.pressenza.com\/wp-content\/uploads\/2020\/09\/julio-1.jpg","datePublished":"2020-09-05T20:20:27+00:00","description":"All'alba del 4 settembre, Julio Andr\u00e9s Pineda D\u00edaz, attivista per la pace e membro di Mondo senza Guerre e senza Violenza \u00a0(MSGySV), \u00e8 stato trovato con","breadcrumb":{"@id":"https:\/\/www.pressenza.com\/it\/2020\/09\/honduras-pacifista-sequestrato-torturato-e-ucciso\/#breadcrumb"},"inLanguage":"it-IT","potentialAction":[{"@type":"ReadAction","target":["https:\/\/www.pressenza.com\/it\/2020\/09\/honduras-pacifista-sequestrato-torturato-e-ucciso\/"]}]},{"@type":"ImageObject","inLanguage":"it-IT","@id":"https:\/\/www.pressenza.com\/it\/2020\/09\/honduras-pacifista-sequestrato-torturato-e-ucciso\/#primaryimage","url":"https:\/\/www.pressenza.com\/wp-content\/uploads\/2020\/09\/julio-1.jpg","contentUrl":"https:\/\/www.pressenza.com\/wp-content\/uploads\/2020\/09\/julio-1.jpg","width":958,"height":958,"caption":"Honduras : un pacifiste enlev\u00e9, tortur\u00e9 et assassin\u00e9"},{"@type":"BreadcrumbList","@id":"https:\/\/www.pressenza.com\/it\/2020\/09\/honduras-pacifista-sequestrato-torturato-e-ucciso\/#breadcrumb","itemListElement":[{"@type":"ListItem","position":1,"name":"Accueil","item":"https:\/\/www.pressenza.com\/it\/"},{"@type":"ListItem","position":2,"name":"Honduras, pacifista sequestrato, torturato e ucciso"}]},{"@type":"WebSite","@id":"https:\/\/www.pressenza.com\/it\/#website","url":"https:\/\/www.pressenza.com\/it\/","name":"Pressenza","description":"Agenzia di Stampa Internazionale","publisher":{"@id":"https:\/\/www.pressenza.com\/it\/#organization"},"potentialAction":[{"@type":"SearchAction","target":{"@type":"EntryPoint","urlTemplate":"https:\/\/www.pressenza.com\/it\/?s={search_term_string}"},"query-input":{"@type":"PropertyValueSpecification","valueRequired":true,"valueName":"search_term_string"}}],"inLanguage":"it-IT"},{"@type":"Organization","@id":"https:\/\/www.pressenza.com\/it\/#organization","name":"Pressenza","url":"https:\/\/www.pressenza.com\/it\/","logo":{"@type":"ImageObject","inLanguage":"it-IT","@id":"https:\/\/www.pressenza.com\/it\/#\/schema\/logo\/image\/","url":"https:\/\/www.pressenza.com\/wp-content\/uploads\/2022\/10\/pressenza_logo_200x200.jpg","contentUrl":"https:\/\/www.pressenza.com\/wp-content\/uploads\/2022\/10\/pressenza_logo_200x200.jpg","width":200,"height":200,"caption":"Pressenza"},"image":{"@id":"https:\/\/www.pressenza.com\/it\/#\/schema\/logo\/image\/"},"sameAs":["https:\/\/www.facebook.com\/PressenzaItalia","https:\/\/x.com\/PressenzaIPA"]},{"@type":"Person","@id":"https:\/\/www.pressenza.com\/it\/#\/schema\/person\/010e5d02bcf40965427a1289a4cc8d75","name":"Pressenza IPA","description":"News from Pressenza IPA correspondents","sameAs":["https:\/\/www.facebook.com\/pressenza","https:\/\/x.com\/PressenzaIPA"],"url":"https:\/\/www.pressenza.com\/it\/author\/pressenza-ipa\/"}]}},"place":"Tegucigalpa, Honduras","original_article_url":"","_links":{"self":[{"href":"https:\/\/www.pressenza.com\/it\/wp-json\/wp\/v2\/posts\/1190809","targetHints":{"allow":["GET"]}}],"collection":[{"href":"https:\/\/www.pressenza.com\/it\/wp-json\/wp\/v2\/posts"}],"about":[{"href":"https:\/\/www.pressenza.com\/it\/wp-json\/wp\/v2\/types\/post"}],"author":[{"embeddable":true,"href":"https:\/\/www.pressenza.com\/it\/wp-json\/wp\/v2\/users\/19"}],"replies":[{"embeddable":true,"href":"https:\/\/www.pressenza.com\/it\/wp-json\/wp\/v2\/comments?post=1190809"}],"version-history":[{"count":0,"href":"https:\/\/www.pressenza.com\/it\/wp-json\/wp\/v2\/posts\/1190809\/revisions"}],"wp:featuredmedia":[{"embeddable":true,"href":"https:\/\/www.pressenza.com\/it\/wp-json\/wp\/v2\/media\/1190257"}],"wp:attachment":[{"href":"https:\/\/www.pressenza.com\/it\/wp-json\/wp\/v2\/media?parent=1190809"}],"wp:term":[{"taxonomy":"category","embeddable":true,"href":"https:\/\/www.pressenza.com\/it\/wp-json\/wp\/v2\/categories?post=1190809"},{"taxonomy":"post_tag","embeddable":true,"href":"https:\/\/www.pressenza.com\/it\/wp-json\/wp\/v2\/tags?post=1190809"}],"curies":[{"name":"wp","href":"https:\/\/api.w.org\/{rel}","templated":true}]}}