{"id":1187994,"date":"2020-08-31T16:20:31","date_gmt":"2020-08-31T15:20:31","guid":{"rendered":"https:\/\/www.pressenza.com\/?p=1187994"},"modified":"2020-08-31T16:20:31","modified_gmt":"2020-08-31T15:20:31","slug":"bolivia-e-honduras-la-storia-si-ripete","status":"publish","type":"post","link":"https:\/\/www.pressenza.com\/it\/2020\/08\/bolivia-e-honduras-la-storia-si-ripete\/","title":{"rendered":"Bolivia e Honduras: la storia si ripete"},"content":{"rendered":"<p>Il Tribunale Supremo Elettorale (T.S.E.) ha rinviato per la terza volta la data delle elezioni in Bolivia dal 6 settembre al 18 ottobre con la scusa della pandemia. Questo ha fatto perdere la pazienza al popolo boliviano che, da luned\u00ec 3 agosto, ha bloccato 150 punti del paese in segno di protesta.<\/p>\n<p>Le richieste vanno oltre la questione elettorale, chiedendo l&#8217;accesso al diritto alla salute, all&#8217;istruzione e al lavoro. Inoltre, i manifestanti hanno cominciato a chiedere le dimissioni della presidente ad interim Jeanine \u00c1\u00f1ez.<\/p>\n<p>I mass media riferiscono che le organizzazioni sociali che hanno indetto le proteste respingono il rinvio delle elezioni per capriccio, ma le organizzazioni che hanno chiesto lo sciopero sostengono che lo rifiutano non solo perch\u00e9 questi continui rinvii sono considerati una presa in giro, ma anche perch\u00e9 la decisione \u00e8 stata presa dal T.S.E. unilateralmente, incostituzionalmente e illegalmente, attraverso una risoluzione che va contro le leggi n. 1297 e 1304, che convocano le elezioni e in violazione della Costituzione e dell&#8217;Assemblea Legislativa.<\/p>\n<p>La legge n. 1297 sul rinvio delle elezioni generali fa riferimento al fatto che le elezioni sono da tenere entro un periodo massimo di 127 giorni, da calcolare a partire dal 3 maggio, e cio\u00e8 entro il 6 settembre.<\/p>\n<p>Una delibera non pu\u00f2 prevalere su una legge, quindi l&#8217;elezione del 18 ottobre sarebbe un atto nullo, che \u00c1\u00f1ez potrebbe non riconoscere. Per questo motivo, Luis Arce, candidato MAS (partito boliviano si sinistra, di cui fa parte Evo Morales, n.d.T), chiede che l&#8217;accordo su una nuova data elettorale venga stabilito con una legge e non con una delibera, per rientrare nel quadro giuridico costituzionale e avere validit\u00e0 giuridica.<\/p>\n<p><strong>Chi \u00e8 Salvador Romero?<\/strong><\/p>\n<p>Salvador Romero, presidente del Tribunale Supremo Elettorale (T.S.E.), ne \u00e8 consapevole. Qual \u00e8, allora, il suo gioco? Le rivelazioni di WikiLeaks dimostrano il suo legame con il Dipartimento di Stato americano e l&#8217;Agenzia per lo Sviluppo Internazionale degli Stati Uniti, nota con il suo acronimo: USAID. Attraverso USAID, la Central Intelligence Agency (CIA) convoglia fondi per le operazioni politiche contro i governi non allineati con gli USA. Del resto, le intercettazioni rivelano che Salvador Romero era un informatore dell&#8217;ex ambasciatore statunitense Philip Goldberg (2006-2008), espulso dalla Bolivia da Evo Morales con l&#8217;accusa di cospirazione contro il governo.<\/p>\n<p>USAID ha finanziato i &#8220;discorsi&#8221; di Salvador Romero contro Evo Morales in passato. Dov&#8217;\u00e8 la sua presunta neutralit\u00e0 politica? D&#8217;altra parte, gli stretti legami con Carlos Mesa, il candidato alla presidenza della Comunidad Ciudadana (C.C.), sono esposti nelle foto che circolano nei social network. Nel 2003 Salvador Romero \u00e8 stato nominato presidente del Tribunale elettorale (CNE) da Carlos Mesa, che quell&#8217;anno era presidente della Bolivia. Evo Morales aveva denunciato che questo corpo elettorale era un organismo gestito dagli Stati Uniti.<\/p>\n<p><strong>Romero in Honduras<\/strong><\/p>\n<p>Un fatto rivelatore per comprendere il contesto attuale della Bolivia \u00e8 la partecipazione di Salvador Romero alla persecuzione e all\u2019allontanamento<a href=\"#_ftn1\" name=\"_ftnref1\">[1]<\/a> dell&#8217;ex presidente Manuel Zelaya in Honduras e alla legittimazione delle successive frodi. Romero \u00e8 stato inviato dagli Stati Uniti in Honduras dopo il colpo di stato ed \u00e8 stato nominato direttore del National Democratic Institute (NDI) tra il 2011 e il 2014.<\/p>\n<p>Cos&#8217;\u00e8 la NDI? Il National Democratic Institute \u00e8 un canale di finanziamento che sostiene i gruppi che si oppongono al processo di cambiamento, ma si definisce un&#8217;organizzazione \u201cpolitica non governativa\u201d degli Stati Uniti. \u00c8 stato creato nel 1983 come parte del programma \u201cNational Support for Democracy\u201d del Congresso degli Stati Uniti ed \u00e8 finanziato da USAID.<\/p>\n<p>Da quando Salvador Romero \u00e8 arrivato in Honduras, la destra ha sempre vinto le elezioni, grazie ai brogli sostenuti da USA e NDI, finanziata dal National Endowment for Democracy (NED) che \u00e8 sostenuto da USAID.<\/p>\n<p>Il NED \u00e8 un altro canale di finanziamento di progetti e gruppi per realizzare colpi di stato. Tra le sue azioni c&#8217;\u00e8 l&#8217;uso dei giovani per provocare destabilizzazione, non a caso i gruppi paramilitari in Bolivia sono composti da giovani studenti universitari. Ha finanziato i partiti politici e le ONG che si oppongono ai presidenti popolari.<\/p>\n<p>NED, USAID, NDI, ecc. sono sigle diverse che servono allo lo stesso scopo: imporre gli interessi degli Stati Uniti nei paesi che non si allineano con i loro disegni.<\/p>\n<p><strong>La Bolivia e il cammino dell&#8217;Honduras: colpo di Stato, destituzione del presidente e frode<\/strong><\/p>\n<p>Il colpo di stato in Honduras \u00e8 stato la punta di diamante di un progetto regionale per riconquistare i paesi che gli Stati Uniti considerano il loro \u201ccortile di casa\u201d (Dottrina Monroe), l&#8217;intera area dal confine con il Messico in gi\u00f9. Da l\u00ec si sono susseguiti vari colpi di stato \u201cmorbidi\u201d, in Paraguay contro Fernando Lugo, in Brasile contro Dilma Rouseff. Ci hanno provato anche in Venezuela, ma non ci sono riusciti per la lealt\u00e0 delle Forze Armate e per l\u2019impegno militante di un popolo con una coscienza ideologica politica. Poi i piani per la Bolivia sono stati accelerati e sono andati avanti, perch\u00e9 c\u2019erano le condizioni interne adatte per farlo.<\/p>\n<p>A livello regionale, la Bolivia era sola, con l\u2019UNASUR (Unione delle Nazioni Sudamericane) disattivata, circondata da paesi allineati con gli Stati Uniti e in un contesto di caduta libera degli Stati Uniti come potenza economica mondiale, con l&#8217;ascesa di Russia e Cina. Per questo motivo, gli Stati Uniti devono riassicurarsi le risorse naturali della Bolivia, il cui oro e argento hanno reso ricco l&#8217;intero continente europeo con la conquista delle Americhe.<\/p>\n<p>Attualmente la Bolivia possiede il 60% delle riserve mondiali di litio e chi le controlla acquista potere a livello regionale, anzi globale. In questo paese i colpi di Stato \u201csoft\u201d o istituzionali non funzionano, a causa dell&#8217;idiosincrasia del popolo boliviano, di un&#8217;assemblea legislativa controllata dal M.A.S. e di un potere giudiziario eletto dalle urne, per cui \u00e8 stato necessario un colpo di Stato violento.<\/p>\n<p>Il futuro della Bolivia appare segnato da quello dell&#8217;Honduras: colpo di Stato, destituzione del presidente e frode. Il colpo di Stato in Honduras contro Manuel Zelaya \u00e8 avvenuto nel 2009, seguito dal suo allontanamento e dall&#8217;imposizione del presidente di fatto Roberto Micheletti. Le prime elezioni si sono svolte un anno dopo e si \u00e8 insediato il presidente \u201cdemocratico\u201d Porfirio Lobo (2010-2014), seguito da Orlando Hernandez (2014-2018) che si ripresenta per la rielezione e assume un secondo mandato nel 2018. In tutte queste elezioni c&#8217;\u00e8 stata frode senza dissimulazione, con il sostegno dell&#8217;OSA (Organizzazione degli Stati Americani). In questo modo hanno posto una facciata democratica alla dittatura fino ad oggi. Queste presidenze portano sulle spalle migliaia di detenuti, assassinati, scomparsi, torturati, feriti, repressi ed esiliati.<\/p>\n<p><strong>Che cosa hanno lasciato i colpi di stato in Honduras?<\/strong><\/p>\n<p>La famosa \u201ccarovana di migranti\u201d ha lasciato l&#8217;Honduras il 13 ottobre 2018 con 1000 persone, ed \u00e8 stata raggiunta da persone in diverse parti del Salvador e del Guatemala. Le sue dimensioni hanno raggiunto le 7000 persone, la pi\u00f9 grande mai registrata con l&#8217;obiettivo di arrivare negli Stati Uniti a piedi.<\/p>\n<p>I boliviani sanno molto bene cosa significa essere un migrante a causa delle politiche neoliberali e dei colpi di stato.\u00a0 Ma la situazione di questa carovana era molto diversa. Migliaia di persone hanno lasciato l&#8217;Honduras con solo i \u00a0vestiti che avevano addosso, camminando, attraversando fiumi, con pioggia, sole, freddo, dormendo in rifugi improvvisati, tende nelle strade, ecc. Alcuni sono morti, altri si sono ammalati e altri ancora sono caduti nelle reti del traffico illecito.<\/p>\n<p>Gli indicatori sociali del paese, la povert\u00e0, la disuguaglianza, ecc. sono tra i pi\u00f9 alti del continente. Di conseguenza, i livelli di violenza, il traffico di droga, i gruppi paramilitari e l&#8217;assassinio di leader sono saliti alle stelle. Un caso emblematico \u00e8 stato l&#8217;omicidio della leader indigena Berta C\u00e1ceres, che era stata oggetto di misure precauzionali da parte della Corte Interamericana dei Diritti Umani (CIDH).<\/p>\n<p>Gli Stati Uniti, che hanno compiuto il colpo di stato in Honduras, hanno militarizzato le frontiere e le hanno chiuse ai migranti. Il presidente dell&#8217;Honduras li ha definiti &#8220;gruppi finanziati da Nicolas Maduro&#8221; per screditare il Venezuela.<\/p>\n<p><em>Traduzione dallo spagnolo di Thomas Schmid. Revisione: Flavia Negozio<\/em><\/p>\n<p><a href=\"#_ftnref1\" name=\"_ftn1\">[1]<\/a> Zelaya \u00e8 stato destituito, arrestato ed espatriato in Costa Rica durante il colpo di stato militare del 28 giugno 2009.<\/p>\n","protected":false},"excerpt":{"rendered":"<p>Il Tribunale Supremo Elettorale (T.S.E.) ha rinviato per la terza volta la data delle elezioni in Bolivia dal 6 settembre al 18 ottobre con la scusa della pandemia. Questo ha fatto perdere la pazienza al popolo boliviano che, da luned\u00ec&hellip;<\/p>\n","protected":false},"author":1876,"featured_media":1178308,"comment_status":"closed","ping_status":"closed","sticky":false,"template":"","format":"standard","meta":{"footnotes":""},"categories":[11388,55,57,48],"tags":[14148,172,616,1041,67011,9731,80798,80796,80797,55550],"class_list":["post-1187994","post","type-post","status-publish","format-standard","has-post-thumbnail","hentry","category-contenuti-originali","category-politica","category-affari-esteri","category-sud-america","tag-bolivia-it-14","tag-colpo-di-stato","tag-elezioni","tag-honduras","tag-jeanine-anez-it","tag-oas","tag-salvador-romero-it","tag-sentenza-della-corte-suprema","tag-tribunale-elettorale-supremo-bolivia","tag-usaid-it"],"yoast_head":"<!-- This site is optimized with the Yoast SEO plugin v27.1.1 - https:\/\/yoast.com\/product\/yoast-seo-wordpress\/ -->\n<title>Bolivia e Honduras: la storia si ripete<\/title>\n<meta name=\"description\" content=\"Il Tribunale Supremo Elettorale (T.S.E.) ha rinviato per la terza volta la data delle elezioni in Bolivia dal 6 settembre al 18 ottobre con la scusa della\" \/>\n<meta name=\"robots\" content=\"index, follow, max-snippet:-1, max-image-preview:large, max-video-preview:-1\" \/>\n<link rel=\"canonical\" href=\"https:\/\/www.pressenza.com\/it\/2020\/08\/bolivia-e-honduras-la-storia-si-ripete\/\" \/>\n<meta property=\"og:locale\" content=\"it_IT\" \/>\n<meta property=\"og:type\" content=\"article\" \/>\n<meta property=\"og:title\" content=\"Bolivia e Honduras: la storia si ripete\" \/>\n<meta property=\"og:description\" content=\"Il Tribunale Supremo Elettorale (T.S.E.) ha rinviato per la terza volta la data delle elezioni in Bolivia dal 6 settembre al 18 ottobre con la scusa della\" \/>\n<meta property=\"og:url\" content=\"https:\/\/www.pressenza.com\/it\/2020\/08\/bolivia-e-honduras-la-storia-si-ripete\/\" \/>\n<meta property=\"og:site_name\" content=\"Pressenza\" \/>\n<meta property=\"article:publisher\" content=\"https:\/\/www.facebook.com\/PressenzaItalia\" \/>\n<meta property=\"article:published_time\" content=\"2020-08-31T15:20:31+00:00\" \/>\n<meta property=\"og:image\" content=\"https:\/\/www.pressenza.com\/wp-content\/uploads\/2020\/08\/Salvador-Romero-Maccih.jpg\" \/>\n\t<meta property=\"og:image:width\" content=\"1280\" \/>\n\t<meta property=\"og:image:height\" content=\"709\" \/>\n\t<meta property=\"og:image:type\" content=\"image\/jpeg\" \/>\n<meta name=\"author\" content=\"Ver\u00f3nica Zapata\" \/>\n<meta name=\"twitter:card\" content=\"summary_large_image\" \/>\n<meta name=\"twitter:creator\" content=\"@PressenzaIPA\" \/>\n<meta name=\"twitter:site\" content=\"@PressenzaIPA\" \/>\n<meta name=\"twitter:label1\" content=\"Scritto da\" \/>\n\t<meta name=\"twitter:data1\" content=\"Ver\u00f3nica Zapata\" \/>\n\t<meta name=\"twitter:label2\" content=\"Tempo di lettura stimato\" \/>\n\t<meta name=\"twitter:data2\" content=\"7 minuti\" \/>\n<script type=\"application\/ld+json\" class=\"yoast-schema-graph\">{\"@context\":\"https:\/\/schema.org\",\"@graph\":[{\"@type\":\"Article\",\"@id\":\"https:\/\/www.pressenza.com\/it\/2020\/08\/bolivia-e-honduras-la-storia-si-ripete\/#article\",\"isPartOf\":{\"@id\":\"https:\/\/www.pressenza.com\/it\/2020\/08\/bolivia-e-honduras-la-storia-si-ripete\/\"},\"author\":{\"name\":\"Ver\u00f3nica Zapata\",\"@id\":\"https:\/\/www.pressenza.com\/it\/#\/schema\/person\/741c65f7fd3dfa8b1ceba3cac04e171f\"},\"headline\":\"Bolivia e Honduras: la storia si ripete\",\"datePublished\":\"2020-08-31T15:20:31+00:00\",\"mainEntityOfPage\":{\"@id\":\"https:\/\/www.pressenza.com\/it\/2020\/08\/bolivia-e-honduras-la-storia-si-ripete\/\"},\"wordCount\":1351,\"publisher\":{\"@id\":\"https:\/\/www.pressenza.com\/it\/#organization\"},\"image\":{\"@id\":\"https:\/\/www.pressenza.com\/it\/2020\/08\/bolivia-e-honduras-la-storia-si-ripete\/#primaryimage\"},\"thumbnailUrl\":\"https:\/\/www.pressenza.com\/wp-content\/uploads\/2020\/08\/Salvador-Romero-Maccih.jpg\",\"keywords\":[\"Bolivia\",\"colpo di stato\",\"elezioni\",\"Honduras\",\"Jeanine A\u00f1ez\",\"OAS\",\"Salvador Romero\",\"sentenza della Corte Suprema\",\"tribunale elettorale supremo Bolivia\",\"USAID\"],\"articleSection\":[\"contenuti originali\",\"Politica\",\"Questioni internazionali\",\"Sud America\"],\"inLanguage\":\"it-IT\"},{\"@type\":\"WebPage\",\"@id\":\"https:\/\/www.pressenza.com\/it\/2020\/08\/bolivia-e-honduras-la-storia-si-ripete\/\",\"url\":\"https:\/\/www.pressenza.com\/it\/2020\/08\/bolivia-e-honduras-la-storia-si-ripete\/\",\"name\":\"Bolivia e Honduras: la storia si ripete\",\"isPartOf\":{\"@id\":\"https:\/\/www.pressenza.com\/it\/#website\"},\"primaryImageOfPage\":{\"@id\":\"https:\/\/www.pressenza.com\/it\/2020\/08\/bolivia-e-honduras-la-storia-si-ripete\/#primaryimage\"},\"image\":{\"@id\":\"https:\/\/www.pressenza.com\/it\/2020\/08\/bolivia-e-honduras-la-storia-si-ripete\/#primaryimage\"},\"thumbnailUrl\":\"https:\/\/www.pressenza.com\/wp-content\/uploads\/2020\/08\/Salvador-Romero-Maccih.jpg\",\"datePublished\":\"2020-08-31T15:20:31+00:00\",\"description\":\"Il Tribunale Supremo Elettorale (T.S.E.) ha rinviato per la terza volta la data delle elezioni in Bolivia dal 6 settembre al 18 ottobre con la scusa della\",\"breadcrumb\":{\"@id\":\"https:\/\/www.pressenza.com\/it\/2020\/08\/bolivia-e-honduras-la-storia-si-ripete\/#breadcrumb\"},\"inLanguage\":\"it-IT\",\"potentialAction\":[{\"@type\":\"ReadAction\",\"target\":[\"https:\/\/www.pressenza.com\/it\/2020\/08\/bolivia-e-honduras-la-storia-si-ripete\/\"]}]},{\"@type\":\"ImageObject\",\"inLanguage\":\"it-IT\",\"@id\":\"https:\/\/www.pressenza.com\/it\/2020\/08\/bolivia-e-honduras-la-storia-si-ripete\/#primaryimage\",\"url\":\"https:\/\/www.pressenza.com\/wp-content\/uploads\/2020\/08\/Salvador-Romero-Maccih.jpg\",\"contentUrl\":\"https:\/\/www.pressenza.com\/wp-content\/uploads\/2020\/08\/Salvador-Romero-Maccih.jpg\",\"width\":1280,\"height\":709},{\"@type\":\"BreadcrumbList\",\"@id\":\"https:\/\/www.pressenza.com\/it\/2020\/08\/bolivia-e-honduras-la-storia-si-ripete\/#breadcrumb\",\"itemListElement\":[{\"@type\":\"ListItem\",\"position\":1,\"name\":\"Accueil\",\"item\":\"https:\/\/www.pressenza.com\/it\/\"},{\"@type\":\"ListItem\",\"position\":2,\"name\":\"Bolivia e Honduras: la storia si ripete\"}]},{\"@type\":\"WebSite\",\"@id\":\"https:\/\/www.pressenza.com\/it\/#website\",\"url\":\"https:\/\/www.pressenza.com\/it\/\",\"name\":\"Pressenza\",\"description\":\"Agenzia di Stampa Internazionale\",\"publisher\":{\"@id\":\"https:\/\/www.pressenza.com\/it\/#organization\"},\"potentialAction\":[{\"@type\":\"SearchAction\",\"target\":{\"@type\":\"EntryPoint\",\"urlTemplate\":\"https:\/\/www.pressenza.com\/it\/?s={search_term_string}\"},\"query-input\":{\"@type\":\"PropertyValueSpecification\",\"valueRequired\":true,\"valueName\":\"search_term_string\"}}],\"inLanguage\":\"it-IT\"},{\"@type\":\"Organization\",\"@id\":\"https:\/\/www.pressenza.com\/it\/#organization\",\"name\":\"Pressenza\",\"url\":\"https:\/\/www.pressenza.com\/it\/\",\"logo\":{\"@type\":\"ImageObject\",\"inLanguage\":\"it-IT\",\"@id\":\"https:\/\/www.pressenza.com\/it\/#\/schema\/logo\/image\/\",\"url\":\"https:\/\/www.pressenza.com\/wp-content\/uploads\/2022\/10\/pressenza_logo_200x200.jpg\",\"contentUrl\":\"https:\/\/www.pressenza.com\/wp-content\/uploads\/2022\/10\/pressenza_logo_200x200.jpg\",\"width\":200,\"height\":200,\"caption\":\"Pressenza\"},\"image\":{\"@id\":\"https:\/\/www.pressenza.com\/it\/#\/schema\/logo\/image\/\"},\"sameAs\":[\"https:\/\/www.facebook.com\/PressenzaItalia\",\"https:\/\/x.com\/PressenzaIPA\"]},{\"@type\":\"Person\",\"@id\":\"https:\/\/www.pressenza.com\/it\/#\/schema\/person\/741c65f7fd3dfa8b1ceba3cac04e171f\",\"name\":\"Ver\u00f3nica Zapata\",\"description\":\"Ver\u00f3nica Zapata es periodista y psic\u00f3loga boliviana.U.B.A. Public\u00f3 en diversos medios de Bolivia, Argentina, Venezuela, Ecuador, Uruguay,etc.Tambi\u00e9n en centros acad\u00e9micos de Argentina como CLAE y FILA.\",\"url\":\"https:\/\/www.pressenza.com\/it\/author\/veronica-zapata\/\"}]}<\/script>\n<!-- \/ Yoast SEO plugin. -->","yoast_head_json":{"title":"Bolivia e Honduras: la storia si ripete","description":"Il Tribunale Supremo Elettorale (T.S.E.) ha rinviato per la terza volta la data delle elezioni in Bolivia dal 6 settembre al 18 ottobre con la scusa della","robots":{"index":"index","follow":"follow","max-snippet":"max-snippet:-1","max-image-preview":"max-image-preview:large","max-video-preview":"max-video-preview:-1"},"canonical":"https:\/\/www.pressenza.com\/it\/2020\/08\/bolivia-e-honduras-la-storia-si-ripete\/","og_locale":"it_IT","og_type":"article","og_title":"Bolivia e Honduras: la storia si ripete","og_description":"Il Tribunale Supremo Elettorale (T.S.E.) ha rinviato per la terza volta la data delle elezioni in Bolivia dal 6 settembre al 18 ottobre con la scusa della","og_url":"https:\/\/www.pressenza.com\/it\/2020\/08\/bolivia-e-honduras-la-storia-si-ripete\/","og_site_name":"Pressenza","article_publisher":"https:\/\/www.facebook.com\/PressenzaItalia","article_published_time":"2020-08-31T15:20:31+00:00","og_image":[{"width":1280,"height":709,"url":"https:\/\/www.pressenza.com\/wp-content\/uploads\/2020\/08\/Salvador-Romero-Maccih.jpg","type":"image\/jpeg"}],"author":"Ver\u00f3nica Zapata","twitter_card":"summary_large_image","twitter_creator":"@PressenzaIPA","twitter_site":"@PressenzaIPA","twitter_misc":{"Scritto da":"Ver\u00f3nica Zapata","Tempo di lettura stimato":"7 minuti"},"schema":{"@context":"https:\/\/schema.org","@graph":[{"@type":"Article","@id":"https:\/\/www.pressenza.com\/it\/2020\/08\/bolivia-e-honduras-la-storia-si-ripete\/#article","isPartOf":{"@id":"https:\/\/www.pressenza.com\/it\/2020\/08\/bolivia-e-honduras-la-storia-si-ripete\/"},"author":{"name":"Ver\u00f3nica Zapata","@id":"https:\/\/www.pressenza.com\/it\/#\/schema\/person\/741c65f7fd3dfa8b1ceba3cac04e171f"},"headline":"Bolivia e Honduras: la storia si ripete","datePublished":"2020-08-31T15:20:31+00:00","mainEntityOfPage":{"@id":"https:\/\/www.pressenza.com\/it\/2020\/08\/bolivia-e-honduras-la-storia-si-ripete\/"},"wordCount":1351,"publisher":{"@id":"https:\/\/www.pressenza.com\/it\/#organization"},"image":{"@id":"https:\/\/www.pressenza.com\/it\/2020\/08\/bolivia-e-honduras-la-storia-si-ripete\/#primaryimage"},"thumbnailUrl":"https:\/\/www.pressenza.com\/wp-content\/uploads\/2020\/08\/Salvador-Romero-Maccih.jpg","keywords":["Bolivia","colpo di stato","elezioni","Honduras","Jeanine A\u00f1ez","OAS","Salvador Romero","sentenza della Corte Suprema","tribunale elettorale supremo Bolivia","USAID"],"articleSection":["contenuti originali","Politica","Questioni internazionali","Sud America"],"inLanguage":"it-IT"},{"@type":"WebPage","@id":"https:\/\/www.pressenza.com\/it\/2020\/08\/bolivia-e-honduras-la-storia-si-ripete\/","url":"https:\/\/www.pressenza.com\/it\/2020\/08\/bolivia-e-honduras-la-storia-si-ripete\/","name":"Bolivia e Honduras: la storia si ripete","isPartOf":{"@id":"https:\/\/www.pressenza.com\/it\/#website"},"primaryImageOfPage":{"@id":"https:\/\/www.pressenza.com\/it\/2020\/08\/bolivia-e-honduras-la-storia-si-ripete\/#primaryimage"},"image":{"@id":"https:\/\/www.pressenza.com\/it\/2020\/08\/bolivia-e-honduras-la-storia-si-ripete\/#primaryimage"},"thumbnailUrl":"https:\/\/www.pressenza.com\/wp-content\/uploads\/2020\/08\/Salvador-Romero-Maccih.jpg","datePublished":"2020-08-31T15:20:31+00:00","description":"Il Tribunale Supremo Elettorale (T.S.E.) ha rinviato per la terza volta la data delle elezioni in Bolivia dal 6 settembre al 18 ottobre con la scusa della","breadcrumb":{"@id":"https:\/\/www.pressenza.com\/it\/2020\/08\/bolivia-e-honduras-la-storia-si-ripete\/#breadcrumb"},"inLanguage":"it-IT","potentialAction":[{"@type":"ReadAction","target":["https:\/\/www.pressenza.com\/it\/2020\/08\/bolivia-e-honduras-la-storia-si-ripete\/"]}]},{"@type":"ImageObject","inLanguage":"it-IT","@id":"https:\/\/www.pressenza.com\/it\/2020\/08\/bolivia-e-honduras-la-storia-si-ripete\/#primaryimage","url":"https:\/\/www.pressenza.com\/wp-content\/uploads\/2020\/08\/Salvador-Romero-Maccih.jpg","contentUrl":"https:\/\/www.pressenza.com\/wp-content\/uploads\/2020\/08\/Salvador-Romero-Maccih.jpg","width":1280,"height":709},{"@type":"BreadcrumbList","@id":"https:\/\/www.pressenza.com\/it\/2020\/08\/bolivia-e-honduras-la-storia-si-ripete\/#breadcrumb","itemListElement":[{"@type":"ListItem","position":1,"name":"Accueil","item":"https:\/\/www.pressenza.com\/it\/"},{"@type":"ListItem","position":2,"name":"Bolivia e Honduras: la storia si ripete"}]},{"@type":"WebSite","@id":"https:\/\/www.pressenza.com\/it\/#website","url":"https:\/\/www.pressenza.com\/it\/","name":"Pressenza","description":"Agenzia di Stampa Internazionale","publisher":{"@id":"https:\/\/www.pressenza.com\/it\/#organization"},"potentialAction":[{"@type":"SearchAction","target":{"@type":"EntryPoint","urlTemplate":"https:\/\/www.pressenza.com\/it\/?s={search_term_string}"},"query-input":{"@type":"PropertyValueSpecification","valueRequired":true,"valueName":"search_term_string"}}],"inLanguage":"it-IT"},{"@type":"Organization","@id":"https:\/\/www.pressenza.com\/it\/#organization","name":"Pressenza","url":"https:\/\/www.pressenza.com\/it\/","logo":{"@type":"ImageObject","inLanguage":"it-IT","@id":"https:\/\/www.pressenza.com\/it\/#\/schema\/logo\/image\/","url":"https:\/\/www.pressenza.com\/wp-content\/uploads\/2022\/10\/pressenza_logo_200x200.jpg","contentUrl":"https:\/\/www.pressenza.com\/wp-content\/uploads\/2022\/10\/pressenza_logo_200x200.jpg","width":200,"height":200,"caption":"Pressenza"},"image":{"@id":"https:\/\/www.pressenza.com\/it\/#\/schema\/logo\/image\/"},"sameAs":["https:\/\/www.facebook.com\/PressenzaItalia","https:\/\/x.com\/PressenzaIPA"]},{"@type":"Person","@id":"https:\/\/www.pressenza.com\/it\/#\/schema\/person\/741c65f7fd3dfa8b1ceba3cac04e171f","name":"Ver\u00f3nica Zapata","description":"Ver\u00f3nica Zapata es periodista y psic\u00f3loga boliviana.U.B.A. Public\u00f3 en diversos medios de Bolivia, Argentina, Venezuela, Ecuador, Uruguay,etc.Tambi\u00e9n en centros acad\u00e9micos de Argentina como CLAE y FILA.","url":"https:\/\/www.pressenza.com\/it\/author\/veronica-zapata\/"}]}},"place":"La Paz, Bolivia","original_article_url":"","_links":{"self":[{"href":"https:\/\/www.pressenza.com\/it\/wp-json\/wp\/v2\/posts\/1187994","targetHints":{"allow":["GET"]}}],"collection":[{"href":"https:\/\/www.pressenza.com\/it\/wp-json\/wp\/v2\/posts"}],"about":[{"href":"https:\/\/www.pressenza.com\/it\/wp-json\/wp\/v2\/types\/post"}],"author":[{"embeddable":true,"href":"https:\/\/www.pressenza.com\/it\/wp-json\/wp\/v2\/users\/1876"}],"replies":[{"embeddable":true,"href":"https:\/\/www.pressenza.com\/it\/wp-json\/wp\/v2\/comments?post=1187994"}],"version-history":[{"count":0,"href":"https:\/\/www.pressenza.com\/it\/wp-json\/wp\/v2\/posts\/1187994\/revisions"}],"wp:featuredmedia":[{"embeddable":true,"href":"https:\/\/www.pressenza.com\/it\/wp-json\/wp\/v2\/media\/1178308"}],"wp:attachment":[{"href":"https:\/\/www.pressenza.com\/it\/wp-json\/wp\/v2\/media?parent=1187994"}],"wp:term":[{"taxonomy":"category","embeddable":true,"href":"https:\/\/www.pressenza.com\/it\/wp-json\/wp\/v2\/categories?post=1187994"},{"taxonomy":"post_tag","embeddable":true,"href":"https:\/\/www.pressenza.com\/it\/wp-json\/wp\/v2\/tags?post=1187994"}],"curies":[{"name":"wp","href":"https:\/\/api.w.org\/{rel}","templated":true}]}}