{"id":1185285,"date":"2020-08-26T20:20:00","date_gmt":"2020-08-26T19:20:00","guid":{"rendered":"https:\/\/www.pressenza.com\/?p=1185285"},"modified":"2020-08-26T20:23:35","modified_gmt":"2020-08-26T19:23:35","slug":"mali-colpo-di-stato","status":"publish","type":"post","link":"https:\/\/www.pressenza.com\/it\/2020\/08\/mali-colpo-di-stato\/","title":{"rendered":"Mali: un nuovo colpo di Stato in un paese tormentato"},"content":{"rendered":"<p><span style=\"font-family: inherit, serif;\"><span style=\"font-size: medium;\">Il 18 agosto in Mali c\u2019\u00e8 stato un nuovo colpo di Stato. Dopo mesi di proteste e una giornata particolarmente movimentata, un gruppo militare ha arrestato il Presidente Ibrahim Boubacar Keita (Ibk) e il primo ministro Boubou Ciss\u00e9. Solo poche ore prima le agenzie\u00a0<\/span><\/span><span style=\"color: #26bae5;\"><span style=\"font-family: inherit, serif;\"><span style=\"font-size: medium;\"><u><a href=\"https:\/\/www.ansa.it\/sito\/notizie\/mondo\/2020\/08\/18\/mali-spari-in-una-caserma-sede-tv-evacuata_dadfd540-6763-4588-96d4-e2dc95764eae.html\">riportavano\u00a0<\/a><\/u><\/span><\/span><\/span><span style=\"font-family: inherit, serif;\"><span style=\"font-size: medium;\">spari in una caserma e l\u2019evacuazione di una sede TV.<\/span><\/span><\/p>\n<p><span style=\"font-family: inherit, serif;\"><span style=\"font-size: large;\"><b>Capire il Mali<\/b><\/span><\/span><\/p>\n<p><span style=\"font-family: inherit, serif;\"><span style=\"font-size: medium;\">Il Mali si trova nella regione africana del Sahel, una zona complicata, instabile e dove proliferano gruppi terroristici. Si tratta di una regione che \u00e8 anche interessata da gravi problemi di sicurezza alimentare e povert\u00e0. Si tratta di un\u2019area profondamente interessata delle rotte migratorie verso il mediteranno, come passaggio per chi viene da paesi pi\u00f9 a Sud percorrendo un tragitto durissimo in mano a trafficanti di esseri umani, ma anche come punto di partenza di tanti giovani alla ricerca di una vita migliore lontano dalla violenza.<\/span><\/span><\/p>\n<p><span style=\"font-family: inherit, serif;\"><span style=\"font-size: large;\"><b>Storia<\/b><\/span><\/span><\/p>\n<p><span style=\"font-family: inherit, serif;\"><span style=\"font-size: medium;\">Per comprendere quanto \u00e8 successo in questo paese \u00e8 utile avere un\u2019idea della sua storia travagliata.<\/span><\/span><\/p>\n<p><span style=\"font-family: inherit, serif;\"><span style=\"font-size: medium;\">Ex colonia francese, si rende indipendente nel 1960, inizialmente come Federazione del Mali; semplicemente Mali dopo la separazione del Senegal. In seguito, venne eletto il primo presidente, il quale, abbagliato dalla possibilit\u00e0 di creare uno stato socialista africano, diede inizio a una serie di misure, tra cui svariate nazionalizzazioni, che, per\u00f2, ebbero l\u2019effetto di piegare l\u2019economia.<\/span><\/span><\/p>\n<p><span style=\"font-family: inherit, serif;\"><span style=\"font-size: medium;\">Solo pochi anni dopo, nel 1968, il malcontento per questa situazione sfoci\u00f2 in un primo colpo di Stato. Da questo momento si instaur\u00f2 un regime che dur\u00f2, sventando alcuni tentati colpi di Stato, fino al 1991. In quell\u2019anno, dopo grandi proteste nella capitale Bamako, un nuovo colpo di Stato militare spodest\u00f2 il presidente Traor\u00e9.<\/span><\/span><\/p>\n<p><span style=\"font-family: inherit, serif;\"><span style=\"font-size: medium;\">A questo punto fu creato un governo di transizione civile che condusse il paese alle elezioni del 1992. Da quel momento si sono svolte regolari elezioni (ogni cinque anni, con un limite di due mandati per i presidenti), ma la tranquillit\u00e0 non dur\u00f2 a lungo.<\/span><\/span><\/p>\n<p><span style=\"font-family: inherit, serif;\"><span style=\"font-size: medium;\">Nel 2008 si acutizzarono le tensioni con il gruppo etnico e secessionista dei Tuareg. La situazione fu, poi, peggiorata nel 2011 dalla crisi libica. Una volta deposto il generale Gheddafi, molti combattenti mercenari che gli erano al fianco rientrarono in Mali e tra questi vi erano anche svariati membri di gruppi terroristici (Al Qaida).<\/span><\/span><\/p>\n<p><span style=\"font-family: inherit, serif;\"><span style=\"font-size: medium;\">L\u2019anno successivo i secessionisti Tuareg si allearono con i gruppi jihadisti e presero il controllo del nord del paese; qui si assistette a quello che negli anni successivi abbiamo visto tante volte nei territori controllati dall\u2019Isis: violenze, abusi,\u00a0<\/span><\/span><span style=\"color: #26bae5;\"><span style=\"font-family: inherit, serif;\"><span style=\"font-size: medium;\"><u><a href=\"https:\/\/www.nytimes.com\/2016\/09\/28\/world\/europe\/ahmad-al-faqi-al-mahdi-timbuktu-mali.html\">distruzione di siti storici<\/a><\/u><\/span><\/span><\/span><span style=\"color: #cacaca;\"><span style=\"font-family: inherit, serif;\"><span style=\"font-size: medium;\">\u00a0<\/span><\/span><\/span><span style=\"font-family: inherit, serif;\"><span style=\"font-size: medium;\">e norme severissime.<\/span><\/span><\/p>\n<p><span style=\"font-family: inherit, serif;\"><span style=\"font-size: medium;\">Con il Paese nel caos, sommerso dalla violenza di una guerra civile, i militari attuarono un nuovo colpo di Stato.<\/span><\/span><\/p>\n<p><span style=\"font-family: inherit, serif;\"><span style=\"font-size: large;\"><b>Le radici del colpo di Stato del 2020<\/b><\/span><\/span><\/p>\n<p><span style=\"font-family: inherit, serif;\"><span style=\"font-size: medium;\">In queste lotte e nelle loro conseguenze troviamo le radici del colpo di Stato a cui assistiamo nel 2020.<\/span><\/span><\/p>\n<p><span style=\"font-family: inherit, serif;\"><span style=\"font-size: medium;\">Il clima di instabilit\u00e0 ed esposizione al terrorismo che viveva il Mali nel 2012 rese necessario anche un intervento di matrice europea, in particolare su spinta dell\u2019ex colone francese per raggiungere le elezioni nel 2013.<\/span><\/span><\/p>\n<p><span style=\"font-family: inherit, serif;\"><span style=\"font-size: medium;\">Proprio in questa occasione Ibk, il presidente rimosso la scorsa settimana, fu eletto. All\u2019epoca era figura politica gi\u00e0 nota ed esperta (fu primo ministro negli anni 90) e particolarmente apprezzata.<\/span><\/span><\/p>\n<p><span style=\"font-family: inherit, serif;\"><span style=\"font-size: large;\"><b>Gli anni del presidente Ibrahim Boubacar Keita<\/b><\/span><\/span><\/p>\n<p><span style=\"font-family: inherit, serif;\"><span style=\"font-size: medium;\">Dal momento della sua elezione la popolarit\u00e0 di Ibk ha continuato a calare.<\/span><\/span><\/p>\n<p><span style=\"font-family: inherit, serif;\"><span style=\"font-size: medium;\">Nonostante l\u2019intervento Europeo per condurre il paese alle elezioni, l\u2019aiuto a riacquisire il controllo sui territori nel Nord del Paese e combattere il terrorismo, la situazione non si \u00e8 mai stabilizzata del tutto. I ribelli e i gruppi jihadisti si rifugiarono in zone remote da cui han continuato a perpetrare violenze e attacchi terroristici contro la popolazione civile.<\/span><\/span><\/p>\n<p><span style=\"font-family: inherit, serif;\"><span style=\"font-size: medium;\">Negli anni successivi il malcontento popolare ha continuato a farsi strada in questo paese devastato dai continui colpi di stato, dal terrorismo e dalla guerra civile.<\/span><\/span><\/p>\n<p><span style=\"font-family: inherit, serif;\"><span style=\"font-size: medium;\">Il paese \u00e8 tra i pi\u00f9 poveri al mondo, con uno degli\u00a0<\/span><\/span><span style=\"color: #26bae5;\"><span style=\"font-family: inherit, serif;\"><span style=\"font-size: medium;\"><u><a href=\"http:\/\/hdr.undp.org\/en\/data\">indici di sviluppo umano<\/a><\/u><\/span><\/span><\/span><span style=\"color: #cacaca;\"><span style=\"font-family: inherit, serif;\"><span style=\"font-size: medium;\">\u00a0<\/span><\/span><\/span><span style=\"font-family: inherit, serif;\"><span style=\"font-size: medium;\">pi\u00f9 bassi registrati, collocandosi 185\u00ba su 189 paesi. A questo si somma l\u2019insicurezza, come ci mostrano i dati del\u00a0<\/span><\/span><span style=\"color: #26bae5;\"><span style=\"font-family: inherit, serif;\"><span style=\"font-size: medium;\"><u><a href=\"https:\/\/ucdp.uu.se\/country\/432\">UCDP<\/a><\/u><\/span><\/span><\/span><span style=\"color: #cacaca;\"><span style=\"font-family: inherit, serif;\"><span style=\"font-size: medium;\">\u00a0<\/span><\/span><\/span><span style=\"font-family: inherit, serif;\"><span style=\"font-size: medium;\">(Uppsala Conflict Data Program) il numero di morti legati a conflitti ha continuato a crescere negli ultimi anni.<\/span><\/span><\/p>\n<p><span style=\"font-family: inherit, serif;\"><span style=\"font-size: medium;\">Il tutto si inserisce in un contesto regionale che non \u00e8 migliore della situazione interna, anche alcuni Stati confinanti, come il Niger e il Burkina Faso, lottano con instabilit\u00e0, terrorismo e povert\u00e0.<\/span><\/span><\/p>\n<p><span style=\"font-family: inherit, serif;\"><span style=\"font-size: large;\"><b>2020: nuove elezioni in Mali<\/b><\/span><\/span><\/p>\n<p><span style=\"font-family: inherit, serif;\"><span style=\"font-size: medium;\">Tutte queste difficolt\u00e0 che la popolazione vive ogni giorno hanno minato i consensi del Presidente Ibk. Gi\u00e0 nel 2018 \u00e8 riuscito a farsi rieleggere con fatica e ricevendo accuse di brogli. Nel 2020 la situazione si \u00e8 ripetuta, peggiorata, per le elezioni legislative. In questo caso si \u00e8 assistito ad attivit\u00e0 sospette e che mostrano chiaramente il clima di insicurezza in cui vive il paese, come il sequestro di un leader dell\u2019opposizione, Souma\u00efla Ciss\u00e9, a pochi giorni dalle elezioni.<\/span><\/span><\/p>\n<p><span style=\"font-family: inherit, serif;\"><span style=\"font-size: medium;\">A ci\u00f2 si aggiunge che i risultati di ben 31 seggi sono stati ribaltati dalla Corte Costituzionale, aprendo la strada a nuove accuse di brogli.<\/span><\/span><\/p>\n<p><span style=\"font-family: inherit, serif;\"><span style=\"font-size: medium;\">Le opposizioni, in seguito alle elezioni di marzo, han dato vita al Movimento del 5 Giugno e in questa data iniziano proteste di piazza per chiedere le dimissioni del presidente, accusato di corruzione e di essere incapace a gestire l\u2019economia, la crisi sanitaria e la minaccia jihadista. I manifestanti si sono catalizzati intorno alla nota figura dell\u2019Imam Mahmoud Dicko (di posizioni conservatrici, ma comunque contro il fondamentalismo).<\/span><\/span><\/p>\n<p><span style=\"font-family: inherit, serif;\"><span style=\"font-size: medium;\">Le proteste, tra alti e bassi, sono proseguite tutta l\u2019estate. Gi\u00e0 a Luglio gli scontri si erano accesi al punto che la polizia aveva sparato sui manifestanti,\u00a0<\/span><\/span><span style=\"color: #26bae5;\"><span style=\"font-family: inherit, serif;\"><span style=\"font-size: medium;\"><u><a href=\"https:\/\/www.ansa.it\/sito\/videogallery\/mondo\/2020\/07\/13\/la-rivolta-dellimam-scatena-il-caos-in-mali_ce9e61f2-afc6-47c6-833a-fb35fab9ccc6.html\">uccidendone\u00a0<\/a><\/u><\/span><\/span><\/span><span style=\"font-family: inherit, serif;\"><span style=\"font-size: medium;\">almeno 11. Nemmeno questa dura repressione, per\u00f2, \u00e8 bastata a fermare le proteste.<\/span><\/span><\/p>\n<p><span style=\"font-family: inherit, serif;\"><span style=\"font-size: large;\"><b>Il colpo di Stato<\/b><\/span><\/span><\/p>\n<p><span style=\"font-family: inherit, serif;\"><span style=\"font-size: medium;\">A questo punto arriviamo al culmine delle proteste con il nuovo colpo di Stato, partito proprio dallo stesso campo dove sono iniziati i tumulti nel 2012, a Kati, a pochi chilometri dalla capitale.<\/span><\/span><\/p>\n<p><span style=\"font-family: inherit, serif;\"><span style=\"font-size: medium;\">Il Presidente Ibk e il primo ministro Boubou Ciss\u00e9 sono stati<\/span><\/span><span style=\"color: #cacaca;\"><span style=\"font-family: inherit, serif;\"><span style=\"font-size: medium;\">\u00a0<\/span><\/span><\/span><span style=\"color: #26bae5;\"><span style=\"font-family: inherit, serif;\"><span style=\"font-size: medium;\"><u><a href=\"https:\/\/www.ansa.it\/sito\/notizie\/mondo\/2020\/08\/18\/golpe-in-mali-arrestati-il-presidente-e-il-premier_af342e40-c05e-4cd0-84f8-cd311d62d8bf.html\">arrestati<\/a><\/u><\/span><\/span><\/span><span style=\"color: #cacaca;\"><span style=\"font-family: inherit, serif;\"><span style=\"font-size: medium;\">\u00a0<\/span><\/span><\/span><span style=\"font-family: inherit, serif;\"><span style=\"font-size: medium;\">da un gruppo di militari ribelli il 18 agosto.<\/span><\/span><\/p>\n<p><span style=\"font-family: inherit, serif;\"><span style=\"font-size: medium;\">Poche ore pi\u00f9 tardi Ibk ha deciso di non provocare ulteriori conflitti e ha rassegnato le dimissioni, sciogliendo cos\u00ec anche il governo e l\u2019Assemblea nazionale. L\u2019arresto e le dimissioni hanno provocato la gioia e i<\/span><\/span><span style=\"color: #cacaca;\"><span style=\"font-family: inherit, serif;\"><span style=\"font-size: medium;\">\u00a0<\/span><\/span><\/span><span style=\"color: #26bae5;\"><span style=\"font-family: inherit, serif;\"><span style=\"font-size: medium;\"><u><a href=\"https:\/\/www.youtube.com\/watch?time_continue=10&amp;v=hhqr3OHpxuU&amp;feature=emb_logo\">festeggiamenti\u00a0<\/a><\/u><\/span><\/span><\/span><span style=\"font-family: inherit, serif;\"><span style=\"font-size: medium;\">nelle piazze di Bamako.<\/span><\/span><\/p>\n<p><span style=\"font-family: inherit, serif;\"><span style=\"font-size: medium;\">I golpisti han dato vita a un\u00a0<\/span><\/span><span style=\"font-size: medium;\"><i><span style=\"font-family: inherit, serif;\">Comitato Nazionale per la Salvezza del Popolo<\/span><\/i><\/span><span style=\"font-family: inherit, serif;\"><span style=\"font-size: medium;\">, il quale si proporre di condurre il paese verso nuove elezioni, prive di brogli e corruzione (che, invece, ci sarebbero state durante l\u2019ultima tornata elettorale), come ha riportato il portavoce del gruppo militare ribelle, Ismael Wague. Per intanto questo comitato ha chiuso tutti i confini del paese, anche quelli aerei, e imposto un coprifuoco dalle 21 alle 05.<\/span><\/span><\/p>\n<p><span style=\"font-family: inherit, serif;\"><span style=\"font-size: medium;\">A quanto pare anche il Movimento del 5 giugno ha deciso che collaborer\u00e0 con la giunta militare per portare il paese a elezioni.<\/span><\/span><\/p>\n<p><span style=\"font-family: inherit, serif;\"><span style=\"font-size: medium;\">Il 23 agosto, la giunta militare ha\u00a0<\/span><\/span><span style=\"color: #26bae5;\"><span style=\"font-family: inherit, serif;\"><span style=\"font-size: medium;\"><u><a href=\"https:\/\/www.lemonde.fr\/afrique\/article\/2020\/08\/24\/mali-la-junte-propose-une-transition-de-trois-ans_6049724_3212.html\">annunciato<\/a><\/u><\/span><\/span><\/span><span style=\"color: #cacaca;\"><span style=\"font-family: inherit, serif;\"><span style=\"font-size: medium;\">\u00a0<\/span><\/span><\/span><span style=\"font-family: inherit, serif;\"><span style=\"font-size: medium;\">di voler attuare una transizione, guidata da un organo militare, della durata di tre anni e di essere disposti a rilasciare Ibk.<\/span><\/span><\/p>\n<p><span style=\"font-family: inherit, serif;\"><span style=\"font-size: large;\"><b>Le reazioni internazionali<\/b><\/span><\/span><\/p>\n<p><span style=\"font-family: inherit, serif;\"><span style=\"font-size: medium;\">Il colpo di Stato \u00e8 stato prontamente seguito da diverse reazioni di altri stati o organizzazioni internazionali, tutti preoccupati dalla crescente instabilit\u00e0 in una zona tanto complicata.<\/span><\/span><\/p>\n<p><span style=\"font-family: inherit, serif;\"><span style=\"font-size: medium;\">Da subito \u00e8 arrivata una condanna dall\u2019ONU, dal suo segretario generale Antonio Guterres e dal\u00a0<\/span><\/span><span style=\"color: #26bae5;\"><span style=\"font-family: inherit, serif;\"><span style=\"font-size: medium;\"><u><a href=\"https:\/\/news.un.org\/fr\/story\/2020\/08\/1075322\">Consiglio di Sicurezza<\/a><\/u><\/span><\/span><\/span><span style=\"color: #cacaca;\"><span style=\"font-family: inherit, serif;\"><span style=\"font-size: medium;\">. <\/span><\/span><\/span><span style=\"font-family: inherit, serif;\"><span style=\"font-size: medium;\">Hanno esortato la liberazione di Ibk e del primo ministro e il ripristino dello stato di diritto. Inoltre, \u00e8 stato espresso pieno supporto all\u2019Unione Africana e all\u2019ECOWAS per raggiungere una soluzione pacifica e negoziale con il Mali.<\/span><\/span><\/p>\n<p><span style=\"color: #0000ff;\"><u><a href=\"https:\/\/twitter.com\/UN_Spokesperson\/status\/1295809558431105024?s=20\"><span style=\"font-family: inherit, serif;\"><span style=\"font-size: medium;\">https:\/\/twitter.com\/UN_Spokesperson\/status\/1295809558431105024?s=20<\/span><\/span><\/a><\/u><\/span><\/p>\n<p><span style=\"font-family: inherit, serif;\"><span style=\"font-size: large;\"><b>In Africa<\/b><\/span><\/span><\/p>\n<p><span style=\"font-family: inherit, serif;\"><span style=\"font-size: medium;\">Anche l\u2019Unione Africana ha subito\u00a0<\/span><\/span><span style=\"color: #26bae5;\"><span style=\"font-family: inherit, serif;\"><span style=\"font-size: medium;\"><u><a href=\"https:\/\/au.int\/en\/pressreleases\/20200818\/statement-chairperson-situation-republic-mali\">condannato\u00a0<\/a><\/u><\/span><\/span><\/span><span style=\"font-family: inherit, serif;\"><span style=\"font-size: medium;\">il colpo di Stato.<\/span><\/span><\/p>\n<p><span style=\"font-family: inherit, serif;\"><span style=\"font-size: medium;\">Anche dalla Comunit\u00e0 economica degli Stati dell\u2019Africa Occidentale (ECOWAS \/ CEDEAO) ha da subito condannato il colpo di Stato e ha deciso di reagire. Per questo si \u00e8 deciso di sospendere il Mali dall\u2019istituzioni dell\u2019ECOWAS, chiudere tutte le frontiere e bloccare anche i flussi finanziari, economici e commerciali (esclusi quelli per beni essenziali e dotazioni per contrastare il coronavirus). In seguito, ha inviato una delegazione di mediazione, arrivata in Mali sabato.<\/span><\/span><\/p>\n<p><span style=\"color: #0000ff;\"><u><a href=\"https:\/\/twitter.com\/ecowas_cedeao\/status\/1297506278437261312?s=20\"><span style=\"font-family: inherit, serif;\"><span style=\"font-size: medium;\">https:\/\/twitter.com\/ecowas_cedeao\/status\/1297506278437261312?s=20<\/span><\/span><\/a><\/u><\/span><\/p>\n<p><span style=\"font-family: inherit, serif;\"><span style=\"font-size: large;\"><b>In Europa<\/b><\/span><\/span><\/p>\n<p><span style=\"font-family: inherit, serif;\"><span style=\"font-size: medium;\">Non sono mancate reazioni anche dagli Stati europei e dagli organi dell\u2019Unione Europa. I quali sono consapevoli, non solo dei rischi per la popolazione locale, ma di un deterioramento della stabilit\u00e0 dell\u2019intera regione. Una situazione che potrebbe rafforzare i gruppi terroristici e far aumentare i flussi migratori nel Mediterraneo.<\/span><\/span><\/p>\n<p><span style=\"font-family: inherit, serif;\"><span style=\"font-size: medium;\">Tra i primi capi di Stato a esprimersi c\u2019\u00e8 stato il presidente francese Macron, il quale ha fermamente condannato il colpo di Stato ed espresso pieno sostegno all\u2019ECOWAS affinch\u00e9 si possa trovare presto una soluzione alla crisi.<\/span><\/span><\/p>\n<p><span style=\"color: #0000ff;\"><u><a href=\"https:\/\/twitter.com\/EmmanuelMacron\/status\/1296556974784548865?s=20\"><span style=\"font-family: inherit, serif;\"><span style=\"font-size: medium;\">https:\/\/twitter.com\/EmmanuelMacron\/status\/1296556974784548865?s=20<\/span><\/span><\/a><\/u><\/span><\/p>\n<p><span style=\"font-family: inherit, serif;\"><span style=\"font-size: medium;\">Successivamente l\u2019Alto Rappresentante dell\u2019Unione Europea, Josep Borrell, ha<\/span><\/span><span style=\"color: #cacaca;\"><span style=\"font-family: inherit, serif;\"><span style=\"font-size: medium;\">\u00a0<\/span><\/span><\/span><span style=\"color: #26bae5;\"><span style=\"font-family: inherit, serif;\"><span style=\"font-size: medium;\"><u><a href=\"https:\/\/eeas.europa.eu\/headquarters\/headquarters-homepage\/84191\/mali-d%C3%A9claration-du-haut-repr%C3%A9sentantvice-president-josep-borrell-sur-la-tentative-de-coup-d_fr\">espresso<\/a><\/u><\/span><\/span><\/span><span style=\"color: #cacaca;\"><span style=\"font-family: inherit, serif;\"><span style=\"font-size: medium;\">\u00a0<\/span><\/span><\/span><span style=\"font-family: inherit, serif;\"><span style=\"font-size: medium;\">la stessa posizione e ha chiesto un \u201crisultato consensuale, nel rispetto dei principi costituzionali, del diritto internazionale e dei diritti umani, \u00e8 l\u2019unico modo per evitare la destabilizzazione non solo del Mali ma dell\u2019intera regione\u201d. Una condanna alle violazioni costituzionali \u00e8 arrivata anche dal Parlamento Europeo, tramite il suo presidente David Sassoli.<\/span><\/span><\/p>\n<p><span style=\"color: #0000ff;\"><u><a href=\"https:\/\/twitter.com\/EP_President\/status\/1296376294612119553?s=20\"><span style=\"font-family: inherit, serif;\"><span style=\"font-size: medium;\">https:\/\/twitter.com\/EP_President\/status\/1296376294612119553?s=20<\/span><\/span><\/a><\/u><\/span><\/p>\n<p><span style=\"font-family: inherit, serif;\"><span style=\"font-size: medium;\">Data la gioia con cui \u00e8 stato accolto l\u2019annuncio delle dimissioni del presidente, sar\u00e0 difficile che queste prese di posizioni internazionali basteranno a ripristinare la stabilit\u00e0 del Mali.<\/span><\/span><\/p>\n<p><strong>Anna Giulia Rossoni<\/strong><\/p>\n","protected":false},"excerpt":{"rendered":"<p>Il 18 agosto in Mali c\u2019\u00e8 stato un nuovo colpo di Stato. Dopo mesi di proteste e una giornata particolarmente movimentata, un gruppo militare ha arrestato il Presidente Ibrahim Boubacar Keita (Ibk) e il primo ministro Boubou Ciss\u00e9. Solo poche&hellip;<\/p>\n","protected":false},"author":1882,"featured_media":1185286,"comment_status":"closed","ping_status":"closed","sticky":false,"template":"","format":"standard","meta":{"footnotes":""},"categories":[45,162,55],"tags":[22197,172,1782],"class_list":["post-1185285","post","type-post","status-publish","format-standard","has-post-thumbnail","hentry","category-africa-it","category-opinioni","category-politica","tag-africa","tag-colpo-di-stato","tag-mali-it"],"yoast_head":"<!-- This site is optimized with the Yoast SEO plugin v27.1.1 - https:\/\/yoast.com\/product\/yoast-seo-wordpress\/ -->\n<title>Mali: un nuovo colpo di Stato in un paese tormentato<\/title>\n<meta name=\"description\" content=\"Il 18 agosto in Mali c\u2019\u00e8 stato un nuovo colpo di Stato. Dopo mesi di proteste e una giornata particolarmente movimentata, un gruppo militare ha arrestato\" \/>\n<meta name=\"robots\" content=\"index, follow, max-snippet:-1, max-image-preview:large, max-video-preview:-1\" \/>\n<link rel=\"canonical\" href=\"https:\/\/www.pressenza.com\/it\/2020\/08\/mali-colpo-di-stato\/\" \/>\n<meta property=\"og:locale\" content=\"it_IT\" \/>\n<meta property=\"og:type\" content=\"article\" \/>\n<meta property=\"og:title\" content=\"Mali: un nuovo colpo di Stato in un paese tormentato\" \/>\n<meta property=\"og:description\" content=\"Il 18 agosto in Mali c\u2019\u00e8 stato un nuovo colpo di Stato. Dopo mesi di proteste e una giornata particolarmente movimentata, un gruppo militare ha arrestato\" \/>\n<meta property=\"og:url\" content=\"https:\/\/www.pressenza.com\/it\/2020\/08\/mali-colpo-di-stato\/\" \/>\n<meta property=\"og:site_name\" content=\"Pressenza\" \/>\n<meta property=\"article:publisher\" content=\"https:\/\/www.facebook.com\/PressenzaItalia\" \/>\n<meta property=\"article:published_time\" content=\"2020-08-26T19:20:00+00:00\" \/>\n<meta property=\"article:modified_time\" content=\"2020-08-26T19:23:35+00:00\" \/>\n<meta property=\"og:image\" content=\"https:\/\/www.pressenza.com\/wp-content\/uploads\/2020\/08\/AGOSTO-MALI-sistema-critico.png\" \/>\n\t<meta property=\"og:image:width\" content=\"1747\" \/>\n\t<meta property=\"og:image:height\" content=\"1043\" \/>\n\t<meta property=\"og:image:type\" content=\"image\/png\" \/>\n<meta name=\"author\" content=\"Sistema Critico\" \/>\n<meta name=\"twitter:card\" content=\"summary_large_image\" \/>\n<meta name=\"twitter:creator\" content=\"@PressenzaIPA\" \/>\n<meta name=\"twitter:site\" content=\"@PressenzaIPA\" \/>\n<meta name=\"twitter:label1\" content=\"Scritto da\" \/>\n\t<meta name=\"twitter:data1\" content=\"Sistema Critico\" \/>\n\t<meta name=\"twitter:label2\" content=\"Tempo di lettura stimato\" \/>\n\t<meta name=\"twitter:data2\" content=\"8 minuti\" \/>\n<script type=\"application\/ld+json\" class=\"yoast-schema-graph\">{\"@context\":\"https:\/\/schema.org\",\"@graph\":[{\"@type\":\"Article\",\"@id\":\"https:\/\/www.pressenza.com\/it\/2020\/08\/mali-colpo-di-stato\/#article\",\"isPartOf\":{\"@id\":\"https:\/\/www.pressenza.com\/it\/2020\/08\/mali-colpo-di-stato\/\"},\"author\":{\"name\":\"Sistema Critico\",\"@id\":\"https:\/\/www.pressenza.com\/it\/#\/schema\/person\/b76f7f97bab77661f6c80779f701f592\"},\"headline\":\"Mali: un nuovo colpo di Stato in un paese tormentato\",\"datePublished\":\"2020-08-26T19:20:00+00:00\",\"dateModified\":\"2020-08-26T19:23:35+00:00\",\"mainEntityOfPage\":{\"@id\":\"https:\/\/www.pressenza.com\/it\/2020\/08\/mali-colpo-di-stato\/\"},\"wordCount\":1534,\"publisher\":{\"@id\":\"https:\/\/www.pressenza.com\/it\/#organization\"},\"image\":{\"@id\":\"https:\/\/www.pressenza.com\/it\/2020\/08\/mali-colpo-di-stato\/#primaryimage\"},\"thumbnailUrl\":\"https:\/\/www.pressenza.com\/wp-content\/uploads\/2020\/08\/AGOSTO-MALI-sistema-critico.png\",\"keywords\":[\"Africa\",\"colpo di stato\",\"Mali\"],\"articleSection\":[\"Africa\",\"Opinioni\",\"Politica\"],\"inLanguage\":\"it-IT\"},{\"@type\":\"WebPage\",\"@id\":\"https:\/\/www.pressenza.com\/it\/2020\/08\/mali-colpo-di-stato\/\",\"url\":\"https:\/\/www.pressenza.com\/it\/2020\/08\/mali-colpo-di-stato\/\",\"name\":\"Mali: un nuovo colpo di Stato in un paese tormentato\",\"isPartOf\":{\"@id\":\"https:\/\/www.pressenza.com\/it\/#website\"},\"primaryImageOfPage\":{\"@id\":\"https:\/\/www.pressenza.com\/it\/2020\/08\/mali-colpo-di-stato\/#primaryimage\"},\"image\":{\"@id\":\"https:\/\/www.pressenza.com\/it\/2020\/08\/mali-colpo-di-stato\/#primaryimage\"},\"thumbnailUrl\":\"https:\/\/www.pressenza.com\/wp-content\/uploads\/2020\/08\/AGOSTO-MALI-sistema-critico.png\",\"datePublished\":\"2020-08-26T19:20:00+00:00\",\"dateModified\":\"2020-08-26T19:23:35+00:00\",\"description\":\"Il 18 agosto in Mali c\u2019\u00e8 stato un nuovo colpo di Stato. Dopo mesi di proteste e una giornata particolarmente movimentata, un gruppo militare ha arrestato\",\"breadcrumb\":{\"@id\":\"https:\/\/www.pressenza.com\/it\/2020\/08\/mali-colpo-di-stato\/#breadcrumb\"},\"inLanguage\":\"it-IT\",\"potentialAction\":[{\"@type\":\"ReadAction\",\"target\":[\"https:\/\/www.pressenza.com\/it\/2020\/08\/mali-colpo-di-stato\/\"]}]},{\"@type\":\"ImageObject\",\"inLanguage\":\"it-IT\",\"@id\":\"https:\/\/www.pressenza.com\/it\/2020\/08\/mali-colpo-di-stato\/#primaryimage\",\"url\":\"https:\/\/www.pressenza.com\/wp-content\/uploads\/2020\/08\/AGOSTO-MALI-sistema-critico.png\",\"contentUrl\":\"https:\/\/www.pressenza.com\/wp-content\/uploads\/2020\/08\/AGOSTO-MALI-sistema-critico.png\",\"width\":1747,\"height\":1043},{\"@type\":\"BreadcrumbList\",\"@id\":\"https:\/\/www.pressenza.com\/it\/2020\/08\/mali-colpo-di-stato\/#breadcrumb\",\"itemListElement\":[{\"@type\":\"ListItem\",\"position\":1,\"name\":\"Accueil\",\"item\":\"https:\/\/www.pressenza.com\/it\/\"},{\"@type\":\"ListItem\",\"position\":2,\"name\":\"Mali: un nuovo colpo di Stato in un paese tormentato\"}]},{\"@type\":\"WebSite\",\"@id\":\"https:\/\/www.pressenza.com\/it\/#website\",\"url\":\"https:\/\/www.pressenza.com\/it\/\",\"name\":\"Pressenza\",\"description\":\"Agenzia di Stampa Internazionale\",\"publisher\":{\"@id\":\"https:\/\/www.pressenza.com\/it\/#organization\"},\"potentialAction\":[{\"@type\":\"SearchAction\",\"target\":{\"@type\":\"EntryPoint\",\"urlTemplate\":\"https:\/\/www.pressenza.com\/it\/?s={search_term_string}\"},\"query-input\":{\"@type\":\"PropertyValueSpecification\",\"valueRequired\":true,\"valueName\":\"search_term_string\"}}],\"inLanguage\":\"it-IT\"},{\"@type\":\"Organization\",\"@id\":\"https:\/\/www.pressenza.com\/it\/#organization\",\"name\":\"Pressenza\",\"url\":\"https:\/\/www.pressenza.com\/it\/\",\"logo\":{\"@type\":\"ImageObject\",\"inLanguage\":\"it-IT\",\"@id\":\"https:\/\/www.pressenza.com\/it\/#\/schema\/logo\/image\/\",\"url\":\"https:\/\/www.pressenza.com\/wp-content\/uploads\/2022\/10\/pressenza_logo_200x200.jpg\",\"contentUrl\":\"https:\/\/www.pressenza.com\/wp-content\/uploads\/2022\/10\/pressenza_logo_200x200.jpg\",\"width\":200,\"height\":200,\"caption\":\"Pressenza\"},\"image\":{\"@id\":\"https:\/\/www.pressenza.com\/it\/#\/schema\/logo\/image\/\"},\"sameAs\":[\"https:\/\/www.facebook.com\/PressenzaItalia\",\"https:\/\/x.com\/PressenzaIPA\"]},{\"@type\":\"Person\",\"@id\":\"https:\/\/www.pressenza.com\/it\/#\/schema\/person\/b76f7f97bab77661f6c80779f701f592\",\"name\":\"Sistema Critico\",\"description\":\"Sistema Critico \u00e8 un gruppo di studenti universitari che si pone come obiettivo il racconto del reale in modo critico e giovanile, avvicinando le persone alle questioni che il mondo ci pone ogni giorno. Ci muoviamo attraverso la Filosofia, l\u2019Economia, la Societ\u00e0, la Politica, l\u2019Attualit\u00e0, la Storia, allo scopo di sensibilizzare i lettori verso un approccio pi\u00f9 critico ed approfondito sulle tematiche che ci riguardano. Nessun partito, ideologia o affiliazione politica, ma solo la compresenza di tanti ragazzi con storie diverse che condividono un progetto comune: esprimere le idee e diffondere la potenza del pensiero. Il gruppo non opera unicamente online, ma organizza anche eventi pubblici, come gli Speech Cocktail (aperitivi culturali) che hanno visto negli anni un\u2019incredibile partecipazione di giovani di tutta la provincia. Il progetto si propone di fornire input decisivi nella creazione di un pensiero critico, strumento fondamentale di un cittadino che voglia ricoprire un ruolo attivo all\u2019interno della societ\u00e0.\",\"url\":\"https:\/\/www.pressenza.com\/it\/author\/sistema-critico\/\"}]}<\/script>\n<!-- \/ Yoast SEO plugin. -->","yoast_head_json":{"title":"Mali: un nuovo colpo di Stato in un paese tormentato","description":"Il 18 agosto in Mali c\u2019\u00e8 stato un nuovo colpo di Stato. Dopo mesi di proteste e una giornata particolarmente movimentata, un gruppo militare ha arrestato","robots":{"index":"index","follow":"follow","max-snippet":"max-snippet:-1","max-image-preview":"max-image-preview:large","max-video-preview":"max-video-preview:-1"},"canonical":"https:\/\/www.pressenza.com\/it\/2020\/08\/mali-colpo-di-stato\/","og_locale":"it_IT","og_type":"article","og_title":"Mali: un nuovo colpo di Stato in un paese tormentato","og_description":"Il 18 agosto in Mali c\u2019\u00e8 stato un nuovo colpo di Stato. Dopo mesi di proteste e una giornata particolarmente movimentata, un gruppo militare ha arrestato","og_url":"https:\/\/www.pressenza.com\/it\/2020\/08\/mali-colpo-di-stato\/","og_site_name":"Pressenza","article_publisher":"https:\/\/www.facebook.com\/PressenzaItalia","article_published_time":"2020-08-26T19:20:00+00:00","article_modified_time":"2020-08-26T19:23:35+00:00","og_image":[{"width":1747,"height":1043,"url":"https:\/\/www.pressenza.com\/wp-content\/uploads\/2020\/08\/AGOSTO-MALI-sistema-critico.png","type":"image\/png"}],"author":"Sistema Critico","twitter_card":"summary_large_image","twitter_creator":"@PressenzaIPA","twitter_site":"@PressenzaIPA","twitter_misc":{"Scritto da":"Sistema Critico","Tempo di lettura stimato":"8 minuti"},"schema":{"@context":"https:\/\/schema.org","@graph":[{"@type":"Article","@id":"https:\/\/www.pressenza.com\/it\/2020\/08\/mali-colpo-di-stato\/#article","isPartOf":{"@id":"https:\/\/www.pressenza.com\/it\/2020\/08\/mali-colpo-di-stato\/"},"author":{"name":"Sistema Critico","@id":"https:\/\/www.pressenza.com\/it\/#\/schema\/person\/b76f7f97bab77661f6c80779f701f592"},"headline":"Mali: un nuovo colpo di Stato in un paese tormentato","datePublished":"2020-08-26T19:20:00+00:00","dateModified":"2020-08-26T19:23:35+00:00","mainEntityOfPage":{"@id":"https:\/\/www.pressenza.com\/it\/2020\/08\/mali-colpo-di-stato\/"},"wordCount":1534,"publisher":{"@id":"https:\/\/www.pressenza.com\/it\/#organization"},"image":{"@id":"https:\/\/www.pressenza.com\/it\/2020\/08\/mali-colpo-di-stato\/#primaryimage"},"thumbnailUrl":"https:\/\/www.pressenza.com\/wp-content\/uploads\/2020\/08\/AGOSTO-MALI-sistema-critico.png","keywords":["Africa","colpo di stato","Mali"],"articleSection":["Africa","Opinioni","Politica"],"inLanguage":"it-IT"},{"@type":"WebPage","@id":"https:\/\/www.pressenza.com\/it\/2020\/08\/mali-colpo-di-stato\/","url":"https:\/\/www.pressenza.com\/it\/2020\/08\/mali-colpo-di-stato\/","name":"Mali: un nuovo colpo di Stato in un paese tormentato","isPartOf":{"@id":"https:\/\/www.pressenza.com\/it\/#website"},"primaryImageOfPage":{"@id":"https:\/\/www.pressenza.com\/it\/2020\/08\/mali-colpo-di-stato\/#primaryimage"},"image":{"@id":"https:\/\/www.pressenza.com\/it\/2020\/08\/mali-colpo-di-stato\/#primaryimage"},"thumbnailUrl":"https:\/\/www.pressenza.com\/wp-content\/uploads\/2020\/08\/AGOSTO-MALI-sistema-critico.png","datePublished":"2020-08-26T19:20:00+00:00","dateModified":"2020-08-26T19:23:35+00:00","description":"Il 18 agosto in Mali c\u2019\u00e8 stato un nuovo colpo di Stato. Dopo mesi di proteste e una giornata particolarmente movimentata, un gruppo militare ha arrestato","breadcrumb":{"@id":"https:\/\/www.pressenza.com\/it\/2020\/08\/mali-colpo-di-stato\/#breadcrumb"},"inLanguage":"it-IT","potentialAction":[{"@type":"ReadAction","target":["https:\/\/www.pressenza.com\/it\/2020\/08\/mali-colpo-di-stato\/"]}]},{"@type":"ImageObject","inLanguage":"it-IT","@id":"https:\/\/www.pressenza.com\/it\/2020\/08\/mali-colpo-di-stato\/#primaryimage","url":"https:\/\/www.pressenza.com\/wp-content\/uploads\/2020\/08\/AGOSTO-MALI-sistema-critico.png","contentUrl":"https:\/\/www.pressenza.com\/wp-content\/uploads\/2020\/08\/AGOSTO-MALI-sistema-critico.png","width":1747,"height":1043},{"@type":"BreadcrumbList","@id":"https:\/\/www.pressenza.com\/it\/2020\/08\/mali-colpo-di-stato\/#breadcrumb","itemListElement":[{"@type":"ListItem","position":1,"name":"Accueil","item":"https:\/\/www.pressenza.com\/it\/"},{"@type":"ListItem","position":2,"name":"Mali: un nuovo colpo di Stato in un paese tormentato"}]},{"@type":"WebSite","@id":"https:\/\/www.pressenza.com\/it\/#website","url":"https:\/\/www.pressenza.com\/it\/","name":"Pressenza","description":"Agenzia di Stampa Internazionale","publisher":{"@id":"https:\/\/www.pressenza.com\/it\/#organization"},"potentialAction":[{"@type":"SearchAction","target":{"@type":"EntryPoint","urlTemplate":"https:\/\/www.pressenza.com\/it\/?s={search_term_string}"},"query-input":{"@type":"PropertyValueSpecification","valueRequired":true,"valueName":"search_term_string"}}],"inLanguage":"it-IT"},{"@type":"Organization","@id":"https:\/\/www.pressenza.com\/it\/#organization","name":"Pressenza","url":"https:\/\/www.pressenza.com\/it\/","logo":{"@type":"ImageObject","inLanguage":"it-IT","@id":"https:\/\/www.pressenza.com\/it\/#\/schema\/logo\/image\/","url":"https:\/\/www.pressenza.com\/wp-content\/uploads\/2022\/10\/pressenza_logo_200x200.jpg","contentUrl":"https:\/\/www.pressenza.com\/wp-content\/uploads\/2022\/10\/pressenza_logo_200x200.jpg","width":200,"height":200,"caption":"Pressenza"},"image":{"@id":"https:\/\/www.pressenza.com\/it\/#\/schema\/logo\/image\/"},"sameAs":["https:\/\/www.facebook.com\/PressenzaItalia","https:\/\/x.com\/PressenzaIPA"]},{"@type":"Person","@id":"https:\/\/www.pressenza.com\/it\/#\/schema\/person\/b76f7f97bab77661f6c80779f701f592","name":"Sistema Critico","description":"Sistema Critico \u00e8 un gruppo di studenti universitari che si pone come obiettivo il racconto del reale in modo critico e giovanile, avvicinando le persone alle questioni che il mondo ci pone ogni giorno. Ci muoviamo attraverso la Filosofia, l\u2019Economia, la Societ\u00e0, la Politica, l\u2019Attualit\u00e0, la Storia, allo scopo di sensibilizzare i lettori verso un approccio pi\u00f9 critico ed approfondito sulle tematiche che ci riguardano. Nessun partito, ideologia o affiliazione politica, ma solo la compresenza di tanti ragazzi con storie diverse che condividono un progetto comune: esprimere le idee e diffondere la potenza del pensiero. Il gruppo non opera unicamente online, ma organizza anche eventi pubblici, come gli Speech Cocktail (aperitivi culturali) che hanno visto negli anni un\u2019incredibile partecipazione di giovani di tutta la provincia. Il progetto si propone di fornire input decisivi nella creazione di un pensiero critico, strumento fondamentale di un cittadino che voglia ricoprire un ruolo attivo all\u2019interno della societ\u00e0.","url":"https:\/\/www.pressenza.com\/it\/author\/sistema-critico\/"}]}},"place":"","original_article_url":"https:\/\/www.sistemacritico.it\/2020\/08\/26\/mali-un-nuovo-colpo-di-stato-in-un-paese-tormentato\/","_links":{"self":[{"href":"https:\/\/www.pressenza.com\/it\/wp-json\/wp\/v2\/posts\/1185285","targetHints":{"allow":["GET"]}}],"collection":[{"href":"https:\/\/www.pressenza.com\/it\/wp-json\/wp\/v2\/posts"}],"about":[{"href":"https:\/\/www.pressenza.com\/it\/wp-json\/wp\/v2\/types\/post"}],"author":[{"embeddable":true,"href":"https:\/\/www.pressenza.com\/it\/wp-json\/wp\/v2\/users\/1882"}],"replies":[{"embeddable":true,"href":"https:\/\/www.pressenza.com\/it\/wp-json\/wp\/v2\/comments?post=1185285"}],"version-history":[{"count":0,"href":"https:\/\/www.pressenza.com\/it\/wp-json\/wp\/v2\/posts\/1185285\/revisions"}],"wp:featuredmedia":[{"embeddable":true,"href":"https:\/\/www.pressenza.com\/it\/wp-json\/wp\/v2\/media\/1185286"}],"wp:attachment":[{"href":"https:\/\/www.pressenza.com\/it\/wp-json\/wp\/v2\/media?parent=1185285"}],"wp:term":[{"taxonomy":"category","embeddable":true,"href":"https:\/\/www.pressenza.com\/it\/wp-json\/wp\/v2\/categories?post=1185285"},{"taxonomy":"post_tag","embeddable":true,"href":"https:\/\/www.pressenza.com\/it\/wp-json\/wp\/v2\/tags?post=1185285"}],"curies":[{"name":"wp","href":"https:\/\/api.w.org\/{rel}","templated":true}]}}