{"id":1180403,"date":"2020-08-17T15:24:08","date_gmt":"2020-08-17T14:24:08","guid":{"rendered":"https:\/\/www.pressenza.com\/?p=1180403"},"modified":"2020-08-17T15:40:27","modified_gmt":"2020-08-17T14:40:27","slug":"israele-rilascia-il-coordinatore-del-movimento-bds-nei-territori-palestinesi-occupati","status":"publish","type":"post","link":"https:\/\/www.pressenza.com\/it\/2020\/08\/israele-rilascia-il-coordinatore-del-movimento-bds-nei-territori-palestinesi-occupati\/","title":{"rendered":"Israele rilascia il coordinatore del movimento Bds nei Territori palestinesi occupati"},"content":{"rendered":"<div>Mahmood Nawajaa, 34 anni, difensore dei diritti umani e coordinatore del movimento Boicottaggio, disinvestimento e sanzioni (Bds) nei Territori palestinesi occupati, \u00e8 stato rilasciato il 17 agosto.<\/div>\n<div><\/div>\n<div>Era stato arrestato il 30 luglio. Intorno alle 3.30 di notte le forze israeliane avevano fatto irruzione nella sua abitazione nella citt\u00e0 di Ramallah, portandolo via senza mostrare alcun mandato d&#8217;arresto n\u00e9 spiegare perch\u00e9 lo stessero arrestando.<\/div>\n<div><\/div>\n<div>Nawajaa era poi stato consegnato alla prigione di Kishon, conosciuta anche come al-Jalama, nella citt\u00e0 di Haifa, in violazione del diritto internazionale umanitario, che vieta il trasferimento di detenuti da un territorio occupato a quello della potenza occupante.<\/div>\n<div><\/div>\n<div>La sua detenzione era stata rinnovata il 2 e il 9 agosto.<\/div>\n<div><\/div>\n<div>Amnesty International aveva dichiarato Nawajaa prigioniero di coscienza, ossia detenuto solo per aver esercitato i suoi diritti alla libert\u00e0 di espressione e di associazione, e aveva lanciato un appello alle autorit\u00e0 israeliane affinch\u00e9 fosse scarcerato.<\/div>\n<div><\/div>\n<div>Nawajaa lavora per il Bds dal 2014. Il movimento \u00e8 nato nel 2005 con l&#8217;obiettivo di &#8220;porre fine al sostegno internazionale all&#8217;oppressione israeliana dei palestinesi&#8221; attraverso metodi non violenti. Da allora ha lanciato molte campagne per chiedere agli attori globali di premere su Israele perch\u00e9 rispetti i suoi obblighi internazionali. La pi\u00f9 recente chiede sanzioni mirate come reazione al piano israeliano di annettere ulteriori territori della Cisgiordania occupata, un&#8217;altra violazione del diritto internazionale dopo decenni di sistematiche violazioni dei diritti umani dei palestinesi.<\/div>\n<p>&nbsp;<\/p>\n","protected":false},"excerpt":{"rendered":"<p>Mahmood Nawajaa, 34 anni, difensore dei diritti umani e coordinatore del movimento Boicottaggio, disinvestimento e sanzioni (Bds) nei Territori palestinesi occupati, \u00e8 stato rilasciato il 17 agosto. Era stato arrestato il 30 luglio. Intorno alle 3.30 di notte le forze&hellip;<\/p>\n","protected":false},"author":1334,"featured_media":1176780,"comment_status":"closed","ping_status":"closed","sticky":false,"template":"","format":"standard","meta":{"footnotes":""},"categories":[11388,60,52],"tags":[1120,11079,778,80036],"class_list":["post-1180403","post","type-post","status-publish","format-standard","has-post-thumbnail","hentry","category-contenuti-originali","category-diritti-umani","category-medio-oriente","tag-amnesty-international-2","tag-bds","tag-israele","tag-mahmood-nawajaa"],"yoast_head":"<!-- This site is optimized with the Yoast SEO plugin v27.1.1 - https:\/\/yoast.com\/product\/yoast-seo-wordpress\/ -->\n<title>Israele rilascia il coordinatore del movimento Bds nei Territori palestinesi occupati<\/title>\n<meta name=\"description\" content=\"Mahmood Nawajaa, 34 anni, difensore dei diritti umani e coordinatore del movimento Boicottaggio, disinvestimento e sanzioni (Bds) nei Territori\" \/>\n<meta name=\"robots\" content=\"index, follow, max-snippet:-1, max-image-preview:large, max-video-preview:-1\" \/>\n<link rel=\"canonical\" href=\"https:\/\/www.pressenza.com\/it\/2020\/08\/israele-rilascia-il-coordinatore-del-movimento-bds-nei-territori-palestinesi-occupati\/\" \/>\n<meta property=\"og:locale\" content=\"it_IT\" \/>\n<meta property=\"og:type\" content=\"article\" \/>\n<meta property=\"og:title\" content=\"Israele rilascia il coordinatore del movimento Bds nei Territori palestinesi occupati\" \/>\n<meta property=\"og:description\" content=\"Mahmood Nawajaa, 34 anni, difensore dei diritti umani e coordinatore del movimento Boicottaggio, disinvestimento e sanzioni (Bds) nei Territori\" \/>\n<meta property=\"og:url\" content=\"https:\/\/www.pressenza.com\/it\/2020\/08\/israele-rilascia-il-coordinatore-del-movimento-bds-nei-territori-palestinesi-occupati\/\" \/>\n<meta property=\"og:site_name\" content=\"Pressenza\" \/>\n<meta property=\"article:publisher\" content=\"https:\/\/www.facebook.com\/PressenzaItalia\" \/>\n<meta property=\"article:author\" content=\"https:\/\/www.facebook.com\/p\/Riccardo-Noury-100041166531808\/\" \/>\n<meta property=\"article:published_time\" content=\"2020-08-17T14:24:08+00:00\" \/>\n<meta property=\"article:modified_time\" content=\"2020-08-17T14:40:27+00:00\" \/>\n<meta property=\"og:image\" content=\"https:\/\/www.pressenza.com\/wp-content\/uploads\/2020\/08\/Mahmood-Nawajaa-bds.jpg\" \/>\n\t<meta property=\"og:image:width\" content=\"1920\" \/>\n\t<meta property=\"og:image:height\" content=\"700\" \/>\n\t<meta property=\"og:image:type\" content=\"image\/jpeg\" \/>\n<meta name=\"author\" content=\"Riccardo Noury\" \/>\n<meta name=\"twitter:card\" content=\"summary_large_image\" \/>\n<meta name=\"twitter:creator\" content=\"@riccardonoury\" \/>\n<meta name=\"twitter:site\" content=\"@PressenzaIPA\" \/>\n<meta name=\"twitter:label1\" content=\"Scritto da\" \/>\n\t<meta name=\"twitter:data1\" content=\"Riccardo Noury\" \/>\n\t<meta name=\"twitter:label2\" content=\"Tempo di lettura stimato\" \/>\n\t<meta name=\"twitter:data2\" content=\"1 minuto\" \/>\n<script type=\"application\/ld+json\" class=\"yoast-schema-graph\">{\"@context\":\"https:\/\/schema.org\",\"@graph\":[{\"@type\":\"Article\",\"@id\":\"https:\/\/www.pressenza.com\/it\/2020\/08\/israele-rilascia-il-coordinatore-del-movimento-bds-nei-territori-palestinesi-occupati\/#article\",\"isPartOf\":{\"@id\":\"https:\/\/www.pressenza.com\/it\/2020\/08\/israele-rilascia-il-coordinatore-del-movimento-bds-nei-territori-palestinesi-occupati\/\"},\"author\":{\"name\":\"Riccardo Noury\",\"@id\":\"https:\/\/www.pressenza.com\/it\/#\/schema\/person\/8f342cd59f9d5aae911255240684f81e\"},\"headline\":\"Israele rilascia il coordinatore del movimento Bds nei Territori palestinesi occupati\",\"datePublished\":\"2020-08-17T14:24:08+00:00\",\"dateModified\":\"2020-08-17T14:40:27+00:00\",\"mainEntityOfPage\":{\"@id\":\"https:\/\/www.pressenza.com\/it\/2020\/08\/israele-rilascia-il-coordinatore-del-movimento-bds-nei-territori-palestinesi-occupati\/\"},\"wordCount\":238,\"publisher\":{\"@id\":\"https:\/\/www.pressenza.com\/it\/#organization\"},\"image\":{\"@id\":\"https:\/\/www.pressenza.com\/it\/2020\/08\/israele-rilascia-il-coordinatore-del-movimento-bds-nei-territori-palestinesi-occupati\/#primaryimage\"},\"thumbnailUrl\":\"https:\/\/www.pressenza.com\/wp-content\/uploads\/2020\/08\/Mahmood-Nawajaa-bds.jpg\",\"keywords\":[\"Amnesty International\",\"BDS\",\"Israele\",\"Mahmood Nawajaa\"],\"articleSection\":[\"contenuti originali\",\"Diritti Umani\",\"Medio Oriente\"],\"inLanguage\":\"it-IT\"},{\"@type\":\"WebPage\",\"@id\":\"https:\/\/www.pressenza.com\/it\/2020\/08\/israele-rilascia-il-coordinatore-del-movimento-bds-nei-territori-palestinesi-occupati\/\",\"url\":\"https:\/\/www.pressenza.com\/it\/2020\/08\/israele-rilascia-il-coordinatore-del-movimento-bds-nei-territori-palestinesi-occupati\/\",\"name\":\"Israele rilascia il coordinatore del movimento Bds nei Territori palestinesi occupati\",\"isPartOf\":{\"@id\":\"https:\/\/www.pressenza.com\/it\/#website\"},\"primaryImageOfPage\":{\"@id\":\"https:\/\/www.pressenza.com\/it\/2020\/08\/israele-rilascia-il-coordinatore-del-movimento-bds-nei-territori-palestinesi-occupati\/#primaryimage\"},\"image\":{\"@id\":\"https:\/\/www.pressenza.com\/it\/2020\/08\/israele-rilascia-il-coordinatore-del-movimento-bds-nei-territori-palestinesi-occupati\/#primaryimage\"},\"thumbnailUrl\":\"https:\/\/www.pressenza.com\/wp-content\/uploads\/2020\/08\/Mahmood-Nawajaa-bds.jpg\",\"datePublished\":\"2020-08-17T14:24:08+00:00\",\"dateModified\":\"2020-08-17T14:40:27+00:00\",\"description\":\"Mahmood Nawajaa, 34 anni, difensore dei diritti umani e coordinatore del movimento Boicottaggio, disinvestimento e sanzioni (Bds) nei Territori\",\"breadcrumb\":{\"@id\":\"https:\/\/www.pressenza.com\/it\/2020\/08\/israele-rilascia-il-coordinatore-del-movimento-bds-nei-territori-palestinesi-occupati\/#breadcrumb\"},\"inLanguage\":\"it-IT\",\"potentialAction\":[{\"@type\":\"ReadAction\",\"target\":[\"https:\/\/www.pressenza.com\/it\/2020\/08\/israele-rilascia-il-coordinatore-del-movimento-bds-nei-territori-palestinesi-occupati\/\"]}]},{\"@type\":\"ImageObject\",\"inLanguage\":\"it-IT\",\"@id\":\"https:\/\/www.pressenza.com\/it\/2020\/08\/israele-rilascia-il-coordinatore-del-movimento-bds-nei-territori-palestinesi-occupati\/#primaryimage\",\"url\":\"https:\/\/www.pressenza.com\/wp-content\/uploads\/2020\/08\/Mahmood-Nawajaa-bds.jpg\",\"contentUrl\":\"https:\/\/www.pressenza.com\/wp-content\/uploads\/2020\/08\/Mahmood-Nawajaa-bds.jpg\",\"width\":1920,\"height\":700},{\"@type\":\"BreadcrumbList\",\"@id\":\"https:\/\/www.pressenza.com\/it\/2020\/08\/israele-rilascia-il-coordinatore-del-movimento-bds-nei-territori-palestinesi-occupati\/#breadcrumb\",\"itemListElement\":[{\"@type\":\"ListItem\",\"position\":1,\"name\":\"Accueil\",\"item\":\"https:\/\/www.pressenza.com\/it\/\"},{\"@type\":\"ListItem\",\"position\":2,\"name\":\"Israele rilascia il coordinatore del movimento Bds nei Territori palestinesi occupati\"}]},{\"@type\":\"WebSite\",\"@id\":\"https:\/\/www.pressenza.com\/it\/#website\",\"url\":\"https:\/\/www.pressenza.com\/it\/\",\"name\":\"Pressenza\",\"description\":\"Agenzia di Stampa Internazionale\",\"publisher\":{\"@id\":\"https:\/\/www.pressenza.com\/it\/#organization\"},\"potentialAction\":[{\"@type\":\"SearchAction\",\"target\":{\"@type\":\"EntryPoint\",\"urlTemplate\":\"https:\/\/www.pressenza.com\/it\/?s={search_term_string}\"},\"query-input\":{\"@type\":\"PropertyValueSpecification\",\"valueRequired\":true,\"valueName\":\"search_term_string\"}}],\"inLanguage\":\"it-IT\"},{\"@type\":\"Organization\",\"@id\":\"https:\/\/www.pressenza.com\/it\/#organization\",\"name\":\"Pressenza\",\"url\":\"https:\/\/www.pressenza.com\/it\/\",\"logo\":{\"@type\":\"ImageObject\",\"inLanguage\":\"it-IT\",\"@id\":\"https:\/\/www.pressenza.com\/it\/#\/schema\/logo\/image\/\",\"url\":\"https:\/\/www.pressenza.com\/wp-content\/uploads\/2022\/10\/pressenza_logo_200x200.jpg\",\"contentUrl\":\"https:\/\/www.pressenza.com\/wp-content\/uploads\/2022\/10\/pressenza_logo_200x200.jpg\",\"width\":200,\"height\":200,\"caption\":\"Pressenza\"},\"image\":{\"@id\":\"https:\/\/www.pressenza.com\/it\/#\/schema\/logo\/image\/\"},\"sameAs\":[\"https:\/\/www.facebook.com\/PressenzaItalia\",\"https:\/\/x.com\/PressenzaIPA\"]},{\"@type\":\"Person\",\"@id\":\"https:\/\/www.pressenza.com\/it\/#\/schema\/person\/8f342cd59f9d5aae911255240684f81e\",\"name\":\"Riccardo Noury\",\"sameAs\":[\"http:\/\/www.amnesty.it\/\",\"https:\/\/www.facebook.com\/p\/Riccardo-Noury-100041166531808\/\",\"https:\/\/www.instagram.com\/riccardonoury9241\",\"https:\/\/x.com\/riccardonoury\"],\"url\":\"https:\/\/www.pressenza.com\/it\/author\/riccardo-noury\/\"}]}<\/script>\n<!-- \/ Yoast SEO plugin. -->","yoast_head_json":{"title":"Israele rilascia il coordinatore del movimento Bds nei Territori palestinesi occupati","description":"Mahmood Nawajaa, 34 anni, difensore dei diritti umani e coordinatore del movimento Boicottaggio, disinvestimento e sanzioni (Bds) nei Territori","robots":{"index":"index","follow":"follow","max-snippet":"max-snippet:-1","max-image-preview":"max-image-preview:large","max-video-preview":"max-video-preview:-1"},"canonical":"https:\/\/www.pressenza.com\/it\/2020\/08\/israele-rilascia-il-coordinatore-del-movimento-bds-nei-territori-palestinesi-occupati\/","og_locale":"it_IT","og_type":"article","og_title":"Israele rilascia il coordinatore del movimento Bds nei Territori palestinesi occupati","og_description":"Mahmood Nawajaa, 34 anni, difensore dei diritti umani e coordinatore del movimento Boicottaggio, disinvestimento e sanzioni (Bds) nei Territori","og_url":"https:\/\/www.pressenza.com\/it\/2020\/08\/israele-rilascia-il-coordinatore-del-movimento-bds-nei-territori-palestinesi-occupati\/","og_site_name":"Pressenza","article_publisher":"https:\/\/www.facebook.com\/PressenzaItalia","article_author":"https:\/\/www.facebook.com\/p\/Riccardo-Noury-100041166531808\/","article_published_time":"2020-08-17T14:24:08+00:00","article_modified_time":"2020-08-17T14:40:27+00:00","og_image":[{"width":1920,"height":700,"url":"https:\/\/www.pressenza.com\/wp-content\/uploads\/2020\/08\/Mahmood-Nawajaa-bds.jpg","type":"image\/jpeg"}],"author":"Riccardo Noury","twitter_card":"summary_large_image","twitter_creator":"@riccardonoury","twitter_site":"@PressenzaIPA","twitter_misc":{"Scritto da":"Riccardo Noury","Tempo di lettura stimato":"1 minuto"},"schema":{"@context":"https:\/\/schema.org","@graph":[{"@type":"Article","@id":"https:\/\/www.pressenza.com\/it\/2020\/08\/israele-rilascia-il-coordinatore-del-movimento-bds-nei-territori-palestinesi-occupati\/#article","isPartOf":{"@id":"https:\/\/www.pressenza.com\/it\/2020\/08\/israele-rilascia-il-coordinatore-del-movimento-bds-nei-territori-palestinesi-occupati\/"},"author":{"name":"Riccardo Noury","@id":"https:\/\/www.pressenza.com\/it\/#\/schema\/person\/8f342cd59f9d5aae911255240684f81e"},"headline":"Israele rilascia il coordinatore del movimento Bds nei Territori palestinesi occupati","datePublished":"2020-08-17T14:24:08+00:00","dateModified":"2020-08-17T14:40:27+00:00","mainEntityOfPage":{"@id":"https:\/\/www.pressenza.com\/it\/2020\/08\/israele-rilascia-il-coordinatore-del-movimento-bds-nei-territori-palestinesi-occupati\/"},"wordCount":238,"publisher":{"@id":"https:\/\/www.pressenza.com\/it\/#organization"},"image":{"@id":"https:\/\/www.pressenza.com\/it\/2020\/08\/israele-rilascia-il-coordinatore-del-movimento-bds-nei-territori-palestinesi-occupati\/#primaryimage"},"thumbnailUrl":"https:\/\/www.pressenza.com\/wp-content\/uploads\/2020\/08\/Mahmood-Nawajaa-bds.jpg","keywords":["Amnesty International","BDS","Israele","Mahmood Nawajaa"],"articleSection":["contenuti originali","Diritti Umani","Medio Oriente"],"inLanguage":"it-IT"},{"@type":"WebPage","@id":"https:\/\/www.pressenza.com\/it\/2020\/08\/israele-rilascia-il-coordinatore-del-movimento-bds-nei-territori-palestinesi-occupati\/","url":"https:\/\/www.pressenza.com\/it\/2020\/08\/israele-rilascia-il-coordinatore-del-movimento-bds-nei-territori-palestinesi-occupati\/","name":"Israele rilascia il coordinatore del movimento Bds nei Territori palestinesi occupati","isPartOf":{"@id":"https:\/\/www.pressenza.com\/it\/#website"},"primaryImageOfPage":{"@id":"https:\/\/www.pressenza.com\/it\/2020\/08\/israele-rilascia-il-coordinatore-del-movimento-bds-nei-territori-palestinesi-occupati\/#primaryimage"},"image":{"@id":"https:\/\/www.pressenza.com\/it\/2020\/08\/israele-rilascia-il-coordinatore-del-movimento-bds-nei-territori-palestinesi-occupati\/#primaryimage"},"thumbnailUrl":"https:\/\/www.pressenza.com\/wp-content\/uploads\/2020\/08\/Mahmood-Nawajaa-bds.jpg","datePublished":"2020-08-17T14:24:08+00:00","dateModified":"2020-08-17T14:40:27+00:00","description":"Mahmood Nawajaa, 34 anni, difensore dei diritti umani e coordinatore del movimento Boicottaggio, disinvestimento e sanzioni (Bds) nei Territori","breadcrumb":{"@id":"https:\/\/www.pressenza.com\/it\/2020\/08\/israele-rilascia-il-coordinatore-del-movimento-bds-nei-territori-palestinesi-occupati\/#breadcrumb"},"inLanguage":"it-IT","potentialAction":[{"@type":"ReadAction","target":["https:\/\/www.pressenza.com\/it\/2020\/08\/israele-rilascia-il-coordinatore-del-movimento-bds-nei-territori-palestinesi-occupati\/"]}]},{"@type":"ImageObject","inLanguage":"it-IT","@id":"https:\/\/www.pressenza.com\/it\/2020\/08\/israele-rilascia-il-coordinatore-del-movimento-bds-nei-territori-palestinesi-occupati\/#primaryimage","url":"https:\/\/www.pressenza.com\/wp-content\/uploads\/2020\/08\/Mahmood-Nawajaa-bds.jpg","contentUrl":"https:\/\/www.pressenza.com\/wp-content\/uploads\/2020\/08\/Mahmood-Nawajaa-bds.jpg","width":1920,"height":700},{"@type":"BreadcrumbList","@id":"https:\/\/www.pressenza.com\/it\/2020\/08\/israele-rilascia-il-coordinatore-del-movimento-bds-nei-territori-palestinesi-occupati\/#breadcrumb","itemListElement":[{"@type":"ListItem","position":1,"name":"Accueil","item":"https:\/\/www.pressenza.com\/it\/"},{"@type":"ListItem","position":2,"name":"Israele rilascia il coordinatore del movimento Bds nei Territori palestinesi occupati"}]},{"@type":"WebSite","@id":"https:\/\/www.pressenza.com\/it\/#website","url":"https:\/\/www.pressenza.com\/it\/","name":"Pressenza","description":"Agenzia di Stampa Internazionale","publisher":{"@id":"https:\/\/www.pressenza.com\/it\/#organization"},"potentialAction":[{"@type":"SearchAction","target":{"@type":"EntryPoint","urlTemplate":"https:\/\/www.pressenza.com\/it\/?s={search_term_string}"},"query-input":{"@type":"PropertyValueSpecification","valueRequired":true,"valueName":"search_term_string"}}],"inLanguage":"it-IT"},{"@type":"Organization","@id":"https:\/\/www.pressenza.com\/it\/#organization","name":"Pressenza","url":"https:\/\/www.pressenza.com\/it\/","logo":{"@type":"ImageObject","inLanguage":"it-IT","@id":"https:\/\/www.pressenza.com\/it\/#\/schema\/logo\/image\/","url":"https:\/\/www.pressenza.com\/wp-content\/uploads\/2022\/10\/pressenza_logo_200x200.jpg","contentUrl":"https:\/\/www.pressenza.com\/wp-content\/uploads\/2022\/10\/pressenza_logo_200x200.jpg","width":200,"height":200,"caption":"Pressenza"},"image":{"@id":"https:\/\/www.pressenza.com\/it\/#\/schema\/logo\/image\/"},"sameAs":["https:\/\/www.facebook.com\/PressenzaItalia","https:\/\/x.com\/PressenzaIPA"]},{"@type":"Person","@id":"https:\/\/www.pressenza.com\/it\/#\/schema\/person\/8f342cd59f9d5aae911255240684f81e","name":"Riccardo Noury","sameAs":["http:\/\/www.amnesty.it\/","https:\/\/www.facebook.com\/p\/Riccardo-Noury-100041166531808\/","https:\/\/www.instagram.com\/riccardonoury9241","https:\/\/x.com\/riccardonoury"],"url":"https:\/\/www.pressenza.com\/it\/author\/riccardo-noury\/"}]}},"place":"","original_article_url":"","_links":{"self":[{"href":"https:\/\/www.pressenza.com\/it\/wp-json\/wp\/v2\/posts\/1180403","targetHints":{"allow":["GET"]}}],"collection":[{"href":"https:\/\/www.pressenza.com\/it\/wp-json\/wp\/v2\/posts"}],"about":[{"href":"https:\/\/www.pressenza.com\/it\/wp-json\/wp\/v2\/types\/post"}],"author":[{"embeddable":true,"href":"https:\/\/www.pressenza.com\/it\/wp-json\/wp\/v2\/users\/1334"}],"replies":[{"embeddable":true,"href":"https:\/\/www.pressenza.com\/it\/wp-json\/wp\/v2\/comments?post=1180403"}],"version-history":[{"count":0,"href":"https:\/\/www.pressenza.com\/it\/wp-json\/wp\/v2\/posts\/1180403\/revisions"}],"wp:featuredmedia":[{"embeddable":true,"href":"https:\/\/www.pressenza.com\/it\/wp-json\/wp\/v2\/media\/1176780"}],"wp:attachment":[{"href":"https:\/\/www.pressenza.com\/it\/wp-json\/wp\/v2\/media?parent=1180403"}],"wp:term":[{"taxonomy":"category","embeddable":true,"href":"https:\/\/www.pressenza.com\/it\/wp-json\/wp\/v2\/categories?post=1180403"},{"taxonomy":"post_tag","embeddable":true,"href":"https:\/\/www.pressenza.com\/it\/wp-json\/wp\/v2\/tags?post=1180403"}],"curies":[{"name":"wp","href":"https:\/\/api.w.org\/{rel}","templated":true}]}}