{"id":1180388,"date":"2020-08-17T15:11:38","date_gmt":"2020-08-17T14:11:38","guid":{"rendered":"https:\/\/www.pressenza.com\/?p=1180388"},"modified":"2020-08-17T15:11:38","modified_gmt":"2020-08-17T14:11:38","slug":"comunicato-congiunto-del-partito-dei-verdi-turco-e-del-partito-dei-verdi-greco-sulle-recenti-tensioni-nel-mediterraneo-orientale","status":"publish","type":"post","link":"https:\/\/www.pressenza.com\/it\/2020\/08\/comunicato-congiunto-del-partito-dei-verdi-turco-e-del-partito-dei-verdi-greco-sulle-recenti-tensioni-nel-mediterraneo-orientale\/","title":{"rendered":"Comunicato congiunto del partito dei verdi turco e del partito dei verdi greco sulle recenti tensioni nel Mediterraneo orientale"},"content":{"rendered":"<p>\u201cNoi, verdi in Grecia e in Turchia, siamo fortemente turbati dalle attuali tensioni crescenti nel Mediterraneo orientale.<\/p>\n<p>Nell\u2019era della crisi climatica, l\u2019aggressiva ricerca di fonti di combustibili fossili non pu\u00f2 pi\u00f9 rappresentare una misura accettabile in materia di politica estera: le riserve di petrolio e di gas gi\u00e0 sfruttate sono pi\u00f9 che sufficienti per distruggere completamente il nostro pianeta. Per entrambe le nostre nazioni ora la vera sfida consiste nell&#8217;abbandonare radicalmente e con successo tutte le applicazioni dei combustibili fossili, iniziando con degli immediati veti nazionali su tutti i progetti dediti all\u2019individuazione di nuovi possibili filoni.<\/p>\n<p>Anche la prosperit\u00e0 e la sicurezza reciproca sono in pericolo. Nel Mediterraneo orientale si sta riconfermando purtroppo in questi ultimi giorni quanto tutti sanno, ovvero che i progetti petroliferi portano con s\u00e9 tensioni militari e minacce alla pace. Sia la Grecia che la Turchia hanno attraversato delle dolorose crisi economiche nel corso degli ultimi decenni, e nessuna delle due nazioni pu\u00f2 davvero permettersi un conflitto militare o una lunga corsa alle armi. La pace e la collaborazione sono pi\u00f9 importanti che mai, visto che nessun paese pu\u00f2 difendersi efficacemente da solo nella lotta al cambiamento climatico o al COVID.<\/p>\n<p>Per noi verdi gli ecosistemi marittimi, incluso il fondale marino, sono dei beni comuni da salvaguardare. Le ZEE, le zone economiche esclusive, rappresentano approcci altamente antropocentrici, nazionalisti e materialistici. Chiediamo sia alla Grecia che alla Turchia di rinunciare alle loro mire in materia di ZEE, per lo meno nel Mediterraneo orientale. In ogni caso, per disporre di un ulteriore strumento di prevenzione delle tensioni militari, siamo aperti anche alla possibilit\u00e0 di creare delle ZEE ben delimitate, i cui confini vengano negoziati pacificamente. Se tale obiettivo dovesse rivelarsi impossibile da raggiungere ai sensi del diritto internazionale, accetteremo delle ZEE aperte solo per un uso sostenibile e controllato.<\/p>\n<p>Noi, verdi di Grecia e Turchia, sollecitiamo sia i nostri governi, sia quelli di Cipro, Israele ed Egitto a interrompere immediatamente ogni ricerca di riserve di gas o petrolio nel mar Mediterraneo orientale, richiesta che si configura sia come misura di costruzione della pace che come sforzo minimo per la sostenibilit\u00e0 e la lotta al cambiamento climatico. Con l\u2019accordo di Berna del 1976, si \u00e8 creato un precedente che ha portato a un blocco permanente di tutte le esplorazioni di gas e di petrolio nelle acque internazionali del Mare Egeo. Esso pu\u00f2 costituire un buon esempio da seguire ancora oggi. Nessuna misura per la ricerca e l\u2019estrazione di combustibili fossili: questa dovrebbe essere la regola.<\/p>\n<p><a name=\"_GoBack\"><\/a>I rapporti tra la Grecia e la Turchia dovrebbero tornare cos\u00ec com\u2019erano all\u2019inizio del secolo e ai tempi del processo di annessione all\u2019UE della Turchia, quando entrambe le nazioni erano pi\u00f9 o meno d\u2019accordo sul percorso da seguire per superare pacificamente le proprie divergenze. Il nazionalismo non \u00e8 mai lungimirante ed \u00e8 un vicolo cieco per ogni societ\u00e0, sebbene spesso si riveli un affascinante mezzo di potere per i governi nazionalisti\u201d.<\/p>\n<p><b>Greens, Greece \u2013 Ye\u015filler Meclisi<\/b><\/p>\n<p>&nbsp;<\/p>\n<p><em>Traduzione dall&#8217;inglese di Emanuele Tranchetti. Revisione: Silvia Nocera<\/em><\/p>\n","protected":false},"excerpt":{"rendered":"<p>\u201cNoi, verdi in Grecia e in Turchia, siamo fortemente turbati dalle attuali tensioni crescenti nel Mediterraneo orientale. Nell\u2019era della crisi climatica, l\u2019aggressiva ricerca di fonti di combustibili fossili non pu\u00f2 pi\u00f9 rappresentare una misura accettabile in materia di politica estera:&hellip;<\/p>\n","protected":false},"author":1220,"featured_media":1180316,"comment_status":"closed","ping_status":"closed","sticky":false,"template":"","format":"standard","meta":{"footnotes":""},"categories":[150,59,55],"tags":[5357,10016,80300,1174,3450,15974,294,3769,80299,1100,80301],"class_list":["post-1180388","post","type-post","status-publish","format-standard","has-post-thumbnail","hentry","category-comunicati-stampa","category-ambiente-ecologia","category-politica","tag-ankara-it","tag-atene","tag-estrazione-di-petrolio","tag-grecia","tag-miniere","tag-nazionalismo","tag-pace","tag-petrolio","tag-tensioni-nellegeo","tag-turchia","tag-zee"],"yoast_head":"<!-- This site is optimized with the Yoast SEO plugin v27.1.1 - https:\/\/yoast.com\/product\/yoast-seo-wordpress\/ -->\n<title>Comunicato congiunto del partito dei verdi turco e del partito dei verdi greco sulle recenti tensioni nel Mediterraneo orientale<\/title>\n<meta name=\"description\" content=\"\u201cNoi, verdi in Grecia e in Turchia, siamo fortemente turbati dalle attuali tensioni crescenti nel Mediterraneo orientale. Nell\u2019era della crisi climatica,\" \/>\n<meta name=\"robots\" content=\"index, follow, max-snippet:-1, max-image-preview:large, max-video-preview:-1\" \/>\n<link rel=\"canonical\" href=\"https:\/\/www.pressenza.com\/it\/2020\/08\/comunicato-congiunto-del-partito-dei-verdi-turco-e-del-partito-dei-verdi-greco-sulle-recenti-tensioni-nel-mediterraneo-orientale\/\" \/>\n<meta property=\"og:locale\" content=\"it_IT\" \/>\n<meta property=\"og:type\" content=\"article\" \/>\n<meta property=\"og:title\" content=\"Comunicato congiunto del partito dei verdi turco e del partito dei verdi greco sulle recenti tensioni nel Mediterraneo orientale\" \/>\n<meta property=\"og:description\" content=\"\u201cNoi, verdi in Grecia e in Turchia, siamo fortemente turbati dalle attuali tensioni crescenti nel Mediterraneo orientale. Nell\u2019era della crisi climatica,\" \/>\n<meta property=\"og:url\" content=\"https:\/\/www.pressenza.com\/it\/2020\/08\/comunicato-congiunto-del-partito-dei-verdi-turco-e-del-partito-dei-verdi-greco-sulle-recenti-tensioni-nel-mediterraneo-orientale\/\" \/>\n<meta property=\"og:site_name\" content=\"Pressenza\" \/>\n<meta property=\"article:publisher\" content=\"https:\/\/www.facebook.com\/PressenzaItalia\" \/>\n<meta property=\"article:author\" content=\"https:\/\/www.facebook.com\/pressenzagr\/\" \/>\n<meta property=\"article:published_time\" content=\"2020-08-17T14:11:38+00:00\" \/>\n<meta property=\"og:image\" content=\"https:\/\/www.pressenza.com\/wp-content\/uploads\/2020\/08\/Greece_Turkey_Locator.png\" \/>\n\t<meta property=\"og:image:width\" content=\"1024\" \/>\n\t<meta property=\"og:image:height\" content=\"853\" \/>\n\t<meta property=\"og:image:type\" content=\"image\/png\" \/>\n<meta name=\"author\" content=\"Pressenza Athens\" \/>\n<meta name=\"twitter:card\" content=\"summary_large_image\" \/>\n<meta name=\"twitter:creator\" content=\"@Pressenza_ath\" \/>\n<meta name=\"twitter:site\" content=\"@PressenzaIPA\" \/>\n<meta name=\"twitter:label1\" content=\"Scritto da\" \/>\n\t<meta name=\"twitter:data1\" content=\"Pressenza Athens\" \/>\n\t<meta name=\"twitter:label2\" content=\"Tempo di lettura stimato\" \/>\n\t<meta name=\"twitter:data2\" content=\"3 minuti\" \/>\n<script type=\"application\/ld+json\" class=\"yoast-schema-graph\">{\"@context\":\"https:\/\/schema.org\",\"@graph\":[{\"@type\":\"Article\",\"@id\":\"https:\/\/www.pressenza.com\/it\/2020\/08\/comunicato-congiunto-del-partito-dei-verdi-turco-e-del-partito-dei-verdi-greco-sulle-recenti-tensioni-nel-mediterraneo-orientale\/#article\",\"isPartOf\":{\"@id\":\"https:\/\/www.pressenza.com\/it\/2020\/08\/comunicato-congiunto-del-partito-dei-verdi-turco-e-del-partito-dei-verdi-greco-sulle-recenti-tensioni-nel-mediterraneo-orientale\/\"},\"author\":{\"name\":\"Pressenza Athens\",\"@id\":\"https:\/\/www.pressenza.com\/it\/#\/schema\/person\/9eae8d7f0aad5ec6a7f6f21ec94480fb\"},\"headline\":\"Comunicato congiunto del partito dei verdi turco e del partito dei verdi greco sulle recenti tensioni nel Mediterraneo orientale\",\"datePublished\":\"2020-08-17T14:11:38+00:00\",\"mainEntityOfPage\":{\"@id\":\"https:\/\/www.pressenza.com\/it\/2020\/08\/comunicato-congiunto-del-partito-dei-verdi-turco-e-del-partito-dei-verdi-greco-sulle-recenti-tensioni-nel-mediterraneo-orientale\/\"},\"wordCount\":527,\"publisher\":{\"@id\":\"https:\/\/www.pressenza.com\/it\/#organization\"},\"image\":{\"@id\":\"https:\/\/www.pressenza.com\/it\/2020\/08\/comunicato-congiunto-del-partito-dei-verdi-turco-e-del-partito-dei-verdi-greco-sulle-recenti-tensioni-nel-mediterraneo-orientale\/#primaryimage\"},\"thumbnailUrl\":\"https:\/\/www.pressenza.com\/wp-content\/uploads\/2020\/08\/Greece_Turkey_Locator.png\",\"keywords\":[\"Ankara\",\"Atene\",\"estrazione di petrolio\",\"Grecia\",\"miniere\",\"nazionalismo\",\"Pace\",\"petrolio\",\"tensioni nell'Egeo\",\"Turchia\",\"ZEE\"],\"articleSection\":[\"Comunicati Stampa\",\"Ecologia ed Ambiente\",\"Politica\"],\"inLanguage\":\"it-IT\"},{\"@type\":\"WebPage\",\"@id\":\"https:\/\/www.pressenza.com\/it\/2020\/08\/comunicato-congiunto-del-partito-dei-verdi-turco-e-del-partito-dei-verdi-greco-sulle-recenti-tensioni-nel-mediterraneo-orientale\/\",\"url\":\"https:\/\/www.pressenza.com\/it\/2020\/08\/comunicato-congiunto-del-partito-dei-verdi-turco-e-del-partito-dei-verdi-greco-sulle-recenti-tensioni-nel-mediterraneo-orientale\/\",\"name\":\"Comunicato congiunto del partito dei verdi turco e del partito dei verdi greco sulle recenti tensioni nel Mediterraneo orientale\",\"isPartOf\":{\"@id\":\"https:\/\/www.pressenza.com\/it\/#website\"},\"primaryImageOfPage\":{\"@id\":\"https:\/\/www.pressenza.com\/it\/2020\/08\/comunicato-congiunto-del-partito-dei-verdi-turco-e-del-partito-dei-verdi-greco-sulle-recenti-tensioni-nel-mediterraneo-orientale\/#primaryimage\"},\"image\":{\"@id\":\"https:\/\/www.pressenza.com\/it\/2020\/08\/comunicato-congiunto-del-partito-dei-verdi-turco-e-del-partito-dei-verdi-greco-sulle-recenti-tensioni-nel-mediterraneo-orientale\/#primaryimage\"},\"thumbnailUrl\":\"https:\/\/www.pressenza.com\/wp-content\/uploads\/2020\/08\/Greece_Turkey_Locator.png\",\"datePublished\":\"2020-08-17T14:11:38+00:00\",\"description\":\"\u201cNoi, verdi in Grecia e in Turchia, siamo fortemente turbati dalle attuali tensioni crescenti nel Mediterraneo orientale. Nell\u2019era della crisi climatica,\",\"breadcrumb\":{\"@id\":\"https:\/\/www.pressenza.com\/it\/2020\/08\/comunicato-congiunto-del-partito-dei-verdi-turco-e-del-partito-dei-verdi-greco-sulle-recenti-tensioni-nel-mediterraneo-orientale\/#breadcrumb\"},\"inLanguage\":\"it-IT\",\"potentialAction\":[{\"@type\":\"ReadAction\",\"target\":[\"https:\/\/www.pressenza.com\/it\/2020\/08\/comunicato-congiunto-del-partito-dei-verdi-turco-e-del-partito-dei-verdi-greco-sulle-recenti-tensioni-nel-mediterraneo-orientale\/\"]}]},{\"@type\":\"ImageObject\",\"inLanguage\":\"it-IT\",\"@id\":\"https:\/\/www.pressenza.com\/it\/2020\/08\/comunicato-congiunto-del-partito-dei-verdi-turco-e-del-partito-dei-verdi-greco-sulle-recenti-tensioni-nel-mediterraneo-orientale\/#primaryimage\",\"url\":\"https:\/\/www.pressenza.com\/wp-content\/uploads\/2020\/08\/Greece_Turkey_Locator.png\",\"contentUrl\":\"https:\/\/www.pressenza.com\/wp-content\/uploads\/2020\/08\/Greece_Turkey_Locator.png\",\"width\":1024,\"height\":853},{\"@type\":\"BreadcrumbList\",\"@id\":\"https:\/\/www.pressenza.com\/it\/2020\/08\/comunicato-congiunto-del-partito-dei-verdi-turco-e-del-partito-dei-verdi-greco-sulle-recenti-tensioni-nel-mediterraneo-orientale\/#breadcrumb\",\"itemListElement\":[{\"@type\":\"ListItem\",\"position\":1,\"name\":\"Accueil\",\"item\":\"https:\/\/www.pressenza.com\/it\/\"},{\"@type\":\"ListItem\",\"position\":2,\"name\":\"Comunicato congiunto del partito dei verdi turco e del partito dei verdi greco sulle recenti tensioni nel Mediterraneo orientale\"}]},{\"@type\":\"WebSite\",\"@id\":\"https:\/\/www.pressenza.com\/it\/#website\",\"url\":\"https:\/\/www.pressenza.com\/it\/\",\"name\":\"Pressenza\",\"description\":\"Agenzia di Stampa Internazionale\",\"publisher\":{\"@id\":\"https:\/\/www.pressenza.com\/it\/#organization\"},\"potentialAction\":[{\"@type\":\"SearchAction\",\"target\":{\"@type\":\"EntryPoint\",\"urlTemplate\":\"https:\/\/www.pressenza.com\/it\/?s={search_term_string}\"},\"query-input\":{\"@type\":\"PropertyValueSpecification\",\"valueRequired\":true,\"valueName\":\"search_term_string\"}}],\"inLanguage\":\"it-IT\"},{\"@type\":\"Organization\",\"@id\":\"https:\/\/www.pressenza.com\/it\/#organization\",\"name\":\"Pressenza\",\"url\":\"https:\/\/www.pressenza.com\/it\/\",\"logo\":{\"@type\":\"ImageObject\",\"inLanguage\":\"it-IT\",\"@id\":\"https:\/\/www.pressenza.com\/it\/#\/schema\/logo\/image\/\",\"url\":\"https:\/\/www.pressenza.com\/wp-content\/uploads\/2022\/10\/pressenza_logo_200x200.jpg\",\"contentUrl\":\"https:\/\/www.pressenza.com\/wp-content\/uploads\/2022\/10\/pressenza_logo_200x200.jpg\",\"width\":200,\"height\":200,\"caption\":\"Pressenza\"},\"image\":{\"@id\":\"https:\/\/www.pressenza.com\/it\/#\/schema\/logo\/image\/\"},\"sameAs\":[\"https:\/\/www.facebook.com\/PressenzaItalia\",\"https:\/\/x.com\/PressenzaIPA\"]},{\"@type\":\"Person\",\"@id\":\"https:\/\/www.pressenza.com\/it\/#\/schema\/person\/9eae8d7f0aad5ec6a7f6f21ec94480fb\",\"name\":\"Pressenza Athens\",\"description\":\"News from the Pressenza Bureau in Athens, Greece\",\"sameAs\":[\"https:\/\/www.facebook.com\/pressenzagr\/\",\"https:\/\/x.com\/Pressenza_ath\"],\"url\":\"https:\/\/www.pressenza.com\/it\/author\/pressenza-athens\/\"}]}<\/script>\n<!-- \/ Yoast SEO plugin. -->","yoast_head_json":{"title":"Comunicato congiunto del partito dei verdi turco e del partito dei verdi greco sulle recenti tensioni nel Mediterraneo orientale","description":"\u201cNoi, verdi in Grecia e in Turchia, siamo fortemente turbati dalle attuali tensioni crescenti nel Mediterraneo orientale. Nell\u2019era della crisi climatica,","robots":{"index":"index","follow":"follow","max-snippet":"max-snippet:-1","max-image-preview":"max-image-preview:large","max-video-preview":"max-video-preview:-1"},"canonical":"https:\/\/www.pressenza.com\/it\/2020\/08\/comunicato-congiunto-del-partito-dei-verdi-turco-e-del-partito-dei-verdi-greco-sulle-recenti-tensioni-nel-mediterraneo-orientale\/","og_locale":"it_IT","og_type":"article","og_title":"Comunicato congiunto del partito dei verdi turco e del partito dei verdi greco sulle recenti tensioni nel Mediterraneo orientale","og_description":"\u201cNoi, verdi in Grecia e in Turchia, siamo fortemente turbati dalle attuali tensioni crescenti nel Mediterraneo orientale. Nell\u2019era della crisi climatica,","og_url":"https:\/\/www.pressenza.com\/it\/2020\/08\/comunicato-congiunto-del-partito-dei-verdi-turco-e-del-partito-dei-verdi-greco-sulle-recenti-tensioni-nel-mediterraneo-orientale\/","og_site_name":"Pressenza","article_publisher":"https:\/\/www.facebook.com\/PressenzaItalia","article_author":"https:\/\/www.facebook.com\/pressenzagr\/","article_published_time":"2020-08-17T14:11:38+00:00","og_image":[{"width":1024,"height":853,"url":"https:\/\/www.pressenza.com\/wp-content\/uploads\/2020\/08\/Greece_Turkey_Locator.png","type":"image\/png"}],"author":"Pressenza Athens","twitter_card":"summary_large_image","twitter_creator":"@Pressenza_ath","twitter_site":"@PressenzaIPA","twitter_misc":{"Scritto da":"Pressenza Athens","Tempo di lettura stimato":"3 minuti"},"schema":{"@context":"https:\/\/schema.org","@graph":[{"@type":"Article","@id":"https:\/\/www.pressenza.com\/it\/2020\/08\/comunicato-congiunto-del-partito-dei-verdi-turco-e-del-partito-dei-verdi-greco-sulle-recenti-tensioni-nel-mediterraneo-orientale\/#article","isPartOf":{"@id":"https:\/\/www.pressenza.com\/it\/2020\/08\/comunicato-congiunto-del-partito-dei-verdi-turco-e-del-partito-dei-verdi-greco-sulle-recenti-tensioni-nel-mediterraneo-orientale\/"},"author":{"name":"Pressenza Athens","@id":"https:\/\/www.pressenza.com\/it\/#\/schema\/person\/9eae8d7f0aad5ec6a7f6f21ec94480fb"},"headline":"Comunicato congiunto del partito dei verdi turco e del partito dei verdi greco sulle recenti tensioni nel Mediterraneo orientale","datePublished":"2020-08-17T14:11:38+00:00","mainEntityOfPage":{"@id":"https:\/\/www.pressenza.com\/it\/2020\/08\/comunicato-congiunto-del-partito-dei-verdi-turco-e-del-partito-dei-verdi-greco-sulle-recenti-tensioni-nel-mediterraneo-orientale\/"},"wordCount":527,"publisher":{"@id":"https:\/\/www.pressenza.com\/it\/#organization"},"image":{"@id":"https:\/\/www.pressenza.com\/it\/2020\/08\/comunicato-congiunto-del-partito-dei-verdi-turco-e-del-partito-dei-verdi-greco-sulle-recenti-tensioni-nel-mediterraneo-orientale\/#primaryimage"},"thumbnailUrl":"https:\/\/www.pressenza.com\/wp-content\/uploads\/2020\/08\/Greece_Turkey_Locator.png","keywords":["Ankara","Atene","estrazione di petrolio","Grecia","miniere","nazionalismo","Pace","petrolio","tensioni nell'Egeo","Turchia","ZEE"],"articleSection":["Comunicati Stampa","Ecologia ed Ambiente","Politica"],"inLanguage":"it-IT"},{"@type":"WebPage","@id":"https:\/\/www.pressenza.com\/it\/2020\/08\/comunicato-congiunto-del-partito-dei-verdi-turco-e-del-partito-dei-verdi-greco-sulle-recenti-tensioni-nel-mediterraneo-orientale\/","url":"https:\/\/www.pressenza.com\/it\/2020\/08\/comunicato-congiunto-del-partito-dei-verdi-turco-e-del-partito-dei-verdi-greco-sulle-recenti-tensioni-nel-mediterraneo-orientale\/","name":"Comunicato congiunto del partito dei verdi turco e del partito dei verdi greco sulle recenti tensioni nel Mediterraneo orientale","isPartOf":{"@id":"https:\/\/www.pressenza.com\/it\/#website"},"primaryImageOfPage":{"@id":"https:\/\/www.pressenza.com\/it\/2020\/08\/comunicato-congiunto-del-partito-dei-verdi-turco-e-del-partito-dei-verdi-greco-sulle-recenti-tensioni-nel-mediterraneo-orientale\/#primaryimage"},"image":{"@id":"https:\/\/www.pressenza.com\/it\/2020\/08\/comunicato-congiunto-del-partito-dei-verdi-turco-e-del-partito-dei-verdi-greco-sulle-recenti-tensioni-nel-mediterraneo-orientale\/#primaryimage"},"thumbnailUrl":"https:\/\/www.pressenza.com\/wp-content\/uploads\/2020\/08\/Greece_Turkey_Locator.png","datePublished":"2020-08-17T14:11:38+00:00","description":"\u201cNoi, verdi in Grecia e in Turchia, siamo fortemente turbati dalle attuali tensioni crescenti nel Mediterraneo orientale. Nell\u2019era della crisi climatica,","breadcrumb":{"@id":"https:\/\/www.pressenza.com\/it\/2020\/08\/comunicato-congiunto-del-partito-dei-verdi-turco-e-del-partito-dei-verdi-greco-sulle-recenti-tensioni-nel-mediterraneo-orientale\/#breadcrumb"},"inLanguage":"it-IT","potentialAction":[{"@type":"ReadAction","target":["https:\/\/www.pressenza.com\/it\/2020\/08\/comunicato-congiunto-del-partito-dei-verdi-turco-e-del-partito-dei-verdi-greco-sulle-recenti-tensioni-nel-mediterraneo-orientale\/"]}]},{"@type":"ImageObject","inLanguage":"it-IT","@id":"https:\/\/www.pressenza.com\/it\/2020\/08\/comunicato-congiunto-del-partito-dei-verdi-turco-e-del-partito-dei-verdi-greco-sulle-recenti-tensioni-nel-mediterraneo-orientale\/#primaryimage","url":"https:\/\/www.pressenza.com\/wp-content\/uploads\/2020\/08\/Greece_Turkey_Locator.png","contentUrl":"https:\/\/www.pressenza.com\/wp-content\/uploads\/2020\/08\/Greece_Turkey_Locator.png","width":1024,"height":853},{"@type":"BreadcrumbList","@id":"https:\/\/www.pressenza.com\/it\/2020\/08\/comunicato-congiunto-del-partito-dei-verdi-turco-e-del-partito-dei-verdi-greco-sulle-recenti-tensioni-nel-mediterraneo-orientale\/#breadcrumb","itemListElement":[{"@type":"ListItem","position":1,"name":"Accueil","item":"https:\/\/www.pressenza.com\/it\/"},{"@type":"ListItem","position":2,"name":"Comunicato congiunto del partito dei verdi turco e del partito dei verdi greco sulle recenti tensioni nel Mediterraneo orientale"}]},{"@type":"WebSite","@id":"https:\/\/www.pressenza.com\/it\/#website","url":"https:\/\/www.pressenza.com\/it\/","name":"Pressenza","description":"Agenzia di Stampa Internazionale","publisher":{"@id":"https:\/\/www.pressenza.com\/it\/#organization"},"potentialAction":[{"@type":"SearchAction","target":{"@type":"EntryPoint","urlTemplate":"https:\/\/www.pressenza.com\/it\/?s={search_term_string}"},"query-input":{"@type":"PropertyValueSpecification","valueRequired":true,"valueName":"search_term_string"}}],"inLanguage":"it-IT"},{"@type":"Organization","@id":"https:\/\/www.pressenza.com\/it\/#organization","name":"Pressenza","url":"https:\/\/www.pressenza.com\/it\/","logo":{"@type":"ImageObject","inLanguage":"it-IT","@id":"https:\/\/www.pressenza.com\/it\/#\/schema\/logo\/image\/","url":"https:\/\/www.pressenza.com\/wp-content\/uploads\/2022\/10\/pressenza_logo_200x200.jpg","contentUrl":"https:\/\/www.pressenza.com\/wp-content\/uploads\/2022\/10\/pressenza_logo_200x200.jpg","width":200,"height":200,"caption":"Pressenza"},"image":{"@id":"https:\/\/www.pressenza.com\/it\/#\/schema\/logo\/image\/"},"sameAs":["https:\/\/www.facebook.com\/PressenzaItalia","https:\/\/x.com\/PressenzaIPA"]},{"@type":"Person","@id":"https:\/\/www.pressenza.com\/it\/#\/schema\/person\/9eae8d7f0aad5ec6a7f6f21ec94480fb","name":"Pressenza Athens","description":"News from the Pressenza Bureau in Athens, Greece","sameAs":["https:\/\/www.facebook.com\/pressenzagr\/","https:\/\/x.com\/Pressenza_ath"],"url":"https:\/\/www.pressenza.com\/it\/author\/pressenza-athens\/"}]}},"place":"Grecia, Turchia","original_article_url":"","_links":{"self":[{"href":"https:\/\/www.pressenza.com\/it\/wp-json\/wp\/v2\/posts\/1180388","targetHints":{"allow":["GET"]}}],"collection":[{"href":"https:\/\/www.pressenza.com\/it\/wp-json\/wp\/v2\/posts"}],"about":[{"href":"https:\/\/www.pressenza.com\/it\/wp-json\/wp\/v2\/types\/post"}],"author":[{"embeddable":true,"href":"https:\/\/www.pressenza.com\/it\/wp-json\/wp\/v2\/users\/1220"}],"replies":[{"embeddable":true,"href":"https:\/\/www.pressenza.com\/it\/wp-json\/wp\/v2\/comments?post=1180388"}],"version-history":[{"count":0,"href":"https:\/\/www.pressenza.com\/it\/wp-json\/wp\/v2\/posts\/1180388\/revisions"}],"wp:featuredmedia":[{"embeddable":true,"href":"https:\/\/www.pressenza.com\/it\/wp-json\/wp\/v2\/media\/1180316"}],"wp:attachment":[{"href":"https:\/\/www.pressenza.com\/it\/wp-json\/wp\/v2\/media?parent=1180388"}],"wp:term":[{"taxonomy":"category","embeddable":true,"href":"https:\/\/www.pressenza.com\/it\/wp-json\/wp\/v2\/categories?post=1180388"},{"taxonomy":"post_tag","embeddable":true,"href":"https:\/\/www.pressenza.com\/it\/wp-json\/wp\/v2\/tags?post=1180388"}],"curies":[{"name":"wp","href":"https:\/\/api.w.org\/{rel}","templated":true}]}}