{"id":1178992,"date":"2020-08-14T18:53:18","date_gmt":"2020-08-14T17:53:18","guid":{"rendered":"https:\/\/www.pressenza.com\/?p=1178992"},"modified":"2020-08-14T18:53:18","modified_gmt":"2020-08-14T17:53:18","slug":"il-museo-delle-curiosita-vive-iii","status":"publish","type":"post","link":"https:\/\/www.pressenza.com\/it\/2020\/08\/il-museo-delle-curiosita-vive-iii\/","title":{"rendered":"Il Museo delle curiosit\u00e0 vive III"},"content":{"rendered":"<p><span style=\"color: #40454d;\"><span style=\"font-family: Times New Roman, serif;\"><span style=\"font-size: medium;\">Anna e il bambino leone<\/span><\/span><\/span><\/p>\n<p>Little Paul era arrivato al circo molto piccolo, prima di Anna. Jack l&#8217;aveva trovato tre estati prima, in un mercato di bambini indesiderati ad Ankara o in un altro villaggio della Turchia o della Grecia. Nessuno se lo ricorda. Era solo un bambino vestito con un&#8217;uniforme militare e con cos\u00ec tanti peli sulla faccia che sembrava un leone.<\/p>\n<p>Appena arrivato al Museo, si distinse subito per il suo spirito circense. Era l&#8217;unico che non aveva bisogno di essere preparato per salire sul palco. Sembrava fosse nato per la ribalta, e non solo, lui stesso organizzava degli spettacoli immaginari. Insegnava agli altri come comportarsi sul palco, come camminare e ringraziare il pubblico. Diceva che l&#8217;aveva imparato con degli zingari &#8211; e aveva imparato molto bene.<\/p>\n<p>Madame Bernadette lo truccava in modo che sembrasse un leone, pettinando i suoi peli con una crema, rendendo il suo viso pi\u00f9 tondo. Una volta che era truccato e vestito con l&#8217;uniforme, era pronto per dirigere lo show.<\/p>\n<p>L&#8217;approdo di Anna al Museo gli caus\u00f2 un po&#8217; di gelosia, perch\u00e9 gli tolse il ruolo di protagonista della scena. &#8220;Dubito che siano ali vere&#8221; borbott\u00f2, quando le vide aprire quelle ali risplendenti.<\/p>\n<p>Ma poi, rimase incantato dalla sua personalit\u00e0, dalla gentilezza e dai suoi insegnamenti,\u00a0 Tutti i giorni portava con s\u00e9 un libro e le chiedeva di leggere per lui. Lo prendeva nella biblioteca di Jack, che non leggeva mai niente. Little Paul compr\u00f2 vari libri che mise sulla mensola per impressionare gli altri. Jack era il proprietario di tutto, ma era molto poco istruito. Si fregiava del suo passato da pirata e non gli serviva nient&#8217;altro che le sue storie di conquiste e razzie favolose ai danni degli inglesi.<\/p>\n<p>Little Paul dormiva in un bidone adattato a letto, in una stanzetta che si trovava subito dopo quella di Anna. Era abile con il cuoio e la corda e fece una cintura per Anna, in modo che potesse legare le ali &#8211; &#8220;cos\u00ec puoi uscire con me in strada senza che nessuno se ne accorga&#8221;, disse, fiducioso.<\/p>\n<p>Anna rimase entusiasta del regalo e lo usava sempre quando uscivano, di solito il marted\u00ec, unico giorno in cui non c&#8217;era spettacolo. Camminavano da una strada all&#8217;altra finch\u00e9 la citt\u00e0 non spariva. Una volta quasi si persero, ma una signora che viveva in una baracca offr\u00ec loro pane e caff\u00e8, e gli indic\u00f2 la strada del ritorno.<\/p>\n<p>A volte dicevano che erano fratelli, a volte cugini.\u00a0 Lui si metteva sempre una maschera veneziana, per met\u00e0 di metallo, che gli copriva tutto il volto, cos\u00ec nessuno lo prendeva in giro per i suoi peli.\u00a0 &#8220;Vorrei avere le ali come te, sarebbe pi\u00f9 facile uscire&#8221; confessava ad Anna. &#8220;<em>Ma va<\/em>&#8221; &#8211; rispondeva &#8211; &#8220;\u00c8<em> un peso enorme, non posso neanche correre<\/em>&#8220;.\u00a0 La verit\u00e0 \u00e8 che che tutti portano un peso &#8211; filosofava.<\/p>\n<p>&#8211; <em>Questa dove l&#8217;hai letta?<\/em><\/p>\n<p><em>&#8211; Cosa?<\/em><\/p>\n<p><em>&#8211; Che tutti portano un peso.<\/em><\/p>\n<p><em>&#8211; In qualche libro che mi hai dato<\/em>.<\/p>\n<p>Ma era vero. Tutti in quel Museo portavano un peso, che fosse nel corpo o nell&#8217;anima. Segreti, peccati, desideri.\u00a0 Non c&#8217;\u00e8 niente di pi\u00f9 umano che portarsi appresso qualcosa di segreto, che solo noi sappiamo.<\/p>\n<p>Anna aveva pi\u00f9 di un confidente &#8211; era complice.<\/p>\n<p><em>&#8211; Il dottore mi ha detto che c&#8217;\u00e8 qualcun altro in citt\u00e0 che ha la stessa cosa che ho io<\/em> &#8211; disse Anna.<\/p>\n<p><em>&#8211; Chiss\u00e0 se c&#8217;\u00e8 qualche altro bambino come me?<\/em> &#8211; chiese Little Paul<\/p>\n<p><em>&#8211; Secondo me s\u00ec.<\/em><\/p>\n<p>Anna e Little Paul strinsero il patto che avrebbero provato a rintracciare la persona di cui il dottor Hans aveva parlato durante la sua visita. Decisero di andare nel suo ambulatorio, ma lo incontrarono sul marciapiede fuori dal Museo, quando uscirono.<\/p>\n<p><em>&#8211; Vedo che stai bene e sei senza febbre &#8211; disse il dottore, tirando su i piccoli occhiali e verificando le palpebre di Anna.<\/em><\/p>\n<p><em>&#8211; S\u00ec dottore, sto meglio.<\/em><\/p>\n<p><em>&#8211; Per caso lei conosce qualche bambino con i peli sulla faccia? &#8211; disse in fretta Little Paul, interrompendo il discorso.<\/em><\/p>\n<p><em>&#8211; Quello che Little Paul vuole dire &#8211; riflett\u00e9 ad alta voce Anna &#8211; \u00e8 se lei conosce altri bambini come noi, con ali, peli, tre gambe, piccoli, come ci sono qui al Museo.<\/em><\/p>\n<p><em>&#8211; Ah s\u00ec, ci sono sempre, con le ali ne ho conosciuto solo uno, che ora non le ha pi\u00f9.<\/em><\/p>\n<p>Ad Anna si blocc\u00f2 il respiro. &#8220;Come non le ha pi\u00f9? Lei le asporta? Chi gliele ha asportate?&#8221;<\/p>\n<p><em>&#8211; Lei toglie i peli?<\/em> &#8211; si inser\u00ec di nuovo Little Paul.<\/p>\n<p><em>&#8211; Calma bambini, ora devo andare. Non c&#8217;\u00e8 modo di cambiare voialtri. Questo ragazzo a cui sono state asportate le ali dice che sono gli indiani del nord dell&#8217;isola che sanno come fare. Io non credo in queste stregonerie, penso che qualcuno gli ha fatto un&#8217;operazione molto rischiosa e che avrebbe potuto morire. Io non faccio queste cose.\u00a0<\/em><\/p>\n<p>Il dottor Hans disse che il giovane si chiamava Peter e faceva il calzolaio. Dalla descrizione del posto, sembrava quella stessa casa che aveva accolto Anna e Little Paul quando si erano persi nella foresta. Pare che viva l\u00ec con sua zia. Sarebbe quella signora adorabile?<\/p>\n<p>Anna e Little Paul ora avevano una pista.<\/p>\n<p><em>(Continua nel prossimo capitolo)<\/em><\/p>\n<p><em>Traduzione dal portoghese di Raffaella Piazza. Revisione: Silvia Nocera<\/em><\/p>\n<p>A questo\u00a0<a href=\"https:\/\/www.pressenza.com\/it\/tag\/museo-delle-curiosita-vive\/\">link<\/a>\u00a0gli altri capitoli<\/p>\n","protected":false},"excerpt":{"rendered":"<p>Anna e il bambino leone Little Paul era arrivato al circo molto piccolo, prima di Anna. Jack l&#8217;aveva trovato tre estati prima, in un mercato di bambini indesiderati ad Ankara o in un altro villaggio della Turchia o della Grecia.&hellip;<\/p>\n","protected":false},"author":1826,"featured_media":1175672,"comment_status":"closed","ping_status":"closed","sticky":false,"template":"","format":"standard","meta":{"footnotes":""},"categories":[11388,56,49],"tags":[79864,75781],"class_list":["post-1178992","post","type-post","status-publish","format-standard","has-post-thumbnail","hentry","category-contenuti-originali","category-cultura","category-nord-america","tag-museo-delle-curiosita-vive","tag-quaderno-di-cultura"],"yoast_head":"<!-- This site is optimized with the Yoast SEO plugin v27.1.1 - https:\/\/yoast.com\/product\/yoast-seo-wordpress\/ -->\n<title>Il Museo delle curiosit\u00e0 vive III<\/title>\n<meta name=\"description\" content=\"Anna e il bambino leone Little Paul era arrivato al circo molto piccolo, prima di Anna. Jack l&#039;aveva trovato tre estati prima, in un mercato di bambini\" \/>\n<meta name=\"robots\" content=\"index, follow, max-snippet:-1, max-image-preview:large, max-video-preview:-1\" \/>\n<link rel=\"canonical\" href=\"https:\/\/www.pressenza.com\/it\/2020\/08\/il-museo-delle-curiosita-vive-iii\/\" \/>\n<meta property=\"og:locale\" content=\"it_IT\" \/>\n<meta property=\"og:type\" content=\"article\" \/>\n<meta property=\"og:title\" content=\"Il Museo delle curiosit\u00e0 vive III\" \/>\n<meta property=\"og:description\" content=\"Anna e il bambino leone Little Paul era arrivato al circo molto piccolo, prima di Anna. Jack l&#039;aveva trovato tre estati prima, in un mercato di bambini\" \/>\n<meta property=\"og:url\" content=\"https:\/\/www.pressenza.com\/it\/2020\/08\/il-museo-delle-curiosita-vive-iii\/\" \/>\n<meta property=\"og:site_name\" content=\"Pressenza\" \/>\n<meta property=\"article:publisher\" content=\"https:\/\/www.facebook.com\/PressenzaItalia\" \/>\n<meta property=\"article:published_time\" content=\"2020-08-14T17:53:18+00:00\" \/>\n<meta property=\"og:image\" content=\"https:\/\/www.pressenza.com\/wp-content\/uploads\/2020\/08\/museo.jpg\" \/>\n\t<meta property=\"og:image:width\" content=\"720\" \/>\n\t<meta property=\"og:image:height\" content=\"450\" \/>\n\t<meta property=\"og:image:type\" content=\"image\/jpeg\" \/>\n<meta name=\"author\" content=\"Marco Da Costa\" \/>\n<meta name=\"twitter:card\" content=\"summary_large_image\" \/>\n<meta name=\"twitter:creator\" content=\"@PressenzaIPA\" \/>\n<meta name=\"twitter:site\" content=\"@PressenzaIPA\" \/>\n<meta name=\"twitter:label1\" content=\"Scritto da\" \/>\n\t<meta name=\"twitter:data1\" content=\"Marco Da Costa\" \/>\n\t<meta name=\"twitter:label2\" content=\"Tempo di lettura stimato\" \/>\n\t<meta name=\"twitter:data2\" content=\"4 minuti\" \/>\n<script type=\"application\/ld+json\" class=\"yoast-schema-graph\">{\"@context\":\"https:\/\/schema.org\",\"@graph\":[{\"@type\":\"Article\",\"@id\":\"https:\/\/www.pressenza.com\/it\/2020\/08\/il-museo-delle-curiosita-vive-iii\/#article\",\"isPartOf\":{\"@id\":\"https:\/\/www.pressenza.com\/it\/2020\/08\/il-museo-delle-curiosita-vive-iii\/\"},\"author\":{\"name\":\"Marco Da Costa\",\"@id\":\"https:\/\/www.pressenza.com\/it\/#\/schema\/person\/23cf5828ff22cc74ccb391d78d94cfef\"},\"headline\":\"Il Museo delle curiosit\u00e0 vive III\",\"datePublished\":\"2020-08-14T17:53:18+00:00\",\"mainEntityOfPage\":{\"@id\":\"https:\/\/www.pressenza.com\/it\/2020\/08\/il-museo-delle-curiosita-vive-iii\/\"},\"wordCount\":902,\"publisher\":{\"@id\":\"https:\/\/www.pressenza.com\/it\/#organization\"},\"image\":{\"@id\":\"https:\/\/www.pressenza.com\/it\/2020\/08\/il-museo-delle-curiosita-vive-iii\/#primaryimage\"},\"thumbnailUrl\":\"https:\/\/www.pressenza.com\/wp-content\/uploads\/2020\/08\/museo.jpg\",\"keywords\":[\"museo delle curiosit\u00e0 vive\",\"quaderno di cultura\"],\"articleSection\":[\"contenuti originali\",\"Cultura e Media\",\"Nord America\"],\"inLanguage\":\"it-IT\"},{\"@type\":\"WebPage\",\"@id\":\"https:\/\/www.pressenza.com\/it\/2020\/08\/il-museo-delle-curiosita-vive-iii\/\",\"url\":\"https:\/\/www.pressenza.com\/it\/2020\/08\/il-museo-delle-curiosita-vive-iii\/\",\"name\":\"Il Museo delle curiosit\u00e0 vive III\",\"isPartOf\":{\"@id\":\"https:\/\/www.pressenza.com\/it\/#website\"},\"primaryImageOfPage\":{\"@id\":\"https:\/\/www.pressenza.com\/it\/2020\/08\/il-museo-delle-curiosita-vive-iii\/#primaryimage\"},\"image\":{\"@id\":\"https:\/\/www.pressenza.com\/it\/2020\/08\/il-museo-delle-curiosita-vive-iii\/#primaryimage\"},\"thumbnailUrl\":\"https:\/\/www.pressenza.com\/wp-content\/uploads\/2020\/08\/museo.jpg\",\"datePublished\":\"2020-08-14T17:53:18+00:00\",\"description\":\"Anna e il bambino leone Little Paul era arrivato al circo molto piccolo, prima di Anna. Jack l'aveva trovato tre estati prima, in un mercato di bambini\",\"breadcrumb\":{\"@id\":\"https:\/\/www.pressenza.com\/it\/2020\/08\/il-museo-delle-curiosita-vive-iii\/#breadcrumb\"},\"inLanguage\":\"it-IT\",\"potentialAction\":[{\"@type\":\"ReadAction\",\"target\":[\"https:\/\/www.pressenza.com\/it\/2020\/08\/il-museo-delle-curiosita-vive-iii\/\"]}]},{\"@type\":\"ImageObject\",\"inLanguage\":\"it-IT\",\"@id\":\"https:\/\/www.pressenza.com\/it\/2020\/08\/il-museo-delle-curiosita-vive-iii\/#primaryimage\",\"url\":\"https:\/\/www.pressenza.com\/wp-content\/uploads\/2020\/08\/museo.jpg\",\"contentUrl\":\"https:\/\/www.pressenza.com\/wp-content\/uploads\/2020\/08\/museo.jpg\",\"width\":720,\"height\":450},{\"@type\":\"BreadcrumbList\",\"@id\":\"https:\/\/www.pressenza.com\/it\/2020\/08\/il-museo-delle-curiosita-vive-iii\/#breadcrumb\",\"itemListElement\":[{\"@type\":\"ListItem\",\"position\":1,\"name\":\"Accueil\",\"item\":\"https:\/\/www.pressenza.com\/it\/\"},{\"@type\":\"ListItem\",\"position\":2,\"name\":\"Il Museo delle curiosit\u00e0 vive III\"}]},{\"@type\":\"WebSite\",\"@id\":\"https:\/\/www.pressenza.com\/it\/#website\",\"url\":\"https:\/\/www.pressenza.com\/it\/\",\"name\":\"Pressenza\",\"description\":\"Agenzia di Stampa Internazionale\",\"publisher\":{\"@id\":\"https:\/\/www.pressenza.com\/it\/#organization\"},\"potentialAction\":[{\"@type\":\"SearchAction\",\"target\":{\"@type\":\"EntryPoint\",\"urlTemplate\":\"https:\/\/www.pressenza.com\/it\/?s={search_term_string}\"},\"query-input\":{\"@type\":\"PropertyValueSpecification\",\"valueRequired\":true,\"valueName\":\"search_term_string\"}}],\"inLanguage\":\"it-IT\"},{\"@type\":\"Organization\",\"@id\":\"https:\/\/www.pressenza.com\/it\/#organization\",\"name\":\"Pressenza\",\"url\":\"https:\/\/www.pressenza.com\/it\/\",\"logo\":{\"@type\":\"ImageObject\",\"inLanguage\":\"it-IT\",\"@id\":\"https:\/\/www.pressenza.com\/it\/#\/schema\/logo\/image\/\",\"url\":\"https:\/\/www.pressenza.com\/wp-content\/uploads\/2022\/10\/pressenza_logo_200x200.jpg\",\"contentUrl\":\"https:\/\/www.pressenza.com\/wp-content\/uploads\/2022\/10\/pressenza_logo_200x200.jpg\",\"width\":200,\"height\":200,\"caption\":\"Pressenza\"},\"image\":{\"@id\":\"https:\/\/www.pressenza.com\/it\/#\/schema\/logo\/image\/\"},\"sameAs\":[\"https:\/\/www.facebook.com\/PressenzaItalia\",\"https:\/\/x.com\/PressenzaIPA\"]},{\"@type\":\"Person\",\"@id\":\"https:\/\/www.pressenza.com\/it\/#\/schema\/person\/23cf5828ff22cc74ccb391d78d94cfef\",\"name\":\"Marco Da Costa\",\"description\":\"Jornalista e escritor, criador de conte\u00fado para redes sociais, podcasts e textos profissionais.\",\"url\":\"https:\/\/www.pressenza.com\/it\/author\/marco-da-costa\/\"}]}<\/script>\n<!-- \/ Yoast SEO plugin. -->","yoast_head_json":{"title":"Il Museo delle curiosit\u00e0 vive III","description":"Anna e il bambino leone Little Paul era arrivato al circo molto piccolo, prima di Anna. Jack l'aveva trovato tre estati prima, in un mercato di bambini","robots":{"index":"index","follow":"follow","max-snippet":"max-snippet:-1","max-image-preview":"max-image-preview:large","max-video-preview":"max-video-preview:-1"},"canonical":"https:\/\/www.pressenza.com\/it\/2020\/08\/il-museo-delle-curiosita-vive-iii\/","og_locale":"it_IT","og_type":"article","og_title":"Il Museo delle curiosit\u00e0 vive III","og_description":"Anna e il bambino leone Little Paul era arrivato al circo molto piccolo, prima di Anna. Jack l'aveva trovato tre estati prima, in un mercato di bambini","og_url":"https:\/\/www.pressenza.com\/it\/2020\/08\/il-museo-delle-curiosita-vive-iii\/","og_site_name":"Pressenza","article_publisher":"https:\/\/www.facebook.com\/PressenzaItalia","article_published_time":"2020-08-14T17:53:18+00:00","og_image":[{"width":720,"height":450,"url":"https:\/\/www.pressenza.com\/wp-content\/uploads\/2020\/08\/museo.jpg","type":"image\/jpeg"}],"author":"Marco Da Costa","twitter_card":"summary_large_image","twitter_creator":"@PressenzaIPA","twitter_site":"@PressenzaIPA","twitter_misc":{"Scritto da":"Marco Da Costa","Tempo di lettura stimato":"4 minuti"},"schema":{"@context":"https:\/\/schema.org","@graph":[{"@type":"Article","@id":"https:\/\/www.pressenza.com\/it\/2020\/08\/il-museo-delle-curiosita-vive-iii\/#article","isPartOf":{"@id":"https:\/\/www.pressenza.com\/it\/2020\/08\/il-museo-delle-curiosita-vive-iii\/"},"author":{"name":"Marco Da Costa","@id":"https:\/\/www.pressenza.com\/it\/#\/schema\/person\/23cf5828ff22cc74ccb391d78d94cfef"},"headline":"Il Museo delle curiosit\u00e0 vive III","datePublished":"2020-08-14T17:53:18+00:00","mainEntityOfPage":{"@id":"https:\/\/www.pressenza.com\/it\/2020\/08\/il-museo-delle-curiosita-vive-iii\/"},"wordCount":902,"publisher":{"@id":"https:\/\/www.pressenza.com\/it\/#organization"},"image":{"@id":"https:\/\/www.pressenza.com\/it\/2020\/08\/il-museo-delle-curiosita-vive-iii\/#primaryimage"},"thumbnailUrl":"https:\/\/www.pressenza.com\/wp-content\/uploads\/2020\/08\/museo.jpg","keywords":["museo delle curiosit\u00e0 vive","quaderno di cultura"],"articleSection":["contenuti originali","Cultura e Media","Nord America"],"inLanguage":"it-IT"},{"@type":"WebPage","@id":"https:\/\/www.pressenza.com\/it\/2020\/08\/il-museo-delle-curiosita-vive-iii\/","url":"https:\/\/www.pressenza.com\/it\/2020\/08\/il-museo-delle-curiosita-vive-iii\/","name":"Il Museo delle curiosit\u00e0 vive III","isPartOf":{"@id":"https:\/\/www.pressenza.com\/it\/#website"},"primaryImageOfPage":{"@id":"https:\/\/www.pressenza.com\/it\/2020\/08\/il-museo-delle-curiosita-vive-iii\/#primaryimage"},"image":{"@id":"https:\/\/www.pressenza.com\/it\/2020\/08\/il-museo-delle-curiosita-vive-iii\/#primaryimage"},"thumbnailUrl":"https:\/\/www.pressenza.com\/wp-content\/uploads\/2020\/08\/museo.jpg","datePublished":"2020-08-14T17:53:18+00:00","description":"Anna e il bambino leone Little Paul era arrivato al circo molto piccolo, prima di Anna. Jack l'aveva trovato tre estati prima, in un mercato di bambini","breadcrumb":{"@id":"https:\/\/www.pressenza.com\/it\/2020\/08\/il-museo-delle-curiosita-vive-iii\/#breadcrumb"},"inLanguage":"it-IT","potentialAction":[{"@type":"ReadAction","target":["https:\/\/www.pressenza.com\/it\/2020\/08\/il-museo-delle-curiosita-vive-iii\/"]}]},{"@type":"ImageObject","inLanguage":"it-IT","@id":"https:\/\/www.pressenza.com\/it\/2020\/08\/il-museo-delle-curiosita-vive-iii\/#primaryimage","url":"https:\/\/www.pressenza.com\/wp-content\/uploads\/2020\/08\/museo.jpg","contentUrl":"https:\/\/www.pressenza.com\/wp-content\/uploads\/2020\/08\/museo.jpg","width":720,"height":450},{"@type":"BreadcrumbList","@id":"https:\/\/www.pressenza.com\/it\/2020\/08\/il-museo-delle-curiosita-vive-iii\/#breadcrumb","itemListElement":[{"@type":"ListItem","position":1,"name":"Accueil","item":"https:\/\/www.pressenza.com\/it\/"},{"@type":"ListItem","position":2,"name":"Il Museo delle curiosit\u00e0 vive III"}]},{"@type":"WebSite","@id":"https:\/\/www.pressenza.com\/it\/#website","url":"https:\/\/www.pressenza.com\/it\/","name":"Pressenza","description":"Agenzia di Stampa Internazionale","publisher":{"@id":"https:\/\/www.pressenza.com\/it\/#organization"},"potentialAction":[{"@type":"SearchAction","target":{"@type":"EntryPoint","urlTemplate":"https:\/\/www.pressenza.com\/it\/?s={search_term_string}"},"query-input":{"@type":"PropertyValueSpecification","valueRequired":true,"valueName":"search_term_string"}}],"inLanguage":"it-IT"},{"@type":"Organization","@id":"https:\/\/www.pressenza.com\/it\/#organization","name":"Pressenza","url":"https:\/\/www.pressenza.com\/it\/","logo":{"@type":"ImageObject","inLanguage":"it-IT","@id":"https:\/\/www.pressenza.com\/it\/#\/schema\/logo\/image\/","url":"https:\/\/www.pressenza.com\/wp-content\/uploads\/2022\/10\/pressenza_logo_200x200.jpg","contentUrl":"https:\/\/www.pressenza.com\/wp-content\/uploads\/2022\/10\/pressenza_logo_200x200.jpg","width":200,"height":200,"caption":"Pressenza"},"image":{"@id":"https:\/\/www.pressenza.com\/it\/#\/schema\/logo\/image\/"},"sameAs":["https:\/\/www.facebook.com\/PressenzaItalia","https:\/\/x.com\/PressenzaIPA"]},{"@type":"Person","@id":"https:\/\/www.pressenza.com\/it\/#\/schema\/person\/23cf5828ff22cc74ccb391d78d94cfef","name":"Marco Da Costa","description":"Jornalista e escritor, criador de conte\u00fado para redes sociais, podcasts e textos profissionais.","url":"https:\/\/www.pressenza.com\/it\/author\/marco-da-costa\/"}]}},"place":"New York, USA","original_article_url":"","_links":{"self":[{"href":"https:\/\/www.pressenza.com\/it\/wp-json\/wp\/v2\/posts\/1178992","targetHints":{"allow":["GET"]}}],"collection":[{"href":"https:\/\/www.pressenza.com\/it\/wp-json\/wp\/v2\/posts"}],"about":[{"href":"https:\/\/www.pressenza.com\/it\/wp-json\/wp\/v2\/types\/post"}],"author":[{"embeddable":true,"href":"https:\/\/www.pressenza.com\/it\/wp-json\/wp\/v2\/users\/1826"}],"replies":[{"embeddable":true,"href":"https:\/\/www.pressenza.com\/it\/wp-json\/wp\/v2\/comments?post=1178992"}],"version-history":[{"count":0,"href":"https:\/\/www.pressenza.com\/it\/wp-json\/wp\/v2\/posts\/1178992\/revisions"}],"wp:featuredmedia":[{"embeddable":true,"href":"https:\/\/www.pressenza.com\/it\/wp-json\/wp\/v2\/media\/1175672"}],"wp:attachment":[{"href":"https:\/\/www.pressenza.com\/it\/wp-json\/wp\/v2\/media?parent=1178992"}],"wp:term":[{"taxonomy":"category","embeddable":true,"href":"https:\/\/www.pressenza.com\/it\/wp-json\/wp\/v2\/categories?post=1178992"},{"taxonomy":"post_tag","embeddable":true,"href":"https:\/\/www.pressenza.com\/it\/wp-json\/wp\/v2\/tags?post=1178992"}],"curies":[{"name":"wp","href":"https:\/\/api.w.org\/{rel}","templated":true}]}}