{"id":1178882,"date":"2020-08-14T11:51:59","date_gmt":"2020-08-14T10:51:59","guid":{"rendered":"https:\/\/www.pressenza.com\/?p=1178882"},"modified":"2020-08-14T12:07:51","modified_gmt":"2020-08-14T11:07:51","slug":"lettera-aperta-al-questore-di-torino-e-a-tutte-le-istituzioni","status":"publish","type":"post","link":"https:\/\/www.pressenza.com\/it\/2020\/08\/lettera-aperta-al-questore-di-torino-e-a-tutte-le-istituzioni\/","title":{"rendered":"Lettera aperta al Questore di Torino e a tutte le Istituzioni"},"content":{"rendered":"<p>Egregio dott. De Matteis, Questore di Torino,<\/p>\n<p>in un&#8217;intervista su La Stampa di qualche giorno fa lei ha dichiarato: \u201cTroppi violenti tra gli stranieri, i miei agenti sempre pi\u00f9 a rischio\u201d.<\/p>\n<p>Ha definito i migranti, violenti e irrispettosi, ponendo l&#8217;accento sulla necessit\u00e0 di procedere con i rimpatri, servendo di fatto la palla all&#8217;assessore alla Sicurezza e all&#8217;Immigrazione della Regione Piemonte Fabrizio Ricca che ha definito le sue parole un grido di allarme. \u201cSe un uomo dello Stato dice chiaramente, nero su bianco, che l\u2019immigrazione clandestina fornisce soldati violenti e pericolosi alle file della criminalit\u00e0 \u00e8 inaccettabile che non gli si dia ascolto\u201d, ha dichiarato.<\/p>\n<p>Ma non \u00e8 finita qui, perch\u00e9 sotto l&#8217;articolo della Stampa e delle altre testate che hanno riportato la notizia si \u00e8 scatenata la macchina dell&#8217;odio e la caccia al nemico. \u201cMandiamoli a casa \/ sono tutti delinquenti \/ bisogna rimpatriare chiunque non abbia un lavoro fisso \/ vengono a casa nostra a delinquere \/ a casa loro subito \/ se non li mandiamo via comanderanno loro e diventeremo stranieri a casa nostra\u201d, sono alcuni dei commenti postati, che attaccano chiunque cerchi di esprimersi diversamente dal coro o, almeno, non tanto di pancia ma riportando la complessit\u00e0 della questione.<\/p>\n<p>Come la signora che ha scritto: \u201cVia i clandestini non Bianchi\u201d, e alla domanda se esistano clandestini bianchi, purtroppo ha confermato che chiunque non sia Italiano \u00e8 un \u201cnon bianco\u201d.<\/p>\n<p>Tutto questo ci ha spinto a scrivere a lei e alle Istituzioni italiane, raccontando la storia di chi dalla sua terra \u00e8 emigrato e si \u00e8 trovato clandestino. La storia di chi in Italia ha dovuto lottare stringendo i denti e sputando sangue per quel pezzo di carta che spesso viene negato. La storia di chi in Italia \u00e8 nata\/o, \u00e8 cresciuta\/o in un ghetto e ha dovuto vivere senza cittadinanza.<\/p>\n<p>Quella di chi ogni giorno viene discriminata\/o dai poliziotti, maltrattata\/o e spesso anche picchiata\/o o strangolata\/o (Black Lives Matter).<\/p>\n<p>Ma soprattutto di chi malgrado tutto questo, ha amato questa Torino e in essa ha costruito e creato grande cose.<\/p>\n<p>Le sue dichiarazioni sono una personale libera opinione basata su una lettura discriminatoria, perch\u00e9 esistono dati che spiegano i motivi per cui molte persone di origine straniera finiscono in carcere a differenza di una persona bianca italiana. Dati che confermano un vero scandalo nella questura di Torino, soprattutto dal punto di vista umano. Dati che raccontano abusi di potere delle forze dell&#8217;ordine.<\/p>\n<p>E soprattutto il suo articolo su La Stampa, ci ricorda che esiste un dato solo, quello che va sempre a calpestare gli ultimi, facendo s\u00ec che il nemico sia sempre quello pi\u00f9 fragile, quello con meno diritti, che spesso viene utilizzato per avere consensi, o giustificare azioni di pessimo gusto.<\/p>\n<p>Ricordiamo che il nostro paese vive su stereotipi e pregiudizi che generalizzano e ci rendono tutti mafiosi agli occhi del mondo&#8230; Ma noi siamo altro, non nascondiamo che la mafia esiste, ma allo stesso tempo facciamo presente al mondo tutto ci\u00f2 che ci rende unici, meravigliosi.<\/p>\n<p>Sappiamo che in questo nostro paese esistono persone non italiane che delinquono, ma altre rendono questo paese ancora pi\u00f9 bello. Quindi il problema non \u00e8 essere Italiani o meno, qui si tratta di cittadini e cittadine che attendono azioni concrete per una convivenza pacifica e una vita dignitosa senza doversi nascondere n\u00e9 delinquere. Fermiamo le disuguaglianze sociali: la regolarizzazione di chi vive ai margini senza documenti \u00e8 dare una vita dignitosa! Chi ne ha avuto la possibilit\u00e0 ama questo paese e lo arricchisce in tutti i sensi.<\/p>\n<p>Abbiamo bisogno di un nuovo linguaggio.<\/p>\n<p>Senza dimenticare un fondamento importante, quello di essere umani.<\/p>\n<p>Bisogna portare pi\u00f9 attenzione agli investimenti del territorio, creare situazioni di dialogo, rompere le frontiere del vicinato, aprire laboratori di quartiere, sportelli del cittadino, mescolare le culture, inquinare gli untori dell&#8217;odio con le storie e i vissuti, le speranze, i desideri di vivere una vita nell&#8217;onest\u00e0 quotidiana del consumare un caff\u00e8 al bar.<\/p>\n<p>Spesso chi emigra non sa nulla di ci\u00f2 che lo attende dall&#8217;altra parte del mare: nessuno nasce delinquente e spesso mai vorrebbe intraprendere quella strada.<\/p>\n<p>Chiss\u00e0 se un giorno l&#8217;umanit\u00e0 vincer\u00e0, se l&#8217;unione ci render\u00e0 pi\u00f9 forti.<\/p>\n<p>Restiamo umani.<\/p>\n<p style=\"text-align: right;\"><em>Ayoub Moussaid, portavoce della Rete 21 marzo \u2013 mano nella mano contro il razzismo<\/em><\/p>\n","protected":false},"excerpt":{"rendered":"<p>Egregio dott. De Matteis, Questore di Torino, in un&#8217;intervista su La Stampa di qualche giorno fa lei ha dichiarato: \u201cTroppi violenti tra gli stranieri, i miei agenti sempre pi\u00f9 a rischio\u201d. Ha definito i migranti, violenti e irrispettosi, ponendo l&#8217;accento&hellip;<\/p>\n","protected":false},"author":1640,"featured_media":827237,"comment_status":"closed","ping_status":"closed","sticky":false,"template":"","format":"standard","meta":{"footnotes":""},"categories":[150,60,47,54572],"tags":[1088,80195,46673],"class_list":["post-1178882","post","type-post","status-publish","format-standard","has-post-thumbnail","hentry","category-comunicati-stampa","category-diritti-umani","category-europa","category-migranti","tag-immigrazione","tag-questore-di-torino","tag-rete-21-marzo"],"yoast_head":"<!-- This site is optimized with the Yoast SEO plugin v27.1.1 - https:\/\/yoast.com\/product\/yoast-seo-wordpress\/ -->\n<title>Lettera aperta al Questore di Torino e a tutte le Istituzioni<\/title>\n<meta name=\"description\" content=\"Egregio dott. De Matteis, Questore di Torino, in un&#039;intervista su La Stampa di qualche giorno fa lei ha dichiarato: \u201cTroppi violenti tra gli stranieri, i\" \/>\n<meta name=\"robots\" content=\"index, follow, max-snippet:-1, max-image-preview:large, max-video-preview:-1\" \/>\n<link rel=\"canonical\" href=\"https:\/\/www.pressenza.com\/it\/2020\/08\/lettera-aperta-al-questore-di-torino-e-a-tutte-le-istituzioni\/\" \/>\n<meta property=\"og:locale\" content=\"it_IT\" \/>\n<meta property=\"og:type\" content=\"article\" \/>\n<meta property=\"og:title\" content=\"Lettera aperta al Questore di Torino e a tutte le Istituzioni\" \/>\n<meta property=\"og:description\" content=\"Egregio dott. De Matteis, Questore di Torino, in un&#039;intervista su La Stampa di qualche giorno fa lei ha dichiarato: \u201cTroppi violenti tra gli stranieri, i\" \/>\n<meta property=\"og:url\" content=\"https:\/\/www.pressenza.com\/it\/2020\/08\/lettera-aperta-al-questore-di-torino-e-a-tutte-le-istituzioni\/\" \/>\n<meta property=\"og:site_name\" content=\"Pressenza\" \/>\n<meta property=\"article:publisher\" content=\"https:\/\/www.facebook.com\/PressenzaItalia\" \/>\n<meta property=\"article:published_time\" content=\"2020-08-14T10:51:59+00:00\" \/>\n<meta property=\"article:modified_time\" content=\"2020-08-14T11:07:51+00:00\" \/>\n<meta property=\"og:image\" content=\"https:\/\/www.pressenza.com\/wp-content\/uploads\/2019\/03\/Rete21Marzo.jpg\" \/>\n\t<meta property=\"og:image:width\" content=\"960\" \/>\n\t<meta property=\"og:image:height\" content=\"562\" \/>\n\t<meta property=\"og:image:type\" content=\"image\/jpeg\" \/>\n<meta name=\"author\" content=\"Redazione Torino\" \/>\n<meta name=\"twitter:card\" content=\"summary_large_image\" \/>\n<meta name=\"twitter:creator\" content=\"@PressenzaIPA\" \/>\n<meta name=\"twitter:site\" content=\"@PressenzaIPA\" \/>\n<meta name=\"twitter:label1\" content=\"Scritto da\" \/>\n\t<meta name=\"twitter:data1\" content=\"Redazione Torino\" \/>\n\t<meta name=\"twitter:label2\" content=\"Tempo di lettura stimato\" \/>\n\t<meta name=\"twitter:data2\" content=\"3 minuti\" \/>\n<script type=\"application\/ld+json\" class=\"yoast-schema-graph\">{\"@context\":\"https:\/\/schema.org\",\"@graph\":[{\"@type\":\"Article\",\"@id\":\"https:\/\/www.pressenza.com\/it\/2020\/08\/lettera-aperta-al-questore-di-torino-e-a-tutte-le-istituzioni\/#article\",\"isPartOf\":{\"@id\":\"https:\/\/www.pressenza.com\/it\/2020\/08\/lettera-aperta-al-questore-di-torino-e-a-tutte-le-istituzioni\/\"},\"author\":{\"name\":\"Redazione Torino\",\"@id\":\"https:\/\/www.pressenza.com\/it\/#\/schema\/person\/da0d4ca096515102c096dbbc39d69593\"},\"headline\":\"Lettera aperta al Questore di Torino e a tutte le Istituzioni\",\"datePublished\":\"2020-08-14T10:51:59+00:00\",\"dateModified\":\"2020-08-14T11:07:51+00:00\",\"mainEntityOfPage\":{\"@id\":\"https:\/\/www.pressenza.com\/it\/2020\/08\/lettera-aperta-al-questore-di-torino-e-a-tutte-le-istituzioni\/\"},\"wordCount\":721,\"publisher\":{\"@id\":\"https:\/\/www.pressenza.com\/it\/#organization\"},\"image\":{\"@id\":\"https:\/\/www.pressenza.com\/it\/2020\/08\/lettera-aperta-al-questore-di-torino-e-a-tutte-le-istituzioni\/#primaryimage\"},\"thumbnailUrl\":\"https:\/\/www.pressenza.com\/wp-content\/uploads\/2019\/03\/Rete21Marzo.jpg\",\"keywords\":[\"immigrazione\",\"Questore di Torino\",\"rete 21 marzo\"],\"articleSection\":[\"Comunicati Stampa\",\"Diritti Umani\",\"Europa\",\"Migranti\"],\"inLanguage\":\"it-IT\"},{\"@type\":\"WebPage\",\"@id\":\"https:\/\/www.pressenza.com\/it\/2020\/08\/lettera-aperta-al-questore-di-torino-e-a-tutte-le-istituzioni\/\",\"url\":\"https:\/\/www.pressenza.com\/it\/2020\/08\/lettera-aperta-al-questore-di-torino-e-a-tutte-le-istituzioni\/\",\"name\":\"Lettera aperta al Questore di Torino e a tutte le Istituzioni\",\"isPartOf\":{\"@id\":\"https:\/\/www.pressenza.com\/it\/#website\"},\"primaryImageOfPage\":{\"@id\":\"https:\/\/www.pressenza.com\/it\/2020\/08\/lettera-aperta-al-questore-di-torino-e-a-tutte-le-istituzioni\/#primaryimage\"},\"image\":{\"@id\":\"https:\/\/www.pressenza.com\/it\/2020\/08\/lettera-aperta-al-questore-di-torino-e-a-tutte-le-istituzioni\/#primaryimage\"},\"thumbnailUrl\":\"https:\/\/www.pressenza.com\/wp-content\/uploads\/2019\/03\/Rete21Marzo.jpg\",\"datePublished\":\"2020-08-14T10:51:59+00:00\",\"dateModified\":\"2020-08-14T11:07:51+00:00\",\"description\":\"Egregio dott. De Matteis, Questore di Torino, in un'intervista su La Stampa di qualche giorno fa lei ha dichiarato: \u201cTroppi violenti tra gli stranieri, i\",\"breadcrumb\":{\"@id\":\"https:\/\/www.pressenza.com\/it\/2020\/08\/lettera-aperta-al-questore-di-torino-e-a-tutte-le-istituzioni\/#breadcrumb\"},\"inLanguage\":\"it-IT\",\"potentialAction\":[{\"@type\":\"ReadAction\",\"target\":[\"https:\/\/www.pressenza.com\/it\/2020\/08\/lettera-aperta-al-questore-di-torino-e-a-tutte-le-istituzioni\/\"]}]},{\"@type\":\"ImageObject\",\"inLanguage\":\"it-IT\",\"@id\":\"https:\/\/www.pressenza.com\/it\/2020\/08\/lettera-aperta-al-questore-di-torino-e-a-tutte-le-istituzioni\/#primaryimage\",\"url\":\"https:\/\/www.pressenza.com\/wp-content\/uploads\/2019\/03\/Rete21Marzo.jpg\",\"contentUrl\":\"https:\/\/www.pressenza.com\/wp-content\/uploads\/2019\/03\/Rete21Marzo.jpg\",\"width\":960,\"height\":562},{\"@type\":\"BreadcrumbList\",\"@id\":\"https:\/\/www.pressenza.com\/it\/2020\/08\/lettera-aperta-al-questore-di-torino-e-a-tutte-le-istituzioni\/#breadcrumb\",\"itemListElement\":[{\"@type\":\"ListItem\",\"position\":1,\"name\":\"Accueil\",\"item\":\"https:\/\/www.pressenza.com\/it\/\"},{\"@type\":\"ListItem\",\"position\":2,\"name\":\"Lettera aperta al Questore di Torino e a tutte le Istituzioni\"}]},{\"@type\":\"WebSite\",\"@id\":\"https:\/\/www.pressenza.com\/it\/#website\",\"url\":\"https:\/\/www.pressenza.com\/it\/\",\"name\":\"Pressenza\",\"description\":\"Agenzia di Stampa Internazionale\",\"publisher\":{\"@id\":\"https:\/\/www.pressenza.com\/it\/#organization\"},\"potentialAction\":[{\"@type\":\"SearchAction\",\"target\":{\"@type\":\"EntryPoint\",\"urlTemplate\":\"https:\/\/www.pressenza.com\/it\/?s={search_term_string}\"},\"query-input\":{\"@type\":\"PropertyValueSpecification\",\"valueRequired\":true,\"valueName\":\"search_term_string\"}}],\"inLanguage\":\"it-IT\"},{\"@type\":\"Organization\",\"@id\":\"https:\/\/www.pressenza.com\/it\/#organization\",\"name\":\"Pressenza\",\"url\":\"https:\/\/www.pressenza.com\/it\/\",\"logo\":{\"@type\":\"ImageObject\",\"inLanguage\":\"it-IT\",\"@id\":\"https:\/\/www.pressenza.com\/it\/#\/schema\/logo\/image\/\",\"url\":\"https:\/\/www.pressenza.com\/wp-content\/uploads\/2022\/10\/pressenza_logo_200x200.jpg\",\"contentUrl\":\"https:\/\/www.pressenza.com\/wp-content\/uploads\/2022\/10\/pressenza_logo_200x200.jpg\",\"width\":200,\"height\":200,\"caption\":\"Pressenza\"},\"image\":{\"@id\":\"https:\/\/www.pressenza.com\/it\/#\/schema\/logo\/image\/\"},\"sameAs\":[\"https:\/\/www.facebook.com\/PressenzaItalia\",\"https:\/\/x.com\/PressenzaIPA\"]},{\"@type\":\"Person\",\"@id\":\"https:\/\/www.pressenza.com\/it\/#\/schema\/person\/da0d4ca096515102c096dbbc39d69593\",\"name\":\"Redazione Torino\",\"description\":\"News from the Pressenza Bureau in Turin, Italy redazione.torino@pressenza.com\",\"url\":\"https:\/\/www.pressenza.com\/it\/author\/redazione-torino\/\"}]}<\/script>\n<!-- \/ Yoast SEO plugin. -->","yoast_head_json":{"title":"Lettera aperta al Questore di Torino e a tutte le Istituzioni","description":"Egregio dott. De Matteis, Questore di Torino, in un'intervista su La Stampa di qualche giorno fa lei ha dichiarato: \u201cTroppi violenti tra gli stranieri, i","robots":{"index":"index","follow":"follow","max-snippet":"max-snippet:-1","max-image-preview":"max-image-preview:large","max-video-preview":"max-video-preview:-1"},"canonical":"https:\/\/www.pressenza.com\/it\/2020\/08\/lettera-aperta-al-questore-di-torino-e-a-tutte-le-istituzioni\/","og_locale":"it_IT","og_type":"article","og_title":"Lettera aperta al Questore di Torino e a tutte le Istituzioni","og_description":"Egregio dott. De Matteis, Questore di Torino, in un'intervista su La Stampa di qualche giorno fa lei ha dichiarato: \u201cTroppi violenti tra gli stranieri, i","og_url":"https:\/\/www.pressenza.com\/it\/2020\/08\/lettera-aperta-al-questore-di-torino-e-a-tutte-le-istituzioni\/","og_site_name":"Pressenza","article_publisher":"https:\/\/www.facebook.com\/PressenzaItalia","article_published_time":"2020-08-14T10:51:59+00:00","article_modified_time":"2020-08-14T11:07:51+00:00","og_image":[{"width":960,"height":562,"url":"https:\/\/www.pressenza.com\/wp-content\/uploads\/2019\/03\/Rete21Marzo.jpg","type":"image\/jpeg"}],"author":"Redazione Torino","twitter_card":"summary_large_image","twitter_creator":"@PressenzaIPA","twitter_site":"@PressenzaIPA","twitter_misc":{"Scritto da":"Redazione Torino","Tempo di lettura stimato":"3 minuti"},"schema":{"@context":"https:\/\/schema.org","@graph":[{"@type":"Article","@id":"https:\/\/www.pressenza.com\/it\/2020\/08\/lettera-aperta-al-questore-di-torino-e-a-tutte-le-istituzioni\/#article","isPartOf":{"@id":"https:\/\/www.pressenza.com\/it\/2020\/08\/lettera-aperta-al-questore-di-torino-e-a-tutte-le-istituzioni\/"},"author":{"name":"Redazione Torino","@id":"https:\/\/www.pressenza.com\/it\/#\/schema\/person\/da0d4ca096515102c096dbbc39d69593"},"headline":"Lettera aperta al Questore di Torino e a tutte le Istituzioni","datePublished":"2020-08-14T10:51:59+00:00","dateModified":"2020-08-14T11:07:51+00:00","mainEntityOfPage":{"@id":"https:\/\/www.pressenza.com\/it\/2020\/08\/lettera-aperta-al-questore-di-torino-e-a-tutte-le-istituzioni\/"},"wordCount":721,"publisher":{"@id":"https:\/\/www.pressenza.com\/it\/#organization"},"image":{"@id":"https:\/\/www.pressenza.com\/it\/2020\/08\/lettera-aperta-al-questore-di-torino-e-a-tutte-le-istituzioni\/#primaryimage"},"thumbnailUrl":"https:\/\/www.pressenza.com\/wp-content\/uploads\/2019\/03\/Rete21Marzo.jpg","keywords":["immigrazione","Questore di Torino","rete 21 marzo"],"articleSection":["Comunicati Stampa","Diritti Umani","Europa","Migranti"],"inLanguage":"it-IT"},{"@type":"WebPage","@id":"https:\/\/www.pressenza.com\/it\/2020\/08\/lettera-aperta-al-questore-di-torino-e-a-tutte-le-istituzioni\/","url":"https:\/\/www.pressenza.com\/it\/2020\/08\/lettera-aperta-al-questore-di-torino-e-a-tutte-le-istituzioni\/","name":"Lettera aperta al Questore di Torino e a tutte le Istituzioni","isPartOf":{"@id":"https:\/\/www.pressenza.com\/it\/#website"},"primaryImageOfPage":{"@id":"https:\/\/www.pressenza.com\/it\/2020\/08\/lettera-aperta-al-questore-di-torino-e-a-tutte-le-istituzioni\/#primaryimage"},"image":{"@id":"https:\/\/www.pressenza.com\/it\/2020\/08\/lettera-aperta-al-questore-di-torino-e-a-tutte-le-istituzioni\/#primaryimage"},"thumbnailUrl":"https:\/\/www.pressenza.com\/wp-content\/uploads\/2019\/03\/Rete21Marzo.jpg","datePublished":"2020-08-14T10:51:59+00:00","dateModified":"2020-08-14T11:07:51+00:00","description":"Egregio dott. De Matteis, Questore di Torino, in un'intervista su La Stampa di qualche giorno fa lei ha dichiarato: \u201cTroppi violenti tra gli stranieri, i","breadcrumb":{"@id":"https:\/\/www.pressenza.com\/it\/2020\/08\/lettera-aperta-al-questore-di-torino-e-a-tutte-le-istituzioni\/#breadcrumb"},"inLanguage":"it-IT","potentialAction":[{"@type":"ReadAction","target":["https:\/\/www.pressenza.com\/it\/2020\/08\/lettera-aperta-al-questore-di-torino-e-a-tutte-le-istituzioni\/"]}]},{"@type":"ImageObject","inLanguage":"it-IT","@id":"https:\/\/www.pressenza.com\/it\/2020\/08\/lettera-aperta-al-questore-di-torino-e-a-tutte-le-istituzioni\/#primaryimage","url":"https:\/\/www.pressenza.com\/wp-content\/uploads\/2019\/03\/Rete21Marzo.jpg","contentUrl":"https:\/\/www.pressenza.com\/wp-content\/uploads\/2019\/03\/Rete21Marzo.jpg","width":960,"height":562},{"@type":"BreadcrumbList","@id":"https:\/\/www.pressenza.com\/it\/2020\/08\/lettera-aperta-al-questore-di-torino-e-a-tutte-le-istituzioni\/#breadcrumb","itemListElement":[{"@type":"ListItem","position":1,"name":"Accueil","item":"https:\/\/www.pressenza.com\/it\/"},{"@type":"ListItem","position":2,"name":"Lettera aperta al Questore di Torino e a tutte le Istituzioni"}]},{"@type":"WebSite","@id":"https:\/\/www.pressenza.com\/it\/#website","url":"https:\/\/www.pressenza.com\/it\/","name":"Pressenza","description":"Agenzia di Stampa Internazionale","publisher":{"@id":"https:\/\/www.pressenza.com\/it\/#organization"},"potentialAction":[{"@type":"SearchAction","target":{"@type":"EntryPoint","urlTemplate":"https:\/\/www.pressenza.com\/it\/?s={search_term_string}"},"query-input":{"@type":"PropertyValueSpecification","valueRequired":true,"valueName":"search_term_string"}}],"inLanguage":"it-IT"},{"@type":"Organization","@id":"https:\/\/www.pressenza.com\/it\/#organization","name":"Pressenza","url":"https:\/\/www.pressenza.com\/it\/","logo":{"@type":"ImageObject","inLanguage":"it-IT","@id":"https:\/\/www.pressenza.com\/it\/#\/schema\/logo\/image\/","url":"https:\/\/www.pressenza.com\/wp-content\/uploads\/2022\/10\/pressenza_logo_200x200.jpg","contentUrl":"https:\/\/www.pressenza.com\/wp-content\/uploads\/2022\/10\/pressenza_logo_200x200.jpg","width":200,"height":200,"caption":"Pressenza"},"image":{"@id":"https:\/\/www.pressenza.com\/it\/#\/schema\/logo\/image\/"},"sameAs":["https:\/\/www.facebook.com\/PressenzaItalia","https:\/\/x.com\/PressenzaIPA"]},{"@type":"Person","@id":"https:\/\/www.pressenza.com\/it\/#\/schema\/person\/da0d4ca096515102c096dbbc39d69593","name":"Redazione Torino","description":"News from the Pressenza Bureau in Turin, Italy redazione.torino@pressenza.com","url":"https:\/\/www.pressenza.com\/it\/author\/redazione-torino\/"}]}},"place":"Rete 21 marzo \u2013 mano nella mano contro il razzismo","original_article_url":"","_links":{"self":[{"href":"https:\/\/www.pressenza.com\/it\/wp-json\/wp\/v2\/posts\/1178882","targetHints":{"allow":["GET"]}}],"collection":[{"href":"https:\/\/www.pressenza.com\/it\/wp-json\/wp\/v2\/posts"}],"about":[{"href":"https:\/\/www.pressenza.com\/it\/wp-json\/wp\/v2\/types\/post"}],"author":[{"embeddable":true,"href":"https:\/\/www.pressenza.com\/it\/wp-json\/wp\/v2\/users\/1640"}],"replies":[{"embeddable":true,"href":"https:\/\/www.pressenza.com\/it\/wp-json\/wp\/v2\/comments?post=1178882"}],"version-history":[{"count":0,"href":"https:\/\/www.pressenza.com\/it\/wp-json\/wp\/v2\/posts\/1178882\/revisions"}],"wp:featuredmedia":[{"embeddable":true,"href":"https:\/\/www.pressenza.com\/it\/wp-json\/wp\/v2\/media\/827237"}],"wp:attachment":[{"href":"https:\/\/www.pressenza.com\/it\/wp-json\/wp\/v2\/media?parent=1178882"}],"wp:term":[{"taxonomy":"category","embeddable":true,"href":"https:\/\/www.pressenza.com\/it\/wp-json\/wp\/v2\/categories?post=1178882"},{"taxonomy":"post_tag","embeddable":true,"href":"https:\/\/www.pressenza.com\/it\/wp-json\/wp\/v2\/tags?post=1178882"}],"curies":[{"name":"wp","href":"https:\/\/api.w.org\/{rel}","templated":true}]}}