{"id":1178086,"date":"2020-08-12T15:39:31","date_gmt":"2020-08-12T14:39:31","guid":{"rendered":"https:\/\/www.pressenza.com\/?p=1178086"},"modified":"2020-08-12T15:44:37","modified_gmt":"2020-08-12T14:44:37","slug":"termini-per-le-procedure-di-emersione-appello-per-una-sanatoria-vera-e-generalizzata","status":"publish","type":"post","link":"https:\/\/www.pressenza.com\/it\/2020\/08\/termini-per-le-procedure-di-emersione-appello-per-una-sanatoria-vera-e-generalizzata\/","title":{"rendered":"Termini per le procedure di emersione: appello per una sanatoria vera e generalizzata"},"content":{"rendered":"<p><strong>Il Forum Antirazzista di Palermo<\/strong>, rete informale che include diverse realt\u00e0 palermitane e singoli cittadine\/i, ha richiesto un incontro urgente con il Prefetto di Palermo in merito alle procedure di emersione e regolarizzazione previste dalla normativa vigente.<\/p>\n<p>Il Forum ha aderito alla <strong>Campagna nazionale &#8220;Siamo qui &#8211; Sanatoria subito&#8221;<\/strong> e, insieme a numerose realt\u00e0 italiane, <strong>chiede con forza che siano spostati i termini del decreto &#8220;Rilancio&#8221; relativamente alle procedure previste all\u2019articolo 103 per l\u2019emersione\/regolarizzazione dei migranti presenti sul territorio nazionale dal 15 agosto al 30 settembre<\/strong>, per poter garantire l\u2019accesso alle stesse, data la situazione che a seguire si descrive.<\/p>\n<p>Su tutto il territorio nazionale <strong>la Campagna &#8220;Siamo qui &#8211; Sanatoria Subito&#8221; ha gi\u00e0 ampiamente dimostrato come il testo della norma sia parziale e deficitario<\/strong>; ulteriore conferma di questo emerge dai dati forniti dal ministero ogni 15 giorni con la pubblicazione dell&#8217;andamento delle richieste. Le statistiche permettono solo una prima lettura che per\u00f2 \u00e8 gi\u00e0 significativa: <strong>al 31 luglio sono state inviate poco meno di 150 mila domande, di cui l&#8217;87% per lavoro domestico (solo 89196 per collaboratore familiare), solamente il 12% per agricoltura, settore che invece secondo le indicazioni del governo avrebbe dovuto essere quello trainante<\/strong>.<\/p>\n<p>La situazione in Sicilia \u00e8 ancora pi\u00f9 critica: sono stati inviati 2862 moduli per regolarizzazione di lavoro domestico e 2579\u00a0 moduli per regolarizzazione di lavoro subordinato di cui 1536 riguardano la sola provincia di Ragusa. I dati su Palermo, sono sconfortanti e dimostrano come questo dispositivo sia del tutto inadatto al nostro territorio. Questi dati riguardano le richieste presentate ma non si sa quante di queste avranno esito positivo.<\/p>\n<p><strong>Ad un impianto normativo insufficiente, si aggiungono le difficolt\u00e0 di una procedura macchinosa:<\/strong> ancora oggi molti uffici postali non permettono inspiegabilmente di inviare il kit per accedere al secondo canale di emersione e molte persone non riescono ad ottenere i documenti (passaporto o carta di identit\u00e0 equipollente) presso i consolati.<\/p>\n<p><strong>Il Forum ribadisce l\u2019inefficacia di questa legge come dispositivo di contrasto al lavoro irregolare. Serve, oggi pi\u00f9 che mai, una sanatoria generalizzata ed estesa a tutti i settori.<\/strong><\/p>\n<p><strong>Vogliamo una sanatoria capace di garantire la legalit\u00e0 facendo emergere centinaia di migliaia di persone irregolari, lavoratori e lavoratrici migranti che vivono nel nostro territorio e nella nostra citt\u00e0 e che rischiano ogni giorno di essere vittime della criminalit\u00e0 organizzata, costretti a vivere nell&#8217;ombra e privi di diritti.<\/strong><\/p>\n<p>Il Forum chiede inoltre l&#8217;estensione delle procedure di emersione lavoro a tutti i settori lavorativi, indipendentemente dalla tipologia e dal possesso del permesso di soggiorno.<\/p>\n<p>A seguito delle lettere inviate, il Forum confida nella possibilit\u00e0 di avere al pi\u00f9 presto l&#8217;incontro richiesto.<\/p>\n<p><strong><em>Forum Antirazzista Palermo<\/em><\/strong><\/p>\n","protected":false},"excerpt":{"rendered":"<p>Il Forum Antirazzista di Palermo, rete informale che include diverse realt\u00e0 palermitane e singoli cittadine\/i, ha richiesto un incontro urgente con il Prefetto di Palermo in merito alle procedure di emersione e regolarizzazione previste dalla normativa vigente. Il Forum ha&hellip;<\/p>\n","protected":false},"author":594,"featured_media":1178087,"comment_status":"closed","ping_status":"closed","sticky":false,"template":"","format":"standard","meta":{"footnotes":""},"categories":[150,47,54572],"tags":[75938,2636,80133,18408],"class_list":["post-1178086","post","type-post","status-publish","format-standard","has-post-thumbnail","hentry","category-comunicati-stampa","category-europa","category-migranti","tag-decreto-rilancio","tag-migranti","tag-procedure-di-emersione","tag-sanatoria"],"yoast_head":"<!-- This site is optimized with the Yoast SEO plugin v27.1.1 - https:\/\/yoast.com\/product\/yoast-seo-wordpress\/ -->\n<title>Termini per le procedure di emersione: appello per una sanatoria vera e generalizzata<\/title>\n<meta name=\"description\" content=\"La richiesta \u00e8 che siano spostati i termini del decreto &quot;Rilancio&quot; relativamente alle procedure previste all\u2019articolo 103 per l\u2019emersione\/regolarizzazione dei migranti presenti sul territorio nazionale dal 15 agosto al 30 settembre, per poter garantire l\u2019accesso alle stesse\" \/>\n<meta name=\"robots\" content=\"index, follow, max-snippet:-1, max-image-preview:large, max-video-preview:-1\" \/>\n<link rel=\"canonical\" href=\"https:\/\/www.pressenza.com\/it\/2020\/08\/termini-per-le-procedure-di-emersione-appello-per-una-sanatoria-vera-e-generalizzata\/\" \/>\n<meta property=\"og:locale\" content=\"it_IT\" \/>\n<meta property=\"og:type\" content=\"article\" \/>\n<meta property=\"og:title\" content=\"Termini per le procedure di emersione: appello per una sanatoria vera e generalizzata\" \/>\n<meta property=\"og:description\" content=\"La richiesta \u00e8 che siano spostati i termini del decreto &quot;Rilancio&quot; relativamente alle procedure previste all\u2019articolo 103 per l\u2019emersione\/regolarizzazione dei migranti presenti sul territorio nazionale dal 15 agosto al 30 settembre, per poter garantire l\u2019accesso alle stesse\" \/>\n<meta property=\"og:url\" content=\"https:\/\/www.pressenza.com\/it\/2020\/08\/termini-per-le-procedure-di-emersione-appello-per-una-sanatoria-vera-e-generalizzata\/\" \/>\n<meta property=\"og:site_name\" content=\"Pressenza\" \/>\n<meta property=\"article:publisher\" content=\"https:\/\/www.facebook.com\/PressenzaItalia\" \/>\n<meta property=\"article:author\" content=\"https:\/\/www.facebook.com\/PressenzaItalia\" \/>\n<meta property=\"article:published_time\" content=\"2020-08-12T14:39:31+00:00\" \/>\n<meta property=\"article:modified_time\" content=\"2020-08-12T14:44:37+00:00\" \/>\n<meta property=\"og:image\" content=\"https:\/\/www.pressenza.com\/wp-content\/uploads\/2020\/08\/Sanatoria-subito.jpg\" \/>\n\t<meta property=\"og:image:width\" content=\"864\" \/>\n\t<meta property=\"og:image:height\" content=\"452\" \/>\n\t<meta property=\"og:image:type\" content=\"image\/jpeg\" \/>\n<meta name=\"author\" content=\"Redazione Italia\" \/>\n<meta name=\"twitter:card\" content=\"summary_large_image\" \/>\n<meta name=\"twitter:creator\" content=\"@pressenza_it\" \/>\n<meta name=\"twitter:site\" content=\"@PressenzaIPA\" \/>\n<meta name=\"twitter:label1\" content=\"Scritto da\" \/>\n\t<meta name=\"twitter:data1\" content=\"Redazione Italia\" \/>\n\t<meta name=\"twitter:label2\" content=\"Tempo di lettura stimato\" \/>\n\t<meta name=\"twitter:data2\" content=\"2 minuti\" \/>\n<script type=\"application\/ld+json\" class=\"yoast-schema-graph\">{\"@context\":\"https:\/\/schema.org\",\"@graph\":[{\"@type\":\"Article\",\"@id\":\"https:\/\/www.pressenza.com\/it\/2020\/08\/termini-per-le-procedure-di-emersione-appello-per-una-sanatoria-vera-e-generalizzata\/#article\",\"isPartOf\":{\"@id\":\"https:\/\/www.pressenza.com\/it\/2020\/08\/termini-per-le-procedure-di-emersione-appello-per-una-sanatoria-vera-e-generalizzata\/\"},\"author\":{\"name\":\"Redazione Italia\",\"@id\":\"https:\/\/www.pressenza.com\/it\/#\/schema\/person\/d983e81827ae24f2c7b1a2123d197f8d\"},\"headline\":\"Termini per le procedure di emersione: appello per una sanatoria vera e generalizzata\",\"datePublished\":\"2020-08-12T14:39:31+00:00\",\"dateModified\":\"2020-08-12T14:44:37+00:00\",\"mainEntityOfPage\":{\"@id\":\"https:\/\/www.pressenza.com\/it\/2020\/08\/termini-per-le-procedure-di-emersione-appello-per-una-sanatoria-vera-e-generalizzata\/\"},\"wordCount\":447,\"publisher\":{\"@id\":\"https:\/\/www.pressenza.com\/it\/#organization\"},\"image\":{\"@id\":\"https:\/\/www.pressenza.com\/it\/2020\/08\/termini-per-le-procedure-di-emersione-appello-per-una-sanatoria-vera-e-generalizzata\/#primaryimage\"},\"thumbnailUrl\":\"https:\/\/www.pressenza.com\/wp-content\/uploads\/2020\/08\/Sanatoria-subito.jpg\",\"keywords\":[\"decreto rilancio\",\"migranti\",\"procedure di emersione\",\"sanatoria\"],\"articleSection\":[\"Comunicati Stampa\",\"Europa\",\"Migranti\"],\"inLanguage\":\"it-IT\"},{\"@type\":\"WebPage\",\"@id\":\"https:\/\/www.pressenza.com\/it\/2020\/08\/termini-per-le-procedure-di-emersione-appello-per-una-sanatoria-vera-e-generalizzata\/\",\"url\":\"https:\/\/www.pressenza.com\/it\/2020\/08\/termini-per-le-procedure-di-emersione-appello-per-una-sanatoria-vera-e-generalizzata\/\",\"name\":\"Termini per le procedure di emersione: appello per una sanatoria vera e generalizzata\",\"isPartOf\":{\"@id\":\"https:\/\/www.pressenza.com\/it\/#website\"},\"primaryImageOfPage\":{\"@id\":\"https:\/\/www.pressenza.com\/it\/2020\/08\/termini-per-le-procedure-di-emersione-appello-per-una-sanatoria-vera-e-generalizzata\/#primaryimage\"},\"image\":{\"@id\":\"https:\/\/www.pressenza.com\/it\/2020\/08\/termini-per-le-procedure-di-emersione-appello-per-una-sanatoria-vera-e-generalizzata\/#primaryimage\"},\"thumbnailUrl\":\"https:\/\/www.pressenza.com\/wp-content\/uploads\/2020\/08\/Sanatoria-subito.jpg\",\"datePublished\":\"2020-08-12T14:39:31+00:00\",\"dateModified\":\"2020-08-12T14:44:37+00:00\",\"description\":\"La richiesta \u00e8 che siano spostati i termini del decreto \\\"Rilancio\\\" relativamente alle procedure previste all\u2019articolo 103 per l\u2019emersione\/regolarizzazione dei migranti presenti sul territorio nazionale dal 15 agosto al 30 settembre, per poter garantire l\u2019accesso alle stesse\",\"breadcrumb\":{\"@id\":\"https:\/\/www.pressenza.com\/it\/2020\/08\/termini-per-le-procedure-di-emersione-appello-per-una-sanatoria-vera-e-generalizzata\/#breadcrumb\"},\"inLanguage\":\"it-IT\",\"potentialAction\":[{\"@type\":\"ReadAction\",\"target\":[\"https:\/\/www.pressenza.com\/it\/2020\/08\/termini-per-le-procedure-di-emersione-appello-per-una-sanatoria-vera-e-generalizzata\/\"]}]},{\"@type\":\"ImageObject\",\"inLanguage\":\"it-IT\",\"@id\":\"https:\/\/www.pressenza.com\/it\/2020\/08\/termini-per-le-procedure-di-emersione-appello-per-una-sanatoria-vera-e-generalizzata\/#primaryimage\",\"url\":\"https:\/\/www.pressenza.com\/wp-content\/uploads\/2020\/08\/Sanatoria-subito.jpg\",\"contentUrl\":\"https:\/\/www.pressenza.com\/wp-content\/uploads\/2020\/08\/Sanatoria-subito.jpg\",\"width\":864,\"height\":452},{\"@type\":\"BreadcrumbList\",\"@id\":\"https:\/\/www.pressenza.com\/it\/2020\/08\/termini-per-le-procedure-di-emersione-appello-per-una-sanatoria-vera-e-generalizzata\/#breadcrumb\",\"itemListElement\":[{\"@type\":\"ListItem\",\"position\":1,\"name\":\"Accueil\",\"item\":\"https:\/\/www.pressenza.com\/it\/\"},{\"@type\":\"ListItem\",\"position\":2,\"name\":\"Termini per le procedure di emersione: appello per una sanatoria vera e generalizzata\"}]},{\"@type\":\"WebSite\",\"@id\":\"https:\/\/www.pressenza.com\/it\/#website\",\"url\":\"https:\/\/www.pressenza.com\/it\/\",\"name\":\"Pressenza\",\"description\":\"Agenzia di Stampa Internazionale\",\"publisher\":{\"@id\":\"https:\/\/www.pressenza.com\/it\/#organization\"},\"potentialAction\":[{\"@type\":\"SearchAction\",\"target\":{\"@type\":\"EntryPoint\",\"urlTemplate\":\"https:\/\/www.pressenza.com\/it\/?s={search_term_string}\"},\"query-input\":{\"@type\":\"PropertyValueSpecification\",\"valueRequired\":true,\"valueName\":\"search_term_string\"}}],\"inLanguage\":\"it-IT\"},{\"@type\":\"Organization\",\"@id\":\"https:\/\/www.pressenza.com\/it\/#organization\",\"name\":\"Pressenza\",\"url\":\"https:\/\/www.pressenza.com\/it\/\",\"logo\":{\"@type\":\"ImageObject\",\"inLanguage\":\"it-IT\",\"@id\":\"https:\/\/www.pressenza.com\/it\/#\/schema\/logo\/image\/\",\"url\":\"https:\/\/www.pressenza.com\/wp-content\/uploads\/2022\/10\/pressenza_logo_200x200.jpg\",\"contentUrl\":\"https:\/\/www.pressenza.com\/wp-content\/uploads\/2022\/10\/pressenza_logo_200x200.jpg\",\"width\":200,\"height\":200,\"caption\":\"Pressenza\"},\"image\":{\"@id\":\"https:\/\/www.pressenza.com\/it\/#\/schema\/logo\/image\/\"},\"sameAs\":[\"https:\/\/www.facebook.com\/PressenzaItalia\",\"https:\/\/x.com\/PressenzaIPA\"]},{\"@type\":\"Person\",\"@id\":\"https:\/\/www.pressenza.com\/it\/#\/schema\/person\/d983e81827ae24f2c7b1a2123d197f8d\",\"name\":\"Redazione Italia\",\"description\":\"News from the Pressenza Bureau in Italy\",\"sameAs\":[\"https:\/\/www.pressenza.com\/it\/author\/redazione-italia\/\",\"https:\/\/www.facebook.com\/PressenzaItalia\",\"https:\/\/www.instagram.com\/pressenza_italia\/\",\"https:\/\/x.com\/pressenza_it\",\"https:\/\/www.youtube.com\/channel\/UCSalEIWjE1RSxkwjfftFuqg\"],\"url\":\"https:\/\/www.pressenza.com\/it\/author\/redazione-italia\/\"}]}<\/script>\n<!-- \/ Yoast SEO plugin. -->","yoast_head_json":{"title":"Termini per le procedure di emersione: appello per una sanatoria vera e generalizzata","description":"La richiesta \u00e8 che siano spostati i termini del decreto \"Rilancio\" relativamente alle procedure previste all\u2019articolo 103 per l\u2019emersione\/regolarizzazione dei migranti presenti sul territorio nazionale dal 15 agosto al 30 settembre, per poter garantire l\u2019accesso alle stesse","robots":{"index":"index","follow":"follow","max-snippet":"max-snippet:-1","max-image-preview":"max-image-preview:large","max-video-preview":"max-video-preview:-1"},"canonical":"https:\/\/www.pressenza.com\/it\/2020\/08\/termini-per-le-procedure-di-emersione-appello-per-una-sanatoria-vera-e-generalizzata\/","og_locale":"it_IT","og_type":"article","og_title":"Termini per le procedure di emersione: appello per una sanatoria vera e generalizzata","og_description":"La richiesta \u00e8 che siano spostati i termini del decreto \"Rilancio\" relativamente alle procedure previste all\u2019articolo 103 per l\u2019emersione\/regolarizzazione dei migranti presenti sul territorio nazionale dal 15 agosto al 30 settembre, per poter garantire l\u2019accesso alle stesse","og_url":"https:\/\/www.pressenza.com\/it\/2020\/08\/termini-per-le-procedure-di-emersione-appello-per-una-sanatoria-vera-e-generalizzata\/","og_site_name":"Pressenza","article_publisher":"https:\/\/www.facebook.com\/PressenzaItalia","article_author":"https:\/\/www.facebook.com\/PressenzaItalia","article_published_time":"2020-08-12T14:39:31+00:00","article_modified_time":"2020-08-12T14:44:37+00:00","og_image":[{"width":864,"height":452,"url":"https:\/\/www.pressenza.com\/wp-content\/uploads\/2020\/08\/Sanatoria-subito.jpg","type":"image\/jpeg"}],"author":"Redazione Italia","twitter_card":"summary_large_image","twitter_creator":"@pressenza_it","twitter_site":"@PressenzaIPA","twitter_misc":{"Scritto da":"Redazione Italia","Tempo di lettura stimato":"2 minuti"},"schema":{"@context":"https:\/\/schema.org","@graph":[{"@type":"Article","@id":"https:\/\/www.pressenza.com\/it\/2020\/08\/termini-per-le-procedure-di-emersione-appello-per-una-sanatoria-vera-e-generalizzata\/#article","isPartOf":{"@id":"https:\/\/www.pressenza.com\/it\/2020\/08\/termini-per-le-procedure-di-emersione-appello-per-una-sanatoria-vera-e-generalizzata\/"},"author":{"name":"Redazione Italia","@id":"https:\/\/www.pressenza.com\/it\/#\/schema\/person\/d983e81827ae24f2c7b1a2123d197f8d"},"headline":"Termini per le procedure di emersione: appello per una sanatoria vera e generalizzata","datePublished":"2020-08-12T14:39:31+00:00","dateModified":"2020-08-12T14:44:37+00:00","mainEntityOfPage":{"@id":"https:\/\/www.pressenza.com\/it\/2020\/08\/termini-per-le-procedure-di-emersione-appello-per-una-sanatoria-vera-e-generalizzata\/"},"wordCount":447,"publisher":{"@id":"https:\/\/www.pressenza.com\/it\/#organization"},"image":{"@id":"https:\/\/www.pressenza.com\/it\/2020\/08\/termini-per-le-procedure-di-emersione-appello-per-una-sanatoria-vera-e-generalizzata\/#primaryimage"},"thumbnailUrl":"https:\/\/www.pressenza.com\/wp-content\/uploads\/2020\/08\/Sanatoria-subito.jpg","keywords":["decreto rilancio","migranti","procedure di emersione","sanatoria"],"articleSection":["Comunicati Stampa","Europa","Migranti"],"inLanguage":"it-IT"},{"@type":"WebPage","@id":"https:\/\/www.pressenza.com\/it\/2020\/08\/termini-per-le-procedure-di-emersione-appello-per-una-sanatoria-vera-e-generalizzata\/","url":"https:\/\/www.pressenza.com\/it\/2020\/08\/termini-per-le-procedure-di-emersione-appello-per-una-sanatoria-vera-e-generalizzata\/","name":"Termini per le procedure di emersione: appello per una sanatoria vera e generalizzata","isPartOf":{"@id":"https:\/\/www.pressenza.com\/it\/#website"},"primaryImageOfPage":{"@id":"https:\/\/www.pressenza.com\/it\/2020\/08\/termini-per-le-procedure-di-emersione-appello-per-una-sanatoria-vera-e-generalizzata\/#primaryimage"},"image":{"@id":"https:\/\/www.pressenza.com\/it\/2020\/08\/termini-per-le-procedure-di-emersione-appello-per-una-sanatoria-vera-e-generalizzata\/#primaryimage"},"thumbnailUrl":"https:\/\/www.pressenza.com\/wp-content\/uploads\/2020\/08\/Sanatoria-subito.jpg","datePublished":"2020-08-12T14:39:31+00:00","dateModified":"2020-08-12T14:44:37+00:00","description":"La richiesta \u00e8 che siano spostati i termini del decreto \"Rilancio\" relativamente alle procedure previste all\u2019articolo 103 per l\u2019emersione\/regolarizzazione dei migranti presenti sul territorio nazionale dal 15 agosto al 30 settembre, per poter garantire l\u2019accesso alle stesse","breadcrumb":{"@id":"https:\/\/www.pressenza.com\/it\/2020\/08\/termini-per-le-procedure-di-emersione-appello-per-una-sanatoria-vera-e-generalizzata\/#breadcrumb"},"inLanguage":"it-IT","potentialAction":[{"@type":"ReadAction","target":["https:\/\/www.pressenza.com\/it\/2020\/08\/termini-per-le-procedure-di-emersione-appello-per-una-sanatoria-vera-e-generalizzata\/"]}]},{"@type":"ImageObject","inLanguage":"it-IT","@id":"https:\/\/www.pressenza.com\/it\/2020\/08\/termini-per-le-procedure-di-emersione-appello-per-una-sanatoria-vera-e-generalizzata\/#primaryimage","url":"https:\/\/www.pressenza.com\/wp-content\/uploads\/2020\/08\/Sanatoria-subito.jpg","contentUrl":"https:\/\/www.pressenza.com\/wp-content\/uploads\/2020\/08\/Sanatoria-subito.jpg","width":864,"height":452},{"@type":"BreadcrumbList","@id":"https:\/\/www.pressenza.com\/it\/2020\/08\/termini-per-le-procedure-di-emersione-appello-per-una-sanatoria-vera-e-generalizzata\/#breadcrumb","itemListElement":[{"@type":"ListItem","position":1,"name":"Accueil","item":"https:\/\/www.pressenza.com\/it\/"},{"@type":"ListItem","position":2,"name":"Termini per le procedure di emersione: appello per una sanatoria vera e generalizzata"}]},{"@type":"WebSite","@id":"https:\/\/www.pressenza.com\/it\/#website","url":"https:\/\/www.pressenza.com\/it\/","name":"Pressenza","description":"Agenzia di Stampa Internazionale","publisher":{"@id":"https:\/\/www.pressenza.com\/it\/#organization"},"potentialAction":[{"@type":"SearchAction","target":{"@type":"EntryPoint","urlTemplate":"https:\/\/www.pressenza.com\/it\/?s={search_term_string}"},"query-input":{"@type":"PropertyValueSpecification","valueRequired":true,"valueName":"search_term_string"}}],"inLanguage":"it-IT"},{"@type":"Organization","@id":"https:\/\/www.pressenza.com\/it\/#organization","name":"Pressenza","url":"https:\/\/www.pressenza.com\/it\/","logo":{"@type":"ImageObject","inLanguage":"it-IT","@id":"https:\/\/www.pressenza.com\/it\/#\/schema\/logo\/image\/","url":"https:\/\/www.pressenza.com\/wp-content\/uploads\/2022\/10\/pressenza_logo_200x200.jpg","contentUrl":"https:\/\/www.pressenza.com\/wp-content\/uploads\/2022\/10\/pressenza_logo_200x200.jpg","width":200,"height":200,"caption":"Pressenza"},"image":{"@id":"https:\/\/www.pressenza.com\/it\/#\/schema\/logo\/image\/"},"sameAs":["https:\/\/www.facebook.com\/PressenzaItalia","https:\/\/x.com\/PressenzaIPA"]},{"@type":"Person","@id":"https:\/\/www.pressenza.com\/it\/#\/schema\/person\/d983e81827ae24f2c7b1a2123d197f8d","name":"Redazione Italia","description":"News from the Pressenza Bureau in Italy","sameAs":["https:\/\/www.pressenza.com\/it\/author\/redazione-italia\/","https:\/\/www.facebook.com\/PressenzaItalia","https:\/\/www.instagram.com\/pressenza_italia\/","https:\/\/x.com\/pressenza_it","https:\/\/www.youtube.com\/channel\/UCSalEIWjE1RSxkwjfftFuqg"],"url":"https:\/\/www.pressenza.com\/it\/author\/redazione-italia\/"}]}},"place":"","original_article_url":"","_links":{"self":[{"href":"https:\/\/www.pressenza.com\/it\/wp-json\/wp\/v2\/posts\/1178086","targetHints":{"allow":["GET"]}}],"collection":[{"href":"https:\/\/www.pressenza.com\/it\/wp-json\/wp\/v2\/posts"}],"about":[{"href":"https:\/\/www.pressenza.com\/it\/wp-json\/wp\/v2\/types\/post"}],"author":[{"embeddable":true,"href":"https:\/\/www.pressenza.com\/it\/wp-json\/wp\/v2\/users\/594"}],"replies":[{"embeddable":true,"href":"https:\/\/www.pressenza.com\/it\/wp-json\/wp\/v2\/comments?post=1178086"}],"version-history":[{"count":0,"href":"https:\/\/www.pressenza.com\/it\/wp-json\/wp\/v2\/posts\/1178086\/revisions"}],"wp:featuredmedia":[{"embeddable":true,"href":"https:\/\/www.pressenza.com\/it\/wp-json\/wp\/v2\/media\/1178087"}],"wp:attachment":[{"href":"https:\/\/www.pressenza.com\/it\/wp-json\/wp\/v2\/media?parent=1178086"}],"wp:term":[{"taxonomy":"category","embeddable":true,"href":"https:\/\/www.pressenza.com\/it\/wp-json\/wp\/v2\/categories?post=1178086"},{"taxonomy":"post_tag","embeddable":true,"href":"https:\/\/www.pressenza.com\/it\/wp-json\/wp\/v2\/tags?post=1178086"}],"curies":[{"name":"wp","href":"https:\/\/api.w.org\/{rel}","templated":true}]}}