{"id":1178019,"date":"2020-08-12T11:31:56","date_gmt":"2020-08-12T10:31:56","guid":{"rendered":"https:\/\/www.pressenza.com\/?p=1178019"},"modified":"2020-08-12T11:33:06","modified_gmt":"2020-08-12T10:33:06","slug":"argentina-omicidio-maldonado-indagato-lex-capo-di-gabinetto-di-patricia-bullrich","status":"publish","type":"post","link":"https:\/\/www.pressenza.com\/it\/2020\/08\/argentina-omicidio-maldonado-indagato-lex-capo-di-gabinetto-di-patricia-bullrich\/","title":{"rendered":"Argentina, omicidio Maldonado: indagato l\u2019ex capo di gabinetto di Patricia Bullrich"},"content":{"rendered":"<p><em>Il 1\u00b0 agosto 2017 il ragazzo fu ucciso a seguito dell\u2019attacco poliziesco alla comunit\u00e0 mapuche. Pablo Noceti, insieme alla ministra della Sicurezza macrista, avrebbe obbligato gli agenti a non rivelare quanto accaduto all\u2019epoca dei fatti, ma l\u2019inchiesta si \u00e8 bloccata di nuovo e il caso \u00e8 stato chiuso per la 2\u00b0 volta.<\/em><\/p>\n<p>Gli agenti che parteciparono all\u2019attacco contro la Resistencia Ancestral Mapuche, conclusasi il 1\u00b0 agosto 2017 con l\u2019uccisione dell\u2019attivista Santiago Maldonado, sarebbero stati sottoposti a torture, privati del sonno e sottoposti a minacce di ogni tipo affinch\u00e9, nei giorni successivi all\u2019omicidio del giovane simpatizzante della causa mapuche, dessero una versione dei fatti edulcorata e non corrispondente a quanto realmente accaduto. Il ragazzo argentino, di 28 anni, aveva partecipato alla manifestazione della comunit\u00e0 mapuche Pu Lof nella provincia di Chubut (dipartimento di Cushamen) per il diritto alla terra, repressa con violenza dalla polizia.<\/p>\n<p>A rivelarlo al quotidiano argentino\u00a0<em>P\u00e1gina\/12<\/em>\u00a0\u00e8 stata Rosa Alves, sottosegretaria alla Trasparenza istituzionale del Ministero della Sicurezza di Sabina Frederic, a seguito dell\u2019indagine promossa dalle attuali autorit\u00e0 della Gendarmeria nei confronti di Pablo Noceti, ex capo di gabinetto di Patricia Bullrich, ministra della Sicurezza all\u2019epoca della presidenza di Mauricio Macri.<br \/>\nSecondo quanto sostiene Rosa Alves, sono stati alcuni degli stessi agenti che avevano partecipato allo sgombero dei picchetti mapuche a denunciare di esser stati costretti a dichiarare il falso di fronte alla Giustizia \u201cperch\u00e9 altrimenti il kirchnerismo e le organizzazioni per i diritti umani avrebbero accusato la polizia di aver creato un nuovo caso di sparizione\u201d. Adesso, l\u2019attuale ministero della Sicurezza vuol invece fare piena luce sull\u2019omicidio di Maldonado (il suo corpo fu ritrovato 78 giorni dopo il 1\u00b0 agosto 2017) e sulle violenze commesse dagli agenti.<\/p>\n<p>Le accuse di Rosa Alves sono pesanti perch\u00e9 mettono fortemente in discussione l\u2019operato di Noceti, ma soprattutto di Patricia Bullrich, dalla quale quest\u2019ultimo dipendeva. L\u2019indagine condotta da Felix Crous, attualmente titolare dell\u2019 Oficina Antocorrupci\u00f3n, ha scoperto in breve tempo che l\u2019inchiesta interna condotta dalla Gendarmeria era carente sotto molteplici punti di vista, tra negligenze ed errori che avevano permesso di mettere subito a tacere le responsabilit\u00e0 della polizia. Inoltre, \u00e8 emerso che l\u2019intento dei vertici della Gendarmeria era quello di \u201cdare una lezione ad un movimento terrorista\u201d (cos\u00ec era definita la resistenza mapuche). Senza un ordine proveniente dalle autorit\u00e0 politiche di allora, quell\u2019operazione di forza per sgomberare i mapuche non avrebbe potuto avvenire. Ci fu, quindi, un mandato politico, proveniente da Patricia Bullrich, affinch\u00e9 gli agenti fossero autorizzati all\u2019uso della forza.<\/p>\n<p>Pablo Noceti \u00e8 stato denunciato dall\u2019attuale governo argentino per le sue responsabilit\u00e0 nella morte di Santiago Maldonado. Noceti impart\u00ec ordini \u201cinefficaci e illegali\u201d per organizzare la repressione contro la comunit\u00e0 Pu Lof di Cushamen. Insieme a lui, sono coinvolti nell\u2019indagine anche Gerardo Otero, ex direttore della Gendarmeria, e coloro che dettero ordine di attaccare con violenza i mapuche, in particolare Diego Balari, Fabi\u00e1n M\u00e9ndez e Juan Pablo Escola. \u201cPrima di consegnare il mio cellulare agli inquirenti lo rompo in mille pezzi\u201d, avrebbe dichiarato Pablo Noceti quando seppe che l\u2019indagine su di lui e i suoi uomini era entrata nel vivo.<br \/>\nA seguito della denuncia presentata dal Ministero della Sicurezza (l\u2019inchiesta si era aperta ufficialmente il 22 gennaio 2020), Noceti \u00e8 stato travolto dalle polemiche.<\/p>\n<p>Fu l\u2019ex capo di gabinetto di Patricia Bullrich in persona a invitare gli squadroni della Gendarmeria, agli ordini di Diego Balari, Fabi\u00e1n M\u00e9ndez e Juan Pablo Escola, ad aggredire la comunit\u00e0 mapuche in resistenza nel dipartimento di Cushamen, dove i mapuche avevano dato vita ad un picchetto e a blocchi stradali per chiedere la liberazione del\u00a0<em>lonko<\/em>\u00a0Facundo Jones Huala.<br \/>\nLo sgombero del picchetto mapuche \u00e8 stato ritenuto imprudente dalla giustizia sia perch\u00e9 metteva a rischio l\u2019incolumit\u00e0 fisica dei manifestanti sia perch\u00e9 gli agenti coinvolti nell\u2019operazione non erano preparati per realizzare un intervento di questo tipo.<\/p>\n<p>Nonostante tutto, Noceti ha sempre rivendicato il suo operato, al pari dei militari della dittatura argentina, sostenendo che lo sgombero si era rivelato necessario per fermare la <em>escalada violenta<\/em> della Resistencia Ancestral Mapuche. L\u2019obiettivo dell\u2019azione era quello di arrestare tutti i mapuche della comunit\u00e0 di Lof de Cushamen. A 37 giorni dall\u2019omicidio di Maldonado, Patricia Bullrich fu costretta ad ammettere che Noceti era presente sul luogo dei fatti, dopo essersi affannata a dichiarare, il 16 agosto 2017, che il suo braccio destro non aveva dato alcun ordine in relazione alla parte operativa dello sgombero, ma si era soltanto recato nella zona per sincerarsi di quanto stava accadendo. Nonostante la pubblica rivendicazione della repressione contro i mapuche, definiti da Noceti come \u201cnemico interno\u201d, Bullrich premi\u00f2 il suo capo di gabinetto con una promozione.<br \/>\nTuttavia Sergio Maldonado, fratello di Santiago, continua a rimanere molto scettico sulle possibilit\u00e0 che la coppia Noceti-Bullrich paghi davvero per i fatti del 1\u00b0 agosto 2017. \u201cAnche quando \u00e8 stata indagata Patricia Bullrich poi non \u00e8 accaduto nulla\u201d, ha dichiarato in pi\u00f9 di una circostanza.<\/p>\n<p>Per molto tempo l\u2019allora ministra Bullrich cerc\u00f2 di difendersi dichiarando di non saper niente del caso Maldonado, come facevano i militari con i familiari dei\u00a0<em>desaparecidos<\/em>\u00a0che chiedevano notizie dei loro parenti a seguito del colpo di stato del 24 marzo 1976. La stessa Patricia Bullrich, all\u2019epoca dei fatti, accus\u00f2 addirittura i mapuche di non voler collaborare. \u201cI dreadlocks non sono un\u2019arma, una barba non rappresenta una munizione e mio fratello non \u00e8 un terrorista\u201d, ha sostenuto pi\u00f9 volte il fratello di Santiago Maldonado, ricordando che la sua unica \u201ccolpa\u201d era stata quella di sostenere le battaglie delle comunit\u00e0 mapuche.<\/p>\n<p lang=\"it-IT\">Tuttavia, solo pochi giorni fa, l\u2019inchiesta si \u00e8 bloccata di nuovo. La famiglia di Santiago ha chiesto di indagare per sparizione forzata, ma \u00e8 arrivato il no dalla Cassazione.<\/p>\n<p lang=\"it-IT\"><strong>(*) Fonte: <a href=\"https:\/\/www.peacelink.it\/\">Peacelink<\/a> \u2013 11 agosto 2020<\/strong><\/p>\n","protected":false},"excerpt":{"rendered":"<p>Il 1\u00b0 agosto 2017 il ragazzo fu ucciso a seguito dell\u2019attacco poliziesco alla comunit\u00e0 mapuche. Pablo Noceti, insieme alla ministra della Sicurezza macrista, avrebbe obbligato gli agenti a non rivelare quanto accaduto all\u2019epoca dei fatti, ma l\u2019inchiesta si \u00e8 bloccata&hellip;<\/p>\n","protected":false},"author":1335,"featured_media":1178020,"comment_status":"closed","ping_status":"closed","sticky":false,"template":"","format":"standard","meta":{"footnotes":""},"categories":[162,61,48],"tags":[1688,59173,55136,65665],"class_list":["post-1178019","post","type-post","status-publish","format-standard","has-post-thumbnail","hentry","category-opinioni","category-popoli-aborigeni","category-sud-america","tag-argentina-it","tag-mauricio-macri-it","tag-patricia-bullrich-it","tag-santiago-maldonado-it"],"yoast_head":"<!-- This site is optimized with the Yoast SEO plugin v27.1.1 - https:\/\/yoast.com\/product\/yoast-seo-wordpress\/ -->\n<title>Argentina, omicidio Maldonado: indagato l\u2019ex capo di gabinetto di Patricia Bullrich<\/title>\n<meta name=\"description\" content=\"Il 1\u00b0 agosto 2017 il ragazzo fu ucciso a seguito dell\u2019attacco poliziesco alla comunit\u00e0 mapuche. Pablo Noceti, insieme alla ministra della Sicurezza macrista, avrebbe obbligato gli agenti a non rivelare quanto accaduto all\u2019epoca dei fatti\" \/>\n<meta name=\"robots\" content=\"index, follow, max-snippet:-1, max-image-preview:large, max-video-preview:-1\" \/>\n<link rel=\"canonical\" href=\"https:\/\/www.pressenza.com\/it\/2020\/08\/argentina-omicidio-maldonado-indagato-lex-capo-di-gabinetto-di-patricia-bullrich\/\" \/>\n<meta property=\"og:locale\" content=\"it_IT\" \/>\n<meta property=\"og:type\" content=\"article\" \/>\n<meta property=\"og:title\" content=\"Argentina, omicidio Maldonado: indagato l\u2019ex capo di gabinetto di Patricia Bullrich\" \/>\n<meta property=\"og:description\" content=\"Il 1\u00b0 agosto 2017 il ragazzo fu ucciso a seguito dell\u2019attacco poliziesco alla comunit\u00e0 mapuche. Pablo Noceti, insieme alla ministra della Sicurezza macrista, avrebbe obbligato gli agenti a non rivelare quanto accaduto all\u2019epoca dei fatti\" \/>\n<meta property=\"og:url\" content=\"https:\/\/www.pressenza.com\/it\/2020\/08\/argentina-omicidio-maldonado-indagato-lex-capo-di-gabinetto-di-patricia-bullrich\/\" \/>\n<meta property=\"og:site_name\" content=\"Pressenza\" \/>\n<meta property=\"article:publisher\" content=\"https:\/\/www.facebook.com\/PressenzaItalia\" \/>\n<meta property=\"article:published_time\" content=\"2020-08-12T10:31:56+00:00\" \/>\n<meta property=\"article:modified_time\" content=\"2020-08-12T10:33:06+00:00\" \/>\n<meta property=\"og:image\" content=\"https:\/\/www.pressenza.com\/wp-content\/uploads\/2020\/08\/Santiago-Maldonado.jpg\" \/>\n\t<meta property=\"og:image:width\" content=\"750\" \/>\n\t<meta property=\"og:image:height\" content=\"414\" \/>\n\t<meta property=\"og:image:type\" content=\"image\/jpeg\" \/>\n<meta name=\"author\" content=\"La Bottega del Barbieri\" \/>\n<meta name=\"twitter:card\" content=\"summary_large_image\" \/>\n<meta name=\"twitter:creator\" content=\"@PressenzaIPA\" \/>\n<meta name=\"twitter:site\" content=\"@PressenzaIPA\" \/>\n<meta name=\"twitter:label1\" content=\"Scritto da\" \/>\n\t<meta name=\"twitter:data1\" content=\"La Bottega del Barbieri\" \/>\n\t<meta name=\"twitter:label2\" content=\"Tempo di lettura stimato\" \/>\n\t<meta name=\"twitter:data2\" content=\"5 minuti\" \/>\n<script type=\"application\/ld+json\" class=\"yoast-schema-graph\">{\"@context\":\"https:\/\/schema.org\",\"@graph\":[{\"@type\":\"Article\",\"@id\":\"https:\/\/www.pressenza.com\/it\/2020\/08\/argentina-omicidio-maldonado-indagato-lex-capo-di-gabinetto-di-patricia-bullrich\/#article\",\"isPartOf\":{\"@id\":\"https:\/\/www.pressenza.com\/it\/2020\/08\/argentina-omicidio-maldonado-indagato-lex-capo-di-gabinetto-di-patricia-bullrich\/\"},\"author\":{\"name\":\"La Bottega del Barbieri\",\"@id\":\"https:\/\/www.pressenza.com\/it\/#\/schema\/person\/e576885f1ff4ec20998ad9987486da44\"},\"headline\":\"Argentina, omicidio Maldonado: indagato l\u2019ex capo di gabinetto di Patricia Bullrich\",\"datePublished\":\"2020-08-12T10:31:56+00:00\",\"dateModified\":\"2020-08-12T10:33:06+00:00\",\"mainEntityOfPage\":{\"@id\":\"https:\/\/www.pressenza.com\/it\/2020\/08\/argentina-omicidio-maldonado-indagato-lex-capo-di-gabinetto-di-patricia-bullrich\/\"},\"wordCount\":961,\"publisher\":{\"@id\":\"https:\/\/www.pressenza.com\/it\/#organization\"},\"image\":{\"@id\":\"https:\/\/www.pressenza.com\/it\/2020\/08\/argentina-omicidio-maldonado-indagato-lex-capo-di-gabinetto-di-patricia-bullrich\/#primaryimage\"},\"thumbnailUrl\":\"https:\/\/www.pressenza.com\/wp-content\/uploads\/2020\/08\/Santiago-Maldonado.jpg\",\"keywords\":[\"Argentina\",\"Mauricio Macri\",\"Patricia Bullrich\",\"Santiago Maldonado\"],\"articleSection\":[\"Opinioni\",\"Popoli originari\",\"Sud America\"],\"inLanguage\":\"it-IT\"},{\"@type\":\"WebPage\",\"@id\":\"https:\/\/www.pressenza.com\/it\/2020\/08\/argentina-omicidio-maldonado-indagato-lex-capo-di-gabinetto-di-patricia-bullrich\/\",\"url\":\"https:\/\/www.pressenza.com\/it\/2020\/08\/argentina-omicidio-maldonado-indagato-lex-capo-di-gabinetto-di-patricia-bullrich\/\",\"name\":\"Argentina, omicidio Maldonado: indagato l\u2019ex capo di gabinetto di Patricia Bullrich\",\"isPartOf\":{\"@id\":\"https:\/\/www.pressenza.com\/it\/#website\"},\"primaryImageOfPage\":{\"@id\":\"https:\/\/www.pressenza.com\/it\/2020\/08\/argentina-omicidio-maldonado-indagato-lex-capo-di-gabinetto-di-patricia-bullrich\/#primaryimage\"},\"image\":{\"@id\":\"https:\/\/www.pressenza.com\/it\/2020\/08\/argentina-omicidio-maldonado-indagato-lex-capo-di-gabinetto-di-patricia-bullrich\/#primaryimage\"},\"thumbnailUrl\":\"https:\/\/www.pressenza.com\/wp-content\/uploads\/2020\/08\/Santiago-Maldonado.jpg\",\"datePublished\":\"2020-08-12T10:31:56+00:00\",\"dateModified\":\"2020-08-12T10:33:06+00:00\",\"description\":\"Il 1\u00b0 agosto 2017 il ragazzo fu ucciso a seguito dell\u2019attacco poliziesco alla comunit\u00e0 mapuche. Pablo Noceti, insieme alla ministra della Sicurezza macrista, avrebbe obbligato gli agenti a non rivelare quanto accaduto all\u2019epoca dei fatti\",\"breadcrumb\":{\"@id\":\"https:\/\/www.pressenza.com\/it\/2020\/08\/argentina-omicidio-maldonado-indagato-lex-capo-di-gabinetto-di-patricia-bullrich\/#breadcrumb\"},\"inLanguage\":\"it-IT\",\"potentialAction\":[{\"@type\":\"ReadAction\",\"target\":[\"https:\/\/www.pressenza.com\/it\/2020\/08\/argentina-omicidio-maldonado-indagato-lex-capo-di-gabinetto-di-patricia-bullrich\/\"]}]},{\"@type\":\"ImageObject\",\"inLanguage\":\"it-IT\",\"@id\":\"https:\/\/www.pressenza.com\/it\/2020\/08\/argentina-omicidio-maldonado-indagato-lex-capo-di-gabinetto-di-patricia-bullrich\/#primaryimage\",\"url\":\"https:\/\/www.pressenza.com\/wp-content\/uploads\/2020\/08\/Santiago-Maldonado.jpg\",\"contentUrl\":\"https:\/\/www.pressenza.com\/wp-content\/uploads\/2020\/08\/Santiago-Maldonado.jpg\",\"width\":750,\"height\":414},{\"@type\":\"BreadcrumbList\",\"@id\":\"https:\/\/www.pressenza.com\/it\/2020\/08\/argentina-omicidio-maldonado-indagato-lex-capo-di-gabinetto-di-patricia-bullrich\/#breadcrumb\",\"itemListElement\":[{\"@type\":\"ListItem\",\"position\":1,\"name\":\"Accueil\",\"item\":\"https:\/\/www.pressenza.com\/it\/\"},{\"@type\":\"ListItem\",\"position\":2,\"name\":\"Argentina, omicidio Maldonado: indagato l\u2019ex capo di gabinetto di Patricia Bullrich\"}]},{\"@type\":\"WebSite\",\"@id\":\"https:\/\/www.pressenza.com\/it\/#website\",\"url\":\"https:\/\/www.pressenza.com\/it\/\",\"name\":\"Pressenza\",\"description\":\"Agenzia di Stampa Internazionale\",\"publisher\":{\"@id\":\"https:\/\/www.pressenza.com\/it\/#organization\"},\"potentialAction\":[{\"@type\":\"SearchAction\",\"target\":{\"@type\":\"EntryPoint\",\"urlTemplate\":\"https:\/\/www.pressenza.com\/it\/?s={search_term_string}\"},\"query-input\":{\"@type\":\"PropertyValueSpecification\",\"valueRequired\":true,\"valueName\":\"search_term_string\"}}],\"inLanguage\":\"it-IT\"},{\"@type\":\"Organization\",\"@id\":\"https:\/\/www.pressenza.com\/it\/#organization\",\"name\":\"Pressenza\",\"url\":\"https:\/\/www.pressenza.com\/it\/\",\"logo\":{\"@type\":\"ImageObject\",\"inLanguage\":\"it-IT\",\"@id\":\"https:\/\/www.pressenza.com\/it\/#\/schema\/logo\/image\/\",\"url\":\"https:\/\/www.pressenza.com\/wp-content\/uploads\/2022\/10\/pressenza_logo_200x200.jpg\",\"contentUrl\":\"https:\/\/www.pressenza.com\/wp-content\/uploads\/2022\/10\/pressenza_logo_200x200.jpg\",\"width\":200,\"height\":200,\"caption\":\"Pressenza\"},\"image\":{\"@id\":\"https:\/\/www.pressenza.com\/it\/#\/schema\/logo\/image\/\"},\"sameAs\":[\"https:\/\/www.facebook.com\/PressenzaItalia\",\"https:\/\/x.com\/PressenzaIPA\"]},{\"@type\":\"Person\",\"@id\":\"https:\/\/www.pressenza.com\/it\/#\/schema\/person\/e576885f1ff4ec20998ad9987486da44\",\"name\":\"La Bottega del Barbieri\",\"description\":\"Il Blog di Daniele Barbieri &amp; altr* www.labottegadelbarbieri.org\",\"sameAs\":[\"http:\/\/www.labottegadelbarbieri.org\"],\"url\":\"https:\/\/www.pressenza.com\/it\/author\/la-bottega-del-barbieri\/\"}]}<\/script>\n<!-- \/ Yoast SEO plugin. -->","yoast_head_json":{"title":"Argentina, omicidio Maldonado: indagato l\u2019ex capo di gabinetto di Patricia Bullrich","description":"Il 1\u00b0 agosto 2017 il ragazzo fu ucciso a seguito dell\u2019attacco poliziesco alla comunit\u00e0 mapuche. Pablo Noceti, insieme alla ministra della Sicurezza macrista, avrebbe obbligato gli agenti a non rivelare quanto accaduto all\u2019epoca dei fatti","robots":{"index":"index","follow":"follow","max-snippet":"max-snippet:-1","max-image-preview":"max-image-preview:large","max-video-preview":"max-video-preview:-1"},"canonical":"https:\/\/www.pressenza.com\/it\/2020\/08\/argentina-omicidio-maldonado-indagato-lex-capo-di-gabinetto-di-patricia-bullrich\/","og_locale":"it_IT","og_type":"article","og_title":"Argentina, omicidio Maldonado: indagato l\u2019ex capo di gabinetto di Patricia Bullrich","og_description":"Il 1\u00b0 agosto 2017 il ragazzo fu ucciso a seguito dell\u2019attacco poliziesco alla comunit\u00e0 mapuche. Pablo Noceti, insieme alla ministra della Sicurezza macrista, avrebbe obbligato gli agenti a non rivelare quanto accaduto all\u2019epoca dei fatti","og_url":"https:\/\/www.pressenza.com\/it\/2020\/08\/argentina-omicidio-maldonado-indagato-lex-capo-di-gabinetto-di-patricia-bullrich\/","og_site_name":"Pressenza","article_publisher":"https:\/\/www.facebook.com\/PressenzaItalia","article_published_time":"2020-08-12T10:31:56+00:00","article_modified_time":"2020-08-12T10:33:06+00:00","og_image":[{"width":750,"height":414,"url":"https:\/\/www.pressenza.com\/wp-content\/uploads\/2020\/08\/Santiago-Maldonado.jpg","type":"image\/jpeg"}],"author":"La Bottega del Barbieri","twitter_card":"summary_large_image","twitter_creator":"@PressenzaIPA","twitter_site":"@PressenzaIPA","twitter_misc":{"Scritto da":"La Bottega del Barbieri","Tempo di lettura stimato":"5 minuti"},"schema":{"@context":"https:\/\/schema.org","@graph":[{"@type":"Article","@id":"https:\/\/www.pressenza.com\/it\/2020\/08\/argentina-omicidio-maldonado-indagato-lex-capo-di-gabinetto-di-patricia-bullrich\/#article","isPartOf":{"@id":"https:\/\/www.pressenza.com\/it\/2020\/08\/argentina-omicidio-maldonado-indagato-lex-capo-di-gabinetto-di-patricia-bullrich\/"},"author":{"name":"La Bottega del Barbieri","@id":"https:\/\/www.pressenza.com\/it\/#\/schema\/person\/e576885f1ff4ec20998ad9987486da44"},"headline":"Argentina, omicidio Maldonado: indagato l\u2019ex capo di gabinetto di Patricia Bullrich","datePublished":"2020-08-12T10:31:56+00:00","dateModified":"2020-08-12T10:33:06+00:00","mainEntityOfPage":{"@id":"https:\/\/www.pressenza.com\/it\/2020\/08\/argentina-omicidio-maldonado-indagato-lex-capo-di-gabinetto-di-patricia-bullrich\/"},"wordCount":961,"publisher":{"@id":"https:\/\/www.pressenza.com\/it\/#organization"},"image":{"@id":"https:\/\/www.pressenza.com\/it\/2020\/08\/argentina-omicidio-maldonado-indagato-lex-capo-di-gabinetto-di-patricia-bullrich\/#primaryimage"},"thumbnailUrl":"https:\/\/www.pressenza.com\/wp-content\/uploads\/2020\/08\/Santiago-Maldonado.jpg","keywords":["Argentina","Mauricio Macri","Patricia Bullrich","Santiago Maldonado"],"articleSection":["Opinioni","Popoli originari","Sud America"],"inLanguage":"it-IT"},{"@type":"WebPage","@id":"https:\/\/www.pressenza.com\/it\/2020\/08\/argentina-omicidio-maldonado-indagato-lex-capo-di-gabinetto-di-patricia-bullrich\/","url":"https:\/\/www.pressenza.com\/it\/2020\/08\/argentina-omicidio-maldonado-indagato-lex-capo-di-gabinetto-di-patricia-bullrich\/","name":"Argentina, omicidio Maldonado: indagato l\u2019ex capo di gabinetto di Patricia Bullrich","isPartOf":{"@id":"https:\/\/www.pressenza.com\/it\/#website"},"primaryImageOfPage":{"@id":"https:\/\/www.pressenza.com\/it\/2020\/08\/argentina-omicidio-maldonado-indagato-lex-capo-di-gabinetto-di-patricia-bullrich\/#primaryimage"},"image":{"@id":"https:\/\/www.pressenza.com\/it\/2020\/08\/argentina-omicidio-maldonado-indagato-lex-capo-di-gabinetto-di-patricia-bullrich\/#primaryimage"},"thumbnailUrl":"https:\/\/www.pressenza.com\/wp-content\/uploads\/2020\/08\/Santiago-Maldonado.jpg","datePublished":"2020-08-12T10:31:56+00:00","dateModified":"2020-08-12T10:33:06+00:00","description":"Il 1\u00b0 agosto 2017 il ragazzo fu ucciso a seguito dell\u2019attacco poliziesco alla comunit\u00e0 mapuche. Pablo Noceti, insieme alla ministra della Sicurezza macrista, avrebbe obbligato gli agenti a non rivelare quanto accaduto all\u2019epoca dei fatti","breadcrumb":{"@id":"https:\/\/www.pressenza.com\/it\/2020\/08\/argentina-omicidio-maldonado-indagato-lex-capo-di-gabinetto-di-patricia-bullrich\/#breadcrumb"},"inLanguage":"it-IT","potentialAction":[{"@type":"ReadAction","target":["https:\/\/www.pressenza.com\/it\/2020\/08\/argentina-omicidio-maldonado-indagato-lex-capo-di-gabinetto-di-patricia-bullrich\/"]}]},{"@type":"ImageObject","inLanguage":"it-IT","@id":"https:\/\/www.pressenza.com\/it\/2020\/08\/argentina-omicidio-maldonado-indagato-lex-capo-di-gabinetto-di-patricia-bullrich\/#primaryimage","url":"https:\/\/www.pressenza.com\/wp-content\/uploads\/2020\/08\/Santiago-Maldonado.jpg","contentUrl":"https:\/\/www.pressenza.com\/wp-content\/uploads\/2020\/08\/Santiago-Maldonado.jpg","width":750,"height":414},{"@type":"BreadcrumbList","@id":"https:\/\/www.pressenza.com\/it\/2020\/08\/argentina-omicidio-maldonado-indagato-lex-capo-di-gabinetto-di-patricia-bullrich\/#breadcrumb","itemListElement":[{"@type":"ListItem","position":1,"name":"Accueil","item":"https:\/\/www.pressenza.com\/it\/"},{"@type":"ListItem","position":2,"name":"Argentina, omicidio Maldonado: indagato l\u2019ex capo di gabinetto di Patricia Bullrich"}]},{"@type":"WebSite","@id":"https:\/\/www.pressenza.com\/it\/#website","url":"https:\/\/www.pressenza.com\/it\/","name":"Pressenza","description":"Agenzia di Stampa Internazionale","publisher":{"@id":"https:\/\/www.pressenza.com\/it\/#organization"},"potentialAction":[{"@type":"SearchAction","target":{"@type":"EntryPoint","urlTemplate":"https:\/\/www.pressenza.com\/it\/?s={search_term_string}"},"query-input":{"@type":"PropertyValueSpecification","valueRequired":true,"valueName":"search_term_string"}}],"inLanguage":"it-IT"},{"@type":"Organization","@id":"https:\/\/www.pressenza.com\/it\/#organization","name":"Pressenza","url":"https:\/\/www.pressenza.com\/it\/","logo":{"@type":"ImageObject","inLanguage":"it-IT","@id":"https:\/\/www.pressenza.com\/it\/#\/schema\/logo\/image\/","url":"https:\/\/www.pressenza.com\/wp-content\/uploads\/2022\/10\/pressenza_logo_200x200.jpg","contentUrl":"https:\/\/www.pressenza.com\/wp-content\/uploads\/2022\/10\/pressenza_logo_200x200.jpg","width":200,"height":200,"caption":"Pressenza"},"image":{"@id":"https:\/\/www.pressenza.com\/it\/#\/schema\/logo\/image\/"},"sameAs":["https:\/\/www.facebook.com\/PressenzaItalia","https:\/\/x.com\/PressenzaIPA"]},{"@type":"Person","@id":"https:\/\/www.pressenza.com\/it\/#\/schema\/person\/e576885f1ff4ec20998ad9987486da44","name":"La Bottega del Barbieri","description":"Il Blog di Daniele Barbieri &amp; altr* www.labottegadelbarbieri.org","sameAs":["http:\/\/www.labottegadelbarbieri.org"],"url":"https:\/\/www.pressenza.com\/it\/author\/la-bottega-del-barbieri\/"}]}},"place":"David Lifodi","original_article_url":"http:\/\/www.labottegadelbarbieri.org\/argentina-per-lomicidio-maldonado-indagato-lex-capo-di-gabinetto-di-patricia-bullrich\/","_links":{"self":[{"href":"https:\/\/www.pressenza.com\/it\/wp-json\/wp\/v2\/posts\/1178019","targetHints":{"allow":["GET"]}}],"collection":[{"href":"https:\/\/www.pressenza.com\/it\/wp-json\/wp\/v2\/posts"}],"about":[{"href":"https:\/\/www.pressenza.com\/it\/wp-json\/wp\/v2\/types\/post"}],"author":[{"embeddable":true,"href":"https:\/\/www.pressenza.com\/it\/wp-json\/wp\/v2\/users\/1335"}],"replies":[{"embeddable":true,"href":"https:\/\/www.pressenza.com\/it\/wp-json\/wp\/v2\/comments?post=1178019"}],"version-history":[{"count":0,"href":"https:\/\/www.pressenza.com\/it\/wp-json\/wp\/v2\/posts\/1178019\/revisions"}],"wp:featuredmedia":[{"embeddable":true,"href":"https:\/\/www.pressenza.com\/it\/wp-json\/wp\/v2\/media\/1178020"}],"wp:attachment":[{"href":"https:\/\/www.pressenza.com\/it\/wp-json\/wp\/v2\/media?parent=1178019"}],"wp:term":[{"taxonomy":"category","embeddable":true,"href":"https:\/\/www.pressenza.com\/it\/wp-json\/wp\/v2\/categories?post=1178019"},{"taxonomy":"post_tag","embeddable":true,"href":"https:\/\/www.pressenza.com\/it\/wp-json\/wp\/v2\/tags?post=1178019"}],"curies":[{"name":"wp","href":"https:\/\/api.w.org\/{rel}","templated":true}]}}