{"id":117650,"date":"2014-07-09T09:05:05","date_gmt":"2014-07-09T08:05:05","guid":{"rendered":"http:\/\/www.pressenza.com\/?p=117650"},"modified":"2014-07-09T09:05:35","modified_gmt":"2014-07-09T08:05:35","slug":"arrivano-sesto-san-giovanni-i-piccoli-ambasciatori-pace","status":"publish","type":"post","link":"https:\/\/www.pressenza.com\/it\/2014\/07\/arrivano-sesto-san-giovanni-i-piccoli-ambasciatori-pace\/","title":{"rendered":"Arrivano a Sesto San Giovanni i piccoli ambasciatori di pace"},"content":{"rendered":"<p align=\"left\">Venerd\u00ec\u00a011 luglio 2014 alle ore 20.30 si terr\u00e0 allo Spazio Arte di Sesto San Giovanni (Milano) la festa di benvenuto da parte della cittadinanza al gruppo di dieci bambini provenienti dal Saharawi, il paese che lotta da oltre 40 anni per la propria autodeterminazione. Si tratta di un progetto di accoglienza estiva di un gruppo di bimbi che arrivano dai campi profughi di Tindouf in Algeria, promosso dal Comune di Sesto San Giovanni e da Karama, associazione di solidariet\u00e0 con il popolo saharawi. Il loro arrivo \u00e8 previsto per l\u20198 luglio; rimarranno fino al 23 luglio, per poi essere ospitati in altri comuni della Lombardia e della Liguria. Interverr\u00e0 Elena Iannizzi<b>, <\/b>assessora alla Cooperazione internazionale<b><\/b><\/p>\n<p align=\"left\">Il progetto di accoglienza dei piccoli ambasciatori di pace provenienti dal deserto del Sahara Occidentale ha lo scopo di offrire loro l\u2019opportunit\u00e0 di allontanarsi dal deserto nel periodo pi\u00f9 caldo, di beneficiare di un\u2019alimentazione sana e completa e di poter fruire di controlli sanitari, il tutto in un\u2019atmosfera ospitale ed accogliente creata da numerosi cittadini volontari che si prestano ad accompagnare ed intrattenere i ragazzi durante il loro soggiorno presso una scuola pubblica della citt\u00e0.<\/p>\n<p align=\"left\">Sostengono l\u2019accoglienza: Sodexo, Comitato Soci Sesto S.G. Coop Lombardia, Decathlon, Anpi, Sesto Solidale, Caritas Salesiani, Auser, Cooperazione sestese, Gaspacho, Associazione da donna a donna, Geas nuoto, Centro odontoprotesi Corneo, Ospedale Citt\u00e0 di Sesto San Giovanni, Centro sociale Baldina,\u00a0Fondazione la Pelucca, Sconfinando, Nuova Torretta.<\/p>\n<p align=\"left\">Per informazioni: <a title=\"blocked::http:\/\/www.sestosg.net\/sportelli\/citta\/cooperazione\/scheda\/,294\" href=\"http:\/\/www.sestosg.net\/sportelli\/citta\/cooperazione\/scheda\/,294\" target=\"_blank\">http:\/\/www.sestosg.net\/sportelli\/citta\/cooperazione\/scheda\/,294<\/a><\/p>\n<p align=\"left\">Pagina Facebook di Karama: <a href=\"https:\/\/www.facebook.com\/KaramaAssociazioneDiSolidarietaConIlPopoloSaharawi\/timeline\" target=\"_blank\">https:\/\/www.facebook.com\/KaramaAssociazioneDiSolidarietaConIlPopoloSaharawi\/timeline<\/a><\/p>\n<p align=\"left\">CHI E\u2019 KARAMA<\/p>\n<p align=\"left\">Karama \u00e8 un&#8217;associazione di solidariet\u00e0 con il popolo saharawi che ha sede a Sesto San Giovanni, in provincia di Milano. Nata nell\u2019ottobre 2012 l&#8217;associazione rappresenta la naturale evoluzione di un percorso lungo oltre sedici anni, che ha unito la citt\u00e0 di Sesto San Giovanni con i campi profughi di Tindouf nel cuore del deserto algerino, portando molti sestesi a innamorarsi della causa Saharawi, fino a raggiunge Tindouf, oltre ad ospitare in citt\u00e0 un saharawi, in qualit\u00e0 di delegato del Fronte Polisario. Con la nascita di Karama (termine che significa &#8220;Dignit\u00e0&#8221; e che vuole richiamare una delle qualit\u00e0 pi\u00f9 nobili del popolo saharawi) la lunga amicizia tra la citt\u00e0 e il popolo saharawi \u00e8 stata suggellata, grazie non solo al determinante sostegno delle istituzioni, in primis del Comune, ma anche dal forte legame tra i due popoli, che nasce e si alimenta tra la gente nel cuore della societ\u00e0 civile.<\/p>\n<p>CHI SONO I SAHARAWI<br \/>\nIl popolo saharawi risiede nel Sahara Occidentale, stato che si trova a sud del Marocco sull&#8217;Oceano Atlantico. Il Sahara Occidentale \u00e8 stato colonizzato dagli spagnoli fino al 1975. Alla morte di Franco la Spagna ha deluso le speranze dei saharawi, che attendevano un referendum di autodeterminazione, preferendo vendere il paese a Marocco e Mauritania, che lo\u00a0hanno rispettivamente invaso da nord e da sud. Questa duplice invasione \u00e8 stata tutt&#8217;altro che pacifica e i saharawi che hanno potuto sono fuggiti verso l&#8217;unico confine praticabile, la piccola striscia che li unisce all&#8217;Algeria. Nel deserto algerino, dove si sono rifugiate circa 400.000 persone, sono stati costruiti degli immensi campi profughi prevalentemente composti da tendopoli, nelle quali da allora vive una parte del popolo saharawi.<\/p>\n<p>IL MOVIMENTO ITALIANO PRO-SAHARAWI<br \/>\nLe iniziative di solidariet\u00e0 con i saharawi in Italia iniziano quasi subito dopo l&#8217;invasione del Sahara Occidentale da parte del Marocco, ma cominciano a strutturarsi con la presenza dei primi gruppi di bambini saharawi in vacanza durante l\u2019estate in Toscana, agli inizi degli anni Ottanta. Attraverso l&#8217;ospitalit\u00e0 dei bambini e i viaggi di conoscenza, in questi anni sono sorti numerosi comitati e associazioni di solidariet\u00e0, si sono moltiplicati i gemellaggi e sviluppate svariate iniziative in quasi tutte le regioni d&#8217;Italia:<br \/>\n1. Attivit\u00e0 di sostegno politico alla causa saharawi, attraverso la mobilitazione degli enti locali e la pressione sul governo italiano e sull&#8217;Unione Europea.<br \/>\n2. Invio di aiuti alle tendopoli saharawi, sostegno a progetti di intervento e all&#8217;ospitalit\u00e0 di saharawi per motivi di studio o di salute.<br \/>\n3. Ospitalit\u00e0 di gruppi di bambini saharawi in estate.<\/p>\n<p>LA SITUAZIONE OGGI<br \/>\nDopo aver boicottato in tutti i modi lo svolgimento del referendum (grazie all&#8217;appoggio dei paesi europei, in particolare la Francia e all&#8217;assenza politica dell&#8217;ONU), il Marocco ha scoperto definitivamente le carte, proponendo la creazione della provincia &#8220;autonoma&#8221; del Sahara Occidentale all&#8217;interno del regno marocchino.<\/p>\n<p align=\"left\">L&#8217;opposizione del Fronte Polisario \u00e8 stata immediata, mentre l&#8217;ONU e i maggior paesi occidentali sembrano disposti ad appoggiare tale soluzione, anche se per ora la decisione \u00e8 sospesa e la MINURSO (la missione di pace dell\u2019ONU) continua ad essere presente nel Sahara Occidentale.<\/p>\n<p align=\"left\">Il movimento di sostegno al popolo saharawi ha preso posizione ribadendo la necessit\u00e0 di portare fino in fondo le risoluzioni dell&#8217;ONU svolgendo il referendum; l&#8217;altro obiettivo \u00e8 la richiesta al governo Italiano di riconoscere il Fronte Polisario come rappresentante del popolo saharawi.<\/p>\n<p>&nbsp;<\/p>\n","protected":false},"excerpt":{"rendered":"<p>Venerd\u00ec\u00a011 luglio 2014 alle ore 20.30 si terr\u00e0 allo Spazio Arte di Sesto San Giovanni (Milano) la festa di benvenuto da parte della cittadinanza al gruppo di dieci bambini provenienti dal Saharawi, il paese che lotta da oltre 40 anni&hellip;<\/p>\n","protected":false},"author":941,"featured_media":117651,"comment_status":"closed","ping_status":"open","sticky":false,"template":"","format":"standard","meta":{"footnotes":""},"categories":[45,60,47,61],"tags":[4090,208,991,11347],"class_list":["post-117650","post","type-post","status-publish","format-standard","has-post-thumbnail","hentry","category-africa-it","category-diritti-umani","category-europa","category-popoli-aborigeni","tag-marocco","tag-onu","tag-saharawi","tag-sesto-san-giovanni"],"yoast_head":"<!-- This site is optimized with the Yoast SEO plugin v27.1.1 - https:\/\/yoast.com\/product\/yoast-seo-wordpress\/ -->\n<title>Arrivano a Sesto San Giovanni i piccoli ambasciatori di pace<\/title>\n<meta name=\"description\" content=\"Venerd\u00ec\u00a011 luglio 2014 alle ore 20.30 si terr\u00e0 allo Spazio Arte di Sesto San Giovanni (Milano) la festa di benvenuto da parte della cittadinanza al gruppo\" \/>\n<meta name=\"robots\" content=\"index, follow, max-snippet:-1, max-image-preview:large, max-video-preview:-1\" \/>\n<link rel=\"canonical\" href=\"https:\/\/www.pressenza.com\/it\/2014\/07\/arrivano-sesto-san-giovanni-i-piccoli-ambasciatori-pace\/\" \/>\n<meta property=\"og:locale\" content=\"it_IT\" \/>\n<meta property=\"og:type\" content=\"article\" \/>\n<meta property=\"og:title\" content=\"Arrivano a Sesto San Giovanni i piccoli ambasciatori di pace\" \/>\n<meta property=\"og:description\" content=\"Venerd\u00ec\u00a011 luglio 2014 alle ore 20.30 si terr\u00e0 allo Spazio Arte di Sesto San Giovanni (Milano) la festa di benvenuto da parte della cittadinanza al gruppo\" \/>\n<meta property=\"og:url\" content=\"https:\/\/www.pressenza.com\/it\/2014\/07\/arrivano-sesto-san-giovanni-i-piccoli-ambasciatori-pace\/\" \/>\n<meta property=\"og:site_name\" content=\"Pressenza\" \/>\n<meta property=\"article:publisher\" content=\"https:\/\/www.facebook.com\/PressenzaItalia\" \/>\n<meta property=\"article:published_time\" content=\"2014-07-09T08:05:05+00:00\" \/>\n<meta property=\"article:modified_time\" content=\"2014-07-09T08:05:35+00:00\" \/>\n<meta property=\"og:image\" content=\"https:\/\/www.pressenza.com\/wp-content\/uploads\/2014\/07\/saharawi2.jpg\" \/>\n\t<meta property=\"og:image:width\" content=\"960\" \/>\n\t<meta property=\"og:image:height\" content=\"835\" \/>\n\t<meta property=\"og:image:type\" content=\"image\/jpeg\" \/>\n<meta name=\"author\" content=\"Antonella Freggiaro\" \/>\n<meta name=\"twitter:card\" content=\"summary_large_image\" \/>\n<meta name=\"twitter:creator\" content=\"@PressenzaIPA\" \/>\n<meta name=\"twitter:site\" content=\"@PressenzaIPA\" \/>\n<meta name=\"twitter:label1\" content=\"Scritto da\" \/>\n\t<meta name=\"twitter:data1\" content=\"Antonella Freggiaro\" \/>\n\t<meta name=\"twitter:label2\" content=\"Tempo di lettura stimato\" \/>\n\t<meta name=\"twitter:data2\" content=\"4 minuti\" \/>\n<script type=\"application\/ld+json\" class=\"yoast-schema-graph\">{\"@context\":\"https:\/\/schema.org\",\"@graph\":[{\"@type\":\"Article\",\"@id\":\"https:\/\/www.pressenza.com\/it\/2014\/07\/arrivano-sesto-san-giovanni-i-piccoli-ambasciatori-pace\/#article\",\"isPartOf\":{\"@id\":\"https:\/\/www.pressenza.com\/it\/2014\/07\/arrivano-sesto-san-giovanni-i-piccoli-ambasciatori-pace\/\"},\"author\":{\"name\":\"Antonella Freggiaro\",\"@id\":\"https:\/\/www.pressenza.com\/it\/#\/schema\/person\/3e5837299c96e9fe8354a3f2dcd7d89f\"},\"headline\":\"Arrivano a Sesto San Giovanni i piccoli ambasciatori di pace\",\"datePublished\":\"2014-07-09T08:05:05+00:00\",\"dateModified\":\"2014-07-09T08:05:35+00:00\",\"mainEntityOfPage\":{\"@id\":\"https:\/\/www.pressenza.com\/it\/2014\/07\/arrivano-sesto-san-giovanni-i-piccoli-ambasciatori-pace\/\"},\"wordCount\":823,\"publisher\":{\"@id\":\"https:\/\/www.pressenza.com\/it\/#organization\"},\"image\":{\"@id\":\"https:\/\/www.pressenza.com\/it\/2014\/07\/arrivano-sesto-san-giovanni-i-piccoli-ambasciatori-pace\/#primaryimage\"},\"thumbnailUrl\":\"https:\/\/www.pressenza.com\/wp-content\/uploads\/2014\/07\/saharawi2.jpg\",\"keywords\":[\"Marocco\",\"ONU\",\"saharawi\",\"Sesto San Giovanni\"],\"articleSection\":[\"Africa\",\"Diritti Umani\",\"Europa\",\"Popoli originari\"],\"inLanguage\":\"it-IT\"},{\"@type\":\"WebPage\",\"@id\":\"https:\/\/www.pressenza.com\/it\/2014\/07\/arrivano-sesto-san-giovanni-i-piccoli-ambasciatori-pace\/\",\"url\":\"https:\/\/www.pressenza.com\/it\/2014\/07\/arrivano-sesto-san-giovanni-i-piccoli-ambasciatori-pace\/\",\"name\":\"Arrivano a Sesto San Giovanni i piccoli ambasciatori di pace\",\"isPartOf\":{\"@id\":\"https:\/\/www.pressenza.com\/it\/#website\"},\"primaryImageOfPage\":{\"@id\":\"https:\/\/www.pressenza.com\/it\/2014\/07\/arrivano-sesto-san-giovanni-i-piccoli-ambasciatori-pace\/#primaryimage\"},\"image\":{\"@id\":\"https:\/\/www.pressenza.com\/it\/2014\/07\/arrivano-sesto-san-giovanni-i-piccoli-ambasciatori-pace\/#primaryimage\"},\"thumbnailUrl\":\"https:\/\/www.pressenza.com\/wp-content\/uploads\/2014\/07\/saharawi2.jpg\",\"datePublished\":\"2014-07-09T08:05:05+00:00\",\"dateModified\":\"2014-07-09T08:05:35+00:00\",\"description\":\"Venerd\u00ec\u00a011 luglio 2014 alle ore 20.30 si terr\u00e0 allo Spazio Arte di Sesto San Giovanni (Milano) la festa di benvenuto da parte della cittadinanza al gruppo\",\"breadcrumb\":{\"@id\":\"https:\/\/www.pressenza.com\/it\/2014\/07\/arrivano-sesto-san-giovanni-i-piccoli-ambasciatori-pace\/#breadcrumb\"},\"inLanguage\":\"it-IT\",\"potentialAction\":[{\"@type\":\"ReadAction\",\"target\":[\"https:\/\/www.pressenza.com\/it\/2014\/07\/arrivano-sesto-san-giovanni-i-piccoli-ambasciatori-pace\/\"]}]},{\"@type\":\"ImageObject\",\"inLanguage\":\"it-IT\",\"@id\":\"https:\/\/www.pressenza.com\/it\/2014\/07\/arrivano-sesto-san-giovanni-i-piccoli-ambasciatori-pace\/#primaryimage\",\"url\":\"https:\/\/www.pressenza.com\/wp-content\/uploads\/2014\/07\/saharawi2.jpg\",\"contentUrl\":\"https:\/\/www.pressenza.com\/wp-content\/uploads\/2014\/07\/saharawi2.jpg\",\"width\":960,\"height\":835},{\"@type\":\"BreadcrumbList\",\"@id\":\"https:\/\/www.pressenza.com\/it\/2014\/07\/arrivano-sesto-san-giovanni-i-piccoli-ambasciatori-pace\/#breadcrumb\",\"itemListElement\":[{\"@type\":\"ListItem\",\"position\":1,\"name\":\"Accueil\",\"item\":\"https:\/\/www.pressenza.com\/it\/\"},{\"@type\":\"ListItem\",\"position\":2,\"name\":\"Arrivano a Sesto San Giovanni i piccoli ambasciatori di pace\"}]},{\"@type\":\"WebSite\",\"@id\":\"https:\/\/www.pressenza.com\/it\/#website\",\"url\":\"https:\/\/www.pressenza.com\/it\/\",\"name\":\"Pressenza\",\"description\":\"Agenzia di Stampa Internazionale\",\"publisher\":{\"@id\":\"https:\/\/www.pressenza.com\/it\/#organization\"},\"potentialAction\":[{\"@type\":\"SearchAction\",\"target\":{\"@type\":\"EntryPoint\",\"urlTemplate\":\"https:\/\/www.pressenza.com\/it\/?s={search_term_string}\"},\"query-input\":{\"@type\":\"PropertyValueSpecification\",\"valueRequired\":true,\"valueName\":\"search_term_string\"}}],\"inLanguage\":\"it-IT\"},{\"@type\":\"Organization\",\"@id\":\"https:\/\/www.pressenza.com\/it\/#organization\",\"name\":\"Pressenza\",\"url\":\"https:\/\/www.pressenza.com\/it\/\",\"logo\":{\"@type\":\"ImageObject\",\"inLanguage\":\"it-IT\",\"@id\":\"https:\/\/www.pressenza.com\/it\/#\/schema\/logo\/image\/\",\"url\":\"https:\/\/www.pressenza.com\/wp-content\/uploads\/2022\/10\/pressenza_logo_200x200.jpg\",\"contentUrl\":\"https:\/\/www.pressenza.com\/wp-content\/uploads\/2022\/10\/pressenza_logo_200x200.jpg\",\"width\":200,\"height\":200,\"caption\":\"Pressenza\"},\"image\":{\"@id\":\"https:\/\/www.pressenza.com\/it\/#\/schema\/logo\/image\/\"},\"sameAs\":[\"https:\/\/www.facebook.com\/PressenzaItalia\",\"https:\/\/x.com\/PressenzaIPA\"]},{\"@type\":\"Person\",\"@id\":\"https:\/\/www.pressenza.com\/it\/#\/schema\/person\/3e5837299c96e9fe8354a3f2dcd7d89f\",\"name\":\"Antonella Freggiaro\",\"description\":\"Antonella Freggiaro, presidente dell'associazione Abarek\u00e0-Nandree, \u00e8 impegnata da anni in Mali in progetti nel campo dell'educazione, della nonviolenza e della sanit\u00e0.\",\"url\":\"https:\/\/www.pressenza.com\/it\/author\/antonella-freggiaro\/\"}]}<\/script>\n<!-- \/ Yoast SEO plugin. -->","yoast_head_json":{"title":"Arrivano a Sesto San Giovanni i piccoli ambasciatori di pace","description":"Venerd\u00ec\u00a011 luglio 2014 alle ore 20.30 si terr\u00e0 allo Spazio Arte di Sesto San Giovanni (Milano) la festa di benvenuto da parte della cittadinanza al gruppo","robots":{"index":"index","follow":"follow","max-snippet":"max-snippet:-1","max-image-preview":"max-image-preview:large","max-video-preview":"max-video-preview:-1"},"canonical":"https:\/\/www.pressenza.com\/it\/2014\/07\/arrivano-sesto-san-giovanni-i-piccoli-ambasciatori-pace\/","og_locale":"it_IT","og_type":"article","og_title":"Arrivano a Sesto San Giovanni i piccoli ambasciatori di pace","og_description":"Venerd\u00ec\u00a011 luglio 2014 alle ore 20.30 si terr\u00e0 allo Spazio Arte di Sesto San Giovanni (Milano) la festa di benvenuto da parte della cittadinanza al gruppo","og_url":"https:\/\/www.pressenza.com\/it\/2014\/07\/arrivano-sesto-san-giovanni-i-piccoli-ambasciatori-pace\/","og_site_name":"Pressenza","article_publisher":"https:\/\/www.facebook.com\/PressenzaItalia","article_published_time":"2014-07-09T08:05:05+00:00","article_modified_time":"2014-07-09T08:05:35+00:00","og_image":[{"width":960,"height":835,"url":"https:\/\/www.pressenza.com\/wp-content\/uploads\/2014\/07\/saharawi2.jpg","type":"image\/jpeg"}],"author":"Antonella Freggiaro","twitter_card":"summary_large_image","twitter_creator":"@PressenzaIPA","twitter_site":"@PressenzaIPA","twitter_misc":{"Scritto da":"Antonella Freggiaro","Tempo di lettura stimato":"4 minuti"},"schema":{"@context":"https:\/\/schema.org","@graph":[{"@type":"Article","@id":"https:\/\/www.pressenza.com\/it\/2014\/07\/arrivano-sesto-san-giovanni-i-piccoli-ambasciatori-pace\/#article","isPartOf":{"@id":"https:\/\/www.pressenza.com\/it\/2014\/07\/arrivano-sesto-san-giovanni-i-piccoli-ambasciatori-pace\/"},"author":{"name":"Antonella Freggiaro","@id":"https:\/\/www.pressenza.com\/it\/#\/schema\/person\/3e5837299c96e9fe8354a3f2dcd7d89f"},"headline":"Arrivano a Sesto San Giovanni i piccoli ambasciatori di pace","datePublished":"2014-07-09T08:05:05+00:00","dateModified":"2014-07-09T08:05:35+00:00","mainEntityOfPage":{"@id":"https:\/\/www.pressenza.com\/it\/2014\/07\/arrivano-sesto-san-giovanni-i-piccoli-ambasciatori-pace\/"},"wordCount":823,"publisher":{"@id":"https:\/\/www.pressenza.com\/it\/#organization"},"image":{"@id":"https:\/\/www.pressenza.com\/it\/2014\/07\/arrivano-sesto-san-giovanni-i-piccoli-ambasciatori-pace\/#primaryimage"},"thumbnailUrl":"https:\/\/www.pressenza.com\/wp-content\/uploads\/2014\/07\/saharawi2.jpg","keywords":["Marocco","ONU","saharawi","Sesto San Giovanni"],"articleSection":["Africa","Diritti Umani","Europa","Popoli originari"],"inLanguage":"it-IT"},{"@type":"WebPage","@id":"https:\/\/www.pressenza.com\/it\/2014\/07\/arrivano-sesto-san-giovanni-i-piccoli-ambasciatori-pace\/","url":"https:\/\/www.pressenza.com\/it\/2014\/07\/arrivano-sesto-san-giovanni-i-piccoli-ambasciatori-pace\/","name":"Arrivano a Sesto San Giovanni i piccoli ambasciatori di pace","isPartOf":{"@id":"https:\/\/www.pressenza.com\/it\/#website"},"primaryImageOfPage":{"@id":"https:\/\/www.pressenza.com\/it\/2014\/07\/arrivano-sesto-san-giovanni-i-piccoli-ambasciatori-pace\/#primaryimage"},"image":{"@id":"https:\/\/www.pressenza.com\/it\/2014\/07\/arrivano-sesto-san-giovanni-i-piccoli-ambasciatori-pace\/#primaryimage"},"thumbnailUrl":"https:\/\/www.pressenza.com\/wp-content\/uploads\/2014\/07\/saharawi2.jpg","datePublished":"2014-07-09T08:05:05+00:00","dateModified":"2014-07-09T08:05:35+00:00","description":"Venerd\u00ec\u00a011 luglio 2014 alle ore 20.30 si terr\u00e0 allo Spazio Arte di Sesto San Giovanni (Milano) la festa di benvenuto da parte della cittadinanza al gruppo","breadcrumb":{"@id":"https:\/\/www.pressenza.com\/it\/2014\/07\/arrivano-sesto-san-giovanni-i-piccoli-ambasciatori-pace\/#breadcrumb"},"inLanguage":"it-IT","potentialAction":[{"@type":"ReadAction","target":["https:\/\/www.pressenza.com\/it\/2014\/07\/arrivano-sesto-san-giovanni-i-piccoli-ambasciatori-pace\/"]}]},{"@type":"ImageObject","inLanguage":"it-IT","@id":"https:\/\/www.pressenza.com\/it\/2014\/07\/arrivano-sesto-san-giovanni-i-piccoli-ambasciatori-pace\/#primaryimage","url":"https:\/\/www.pressenza.com\/wp-content\/uploads\/2014\/07\/saharawi2.jpg","contentUrl":"https:\/\/www.pressenza.com\/wp-content\/uploads\/2014\/07\/saharawi2.jpg","width":960,"height":835},{"@type":"BreadcrumbList","@id":"https:\/\/www.pressenza.com\/it\/2014\/07\/arrivano-sesto-san-giovanni-i-piccoli-ambasciatori-pace\/#breadcrumb","itemListElement":[{"@type":"ListItem","position":1,"name":"Accueil","item":"https:\/\/www.pressenza.com\/it\/"},{"@type":"ListItem","position":2,"name":"Arrivano a Sesto San Giovanni i piccoli ambasciatori di pace"}]},{"@type":"WebSite","@id":"https:\/\/www.pressenza.com\/it\/#website","url":"https:\/\/www.pressenza.com\/it\/","name":"Pressenza","description":"Agenzia di Stampa Internazionale","publisher":{"@id":"https:\/\/www.pressenza.com\/it\/#organization"},"potentialAction":[{"@type":"SearchAction","target":{"@type":"EntryPoint","urlTemplate":"https:\/\/www.pressenza.com\/it\/?s={search_term_string}"},"query-input":{"@type":"PropertyValueSpecification","valueRequired":true,"valueName":"search_term_string"}}],"inLanguage":"it-IT"},{"@type":"Organization","@id":"https:\/\/www.pressenza.com\/it\/#organization","name":"Pressenza","url":"https:\/\/www.pressenza.com\/it\/","logo":{"@type":"ImageObject","inLanguage":"it-IT","@id":"https:\/\/www.pressenza.com\/it\/#\/schema\/logo\/image\/","url":"https:\/\/www.pressenza.com\/wp-content\/uploads\/2022\/10\/pressenza_logo_200x200.jpg","contentUrl":"https:\/\/www.pressenza.com\/wp-content\/uploads\/2022\/10\/pressenza_logo_200x200.jpg","width":200,"height":200,"caption":"Pressenza"},"image":{"@id":"https:\/\/www.pressenza.com\/it\/#\/schema\/logo\/image\/"},"sameAs":["https:\/\/www.facebook.com\/PressenzaItalia","https:\/\/x.com\/PressenzaIPA"]},{"@type":"Person","@id":"https:\/\/www.pressenza.com\/it\/#\/schema\/person\/3e5837299c96e9fe8354a3f2dcd7d89f","name":"Antonella Freggiaro","description":"Antonella Freggiaro, presidente dell'associazione Abarek\u00e0-Nandree, \u00e8 impegnata da anni in Mali in progetti nel campo dell'educazione, della nonviolenza e della sanit\u00e0.","url":"https:\/\/www.pressenza.com\/it\/author\/antonella-freggiaro\/"}]}},"place":"Sesto San Giovanni (Mi)","original_article_url":"","_links":{"self":[{"href":"https:\/\/www.pressenza.com\/it\/wp-json\/wp\/v2\/posts\/117650","targetHints":{"allow":["GET"]}}],"collection":[{"href":"https:\/\/www.pressenza.com\/it\/wp-json\/wp\/v2\/posts"}],"about":[{"href":"https:\/\/www.pressenza.com\/it\/wp-json\/wp\/v2\/types\/post"}],"author":[{"embeddable":true,"href":"https:\/\/www.pressenza.com\/it\/wp-json\/wp\/v2\/users\/941"}],"replies":[{"embeddable":true,"href":"https:\/\/www.pressenza.com\/it\/wp-json\/wp\/v2\/comments?post=117650"}],"version-history":[{"count":0,"href":"https:\/\/www.pressenza.com\/it\/wp-json\/wp\/v2\/posts\/117650\/revisions"}],"wp:featuredmedia":[{"embeddable":true,"href":"https:\/\/www.pressenza.com\/it\/wp-json\/wp\/v2\/media\/117651"}],"wp:attachment":[{"href":"https:\/\/www.pressenza.com\/it\/wp-json\/wp\/v2\/media?parent=117650"}],"wp:term":[{"taxonomy":"category","embeddable":true,"href":"https:\/\/www.pressenza.com\/it\/wp-json\/wp\/v2\/categories?post=117650"},{"taxonomy":"post_tag","embeddable":true,"href":"https:\/\/www.pressenza.com\/it\/wp-json\/wp\/v2\/tags?post=117650"}],"curies":[{"name":"wp","href":"https:\/\/api.w.org\/{rel}","templated":true}]}}