{"id":1173268,"date":"2020-08-05T16:05:32","date_gmt":"2020-08-05T15:05:32","guid":{"rendered":"https:\/\/www.pressenza.com\/?p=1173268"},"modified":"2020-08-05T16:08:46","modified_gmt":"2020-08-05T15:08:46","slug":"la-pandemia-rende-ancor-piu-evidente-la-necessita-di-abolire-le-armi-nucleari","status":"publish","type":"post","link":"https:\/\/www.pressenza.com\/it\/2020\/08\/la-pandemia-rende-ancor-piu-evidente-la-necessita-di-abolire-le-armi-nucleari\/","title":{"rendered":"La pandemia rende ancor pi\u00f9 evidente la necessit\u00e0 di abolire le armi nucleari"},"content":{"rendered":"<div class=\"entry-content\">\n<p>In questi mesi l\u2019intera famiglia umana \u00e8 stata messa in ginocchio dal coronavirus. Il bilancio globale delle vittime continua a crescere quotidianamente; la disperazione dell\u2019umanit\u00e0 aumenta; gli effetti fisici, psicologici ed economici aumentano. Questa pandemia ha raggiunto praticamente tutti: abbiamo capito che siamo tutti vulnerabili e ci rendiamo conto che la vera sicurezza deve essere, in sostanza, condivisa.<\/p>\n<p>Il prossimo mese di agosto \u2013 sperando di giungervi con sempre pi\u00f9 vite salvate \u2013 il mondo commemorer\u00e0 una minaccia che per 75 anni ha rappresentato il pi\u00f9 grave dei rischi per l\u2019umanit\u00e0. Le conseguenze dannose della pandemia Covid-19 impallidiscono rispetto a quelle che sarebbero capitate alla famiglia umana, e alla terra stessa, in caso di guerra nucleare.<\/p>\n<p>Papa Francesco ci avverte che le armi nucleari costituiscono un affronto mortale non solo al benessere della terra e dei suoi abitanti, ma anche al nostro rapporto con Dio. Le armi nucleari sono un abominio: la \u201cminaccia del loro uso, cos\u00ec come il loro possesso, \u00e8 da condannare fermamente\u201d. (dal discorso di Sua Santit\u00e0 ai partecipanti al Simposio internazionale \u201cProspettive per un mondo libero da armi nucleari e per lo sviluppo integrale\u201d, 10 novembre 2017)<\/p>\n<p>La cosiddetta \u201csicurezza\u201d offerta dalle armi nucleari si basa sulla nostra volont\u00e0 di annientare i nostri nemici e la loro volont\u00e0 di annientarci.<\/p>\n<p>Il coronavirus ha rappresentato un campanello d\u2019allarme per il mondo. Stiamo sperimentando in prima persona come investire centinaia di miliardi di dollari per lo sviluppo, la fabbricazione, i test e lo spiegamento di armi nucleari non solo non \u00e8 riuscito a renderci sicuri, ma ha privato la comunit\u00e0 umana delle risorse necessarie per il raggiungimento della vera sicurezza umana: sufficienza alimentare, alloggio, lavoro, formazione scolastica, accesso all\u2019assistenza sanitaria.<\/p>\n<p>Di fronte al coronavirus, le speranze di sopravvivenza nelle nostre comunit\u00e0 si sono fondate sul sacrificio in prima linea dei soccorritori. Eppure, come ammonisce la Croce Rossa Internazionale, tali soccorritori non ci sarebbero in caso di un attacco nucleare: i medici, gli infermieri e le infrastrutture sanitarie sarebbero essi stessi cancellati. N\u00e9 soccorritori esterni, nella misura in cui sopravvivessero, potrebbero accedere in sicurezza nelle zone esposte alle radiazioni. (https:\/\/www.icrc.org\/en\/doc\/resources\/documents\/legal-fact-sheet\/03-19-nuclear-weapons-human-health-1-4132.htm)<\/p>\n<p>Mentre la terra stessa sta vivendo una nuova inattesa esperienza di guarigione e rinascita, a causa della temporanea cessazione delle attivit\u00e0 umane dannose, un attacco nucleare sortirebbe l\u2019effetto opposto. N\u00e9 la terra, n\u00e9 alcuna delle sue creature, sarebbe risparmiata dall\u2019avvelenamento prodotto dalla radioattivit\u00e0 risultante da una guerra nucleare, anche se limitata. Le colture appassirebbero e morirebbero mentre la luce del sole sarebbe bloccata dalle nuvole atmosferiche di polvere prodotta. La vita sulla terra sarebbe messa in grave pericolo.<\/p>\n<p>Come comunit\u00e0 umana stiamo imparando delle dure lezioni sulla nostra sicurezza collettiva durante questa pandemia globale. E\u2019 giunto il momento di affrontare la sfida e di cogliere l\u2019opportunit\u00e0 per apportare le modifiche necessarie a salvaguardia del nostro futuro.<\/p>\n<p>Ma la finestra temporale che ci resta potrebbe essere troppo breve. Se non riusciamo ad agire adesso e con decisione per eliminare le armi nucleari dalla faccia della terra, giochiamo pericolosamente non solo con la pandemia ma anche con la estinzione totale.<\/p>\n<p>Il trattato sul bando totale delle armi nucleari, approvato all\u2019ONU nel 2017, ha un sempre pi\u00f9 crescente sostegno mondiale. Per diventare effettivo c\u2019\u00e8 per\u00f2 bisogno di altre firme per superare la soglia necessaria di cinquanta stati.<\/p>\n<p>Il Vaticano stesso lo ha da tempo ratificato e le Conferenze dei vescovi cattolici di Giappone e Canada chiedono ai loro governi di fare altrettanto.<\/p>\n<p><b>A nome di Pax Christi International e di Pax Christi Italia sollecitiamo la Conferenza Episcopale Italiana, in occasione del 75\u00b0 anniversario dei bombardamenti atomici, a chiedere al nostro Governo di firmare il trattato.<\/b><\/p>\n<p><em>Articolo pubblicato su Il Manifesto del 5 agosto 2020<\/em><\/p>\n<\/div>\n","protected":false},"excerpt":{"rendered":"<p>In questi mesi l\u2019intera famiglia umana \u00e8 stata messa in ginocchio dal coronavirus. Il bilancio globale delle vittime continua a crescere quotidianamente; la disperazione dell\u2019umanit\u00e0 aumenta; gli effetti fisici, psicologici ed economici aumentano. Questa pandemia ha raggiunto praticamente tutti: abbiamo&hellip;<\/p>\n","protected":false},"author":1491,"featured_media":1173269,"comment_status":"closed","ping_status":"closed","sticky":false,"template":"","format":"standard","meta":{"footnotes":""},"categories":[150,47,1263],"tags":[40554,895,70348,70346,40054],"class_list":["post-1173268","post","type-post","status-publish","format-standard","has-post-thumbnail","hentry","category-comunicati-stampa","category-europa","category-pace-disarmo","tag-abolizione","tag-armi-nucleari","tag-coronavirus-it","tag-pandemia","tag-trattato-di-proibizione-delle-armi-nucleari"],"yoast_head":"<!-- This site is optimized with the Yoast SEO plugin v27.1.1 - https:\/\/yoast.com\/product\/yoast-seo-wordpress\/ -->\n<title>La pandemia rende ancor pi\u00f9 evidente la necessit\u00e0 di abolire le armi nucleari<\/title>\n<meta name=\"description\" content=\"Come comunit\u00e0 umana stiamo imparando delle dure lezioni sulla nostra sicurezza collettiva durante questa pandemia globale. E\u2019 giunto il momento di affrontare la sfida e di cogliere l\u2019opportunit\u00e0 per apportare le modifiche necessarie\" \/>\n<meta name=\"robots\" content=\"index, follow, max-snippet:-1, max-image-preview:large, max-video-preview:-1\" \/>\n<link rel=\"canonical\" href=\"https:\/\/www.pressenza.com\/it\/2020\/08\/la-pandemia-rende-ancor-piu-evidente-la-necessita-di-abolire-le-armi-nucleari\/\" \/>\n<meta property=\"og:locale\" content=\"it_IT\" \/>\n<meta property=\"og:type\" content=\"article\" \/>\n<meta property=\"og:title\" content=\"La pandemia rende ancor pi\u00f9 evidente la necessit\u00e0 di abolire le armi nucleari\" \/>\n<meta property=\"og:description\" content=\"Come comunit\u00e0 umana stiamo imparando delle dure lezioni sulla nostra sicurezza collettiva durante questa pandemia globale. E\u2019 giunto il momento di affrontare la sfida e di cogliere l\u2019opportunit\u00e0 per apportare le modifiche necessarie\" \/>\n<meta property=\"og:url\" content=\"https:\/\/www.pressenza.com\/it\/2020\/08\/la-pandemia-rende-ancor-piu-evidente-la-necessita-di-abolire-le-armi-nucleari\/\" \/>\n<meta property=\"og:site_name\" content=\"Pressenza\" \/>\n<meta property=\"article:publisher\" content=\"https:\/\/www.facebook.com\/PressenzaItalia\" \/>\n<meta property=\"article:published_time\" content=\"2020-08-05T15:05:32+00:00\" \/>\n<meta property=\"article:modified_time\" content=\"2020-08-05T15:08:46+00:00\" \/>\n<meta property=\"og:image\" content=\"https:\/\/www.pressenza.com\/wp-content\/uploads\/2020\/08\/armi_nucleari_usa_russia_sottomarino_nave_reuters_disarmo.jpg\" \/>\n\t<meta property=\"og:image:width\" content=\"870\" \/>\n\t<meta property=\"og:image:height\" content=\"522\" \/>\n\t<meta property=\"og:image:type\" content=\"image\/jpeg\" \/>\n<meta name=\"author\" content=\"Pax Christi Italia\" \/>\n<meta name=\"twitter:card\" content=\"summary_large_image\" \/>\n<meta name=\"twitter:creator\" content=\"@PressenzaIPA\" \/>\n<meta name=\"twitter:site\" content=\"@PressenzaIPA\" \/>\n<meta name=\"twitter:label1\" content=\"Scritto da\" \/>\n\t<meta name=\"twitter:data1\" content=\"Pax Christi Italia\" \/>\n\t<meta name=\"twitter:label2\" content=\"Tempo di lettura stimato\" \/>\n\t<meta name=\"twitter:data2\" content=\"3 minuti\" \/>\n<script type=\"application\/ld+json\" class=\"yoast-schema-graph\">{\"@context\":\"https:\/\/schema.org\",\"@graph\":[{\"@type\":\"Article\",\"@id\":\"https:\/\/www.pressenza.com\/it\/2020\/08\/la-pandemia-rende-ancor-piu-evidente-la-necessita-di-abolire-le-armi-nucleari\/#article\",\"isPartOf\":{\"@id\":\"https:\/\/www.pressenza.com\/it\/2020\/08\/la-pandemia-rende-ancor-piu-evidente-la-necessita-di-abolire-le-armi-nucleari\/\"},\"author\":{\"name\":\"Pax Christi Italia\",\"@id\":\"https:\/\/www.pressenza.com\/it\/#\/schema\/person\/eda89b3373a8285925ed73c3d193be97\"},\"headline\":\"La pandemia rende ancor pi\u00f9 evidente la necessit\u00e0 di abolire le armi nucleari\",\"datePublished\":\"2020-08-05T15:05:32+00:00\",\"dateModified\":\"2020-08-05T15:08:46+00:00\",\"mainEntityOfPage\":{\"@id\":\"https:\/\/www.pressenza.com\/it\/2020\/08\/la-pandemia-rende-ancor-piu-evidente-la-necessita-di-abolire-le-armi-nucleari\/\"},\"wordCount\":634,\"publisher\":{\"@id\":\"https:\/\/www.pressenza.com\/it\/#organization\"},\"image\":{\"@id\":\"https:\/\/www.pressenza.com\/it\/2020\/08\/la-pandemia-rende-ancor-piu-evidente-la-necessita-di-abolire-le-armi-nucleari\/#primaryimage\"},\"thumbnailUrl\":\"https:\/\/www.pressenza.com\/wp-content\/uploads\/2020\/08\/armi_nucleari_usa_russia_sottomarino_nave_reuters_disarmo.jpg\",\"keywords\":[\"abolizione\",\"armi nucleari\",\"coronavirus\",\"pandemia\",\"Trattato di proibizione delle armi nucleari\"],\"articleSection\":[\"Comunicati Stampa\",\"Europa\",\"Pace e Disarmo\"],\"inLanguage\":\"it-IT\"},{\"@type\":\"WebPage\",\"@id\":\"https:\/\/www.pressenza.com\/it\/2020\/08\/la-pandemia-rende-ancor-piu-evidente-la-necessita-di-abolire-le-armi-nucleari\/\",\"url\":\"https:\/\/www.pressenza.com\/it\/2020\/08\/la-pandemia-rende-ancor-piu-evidente-la-necessita-di-abolire-le-armi-nucleari\/\",\"name\":\"La pandemia rende ancor pi\u00f9 evidente la necessit\u00e0 di abolire le armi nucleari\",\"isPartOf\":{\"@id\":\"https:\/\/www.pressenza.com\/it\/#website\"},\"primaryImageOfPage\":{\"@id\":\"https:\/\/www.pressenza.com\/it\/2020\/08\/la-pandemia-rende-ancor-piu-evidente-la-necessita-di-abolire-le-armi-nucleari\/#primaryimage\"},\"image\":{\"@id\":\"https:\/\/www.pressenza.com\/it\/2020\/08\/la-pandemia-rende-ancor-piu-evidente-la-necessita-di-abolire-le-armi-nucleari\/#primaryimage\"},\"thumbnailUrl\":\"https:\/\/www.pressenza.com\/wp-content\/uploads\/2020\/08\/armi_nucleari_usa_russia_sottomarino_nave_reuters_disarmo.jpg\",\"datePublished\":\"2020-08-05T15:05:32+00:00\",\"dateModified\":\"2020-08-05T15:08:46+00:00\",\"description\":\"Come comunit\u00e0 umana stiamo imparando delle dure lezioni sulla nostra sicurezza collettiva durante questa pandemia globale. E\u2019 giunto il momento di affrontare la sfida e di cogliere l\u2019opportunit\u00e0 per apportare le modifiche necessarie\",\"breadcrumb\":{\"@id\":\"https:\/\/www.pressenza.com\/it\/2020\/08\/la-pandemia-rende-ancor-piu-evidente-la-necessita-di-abolire-le-armi-nucleari\/#breadcrumb\"},\"inLanguage\":\"it-IT\",\"potentialAction\":[{\"@type\":\"ReadAction\",\"target\":[\"https:\/\/www.pressenza.com\/it\/2020\/08\/la-pandemia-rende-ancor-piu-evidente-la-necessita-di-abolire-le-armi-nucleari\/\"]}]},{\"@type\":\"ImageObject\",\"inLanguage\":\"it-IT\",\"@id\":\"https:\/\/www.pressenza.com\/it\/2020\/08\/la-pandemia-rende-ancor-piu-evidente-la-necessita-di-abolire-le-armi-nucleari\/#primaryimage\",\"url\":\"https:\/\/www.pressenza.com\/wp-content\/uploads\/2020\/08\/armi_nucleari_usa_russia_sottomarino_nave_reuters_disarmo.jpg\",\"contentUrl\":\"https:\/\/www.pressenza.com\/wp-content\/uploads\/2020\/08\/armi_nucleari_usa_russia_sottomarino_nave_reuters_disarmo.jpg\",\"width\":870,\"height\":522},{\"@type\":\"BreadcrumbList\",\"@id\":\"https:\/\/www.pressenza.com\/it\/2020\/08\/la-pandemia-rende-ancor-piu-evidente-la-necessita-di-abolire-le-armi-nucleari\/#breadcrumb\",\"itemListElement\":[{\"@type\":\"ListItem\",\"position\":1,\"name\":\"Accueil\",\"item\":\"https:\/\/www.pressenza.com\/it\/\"},{\"@type\":\"ListItem\",\"position\":2,\"name\":\"La pandemia rende ancor pi\u00f9 evidente la necessit\u00e0 di abolire le armi nucleari\"}]},{\"@type\":\"WebSite\",\"@id\":\"https:\/\/www.pressenza.com\/it\/#website\",\"url\":\"https:\/\/www.pressenza.com\/it\/\",\"name\":\"Pressenza\",\"description\":\"Agenzia di Stampa Internazionale\",\"publisher\":{\"@id\":\"https:\/\/www.pressenza.com\/it\/#organization\"},\"potentialAction\":[{\"@type\":\"SearchAction\",\"target\":{\"@type\":\"EntryPoint\",\"urlTemplate\":\"https:\/\/www.pressenza.com\/it\/?s={search_term_string}\"},\"query-input\":{\"@type\":\"PropertyValueSpecification\",\"valueRequired\":true,\"valueName\":\"search_term_string\"}}],\"inLanguage\":\"it-IT\"},{\"@type\":\"Organization\",\"@id\":\"https:\/\/www.pressenza.com\/it\/#organization\",\"name\":\"Pressenza\",\"url\":\"https:\/\/www.pressenza.com\/it\/\",\"logo\":{\"@type\":\"ImageObject\",\"inLanguage\":\"it-IT\",\"@id\":\"https:\/\/www.pressenza.com\/it\/#\/schema\/logo\/image\/\",\"url\":\"https:\/\/www.pressenza.com\/wp-content\/uploads\/2022\/10\/pressenza_logo_200x200.jpg\",\"contentUrl\":\"https:\/\/www.pressenza.com\/wp-content\/uploads\/2022\/10\/pressenza_logo_200x200.jpg\",\"width\":200,\"height\":200,\"caption\":\"Pressenza\"},\"image\":{\"@id\":\"https:\/\/www.pressenza.com\/it\/#\/schema\/logo\/image\/\"},\"sameAs\":[\"https:\/\/www.facebook.com\/PressenzaItalia\",\"https:\/\/x.com\/PressenzaIPA\"]},{\"@type\":\"Person\",\"@id\":\"https:\/\/www.pressenza.com\/it\/#\/schema\/person\/eda89b3373a8285925ed73c3d193be97\",\"name\":\"Pax Christi Italia\",\"description\":\"http:\/\/www.paxchristi.it\",\"sameAs\":[\"http:\/\/www.paxchristi.it\/\"],\"url\":\"https:\/\/www.pressenza.com\/it\/author\/pax-christi-italia\/\"}]}<\/script>\n<!-- \/ Yoast SEO plugin. -->","yoast_head_json":{"title":"La pandemia rende ancor pi\u00f9 evidente la necessit\u00e0 di abolire le armi nucleari","description":"Come comunit\u00e0 umana stiamo imparando delle dure lezioni sulla nostra sicurezza collettiva durante questa pandemia globale. E\u2019 giunto il momento di affrontare la sfida e di cogliere l\u2019opportunit\u00e0 per apportare le modifiche necessarie","robots":{"index":"index","follow":"follow","max-snippet":"max-snippet:-1","max-image-preview":"max-image-preview:large","max-video-preview":"max-video-preview:-1"},"canonical":"https:\/\/www.pressenza.com\/it\/2020\/08\/la-pandemia-rende-ancor-piu-evidente-la-necessita-di-abolire-le-armi-nucleari\/","og_locale":"it_IT","og_type":"article","og_title":"La pandemia rende ancor pi\u00f9 evidente la necessit\u00e0 di abolire le armi nucleari","og_description":"Come comunit\u00e0 umana stiamo imparando delle dure lezioni sulla nostra sicurezza collettiva durante questa pandemia globale. E\u2019 giunto il momento di affrontare la sfida e di cogliere l\u2019opportunit\u00e0 per apportare le modifiche necessarie","og_url":"https:\/\/www.pressenza.com\/it\/2020\/08\/la-pandemia-rende-ancor-piu-evidente-la-necessita-di-abolire-le-armi-nucleari\/","og_site_name":"Pressenza","article_publisher":"https:\/\/www.facebook.com\/PressenzaItalia","article_published_time":"2020-08-05T15:05:32+00:00","article_modified_time":"2020-08-05T15:08:46+00:00","og_image":[{"width":870,"height":522,"url":"https:\/\/www.pressenza.com\/wp-content\/uploads\/2020\/08\/armi_nucleari_usa_russia_sottomarino_nave_reuters_disarmo.jpg","type":"image\/jpeg"}],"author":"Pax Christi Italia","twitter_card":"summary_large_image","twitter_creator":"@PressenzaIPA","twitter_site":"@PressenzaIPA","twitter_misc":{"Scritto da":"Pax Christi Italia","Tempo di lettura stimato":"3 minuti"},"schema":{"@context":"https:\/\/schema.org","@graph":[{"@type":"Article","@id":"https:\/\/www.pressenza.com\/it\/2020\/08\/la-pandemia-rende-ancor-piu-evidente-la-necessita-di-abolire-le-armi-nucleari\/#article","isPartOf":{"@id":"https:\/\/www.pressenza.com\/it\/2020\/08\/la-pandemia-rende-ancor-piu-evidente-la-necessita-di-abolire-le-armi-nucleari\/"},"author":{"name":"Pax Christi Italia","@id":"https:\/\/www.pressenza.com\/it\/#\/schema\/person\/eda89b3373a8285925ed73c3d193be97"},"headline":"La pandemia rende ancor pi\u00f9 evidente la necessit\u00e0 di abolire le armi nucleari","datePublished":"2020-08-05T15:05:32+00:00","dateModified":"2020-08-05T15:08:46+00:00","mainEntityOfPage":{"@id":"https:\/\/www.pressenza.com\/it\/2020\/08\/la-pandemia-rende-ancor-piu-evidente-la-necessita-di-abolire-le-armi-nucleari\/"},"wordCount":634,"publisher":{"@id":"https:\/\/www.pressenza.com\/it\/#organization"},"image":{"@id":"https:\/\/www.pressenza.com\/it\/2020\/08\/la-pandemia-rende-ancor-piu-evidente-la-necessita-di-abolire-le-armi-nucleari\/#primaryimage"},"thumbnailUrl":"https:\/\/www.pressenza.com\/wp-content\/uploads\/2020\/08\/armi_nucleari_usa_russia_sottomarino_nave_reuters_disarmo.jpg","keywords":["abolizione","armi nucleari","coronavirus","pandemia","Trattato di proibizione delle armi nucleari"],"articleSection":["Comunicati Stampa","Europa","Pace e Disarmo"],"inLanguage":"it-IT"},{"@type":"WebPage","@id":"https:\/\/www.pressenza.com\/it\/2020\/08\/la-pandemia-rende-ancor-piu-evidente-la-necessita-di-abolire-le-armi-nucleari\/","url":"https:\/\/www.pressenza.com\/it\/2020\/08\/la-pandemia-rende-ancor-piu-evidente-la-necessita-di-abolire-le-armi-nucleari\/","name":"La pandemia rende ancor pi\u00f9 evidente la necessit\u00e0 di abolire le armi nucleari","isPartOf":{"@id":"https:\/\/www.pressenza.com\/it\/#website"},"primaryImageOfPage":{"@id":"https:\/\/www.pressenza.com\/it\/2020\/08\/la-pandemia-rende-ancor-piu-evidente-la-necessita-di-abolire-le-armi-nucleari\/#primaryimage"},"image":{"@id":"https:\/\/www.pressenza.com\/it\/2020\/08\/la-pandemia-rende-ancor-piu-evidente-la-necessita-di-abolire-le-armi-nucleari\/#primaryimage"},"thumbnailUrl":"https:\/\/www.pressenza.com\/wp-content\/uploads\/2020\/08\/armi_nucleari_usa_russia_sottomarino_nave_reuters_disarmo.jpg","datePublished":"2020-08-05T15:05:32+00:00","dateModified":"2020-08-05T15:08:46+00:00","description":"Come comunit\u00e0 umana stiamo imparando delle dure lezioni sulla nostra sicurezza collettiva durante questa pandemia globale. E\u2019 giunto il momento di affrontare la sfida e di cogliere l\u2019opportunit\u00e0 per apportare le modifiche necessarie","breadcrumb":{"@id":"https:\/\/www.pressenza.com\/it\/2020\/08\/la-pandemia-rende-ancor-piu-evidente-la-necessita-di-abolire-le-armi-nucleari\/#breadcrumb"},"inLanguage":"it-IT","potentialAction":[{"@type":"ReadAction","target":["https:\/\/www.pressenza.com\/it\/2020\/08\/la-pandemia-rende-ancor-piu-evidente-la-necessita-di-abolire-le-armi-nucleari\/"]}]},{"@type":"ImageObject","inLanguage":"it-IT","@id":"https:\/\/www.pressenza.com\/it\/2020\/08\/la-pandemia-rende-ancor-piu-evidente-la-necessita-di-abolire-le-armi-nucleari\/#primaryimage","url":"https:\/\/www.pressenza.com\/wp-content\/uploads\/2020\/08\/armi_nucleari_usa_russia_sottomarino_nave_reuters_disarmo.jpg","contentUrl":"https:\/\/www.pressenza.com\/wp-content\/uploads\/2020\/08\/armi_nucleari_usa_russia_sottomarino_nave_reuters_disarmo.jpg","width":870,"height":522},{"@type":"BreadcrumbList","@id":"https:\/\/www.pressenza.com\/it\/2020\/08\/la-pandemia-rende-ancor-piu-evidente-la-necessita-di-abolire-le-armi-nucleari\/#breadcrumb","itemListElement":[{"@type":"ListItem","position":1,"name":"Accueil","item":"https:\/\/www.pressenza.com\/it\/"},{"@type":"ListItem","position":2,"name":"La pandemia rende ancor pi\u00f9 evidente la necessit\u00e0 di abolire le armi nucleari"}]},{"@type":"WebSite","@id":"https:\/\/www.pressenza.com\/it\/#website","url":"https:\/\/www.pressenza.com\/it\/","name":"Pressenza","description":"Agenzia di Stampa Internazionale","publisher":{"@id":"https:\/\/www.pressenza.com\/it\/#organization"},"potentialAction":[{"@type":"SearchAction","target":{"@type":"EntryPoint","urlTemplate":"https:\/\/www.pressenza.com\/it\/?s={search_term_string}"},"query-input":{"@type":"PropertyValueSpecification","valueRequired":true,"valueName":"search_term_string"}}],"inLanguage":"it-IT"},{"@type":"Organization","@id":"https:\/\/www.pressenza.com\/it\/#organization","name":"Pressenza","url":"https:\/\/www.pressenza.com\/it\/","logo":{"@type":"ImageObject","inLanguage":"it-IT","@id":"https:\/\/www.pressenza.com\/it\/#\/schema\/logo\/image\/","url":"https:\/\/www.pressenza.com\/wp-content\/uploads\/2022\/10\/pressenza_logo_200x200.jpg","contentUrl":"https:\/\/www.pressenza.com\/wp-content\/uploads\/2022\/10\/pressenza_logo_200x200.jpg","width":200,"height":200,"caption":"Pressenza"},"image":{"@id":"https:\/\/www.pressenza.com\/it\/#\/schema\/logo\/image\/"},"sameAs":["https:\/\/www.facebook.com\/PressenzaItalia","https:\/\/x.com\/PressenzaIPA"]},{"@type":"Person","@id":"https:\/\/www.pressenza.com\/it\/#\/schema\/person\/eda89b3373a8285925ed73c3d193be97","name":"Pax Christi Italia","description":"http:\/\/www.paxchristi.it","sameAs":["http:\/\/www.paxchristi.it\/"],"url":"https:\/\/www.pressenza.com\/it\/author\/pax-christi-italia\/"}]}},"place":"","original_article_url":"","_links":{"self":[{"href":"https:\/\/www.pressenza.com\/it\/wp-json\/wp\/v2\/posts\/1173268","targetHints":{"allow":["GET"]}}],"collection":[{"href":"https:\/\/www.pressenza.com\/it\/wp-json\/wp\/v2\/posts"}],"about":[{"href":"https:\/\/www.pressenza.com\/it\/wp-json\/wp\/v2\/types\/post"}],"author":[{"embeddable":true,"href":"https:\/\/www.pressenza.com\/it\/wp-json\/wp\/v2\/users\/1491"}],"replies":[{"embeddable":true,"href":"https:\/\/www.pressenza.com\/it\/wp-json\/wp\/v2\/comments?post=1173268"}],"version-history":[{"count":0,"href":"https:\/\/www.pressenza.com\/it\/wp-json\/wp\/v2\/posts\/1173268\/revisions"}],"wp:featuredmedia":[{"embeddable":true,"href":"https:\/\/www.pressenza.com\/it\/wp-json\/wp\/v2\/media\/1173269"}],"wp:attachment":[{"href":"https:\/\/www.pressenza.com\/it\/wp-json\/wp\/v2\/media?parent=1173268"}],"wp:term":[{"taxonomy":"category","embeddable":true,"href":"https:\/\/www.pressenza.com\/it\/wp-json\/wp\/v2\/categories?post=1173268"},{"taxonomy":"post_tag","embeddable":true,"href":"https:\/\/www.pressenza.com\/it\/wp-json\/wp\/v2\/tags?post=1173268"}],"curies":[{"name":"wp","href":"https:\/\/api.w.org\/{rel}","templated":true}]}}