{"id":116952,"date":"2014-07-04T09:04:34","date_gmt":"2014-07-04T08:04:34","guid":{"rendered":"http:\/\/www.pressenza.com\/?p=116952"},"modified":"2014-07-04T09:04:34","modified_gmt":"2014-07-04T08:04:34","slug":"100-anni-dalla-prima-guerra-mondiale-pace-bici-2014","status":"publish","type":"post","link":"https:\/\/www.pressenza.com\/it\/2014\/07\/100-anni-dalla-prima-guerra-mondiale-pace-bici-2014\/","title":{"rendered":"A 100 anni dalla Prima Guerra Mondiale, Pace in Bici 2014"},"content":{"rendered":"<p><img loading=\"lazy\" decoding=\"async\" alt=\"\" src=\"https:\/\/www.pressenza.com\/wp-content\/uploads\/2014\/07\/944562_361259720670476_2040587597_n-600x589.jpg\" width=\"600\" height=\"589\" \/><\/p>\n<p>Foto di Beati i costruttori di pace<\/p>\n<p><em>1914-2014 &#8211; A 100 anni dalla prima guerra mondiale: abbiamo sperimentato il tempo della guerra, \u00e8 ora di provare a sperimentare il tempo della pace.<\/em><\/p>\n<p><strong>Pace in Bici 2014<\/strong><br \/>\n<strong>Hiroshima e Nagasaki, 6 e 9 agosto 1945<\/strong><\/p>\n<p>Come tutti gli anni, Beati i Costruttori di Pace ricorda la distruzione delle due citt\u00e0 giapponesi con l&#8217;obiettivo concreto di dare nuovo impulso all&#8217;impegno per la pace e il disarmo. La missione di Mayors for Peace (Sindaci per la Pace), presieduta dal Sindaco di Hiroshima, \u00e8 di liberare il pianeta da tutte le armi nucleari, lo stesso obiettivo che ha ICAN, la campagna internazionale per l&#8217;abolizione delle bombe nucleari.<\/p>\n<p>Abolire e rimuovere le armi atomiche ora \u00e8 il modo di fare memoria e giustizia per tutti quelli che hanno pagato con la vita il peso della guerra. Sono ancora troppi i focolai dove le armi la fanno da padrone e determinano sofferenze immani per intere popolazioni.<\/p>\n<p>A 100 anni dalla prima guerra globale, abbiamo voglia di far partire concretamente il tempo della pace? Oltre alle guerre abbiamo inventato anche le armi globali. Le armi nucleari ne sono l&#8217;espressione pi\u00f9 concreta. Condizionano pesantemente i rapporti internazionali, ostacolando la soluzione dei conflitti su un piano paritario. Vogliamo riunire un grande movimento di popolo, cittadini e amministratori insieme, per obbligare gli Stati a negoziare e ratificare un trattato per la messa al bando e l&#8217;eliminazione di tutte le armi nucleari.<\/p>\n<p>L&#8217;edizione 2014 della tradizionale manifestazione <a href=\"https:\/\/www.facebook.com\/PaceInBici2013\" target=\"_blank\">Pace in Bici<\/a> inizier\u00e0 da Asiago, con ritrovo la sera del 5 agosto, nella Sala del Consiglio Comunale. E si concluder\u00e0, come sempre, davanti alla base di Aviano dove sono tuttora custodite alcune decine di armi nucleari. Gli incontri con le amministrazioni dei territori attraversati serviranno sia per raccogliere nuove adesioni a Mayors for Peace, che per programmare la partecipazione italiana alle tante iniziative nazionali ed internazionali previste nell&#8217;arco dei prossimi mesi, nel quadro dell&#8217;impegno per la pace ed il disarmo:<br \/>\n\u2022\u00a0\u00a0 \u00a0un seminario nazionale a Roma a fine settembre per rinsaldare la collaborazione tra Enti Locali e Parlamentari per la definitiva messa al bando delle armi nucleari;<br \/>\n\u2022\u00a0\u00a0 \u00a0la Marcia Perugia-Assisi del 19 ottobre;<br \/>\n\u2022\u00a0\u00a0 \u00a0la partecipazione alla Conferenza internazionale dell&#8217;Iniziativa Umanitaria per l&#8217;eliminazione delle armi nucleari a Vienna a dicembre;<br \/>\n\u2022\u00a0\u00a0 \u00a0una specifica conferenza delle citt\u00e0 aderenti a Mayors for Peace di tutto il mondo, promossa da Ypres in Belgio, nel centenario (22 aprile 1915) dell&#8217;uso della prima arma di distruzione di massa, il gas che appunto prende il nome dalla citt\u00e0 che avvelen\u00f2: iprite.<br \/>\nIn molti conoscono gi\u00e0 la storia di Sadako Sasaki, la ragazzina di Hiroshima che non fu colpita dalla bomba, ma che svilupp\u00f2 dieci anni dopo una leucemia causata dall&#8217;esposizione alle radiazioni. In ospedale cre\u00f2 tante gru di carta colorata, perch\u00e9 un antico detto giapponese vuole che gli dei esaudiscano i desideri di chi piega mille gru. Sadako mor\u00ec, ma i suoi amici continuarono la sua opera: ormai sono milioni le coloratissime gru di origami che i bambini del mondo mandano al Parco della Pace di Hiroshima ogni anno. Sadako \u00e8 il simbolo dell&#8217;ingiustizia, della sofferenza causate dalla bomba atomica. Ma le sue Gru di Origami sono anche il simbolo della fiducia nell&#8217;impegno comune: se insieme piegheremo tantissime gru colorate forse non saranno gli dei a realizzare il nostro desiderio, ma noi stessi avremo costruito una forte alleanza di umanit\u00e0 per la pace. Nei luoghi attraversati, Pace in Bici 2014 raccoglier\u00e0 le Gru di Sadako per consegnarle a fine agosto all&#8217;iniziativa internazionale in ricordo di Sadako e di tutte le vittime dei bombardamenti atomici che si terr\u00e0 a Firenze, il 29 agosto, giornata internazionale per la messa al bando di tutte le sperimentazioni atomiche.<\/p>\n<p>Lo \u201cSpirito di Assisi\u201d, la lampada di San Francesco, sar\u00e0 consegnata da Padre Egidio Canil dei Francescani del Sacro Convento ai partecipanti a Pace in Bici 2014 nella cerimonia della mattina del 6 agosto, che avverr\u00e0 nel Sacrario di Asiago. La lampada sar\u00e0 custodita con cura e trasportata durante l&#8217;intero percorso di Pace in Bici. Successivamente percorrer\u00e0 molti altri territori, passando per la custodia di tante comunit\u00e0 che organizzeranno iniziative e marce per la pace in preparazione alla Perugia-Assisi del 19 ottobre. Lo \u201cSpirito di Assisi\u201d torner\u00e0 quindi nella Basilica di San Francesco ad Assisi.<\/p>\n<p><strong>Programma:<\/strong><br \/>\n<strong>5 agosto, ore 20.30: Sala del Consiglio Comunale, Asiago<\/strong><br \/>\n<strong>6 agosto, ore 8: Sacrario di Asiago, memoria di Hiroshima. O<\/strong><strong>re 8.45: Partenza di Pace in Bici.<\/strong><br \/>\n<strong>6 agosto, percorso: Asiago, Schio, Thiene, Marano Vicentino, Marostica, Bassano del Grappa.<\/strong><br \/>\n<strong>7 agosto, percorso: Fonte, Riese Pio X, Crocetta del Montello, Montebelluna, Giavera del Montello.<\/strong><br \/>\n<strong>8 agosto, percorso: Nervesa della Battaglia, Tezze, Codogn\u00e8, Brugnera, Vallenoncello.<\/strong><br \/>\n<strong>9 agosto, percorso: Vallenoncello, Aviano. O<\/strong><strong>re 11: Aviano, memoria di Nagasaki.<\/strong><\/p>\n<p>Alla memoria di Hiroshima sono invitati rappresentanti dei sette Comuni dell&#8217;Altopiano di Asiago. Alla memoria di Nagasaki sono invitati tutti gli Enti Locali con i loro gonfaloni.<\/p>\n<p>Un saluto di pace,<br \/>\nAlbino Bizzotto Presidente dell&#8217;associazione Beati i costruttori di pace.<\/p>\n","protected":false},"excerpt":{"rendered":"<p>Foto di Beati i costruttori di pace 1914-2014 &#8211; A 100 anni dalla prima guerra mondiale: abbiamo sperimentato il tempo della guerra, \u00e8 ora di provare a sperimentare il tempo della pace. Pace in Bici 2014 Hiroshima e Nagasaki, 6&hellip;<\/p>\n","protected":false},"author":594,"featured_media":0,"comment_status":"closed","ping_status":"open","sticky":false,"template":"","format":"standard","meta":{"footnotes":""},"categories":[150,38,1262,1263],"tags":[231,294,11265,8482],"class_list":["post-116952","post","type-post","status-publish","format-standard","hentry","category-comunicati-stampa","category-internazionale","category-nonviolenza-argomento","category-pace-disarmo","tag-disarmo","tag-pace","tag-pace-in-bici-2014","tag-prima-guerra-mondiale"],"yoast_head":"<!-- This site is optimized with the Yoast SEO plugin v27.1.1 - https:\/\/yoast.com\/product\/yoast-seo-wordpress\/ -->\n<title>A 100 anni dalla Prima Guerra Mondiale, Pace in Bici 2014<\/title>\n<meta name=\"description\" content=\"Foto di Beati i costruttori di pace 1914-2014 - A 100 anni dalla prima guerra mondiale: abbiamo sperimentato il tempo della guerra, \u00e8 ora di provare a\" \/>\n<meta name=\"robots\" content=\"index, follow, max-snippet:-1, max-image-preview:large, max-video-preview:-1\" \/>\n<link rel=\"canonical\" href=\"https:\/\/www.pressenza.com\/it\/2014\/07\/100-anni-dalla-prima-guerra-mondiale-pace-bici-2014\/\" \/>\n<meta property=\"og:locale\" content=\"it_IT\" \/>\n<meta property=\"og:type\" content=\"article\" \/>\n<meta property=\"og:title\" content=\"A 100 anni dalla Prima Guerra Mondiale, Pace in Bici 2014\" \/>\n<meta property=\"og:description\" content=\"Foto di Beati i costruttori di pace 1914-2014 - A 100 anni dalla prima guerra mondiale: abbiamo sperimentato il tempo della guerra, \u00e8 ora di provare a\" \/>\n<meta property=\"og:url\" content=\"https:\/\/www.pressenza.com\/it\/2014\/07\/100-anni-dalla-prima-guerra-mondiale-pace-bici-2014\/\" \/>\n<meta property=\"og:site_name\" content=\"Pressenza\" \/>\n<meta property=\"article:publisher\" content=\"https:\/\/www.facebook.com\/PressenzaItalia\" \/>\n<meta property=\"article:author\" content=\"https:\/\/www.facebook.com\/PressenzaItalia\" \/>\n<meta property=\"article:published_time\" content=\"2014-07-04T08:04:34+00:00\" \/>\n<meta property=\"og:image\" content=\"https:\/\/www.pressenza.com\/wp-content\/uploads\/2014\/07\/944562_361259720670476_2040587597_n-600x589.jpg\" \/>\n<meta name=\"author\" content=\"Redazione Italia\" \/>\n<meta name=\"twitter:card\" content=\"summary_large_image\" \/>\n<meta name=\"twitter:creator\" content=\"@pressenza_it\" \/>\n<meta name=\"twitter:site\" content=\"@PressenzaIPA\" \/>\n<meta name=\"twitter:label1\" content=\"Scritto da\" \/>\n\t<meta name=\"twitter:data1\" content=\"Redazione Italia\" \/>\n\t<meta name=\"twitter:label2\" content=\"Tempo di lettura stimato\" \/>\n\t<meta name=\"twitter:data2\" content=\"4 minuti\" \/>\n<script type=\"application\/ld+json\" class=\"yoast-schema-graph\">{\"@context\":\"https:\/\/schema.org\",\"@graph\":[{\"@type\":\"Article\",\"@id\":\"https:\/\/www.pressenza.com\/it\/2014\/07\/100-anni-dalla-prima-guerra-mondiale-pace-bici-2014\/#article\",\"isPartOf\":{\"@id\":\"https:\/\/www.pressenza.com\/it\/2014\/07\/100-anni-dalla-prima-guerra-mondiale-pace-bici-2014\/\"},\"author\":{\"name\":\"Redazione Italia\",\"@id\":\"https:\/\/www.pressenza.com\/it\/#\/schema\/person\/d983e81827ae24f2c7b1a2123d197f8d\"},\"headline\":\"A 100 anni dalla Prima Guerra Mondiale, Pace in Bici 2014\",\"datePublished\":\"2014-07-04T08:04:34+00:00\",\"mainEntityOfPage\":{\"@id\":\"https:\/\/www.pressenza.com\/it\/2014\/07\/100-anni-dalla-prima-guerra-mondiale-pace-bici-2014\/\"},\"wordCount\":820,\"publisher\":{\"@id\":\"https:\/\/www.pressenza.com\/it\/#organization\"},\"image\":{\"@id\":\"https:\/\/www.pressenza.com\/it\/2014\/07\/100-anni-dalla-prima-guerra-mondiale-pace-bici-2014\/#primaryimage\"},\"thumbnailUrl\":\"https:\/\/www.pressenza.com\/wp-content\/uploads\/2014\/07\/944562_361259720670476_2040587597_n-600x589.jpg\",\"keywords\":[\"disarmo\",\"Pace\",\"pace in bici 2014\",\"Prima Guerra Mondiale\"],\"articleSection\":[\"Comunicati Stampa\",\"Internazionale\",\"Nonviolenza\",\"Pace e Disarmo\"],\"inLanguage\":\"it-IT\"},{\"@type\":\"WebPage\",\"@id\":\"https:\/\/www.pressenza.com\/it\/2014\/07\/100-anni-dalla-prima-guerra-mondiale-pace-bici-2014\/\",\"url\":\"https:\/\/www.pressenza.com\/it\/2014\/07\/100-anni-dalla-prima-guerra-mondiale-pace-bici-2014\/\",\"name\":\"A 100 anni dalla Prima Guerra Mondiale, Pace in Bici 2014\",\"isPartOf\":{\"@id\":\"https:\/\/www.pressenza.com\/it\/#website\"},\"primaryImageOfPage\":{\"@id\":\"https:\/\/www.pressenza.com\/it\/2014\/07\/100-anni-dalla-prima-guerra-mondiale-pace-bici-2014\/#primaryimage\"},\"image\":{\"@id\":\"https:\/\/www.pressenza.com\/it\/2014\/07\/100-anni-dalla-prima-guerra-mondiale-pace-bici-2014\/#primaryimage\"},\"thumbnailUrl\":\"https:\/\/www.pressenza.com\/wp-content\/uploads\/2014\/07\/944562_361259720670476_2040587597_n-600x589.jpg\",\"datePublished\":\"2014-07-04T08:04:34+00:00\",\"description\":\"Foto di Beati i costruttori di pace 1914-2014 - A 100 anni dalla prima guerra mondiale: abbiamo sperimentato il tempo della guerra, \u00e8 ora di provare a\",\"breadcrumb\":{\"@id\":\"https:\/\/www.pressenza.com\/it\/2014\/07\/100-anni-dalla-prima-guerra-mondiale-pace-bici-2014\/#breadcrumb\"},\"inLanguage\":\"it-IT\",\"potentialAction\":[{\"@type\":\"ReadAction\",\"target\":[\"https:\/\/www.pressenza.com\/it\/2014\/07\/100-anni-dalla-prima-guerra-mondiale-pace-bici-2014\/\"]}]},{\"@type\":\"ImageObject\",\"inLanguage\":\"it-IT\",\"@id\":\"https:\/\/www.pressenza.com\/it\/2014\/07\/100-anni-dalla-prima-guerra-mondiale-pace-bici-2014\/#primaryimage\",\"url\":\"https:\/\/www.pressenza.com\/wp-content\/uploads\/2014\/07\/944562_361259720670476_2040587597_n-600x589.jpg\",\"contentUrl\":\"https:\/\/www.pressenza.com\/wp-content\/uploads\/2014\/07\/944562_361259720670476_2040587597_n-600x589.jpg\"},{\"@type\":\"BreadcrumbList\",\"@id\":\"https:\/\/www.pressenza.com\/it\/2014\/07\/100-anni-dalla-prima-guerra-mondiale-pace-bici-2014\/#breadcrumb\",\"itemListElement\":[{\"@type\":\"ListItem\",\"position\":1,\"name\":\"Accueil\",\"item\":\"https:\/\/www.pressenza.com\/it\/\"},{\"@type\":\"ListItem\",\"position\":2,\"name\":\"A 100 anni dalla Prima Guerra Mondiale, Pace in Bici 2014\"}]},{\"@type\":\"WebSite\",\"@id\":\"https:\/\/www.pressenza.com\/it\/#website\",\"url\":\"https:\/\/www.pressenza.com\/it\/\",\"name\":\"Pressenza\",\"description\":\"Agenzia di Stampa Internazionale\",\"publisher\":{\"@id\":\"https:\/\/www.pressenza.com\/it\/#organization\"},\"potentialAction\":[{\"@type\":\"SearchAction\",\"target\":{\"@type\":\"EntryPoint\",\"urlTemplate\":\"https:\/\/www.pressenza.com\/it\/?s={search_term_string}\"},\"query-input\":{\"@type\":\"PropertyValueSpecification\",\"valueRequired\":true,\"valueName\":\"search_term_string\"}}],\"inLanguage\":\"it-IT\"},{\"@type\":\"Organization\",\"@id\":\"https:\/\/www.pressenza.com\/it\/#organization\",\"name\":\"Pressenza\",\"url\":\"https:\/\/www.pressenza.com\/it\/\",\"logo\":{\"@type\":\"ImageObject\",\"inLanguage\":\"it-IT\",\"@id\":\"https:\/\/www.pressenza.com\/it\/#\/schema\/logo\/image\/\",\"url\":\"https:\/\/www.pressenza.com\/wp-content\/uploads\/2022\/10\/pressenza_logo_200x200.jpg\",\"contentUrl\":\"https:\/\/www.pressenza.com\/wp-content\/uploads\/2022\/10\/pressenza_logo_200x200.jpg\",\"width\":200,\"height\":200,\"caption\":\"Pressenza\"},\"image\":{\"@id\":\"https:\/\/www.pressenza.com\/it\/#\/schema\/logo\/image\/\"},\"sameAs\":[\"https:\/\/www.facebook.com\/PressenzaItalia\",\"https:\/\/x.com\/PressenzaIPA\"]},{\"@type\":\"Person\",\"@id\":\"https:\/\/www.pressenza.com\/it\/#\/schema\/person\/d983e81827ae24f2c7b1a2123d197f8d\",\"name\":\"Redazione Italia\",\"description\":\"News from the Pressenza Bureau in Italy\",\"sameAs\":[\"https:\/\/www.pressenza.com\/it\/author\/redazione-italia\/\",\"https:\/\/www.facebook.com\/PressenzaItalia\",\"https:\/\/www.instagram.com\/pressenza_italia\/\",\"https:\/\/x.com\/pressenza_it\",\"https:\/\/www.youtube.com\/channel\/UCSalEIWjE1RSxkwjfftFuqg\"],\"url\":\"https:\/\/www.pressenza.com\/it\/author\/redazione-italia\/\"}]}<\/script>\n<!-- \/ Yoast SEO plugin. -->","yoast_head_json":{"title":"A 100 anni dalla Prima Guerra Mondiale, Pace in Bici 2014","description":"Foto di Beati i costruttori di pace 1914-2014 - A 100 anni dalla prima guerra mondiale: abbiamo sperimentato il tempo della guerra, \u00e8 ora di provare a","robots":{"index":"index","follow":"follow","max-snippet":"max-snippet:-1","max-image-preview":"max-image-preview:large","max-video-preview":"max-video-preview:-1"},"canonical":"https:\/\/www.pressenza.com\/it\/2014\/07\/100-anni-dalla-prima-guerra-mondiale-pace-bici-2014\/","og_locale":"it_IT","og_type":"article","og_title":"A 100 anni dalla Prima Guerra Mondiale, Pace in Bici 2014","og_description":"Foto di Beati i costruttori di pace 1914-2014 - A 100 anni dalla prima guerra mondiale: abbiamo sperimentato il tempo della guerra, \u00e8 ora di provare a","og_url":"https:\/\/www.pressenza.com\/it\/2014\/07\/100-anni-dalla-prima-guerra-mondiale-pace-bici-2014\/","og_site_name":"Pressenza","article_publisher":"https:\/\/www.facebook.com\/PressenzaItalia","article_author":"https:\/\/www.facebook.com\/PressenzaItalia","article_published_time":"2014-07-04T08:04:34+00:00","og_image":[{"url":"https:\/\/www.pressenza.com\/wp-content\/uploads\/2014\/07\/944562_361259720670476_2040587597_n-600x589.jpg","type":"","width":"","height":""}],"author":"Redazione Italia","twitter_card":"summary_large_image","twitter_creator":"@pressenza_it","twitter_site":"@PressenzaIPA","twitter_misc":{"Scritto da":"Redazione Italia","Tempo di lettura stimato":"4 minuti"},"schema":{"@context":"https:\/\/schema.org","@graph":[{"@type":"Article","@id":"https:\/\/www.pressenza.com\/it\/2014\/07\/100-anni-dalla-prima-guerra-mondiale-pace-bici-2014\/#article","isPartOf":{"@id":"https:\/\/www.pressenza.com\/it\/2014\/07\/100-anni-dalla-prima-guerra-mondiale-pace-bici-2014\/"},"author":{"name":"Redazione Italia","@id":"https:\/\/www.pressenza.com\/it\/#\/schema\/person\/d983e81827ae24f2c7b1a2123d197f8d"},"headline":"A 100 anni dalla Prima Guerra Mondiale, Pace in Bici 2014","datePublished":"2014-07-04T08:04:34+00:00","mainEntityOfPage":{"@id":"https:\/\/www.pressenza.com\/it\/2014\/07\/100-anni-dalla-prima-guerra-mondiale-pace-bici-2014\/"},"wordCount":820,"publisher":{"@id":"https:\/\/www.pressenza.com\/it\/#organization"},"image":{"@id":"https:\/\/www.pressenza.com\/it\/2014\/07\/100-anni-dalla-prima-guerra-mondiale-pace-bici-2014\/#primaryimage"},"thumbnailUrl":"https:\/\/www.pressenza.com\/wp-content\/uploads\/2014\/07\/944562_361259720670476_2040587597_n-600x589.jpg","keywords":["disarmo","Pace","pace in bici 2014","Prima Guerra Mondiale"],"articleSection":["Comunicati Stampa","Internazionale","Nonviolenza","Pace e Disarmo"],"inLanguage":"it-IT"},{"@type":"WebPage","@id":"https:\/\/www.pressenza.com\/it\/2014\/07\/100-anni-dalla-prima-guerra-mondiale-pace-bici-2014\/","url":"https:\/\/www.pressenza.com\/it\/2014\/07\/100-anni-dalla-prima-guerra-mondiale-pace-bici-2014\/","name":"A 100 anni dalla Prima Guerra Mondiale, Pace in Bici 2014","isPartOf":{"@id":"https:\/\/www.pressenza.com\/it\/#website"},"primaryImageOfPage":{"@id":"https:\/\/www.pressenza.com\/it\/2014\/07\/100-anni-dalla-prima-guerra-mondiale-pace-bici-2014\/#primaryimage"},"image":{"@id":"https:\/\/www.pressenza.com\/it\/2014\/07\/100-anni-dalla-prima-guerra-mondiale-pace-bici-2014\/#primaryimage"},"thumbnailUrl":"https:\/\/www.pressenza.com\/wp-content\/uploads\/2014\/07\/944562_361259720670476_2040587597_n-600x589.jpg","datePublished":"2014-07-04T08:04:34+00:00","description":"Foto di Beati i costruttori di pace 1914-2014 - A 100 anni dalla prima guerra mondiale: abbiamo sperimentato il tempo della guerra, \u00e8 ora di provare a","breadcrumb":{"@id":"https:\/\/www.pressenza.com\/it\/2014\/07\/100-anni-dalla-prima-guerra-mondiale-pace-bici-2014\/#breadcrumb"},"inLanguage":"it-IT","potentialAction":[{"@type":"ReadAction","target":["https:\/\/www.pressenza.com\/it\/2014\/07\/100-anni-dalla-prima-guerra-mondiale-pace-bici-2014\/"]}]},{"@type":"ImageObject","inLanguage":"it-IT","@id":"https:\/\/www.pressenza.com\/it\/2014\/07\/100-anni-dalla-prima-guerra-mondiale-pace-bici-2014\/#primaryimage","url":"https:\/\/www.pressenza.com\/wp-content\/uploads\/2014\/07\/944562_361259720670476_2040587597_n-600x589.jpg","contentUrl":"https:\/\/www.pressenza.com\/wp-content\/uploads\/2014\/07\/944562_361259720670476_2040587597_n-600x589.jpg"},{"@type":"BreadcrumbList","@id":"https:\/\/www.pressenza.com\/it\/2014\/07\/100-anni-dalla-prima-guerra-mondiale-pace-bici-2014\/#breadcrumb","itemListElement":[{"@type":"ListItem","position":1,"name":"Accueil","item":"https:\/\/www.pressenza.com\/it\/"},{"@type":"ListItem","position":2,"name":"A 100 anni dalla Prima Guerra Mondiale, Pace in Bici 2014"}]},{"@type":"WebSite","@id":"https:\/\/www.pressenza.com\/it\/#website","url":"https:\/\/www.pressenza.com\/it\/","name":"Pressenza","description":"Agenzia di Stampa Internazionale","publisher":{"@id":"https:\/\/www.pressenza.com\/it\/#organization"},"potentialAction":[{"@type":"SearchAction","target":{"@type":"EntryPoint","urlTemplate":"https:\/\/www.pressenza.com\/it\/?s={search_term_string}"},"query-input":{"@type":"PropertyValueSpecification","valueRequired":true,"valueName":"search_term_string"}}],"inLanguage":"it-IT"},{"@type":"Organization","@id":"https:\/\/www.pressenza.com\/it\/#organization","name":"Pressenza","url":"https:\/\/www.pressenza.com\/it\/","logo":{"@type":"ImageObject","inLanguage":"it-IT","@id":"https:\/\/www.pressenza.com\/it\/#\/schema\/logo\/image\/","url":"https:\/\/www.pressenza.com\/wp-content\/uploads\/2022\/10\/pressenza_logo_200x200.jpg","contentUrl":"https:\/\/www.pressenza.com\/wp-content\/uploads\/2022\/10\/pressenza_logo_200x200.jpg","width":200,"height":200,"caption":"Pressenza"},"image":{"@id":"https:\/\/www.pressenza.com\/it\/#\/schema\/logo\/image\/"},"sameAs":["https:\/\/www.facebook.com\/PressenzaItalia","https:\/\/x.com\/PressenzaIPA"]},{"@type":"Person","@id":"https:\/\/www.pressenza.com\/it\/#\/schema\/person\/d983e81827ae24f2c7b1a2123d197f8d","name":"Redazione Italia","description":"News from the Pressenza Bureau in Italy","sameAs":["https:\/\/www.pressenza.com\/it\/author\/redazione-italia\/","https:\/\/www.facebook.com\/PressenzaItalia","https:\/\/www.instagram.com\/pressenza_italia\/","https:\/\/x.com\/pressenza_it","https:\/\/www.youtube.com\/channel\/UCSalEIWjE1RSxkwjfftFuqg"],"url":"https:\/\/www.pressenza.com\/it\/author\/redazione-italia\/"}]}},"place":"","original_article_url":"","_links":{"self":[{"href":"https:\/\/www.pressenza.com\/it\/wp-json\/wp\/v2\/posts\/116952","targetHints":{"allow":["GET"]}}],"collection":[{"href":"https:\/\/www.pressenza.com\/it\/wp-json\/wp\/v2\/posts"}],"about":[{"href":"https:\/\/www.pressenza.com\/it\/wp-json\/wp\/v2\/types\/post"}],"author":[{"embeddable":true,"href":"https:\/\/www.pressenza.com\/it\/wp-json\/wp\/v2\/users\/594"}],"replies":[{"embeddable":true,"href":"https:\/\/www.pressenza.com\/it\/wp-json\/wp\/v2\/comments?post=116952"}],"version-history":[{"count":0,"href":"https:\/\/www.pressenza.com\/it\/wp-json\/wp\/v2\/posts\/116952\/revisions"}],"wp:attachment":[{"href":"https:\/\/www.pressenza.com\/it\/wp-json\/wp\/v2\/media?parent=116952"}],"wp:term":[{"taxonomy":"category","embeddable":true,"href":"https:\/\/www.pressenza.com\/it\/wp-json\/wp\/v2\/categories?post=116952"},{"taxonomy":"post_tag","embeddable":true,"href":"https:\/\/www.pressenza.com\/it\/wp-json\/wp\/v2\/tags?post=116952"}],"curies":[{"name":"wp","href":"https:\/\/api.w.org\/{rel}","templated":true}]}}